{"id":2310,"date":"2023-04-18T19:40:55","date_gmt":"2023-04-18T17:40:55","guid":{"rendered":"https:\/\/radiolitoral.com\/?p=2310"},"modified":"2023-04-18T19:43:01","modified_gmt":"2023-04-18T17:43:01","slug":"obert-el-termini-per-votar-per-correu","status":"publish","type":"post","link":"https:\/\/radiolitoral.com\/ca\/2023\/04\/abierto-el-plazo-para-votar-por-correo\/","title":{"rendered":"Obert el termini per votar per correu"},"content":{"rendered":"<p>Ja estem amb la mirada posada el 28 de maig, dia en qu\u00e8 els ciutadans estem convocats a exercir el nostre dret al vot. Per aix\u00f2 els volem informar que <strong>ja es pot sol\u00b7licitar el vot per correu per a les eleccions tant auton\u00f2miques com a municipals.<\/strong><\/p>\n<p><strong>La sol\u00b7licitud es pot fer fins al dia 18 de maig de forma telem\u00e0tica a la web de Correus, <a href=\"http:\/\/www.correos.es\/?fbclid=IwAR1t6j9KjM6DeEmIXXJ0rz2cO3r6pMoJ1ma1hpG1itbzLTv0wRliwmUy4CI\">www.correos.es<\/a>, o tamb\u00e9 presencialment a qualsevol oficina postal.<\/strong><\/p>\n<p>Aquest sistema est\u00e0 disponible especialment per a aquelles persones que per motius personals o laborals no puguin acudir al col\u00b7legi electoral el dia de la votaci\u00f3.<\/p>\n<p>Per sol\u00b7licitar el vot per correu cal presentar el DNI o qualsevol altre document que acrediti la nostra identitat. Un cop realitzada la sol\u00b7licitud, es rebr\u00e0 al domicili indicat una documentaci\u00f3 amb la papereta de vot i un sobre per introduir-la. L&#039;elector haur\u00e0 d&#039;emplenar la papereta i introduir-la al sobre de votaci\u00f3, que haur\u00e0 de ser enviat per correu certificat al col\u00b7legi electoral corresponent abans del dia de les eleccions i segons els terminis marcats.<\/p>\n<p>Recordar que el dret al vot \u00e9s un dret fonamental en una societat democr\u00e0tica, per la qual cosa s&#039;anima tots els ciutadans a exercir-lo i participar activament a les eleccions municipals i auton\u00f2miques del proper 28 de maig.<\/p>","protected":false},"excerpt":{"rendered":"<p>Ya estamos con la mirada puesta en el 28 de mayo, d\u00eda en el que los ciudadanos estamos convocados a ejercer nuestro derecho al voto. Por eso les queremos informar de que ya se puede solicitar el voto por correo para las elecciones tanto auton\u00f3micas como municipales. La solicitud puede realizarse hasta el d\u00eda 18 [&#8230;]<\/p>\n<p><a class=\"btn btn-secondary understrap-read-more-link\" href=\"https:\/\/radiolitoral.com\/ca\/2023\/04\/abierto-el-plazo-para-votar-por-correo\/\">Continua llegint&#8230;<span class=\"screen-reader-text\"> from Abierto el plazo para votar por correo<\/span><\/a><\/p>\n","protected":false},"author":13,"featured_media":2311,"comment_status":"open","ping_status":"closed","sticky":false,"template":"","format":"standard","meta":{"_acf_changed":false,"inline_featured_image":false,"footnotes":""},"categories":[85],"tags":[161,556,555],"class_list":["post-2310","post","type-post","status-publish","format-standard","has-post-thumbnail","hentry","category-servicios-publicos","tag-elecciones-2023","tag-voto","tag-voto-correos"],"acf":[],"yoast_head":"<!-- This site is optimized with the Yoast SEO plugin v27.5 - https:\/\/yoast.com\/product\/yoast-seo-wordpress\/ -->\n<title>Abierto el plazo para votar por correo | R\u00e0dio Litoral<\/title>\n<meta name=\"description\" content=\"La solicitud puede realizarse hasta el d\u00eda 18 de mayo en la web www.correos.es o tambi\u00e9n\u00a0presencialmente en cualquier oficina La solicitud puede realizarse hasta el d\u00eda 18 de mayo en la web www.correos.es o tambi\u00e9n\u00a0presencialmente en cualquier oficina\" \/>\n<meta name=\"robots\" content=\"index, follow, max-snippet:-1, max-image-preview:large, max-video-preview:-1\" \/>\n<link rel=\"canonical\" href=\"https:\/\/radiolitoral.com\/ca\/2023\/04\/obert-el-termini-per-votar-per-correu\/\" \/>\n<meta property=\"og:locale\" content=\"ca_ES\" \/>\n<meta property=\"og:type\" content=\"article\" \/>\n<meta property=\"og:title\" content=\"Abierto el plazo para votar por correo | R\u00e0dio Litoral\" \/>\n<meta property=\"og:description\" content=\"La solicitud puede realizarse hasta el d\u00eda 18 de mayo en la web www.correos.es o tambi\u00e9n\u00a0presencialmente en cualquier oficina La solicitud puede realizarse hasta el d\u00eda 18 de mayo en la web www.correos.es o tambi\u00e9n\u00a0presencialmente en cualquier oficina\" \/>\n<meta property=\"og:url\" content=\"https:\/\/radiolitoral.com\/ca\/2023\/04\/obert-el-termini-per-votar-per-correu\/\" \/>\n<meta property=\"og:site_name\" content=\"R\u00e0dio Litoral\" \/>\n<meta property=\"article:publisher\" content=\"https:\/\/www.facebook.com\/Laradiolitoral\/\" \/>\n<meta property=\"article:published_time\" content=\"2023-04-18T17:40:55+00:00\" \/>\n<meta property=\"article:modified_time\" content=\"2023-04-18T17:43:01+00:00\" \/>\n<meta property=\"og:image\" content=\"https:\/\/media.radiolitoral.com\/wp-content\/uploads\/2023\/04\/18194013\/Oficina.jpg\" \/>\n\t<meta property=\"og:image:width\" content=\"1300\" \/>\n\t<meta property=\"og:image:height\" content=\"975\" \/>\n\t<meta property=\"og:image:type\" content=\"image\/jpeg\" \/>\n<meta name=\"author\" content=\"Redacci\u00f3n\" \/>\n<meta name=\"twitter:card\" content=\"summary_large_image\" \/>\n<meta name=\"twitter:label1\" content=\"Escrit per\" \/>\n\t<meta name=\"twitter:data1\" content=\"Redacci\u00f3n\" \/>\n\t<meta name=\"twitter:label2\" content=\"Temps estimat de lectura\" \/>\n\t<meta name=\"twitter:data2\" content=\"1 minut\" \/>\n<script type=\"application\/ld+json\" class=\"yoast-schema-graph\">{\"@context\":\"https:\\\/\\\/schema.org\",\"@graph\":[{\"@type\":\"NewsArticle\",\"@id\":\"https:\\\/\\\/radiolitoral.com\\\/2023\\\/04\\\/abierto-el-plazo-para-votar-por-correo\\\/#article\",\"isPartOf\":{\"@id\":\"https:\\\/\\\/radiolitoral.com\\\/2023\\\/04\\\/abierto-el-plazo-para-votar-por-correo\\\/\"},\"author\":{\"name\":\"Redacci\u00f3n\",\"@id\":\"https:\\\/\\\/radiolitoral.com\\\/#\\\/schema\\\/person\\\/f2b2343c49b5d721857cc1002bfdb151\"},\"headline\":\"Abierto el plazo para votar por correo\",\"datePublished\":\"2023-04-18T17:40:55+00:00\",\"dateModified\":\"2023-04-18T17:43:01+00:00\",\"mainEntityOfPage\":{\"@id\":\"https:\\\/\\\/radiolitoral.com\\\/2023\\\/04\\\/abierto-el-plazo-para-votar-por-correo\\\/\"},\"wordCount\":235,\"commentCount\":0,\"publisher\":{\"@id\":\"https:\\\/\\\/radiolitoral.com\\\/#organization\"},\"image\":{\"@id\":\"https:\\\/\\\/radiolitoral.com\\\/2023\\\/04\\\/abierto-el-plazo-para-votar-por-correo\\\/#primaryimage\"},\"thumbnailUrl\":\"https:\\\/\\\/media.radiolitoral.com\\\/wp-content\\\/uploads\\\/2023\\\/04\\\/18194013\\\/Oficina.jpg\",\"keywords\":[\"elecciones 2023\",\"voto\",\"voto correos\"],\"articleSection\":[\"Servicios P\u00fablicos\"],\"inLanguage\":\"ca\",\"potentialAction\":[{\"@type\":\"CommentAction\",\"name\":\"Comment\",\"target\":[\"https:\\\/\\\/radiolitoral.com\\\/2023\\\/04\\\/abierto-el-plazo-para-votar-por-correo\\\/#respond\"]}]},{\"@type\":[\"WebPage\",\"ItemPage\"],\"@id\":\"https:\\\/\\\/radiolitoral.com\\\/2023\\\/04\\\/abierto-el-plazo-para-votar-por-correo\\\/\",\"url\":\"https:\\\/\\\/radiolitoral.com\\\/2023\\\/04\\\/abierto-el-plazo-para-votar-por-correo\\\/\",\"name\":\"Abierto el plazo para votar por correo | R\u00e0dio Litoral\",\"isPartOf\":{\"@id\":\"https:\\\/\\\/radiolitoral.com\\\/#website\"},\"primaryImageOfPage\":{\"@id\":\"https:\\\/\\\/radiolitoral.com\\\/2023\\\/04\\\/abierto-el-plazo-para-votar-por-correo\\\/#primaryimage\"},\"image\":{\"@id\":\"https:\\\/\\\/radiolitoral.com\\\/2023\\\/04\\\/abierto-el-plazo-para-votar-por-correo\\\/#primaryimage\"},\"thumbnailUrl\":\"https:\\\/\\\/media.radiolitoral.com\\\/wp-content\\\/uploads\\\/2023\\\/04\\\/18194013\\\/Oficina.jpg\",\"datePublished\":\"2023-04-18T17:40:55+00:00\",\"dateModified\":\"2023-04-18T17:43:01+00:00\",\"description\":\"La solicitud puede realizarse hasta el d\u00eda 18 de mayo en la web www.correos.es o tambi\u00e9n\u00a0presencialmente en cualquier oficina La solicitud puede realizarse hasta el d\u00eda 18 de mayo en la web www.correos.es o tambi\u00e9n\u00a0presencialmente en cualquier oficina\",\"breadcrumb\":{\"@id\":\"https:\\\/\\\/radiolitoral.com\\\/2023\\\/04\\\/abierto-el-plazo-para-votar-por-correo\\\/#breadcrumb\"},\"inLanguage\":\"ca\",\"potentialAction\":[{\"@type\":\"ReadAction\",\"target\":[\"https:\\\/\\\/radiolitoral.com\\\/2023\\\/04\\\/abierto-el-plazo-para-votar-por-correo\\\/\"]}]},{\"@type\":\"ImageObject\",\"inLanguage\":\"ca\",\"@id\":\"https:\\\/\\\/radiolitoral.com\\\/2023\\\/04\\\/abierto-el-plazo-para-votar-por-correo\\\/#primaryimage\",\"url\":\"https:\\\/\\\/media.radiolitoral.com\\\/wp-content\\\/uploads\\\/2023\\\/04\\\/18194013\\\/Oficina.jpg\",\"contentUrl\":\"https:\\\/\\\/media.radiolitoral.com\\\/wp-content\\\/uploads\\\/2023\\\/04\\\/18194013\\\/Oficina.jpg\",\"width\":1300,\"height\":975},{\"@type\":\"BreadcrumbList\",\"@id\":\"https:\\\/\\\/radiolitoral.com\\\/2023\\\/04\\\/abierto-el-plazo-para-votar-por-correo\\\/#breadcrumb\",\"itemListElement\":[{\"@type\":\"ListItem\",\"position\":1,\"name\":\"Portada\",\"item\":\"https:\\\/\\\/radiolitoral.com\\\/\"},{\"@type\":\"ListItem\",\"position\":2,\"name\":\"Abierto el plazo para votar por correo\"}]},{\"@type\":\"WebSite\",\"@id\":\"https:\\\/\\\/radiolitoral.com\\\/#website\",\"url\":\"https:\\\/\\\/radiolitoral.com\\\/\",\"name\":\"Radio Litoral\",\"description\":\"La radio local de la Marina Alta\",\"publisher\":{\"@id\":\"https:\\\/\\\/radiolitoral.com\\\/#organization\"},\"alternateName\":\"Litoral FM\",\"potentialAction\":[{\"@type\":\"SearchAction\",\"target\":{\"@type\":\"EntryPoint\",\"urlTemplate\":\"https:\\\/\\\/radiolitoral.com\\\/?s={search_term_string}\"},\"query-input\":{\"@type\":\"PropertyValueSpecification\",\"valueRequired\":true,\"valueName\":\"search_term_string\"}}],\"inLanguage\":\"ca\"},{\"@type\":\"Organization\",\"@id\":\"https:\\\/\\\/radiolitoral.com\\\/#organization\",\"name\":\"Radio Litoral\",\"url\":\"https:\\\/\\\/radiolitoral.com\\\/\",\"logo\":{\"@type\":\"ImageObject\",\"inLanguage\":\"ca\",\"@id\":\"https:\\\/\\\/radiolitoral.com\\\/#\\\/schema\\\/logo\\\/image\\\/\",\"url\":\"https:\\\/\\\/media.radiolitoral.com\\\/wp-content\\\/uploads\\\/2023\\\/02\\\/24143238\\\/CL-V-RadioLitoral696.png\",\"contentUrl\":\"https:\\\/\\\/media.radiolitoral.com\\\/wp-content\\\/uploads\\\/2023\\\/02\\\/24143238\\\/CL-V-RadioLitoral696.png\",\"width\":696,\"height\":696,\"caption\":\"Radio Litoral\"},\"image\":{\"@id\":\"https:\\\/\\\/radiolitoral.com\\\/#\\\/schema\\\/logo\\\/image\\\/\"},\"sameAs\":[\"https:\\\/\\\/www.facebook.com\\\/Laradiolitoral\\\/\"]},{\"@type\":\"Person\",\"@id\":\"https:\\\/\\\/radiolitoral.com\\\/#\\\/schema\\\/person\\\/f2b2343c49b5d721857cc1002bfdb151\",\"name\":\"Redacci\u00f3n\",\"image\":{\"@type\":\"ImageObject\",\"inLanguage\":\"ca\",\"@id\":\"https:\\\/\\\/secure.gravatar.com\\\/avatar\\\/f771d896c203ad8b3382d7905cfcce5a5c9b008b84b3cd9114e9b9f4cb63f789?s=96&d=mm&r=g\",\"url\":\"https:\\\/\\\/secure.gravatar.com\\\/avatar\\\/f771d896c203ad8b3382d7905cfcce5a5c9b008b84b3cd9114e9b9f4cb63f789?s=96&d=mm&r=g\",\"contentUrl\":\"https:\\\/\\\/secure.gravatar.com\\\/avatar\\\/f771d896c203ad8b3382d7905cfcce5a5c9b008b84b3cd9114e9b9f4cb63f789?s=96&d=mm&r=g\",\"caption\":\"Redacci\u00f3n\"},\"url\":\"https:\\\/\\\/radiolitoral.com\\\/ca\\\/author\\\/miriam-pagan\\\/\"}]}<\/script>\n<!-- \/ Yoast SEO plugin. -->","yoast_head_json":{"title":"Obert el termini per votar per correu | R\u00e0dio Litoral","description":"La sol\u00b7licitud es pot fer fins al dia 18 de maig al web www.correos.es o tamb\u00e9 presencialment a qualsevol oficina La sol\u00b7licitud es pot fer fins al dia 18 de maig al web www.correos.es o tamb\u00e9 presencialment a qualsevol oficina","robots":{"index":"index","follow":"follow","max-snippet":"max-snippet:-1","max-image-preview":"max-image-preview:large","max-video-preview":"max-video-preview:-1"},"canonical":"https:\/\/radiolitoral.com\/ca\/2023\/04\/obert-el-termini-per-votar-per-correu\/","og_locale":"ca_ES","og_type":"article","og_title":"Abierto el plazo para votar por correo | R\u00e0dio Litoral","og_description":"La solicitud puede realizarse hasta el d\u00eda 18 de mayo en la web www.correos.es o tambi\u00e9n\u00a0presencialmente en cualquier oficina La solicitud puede realizarse hasta el d\u00eda 18 de mayo en la web www.correos.es o tambi\u00e9n\u00a0presencialmente en cualquier oficina","og_url":"https:\/\/radiolitoral.com\/ca\/2023\/04\/obert-el-termini-per-votar-per-correu\/","og_site_name":"R\u00e0dio Litoral","article_publisher":"https:\/\/www.facebook.com\/Laradiolitoral\/","article_published_time":"2023-04-18T17:40:55+00:00","article_modified_time":"2023-04-18T17:43:01+00:00","og_image":[{"width":1300,"height":975,"url":"https:\/\/media.radiolitoral.com\/wp-content\/uploads\/2023\/04\/18194013\/Oficina.jpg","type":"image\/jpeg"}],"author":"Redacci\u00f3n","twitter_card":"summary_large_image","twitter_misc":{"Escrit per":"Redacci\u00f3n","Temps estimat de lectura":"1 minut"},"schema":{"@context":"https:\/\/schema.org","@graph":[{"@type":"NewsArticle","@id":"https:\/\/radiolitoral.com\/2023\/04\/abierto-el-plazo-para-votar-por-correo\/#article","isPartOf":{"@id":"https:\/\/radiolitoral.com\/2023\/04\/abierto-el-plazo-para-votar-por-correo\/"},"author":{"name":"Redacci\u00f3n","@id":"https:\/\/radiolitoral.com\/#\/schema\/person\/f2b2343c49b5d721857cc1002bfdb151"},"headline":"Abierto el plazo para votar por correo","datePublished":"2023-04-18T17:40:55+00:00","dateModified":"2023-04-18T17:43:01+00:00","mainEntityOfPage":{"@id":"https:\/\/radiolitoral.com\/2023\/04\/abierto-el-plazo-para-votar-por-correo\/"},"wordCount":235,"commentCount":0,"publisher":{"@id":"https:\/\/radiolitoral.com\/#organization"},"image":{"@id":"https:\/\/radiolitoral.com\/2023\/04\/abierto-el-plazo-para-votar-por-correo\/#primaryimage"},"thumbnailUrl":"https:\/\/media.radiolitoral.com\/wp-content\/uploads\/2023\/04\/18194013\/Oficina.jpg","keywords":["elecciones 2023","voto","voto correos"],"articleSection":["Servicios P\u00fablicos"],"inLanguage":"ca","potentialAction":[{"@type":"CommentAction","name":"Comment","target":["https:\/\/radiolitoral.com\/2023\/04\/abierto-el-plazo-para-votar-por-correo\/#respond"]}]},{"@type":["WebPage","ItemPage"],"@id":"https:\/\/radiolitoral.com\/2023\/04\/abierto-el-plazo-para-votar-por-correo\/","url":"https:\/\/radiolitoral.com\/2023\/04\/abierto-el-plazo-para-votar-por-correo\/","name":"Obert el termini per votar per correu | R\u00e0dio Litoral","isPartOf":{"@id":"https:\/\/radiolitoral.com\/#website"},"primaryImageOfPage":{"@id":"https:\/\/radiolitoral.com\/2023\/04\/abierto-el-plazo-para-votar-por-correo\/#primaryimage"},"image":{"@id":"https:\/\/radiolitoral.com\/2023\/04\/abierto-el-plazo-para-votar-por-correo\/#primaryimage"},"thumbnailUrl":"https:\/\/media.radiolitoral.com\/wp-content\/uploads\/2023\/04\/18194013\/Oficina.jpg","datePublished":"2023-04-18T17:40:55+00:00","dateModified":"2023-04-18T17:43:01+00:00","description":"La sol\u00b7licitud es pot fer fins al dia 18 de maig al web www.correos.es o tamb\u00e9 presencialment a qualsevol oficina La sol\u00b7licitud es pot fer fins al dia 18 de maig al web www.correos.es o tamb\u00e9 presencialment a qualsevol oficina","breadcrumb":{"@id":"https:\/\/radiolitoral.com\/2023\/04\/abierto-el-plazo-para-votar-por-correo\/#breadcrumb"},"inLanguage":"ca","potentialAction":[{"@type":"ReadAction","target":["https:\/\/radiolitoral.com\/2023\/04\/abierto-el-plazo-para-votar-por-correo\/"]}]},{"@type":"ImageObject","inLanguage":"ca","@id":"https:\/\/radiolitoral.com\/2023\/04\/abierto-el-plazo-para-votar-por-correo\/#primaryimage","url":"https:\/\/media.radiolitoral.com\/wp-content\/uploads\/2023\/04\/18194013\/Oficina.jpg","contentUrl":"https:\/\/media.radiolitoral.com\/wp-content\/uploads\/2023\/04\/18194013\/Oficina.jpg","width":1300,"height":975},{"@type":"BreadcrumbList","@id":"https:\/\/radiolitoral.com\/2023\/04\/abierto-el-plazo-para-votar-por-correo\/#breadcrumb","itemListElement":[{"@type":"ListItem","position":1,"name":"Portada","item":"https:\/\/radiolitoral.com\/"},{"@type":"ListItem","position":2,"name":"Abierto el plazo para votar por correo"}]},{"@type":"WebSite","@id":"https:\/\/radiolitoral.com\/#website","url":"https:\/\/radiolitoral.com\/","name":"R\u00e0dio Litoral","description":"La r\u00e0dio local de la Marina Alta","publisher":{"@id":"https:\/\/radiolitoral.com\/#organization"},"alternateName":"Litoral FM","potentialAction":[{"@type":"SearchAction","target":{"@type":"EntryPoint","urlTemplate":"https:\/\/radiolitoral.com\/?s={search_term_string}"},"query-input":{"@type":"PropertyValueSpecification","valueRequired":true,"valueName":"search_term_string"}}],"inLanguage":"ca"},{"@type":"Organization","@id":"https:\/\/radiolitoral.com\/#organization","name":"R\u00e0dio Litoral","url":"https:\/\/radiolitoral.com\/","logo":{"@type":"ImageObject","inLanguage":"ca","@id":"https:\/\/radiolitoral.com\/#\/schema\/logo\/image\/","url":"https:\/\/media.radiolitoral.com\/wp-content\/uploads\/2023\/02\/24143238\/CL-V-RadioLitoral696.png","contentUrl":"https:\/\/media.radiolitoral.com\/wp-content\/uploads\/2023\/02\/24143238\/CL-V-RadioLitoral696.png","width":696,"height":696,"caption":"Radio Litoral"},"image":{"@id":"https:\/\/radiolitoral.com\/#\/schema\/logo\/image\/"},"sameAs":["https:\/\/www.facebook.com\/Laradiolitoral\/"]},{"@type":"Person","@id":"https:\/\/radiolitoral.com\/#\/schema\/person\/f2b2343c49b5d721857cc1002bfdb151","name":"Redacci\u00f3","image":{"@type":"ImageObject","inLanguage":"ca","@id":"https:\/\/secure.gravatar.com\/avatar\/f771d896c203ad8b3382d7905cfcce5a5c9b008b84b3cd9114e9b9f4cb63f789?s=96&d=mm&r=g","url":"https:\/\/secure.gravatar.com\/avatar\/f771d896c203ad8b3382d7905cfcce5a5c9b008b84b3cd9114e9b9f4cb63f789?s=96&d=mm&r=g","contentUrl":"https:\/\/secure.gravatar.com\/avatar\/f771d896c203ad8b3382d7905cfcce5a5c9b008b84b3cd9114e9b9f4cb63f789?s=96&d=mm&r=g","caption":"Redacci\u00f3n"},"url":"https:\/\/radiolitoral.com\/ca\/author\/miriam-pagan\/"}]}},"_links":{"self":[{"href":"https:\/\/radiolitoral.com\/ca\/wp-json\/wp\/v2\/posts\/2310","targetHints":{"allow":["GET"]}}],"collection":[{"href":"https:\/\/radiolitoral.com\/ca\/wp-json\/wp\/v2\/posts"}],"about":[{"href":"https:\/\/radiolitoral.com\/ca\/wp-json\/wp\/v2\/types\/post"}],"author":[{"embeddable":true,"href":"https:\/\/radiolitoral.com\/ca\/wp-json\/wp\/v2\/users\/13"}],"replies":[{"embeddable":true,"href":"https:\/\/radiolitoral.com\/ca\/wp-json\/wp\/v2\/comments?post=2310"}],"version-history":[{"count":2,"href":"https:\/\/radiolitoral.com\/ca\/wp-json\/wp\/v2\/posts\/2310\/revisions"}],"predecessor-version":[{"id":2314,"href":"https:\/\/radiolitoral.com\/ca\/wp-json\/wp\/v2\/posts\/2310\/revisions\/2314"}],"wp:featuredmedia":[{"embeddable":true,"href":"https:\/\/radiolitoral.com\/ca\/wp-json\/wp\/v2\/media\/2311"}],"wp:attachment":[{"href":"https:\/\/radiolitoral.com\/ca\/wp-json\/wp\/v2\/media?parent=2310"}],"wp:term":[{"taxonomy":"category","embeddable":true,"href":"https:\/\/radiolitoral.com\/ca\/wp-json\/wp\/v2\/categories?post=2310"},{"taxonomy":"post_tag","embeddable":true,"href":"https:\/\/radiolitoral.com\/ca\/wp-json\/wp\/v2\/tags?post=2310"}],"curies":[{"name":"wp","href":"https:\/\/api.w.org\/{rel}","templated":true}]}}