{"id":2300,"date":"2023-04-17T23:37:54","date_gmt":"2023-04-17T21:37:54","guid":{"rendered":"https:\/\/radiolitoral.com\/?p=2300"},"modified":"2023-04-17T23:45:57","modified_gmt":"2023-04-17T21:45:57","slug":"el-mitjafava-fest-de-benitatxell-acull-les-jornades-gastronomiques-de-la-fava","status":"publish","type":"post","link":"https:\/\/radiolitoral.com\/ca\/2023\/04\/el-mitjafava-fest-de-benitatxell-acoge-las-jornades-gastronomiques-de-la-fava\/","title":{"rendered":"El Mitjafava Fest de Benitatxell acull les Jornades Gastron\u00f2miques de la Fava"},"content":{"rendered":"<p><strong>Des del dilluns 17 d&#039;abril i fins el proper diumenge 23, dins la programaci\u00f3 del Mitjafava Fest, el Poble Nou de Benitatxell acull les Jornades Gastron\u00f2miques de la Fava.<\/strong><\/p>\n<p>Una cita amb la bona feina entre fogons dels restauradors locals, amb propostes culin\u00e0ries que coincideixen a donar m\u00e0xim protagonisme a un ingredient fonamental: la fava poblera.<\/p>\n<p>Al llarg d&#039;aquesta setmana, cada dia, un restaurant del municipi oferir\u00e0 un plat d&#039;arr\u00f2s suculent amb fava a l&#039;hora de dinar. Avui ha estat el torn de la Pizzeria Antiquary, dem\u00e0 toca al restaurant El Raconet de Celeste dimecres, al restaurant La Cumbre, el 20 d&#039;abril al bar La Trillaora i el 21 d&#039;abril a Ca Toni M\u00f2nica.<\/p>\n<p>Recordeu que cal reservar taula.<\/p>\n<p><strong>\u00a0Mayte Roldan \u00e9s la regidora de Festes a l&#039;Ajuntament del Poble Nou:<\/strong><\/p>\n<p><strong>\u00a0<\/strong><\/p>\n<audio class=\"wp-audio-shortcode\" id=\"audio-2300-1\" preload=\"none\" style=\"width: 100%;\" controls=\"controls\"><source type=\"audio\/mpeg\" src=\"https:\/\/media.radiolitoral.com\/wp-content\/uploads\/2023\/04\/17232952\/Mayte-Roldan-1-1.mp3?_=1\" \/><a href=\"https:\/\/media.radiolitoral.com\/wp-content\/uploads\/2023\/04\/17232952\/Mayte-Roldan-1-1.mp3\">https:\/\/media.radiolitoral.com\/wp-content\/uploads\/2023\/04\/17232952\/Mayte-Roldan-1-1.mp3<\/a><\/audio>","protected":false},"excerpt":{"rendered":"<p>Desde el lunes 17 de abril y hasta el pr\u00f3ximo domingo 23, dentro de la programaci\u00f3n del Mitjafava Fest, El Poble Nou de Benitatxell acoge les Jornades Gastron\u00f2miques de la Fava. Una cita con el buen hacer entre fogones de los restauradores locales, con propuestas culinarias que coinciden en dar m\u00e1ximo protagonismo a un ingrediente [&#8230;]<\/p>\n<p><a class=\"btn btn-secondary understrap-read-more-link\" href=\"https:\/\/radiolitoral.com\/ca\/2023\/04\/el-mitjafava-fest-de-benitatxell-acoge-las-jornades-gastronomiques-de-la-fava\/\">Continua llegint&#8230;<span class=\"screen-reader-text\"> from El Mitjafava Fest de Benitatxell acoge las Jornades Gastron\u00f2miques de la Fava<\/span><\/a><\/p>\n","protected":false},"author":13,"featured_media":2302,"comment_status":"open","ping_status":"closed","sticky":false,"template":"","format":"standard","meta":{"_acf_changed":false,"inline_featured_image":false,"footnotes":""},"categories":[549],"tags":[480,184,554,479],"class_list":["post-2300","post","type-post","status-publish","format-standard","has-post-thumbnail","hentry","category-gastronomia","tag-agenda-benitatxell","tag-benitatxell","tag-jornadas-gastronomicas","tag-mitjafava-fest","cobertura-poble-nou-de-benitatxell"],"acf":[],"yoast_head":"<!-- This site is optimized with the Yoast SEO plugin v27.5 - https:\/\/yoast.com\/product\/yoast-seo-wordpress\/ -->\n<title>El Mitjafava Fest de Benitatxell acoge las Jornades Gastron\u00f2miques de la Fava | R\u00e0dio Litoral<\/title>\n<meta name=\"description\" content=\"A lo largo de esta semana, cada d\u00eda, un restaurant del municipio ofrecer\u00e1 un plato de arroz con haba para comer A lo largo de esta semana, cada d\u00eda, un restaurant del municipio ofrecer\u00e1 un plato de arroz con haba para comer\" \/>\n<meta name=\"robots\" content=\"index, follow, max-snippet:-1, max-image-preview:large, max-video-preview:-1\" \/>\n<link rel=\"canonical\" href=\"https:\/\/radiolitoral.com\/ca\/2023\/04\/el-mitjafava-fest-de-benitatxell-acull-les-jornades-gastronomiques-de-la-fava\/\" \/>\n<meta property=\"og:locale\" content=\"ca_ES\" \/>\n<meta property=\"og:type\" content=\"article\" \/>\n<meta property=\"og:title\" content=\"El Mitjafava Fest de Benitatxell acoge las Jornades Gastron\u00f2miques de la Fava | R\u00e0dio Litoral\" \/>\n<meta property=\"og:description\" content=\"A lo largo de esta semana, cada d\u00eda, un restaurant del municipio ofrecer\u00e1 un plato de arroz con haba para comer A lo largo de esta semana, cada d\u00eda, un restaurant del municipio ofrecer\u00e1 un plato de arroz con haba para comer\" \/>\n<meta property=\"og:url\" content=\"https:\/\/radiolitoral.com\/ca\/2023\/04\/el-mitjafava-fest-de-benitatxell-acull-les-jornades-gastronomiques-de-la-fava\/\" \/>\n<meta property=\"og:site_name\" content=\"R\u00e0dio Litoral\" \/>\n<meta property=\"article:publisher\" content=\"https:\/\/www.facebook.com\/Laradiolitoral\/\" \/>\n<meta property=\"article:published_time\" content=\"2023-04-17T21:37:54+00:00\" \/>\n<meta property=\"article:modified_time\" content=\"2023-04-17T21:45:57+00:00\" \/>\n<meta property=\"og:image\" content=\"https:\/\/media.radiolitoral.com\/wp-content\/uploads\/2023\/04\/17233748\/faves.jpg\" \/>\n\t<meta property=\"og:image:width\" content=\"840\" \/>\n\t<meta property=\"og:image:height\" content=\"560\" \/>\n\t<meta property=\"og:image:type\" content=\"image\/jpeg\" \/>\n<meta name=\"author\" content=\"Redacci\u00f3n\" \/>\n<meta name=\"twitter:card\" content=\"summary_large_image\" \/>\n<meta name=\"twitter:label1\" content=\"Escrit per\" \/>\n\t<meta name=\"twitter:data1\" content=\"Redacci\u00f3n\" \/>\n\t<meta name=\"twitter:label2\" content=\"Temps estimat de lectura\" \/>\n\t<meta name=\"twitter:data2\" content=\"1 minut\" \/>\n<script type=\"application\/ld+json\" class=\"yoast-schema-graph\">{\"@context\":\"https:\\\/\\\/schema.org\",\"@graph\":[{\"@type\":\"NewsArticle\",\"@id\":\"https:\\\/\\\/radiolitoral.com\\\/2023\\\/04\\\/el-mitjafava-fest-de-benitatxell-acoge-las-jornades-gastronomiques-de-la-fava\\\/#article\",\"isPartOf\":{\"@id\":\"https:\\\/\\\/radiolitoral.com\\\/2023\\\/04\\\/el-mitjafava-fest-de-benitatxell-acoge-las-jornades-gastronomiques-de-la-fava\\\/\"},\"author\":{\"name\":\"Redacci\u00f3n\",\"@id\":\"https:\\\/\\\/radiolitoral.com\\\/#\\\/schema\\\/person\\\/f2b2343c49b5d721857cc1002bfdb151\"},\"headline\":\"El Mitjafava Fest de Benitatxell acoge las Jornades Gastron\u00f2miques de la Fava\",\"datePublished\":\"2023-04-17T21:37:54+00:00\",\"dateModified\":\"2023-04-17T21:45:57+00:00\",\"mainEntityOfPage\":{\"@id\":\"https:\\\/\\\/radiolitoral.com\\\/2023\\\/04\\\/el-mitjafava-fest-de-benitatxell-acoge-las-jornades-gastronomiques-de-la-fava\\\/\"},\"wordCount\":174,\"commentCount\":0,\"publisher\":{\"@id\":\"https:\\\/\\\/radiolitoral.com\\\/#organization\"},\"image\":{\"@id\":\"https:\\\/\\\/radiolitoral.com\\\/2023\\\/04\\\/el-mitjafava-fest-de-benitatxell-acoge-las-jornades-gastronomiques-de-la-fava\\\/#primaryimage\"},\"thumbnailUrl\":\"https:\\\/\\\/media.radiolitoral.com\\\/wp-content\\\/uploads\\\/2023\\\/04\\\/17233748\\\/faves.jpg\",\"keywords\":[\"agenda Benitatxell\",\"Benitatxell\",\"jornadas gastron\u00f3micas\",\"Mitjafava Fest\"],\"articleSection\":[\"Gastronom\u00eda\"],\"inLanguage\":\"ca\",\"potentialAction\":[{\"@type\":\"CommentAction\",\"name\":\"Comment\",\"target\":[\"https:\\\/\\\/radiolitoral.com\\\/2023\\\/04\\\/el-mitjafava-fest-de-benitatxell-acoge-las-jornades-gastronomiques-de-la-fava\\\/#respond\"]}]},{\"@type\":[\"WebPage\",\"ItemPage\"],\"@id\":\"https:\\\/\\\/radiolitoral.com\\\/2023\\\/04\\\/el-mitjafava-fest-de-benitatxell-acoge-las-jornades-gastronomiques-de-la-fava\\\/\",\"url\":\"https:\\\/\\\/radiolitoral.com\\\/2023\\\/04\\\/el-mitjafava-fest-de-benitatxell-acoge-las-jornades-gastronomiques-de-la-fava\\\/\",\"name\":\"El Mitjafava Fest de Benitatxell acoge las Jornades Gastron\u00f2miques de la Fava | R\u00e0dio Litoral\",\"isPartOf\":{\"@id\":\"https:\\\/\\\/radiolitoral.com\\\/#website\"},\"primaryImageOfPage\":{\"@id\":\"https:\\\/\\\/radiolitoral.com\\\/2023\\\/04\\\/el-mitjafava-fest-de-benitatxell-acoge-las-jornades-gastronomiques-de-la-fava\\\/#primaryimage\"},\"image\":{\"@id\":\"https:\\\/\\\/radiolitoral.com\\\/2023\\\/04\\\/el-mitjafava-fest-de-benitatxell-acoge-las-jornades-gastronomiques-de-la-fava\\\/#primaryimage\"},\"thumbnailUrl\":\"https:\\\/\\\/media.radiolitoral.com\\\/wp-content\\\/uploads\\\/2023\\\/04\\\/17233748\\\/faves.jpg\",\"datePublished\":\"2023-04-17T21:37:54+00:00\",\"dateModified\":\"2023-04-17T21:45:57+00:00\",\"description\":\"A lo largo de esta semana, cada d\u00eda, un restaurant del municipio ofrecer\u00e1 un plato de arroz con haba para comer A lo largo de esta semana, cada d\u00eda, un restaurant del municipio ofrecer\u00e1 un plato de arroz con haba para comer\",\"breadcrumb\":{\"@id\":\"https:\\\/\\\/radiolitoral.com\\\/2023\\\/04\\\/el-mitjafava-fest-de-benitatxell-acoge-las-jornades-gastronomiques-de-la-fava\\\/#breadcrumb\"},\"inLanguage\":\"ca\",\"potentialAction\":[{\"@type\":\"ReadAction\",\"target\":[\"https:\\\/\\\/radiolitoral.com\\\/2023\\\/04\\\/el-mitjafava-fest-de-benitatxell-acoge-las-jornades-gastronomiques-de-la-fava\\\/\"]}]},{\"@type\":\"ImageObject\",\"inLanguage\":\"ca\",\"@id\":\"https:\\\/\\\/radiolitoral.com\\\/2023\\\/04\\\/el-mitjafava-fest-de-benitatxell-acoge-las-jornades-gastronomiques-de-la-fava\\\/#primaryimage\",\"url\":\"https:\\\/\\\/media.radiolitoral.com\\\/wp-content\\\/uploads\\\/2023\\\/04\\\/17233748\\\/faves.jpg\",\"contentUrl\":\"https:\\\/\\\/media.radiolitoral.com\\\/wp-content\\\/uploads\\\/2023\\\/04\\\/17233748\\\/faves.jpg\",\"width\":840,\"height\":560},{\"@type\":\"BreadcrumbList\",\"@id\":\"https:\\\/\\\/radiolitoral.com\\\/2023\\\/04\\\/el-mitjafava-fest-de-benitatxell-acoge-las-jornades-gastronomiques-de-la-fava\\\/#breadcrumb\",\"itemListElement\":[{\"@type\":\"ListItem\",\"position\":1,\"name\":\"Portada\",\"item\":\"https:\\\/\\\/radiolitoral.com\\\/\"},{\"@type\":\"ListItem\",\"position\":2,\"name\":\"El Mitjafava Fest de Benitatxell acoge las Jornades Gastron\u00f2miques de la Fava\"}]},{\"@type\":\"WebSite\",\"@id\":\"https:\\\/\\\/radiolitoral.com\\\/#website\",\"url\":\"https:\\\/\\\/radiolitoral.com\\\/\",\"name\":\"Radio Litoral\",\"description\":\"La radio local de la Marina Alta\",\"publisher\":{\"@id\":\"https:\\\/\\\/radiolitoral.com\\\/#organization\"},\"alternateName\":\"Litoral FM\",\"potentialAction\":[{\"@type\":\"SearchAction\",\"target\":{\"@type\":\"EntryPoint\",\"urlTemplate\":\"https:\\\/\\\/radiolitoral.com\\\/?s={search_term_string}\"},\"query-input\":{\"@type\":\"PropertyValueSpecification\",\"valueRequired\":true,\"valueName\":\"search_term_string\"}}],\"inLanguage\":\"ca\"},{\"@type\":\"Organization\",\"@id\":\"https:\\\/\\\/radiolitoral.com\\\/#organization\",\"name\":\"Radio Litoral\",\"url\":\"https:\\\/\\\/radiolitoral.com\\\/\",\"logo\":{\"@type\":\"ImageObject\",\"inLanguage\":\"ca\",\"@id\":\"https:\\\/\\\/radiolitoral.com\\\/#\\\/schema\\\/logo\\\/image\\\/\",\"url\":\"https:\\\/\\\/media.radiolitoral.com\\\/wp-content\\\/uploads\\\/2023\\\/02\\\/24143238\\\/CL-V-RadioLitoral696.png\",\"contentUrl\":\"https:\\\/\\\/media.radiolitoral.com\\\/wp-content\\\/uploads\\\/2023\\\/02\\\/24143238\\\/CL-V-RadioLitoral696.png\",\"width\":696,\"height\":696,\"caption\":\"Radio Litoral\"},\"image\":{\"@id\":\"https:\\\/\\\/radiolitoral.com\\\/#\\\/schema\\\/logo\\\/image\\\/\"},\"sameAs\":[\"https:\\\/\\\/www.facebook.com\\\/Laradiolitoral\\\/\"]},{\"@type\":\"Person\",\"@id\":\"https:\\\/\\\/radiolitoral.com\\\/#\\\/schema\\\/person\\\/f2b2343c49b5d721857cc1002bfdb151\",\"name\":\"Redacci\u00f3n\",\"image\":{\"@type\":\"ImageObject\",\"inLanguage\":\"ca\",\"@id\":\"https:\\\/\\\/secure.gravatar.com\\\/avatar\\\/f771d896c203ad8b3382d7905cfcce5a5c9b008b84b3cd9114e9b9f4cb63f789?s=96&d=mm&r=g\",\"url\":\"https:\\\/\\\/secure.gravatar.com\\\/avatar\\\/f771d896c203ad8b3382d7905cfcce5a5c9b008b84b3cd9114e9b9f4cb63f789?s=96&d=mm&r=g\",\"contentUrl\":\"https:\\\/\\\/secure.gravatar.com\\\/avatar\\\/f771d896c203ad8b3382d7905cfcce5a5c9b008b84b3cd9114e9b9f4cb63f789?s=96&d=mm&r=g\",\"caption\":\"Redacci\u00f3n\"},\"url\":\"https:\\\/\\\/radiolitoral.com\\\/ca\\\/author\\\/miriam-pagan\\\/\"}]}<\/script>\n<!-- \/ Yoast SEO plugin. -->","yoast_head_json":{"title":"El Mitjafava Fest de Benitatxell acull les Jornades Gastron\u00f2miques de la Fava | R\u00e0dio Litoral","description":"Al llarg d\u00b4aquesta setmana, cada dia, un restaurant del municipi oferir\u00e0 un plat d\u00b4arr\u00f2s amb fava per menjar Al llarg d\u00b4aquesta setmana, cada dia, un restaurant del municipi oferir\u00e0 un plat d\u00b4arr\u00f2s amb fava per menjar","robots":{"index":"index","follow":"follow","max-snippet":"max-snippet:-1","max-image-preview":"max-image-preview:large","max-video-preview":"max-video-preview:-1"},"canonical":"https:\/\/radiolitoral.com\/ca\/2023\/04\/el-mitjafava-fest-de-benitatxell-acull-les-jornades-gastronomiques-de-la-fava\/","og_locale":"ca_ES","og_type":"article","og_title":"El Mitjafava Fest de Benitatxell acoge las Jornades Gastron\u00f2miques de la Fava | R\u00e0dio Litoral","og_description":"A lo largo de esta semana, cada d\u00eda, un restaurant del municipio ofrecer\u00e1 un plato de arroz con haba para comer A lo largo de esta semana, cada d\u00eda, un restaurant del municipio ofrecer\u00e1 un plato de arroz con haba para comer","og_url":"https:\/\/radiolitoral.com\/ca\/2023\/04\/el-mitjafava-fest-de-benitatxell-acull-les-jornades-gastronomiques-de-la-fava\/","og_site_name":"R\u00e0dio Litoral","article_publisher":"https:\/\/www.facebook.com\/Laradiolitoral\/","article_published_time":"2023-04-17T21:37:54+00:00","article_modified_time":"2023-04-17T21:45:57+00:00","og_image":[{"width":840,"height":560,"url":"https:\/\/media.radiolitoral.com\/wp-content\/uploads\/2023\/04\/17233748\/faves.jpg","type":"image\/jpeg"}],"author":"Redacci\u00f3n","twitter_card":"summary_large_image","twitter_misc":{"Escrit per":"Redacci\u00f3n","Temps estimat de lectura":"1 minut"},"schema":{"@context":"https:\/\/schema.org","@graph":[{"@type":"NewsArticle","@id":"https:\/\/radiolitoral.com\/2023\/04\/el-mitjafava-fest-de-benitatxell-acoge-las-jornades-gastronomiques-de-la-fava\/#article","isPartOf":{"@id":"https:\/\/radiolitoral.com\/2023\/04\/el-mitjafava-fest-de-benitatxell-acoge-las-jornades-gastronomiques-de-la-fava\/"},"author":{"name":"Redacci\u00f3n","@id":"https:\/\/radiolitoral.com\/#\/schema\/person\/f2b2343c49b5d721857cc1002bfdb151"},"headline":"El Mitjafava Fest de Benitatxell acoge las Jornades Gastron\u00f2miques de la Fava","datePublished":"2023-04-17T21:37:54+00:00","dateModified":"2023-04-17T21:45:57+00:00","mainEntityOfPage":{"@id":"https:\/\/radiolitoral.com\/2023\/04\/el-mitjafava-fest-de-benitatxell-acoge-las-jornades-gastronomiques-de-la-fava\/"},"wordCount":174,"commentCount":0,"publisher":{"@id":"https:\/\/radiolitoral.com\/#organization"},"image":{"@id":"https:\/\/radiolitoral.com\/2023\/04\/el-mitjafava-fest-de-benitatxell-acoge-las-jornades-gastronomiques-de-la-fava\/#primaryimage"},"thumbnailUrl":"https:\/\/media.radiolitoral.com\/wp-content\/uploads\/2023\/04\/17233748\/faves.jpg","keywords":["agenda Benitatxell","Benitatxell","jornadas gastron\u00f3micas","Mitjafava Fest"],"articleSection":["Gastronom\u00eda"],"inLanguage":"ca","potentialAction":[{"@type":"CommentAction","name":"Comment","target":["https:\/\/radiolitoral.com\/2023\/04\/el-mitjafava-fest-de-benitatxell-acoge-las-jornades-gastronomiques-de-la-fava\/#respond"]}]},{"@type":["WebPage","ItemPage"],"@id":"https:\/\/radiolitoral.com\/2023\/04\/el-mitjafava-fest-de-benitatxell-acoge-las-jornades-gastronomiques-de-la-fava\/","url":"https:\/\/radiolitoral.com\/2023\/04\/el-mitjafava-fest-de-benitatxell-acoge-las-jornades-gastronomiques-de-la-fava\/","name":"El Mitjafava Fest de Benitatxell acull les Jornades Gastron\u00f2miques de la Fava | R\u00e0dio Litoral","isPartOf":{"@id":"https:\/\/radiolitoral.com\/#website"},"primaryImageOfPage":{"@id":"https:\/\/radiolitoral.com\/2023\/04\/el-mitjafava-fest-de-benitatxell-acoge-las-jornades-gastronomiques-de-la-fava\/#primaryimage"},"image":{"@id":"https:\/\/radiolitoral.com\/2023\/04\/el-mitjafava-fest-de-benitatxell-acoge-las-jornades-gastronomiques-de-la-fava\/#primaryimage"},"thumbnailUrl":"https:\/\/media.radiolitoral.com\/wp-content\/uploads\/2023\/04\/17233748\/faves.jpg","datePublished":"2023-04-17T21:37:54+00:00","dateModified":"2023-04-17T21:45:57+00:00","description":"Al llarg d\u00b4aquesta setmana, cada dia, un restaurant del municipi oferir\u00e0 un plat d\u00b4arr\u00f2s amb fava per menjar Al llarg d\u00b4aquesta setmana, cada dia, un restaurant del municipi oferir\u00e0 un plat d\u00b4arr\u00f2s amb fava per menjar","breadcrumb":{"@id":"https:\/\/radiolitoral.com\/2023\/04\/el-mitjafava-fest-de-benitatxell-acoge-las-jornades-gastronomiques-de-la-fava\/#breadcrumb"},"inLanguage":"ca","potentialAction":[{"@type":"ReadAction","target":["https:\/\/radiolitoral.com\/2023\/04\/el-mitjafava-fest-de-benitatxell-acoge-las-jornades-gastronomiques-de-la-fava\/"]}]},{"@type":"ImageObject","inLanguage":"ca","@id":"https:\/\/radiolitoral.com\/2023\/04\/el-mitjafava-fest-de-benitatxell-acoge-las-jornades-gastronomiques-de-la-fava\/#primaryimage","url":"https:\/\/media.radiolitoral.com\/wp-content\/uploads\/2023\/04\/17233748\/faves.jpg","contentUrl":"https:\/\/media.radiolitoral.com\/wp-content\/uploads\/2023\/04\/17233748\/faves.jpg","width":840,"height":560},{"@type":"BreadcrumbList","@id":"https:\/\/radiolitoral.com\/2023\/04\/el-mitjafava-fest-de-benitatxell-acoge-las-jornades-gastronomiques-de-la-fava\/#breadcrumb","itemListElement":[{"@type":"ListItem","position":1,"name":"Portada","item":"https:\/\/radiolitoral.com\/"},{"@type":"ListItem","position":2,"name":"El Mitjafava Fest de Benitatxell acoge las Jornades Gastron\u00f2miques de la Fava"}]},{"@type":"WebSite","@id":"https:\/\/radiolitoral.com\/#website","url":"https:\/\/radiolitoral.com\/","name":"R\u00e0dio Litoral","description":"La r\u00e0dio local de la Marina Alta","publisher":{"@id":"https:\/\/radiolitoral.com\/#organization"},"alternateName":"Litoral FM","potentialAction":[{"@type":"SearchAction","target":{"@type":"EntryPoint","urlTemplate":"https:\/\/radiolitoral.com\/?s={search_term_string}"},"query-input":{"@type":"PropertyValueSpecification","valueRequired":true,"valueName":"search_term_string"}}],"inLanguage":"ca"},{"@type":"Organization","@id":"https:\/\/radiolitoral.com\/#organization","name":"R\u00e0dio Litoral","url":"https:\/\/radiolitoral.com\/","logo":{"@type":"ImageObject","inLanguage":"ca","@id":"https:\/\/radiolitoral.com\/#\/schema\/logo\/image\/","url":"https:\/\/media.radiolitoral.com\/wp-content\/uploads\/2023\/02\/24143238\/CL-V-RadioLitoral696.png","contentUrl":"https:\/\/media.radiolitoral.com\/wp-content\/uploads\/2023\/02\/24143238\/CL-V-RadioLitoral696.png","width":696,"height":696,"caption":"Radio Litoral"},"image":{"@id":"https:\/\/radiolitoral.com\/#\/schema\/logo\/image\/"},"sameAs":["https:\/\/www.facebook.com\/Laradiolitoral\/"]},{"@type":"Person","@id":"https:\/\/radiolitoral.com\/#\/schema\/person\/f2b2343c49b5d721857cc1002bfdb151","name":"Redacci\u00f3","image":{"@type":"ImageObject","inLanguage":"ca","@id":"https:\/\/secure.gravatar.com\/avatar\/f771d896c203ad8b3382d7905cfcce5a5c9b008b84b3cd9114e9b9f4cb63f789?s=96&d=mm&r=g","url":"https:\/\/secure.gravatar.com\/avatar\/f771d896c203ad8b3382d7905cfcce5a5c9b008b84b3cd9114e9b9f4cb63f789?s=96&d=mm&r=g","contentUrl":"https:\/\/secure.gravatar.com\/avatar\/f771d896c203ad8b3382d7905cfcce5a5c9b008b84b3cd9114e9b9f4cb63f789?s=96&d=mm&r=g","caption":"Redacci\u00f3n"},"url":"https:\/\/radiolitoral.com\/ca\/author\/miriam-pagan\/"}]}},"_links":{"self":[{"href":"https:\/\/radiolitoral.com\/ca\/wp-json\/wp\/v2\/posts\/2300","targetHints":{"allow":["GET"]}}],"collection":[{"href":"https:\/\/radiolitoral.com\/ca\/wp-json\/wp\/v2\/posts"}],"about":[{"href":"https:\/\/radiolitoral.com\/ca\/wp-json\/wp\/v2\/types\/post"}],"author":[{"embeddable":true,"href":"https:\/\/radiolitoral.com\/ca\/wp-json\/wp\/v2\/users\/13"}],"replies":[{"embeddable":true,"href":"https:\/\/radiolitoral.com\/ca\/wp-json\/wp\/v2\/comments?post=2300"}],"version-history":[{"count":1,"href":"https:\/\/radiolitoral.com\/ca\/wp-json\/wp\/v2\/posts\/2300\/revisions"}],"predecessor-version":[{"id":2303,"href":"https:\/\/radiolitoral.com\/ca\/wp-json\/wp\/v2\/posts\/2300\/revisions\/2303"}],"wp:featuredmedia":[{"embeddable":true,"href":"https:\/\/radiolitoral.com\/ca\/wp-json\/wp\/v2\/media\/2302"}],"wp:attachment":[{"href":"https:\/\/radiolitoral.com\/ca\/wp-json\/wp\/v2\/media?parent=2300"}],"wp:term":[{"taxonomy":"category","embeddable":true,"href":"https:\/\/radiolitoral.com\/ca\/wp-json\/wp\/v2\/categories?post=2300"},{"taxonomy":"post_tag","embeddable":true,"href":"https:\/\/radiolitoral.com\/ca\/wp-json\/wp\/v2\/tags?post=2300"}],"curies":[{"name":"wp","href":"https:\/\/api.w.org\/{rel}","templated":true}]}}