{"id":2263,"date":"2023-04-17T21:53:52","date_gmt":"2023-04-17T19:53:52","guid":{"rendered":"https:\/\/radiolitoral.com\/?p=2263"},"modified":"2023-04-17T21:55:20","modified_gmt":"2023-04-17T19:55:20","slug":"cessar-sanchez-candidat-pp-calp-vaticina-que-seran-unes-eleccions-molt-dificils-i-complicades","status":"publish","type":"post","link":"https:\/\/radiolitoral.com\/ca\/2023\/04\/cesar-sanchez-candidato-pp-calp-vaticina-que-seran-unas-elecciones-muy-dificiles-y-complicadas\/","title":{"rendered":"C\u00e9sar S\u00e1nchez, candidat PP Calp, vaticina que seran unes eleccions molt dif\u00edcils i complicades"},"content":{"rendered":"<p>Militants i simpatitzants del Partit Popular es van reunir divendres a la tarda per participar en l&#039;obertura del nou <strong>Coffee Electoral del PP a Calp<\/strong>. Un matx que va estar marcat segons apunten fonts del partit per la il\u00b7lusi\u00f3 i les ganes de treballar de cara a la imminent campanya electoral a favor de Calp.<\/p>\n<p>Una cita que va comptar amb m\u00fasica en directe i en qu\u00e8 va tenir especial protagonisme el candidat del PP a l&#039;alcaldia, <strong>C\u00e9sar S\u00e1nchez, que a m\u00e9s va estar abrigallat pels regidors<\/strong> que conformen l&#039;actual equip de Govern i que seguiran a la llista del PP per a les properes eleccions.<\/p>\n<p>En la seva intervenci\u00f3, C\u00e9sar S\u00e1nchez <strong>es va mostrar il\u00b7lusionat i feli\u00e7 amb la tornada a la pol\u00edtica local<\/strong>, alhora que va reafirmar que arriba preparat per tornar a ser l&#039;alcalde de la ciutat del Penyal.<\/p>\n<p>Sobre les eleccions del proper 28 de maig, S\u00e1nchez va vaticinar que seran unes eleccions molt dif\u00edcils i complicades, per\u00f2 que <strong>\u201cel Partit Popular sortir\u00e0 a guanyar per majoria\u201d<\/strong>.<\/p>\n<p>La cita de divendres, va ser el preludi de l&#039;acte que el PP ha programat per al <strong>proper dissabte, 22 d&#039;abril, en qu\u00e8 estaran presents la Secret\u00e0ria General del PP, Cuca Gamarra, i el President del PPCV, Carlos Maz\u00f3n, per presentar oficialment la llista completa del Partit Popular de Calp<\/strong> per a les eleccions del 28 de maig.<\/p>\n<p>&nbsp;<\/p>","protected":false},"excerpt":{"rendered":"<p>Militantes y simpatizantes del Partido Popular se reunieron la tarde del viernes para participar en la apertura del nuevo Coffee Electoral del PP en Calp. Un encuentro que estuvo marcado seg\u00fan apuntan fuentes del partido por la ilusi\u00f3n y las ganas de trabajar de cara a la inminente campa\u00f1a electoral a favor de Calp. Una [&#8230;]<\/p>\n<p><a class=\"btn btn-secondary understrap-read-more-link\" href=\"https:\/\/radiolitoral.com\/ca\/2023\/04\/cesar-sanchez-candidato-pp-calp-vaticina-que-seran-unas-elecciones-muy-dificiles-y-complicadas\/\">Continua llegint&#8230;<span class=\"screen-reader-text\"> from C\u00e9sar S\u00e1nchez, candidato PP Calp, vaticina que ser\u00e1n unas elecciones muy dif\u00edciles y complicadas<\/span><\/a><\/p>\n","protected":false},"author":21,"featured_media":2264,"comment_status":"open","ping_status":"closed","sticky":false,"template":"","format":"standard","meta":{"_acf_changed":false,"inline_featured_image":false,"footnotes":""},"categories":[13],"tags":[282,536,537,161,274],"class_list":["post-2263","post","type-post","status-publish","format-standard","has-post-thumbnail","hentry","category-politica","tag-accidente-tractor-calp","tag-cafe-electoral-calp","tag-coffee-electoral-calp","tag-elecciones-2023","tag-elecciones-calp","cobertura-calp"],"acf":[],"yoast_head":"<!-- This site is optimized with the Yoast SEO plugin v27.5 - https:\/\/yoast.com\/product\/yoast-seo-wordpress\/ -->\n<title>C\u00e9sar S\u00e1nchez, candidato PP Calp, vaticina que ser\u00e1n unas elecciones muy dif\u00edciles y complicadas | R\u00e0dio Litoral<\/title>\n<meta name=\"description\" content=\"El Caf\u00e9 Electoral de los populares ha reunido a militantes y simpatizantes\" \/>\n<meta name=\"robots\" content=\"index, follow, max-snippet:-1, max-image-preview:large, max-video-preview:-1\" \/>\n<link rel=\"canonical\" href=\"https:\/\/radiolitoral.com\/ca\/2023\/04\/cessar-sanchez-candidat-pp-calp-vaticina-que-seran-unes-eleccions-molt-dificils-i-complicades\/\" \/>\n<meta property=\"og:locale\" content=\"ca_ES\" \/>\n<meta property=\"og:type\" content=\"article\" \/>\n<meta property=\"og:title\" content=\"C\u00e9sar S\u00e1nchez, candidato PP Calp, vaticina que ser\u00e1n unas elecciones muy dif\u00edciles y complicadas | R\u00e0dio Litoral\" \/>\n<meta property=\"og:description\" content=\"El Caf\u00e9 Electoral de los populares ha reunido a militantes y simpatizantes\" \/>\n<meta property=\"og:url\" content=\"https:\/\/radiolitoral.com\/ca\/2023\/04\/cessar-sanchez-candidat-pp-calp-vaticina-que-seran-unes-eleccions-molt-dificils-i-complicades\/\" \/>\n<meta property=\"og:site_name\" content=\"R\u00e0dio Litoral\" \/>\n<meta property=\"article:publisher\" content=\"https:\/\/www.facebook.com\/Laradiolitoral\/\" \/>\n<meta property=\"article:published_time\" content=\"2023-04-17T19:53:52+00:00\" \/>\n<meta property=\"article:modified_time\" content=\"2023-04-17T19:55:20+00:00\" \/>\n<meta property=\"og:image\" content=\"https:\/\/media.radiolitoral.com\/wp-content\/uploads\/2023\/04\/17215327\/341845847_1281450729114085_3248405997584028248_n.jpg\" \/>\n\t<meta property=\"og:image:width\" content=\"2048\" \/>\n\t<meta property=\"og:image:height\" content=\"1370\" \/>\n\t<meta property=\"og:image:type\" content=\"image\/jpeg\" \/>\n<meta name=\"author\" content=\"Mel Pescuezo\" \/>\n<meta name=\"twitter:card\" content=\"summary_large_image\" \/>\n<meta name=\"twitter:label1\" content=\"Escrit per\" \/>\n\t<meta name=\"twitter:data1\" content=\"Mel Pescuezo\" \/>\n\t<meta name=\"twitter:label2\" content=\"Temps estimat de lectura\" \/>\n\t<meta name=\"twitter:data2\" content=\"2 minuts\" \/>\n<script type=\"application\/ld+json\" class=\"yoast-schema-graph\">{\"@context\":\"https:\\\/\\\/schema.org\",\"@graph\":[{\"@type\":\"NewsArticle\",\"@id\":\"https:\\\/\\\/radiolitoral.com\\\/2023\\\/04\\\/cesar-sanchez-candidato-pp-calp-vaticina-que-seran-unas-elecciones-muy-dificiles-y-complicadas\\\/#article\",\"isPartOf\":{\"@id\":\"https:\\\/\\\/radiolitoral.com\\\/2023\\\/04\\\/cesar-sanchez-candidato-pp-calp-vaticina-que-seran-unas-elecciones-muy-dificiles-y-complicadas\\\/\"},\"author\":{\"name\":\"Mel Pescuezo\",\"@id\":\"https:\\\/\\\/radiolitoral.com\\\/#\\\/schema\\\/person\\\/aad4f72efa404f85b68e832d24cac059\"},\"headline\":\"C\u00e9sar S\u00e1nchez, candidato PP Calp, vaticina que ser\u00e1n unas elecciones muy dif\u00edciles y complicadas\",\"datePublished\":\"2023-04-17T19:53:52+00:00\",\"dateModified\":\"2023-04-17T19:55:20+00:00\",\"mainEntityOfPage\":{\"@id\":\"https:\\\/\\\/radiolitoral.com\\\/2023\\\/04\\\/cesar-sanchez-candidato-pp-calp-vaticina-que-seran-unas-elecciones-muy-dificiles-y-complicadas\\\/\"},\"wordCount\":268,\"commentCount\":0,\"publisher\":{\"@id\":\"https:\\\/\\\/radiolitoral.com\\\/#organization\"},\"image\":{\"@id\":\"https:\\\/\\\/radiolitoral.com\\\/2023\\\/04\\\/cesar-sanchez-candidato-pp-calp-vaticina-que-seran-unas-elecciones-muy-dificiles-y-complicadas\\\/#primaryimage\"},\"thumbnailUrl\":\"https:\\\/\\\/media.radiolitoral.com\\\/wp-content\\\/uploads\\\/2023\\\/04\\\/17215327\\\/341845847_1281450729114085_3248405997584028248_n.jpg\",\"keywords\":[\"accidente tractor Calp\",\"Caf\u00e9 Electoral Calp\",\"Coffee Electoral Calp\",\"elecciones 2023\",\"elecciones Calp\"],\"articleSection\":[\"Pol\u00edtica\"],\"inLanguage\":\"ca\",\"potentialAction\":[{\"@type\":\"CommentAction\",\"name\":\"Comment\",\"target\":[\"https:\\\/\\\/radiolitoral.com\\\/2023\\\/04\\\/cesar-sanchez-candidato-pp-calp-vaticina-que-seran-unas-elecciones-muy-dificiles-y-complicadas\\\/#respond\"]}]},{\"@type\":[\"WebPage\",\"ItemPage\"],\"@id\":\"https:\\\/\\\/radiolitoral.com\\\/2023\\\/04\\\/cesar-sanchez-candidato-pp-calp-vaticina-que-seran-unas-elecciones-muy-dificiles-y-complicadas\\\/\",\"url\":\"https:\\\/\\\/radiolitoral.com\\\/2023\\\/04\\\/cesar-sanchez-candidato-pp-calp-vaticina-que-seran-unas-elecciones-muy-dificiles-y-complicadas\\\/\",\"name\":\"C\u00e9sar S\u00e1nchez, candidato PP Calp, vaticina que ser\u00e1n unas elecciones muy dif\u00edciles y complicadas | R\u00e0dio Litoral\",\"isPartOf\":{\"@id\":\"https:\\\/\\\/radiolitoral.com\\\/#website\"},\"primaryImageOfPage\":{\"@id\":\"https:\\\/\\\/radiolitoral.com\\\/2023\\\/04\\\/cesar-sanchez-candidato-pp-calp-vaticina-que-seran-unas-elecciones-muy-dificiles-y-complicadas\\\/#primaryimage\"},\"image\":{\"@id\":\"https:\\\/\\\/radiolitoral.com\\\/2023\\\/04\\\/cesar-sanchez-candidato-pp-calp-vaticina-que-seran-unas-elecciones-muy-dificiles-y-complicadas\\\/#primaryimage\"},\"thumbnailUrl\":\"https:\\\/\\\/media.radiolitoral.com\\\/wp-content\\\/uploads\\\/2023\\\/04\\\/17215327\\\/341845847_1281450729114085_3248405997584028248_n.jpg\",\"datePublished\":\"2023-04-17T19:53:52+00:00\",\"dateModified\":\"2023-04-17T19:55:20+00:00\",\"description\":\"El Caf\u00e9 Electoral de los populares ha reunido a militantes y simpatizantes\",\"breadcrumb\":{\"@id\":\"https:\\\/\\\/radiolitoral.com\\\/2023\\\/04\\\/cesar-sanchez-candidato-pp-calp-vaticina-que-seran-unas-elecciones-muy-dificiles-y-complicadas\\\/#breadcrumb\"},\"inLanguage\":\"ca\",\"potentialAction\":[{\"@type\":\"ReadAction\",\"target\":[\"https:\\\/\\\/radiolitoral.com\\\/2023\\\/04\\\/cesar-sanchez-candidato-pp-calp-vaticina-que-seran-unas-elecciones-muy-dificiles-y-complicadas\\\/\"]}]},{\"@type\":\"ImageObject\",\"inLanguage\":\"ca\",\"@id\":\"https:\\\/\\\/radiolitoral.com\\\/2023\\\/04\\\/cesar-sanchez-candidato-pp-calp-vaticina-que-seran-unas-elecciones-muy-dificiles-y-complicadas\\\/#primaryimage\",\"url\":\"https:\\\/\\\/media.radiolitoral.com\\\/wp-content\\\/uploads\\\/2023\\\/04\\\/17215327\\\/341845847_1281450729114085_3248405997584028248_n.jpg\",\"contentUrl\":\"https:\\\/\\\/media.radiolitoral.com\\\/wp-content\\\/uploads\\\/2023\\\/04\\\/17215327\\\/341845847_1281450729114085_3248405997584028248_n.jpg\",\"width\":2048,\"height\":1370},{\"@type\":\"BreadcrumbList\",\"@id\":\"https:\\\/\\\/radiolitoral.com\\\/2023\\\/04\\\/cesar-sanchez-candidato-pp-calp-vaticina-que-seran-unas-elecciones-muy-dificiles-y-complicadas\\\/#breadcrumb\",\"itemListElement\":[{\"@type\":\"ListItem\",\"position\":1,\"name\":\"Portada\",\"item\":\"https:\\\/\\\/radiolitoral.com\\\/\"},{\"@type\":\"ListItem\",\"position\":2,\"name\":\"C\u00e9sar S\u00e1nchez, candidato PP Calp, vaticina que ser\u00e1n unas elecciones muy dif\u00edciles y complicadas\"}]},{\"@type\":\"WebSite\",\"@id\":\"https:\\\/\\\/radiolitoral.com\\\/#website\",\"url\":\"https:\\\/\\\/radiolitoral.com\\\/\",\"name\":\"Radio Litoral\",\"description\":\"La radio local de la Marina Alta\",\"publisher\":{\"@id\":\"https:\\\/\\\/radiolitoral.com\\\/#organization\"},\"alternateName\":\"Litoral FM\",\"potentialAction\":[{\"@type\":\"SearchAction\",\"target\":{\"@type\":\"EntryPoint\",\"urlTemplate\":\"https:\\\/\\\/radiolitoral.com\\\/?s={search_term_string}\"},\"query-input\":{\"@type\":\"PropertyValueSpecification\",\"valueRequired\":true,\"valueName\":\"search_term_string\"}}],\"inLanguage\":\"ca\"},{\"@type\":\"Organization\",\"@id\":\"https:\\\/\\\/radiolitoral.com\\\/#organization\",\"name\":\"Radio Litoral\",\"url\":\"https:\\\/\\\/radiolitoral.com\\\/\",\"logo\":{\"@type\":\"ImageObject\",\"inLanguage\":\"ca\",\"@id\":\"https:\\\/\\\/radiolitoral.com\\\/#\\\/schema\\\/logo\\\/image\\\/\",\"url\":\"https:\\\/\\\/media.radiolitoral.com\\\/wp-content\\\/uploads\\\/2023\\\/02\\\/24143238\\\/CL-V-RadioLitoral696.png\",\"contentUrl\":\"https:\\\/\\\/media.radiolitoral.com\\\/wp-content\\\/uploads\\\/2023\\\/02\\\/24143238\\\/CL-V-RadioLitoral696.png\",\"width\":696,\"height\":696,\"caption\":\"Radio Litoral\"},\"image\":{\"@id\":\"https:\\\/\\\/radiolitoral.com\\\/#\\\/schema\\\/logo\\\/image\\\/\"},\"sameAs\":[\"https:\\\/\\\/www.facebook.com\\\/Laradiolitoral\\\/\"]},{\"@type\":\"Person\",\"@id\":\"https:\\\/\\\/radiolitoral.com\\\/#\\\/schema\\\/person\\\/aad4f72efa404f85b68e832d24cac059\",\"name\":\"Mel Pescuezo\",\"image\":{\"@type\":\"ImageObject\",\"inLanguage\":\"ca\",\"@id\":\"https:\\\/\\\/secure.gravatar.com\\\/avatar\\\/993975ae489c70cb0dd9bfa9413a082f0bd276582dac13661af7b33f161e7eea?s=96&d=mm&r=g\",\"url\":\"https:\\\/\\\/secure.gravatar.com\\\/avatar\\\/993975ae489c70cb0dd9bfa9413a082f0bd276582dac13661af7b33f161e7eea?s=96&d=mm&r=g\",\"contentUrl\":\"https:\\\/\\\/secure.gravatar.com\\\/avatar\\\/993975ae489c70cb0dd9bfa9413a082f0bd276582dac13661af7b33f161e7eea?s=96&d=mm&r=g\",\"caption\":\"Mel Pescuezo\"},\"url\":\"https:\\\/\\\/radiolitoral.com\\\/ca\\\/author\\\/serviciospararadios\\\/\"}]}<\/script>\n<!-- \/ Yoast SEO plugin. -->","yoast_head_json":{"title":"C\u00e9sar S\u00e1nchez, candidat PP Calp, vaticina que seran unes eleccions molt dif\u00edcils i complicades | R\u00e0dio Litoral","description":"El Caf\u00e8 Electoral dels populars ha reunit militants i simpatitzants","robots":{"index":"index","follow":"follow","max-snippet":"max-snippet:-1","max-image-preview":"max-image-preview:large","max-video-preview":"max-video-preview:-1"},"canonical":"https:\/\/radiolitoral.com\/ca\/2023\/04\/cessar-sanchez-candidat-pp-calp-vaticina-que-seran-unes-eleccions-molt-dificils-i-complicades\/","og_locale":"ca_ES","og_type":"article","og_title":"C\u00e9sar S\u00e1nchez, candidato PP Calp, vaticina que ser\u00e1n unas elecciones muy dif\u00edciles y complicadas | R\u00e0dio Litoral","og_description":"El Caf\u00e9 Electoral de los populares ha reunido a militantes y simpatizantes","og_url":"https:\/\/radiolitoral.com\/ca\/2023\/04\/cessar-sanchez-candidat-pp-calp-vaticina-que-seran-unes-eleccions-molt-dificils-i-complicades\/","og_site_name":"R\u00e0dio Litoral","article_publisher":"https:\/\/www.facebook.com\/Laradiolitoral\/","article_published_time":"2023-04-17T19:53:52+00:00","article_modified_time":"2023-04-17T19:55:20+00:00","og_image":[{"width":2048,"height":1370,"url":"https:\/\/media.radiolitoral.com\/wp-content\/uploads\/2023\/04\/17215327\/341845847_1281450729114085_3248405997584028248_n.jpg","type":"image\/jpeg"}],"author":"Mel Pescuezo","twitter_card":"summary_large_image","twitter_misc":{"Escrit per":"Mel Pescuezo","Temps estimat de lectura":"2 minuts"},"schema":{"@context":"https:\/\/schema.org","@graph":[{"@type":"NewsArticle","@id":"https:\/\/radiolitoral.com\/2023\/04\/cesar-sanchez-candidato-pp-calp-vaticina-que-seran-unas-elecciones-muy-dificiles-y-complicadas\/#article","isPartOf":{"@id":"https:\/\/radiolitoral.com\/2023\/04\/cesar-sanchez-candidato-pp-calp-vaticina-que-seran-unas-elecciones-muy-dificiles-y-complicadas\/"},"author":{"name":"Mel Pescuezo","@id":"https:\/\/radiolitoral.com\/#\/schema\/person\/aad4f72efa404f85b68e832d24cac059"},"headline":"C\u00e9sar S\u00e1nchez, candidato PP Calp, vaticina que ser\u00e1n unas elecciones muy dif\u00edciles y complicadas","datePublished":"2023-04-17T19:53:52+00:00","dateModified":"2023-04-17T19:55:20+00:00","mainEntityOfPage":{"@id":"https:\/\/radiolitoral.com\/2023\/04\/cesar-sanchez-candidato-pp-calp-vaticina-que-seran-unas-elecciones-muy-dificiles-y-complicadas\/"},"wordCount":268,"commentCount":0,"publisher":{"@id":"https:\/\/radiolitoral.com\/#organization"},"image":{"@id":"https:\/\/radiolitoral.com\/2023\/04\/cesar-sanchez-candidato-pp-calp-vaticina-que-seran-unas-elecciones-muy-dificiles-y-complicadas\/#primaryimage"},"thumbnailUrl":"https:\/\/media.radiolitoral.com\/wp-content\/uploads\/2023\/04\/17215327\/341845847_1281450729114085_3248405997584028248_n.jpg","keywords":["accidente tractor Calp","Caf\u00e9 Electoral Calp","Coffee Electoral Calp","elecciones 2023","elecciones Calp"],"articleSection":["Pol\u00edtica"],"inLanguage":"ca","potentialAction":[{"@type":"CommentAction","name":"Comment","target":["https:\/\/radiolitoral.com\/2023\/04\/cesar-sanchez-candidato-pp-calp-vaticina-que-seran-unas-elecciones-muy-dificiles-y-complicadas\/#respond"]}]},{"@type":["WebPage","ItemPage"],"@id":"https:\/\/radiolitoral.com\/2023\/04\/cesar-sanchez-candidato-pp-calp-vaticina-que-seran-unas-elecciones-muy-dificiles-y-complicadas\/","url":"https:\/\/radiolitoral.com\/2023\/04\/cesar-sanchez-candidato-pp-calp-vaticina-que-seran-unas-elecciones-muy-dificiles-y-complicadas\/","name":"C\u00e9sar S\u00e1nchez, candidat PP Calp, vaticina que seran unes eleccions molt dif\u00edcils i complicades | R\u00e0dio Litoral","isPartOf":{"@id":"https:\/\/radiolitoral.com\/#website"},"primaryImageOfPage":{"@id":"https:\/\/radiolitoral.com\/2023\/04\/cesar-sanchez-candidato-pp-calp-vaticina-que-seran-unas-elecciones-muy-dificiles-y-complicadas\/#primaryimage"},"image":{"@id":"https:\/\/radiolitoral.com\/2023\/04\/cesar-sanchez-candidato-pp-calp-vaticina-que-seran-unas-elecciones-muy-dificiles-y-complicadas\/#primaryimage"},"thumbnailUrl":"https:\/\/media.radiolitoral.com\/wp-content\/uploads\/2023\/04\/17215327\/341845847_1281450729114085_3248405997584028248_n.jpg","datePublished":"2023-04-17T19:53:52+00:00","dateModified":"2023-04-17T19:55:20+00:00","description":"El Caf\u00e8 Electoral dels populars ha reunit militants i simpatitzants","breadcrumb":{"@id":"https:\/\/radiolitoral.com\/2023\/04\/cesar-sanchez-candidato-pp-calp-vaticina-que-seran-unas-elecciones-muy-dificiles-y-complicadas\/#breadcrumb"},"inLanguage":"ca","potentialAction":[{"@type":"ReadAction","target":["https:\/\/radiolitoral.com\/2023\/04\/cesar-sanchez-candidato-pp-calp-vaticina-que-seran-unas-elecciones-muy-dificiles-y-complicadas\/"]}]},{"@type":"ImageObject","inLanguage":"ca","@id":"https:\/\/radiolitoral.com\/2023\/04\/cesar-sanchez-candidato-pp-calp-vaticina-que-seran-unas-elecciones-muy-dificiles-y-complicadas\/#primaryimage","url":"https:\/\/media.radiolitoral.com\/wp-content\/uploads\/2023\/04\/17215327\/341845847_1281450729114085_3248405997584028248_n.jpg","contentUrl":"https:\/\/media.radiolitoral.com\/wp-content\/uploads\/2023\/04\/17215327\/341845847_1281450729114085_3248405997584028248_n.jpg","width":2048,"height":1370},{"@type":"BreadcrumbList","@id":"https:\/\/radiolitoral.com\/2023\/04\/cesar-sanchez-candidato-pp-calp-vaticina-que-seran-unas-elecciones-muy-dificiles-y-complicadas\/#breadcrumb","itemListElement":[{"@type":"ListItem","position":1,"name":"Portada","item":"https:\/\/radiolitoral.com\/"},{"@type":"ListItem","position":2,"name":"C\u00e9sar S\u00e1nchez, candidato PP Calp, vaticina que ser\u00e1n unas elecciones muy dif\u00edciles y complicadas"}]},{"@type":"WebSite","@id":"https:\/\/radiolitoral.com\/#website","url":"https:\/\/radiolitoral.com\/","name":"R\u00e0dio Litoral","description":"La r\u00e0dio local de la Marina Alta","publisher":{"@id":"https:\/\/radiolitoral.com\/#organization"},"alternateName":"Litoral FM","potentialAction":[{"@type":"SearchAction","target":{"@type":"EntryPoint","urlTemplate":"https:\/\/radiolitoral.com\/?s={search_term_string}"},"query-input":{"@type":"PropertyValueSpecification","valueRequired":true,"valueName":"search_term_string"}}],"inLanguage":"ca"},{"@type":"Organization","@id":"https:\/\/radiolitoral.com\/#organization","name":"R\u00e0dio Litoral","url":"https:\/\/radiolitoral.com\/","logo":{"@type":"ImageObject","inLanguage":"ca","@id":"https:\/\/radiolitoral.com\/#\/schema\/logo\/image\/","url":"https:\/\/media.radiolitoral.com\/wp-content\/uploads\/2023\/02\/24143238\/CL-V-RadioLitoral696.png","contentUrl":"https:\/\/media.radiolitoral.com\/wp-content\/uploads\/2023\/02\/24143238\/CL-V-RadioLitoral696.png","width":696,"height":696,"caption":"Radio Litoral"},"image":{"@id":"https:\/\/radiolitoral.com\/#\/schema\/logo\/image\/"},"sameAs":["https:\/\/www.facebook.com\/Laradiolitoral\/"]},{"@type":"Person","@id":"https:\/\/radiolitoral.com\/#\/schema\/person\/aad4f72efa404f85b68e832d24cac059","name":"Mel Pescuezo","image":{"@type":"ImageObject","inLanguage":"ca","@id":"https:\/\/secure.gravatar.com\/avatar\/993975ae489c70cb0dd9bfa9413a082f0bd276582dac13661af7b33f161e7eea?s=96&d=mm&r=g","url":"https:\/\/secure.gravatar.com\/avatar\/993975ae489c70cb0dd9bfa9413a082f0bd276582dac13661af7b33f161e7eea?s=96&d=mm&r=g","contentUrl":"https:\/\/secure.gravatar.com\/avatar\/993975ae489c70cb0dd9bfa9413a082f0bd276582dac13661af7b33f161e7eea?s=96&d=mm&r=g","caption":"Mel Pescuezo"},"url":"https:\/\/radiolitoral.com\/ca\/author\/serviciospararadios\/"}]}},"_links":{"self":[{"href":"https:\/\/radiolitoral.com\/ca\/wp-json\/wp\/v2\/posts\/2263","targetHints":{"allow":["GET"]}}],"collection":[{"href":"https:\/\/radiolitoral.com\/ca\/wp-json\/wp\/v2\/posts"}],"about":[{"href":"https:\/\/radiolitoral.com\/ca\/wp-json\/wp\/v2\/types\/post"}],"author":[{"embeddable":true,"href":"https:\/\/radiolitoral.com\/ca\/wp-json\/wp\/v2\/users\/21"}],"replies":[{"embeddable":true,"href":"https:\/\/radiolitoral.com\/ca\/wp-json\/wp\/v2\/comments?post=2263"}],"version-history":[{"count":1,"href":"https:\/\/radiolitoral.com\/ca\/wp-json\/wp\/v2\/posts\/2263\/revisions"}],"predecessor-version":[{"id":2265,"href":"https:\/\/radiolitoral.com\/ca\/wp-json\/wp\/v2\/posts\/2263\/revisions\/2265"}],"wp:featuredmedia":[{"embeddable":true,"href":"https:\/\/radiolitoral.com\/ca\/wp-json\/wp\/v2\/media\/2264"}],"wp:attachment":[{"href":"https:\/\/radiolitoral.com\/ca\/wp-json\/wp\/v2\/media?parent=2263"}],"wp:term":[{"taxonomy":"category","embeddable":true,"href":"https:\/\/radiolitoral.com\/ca\/wp-json\/wp\/v2\/categories?post=2263"},{"taxonomy":"post_tag","embeddable":true,"href":"https:\/\/radiolitoral.com\/ca\/wp-json\/wp\/v2\/tags?post=2263"}],"curies":[{"name":"wp","href":"https:\/\/api.w.org\/{rel}","templated":true}]}}