{"id":2232,"date":"2023-04-14T18:25:11","date_gmt":"2023-04-14T16:25:11","guid":{"rendered":"https:\/\/radiolitoral.com\/?p=2232"},"modified":"2023-04-14T18:25:42","modified_gmt":"2023-04-14T16:25:42","slug":"mata-el-poble-nou-de-benitatxell-acull-la-volta-a-peu","status":"publish","type":"post","link":"https:\/\/radiolitoral.com\/ca\/2023\/04\/manana-el-poble-nou-de-benitatxell-acoge-la-volta-a-peu\/","title":{"rendered":"Mat\u00ed El Poble Nou de Benitatxell acull la Volta a Peu"},"content":{"rendered":"<p>Dem\u00e0, dissabte 15 d&#039;abril, torna a <strong>El Poble Nou de Benitatxell la Volta a Peu<\/strong>. Per a aquesta sisena edici\u00f3 de la prova al municipi s&#039;ha preparat un gran esdeveniment. Juntament amb les proves, hi haur\u00e0 acompanyament musical per animar les corredores i els corredors a les costes m\u00e9s dures amb les <strong>batucades Sonats (Altea), Klakibum (Alacant) i Jambo (La Nucia), i la batucada infantil Dacatuba de l&#039;Escola de M\u00fasica del Poble Nou de Benitatxell.<\/strong><\/p>\n<p>Aquesta prova del Circuit a Peu Marina Alta s&#039;ha guanyat el nom del Tourmalet de la Marina en ser la m\u00e9s exigent de totes pels desnivells que presenta. \u201cPer als corredors \u00e9s un repte enfrontar-se a aquesta prova trencacames. Altres pobles dissenyen recorreguts plans i r\u00e0pids per batre r\u00e8cords de participaci\u00f3. La nostra prova \u00e9s diferent i t\u00e9 un gran atractiu\u00bb, ha destacat el president de la Volta a Peu i del Club Multiesport Benitatxell, Juan Zaragoz\u00ed.<\/p>\n<p>Passa per un paisatge rural de gran bellesa, a tocar dels pous de l&#039;Abiar, riuraus, camps de vinyes i els estrets i bells carrers del nucli urb\u00e0. El recorregut \u00e9s de 8,1 km de dist\u00e0ncia i un desnivell positiu de 170 m.<\/p>\n<p>Entre les curses infantils i la prova reina, s&#039;espera que acudeixin al municipi per viure aquesta festa de l&#039;atletisme <strong>uns 1.200 atletes<\/strong> juntament amb les seves fam\u00edlies. Les curses infantils comen\u00e7aran a les 16.00 hores a l&#039;avinguda de Val\u00e8ncia, ia les 18.30 hores es donar\u00e0 la sortida a la prova d&#039;adults.<\/p>\n<p>Especial protagonisme tindran els i les atletes del Club Multiesport Benitatxell, que compten amb unes molt bones xifres a la classificaci\u00f3 per clubs del Circuit. Despr\u00e9s de les proves de X\u00e0bia, Calp, Gata de Gorgos i Teulada s&#039;han posicionat en tercer lloc del r\u00e0nquing d&#039;un total de 102 clubs, nom\u00e9s uns quants punts per sota del Club D\u00e9nia Corre i el Club d&#039;Atletisme Llebeig de X\u00e0bia. Tamb\u00e9 cal fer esment especial de l&#039;equip femen\u00ed del club local, posicionades tamb\u00e9 al tercer lloc del r\u00e0nquing. La calor i el suport de jugar a casa ser\u00e0 clau.<\/p>\n<p>El servei de dutxes estar\u00e0 al camp de futbol municipal La Font. Les inscripcions estaran obertes fins divendres 14 d&#039;abril a <a href=\"http:\/\/www.somesport.com\">www.somesport.com<\/a><\/p>","protected":false},"excerpt":{"rendered":"<p>Ma\u00f1ana, s\u00e1bado 15 de abril, vuelve a El Poble Nou de Benitatxell la Volta a Peu. Para esta sexta edici\u00f3n de la prueba en el municipio se ha preparado un gran acontecimiento. Junto con las pruebas, habr\u00e1 acompa\u00f1amiento musical para animar las corredoras y los corredores en las cuestas m\u00e1s duras con las batucadas Sonats [&#8230;]<\/p>\n<p><a class=\"btn btn-secondary understrap-read-more-link\" href=\"https:\/\/radiolitoral.com\/ca\/2023\/04\/manana-el-poble-nou-de-benitatxell-acoge-la-volta-a-peu\/\">Continua llegint&#8230;<span class=\"screen-reader-text\"> from Ma\u00f1ana El Poble Nou de Benitatxell acoge la Volta a Peu<\/span><\/a><\/p>\n","protected":false},"author":21,"featured_media":2233,"comment_status":"open","ping_status":"closed","sticky":false,"template":"","format":"standard","meta":{"_acf_changed":false,"inline_featured_image":false,"footnotes":""},"categories":[5],"tags":[184,534,535],"class_list":["post-2232","post","type-post","status-publish","format-standard","has-post-thumbnail","hentry","category-deportes","tag-benitatxell","tag-deportes-benitatxell","tag-volta-a-peu","cobertura-poble-nou-de-benitatxell"],"acf":[],"yoast_head":"<!-- This site is optimized with the Yoast SEO plugin v27.5 - https:\/\/yoast.com\/product\/yoast-seo-wordpress\/ -->\n<title>Ma\u00f1ana El Poble Nou de Benitatxell acoge la Volta a Peu | R\u00e0dio Litoral<\/title>\n<meta name=\"description\" content=\"Las inscripciones finalizan hoy Las inscripciones finalizan hoy\" \/>\n<meta name=\"robots\" content=\"index, follow, max-snippet:-1, max-image-preview:large, max-video-preview:-1\" \/>\n<link rel=\"canonical\" href=\"https:\/\/radiolitoral.com\/ca\/2023\/04\/mata-el-poble-nou-de-benitatxell-acull-la-volta-a-peu\/\" \/>\n<meta property=\"og:locale\" content=\"ca_ES\" \/>\n<meta property=\"og:type\" content=\"article\" \/>\n<meta property=\"og:title\" content=\"Ma\u00f1ana El Poble Nou de Benitatxell acoge la Volta a Peu | R\u00e0dio Litoral\" \/>\n<meta property=\"og:description\" content=\"Las inscripciones finalizan hoy Las inscripciones finalizan hoy\" \/>\n<meta property=\"og:url\" content=\"https:\/\/radiolitoral.com\/ca\/2023\/04\/mata-el-poble-nou-de-benitatxell-acull-la-volta-a-peu\/\" \/>\n<meta property=\"og:site_name\" content=\"R\u00e0dio Litoral\" \/>\n<meta property=\"article:publisher\" content=\"https:\/\/www.facebook.com\/Laradiolitoral\/\" \/>\n<meta property=\"article:published_time\" content=\"2023-04-14T16:25:11+00:00\" \/>\n<meta property=\"article:modified_time\" content=\"2023-04-14T16:25:42+00:00\" \/>\n<meta property=\"og:image\" content=\"https:\/\/media.radiolitoral.com\/wp-content\/uploads\/2023\/04\/14182503\/qerveaf-1-384x490-1.jpg\" \/>\n\t<meta property=\"og:image:width\" content=\"384\" \/>\n\t<meta property=\"og:image:height\" content=\"490\" \/>\n\t<meta property=\"og:image:type\" content=\"image\/jpeg\" \/>\n<meta name=\"author\" content=\"Mel Pescuezo\" \/>\n<meta name=\"twitter:card\" content=\"summary_large_image\" \/>\n<meta name=\"twitter:label1\" content=\"Escrit per\" \/>\n\t<meta name=\"twitter:data1\" content=\"Mel Pescuezo\" \/>\n\t<meta name=\"twitter:label2\" content=\"Temps estimat de lectura\" \/>\n\t<meta name=\"twitter:data2\" content=\"2 minuts\" \/>\n<script type=\"application\/ld+json\" class=\"yoast-schema-graph\">{\"@context\":\"https:\\\/\\\/schema.org\",\"@graph\":[{\"@type\":\"NewsArticle\",\"@id\":\"https:\\\/\\\/radiolitoral.com\\\/2023\\\/04\\\/manana-el-poble-nou-de-benitatxell-acoge-la-volta-a-peu\\\/#article\",\"isPartOf\":{\"@id\":\"https:\\\/\\\/radiolitoral.com\\\/2023\\\/04\\\/manana-el-poble-nou-de-benitatxell-acoge-la-volta-a-peu\\\/\"},\"author\":{\"name\":\"Mel Pescuezo\",\"@id\":\"https:\\\/\\\/radiolitoral.com\\\/#\\\/schema\\\/person\\\/aad4f72efa404f85b68e832d24cac059\"},\"headline\":\"Ma\u00f1ana El Poble Nou de Benitatxell acoge la Volta a Peu\",\"datePublished\":\"2023-04-14T16:25:11+00:00\",\"dateModified\":\"2023-04-14T16:25:42+00:00\",\"mainEntityOfPage\":{\"@id\":\"https:\\\/\\\/radiolitoral.com\\\/2023\\\/04\\\/manana-el-poble-nou-de-benitatxell-acoge-la-volta-a-peu\\\/\"},\"wordCount\":408,\"commentCount\":0,\"publisher\":{\"@id\":\"https:\\\/\\\/radiolitoral.com\\\/#organization\"},\"image\":{\"@id\":\"https:\\\/\\\/radiolitoral.com\\\/2023\\\/04\\\/manana-el-poble-nou-de-benitatxell-acoge-la-volta-a-peu\\\/#primaryimage\"},\"thumbnailUrl\":\"https:\\\/\\\/media.radiolitoral.com\\\/wp-content\\\/uploads\\\/2023\\\/04\\\/14182503\\\/qerveaf-1-384x490-1.jpg\",\"keywords\":[\"Benitatxell\",\"deportes Benitatxell\",\"Volta a Peu\"],\"articleSection\":[\"Deportes\"],\"inLanguage\":\"ca\",\"potentialAction\":[{\"@type\":\"CommentAction\",\"name\":\"Comment\",\"target\":[\"https:\\\/\\\/radiolitoral.com\\\/2023\\\/04\\\/manana-el-poble-nou-de-benitatxell-acoge-la-volta-a-peu\\\/#respond\"]}]},{\"@type\":[\"WebPage\",\"ItemPage\"],\"@id\":\"https:\\\/\\\/radiolitoral.com\\\/2023\\\/04\\\/manana-el-poble-nou-de-benitatxell-acoge-la-volta-a-peu\\\/\",\"url\":\"https:\\\/\\\/radiolitoral.com\\\/2023\\\/04\\\/manana-el-poble-nou-de-benitatxell-acoge-la-volta-a-peu\\\/\",\"name\":\"Ma\u00f1ana El Poble Nou de Benitatxell acoge la Volta a Peu | R\u00e0dio Litoral\",\"isPartOf\":{\"@id\":\"https:\\\/\\\/radiolitoral.com\\\/#website\"},\"primaryImageOfPage\":{\"@id\":\"https:\\\/\\\/radiolitoral.com\\\/2023\\\/04\\\/manana-el-poble-nou-de-benitatxell-acoge-la-volta-a-peu\\\/#primaryimage\"},\"image\":{\"@id\":\"https:\\\/\\\/radiolitoral.com\\\/2023\\\/04\\\/manana-el-poble-nou-de-benitatxell-acoge-la-volta-a-peu\\\/#primaryimage\"},\"thumbnailUrl\":\"https:\\\/\\\/media.radiolitoral.com\\\/wp-content\\\/uploads\\\/2023\\\/04\\\/14182503\\\/qerveaf-1-384x490-1.jpg\",\"datePublished\":\"2023-04-14T16:25:11+00:00\",\"dateModified\":\"2023-04-14T16:25:42+00:00\",\"description\":\"Las inscripciones finalizan hoy Las inscripciones finalizan hoy\",\"breadcrumb\":{\"@id\":\"https:\\\/\\\/radiolitoral.com\\\/2023\\\/04\\\/manana-el-poble-nou-de-benitatxell-acoge-la-volta-a-peu\\\/#breadcrumb\"},\"inLanguage\":\"ca\",\"potentialAction\":[{\"@type\":\"ReadAction\",\"target\":[\"https:\\\/\\\/radiolitoral.com\\\/2023\\\/04\\\/manana-el-poble-nou-de-benitatxell-acoge-la-volta-a-peu\\\/\"]}]},{\"@type\":\"ImageObject\",\"inLanguage\":\"ca\",\"@id\":\"https:\\\/\\\/radiolitoral.com\\\/2023\\\/04\\\/manana-el-poble-nou-de-benitatxell-acoge-la-volta-a-peu\\\/#primaryimage\",\"url\":\"https:\\\/\\\/media.radiolitoral.com\\\/wp-content\\\/uploads\\\/2023\\\/04\\\/14182503\\\/qerveaf-1-384x490-1.jpg\",\"contentUrl\":\"https:\\\/\\\/media.radiolitoral.com\\\/wp-content\\\/uploads\\\/2023\\\/04\\\/14182503\\\/qerveaf-1-384x490-1.jpg\",\"width\":384,\"height\":490},{\"@type\":\"BreadcrumbList\",\"@id\":\"https:\\\/\\\/radiolitoral.com\\\/2023\\\/04\\\/manana-el-poble-nou-de-benitatxell-acoge-la-volta-a-peu\\\/#breadcrumb\",\"itemListElement\":[{\"@type\":\"ListItem\",\"position\":1,\"name\":\"Portada\",\"item\":\"https:\\\/\\\/radiolitoral.com\\\/\"},{\"@type\":\"ListItem\",\"position\":2,\"name\":\"Ma\u00f1ana El Poble Nou de Benitatxell acoge la Volta a Peu\"}]},{\"@type\":\"WebSite\",\"@id\":\"https:\\\/\\\/radiolitoral.com\\\/#website\",\"url\":\"https:\\\/\\\/radiolitoral.com\\\/\",\"name\":\"Radio Litoral\",\"description\":\"La radio local de la Marina Alta\",\"publisher\":{\"@id\":\"https:\\\/\\\/radiolitoral.com\\\/#organization\"},\"alternateName\":\"Litoral FM\",\"potentialAction\":[{\"@type\":\"SearchAction\",\"target\":{\"@type\":\"EntryPoint\",\"urlTemplate\":\"https:\\\/\\\/radiolitoral.com\\\/?s={search_term_string}\"},\"query-input\":{\"@type\":\"PropertyValueSpecification\",\"valueRequired\":true,\"valueName\":\"search_term_string\"}}],\"inLanguage\":\"ca\"},{\"@type\":\"Organization\",\"@id\":\"https:\\\/\\\/radiolitoral.com\\\/#organization\",\"name\":\"Radio Litoral\",\"url\":\"https:\\\/\\\/radiolitoral.com\\\/\",\"logo\":{\"@type\":\"ImageObject\",\"inLanguage\":\"ca\",\"@id\":\"https:\\\/\\\/radiolitoral.com\\\/#\\\/schema\\\/logo\\\/image\\\/\",\"url\":\"https:\\\/\\\/media.radiolitoral.com\\\/wp-content\\\/uploads\\\/2023\\\/02\\\/24143238\\\/CL-V-RadioLitoral696.png\",\"contentUrl\":\"https:\\\/\\\/media.radiolitoral.com\\\/wp-content\\\/uploads\\\/2023\\\/02\\\/24143238\\\/CL-V-RadioLitoral696.png\",\"width\":696,\"height\":696,\"caption\":\"Radio Litoral\"},\"image\":{\"@id\":\"https:\\\/\\\/radiolitoral.com\\\/#\\\/schema\\\/logo\\\/image\\\/\"},\"sameAs\":[\"https:\\\/\\\/www.facebook.com\\\/Laradiolitoral\\\/\"]},{\"@type\":\"Person\",\"@id\":\"https:\\\/\\\/radiolitoral.com\\\/#\\\/schema\\\/person\\\/aad4f72efa404f85b68e832d24cac059\",\"name\":\"Mel Pescuezo\",\"image\":{\"@type\":\"ImageObject\",\"inLanguage\":\"ca\",\"@id\":\"https:\\\/\\\/secure.gravatar.com\\\/avatar\\\/993975ae489c70cb0dd9bfa9413a082f0bd276582dac13661af7b33f161e7eea?s=96&d=mm&r=g\",\"url\":\"https:\\\/\\\/secure.gravatar.com\\\/avatar\\\/993975ae489c70cb0dd9bfa9413a082f0bd276582dac13661af7b33f161e7eea?s=96&d=mm&r=g\",\"contentUrl\":\"https:\\\/\\\/secure.gravatar.com\\\/avatar\\\/993975ae489c70cb0dd9bfa9413a082f0bd276582dac13661af7b33f161e7eea?s=96&d=mm&r=g\",\"caption\":\"Mel Pescuezo\"},\"url\":\"https:\\\/\\\/radiolitoral.com\\\/ca\\\/author\\\/serviciospararadios\\\/\"}]}<\/script>\n<!-- \/ Yoast SEO plugin. -->","yoast_head_json":{"title":"Dem\u00e0 El Poble Nou de Benitatxell acull la Volta a Peu | R\u00e0dio Litoral","description":"Les inscripcions finalitzen avui Les inscripcions finalitzen avui","robots":{"index":"index","follow":"follow","max-snippet":"max-snippet:-1","max-image-preview":"max-image-preview:large","max-video-preview":"max-video-preview:-1"},"canonical":"https:\/\/radiolitoral.com\/ca\/2023\/04\/mata-el-poble-nou-de-benitatxell-acull-la-volta-a-peu\/","og_locale":"ca_ES","og_type":"article","og_title":"Ma\u00f1ana El Poble Nou de Benitatxell acoge la Volta a Peu | R\u00e0dio Litoral","og_description":"Las inscripciones finalizan hoy Las inscripciones finalizan hoy","og_url":"https:\/\/radiolitoral.com\/ca\/2023\/04\/mata-el-poble-nou-de-benitatxell-acull-la-volta-a-peu\/","og_site_name":"R\u00e0dio Litoral","article_publisher":"https:\/\/www.facebook.com\/Laradiolitoral\/","article_published_time":"2023-04-14T16:25:11+00:00","article_modified_time":"2023-04-14T16:25:42+00:00","og_image":[{"width":384,"height":490,"url":"https:\/\/media.radiolitoral.com\/wp-content\/uploads\/2023\/04\/14182503\/qerveaf-1-384x490-1.jpg","type":"image\/jpeg"}],"author":"Mel Pescuezo","twitter_card":"summary_large_image","twitter_misc":{"Escrit per":"Mel Pescuezo","Temps estimat de lectura":"2 minuts"},"schema":{"@context":"https:\/\/schema.org","@graph":[{"@type":"NewsArticle","@id":"https:\/\/radiolitoral.com\/2023\/04\/manana-el-poble-nou-de-benitatxell-acoge-la-volta-a-peu\/#article","isPartOf":{"@id":"https:\/\/radiolitoral.com\/2023\/04\/manana-el-poble-nou-de-benitatxell-acoge-la-volta-a-peu\/"},"author":{"name":"Mel Pescuezo","@id":"https:\/\/radiolitoral.com\/#\/schema\/person\/aad4f72efa404f85b68e832d24cac059"},"headline":"Ma\u00f1ana El Poble Nou de Benitatxell acoge la Volta a Peu","datePublished":"2023-04-14T16:25:11+00:00","dateModified":"2023-04-14T16:25:42+00:00","mainEntityOfPage":{"@id":"https:\/\/radiolitoral.com\/2023\/04\/manana-el-poble-nou-de-benitatxell-acoge-la-volta-a-peu\/"},"wordCount":408,"commentCount":0,"publisher":{"@id":"https:\/\/radiolitoral.com\/#organization"},"image":{"@id":"https:\/\/radiolitoral.com\/2023\/04\/manana-el-poble-nou-de-benitatxell-acoge-la-volta-a-peu\/#primaryimage"},"thumbnailUrl":"https:\/\/media.radiolitoral.com\/wp-content\/uploads\/2023\/04\/14182503\/qerveaf-1-384x490-1.jpg","keywords":["Benitatxell","deportes Benitatxell","Volta a Peu"],"articleSection":["Deportes"],"inLanguage":"ca","potentialAction":[{"@type":"CommentAction","name":"Comment","target":["https:\/\/radiolitoral.com\/2023\/04\/manana-el-poble-nou-de-benitatxell-acoge-la-volta-a-peu\/#respond"]}]},{"@type":["WebPage","ItemPage"],"@id":"https:\/\/radiolitoral.com\/2023\/04\/manana-el-poble-nou-de-benitatxell-acoge-la-volta-a-peu\/","url":"https:\/\/radiolitoral.com\/2023\/04\/manana-el-poble-nou-de-benitatxell-acoge-la-volta-a-peu\/","name":"Dem\u00e0 El Poble Nou de Benitatxell acull la Volta a Peu | R\u00e0dio Litoral","isPartOf":{"@id":"https:\/\/radiolitoral.com\/#website"},"primaryImageOfPage":{"@id":"https:\/\/radiolitoral.com\/2023\/04\/manana-el-poble-nou-de-benitatxell-acoge-la-volta-a-peu\/#primaryimage"},"image":{"@id":"https:\/\/radiolitoral.com\/2023\/04\/manana-el-poble-nou-de-benitatxell-acoge-la-volta-a-peu\/#primaryimage"},"thumbnailUrl":"https:\/\/media.radiolitoral.com\/wp-content\/uploads\/2023\/04\/14182503\/qerveaf-1-384x490-1.jpg","datePublished":"2023-04-14T16:25:11+00:00","dateModified":"2023-04-14T16:25:42+00:00","description":"Les inscripcions finalitzen avui Les inscripcions finalitzen avui","breadcrumb":{"@id":"https:\/\/radiolitoral.com\/2023\/04\/manana-el-poble-nou-de-benitatxell-acoge-la-volta-a-peu\/#breadcrumb"},"inLanguage":"ca","potentialAction":[{"@type":"ReadAction","target":["https:\/\/radiolitoral.com\/2023\/04\/manana-el-poble-nou-de-benitatxell-acoge-la-volta-a-peu\/"]}]},{"@type":"ImageObject","inLanguage":"ca","@id":"https:\/\/radiolitoral.com\/2023\/04\/manana-el-poble-nou-de-benitatxell-acoge-la-volta-a-peu\/#primaryimage","url":"https:\/\/media.radiolitoral.com\/wp-content\/uploads\/2023\/04\/14182503\/qerveaf-1-384x490-1.jpg","contentUrl":"https:\/\/media.radiolitoral.com\/wp-content\/uploads\/2023\/04\/14182503\/qerveaf-1-384x490-1.jpg","width":384,"height":490},{"@type":"BreadcrumbList","@id":"https:\/\/radiolitoral.com\/2023\/04\/manana-el-poble-nou-de-benitatxell-acoge-la-volta-a-peu\/#breadcrumb","itemListElement":[{"@type":"ListItem","position":1,"name":"Portada","item":"https:\/\/radiolitoral.com\/"},{"@type":"ListItem","position":2,"name":"Ma\u00f1ana El Poble Nou de Benitatxell acoge la Volta a Peu"}]},{"@type":"WebSite","@id":"https:\/\/radiolitoral.com\/#website","url":"https:\/\/radiolitoral.com\/","name":"R\u00e0dio Litoral","description":"La r\u00e0dio local de la Marina Alta","publisher":{"@id":"https:\/\/radiolitoral.com\/#organization"},"alternateName":"Litoral FM","potentialAction":[{"@type":"SearchAction","target":{"@type":"EntryPoint","urlTemplate":"https:\/\/radiolitoral.com\/?s={search_term_string}"},"query-input":{"@type":"PropertyValueSpecification","valueRequired":true,"valueName":"search_term_string"}}],"inLanguage":"ca"},{"@type":"Organization","@id":"https:\/\/radiolitoral.com\/#organization","name":"R\u00e0dio Litoral","url":"https:\/\/radiolitoral.com\/","logo":{"@type":"ImageObject","inLanguage":"ca","@id":"https:\/\/radiolitoral.com\/#\/schema\/logo\/image\/","url":"https:\/\/media.radiolitoral.com\/wp-content\/uploads\/2023\/02\/24143238\/CL-V-RadioLitoral696.png","contentUrl":"https:\/\/media.radiolitoral.com\/wp-content\/uploads\/2023\/02\/24143238\/CL-V-RadioLitoral696.png","width":696,"height":696,"caption":"Radio Litoral"},"image":{"@id":"https:\/\/radiolitoral.com\/#\/schema\/logo\/image\/"},"sameAs":["https:\/\/www.facebook.com\/Laradiolitoral\/"]},{"@type":"Person","@id":"https:\/\/radiolitoral.com\/#\/schema\/person\/aad4f72efa404f85b68e832d24cac059","name":"Mel Pescuezo","image":{"@type":"ImageObject","inLanguage":"ca","@id":"https:\/\/secure.gravatar.com\/avatar\/993975ae489c70cb0dd9bfa9413a082f0bd276582dac13661af7b33f161e7eea?s=96&d=mm&r=g","url":"https:\/\/secure.gravatar.com\/avatar\/993975ae489c70cb0dd9bfa9413a082f0bd276582dac13661af7b33f161e7eea?s=96&d=mm&r=g","contentUrl":"https:\/\/secure.gravatar.com\/avatar\/993975ae489c70cb0dd9bfa9413a082f0bd276582dac13661af7b33f161e7eea?s=96&d=mm&r=g","caption":"Mel Pescuezo"},"url":"https:\/\/radiolitoral.com\/ca\/author\/serviciospararadios\/"}]}},"_links":{"self":[{"href":"https:\/\/radiolitoral.com\/ca\/wp-json\/wp\/v2\/posts\/2232","targetHints":{"allow":["GET"]}}],"collection":[{"href":"https:\/\/radiolitoral.com\/ca\/wp-json\/wp\/v2\/posts"}],"about":[{"href":"https:\/\/radiolitoral.com\/ca\/wp-json\/wp\/v2\/types\/post"}],"author":[{"embeddable":true,"href":"https:\/\/radiolitoral.com\/ca\/wp-json\/wp\/v2\/users\/21"}],"replies":[{"embeddable":true,"href":"https:\/\/radiolitoral.com\/ca\/wp-json\/wp\/v2\/comments?post=2232"}],"version-history":[{"count":1,"href":"https:\/\/radiolitoral.com\/ca\/wp-json\/wp\/v2\/posts\/2232\/revisions"}],"predecessor-version":[{"id":2234,"href":"https:\/\/radiolitoral.com\/ca\/wp-json\/wp\/v2\/posts\/2232\/revisions\/2234"}],"wp:featuredmedia":[{"embeddable":true,"href":"https:\/\/radiolitoral.com\/ca\/wp-json\/wp\/v2\/media\/2233"}],"wp:attachment":[{"href":"https:\/\/radiolitoral.com\/ca\/wp-json\/wp\/v2\/media?parent=2232"}],"wp:term":[{"taxonomy":"category","embeddable":true,"href":"https:\/\/radiolitoral.com\/ca\/wp-json\/wp\/v2\/categories?post=2232"},{"taxonomy":"post_tag","embeddable":true,"href":"https:\/\/radiolitoral.com\/ca\/wp-json\/wp\/v2\/tags?post=2232"}],"curies":[{"name":"wp","href":"https:\/\/api.w.org\/{rel}","templated":true}]}}