{"id":2202,"date":"2023-04-14T16:13:38","date_gmt":"2023-04-14T14:13:38","guid":{"rendered":"https:\/\/radiolitoral.com\/?p=2202"},"modified":"2023-04-14T16:13:57","modified_gmt":"2023-04-14T14:13:57","slug":"teulada-tindra-un-nou-refugi-climatic-al-pinaret-de-la-costa","status":"publish","type":"post","link":"https:\/\/radiolitoral.com\/ca\/2023\/04\/teulada-tendra-un-nuevo-refugio-climatico-en-el-pinaret-de-la-costa\/","title":{"rendered":"Teulada tindr\u00e0 un nou refugi clim\u00e0tic al Pinaret de la Costa"},"content":{"rendered":"<p><strong>Teulada tindr\u00e0 un nou refugi clim\u00e0tic al Pinaret de la Costa<\/strong>. Aix\u00ed ho han anunciat des del govern local. Fonts municipals expliquen que s&#039;hi ha invertit <strong>m\u00e9s de 52 mil euros<\/strong> (52.340\u20ac) a l&#039;adequaci\u00f3 d&#039;una zona verda a la Pineda del Pla de Teulada, comunament conegut com el Pinaret de la Costa, com a refugi clim\u00e0tic (contigu al recent inaugurat parc can\u00ed).<\/p>\n<p>Amb aquest projecte es pret\u00e9n adequar la parcel\u00b7la; millorar-la clim\u00e0ticament, funcionalment i dotacionalment; millorar l&#039;est\u00e8tica i la paisatg\u00edstica; <strong>instal\u00b7lar jocs infantils; i dotar-la de serveis<\/strong>, com ara taules de p\u00edcnic. Aquestes actuacions es basen en dissenyar i executar ladequaci\u00f3 de la zona com un espai recreatiu, adaptant-lo amb un equipament que mant\u00e9 les temperatures apropiades i obert a l\u00fas p\u00fablic en per\u00edodes de calor excessiva.<\/p>\n<p>El regidor de Serveis Generals, Jos\u00e9 Antonio Bisquert, ha definit aquesta iniciativa com \u201cuna alternativa d&#039;oci i esbarjo al municipi, on tant residents com visitants podran gaudir durant tot l&#039;any, especialment a la temporada estival, que tots busquem un rac\u00f3 d&#039;ombra on gaudir amb fam\u00edlia i amics\u201d.<\/p>\n<p>Per la seva banda, Ra\u00fal Llobell, alcalde de Teulada Moraira, ha afegit que aquesta \u201c\u00e9s una actuaci\u00f3 m\u00e9s per combatre els dies calorosos tan caracter\u00edstics de la nostra zona i que, juntament amb la piscina municipal propera al refugi clim\u00e0tic, ser\u00e0 una alternativa de lleure per a complementar lactivitat social del municipi a lestiu i durant tot lany\u00bb.<\/p>","protected":false},"excerpt":{"rendered":"<p>Teulada tendr\u00e1 un nuevo refugio clim\u00e1tico en el Pinaret de la Costa. As\u00ed lo han anunciado desde el gobierno local. Fuentes municipales explican que se ha invertido m\u00e1s de 52 mil euros (52.340\u20ac) en la adecuaci\u00f3n de una zona verde en el Pinar del Pla de Teulada, com\u00fanmente conocido como el Pinaret de la Costa, [&#8230;]<\/p>\n<p><a class=\"btn btn-secondary understrap-read-more-link\" href=\"https:\/\/radiolitoral.com\/ca\/2023\/04\/teulada-tendra-un-nuevo-refugio-climatico-en-el-pinaret-de-la-costa\/\">Continua llegint&#8230;<span class=\"screen-reader-text\"> from Teulada tendr\u00e1 un nuevo refugio clim\u00e1tico en el Pinaret de la Costa<\/span><\/a><\/p>\n","protected":false},"author":21,"featured_media":2203,"comment_status":"open","ping_status":"closed","sticky":false,"template":"","format":"standard","meta":{"_acf_changed":false,"inline_featured_image":false,"footnotes":""},"categories":[100],"tags":[523,146,522],"class_list":["post-2202","post","type-post","status-publish","format-standard","has-post-thumbnail","hentry","category-obras","tag-refugio-climatico","tag-teulada","tag-teulada-obras","cobertura-teulada-moraira"],"acf":[],"yoast_head":"<!-- This site is optimized with the Yoast SEO plugin v27.5 - https:\/\/yoast.com\/product\/yoast-seo-wordpress\/ -->\n<title>Teulada tendr\u00e1 un nuevo refugio clim\u00e1tico en el Pinaret de la Costa | R\u00e0dio Litoral<\/title>\n<meta name=\"description\" content=\"Con este proyecto se pretende adecuar la parcela, mejorarla clim\u00e1tica, funcional y dotacionalmente\" \/>\n<meta name=\"robots\" content=\"index, follow, max-snippet:-1, max-image-preview:large, max-video-preview:-1\" \/>\n<link rel=\"canonical\" href=\"https:\/\/radiolitoral.com\/ca\/2023\/04\/teulada-tindra-un-nou-refugi-climatic-al-pinaret-de-la-costa\/\" \/>\n<meta property=\"og:locale\" content=\"ca_ES\" \/>\n<meta property=\"og:type\" content=\"article\" \/>\n<meta property=\"og:title\" content=\"Teulada tendr\u00e1 un nuevo refugio clim\u00e1tico en el Pinaret de la Costa | R\u00e0dio Litoral\" \/>\n<meta property=\"og:description\" content=\"Con este proyecto se pretende adecuar la parcela, mejorarla clim\u00e1tica, funcional y dotacionalmente\" \/>\n<meta property=\"og:url\" content=\"https:\/\/radiolitoral.com\/ca\/2023\/04\/teulada-tindra-un-nou-refugi-climatic-al-pinaret-de-la-costa\/\" \/>\n<meta property=\"og:site_name\" content=\"R\u00e0dio Litoral\" \/>\n<meta property=\"article:publisher\" content=\"https:\/\/www.facebook.com\/Laradiolitoral\/\" \/>\n<meta property=\"article:published_time\" content=\"2023-04-14T14:13:38+00:00\" \/>\n<meta property=\"article:modified_time\" content=\"2023-04-14T14:13:57+00:00\" \/>\n<meta property=\"og:image\" content=\"https:\/\/media.radiolitoral.com\/wp-content\/uploads\/2023\/04\/14161319\/refugio-climatico-2-768x576-1.jpg\" \/>\n\t<meta property=\"og:image:width\" content=\"768\" \/>\n\t<meta property=\"og:image:height\" content=\"576\" \/>\n\t<meta property=\"og:image:type\" content=\"image\/jpeg\" \/>\n<meta name=\"author\" content=\"Mel Pescuezo\" \/>\n<meta name=\"twitter:card\" content=\"summary_large_image\" \/>\n<meta name=\"twitter:label1\" content=\"Escrit per\" \/>\n\t<meta name=\"twitter:data1\" content=\"Mel Pescuezo\" \/>\n\t<meta name=\"twitter:label2\" content=\"Temps estimat de lectura\" \/>\n\t<meta name=\"twitter:data2\" content=\"2 minuts\" \/>\n<script type=\"application\/ld+json\" class=\"yoast-schema-graph\">{\"@context\":\"https:\\\/\\\/schema.org\",\"@graph\":[{\"@type\":\"NewsArticle\",\"@id\":\"https:\\\/\\\/radiolitoral.com\\\/2023\\\/04\\\/teulada-tendra-un-nuevo-refugio-climatico-en-el-pinaret-de-la-costa\\\/#article\",\"isPartOf\":{\"@id\":\"https:\\\/\\\/radiolitoral.com\\\/2023\\\/04\\\/teulada-tendra-un-nuevo-refugio-climatico-en-el-pinaret-de-la-costa\\\/\"},\"author\":{\"name\":\"Mel Pescuezo\",\"@id\":\"https:\\\/\\\/radiolitoral.com\\\/#\\\/schema\\\/person\\\/aad4f72efa404f85b68e832d24cac059\"},\"headline\":\"Teulada tendr\u00e1 un nuevo refugio clim\u00e1tico en el Pinaret de la Costa\",\"datePublished\":\"2023-04-14T14:13:38+00:00\",\"dateModified\":\"2023-04-14T14:13:57+00:00\",\"mainEntityOfPage\":{\"@id\":\"https:\\\/\\\/radiolitoral.com\\\/2023\\\/04\\\/teulada-tendra-un-nuevo-refugio-climatico-en-el-pinaret-de-la-costa\\\/\"},\"wordCount\":278,\"commentCount\":0,\"publisher\":{\"@id\":\"https:\\\/\\\/radiolitoral.com\\\/#organization\"},\"image\":{\"@id\":\"https:\\\/\\\/radiolitoral.com\\\/2023\\\/04\\\/teulada-tendra-un-nuevo-refugio-climatico-en-el-pinaret-de-la-costa\\\/#primaryimage\"},\"thumbnailUrl\":\"https:\\\/\\\/media.radiolitoral.com\\\/wp-content\\\/uploads\\\/2023\\\/04\\\/14161319\\\/refugio-climatico-2-768x576-1.jpg\",\"keywords\":[\"refugio clim\u00e1tico\",\"Teulada\",\"Teulada obras\"],\"articleSection\":[\"Obras\"],\"inLanguage\":\"ca\",\"potentialAction\":[{\"@type\":\"CommentAction\",\"name\":\"Comment\",\"target\":[\"https:\\\/\\\/radiolitoral.com\\\/2023\\\/04\\\/teulada-tendra-un-nuevo-refugio-climatico-en-el-pinaret-de-la-costa\\\/#respond\"]}]},{\"@type\":[\"WebPage\",\"ItemPage\"],\"@id\":\"https:\\\/\\\/radiolitoral.com\\\/2023\\\/04\\\/teulada-tendra-un-nuevo-refugio-climatico-en-el-pinaret-de-la-costa\\\/\",\"url\":\"https:\\\/\\\/radiolitoral.com\\\/2023\\\/04\\\/teulada-tendra-un-nuevo-refugio-climatico-en-el-pinaret-de-la-costa\\\/\",\"name\":\"Teulada tendr\u00e1 un nuevo refugio clim\u00e1tico en el Pinaret de la Costa | R\u00e0dio Litoral\",\"isPartOf\":{\"@id\":\"https:\\\/\\\/radiolitoral.com\\\/#website\"},\"primaryImageOfPage\":{\"@id\":\"https:\\\/\\\/radiolitoral.com\\\/2023\\\/04\\\/teulada-tendra-un-nuevo-refugio-climatico-en-el-pinaret-de-la-costa\\\/#primaryimage\"},\"image\":{\"@id\":\"https:\\\/\\\/radiolitoral.com\\\/2023\\\/04\\\/teulada-tendra-un-nuevo-refugio-climatico-en-el-pinaret-de-la-costa\\\/#primaryimage\"},\"thumbnailUrl\":\"https:\\\/\\\/media.radiolitoral.com\\\/wp-content\\\/uploads\\\/2023\\\/04\\\/14161319\\\/refugio-climatico-2-768x576-1.jpg\",\"datePublished\":\"2023-04-14T14:13:38+00:00\",\"dateModified\":\"2023-04-14T14:13:57+00:00\",\"description\":\"Con este proyecto se pretende adecuar la parcela, mejorarla clim\u00e1tica, funcional y dotacionalmente\",\"breadcrumb\":{\"@id\":\"https:\\\/\\\/radiolitoral.com\\\/2023\\\/04\\\/teulada-tendra-un-nuevo-refugio-climatico-en-el-pinaret-de-la-costa\\\/#breadcrumb\"},\"inLanguage\":\"ca\",\"potentialAction\":[{\"@type\":\"ReadAction\",\"target\":[\"https:\\\/\\\/radiolitoral.com\\\/2023\\\/04\\\/teulada-tendra-un-nuevo-refugio-climatico-en-el-pinaret-de-la-costa\\\/\"]}]},{\"@type\":\"ImageObject\",\"inLanguage\":\"ca\",\"@id\":\"https:\\\/\\\/radiolitoral.com\\\/2023\\\/04\\\/teulada-tendra-un-nuevo-refugio-climatico-en-el-pinaret-de-la-costa\\\/#primaryimage\",\"url\":\"https:\\\/\\\/media.radiolitoral.com\\\/wp-content\\\/uploads\\\/2023\\\/04\\\/14161319\\\/refugio-climatico-2-768x576-1.jpg\",\"contentUrl\":\"https:\\\/\\\/media.radiolitoral.com\\\/wp-content\\\/uploads\\\/2023\\\/04\\\/14161319\\\/refugio-climatico-2-768x576-1.jpg\",\"width\":768,\"height\":576},{\"@type\":\"BreadcrumbList\",\"@id\":\"https:\\\/\\\/radiolitoral.com\\\/2023\\\/04\\\/teulada-tendra-un-nuevo-refugio-climatico-en-el-pinaret-de-la-costa\\\/#breadcrumb\",\"itemListElement\":[{\"@type\":\"ListItem\",\"position\":1,\"name\":\"Portada\",\"item\":\"https:\\\/\\\/radiolitoral.com\\\/\"},{\"@type\":\"ListItem\",\"position\":2,\"name\":\"Teulada tendr\u00e1 un nuevo refugio clim\u00e1tico en el Pinaret de la Costa\"}]},{\"@type\":\"WebSite\",\"@id\":\"https:\\\/\\\/radiolitoral.com\\\/#website\",\"url\":\"https:\\\/\\\/radiolitoral.com\\\/\",\"name\":\"Radio Litoral\",\"description\":\"La radio local de la Marina Alta\",\"publisher\":{\"@id\":\"https:\\\/\\\/radiolitoral.com\\\/#organization\"},\"alternateName\":\"Litoral FM\",\"potentialAction\":[{\"@type\":\"SearchAction\",\"target\":{\"@type\":\"EntryPoint\",\"urlTemplate\":\"https:\\\/\\\/radiolitoral.com\\\/?s={search_term_string}\"},\"query-input\":{\"@type\":\"PropertyValueSpecification\",\"valueRequired\":true,\"valueName\":\"search_term_string\"}}],\"inLanguage\":\"ca\"},{\"@type\":\"Organization\",\"@id\":\"https:\\\/\\\/radiolitoral.com\\\/#organization\",\"name\":\"Radio Litoral\",\"url\":\"https:\\\/\\\/radiolitoral.com\\\/\",\"logo\":{\"@type\":\"ImageObject\",\"inLanguage\":\"ca\",\"@id\":\"https:\\\/\\\/radiolitoral.com\\\/#\\\/schema\\\/logo\\\/image\\\/\",\"url\":\"https:\\\/\\\/media.radiolitoral.com\\\/wp-content\\\/uploads\\\/2023\\\/02\\\/24143238\\\/CL-V-RadioLitoral696.png\",\"contentUrl\":\"https:\\\/\\\/media.radiolitoral.com\\\/wp-content\\\/uploads\\\/2023\\\/02\\\/24143238\\\/CL-V-RadioLitoral696.png\",\"width\":696,\"height\":696,\"caption\":\"Radio Litoral\"},\"image\":{\"@id\":\"https:\\\/\\\/radiolitoral.com\\\/#\\\/schema\\\/logo\\\/image\\\/\"},\"sameAs\":[\"https:\\\/\\\/www.facebook.com\\\/Laradiolitoral\\\/\"]},{\"@type\":\"Person\",\"@id\":\"https:\\\/\\\/radiolitoral.com\\\/#\\\/schema\\\/person\\\/aad4f72efa404f85b68e832d24cac059\",\"name\":\"Mel Pescuezo\",\"image\":{\"@type\":\"ImageObject\",\"inLanguage\":\"ca\",\"@id\":\"https:\\\/\\\/secure.gravatar.com\\\/avatar\\\/993975ae489c70cb0dd9bfa9413a082f0bd276582dac13661af7b33f161e7eea?s=96&d=mm&r=g\",\"url\":\"https:\\\/\\\/secure.gravatar.com\\\/avatar\\\/993975ae489c70cb0dd9bfa9413a082f0bd276582dac13661af7b33f161e7eea?s=96&d=mm&r=g\",\"contentUrl\":\"https:\\\/\\\/secure.gravatar.com\\\/avatar\\\/993975ae489c70cb0dd9bfa9413a082f0bd276582dac13661af7b33f161e7eea?s=96&d=mm&r=g\",\"caption\":\"Mel Pescuezo\"},\"url\":\"https:\\\/\\\/radiolitoral.com\\\/ca\\\/author\\\/serviciospararadios\\\/\"}]}<\/script>\n<!-- \/ Yoast SEO plugin. -->","yoast_head_json":{"title":"Teulada tindr\u00e0 un nou refugi clim\u00e0tic al Pinaret de la Costa | R\u00e0dio Litoral","description":"Amb aquest projecte es pret\u00e9n adequar la parcel\u00b7la, millorar-la clim\u00e0ticament, funcionalment i dotacionalment","robots":{"index":"index","follow":"follow","max-snippet":"max-snippet:-1","max-image-preview":"max-image-preview:large","max-video-preview":"max-video-preview:-1"},"canonical":"https:\/\/radiolitoral.com\/ca\/2023\/04\/teulada-tindra-un-nou-refugi-climatic-al-pinaret-de-la-costa\/","og_locale":"ca_ES","og_type":"article","og_title":"Teulada tendr\u00e1 un nuevo refugio clim\u00e1tico en el Pinaret de la Costa | R\u00e0dio Litoral","og_description":"Con este proyecto se pretende adecuar la parcela, mejorarla clim\u00e1tica, funcional y dotacionalmente","og_url":"https:\/\/radiolitoral.com\/ca\/2023\/04\/teulada-tindra-un-nou-refugi-climatic-al-pinaret-de-la-costa\/","og_site_name":"R\u00e0dio Litoral","article_publisher":"https:\/\/www.facebook.com\/Laradiolitoral\/","article_published_time":"2023-04-14T14:13:38+00:00","article_modified_time":"2023-04-14T14:13:57+00:00","og_image":[{"width":768,"height":576,"url":"https:\/\/media.radiolitoral.com\/wp-content\/uploads\/2023\/04\/14161319\/refugio-climatico-2-768x576-1.jpg","type":"image\/jpeg"}],"author":"Mel Pescuezo","twitter_card":"summary_large_image","twitter_misc":{"Escrit per":"Mel Pescuezo","Temps estimat de lectura":"2 minuts"},"schema":{"@context":"https:\/\/schema.org","@graph":[{"@type":"NewsArticle","@id":"https:\/\/radiolitoral.com\/2023\/04\/teulada-tendra-un-nuevo-refugio-climatico-en-el-pinaret-de-la-costa\/#article","isPartOf":{"@id":"https:\/\/radiolitoral.com\/2023\/04\/teulada-tendra-un-nuevo-refugio-climatico-en-el-pinaret-de-la-costa\/"},"author":{"name":"Mel Pescuezo","@id":"https:\/\/radiolitoral.com\/#\/schema\/person\/aad4f72efa404f85b68e832d24cac059"},"headline":"Teulada tendr\u00e1 un nuevo refugio clim\u00e1tico en el Pinaret de la Costa","datePublished":"2023-04-14T14:13:38+00:00","dateModified":"2023-04-14T14:13:57+00:00","mainEntityOfPage":{"@id":"https:\/\/radiolitoral.com\/2023\/04\/teulada-tendra-un-nuevo-refugio-climatico-en-el-pinaret-de-la-costa\/"},"wordCount":278,"commentCount":0,"publisher":{"@id":"https:\/\/radiolitoral.com\/#organization"},"image":{"@id":"https:\/\/radiolitoral.com\/2023\/04\/teulada-tendra-un-nuevo-refugio-climatico-en-el-pinaret-de-la-costa\/#primaryimage"},"thumbnailUrl":"https:\/\/media.radiolitoral.com\/wp-content\/uploads\/2023\/04\/14161319\/refugio-climatico-2-768x576-1.jpg","keywords":["refugio clim\u00e1tico","Teulada","Teulada obras"],"articleSection":["Obras"],"inLanguage":"ca","potentialAction":[{"@type":"CommentAction","name":"Comment","target":["https:\/\/radiolitoral.com\/2023\/04\/teulada-tendra-un-nuevo-refugio-climatico-en-el-pinaret-de-la-costa\/#respond"]}]},{"@type":["WebPage","ItemPage"],"@id":"https:\/\/radiolitoral.com\/2023\/04\/teulada-tendra-un-nuevo-refugio-climatico-en-el-pinaret-de-la-costa\/","url":"https:\/\/radiolitoral.com\/2023\/04\/teulada-tendra-un-nuevo-refugio-climatico-en-el-pinaret-de-la-costa\/","name":"Teulada tindr\u00e0 un nou refugi clim\u00e0tic al Pinaret de la Costa | R\u00e0dio Litoral","isPartOf":{"@id":"https:\/\/radiolitoral.com\/#website"},"primaryImageOfPage":{"@id":"https:\/\/radiolitoral.com\/2023\/04\/teulada-tendra-un-nuevo-refugio-climatico-en-el-pinaret-de-la-costa\/#primaryimage"},"image":{"@id":"https:\/\/radiolitoral.com\/2023\/04\/teulada-tendra-un-nuevo-refugio-climatico-en-el-pinaret-de-la-costa\/#primaryimage"},"thumbnailUrl":"https:\/\/media.radiolitoral.com\/wp-content\/uploads\/2023\/04\/14161319\/refugio-climatico-2-768x576-1.jpg","datePublished":"2023-04-14T14:13:38+00:00","dateModified":"2023-04-14T14:13:57+00:00","description":"Amb aquest projecte es pret\u00e9n adequar la parcel\u00b7la, millorar-la clim\u00e0ticament, funcionalment i dotacionalment","breadcrumb":{"@id":"https:\/\/radiolitoral.com\/2023\/04\/teulada-tendra-un-nuevo-refugio-climatico-en-el-pinaret-de-la-costa\/#breadcrumb"},"inLanguage":"ca","potentialAction":[{"@type":"ReadAction","target":["https:\/\/radiolitoral.com\/2023\/04\/teulada-tendra-un-nuevo-refugio-climatico-en-el-pinaret-de-la-costa\/"]}]},{"@type":"ImageObject","inLanguage":"ca","@id":"https:\/\/radiolitoral.com\/2023\/04\/teulada-tendra-un-nuevo-refugio-climatico-en-el-pinaret-de-la-costa\/#primaryimage","url":"https:\/\/media.radiolitoral.com\/wp-content\/uploads\/2023\/04\/14161319\/refugio-climatico-2-768x576-1.jpg","contentUrl":"https:\/\/media.radiolitoral.com\/wp-content\/uploads\/2023\/04\/14161319\/refugio-climatico-2-768x576-1.jpg","width":768,"height":576},{"@type":"BreadcrumbList","@id":"https:\/\/radiolitoral.com\/2023\/04\/teulada-tendra-un-nuevo-refugio-climatico-en-el-pinaret-de-la-costa\/#breadcrumb","itemListElement":[{"@type":"ListItem","position":1,"name":"Portada","item":"https:\/\/radiolitoral.com\/"},{"@type":"ListItem","position":2,"name":"Teulada tendr\u00e1 un nuevo refugio clim\u00e1tico en el Pinaret de la Costa"}]},{"@type":"WebSite","@id":"https:\/\/radiolitoral.com\/#website","url":"https:\/\/radiolitoral.com\/","name":"R\u00e0dio Litoral","description":"La r\u00e0dio local de la Marina Alta","publisher":{"@id":"https:\/\/radiolitoral.com\/#organization"},"alternateName":"Litoral FM","potentialAction":[{"@type":"SearchAction","target":{"@type":"EntryPoint","urlTemplate":"https:\/\/radiolitoral.com\/?s={search_term_string}"},"query-input":{"@type":"PropertyValueSpecification","valueRequired":true,"valueName":"search_term_string"}}],"inLanguage":"ca"},{"@type":"Organization","@id":"https:\/\/radiolitoral.com\/#organization","name":"R\u00e0dio Litoral","url":"https:\/\/radiolitoral.com\/","logo":{"@type":"ImageObject","inLanguage":"ca","@id":"https:\/\/radiolitoral.com\/#\/schema\/logo\/image\/","url":"https:\/\/media.radiolitoral.com\/wp-content\/uploads\/2023\/02\/24143238\/CL-V-RadioLitoral696.png","contentUrl":"https:\/\/media.radiolitoral.com\/wp-content\/uploads\/2023\/02\/24143238\/CL-V-RadioLitoral696.png","width":696,"height":696,"caption":"Radio Litoral"},"image":{"@id":"https:\/\/radiolitoral.com\/#\/schema\/logo\/image\/"},"sameAs":["https:\/\/www.facebook.com\/Laradiolitoral\/"]},{"@type":"Person","@id":"https:\/\/radiolitoral.com\/#\/schema\/person\/aad4f72efa404f85b68e832d24cac059","name":"Mel Pescuezo","image":{"@type":"ImageObject","inLanguage":"ca","@id":"https:\/\/secure.gravatar.com\/avatar\/993975ae489c70cb0dd9bfa9413a082f0bd276582dac13661af7b33f161e7eea?s=96&d=mm&r=g","url":"https:\/\/secure.gravatar.com\/avatar\/993975ae489c70cb0dd9bfa9413a082f0bd276582dac13661af7b33f161e7eea?s=96&d=mm&r=g","contentUrl":"https:\/\/secure.gravatar.com\/avatar\/993975ae489c70cb0dd9bfa9413a082f0bd276582dac13661af7b33f161e7eea?s=96&d=mm&r=g","caption":"Mel Pescuezo"},"url":"https:\/\/radiolitoral.com\/ca\/author\/serviciospararadios\/"}]}},"_links":{"self":[{"href":"https:\/\/radiolitoral.com\/ca\/wp-json\/wp\/v2\/posts\/2202","targetHints":{"allow":["GET"]}}],"collection":[{"href":"https:\/\/radiolitoral.com\/ca\/wp-json\/wp\/v2\/posts"}],"about":[{"href":"https:\/\/radiolitoral.com\/ca\/wp-json\/wp\/v2\/types\/post"}],"author":[{"embeddable":true,"href":"https:\/\/radiolitoral.com\/ca\/wp-json\/wp\/v2\/users\/21"}],"replies":[{"embeddable":true,"href":"https:\/\/radiolitoral.com\/ca\/wp-json\/wp\/v2\/comments?post=2202"}],"version-history":[{"count":1,"href":"https:\/\/radiolitoral.com\/ca\/wp-json\/wp\/v2\/posts\/2202\/revisions"}],"predecessor-version":[{"id":2204,"href":"https:\/\/radiolitoral.com\/ca\/wp-json\/wp\/v2\/posts\/2202\/revisions\/2204"}],"wp:featuredmedia":[{"embeddable":true,"href":"https:\/\/radiolitoral.com\/ca\/wp-json\/wp\/v2\/media\/2203"}],"wp:attachment":[{"href":"https:\/\/radiolitoral.com\/ca\/wp-json\/wp\/v2\/media?parent=2202"}],"wp:term":[{"taxonomy":"category","embeddable":true,"href":"https:\/\/radiolitoral.com\/ca\/wp-json\/wp\/v2\/categories?post=2202"},{"taxonomy":"post_tag","embeddable":true,"href":"https:\/\/radiolitoral.com\/ca\/wp-json\/wp\/v2\/tags?post=2202"}],"curies":[{"name":"wp","href":"https:\/\/api.w.org\/{rel}","templated":true}]}}