{"id":2198,"date":"2023-04-14T15:56:39","date_gmt":"2023-04-14T13:56:39","guid":{"rendered":"https:\/\/radiolitoral.com\/?p=2198"},"modified":"2023-04-14T15:57:03","modified_gmt":"2023-04-14T13:57:03","slug":"oscar-vermell-i-jose-mandra-dels-sants-encapcalen-les-llistes-de-vox-en-calp-i-teulada","status":"publish","type":"post","link":"https:\/\/radiolitoral.com\/ca\/2023\/04\/oscar-rojo-y-jose-perez-de-los-santos-encabezan-las-listas-de-vox-en-calp-y-teulada\/","title":{"rendered":"\u00d3scar Rojo i Jos\u00e9 P\u00e9rez de los Santos encap\u00e7alen les llistes de Vox a Calp i Teulada"},"content":{"rendered":"<p><strong>Vox<\/strong> ha anunciat que <strong>presentar\u00e0 candidatures a les alcaldies dels ajuntaments de Calp i Teulada<\/strong>. La formaci\u00f3 avan\u00e7a que la llista a les municipals de maig <strong>a la ciutat del Penyal estar\u00e0<\/strong> <strong>encap\u00e7alada per \u00d3scar Rojo Jim\u00e9nez. Mentre que el n\u00famero 1 de la llista per a Teulada ser\u00e0 Jos\u00e9 P\u00e9rez de los Santos<\/strong>.<\/p>\n<p>&nbsp;<\/p>","protected":false},"excerpt":{"rendered":"<p>Vox ha anunciado que presentar\u00e1 candidaturas a las alcald\u00edas de los ayuntamientos de Calp y Teulada. La formaci\u00f3n avanza que su lista a las municipales de mayo en la ciudad del Pe\u00f1\u00f3n estar\u00e1 encabezada por \u00d3scar Rojo Jim\u00e9nez. Mientras que el n\u00famero 1 de la lista para Teulada ser\u00e1 Jos\u00e9 P\u00e9rez de los Santos. &nbsp; [&#8230;]<\/p>\n<p><a class=\"btn btn-secondary understrap-read-more-link\" href=\"https:\/\/radiolitoral.com\/ca\/2023\/04\/oscar-rojo-y-jose-perez-de-los-santos-encabezan-las-listas-de-vox-en-calp-y-teulada\/\">Continua llegint&#8230;<span class=\"screen-reader-text\"> from \u00d3scar Rojo y Jos\u00e9 P\u00e9rez de los Santos encabezan las listas de Vox en Calp y Teulada<\/span><\/a><\/p>\n","protected":false},"author":13,"featured_media":2199,"comment_status":"open","ping_status":"closed","sticky":false,"template":"","format":"standard","meta":{"_acf_changed":false,"inline_featured_image":false,"footnotes":""},"categories":[13],"tags":[161,519,520,521],"class_list":["post-2198","post","type-post","status-publish","format-standard","has-post-thumbnail","hentry","category-politica","tag-elecciones-2023","tag-vox","tag-vox-calp","tag-vox-teulada","cobertura-calp","cobertura-teulada-moraira"],"acf":[],"yoast_head":"<!-- This site is optimized with the Yoast SEO plugin v27.5 - https:\/\/yoast.com\/product\/yoast-seo-wordpress\/ -->\n<title>\u00d3scar Rojo y Jos\u00e9 P\u00e9rez de los Santos encabezan las listas de Vox en Calp y Teulada | R\u00e0dio Litoral<\/title>\n<meta name=\"description\" content=\"Vamos conociendo a los candidatos de la formaci\u00f3n en diferentes localidades\" \/>\n<meta name=\"robots\" content=\"index, follow, max-snippet:-1, max-image-preview:large, max-video-preview:-1\" \/>\n<link rel=\"canonical\" href=\"https:\/\/radiolitoral.com\/ca\/2023\/04\/oscar-vermell-i-jose-mandra-dels-sants-encapcalen-les-llistes-de-vox-en-calp-i-teulada\/\" \/>\n<meta property=\"og:locale\" content=\"ca_ES\" \/>\n<meta property=\"og:type\" content=\"article\" \/>\n<meta property=\"og:title\" content=\"\u00d3scar Rojo y Jos\u00e9 P\u00e9rez de los Santos encabezan las listas de Vox en Calp y Teulada | R\u00e0dio Litoral\" \/>\n<meta property=\"og:description\" content=\"Vamos conociendo a los candidatos de la formaci\u00f3n en diferentes localidades\" \/>\n<meta property=\"og:url\" content=\"https:\/\/radiolitoral.com\/ca\/2023\/04\/oscar-vermell-i-jose-mandra-dels-sants-encapcalen-les-llistes-de-vox-en-calp-i-teulada\/\" \/>\n<meta property=\"og:site_name\" content=\"R\u00e0dio Litoral\" \/>\n<meta property=\"article:publisher\" content=\"https:\/\/www.facebook.com\/Laradiolitoral\/\" \/>\n<meta property=\"article:published_time\" content=\"2023-04-14T13:56:39+00:00\" \/>\n<meta property=\"article:modified_time\" content=\"2023-04-14T13:57:03+00:00\" \/>\n<meta property=\"og:image\" content=\"https:\/\/media.radiolitoral.com\/wp-content\/uploads\/2023\/04\/14155402\/candidatos.jpg\" \/>\n\t<meta property=\"og:image:width\" content=\"661\" \/>\n\t<meta property=\"og:image:height\" content=\"455\" \/>\n\t<meta property=\"og:image:type\" content=\"image\/jpeg\" \/>\n<meta name=\"author\" content=\"Redacci\u00f3n\" \/>\n<meta name=\"twitter:card\" content=\"summary_large_image\" \/>\n<meta name=\"twitter:label1\" content=\"Escrit per\" \/>\n\t<meta name=\"twitter:data1\" content=\"Redacci\u00f3n\" \/>\n\t<meta name=\"twitter:label2\" content=\"Temps estimat de lectura\" \/>\n\t<meta name=\"twitter:data2\" content=\"1 minut\" \/>\n<script type=\"application\/ld+json\" class=\"yoast-schema-graph\">{\"@context\":\"https:\\\/\\\/schema.org\",\"@graph\":[{\"@type\":\"NewsArticle\",\"@id\":\"https:\\\/\\\/radiolitoral.com\\\/2023\\\/04\\\/oscar-rojo-y-jose-perez-de-los-santos-encabezan-las-listas-de-vox-en-calp-y-teulada\\\/#article\",\"isPartOf\":{\"@id\":\"https:\\\/\\\/radiolitoral.com\\\/2023\\\/04\\\/oscar-rojo-y-jose-perez-de-los-santos-encabezan-las-listas-de-vox-en-calp-y-teulada\\\/\"},\"author\":{\"name\":\"Redacci\u00f3n\",\"@id\":\"https:\\\/\\\/radiolitoral.com\\\/#\\\/schema\\\/person\\\/f2b2343c49b5d721857cc1002bfdb151\"},\"headline\":\"\u00d3scar Rojo y Jos\u00e9 P\u00e9rez de los Santos encabezan las listas de Vox en Calp y Teulada\",\"datePublished\":\"2023-04-14T13:56:39+00:00\",\"dateModified\":\"2023-04-14T13:57:03+00:00\",\"mainEntityOfPage\":{\"@id\":\"https:\\\/\\\/radiolitoral.com\\\/2023\\\/04\\\/oscar-rojo-y-jose-perez-de-los-santos-encabezan-las-listas-de-vox-en-calp-y-teulada\\\/\"},\"wordCount\":78,\"commentCount\":0,\"publisher\":{\"@id\":\"https:\\\/\\\/radiolitoral.com\\\/#organization\"},\"image\":{\"@id\":\"https:\\\/\\\/radiolitoral.com\\\/2023\\\/04\\\/oscar-rojo-y-jose-perez-de-los-santos-encabezan-las-listas-de-vox-en-calp-y-teulada\\\/#primaryimage\"},\"thumbnailUrl\":\"https:\\\/\\\/media.radiolitoral.com\\\/wp-content\\\/uploads\\\/2023\\\/04\\\/14155402\\\/candidatos.jpg\",\"keywords\":[\"elecciones 2023\",\"Vox\",\"Vox Calp\",\"Vox Teulada\"],\"articleSection\":[\"Pol\u00edtica\"],\"inLanguage\":\"ca\",\"potentialAction\":[{\"@type\":\"CommentAction\",\"name\":\"Comment\",\"target\":[\"https:\\\/\\\/radiolitoral.com\\\/2023\\\/04\\\/oscar-rojo-y-jose-perez-de-los-santos-encabezan-las-listas-de-vox-en-calp-y-teulada\\\/#respond\"]}]},{\"@type\":[\"WebPage\",\"ItemPage\"],\"@id\":\"https:\\\/\\\/radiolitoral.com\\\/2023\\\/04\\\/oscar-rojo-y-jose-perez-de-los-santos-encabezan-las-listas-de-vox-en-calp-y-teulada\\\/\",\"url\":\"https:\\\/\\\/radiolitoral.com\\\/2023\\\/04\\\/oscar-rojo-y-jose-perez-de-los-santos-encabezan-las-listas-de-vox-en-calp-y-teulada\\\/\",\"name\":\"\u00d3scar Rojo y Jos\u00e9 P\u00e9rez de los Santos encabezan las listas de Vox en Calp y Teulada | R\u00e0dio Litoral\",\"isPartOf\":{\"@id\":\"https:\\\/\\\/radiolitoral.com\\\/#website\"},\"primaryImageOfPage\":{\"@id\":\"https:\\\/\\\/radiolitoral.com\\\/2023\\\/04\\\/oscar-rojo-y-jose-perez-de-los-santos-encabezan-las-listas-de-vox-en-calp-y-teulada\\\/#primaryimage\"},\"image\":{\"@id\":\"https:\\\/\\\/radiolitoral.com\\\/2023\\\/04\\\/oscar-rojo-y-jose-perez-de-los-santos-encabezan-las-listas-de-vox-en-calp-y-teulada\\\/#primaryimage\"},\"thumbnailUrl\":\"https:\\\/\\\/media.radiolitoral.com\\\/wp-content\\\/uploads\\\/2023\\\/04\\\/14155402\\\/candidatos.jpg\",\"datePublished\":\"2023-04-14T13:56:39+00:00\",\"dateModified\":\"2023-04-14T13:57:03+00:00\",\"description\":\"Vamos conociendo a los candidatos de la formaci\u00f3n en diferentes localidades\",\"breadcrumb\":{\"@id\":\"https:\\\/\\\/radiolitoral.com\\\/2023\\\/04\\\/oscar-rojo-y-jose-perez-de-los-santos-encabezan-las-listas-de-vox-en-calp-y-teulada\\\/#breadcrumb\"},\"inLanguage\":\"ca\",\"potentialAction\":[{\"@type\":\"ReadAction\",\"target\":[\"https:\\\/\\\/radiolitoral.com\\\/2023\\\/04\\\/oscar-rojo-y-jose-perez-de-los-santos-encabezan-las-listas-de-vox-en-calp-y-teulada\\\/\"]}]},{\"@type\":\"ImageObject\",\"inLanguage\":\"ca\",\"@id\":\"https:\\\/\\\/radiolitoral.com\\\/2023\\\/04\\\/oscar-rojo-y-jose-perez-de-los-santos-encabezan-las-listas-de-vox-en-calp-y-teulada\\\/#primaryimage\",\"url\":\"https:\\\/\\\/media.radiolitoral.com\\\/wp-content\\\/uploads\\\/2023\\\/04\\\/14155402\\\/candidatos.jpg\",\"contentUrl\":\"https:\\\/\\\/media.radiolitoral.com\\\/wp-content\\\/uploads\\\/2023\\\/04\\\/14155402\\\/candidatos.jpg\",\"width\":661,\"height\":455},{\"@type\":\"BreadcrumbList\",\"@id\":\"https:\\\/\\\/radiolitoral.com\\\/2023\\\/04\\\/oscar-rojo-y-jose-perez-de-los-santos-encabezan-las-listas-de-vox-en-calp-y-teulada\\\/#breadcrumb\",\"itemListElement\":[{\"@type\":\"ListItem\",\"position\":1,\"name\":\"Portada\",\"item\":\"https:\\\/\\\/radiolitoral.com\\\/\"},{\"@type\":\"ListItem\",\"position\":2,\"name\":\"\u00d3scar Rojo y Jos\u00e9 P\u00e9rez de los Santos encabezan las listas de Vox en Calp y Teulada\"}]},{\"@type\":\"WebSite\",\"@id\":\"https:\\\/\\\/radiolitoral.com\\\/#website\",\"url\":\"https:\\\/\\\/radiolitoral.com\\\/\",\"name\":\"Radio Litoral\",\"description\":\"La radio local de la Marina Alta\",\"publisher\":{\"@id\":\"https:\\\/\\\/radiolitoral.com\\\/#organization\"},\"alternateName\":\"Litoral FM\",\"potentialAction\":[{\"@type\":\"SearchAction\",\"target\":{\"@type\":\"EntryPoint\",\"urlTemplate\":\"https:\\\/\\\/radiolitoral.com\\\/?s={search_term_string}\"},\"query-input\":{\"@type\":\"PropertyValueSpecification\",\"valueRequired\":true,\"valueName\":\"search_term_string\"}}],\"inLanguage\":\"ca\"},{\"@type\":\"Organization\",\"@id\":\"https:\\\/\\\/radiolitoral.com\\\/#organization\",\"name\":\"Radio Litoral\",\"url\":\"https:\\\/\\\/radiolitoral.com\\\/\",\"logo\":{\"@type\":\"ImageObject\",\"inLanguage\":\"ca\",\"@id\":\"https:\\\/\\\/radiolitoral.com\\\/#\\\/schema\\\/logo\\\/image\\\/\",\"url\":\"https:\\\/\\\/media.radiolitoral.com\\\/wp-content\\\/uploads\\\/2023\\\/02\\\/24143238\\\/CL-V-RadioLitoral696.png\",\"contentUrl\":\"https:\\\/\\\/media.radiolitoral.com\\\/wp-content\\\/uploads\\\/2023\\\/02\\\/24143238\\\/CL-V-RadioLitoral696.png\",\"width\":696,\"height\":696,\"caption\":\"Radio Litoral\"},\"image\":{\"@id\":\"https:\\\/\\\/radiolitoral.com\\\/#\\\/schema\\\/logo\\\/image\\\/\"},\"sameAs\":[\"https:\\\/\\\/www.facebook.com\\\/Laradiolitoral\\\/\"]},{\"@type\":\"Person\",\"@id\":\"https:\\\/\\\/radiolitoral.com\\\/#\\\/schema\\\/person\\\/f2b2343c49b5d721857cc1002bfdb151\",\"name\":\"Redacci\u00f3n\",\"image\":{\"@type\":\"ImageObject\",\"inLanguage\":\"ca\",\"@id\":\"https:\\\/\\\/secure.gravatar.com\\\/avatar\\\/f771d896c203ad8b3382d7905cfcce5a5c9b008b84b3cd9114e9b9f4cb63f789?s=96&d=mm&r=g\",\"url\":\"https:\\\/\\\/secure.gravatar.com\\\/avatar\\\/f771d896c203ad8b3382d7905cfcce5a5c9b008b84b3cd9114e9b9f4cb63f789?s=96&d=mm&r=g\",\"contentUrl\":\"https:\\\/\\\/secure.gravatar.com\\\/avatar\\\/f771d896c203ad8b3382d7905cfcce5a5c9b008b84b3cd9114e9b9f4cb63f789?s=96&d=mm&r=g\",\"caption\":\"Redacci\u00f3n\"},\"url\":\"https:\\\/\\\/radiolitoral.com\\\/ca\\\/author\\\/miriam-pagan\\\/\"}]}<\/script>\n<!-- \/ Yoast SEO plugin. -->","yoast_head_json":{"title":"\u00d3scar Rojo i Jos\u00e9 P\u00e9rez de los Santos encap\u00e7alen les llistes de Vox a Calp i Teulada | R\u00e0dio Litoral","description":"Anem coneixent els candidats de la formaci\u00f3 a diferents localitats","robots":{"index":"index","follow":"follow","max-snippet":"max-snippet:-1","max-image-preview":"max-image-preview:large","max-video-preview":"max-video-preview:-1"},"canonical":"https:\/\/radiolitoral.com\/ca\/2023\/04\/oscar-vermell-i-jose-mandra-dels-sants-encapcalen-les-llistes-de-vox-en-calp-i-teulada\/","og_locale":"ca_ES","og_type":"article","og_title":"\u00d3scar Rojo y Jos\u00e9 P\u00e9rez de los Santos encabezan las listas de Vox en Calp y Teulada | R\u00e0dio Litoral","og_description":"Vamos conociendo a los candidatos de la formaci\u00f3n en diferentes localidades","og_url":"https:\/\/radiolitoral.com\/ca\/2023\/04\/oscar-vermell-i-jose-mandra-dels-sants-encapcalen-les-llistes-de-vox-en-calp-i-teulada\/","og_site_name":"R\u00e0dio Litoral","article_publisher":"https:\/\/www.facebook.com\/Laradiolitoral\/","article_published_time":"2023-04-14T13:56:39+00:00","article_modified_time":"2023-04-14T13:57:03+00:00","og_image":[{"width":661,"height":455,"url":"https:\/\/media.radiolitoral.com\/wp-content\/uploads\/2023\/04\/14155402\/candidatos.jpg","type":"image\/jpeg"}],"author":"Redacci\u00f3n","twitter_card":"summary_large_image","twitter_misc":{"Escrit per":"Redacci\u00f3n","Temps estimat de lectura":"1 minut"},"schema":{"@context":"https:\/\/schema.org","@graph":[{"@type":"NewsArticle","@id":"https:\/\/radiolitoral.com\/2023\/04\/oscar-rojo-y-jose-perez-de-los-santos-encabezan-las-listas-de-vox-en-calp-y-teulada\/#article","isPartOf":{"@id":"https:\/\/radiolitoral.com\/2023\/04\/oscar-rojo-y-jose-perez-de-los-santos-encabezan-las-listas-de-vox-en-calp-y-teulada\/"},"author":{"name":"Redacci\u00f3n","@id":"https:\/\/radiolitoral.com\/#\/schema\/person\/f2b2343c49b5d721857cc1002bfdb151"},"headline":"\u00d3scar Rojo y Jos\u00e9 P\u00e9rez de los Santos encabezan las listas de Vox en Calp y Teulada","datePublished":"2023-04-14T13:56:39+00:00","dateModified":"2023-04-14T13:57:03+00:00","mainEntityOfPage":{"@id":"https:\/\/radiolitoral.com\/2023\/04\/oscar-rojo-y-jose-perez-de-los-santos-encabezan-las-listas-de-vox-en-calp-y-teulada\/"},"wordCount":78,"commentCount":0,"publisher":{"@id":"https:\/\/radiolitoral.com\/#organization"},"image":{"@id":"https:\/\/radiolitoral.com\/2023\/04\/oscar-rojo-y-jose-perez-de-los-santos-encabezan-las-listas-de-vox-en-calp-y-teulada\/#primaryimage"},"thumbnailUrl":"https:\/\/media.radiolitoral.com\/wp-content\/uploads\/2023\/04\/14155402\/candidatos.jpg","keywords":["elecciones 2023","Vox","Vox Calp","Vox Teulada"],"articleSection":["Pol\u00edtica"],"inLanguage":"ca","potentialAction":[{"@type":"CommentAction","name":"Comment","target":["https:\/\/radiolitoral.com\/2023\/04\/oscar-rojo-y-jose-perez-de-los-santos-encabezan-las-listas-de-vox-en-calp-y-teulada\/#respond"]}]},{"@type":["WebPage","ItemPage"],"@id":"https:\/\/radiolitoral.com\/2023\/04\/oscar-rojo-y-jose-perez-de-los-santos-encabezan-las-listas-de-vox-en-calp-y-teulada\/","url":"https:\/\/radiolitoral.com\/2023\/04\/oscar-rojo-y-jose-perez-de-los-santos-encabezan-las-listas-de-vox-en-calp-y-teulada\/","name":"\u00d3scar Rojo i Jos\u00e9 P\u00e9rez de los Santos encap\u00e7alen les llistes de Vox a Calp i Teulada | R\u00e0dio Litoral","isPartOf":{"@id":"https:\/\/radiolitoral.com\/#website"},"primaryImageOfPage":{"@id":"https:\/\/radiolitoral.com\/2023\/04\/oscar-rojo-y-jose-perez-de-los-santos-encabezan-las-listas-de-vox-en-calp-y-teulada\/#primaryimage"},"image":{"@id":"https:\/\/radiolitoral.com\/2023\/04\/oscar-rojo-y-jose-perez-de-los-santos-encabezan-las-listas-de-vox-en-calp-y-teulada\/#primaryimage"},"thumbnailUrl":"https:\/\/media.radiolitoral.com\/wp-content\/uploads\/2023\/04\/14155402\/candidatos.jpg","datePublished":"2023-04-14T13:56:39+00:00","dateModified":"2023-04-14T13:57:03+00:00","description":"Anem coneixent els candidats de la formaci\u00f3 a diferents localitats","breadcrumb":{"@id":"https:\/\/radiolitoral.com\/2023\/04\/oscar-rojo-y-jose-perez-de-los-santos-encabezan-las-listas-de-vox-en-calp-y-teulada\/#breadcrumb"},"inLanguage":"ca","potentialAction":[{"@type":"ReadAction","target":["https:\/\/radiolitoral.com\/2023\/04\/oscar-rojo-y-jose-perez-de-los-santos-encabezan-las-listas-de-vox-en-calp-y-teulada\/"]}]},{"@type":"ImageObject","inLanguage":"ca","@id":"https:\/\/radiolitoral.com\/2023\/04\/oscar-rojo-y-jose-perez-de-los-santos-encabezan-las-listas-de-vox-en-calp-y-teulada\/#primaryimage","url":"https:\/\/media.radiolitoral.com\/wp-content\/uploads\/2023\/04\/14155402\/candidatos.jpg","contentUrl":"https:\/\/media.radiolitoral.com\/wp-content\/uploads\/2023\/04\/14155402\/candidatos.jpg","width":661,"height":455},{"@type":"BreadcrumbList","@id":"https:\/\/radiolitoral.com\/2023\/04\/oscar-rojo-y-jose-perez-de-los-santos-encabezan-las-listas-de-vox-en-calp-y-teulada\/#breadcrumb","itemListElement":[{"@type":"ListItem","position":1,"name":"Portada","item":"https:\/\/radiolitoral.com\/"},{"@type":"ListItem","position":2,"name":"\u00d3scar Rojo y Jos\u00e9 P\u00e9rez de los Santos encabezan las listas de Vox en Calp y Teulada"}]},{"@type":"WebSite","@id":"https:\/\/radiolitoral.com\/#website","url":"https:\/\/radiolitoral.com\/","name":"R\u00e0dio Litoral","description":"La r\u00e0dio local de la Marina Alta","publisher":{"@id":"https:\/\/radiolitoral.com\/#organization"},"alternateName":"Litoral FM","potentialAction":[{"@type":"SearchAction","target":{"@type":"EntryPoint","urlTemplate":"https:\/\/radiolitoral.com\/?s={search_term_string}"},"query-input":{"@type":"PropertyValueSpecification","valueRequired":true,"valueName":"search_term_string"}}],"inLanguage":"ca"},{"@type":"Organization","@id":"https:\/\/radiolitoral.com\/#organization","name":"R\u00e0dio Litoral","url":"https:\/\/radiolitoral.com\/","logo":{"@type":"ImageObject","inLanguage":"ca","@id":"https:\/\/radiolitoral.com\/#\/schema\/logo\/image\/","url":"https:\/\/media.radiolitoral.com\/wp-content\/uploads\/2023\/02\/24143238\/CL-V-RadioLitoral696.png","contentUrl":"https:\/\/media.radiolitoral.com\/wp-content\/uploads\/2023\/02\/24143238\/CL-V-RadioLitoral696.png","width":696,"height":696,"caption":"Radio Litoral"},"image":{"@id":"https:\/\/radiolitoral.com\/#\/schema\/logo\/image\/"},"sameAs":["https:\/\/www.facebook.com\/Laradiolitoral\/"]},{"@type":"Person","@id":"https:\/\/radiolitoral.com\/#\/schema\/person\/f2b2343c49b5d721857cc1002bfdb151","name":"Redacci\u00f3","image":{"@type":"ImageObject","inLanguage":"ca","@id":"https:\/\/secure.gravatar.com\/avatar\/f771d896c203ad8b3382d7905cfcce5a5c9b008b84b3cd9114e9b9f4cb63f789?s=96&d=mm&r=g","url":"https:\/\/secure.gravatar.com\/avatar\/f771d896c203ad8b3382d7905cfcce5a5c9b008b84b3cd9114e9b9f4cb63f789?s=96&d=mm&r=g","contentUrl":"https:\/\/secure.gravatar.com\/avatar\/f771d896c203ad8b3382d7905cfcce5a5c9b008b84b3cd9114e9b9f4cb63f789?s=96&d=mm&r=g","caption":"Redacci\u00f3n"},"url":"https:\/\/radiolitoral.com\/ca\/author\/miriam-pagan\/"}]}},"_links":{"self":[{"href":"https:\/\/radiolitoral.com\/ca\/wp-json\/wp\/v2\/posts\/2198","targetHints":{"allow":["GET"]}}],"collection":[{"href":"https:\/\/radiolitoral.com\/ca\/wp-json\/wp\/v2\/posts"}],"about":[{"href":"https:\/\/radiolitoral.com\/ca\/wp-json\/wp\/v2\/types\/post"}],"author":[{"embeddable":true,"href":"https:\/\/radiolitoral.com\/ca\/wp-json\/wp\/v2\/users\/13"}],"replies":[{"embeddable":true,"href":"https:\/\/radiolitoral.com\/ca\/wp-json\/wp\/v2\/comments?post=2198"}],"version-history":[{"count":1,"href":"https:\/\/radiolitoral.com\/ca\/wp-json\/wp\/v2\/posts\/2198\/revisions"}],"predecessor-version":[{"id":2200,"href":"https:\/\/radiolitoral.com\/ca\/wp-json\/wp\/v2\/posts\/2198\/revisions\/2200"}],"wp:featuredmedia":[{"embeddable":true,"href":"https:\/\/radiolitoral.com\/ca\/wp-json\/wp\/v2\/media\/2199"}],"wp:attachment":[{"href":"https:\/\/radiolitoral.com\/ca\/wp-json\/wp\/v2\/media?parent=2198"}],"wp:term":[{"taxonomy":"category","embeddable":true,"href":"https:\/\/radiolitoral.com\/ca\/wp-json\/wp\/v2\/categories?post=2198"},{"taxonomy":"post_tag","embeddable":true,"href":"https:\/\/radiolitoral.com\/ca\/wp-json\/wp\/v2\/tags?post=2198"}],"curies":[{"name":"wp","href":"https:\/\/api.w.org\/{rel}","templated":true}]}}