{"id":2184,"date":"2023-04-14T15:20:41","date_gmt":"2023-04-14T13:20:41","guid":{"rendered":"https:\/\/radiolitoral.com\/?p=2184"},"modified":"2023-04-14T15:32:36","modified_gmt":"2023-04-14T13:32:36","slug":"comite-dempresa-del-dsd-i-alcaldes-de-la-marina-alta-sol%c2%b7licitaran-a-puig-la-signatura-dun-decret-per-a-la-reversio-immediata-de-la-sanitat","status":"publish","type":"post","link":"https:\/\/radiolitoral.com\/ca\/2023\/04\/comite-de-empresa-del-dsd-y-alcaldes-de-la-marina-alta-solicitaran-a-puig-la-firma-de-un-decreto-para-la-reversion-inmediata-de-la-sanidad\/","title":{"rendered":"Comit\u00e8 d&#039;Empresa del DSD i alcaldes de la Marina Alta sol\u00b7licitaran a Puig la signatura d&#039;un decret per a la reversi\u00f3 immediata de la sanitat"},"content":{"rendered":"<p>Divendres que ve <strong>21 d&#039;abril la defensa per una sanitat de qualitat a la Marina Alta tornar\u00e0 a sortir al carrer<\/strong>. Una mobilitzaci\u00f3 convocada pel Comit\u00e8 d&#039;Empresa de l&#039;Hospital Marina Salut i que comptar\u00e0 amb el suport i l&#039;assist\u00e8ncia dels alcaldes de la comarca. Aix\u00ed es va confirmar ahir en una trobada entre els representants dels treballadors i els municipis de la Marina Alta.<\/p>\n<p>De nou, la <strong>complicada situaci\u00f3 en qu\u00e8 es troben els treballadors<\/strong> del Departament de Salut de D\u00e9nia, obliga a al\u00e7ar la veu i alertar d&#039;una realitat que repercuteix greument als pacients de la comarca, com explica <strong>Joan Sarri\u00f3s, president del Comit\u00e8 d\u00b4Empresa<\/strong>. Sarri\u00f3s adverteix que la situaci\u00f3 que arrossega la plantilla del Departament de Salut de D\u00e9nia, sense millores en les condicions laborals des de fa gaireb\u00e9 una d\u00e8cada, <strong>est\u00e0 comportant una fuita cont\u00ednua de professionals i, per tant, l&#039;empitjorament de l&#039;assist\u00e8ncia<\/strong> sanit\u00e0ria a la comarca.<\/p>\n<p>Sarrios reivindica una atenci\u00f3 assistencial universal i de qualitat i fa una crida a tota la poblaci\u00f3 a sumar-se a aquesta mobilitzaci\u00f3 reivindicativa per un dret b\u00e0sic.<\/p>\n<audio class=\"wp-audio-shortcode\" id=\"audio-2184-1\" preload=\"none\" style=\"width: 100%;\" controls=\"controls\"><source type=\"audio\/mpeg\" src=\"https:\/\/media.radiolitoral.com\/wp-content\/uploads\/2023\/04\/14151350\/Comite-Empresa-Marina-Salud-1.mp3?_=1\" \/><a href=\"https:\/\/media.radiolitoral.com\/wp-content\/uploads\/2023\/04\/14151350\/Comite-Empresa-Marina-Salud-1.mp3\">https:\/\/media.radiolitoral.com\/wp-content\/uploads\/2023\/04\/14151350\/Comite-Empresa-Marina-Salud-1.mp3<\/a><\/audio>\n<p>La manifestaci\u00f3 del proper <strong>21 d&#039;abril tindr\u00e0 lloc a D\u00e9nia, a les 19 hores. La mobilitzaci\u00f3 sortir\u00e0 del carrer Marques de Campo i finalitzar\u00e0 a la pla\u00e7a del Consell<\/strong>.<\/p>\n<p>Des del Comit\u00e8 d\u00b4Empresa s\u00b4han reunit amb els alcaldes de la comarca a la recerca de suports pol\u00edtics. D&#039;aquesta trobada, celebrada ahir, s&#039;extreu el comprom\u00eds dels municipis d&#039;assistir a la convocat\u00f2ria de divendres que ve, per\u00f2 tamb\u00e9 recolzaran els treballadors sol\u00b7licitant conjuntament amb els representants dels professionals sanitaris la signatura d&#039;un decret per a la reversi\u00f3 immediata del Departament de Salut de D\u00e9nia.<\/p>\n<p><strong>Ver\u00f3nica Ramos \u00e9s secret\u00e0ria del Comit\u00e8 d&#039;Empresa:<\/strong><\/p>\n<audio class=\"wp-audio-shortcode\" id=\"audio-2184-2\" preload=\"none\" style=\"width: 100%;\" controls=\"controls\"><source type=\"audio\/mpeg\" src=\"https:\/\/media.radiolitoral.com\/wp-content\/uploads\/2023\/04\/14151443\/Comite-Empresa-Marina-Salud-2.mp3?_=2\" \/><a href=\"https:\/\/media.radiolitoral.com\/wp-content\/uploads\/2023\/04\/14151443\/Comite-Empresa-Marina-Salud-2.mp3\">https:\/\/media.radiolitoral.com\/wp-content\/uploads\/2023\/04\/14151443\/Comite-Empresa-Marina-Salud-2.mp3<\/a><\/audio>","protected":false},"excerpt":{"rendered":"<p>El pr\u00f3ximo viernes 21 de abril la defensa por una sanidad de calidad en la Marina Alta volver\u00e1 a salir a la calle. Una movilizaci\u00f3n convocada por el Comit\u00e9 de Empresa del Hospital Marina Salud y que contar\u00e1 con el respaldo y asistencia de los alcaldes de la comarca. As\u00ed se confirm\u00f3 ayer en un [&#8230;]<\/p>\n<p><a class=\"btn btn-secondary understrap-read-more-link\" href=\"https:\/\/radiolitoral.com\/ca\/2023\/04\/comite-de-empresa-del-dsd-y-alcaldes-de-la-marina-alta-solicitaran-a-puig-la-firma-de-un-decreto-para-la-reversion-inmediata-de-la-sanidad\/\">Continua llegint&#8230;<span class=\"screen-reader-text\"> from Comit\u00e9 de Empresa del DSD y alcaldes de la Marina Alta solicitar\u00e1n a Puig la firma de un decreto para la reversi\u00f3n inmediata de la sanidad<\/span><\/a><\/p>\n","protected":false},"author":13,"featured_media":2190,"comment_status":"open","ping_status":"closed","sticky":false,"template":"","format":"standard","meta":{"_acf_changed":false,"inline_featured_image":false,"footnotes":""},"categories":[380],"tags":[516,515,66],"class_list":["post-2184","post","type-post","status-publish","format-standard","has-post-thumbnail","hentry","category-sanidad","tag-huelga-sanidad","tag-manifestacion-por-la-sanidad","tag-reversion","cobertura-marina-alta"],"acf":[],"yoast_head":"<!-- This site is optimized with the Yoast SEO plugin v27.5 - https:\/\/yoast.com\/product\/yoast-seo-wordpress\/ -->\n<title>Comit\u00e9 de Empresa del DSD y alcaldes de la Marina Alta solicitar\u00e1n a Puig la firma de un decreto para la reversi\u00f3n inmediata de la sanidad | R\u00e0dio Litoral<\/title>\n<meta name=\"description\" content=\"El 21 de abril, la defensa por una sanidad de calidad en la Marina Alta volver\u00e1 a salir a la calle El 21 de abril, la defensa por una sanidad de calidad en la Marina Alta volver\u00e1 a salir a la calle\" \/>\n<meta name=\"robots\" content=\"index, follow, max-snippet:-1, max-image-preview:large, max-video-preview:-1\" \/>\n<link rel=\"canonical\" href=\"https:\/\/radiolitoral.com\/ca\/2023\/04\/comite-dempresa-del-dsd-i-alcaldes-de-la-marina-alta-sol\u00b7licitaran-a-puig-la-signatura-dun-decret-per-a-la-reversio-immediata-de-la-sanitat\/\" \/>\n<meta property=\"og:locale\" content=\"ca_ES\" \/>\n<meta property=\"og:type\" content=\"article\" \/>\n<meta property=\"og:title\" content=\"Comit\u00e9 de Empresa del DSD y alcaldes de la Marina Alta solicitar\u00e1n a Puig la firma de un decreto para la reversi\u00f3n inmediata de la sanidad | R\u00e0dio Litoral\" \/>\n<meta property=\"og:description\" content=\"El 21 de abril, la defensa por una sanidad de calidad en la Marina Alta volver\u00e1 a salir a la calle El 21 de abril, la defensa por una sanidad de calidad en la Marina Alta volver\u00e1 a salir a la calle\" \/>\n<meta property=\"og:url\" content=\"https:\/\/radiolitoral.com\/ca\/2023\/04\/comite-dempresa-del-dsd-i-alcaldes-de-la-marina-alta-sol\u00b7licitaran-a-puig-la-signatura-dun-decret-per-a-la-reversio-immediata-de-la-sanitat\/\" \/>\n<meta property=\"og:site_name\" content=\"R\u00e0dio Litoral\" \/>\n<meta property=\"article:publisher\" content=\"https:\/\/www.facebook.com\/Laradiolitoral\/\" \/>\n<meta property=\"article:published_time\" content=\"2023-04-14T13:20:41+00:00\" \/>\n<meta property=\"article:modified_time\" content=\"2023-04-14T13:32:36+00:00\" \/>\n<meta property=\"og:image\" content=\"https:\/\/media.radiolitoral.com\/wp-content\/uploads\/2023\/04\/14153141\/manifestacio.jpg\" \/>\n\t<meta property=\"og:image:width\" content=\"1554\" \/>\n\t<meta property=\"og:image:height\" content=\"1186\" \/>\n\t<meta property=\"og:image:type\" content=\"image\/jpeg\" \/>\n<meta name=\"author\" content=\"Redacci\u00f3n\" \/>\n<meta name=\"twitter:card\" content=\"summary_large_image\" \/>\n<meta name=\"twitter:label1\" content=\"Escrit per\" \/>\n\t<meta name=\"twitter:data1\" content=\"Redacci\u00f3n\" \/>\n\t<meta name=\"twitter:label2\" content=\"Temps estimat de lectura\" \/>\n\t<meta name=\"twitter:data2\" content=\"2 minuts\" \/>\n<script type=\"application\/ld+json\" class=\"yoast-schema-graph\">{\"@context\":\"https:\\\/\\\/schema.org\",\"@graph\":[{\"@type\":\"NewsArticle\",\"@id\":\"https:\\\/\\\/radiolitoral.com\\\/2023\\\/04\\\/comite-de-empresa-del-dsd-y-alcaldes-de-la-marina-alta-solicitaran-a-puig-la-firma-de-un-decreto-para-la-reversion-inmediata-de-la-sanidad\\\/#article\",\"isPartOf\":{\"@id\":\"https:\\\/\\\/radiolitoral.com\\\/2023\\\/04\\\/comite-de-empresa-del-dsd-y-alcaldes-de-la-marina-alta-solicitaran-a-puig-la-firma-de-un-decreto-para-la-reversion-inmediata-de-la-sanidad\\\/\"},\"author\":{\"name\":\"Redacci\u00f3n\",\"@id\":\"https:\\\/\\\/radiolitoral.com\\\/#\\\/schema\\\/person\\\/f2b2343c49b5d721857cc1002bfdb151\"},\"headline\":\"Comit\u00e9 de Empresa del DSD y alcaldes de la Marina Alta solicitar\u00e1n a Puig la firma de un decreto para la reversi\u00f3n inmediata de la sanidad\",\"datePublished\":\"2023-04-14T13:20:41+00:00\",\"dateModified\":\"2023-04-14T13:32:36+00:00\",\"mainEntityOfPage\":{\"@id\":\"https:\\\/\\\/radiolitoral.com\\\/2023\\\/04\\\/comite-de-empresa-del-dsd-y-alcaldes-de-la-marina-alta-solicitaran-a-puig-la-firma-de-un-decreto-para-la-reversion-inmediata-de-la-sanidad\\\/\"},\"wordCount\":368,\"commentCount\":0,\"publisher\":{\"@id\":\"https:\\\/\\\/radiolitoral.com\\\/#organization\"},\"image\":{\"@id\":\"https:\\\/\\\/radiolitoral.com\\\/2023\\\/04\\\/comite-de-empresa-del-dsd-y-alcaldes-de-la-marina-alta-solicitaran-a-puig-la-firma-de-un-decreto-para-la-reversion-inmediata-de-la-sanidad\\\/#primaryimage\"},\"thumbnailUrl\":\"https:\\\/\\\/media.radiolitoral.com\\\/wp-content\\\/uploads\\\/2023\\\/04\\\/14153141\\\/manifestacio.jpg\",\"keywords\":[\"huelga sanidad\",\"manifestaci\u00f3n por la sanidad\",\"Reversi\u00f3n\"],\"articleSection\":[\"Sanidad\"],\"inLanguage\":\"ca\",\"potentialAction\":[{\"@type\":\"CommentAction\",\"name\":\"Comment\",\"target\":[\"https:\\\/\\\/radiolitoral.com\\\/2023\\\/04\\\/comite-de-empresa-del-dsd-y-alcaldes-de-la-marina-alta-solicitaran-a-puig-la-firma-de-un-decreto-para-la-reversion-inmediata-de-la-sanidad\\\/#respond\"]}]},{\"@type\":[\"WebPage\",\"ItemPage\"],\"@id\":\"https:\\\/\\\/radiolitoral.com\\\/2023\\\/04\\\/comite-de-empresa-del-dsd-y-alcaldes-de-la-marina-alta-solicitaran-a-puig-la-firma-de-un-decreto-para-la-reversion-inmediata-de-la-sanidad\\\/\",\"url\":\"https:\\\/\\\/radiolitoral.com\\\/2023\\\/04\\\/comite-de-empresa-del-dsd-y-alcaldes-de-la-marina-alta-solicitaran-a-puig-la-firma-de-un-decreto-para-la-reversion-inmediata-de-la-sanidad\\\/\",\"name\":\"Comit\u00e9 de Empresa del DSD y alcaldes de la Marina Alta solicitar\u00e1n a Puig la firma de un decreto para la reversi\u00f3n inmediata de la sanidad | R\u00e0dio Litoral\",\"isPartOf\":{\"@id\":\"https:\\\/\\\/radiolitoral.com\\\/#website\"},\"primaryImageOfPage\":{\"@id\":\"https:\\\/\\\/radiolitoral.com\\\/2023\\\/04\\\/comite-de-empresa-del-dsd-y-alcaldes-de-la-marina-alta-solicitaran-a-puig-la-firma-de-un-decreto-para-la-reversion-inmediata-de-la-sanidad\\\/#primaryimage\"},\"image\":{\"@id\":\"https:\\\/\\\/radiolitoral.com\\\/2023\\\/04\\\/comite-de-empresa-del-dsd-y-alcaldes-de-la-marina-alta-solicitaran-a-puig-la-firma-de-un-decreto-para-la-reversion-inmediata-de-la-sanidad\\\/#primaryimage\"},\"thumbnailUrl\":\"https:\\\/\\\/media.radiolitoral.com\\\/wp-content\\\/uploads\\\/2023\\\/04\\\/14153141\\\/manifestacio.jpg\",\"datePublished\":\"2023-04-14T13:20:41+00:00\",\"dateModified\":\"2023-04-14T13:32:36+00:00\",\"description\":\"El 21 de abril, la defensa por una sanidad de calidad en la Marina Alta volver\u00e1 a salir a la calle El 21 de abril, la defensa por una sanidad de calidad en la Marina Alta volver\u00e1 a salir a la calle\",\"breadcrumb\":{\"@id\":\"https:\\\/\\\/radiolitoral.com\\\/2023\\\/04\\\/comite-de-empresa-del-dsd-y-alcaldes-de-la-marina-alta-solicitaran-a-puig-la-firma-de-un-decreto-para-la-reversion-inmediata-de-la-sanidad\\\/#breadcrumb\"},\"inLanguage\":\"ca\",\"potentialAction\":[{\"@type\":\"ReadAction\",\"target\":[\"https:\\\/\\\/radiolitoral.com\\\/2023\\\/04\\\/comite-de-empresa-del-dsd-y-alcaldes-de-la-marina-alta-solicitaran-a-puig-la-firma-de-un-decreto-para-la-reversion-inmediata-de-la-sanidad\\\/\"]}]},{\"@type\":\"ImageObject\",\"inLanguage\":\"ca\",\"@id\":\"https:\\\/\\\/radiolitoral.com\\\/2023\\\/04\\\/comite-de-empresa-del-dsd-y-alcaldes-de-la-marina-alta-solicitaran-a-puig-la-firma-de-un-decreto-para-la-reversion-inmediata-de-la-sanidad\\\/#primaryimage\",\"url\":\"https:\\\/\\\/media.radiolitoral.com\\\/wp-content\\\/uploads\\\/2023\\\/04\\\/14153141\\\/manifestacio.jpg\",\"contentUrl\":\"https:\\\/\\\/media.radiolitoral.com\\\/wp-content\\\/uploads\\\/2023\\\/04\\\/14153141\\\/manifestacio.jpg\",\"width\":1554,\"height\":1186},{\"@type\":\"BreadcrumbList\",\"@id\":\"https:\\\/\\\/radiolitoral.com\\\/2023\\\/04\\\/comite-de-empresa-del-dsd-y-alcaldes-de-la-marina-alta-solicitaran-a-puig-la-firma-de-un-decreto-para-la-reversion-inmediata-de-la-sanidad\\\/#breadcrumb\",\"itemListElement\":[{\"@type\":\"ListItem\",\"position\":1,\"name\":\"Portada\",\"item\":\"https:\\\/\\\/radiolitoral.com\\\/\"},{\"@type\":\"ListItem\",\"position\":2,\"name\":\"Comit\u00e9 de Empresa del DSD y alcaldes de la Marina Alta solicitar\u00e1n a Puig la firma de un decreto para la reversi\u00f3n inmediata de la sanidad\"}]},{\"@type\":\"WebSite\",\"@id\":\"https:\\\/\\\/radiolitoral.com\\\/#website\",\"url\":\"https:\\\/\\\/radiolitoral.com\\\/\",\"name\":\"Radio Litoral\",\"description\":\"La radio local de la Marina Alta\",\"publisher\":{\"@id\":\"https:\\\/\\\/radiolitoral.com\\\/#organization\"},\"alternateName\":\"Litoral FM\",\"potentialAction\":[{\"@type\":\"SearchAction\",\"target\":{\"@type\":\"EntryPoint\",\"urlTemplate\":\"https:\\\/\\\/radiolitoral.com\\\/?s={search_term_string}\"},\"query-input\":{\"@type\":\"PropertyValueSpecification\",\"valueRequired\":true,\"valueName\":\"search_term_string\"}}],\"inLanguage\":\"ca\"},{\"@type\":\"Organization\",\"@id\":\"https:\\\/\\\/radiolitoral.com\\\/#organization\",\"name\":\"Radio Litoral\",\"url\":\"https:\\\/\\\/radiolitoral.com\\\/\",\"logo\":{\"@type\":\"ImageObject\",\"inLanguage\":\"ca\",\"@id\":\"https:\\\/\\\/radiolitoral.com\\\/#\\\/schema\\\/logo\\\/image\\\/\",\"url\":\"https:\\\/\\\/media.radiolitoral.com\\\/wp-content\\\/uploads\\\/2023\\\/02\\\/24143238\\\/CL-V-RadioLitoral696.png\",\"contentUrl\":\"https:\\\/\\\/media.radiolitoral.com\\\/wp-content\\\/uploads\\\/2023\\\/02\\\/24143238\\\/CL-V-RadioLitoral696.png\",\"width\":696,\"height\":696,\"caption\":\"Radio Litoral\"},\"image\":{\"@id\":\"https:\\\/\\\/radiolitoral.com\\\/#\\\/schema\\\/logo\\\/image\\\/\"},\"sameAs\":[\"https:\\\/\\\/www.facebook.com\\\/Laradiolitoral\\\/\"]},{\"@type\":\"Person\",\"@id\":\"https:\\\/\\\/radiolitoral.com\\\/#\\\/schema\\\/person\\\/f2b2343c49b5d721857cc1002bfdb151\",\"name\":\"Redacci\u00f3n\",\"image\":{\"@type\":\"ImageObject\",\"inLanguage\":\"ca\",\"@id\":\"https:\\\/\\\/secure.gravatar.com\\\/avatar\\\/f771d896c203ad8b3382d7905cfcce5a5c9b008b84b3cd9114e9b9f4cb63f789?s=96&d=mm&r=g\",\"url\":\"https:\\\/\\\/secure.gravatar.com\\\/avatar\\\/f771d896c203ad8b3382d7905cfcce5a5c9b008b84b3cd9114e9b9f4cb63f789?s=96&d=mm&r=g\",\"contentUrl\":\"https:\\\/\\\/secure.gravatar.com\\\/avatar\\\/f771d896c203ad8b3382d7905cfcce5a5c9b008b84b3cd9114e9b9f4cb63f789?s=96&d=mm&r=g\",\"caption\":\"Redacci\u00f3n\"},\"url\":\"https:\\\/\\\/radiolitoral.com\\\/ca\\\/author\\\/miriam-pagan\\\/\"}]}<\/script>\n<!-- \/ Yoast SEO plugin. -->","yoast_head_json":{"title":"Comit\u00e8 d&#039;Empresa del DSD i els alcaldes de la Marina Alta sol\u00b7licitaran a Puig la signatura d&#039;un decret per a la reversi\u00f3 immediata de la sanitat | R\u00e0dio Litoral","description":"El 21 d&#039;abril, la defensa per una sanitat de qualitat a la Marina Alta tornar\u00e0 a sortir al carrer El 21 d&#039;abril, la defensa per una sanitat de qualitat a la Marina Alta tornar\u00e0 a sortir al carrer","robots":{"index":"index","follow":"follow","max-snippet":"max-snippet:-1","max-image-preview":"max-image-preview:large","max-video-preview":"max-video-preview:-1"},"canonical":"https:\/\/radiolitoral.com\/ca\/2023\/04\/comite-dempresa-del-dsd-i-alcaldes-de-la-marina-alta-sol\u00b7licitaran-a-puig-la-signatura-dun-decret-per-a-la-reversio-immediata-de-la-sanitat\/","og_locale":"ca_ES","og_type":"article","og_title":"Comit\u00e9 de Empresa del DSD y alcaldes de la Marina Alta solicitar\u00e1n a Puig la firma de un decreto para la reversi\u00f3n inmediata de la sanidad | R\u00e0dio Litoral","og_description":"El 21 de abril, la defensa por una sanidad de calidad en la Marina Alta volver\u00e1 a salir a la calle El 21 de abril, la defensa por una sanidad de calidad en la Marina Alta volver\u00e1 a salir a la calle","og_url":"https:\/\/radiolitoral.com\/ca\/2023\/04\/comite-dempresa-del-dsd-i-alcaldes-de-la-marina-alta-sol\u00b7licitaran-a-puig-la-signatura-dun-decret-per-a-la-reversio-immediata-de-la-sanitat\/","og_site_name":"R\u00e0dio Litoral","article_publisher":"https:\/\/www.facebook.com\/Laradiolitoral\/","article_published_time":"2023-04-14T13:20:41+00:00","article_modified_time":"2023-04-14T13:32:36+00:00","og_image":[{"width":1554,"height":1186,"url":"https:\/\/media.radiolitoral.com\/wp-content\/uploads\/2023\/04\/14153141\/manifestacio.jpg","type":"image\/jpeg"}],"author":"Redacci\u00f3n","twitter_card":"summary_large_image","twitter_misc":{"Escrit per":"Redacci\u00f3n","Temps estimat de lectura":"2 minuts"},"schema":{"@context":"https:\/\/schema.org","@graph":[{"@type":"NewsArticle","@id":"https:\/\/radiolitoral.com\/2023\/04\/comite-de-empresa-del-dsd-y-alcaldes-de-la-marina-alta-solicitaran-a-puig-la-firma-de-un-decreto-para-la-reversion-inmediata-de-la-sanidad\/#article","isPartOf":{"@id":"https:\/\/radiolitoral.com\/2023\/04\/comite-de-empresa-del-dsd-y-alcaldes-de-la-marina-alta-solicitaran-a-puig-la-firma-de-un-decreto-para-la-reversion-inmediata-de-la-sanidad\/"},"author":{"name":"Redacci\u00f3n","@id":"https:\/\/radiolitoral.com\/#\/schema\/person\/f2b2343c49b5d721857cc1002bfdb151"},"headline":"Comit\u00e9 de Empresa del DSD y alcaldes de la Marina Alta solicitar\u00e1n a Puig la firma de un decreto para la reversi\u00f3n inmediata de la sanidad","datePublished":"2023-04-14T13:20:41+00:00","dateModified":"2023-04-14T13:32:36+00:00","mainEntityOfPage":{"@id":"https:\/\/radiolitoral.com\/2023\/04\/comite-de-empresa-del-dsd-y-alcaldes-de-la-marina-alta-solicitaran-a-puig-la-firma-de-un-decreto-para-la-reversion-inmediata-de-la-sanidad\/"},"wordCount":368,"commentCount":0,"publisher":{"@id":"https:\/\/radiolitoral.com\/#organization"},"image":{"@id":"https:\/\/radiolitoral.com\/2023\/04\/comite-de-empresa-del-dsd-y-alcaldes-de-la-marina-alta-solicitaran-a-puig-la-firma-de-un-decreto-para-la-reversion-inmediata-de-la-sanidad\/#primaryimage"},"thumbnailUrl":"https:\/\/media.radiolitoral.com\/wp-content\/uploads\/2023\/04\/14153141\/manifestacio.jpg","keywords":["huelga sanidad","manifestaci\u00f3n por la sanidad","Reversi\u00f3n"],"articleSection":["Sanidad"],"inLanguage":"ca","potentialAction":[{"@type":"CommentAction","name":"Comment","target":["https:\/\/radiolitoral.com\/2023\/04\/comite-de-empresa-del-dsd-y-alcaldes-de-la-marina-alta-solicitaran-a-puig-la-firma-de-un-decreto-para-la-reversion-inmediata-de-la-sanidad\/#respond"]}]},{"@type":["WebPage","ItemPage"],"@id":"https:\/\/radiolitoral.com\/2023\/04\/comite-de-empresa-del-dsd-y-alcaldes-de-la-marina-alta-solicitaran-a-puig-la-firma-de-un-decreto-para-la-reversion-inmediata-de-la-sanidad\/","url":"https:\/\/radiolitoral.com\/2023\/04\/comite-de-empresa-del-dsd-y-alcaldes-de-la-marina-alta-solicitaran-a-puig-la-firma-de-un-decreto-para-la-reversion-inmediata-de-la-sanidad\/","name":"Comit\u00e8 d&#039;Empresa del DSD i els alcaldes de la Marina Alta sol\u00b7licitaran a Puig la signatura d&#039;un decret per a la reversi\u00f3 immediata de la sanitat | R\u00e0dio Litoral","isPartOf":{"@id":"https:\/\/radiolitoral.com\/#website"},"primaryImageOfPage":{"@id":"https:\/\/radiolitoral.com\/2023\/04\/comite-de-empresa-del-dsd-y-alcaldes-de-la-marina-alta-solicitaran-a-puig-la-firma-de-un-decreto-para-la-reversion-inmediata-de-la-sanidad\/#primaryimage"},"image":{"@id":"https:\/\/radiolitoral.com\/2023\/04\/comite-de-empresa-del-dsd-y-alcaldes-de-la-marina-alta-solicitaran-a-puig-la-firma-de-un-decreto-para-la-reversion-inmediata-de-la-sanidad\/#primaryimage"},"thumbnailUrl":"https:\/\/media.radiolitoral.com\/wp-content\/uploads\/2023\/04\/14153141\/manifestacio.jpg","datePublished":"2023-04-14T13:20:41+00:00","dateModified":"2023-04-14T13:32:36+00:00","description":"El 21 d&#039;abril, la defensa per una sanitat de qualitat a la Marina Alta tornar\u00e0 a sortir al carrer El 21 d&#039;abril, la defensa per una sanitat de qualitat a la Marina Alta tornar\u00e0 a sortir al carrer","breadcrumb":{"@id":"https:\/\/radiolitoral.com\/2023\/04\/comite-de-empresa-del-dsd-y-alcaldes-de-la-marina-alta-solicitaran-a-puig-la-firma-de-un-decreto-para-la-reversion-inmediata-de-la-sanidad\/#breadcrumb"},"inLanguage":"ca","potentialAction":[{"@type":"ReadAction","target":["https:\/\/radiolitoral.com\/2023\/04\/comite-de-empresa-del-dsd-y-alcaldes-de-la-marina-alta-solicitaran-a-puig-la-firma-de-un-decreto-para-la-reversion-inmediata-de-la-sanidad\/"]}]},{"@type":"ImageObject","inLanguage":"ca","@id":"https:\/\/radiolitoral.com\/2023\/04\/comite-de-empresa-del-dsd-y-alcaldes-de-la-marina-alta-solicitaran-a-puig-la-firma-de-un-decreto-para-la-reversion-inmediata-de-la-sanidad\/#primaryimage","url":"https:\/\/media.radiolitoral.com\/wp-content\/uploads\/2023\/04\/14153141\/manifestacio.jpg","contentUrl":"https:\/\/media.radiolitoral.com\/wp-content\/uploads\/2023\/04\/14153141\/manifestacio.jpg","width":1554,"height":1186},{"@type":"BreadcrumbList","@id":"https:\/\/radiolitoral.com\/2023\/04\/comite-de-empresa-del-dsd-y-alcaldes-de-la-marina-alta-solicitaran-a-puig-la-firma-de-un-decreto-para-la-reversion-inmediata-de-la-sanidad\/#breadcrumb","itemListElement":[{"@type":"ListItem","position":1,"name":"Portada","item":"https:\/\/radiolitoral.com\/"},{"@type":"ListItem","position":2,"name":"Comit\u00e9 de Empresa del DSD y alcaldes de la Marina Alta solicitar\u00e1n a Puig la firma de un decreto para la reversi\u00f3n inmediata de la sanidad"}]},{"@type":"WebSite","@id":"https:\/\/radiolitoral.com\/#website","url":"https:\/\/radiolitoral.com\/","name":"R\u00e0dio Litoral","description":"La r\u00e0dio local de la Marina Alta","publisher":{"@id":"https:\/\/radiolitoral.com\/#organization"},"alternateName":"Litoral FM","potentialAction":[{"@type":"SearchAction","target":{"@type":"EntryPoint","urlTemplate":"https:\/\/radiolitoral.com\/?s={search_term_string}"},"query-input":{"@type":"PropertyValueSpecification","valueRequired":true,"valueName":"search_term_string"}}],"inLanguage":"ca"},{"@type":"Organization","@id":"https:\/\/radiolitoral.com\/#organization","name":"R\u00e0dio Litoral","url":"https:\/\/radiolitoral.com\/","logo":{"@type":"ImageObject","inLanguage":"ca","@id":"https:\/\/radiolitoral.com\/#\/schema\/logo\/image\/","url":"https:\/\/media.radiolitoral.com\/wp-content\/uploads\/2023\/02\/24143238\/CL-V-RadioLitoral696.png","contentUrl":"https:\/\/media.radiolitoral.com\/wp-content\/uploads\/2023\/02\/24143238\/CL-V-RadioLitoral696.png","width":696,"height":696,"caption":"Radio Litoral"},"image":{"@id":"https:\/\/radiolitoral.com\/#\/schema\/logo\/image\/"},"sameAs":["https:\/\/www.facebook.com\/Laradiolitoral\/"]},{"@type":"Person","@id":"https:\/\/radiolitoral.com\/#\/schema\/person\/f2b2343c49b5d721857cc1002bfdb151","name":"Redacci\u00f3","image":{"@type":"ImageObject","inLanguage":"ca","@id":"https:\/\/secure.gravatar.com\/avatar\/f771d896c203ad8b3382d7905cfcce5a5c9b008b84b3cd9114e9b9f4cb63f789?s=96&d=mm&r=g","url":"https:\/\/secure.gravatar.com\/avatar\/f771d896c203ad8b3382d7905cfcce5a5c9b008b84b3cd9114e9b9f4cb63f789?s=96&d=mm&r=g","contentUrl":"https:\/\/secure.gravatar.com\/avatar\/f771d896c203ad8b3382d7905cfcce5a5c9b008b84b3cd9114e9b9f4cb63f789?s=96&d=mm&r=g","caption":"Redacci\u00f3n"},"url":"https:\/\/radiolitoral.com\/ca\/author\/miriam-pagan\/"}]}},"_links":{"self":[{"href":"https:\/\/radiolitoral.com\/ca\/wp-json\/wp\/v2\/posts\/2184","targetHints":{"allow":["GET"]}}],"collection":[{"href":"https:\/\/radiolitoral.com\/ca\/wp-json\/wp\/v2\/posts"}],"about":[{"href":"https:\/\/radiolitoral.com\/ca\/wp-json\/wp\/v2\/types\/post"}],"author":[{"embeddable":true,"href":"https:\/\/radiolitoral.com\/ca\/wp-json\/wp\/v2\/users\/13"}],"replies":[{"embeddable":true,"href":"https:\/\/radiolitoral.com\/ca\/wp-json\/wp\/v2\/comments?post=2184"}],"version-history":[{"count":2,"href":"https:\/\/radiolitoral.com\/ca\/wp-json\/wp\/v2\/posts\/2184\/revisions"}],"predecessor-version":[{"id":2191,"href":"https:\/\/radiolitoral.com\/ca\/wp-json\/wp\/v2\/posts\/2184\/revisions\/2191"}],"wp:featuredmedia":[{"embeddable":true,"href":"https:\/\/radiolitoral.com\/ca\/wp-json\/wp\/v2\/media\/2190"}],"wp:attachment":[{"href":"https:\/\/radiolitoral.com\/ca\/wp-json\/wp\/v2\/media?parent=2184"}],"wp:term":[{"taxonomy":"category","embeddable":true,"href":"https:\/\/radiolitoral.com\/ca\/wp-json\/wp\/v2\/categories?post=2184"},{"taxonomy":"post_tag","embeddable":true,"href":"https:\/\/radiolitoral.com\/ca\/wp-json\/wp\/v2\/tags?post=2184"}],"curies":[{"name":"wp","href":"https:\/\/api.w.org\/{rel}","templated":true}]}}