{"id":2177,"date":"2023-04-14T15:06:57","date_gmt":"2023-04-14T13:06:57","guid":{"rendered":"https:\/\/radiolitoral.com\/?p=2177"},"modified":"2023-04-14T15:08:06","modified_gmt":"2023-04-14T13:08:06","slug":"preso-condicional-per-a-lautor-de-robatoris-amb-forca-en-habitatges-de-tellada-i-benissa","status":"publish","type":"post","link":"https:\/\/radiolitoral.com\/ca\/2023\/04\/prision-condicional-para-el-autor-de-robos-con-fuerza-en-viviendas-de-teulada-y-benissa\/","title":{"rendered":"Pres\u00f3 provisional per a l&#039;autor de robatoris amb for\u00e7a a habitatges de Teulada i Benissa"},"content":{"rendered":"<p>La <strong>Gu\u00e0rdia Civil dels llocs de Calp i Moraira han detingut l&#039;autor de diversos robatoris amb for\u00e7a en vivendes de Teulada i Benissa<\/strong>. Al capturat, <strong>un home de 58 anys que ja tenia antecedents<\/strong> policials similars, se li<strong> imputen diversos delictes contra el patrimoni<\/strong>.<\/p>\n<p>Fonts de la investigaci\u00f3 expliquen que la r\u00e0pida intervenci\u00f3 dels agents ha fet possible que la detenci\u00f3 es dugu\u00e9s a terme abans que aquest individu efectu\u00e9s la seva imminent sortida del pa\u00eds. El Jutjat d&#039;Instrucci\u00f3 n\u00fam. 9 d&#039;Alacant, ha <strong>decretat l&#039;ingr\u00e9s a la pres\u00f3 provisional<\/strong> del capturat.<\/p>\n<p><img loading=\"lazy\" decoding=\"async\" class=\"alignnone size-medium wp-image-2179\" src=\"https:\/\/media.radiolitoral.com\/wp-content\/uploads\/2023\/04\/14150434\/6847_op_garden23_alicante_editada_01-300x169.jpg\" alt=\"\" width=\"300\" height=\"169\" srcset=\"https:\/\/media.radiolitoral.com\/wp-content\/uploads\/2023\/04\/14150434\/6847_op_garden23_alicante_editada_01-300x169.jpg 300w, https:\/\/media.radiolitoral.com\/wp-content\/uploads\/2023\/04\/14150434\/6847_op_garden23_alicante_editada_01-1024x576.jpg 1024w, https:\/\/media.radiolitoral.com\/wp-content\/uploads\/2023\/04\/14150434\/6847_op_garden23_alicante_editada_01-768x432.jpg 768w, https:\/\/media.radiolitoral.com\/wp-content\/uploads\/2023\/04\/14150434\/6847_op_garden23_alicante_editada_01-1000x562.jpg 1000w, https:\/\/media.radiolitoral.com\/wp-content\/uploads\/2023\/04\/14150434\/6847_op_garden23_alicante_editada_01-100x56.jpg 100w, https:\/\/media.radiolitoral.com\/wp-content\/uploads\/2023\/04\/14150434\/6847_op_garden23_alicante_editada_01-200x112.jpg 200w, https:\/\/media.radiolitoral.com\/wp-content\/uploads\/2023\/04\/14150434\/6847_op_garden23_alicante_editada_01.jpg 1307w\" sizes=\"auto, (max-width: 300px) 100vw, 300px\" \/> <img loading=\"lazy\" decoding=\"async\" class=\"alignnone size-medium wp-image-2180\" src=\"https:\/\/media.radiolitoral.com\/wp-content\/uploads\/2023\/04\/14150436\/5035_op_garden23_alicante_editada_03-300x169.jpg\" alt=\"\" width=\"300\" height=\"169\" srcset=\"https:\/\/media.radiolitoral.com\/wp-content\/uploads\/2023\/04\/14150436\/5035_op_garden23_alicante_editada_03-300x169.jpg 300w, https:\/\/media.radiolitoral.com\/wp-content\/uploads\/2023\/04\/14150436\/5035_op_garden23_alicante_editada_03-1024x576.jpg 1024w, https:\/\/media.radiolitoral.com\/wp-content\/uploads\/2023\/04\/14150436\/5035_op_garden23_alicante_editada_03-768x432.jpg 768w, https:\/\/media.radiolitoral.com\/wp-content\/uploads\/2023\/04\/14150436\/5035_op_garden23_alicante_editada_03-1000x562.jpg 1000w, https:\/\/media.radiolitoral.com\/wp-content\/uploads\/2023\/04\/14150436\/5035_op_garden23_alicante_editada_03-100x56.jpg 100w, https:\/\/media.radiolitoral.com\/wp-content\/uploads\/2023\/04\/14150436\/5035_op_garden23_alicante_editada_03-200x112.jpg 200w, https:\/\/media.radiolitoral.com\/wp-content\/uploads\/2023\/04\/14150436\/5035_op_garden23_alicante_editada_03.jpg 1307w\" sizes=\"auto, (max-width: 300px) 100vw, 300px\" \/><\/p>","protected":false},"excerpt":{"rendered":"<p>La Guardia Civil de los puestos de Calp y Moraira han detenido al autor de varios robos con fuerza en viviendas de Teulada y Benissa. Al apresado, un hombre de 58 a\u00f1os que ya contaba con antecedentes policiales similares, se le imputan varios delitos contra el patrimonio. Fuentes de la investigaci\u00f3n explican que la r\u00e1pida [&#8230;]<\/p>\n<p><a class=\"btn btn-secondary understrap-read-more-link\" href=\"https:\/\/radiolitoral.com\/ca\/2023\/04\/prision-condicional-para-el-autor-de-robos-con-fuerza-en-viviendas-de-teulada-y-benissa\/\">Continua llegint&#8230;<span class=\"screen-reader-text\"> from Prisi\u00f3n provisional para el autor de robos con fuerza en viviendas de Teulada y Benissa<\/span><\/a><\/p>\n","protected":false},"author":21,"featured_media":2178,"comment_status":"open","ping_status":"closed","sticky":false,"template":"","format":"standard","meta":{"_acf_changed":false,"inline_featured_image":false,"footnotes":""},"categories":[8],"tags":[513,10,514,512,511],"class_list":["post-2177","post","type-post","status-publish","format-standard","has-post-thumbnail","hentry","category-sucesos","tag-detencion-ladron","tag-detenciones","tag-robos-benissa","tag-robos-moraira","tag-robos-teulada","cobertura-benissa","cobertura-calp","cobertura-teulada-moraira"],"acf":[],"yoast_head":"<!-- This site is optimized with the Yoast SEO plugin v27.5 - https:\/\/yoast.com\/product\/yoast-seo-wordpress\/ -->\n<title>Prisi\u00f3n provisional para el autor de robos con fuerza en viviendas de Teulada y Benissa | R\u00e0dio Litoral<\/title>\n<meta name=\"description\" content=\"La Guardia Civil lo ha detenido\" \/>\n<meta name=\"robots\" content=\"index, follow, max-snippet:-1, max-image-preview:large, max-video-preview:-1\" \/>\n<link rel=\"canonical\" href=\"https:\/\/radiolitoral.com\/ca\/2023\/04\/preso-condicional-per-a-lautor-de-robatoris-amb-forca-en-habitatges-de-tellada-i-benissa\/\" \/>\n<meta property=\"og:locale\" content=\"ca_ES\" \/>\n<meta property=\"og:type\" content=\"article\" \/>\n<meta property=\"og:title\" content=\"Prisi\u00f3n provisional para el autor de robos con fuerza en viviendas de Teulada y Benissa | R\u00e0dio Litoral\" \/>\n<meta property=\"og:description\" content=\"La Guardia Civil lo ha detenido\" \/>\n<meta property=\"og:url\" content=\"https:\/\/radiolitoral.com\/ca\/2023\/04\/preso-condicional-per-a-lautor-de-robatoris-amb-forca-en-habitatges-de-tellada-i-benissa\/\" \/>\n<meta property=\"og:site_name\" content=\"R\u00e0dio Litoral\" \/>\n<meta property=\"article:publisher\" content=\"https:\/\/www.facebook.com\/Laradiolitoral\/\" \/>\n<meta property=\"article:published_time\" content=\"2023-04-14T13:06:57+00:00\" \/>\n<meta property=\"article:modified_time\" content=\"2023-04-14T13:08:06+00:00\" \/>\n<meta property=\"og:image\" content=\"https:\/\/media.radiolitoral.com\/wp-content\/uploads\/2023\/04\/14150432\/3565_op_garden23_alicante_editada_02.jpg\" \/>\n\t<meta property=\"og:image:width\" content=\"1307\" \/>\n\t<meta property=\"og:image:height\" content=\"735\" \/>\n\t<meta property=\"og:image:type\" content=\"image\/jpeg\" \/>\n<meta name=\"author\" content=\"Mel Pescuezo\" \/>\n<meta name=\"twitter:card\" content=\"summary_large_image\" \/>\n<meta name=\"twitter:label1\" content=\"Escrit per\" \/>\n\t<meta name=\"twitter:data1\" content=\"Mel Pescuezo\" \/>\n\t<meta name=\"twitter:label2\" content=\"Temps estimat de lectura\" \/>\n\t<meta name=\"twitter:data2\" content=\"1 minut\" \/>\n<script type=\"application\/ld+json\" class=\"yoast-schema-graph\">{\"@context\":\"https:\\\/\\\/schema.org\",\"@graph\":[{\"@type\":\"NewsArticle\",\"@id\":\"https:\\\/\\\/radiolitoral.com\\\/2023\\\/04\\\/prision-condicional-para-el-autor-de-robos-con-fuerza-en-viviendas-de-teulada-y-benissa\\\/#article\",\"isPartOf\":{\"@id\":\"https:\\\/\\\/radiolitoral.com\\\/2023\\\/04\\\/prision-condicional-para-el-autor-de-robos-con-fuerza-en-viviendas-de-teulada-y-benissa\\\/\"},\"author\":{\"name\":\"Mel Pescuezo\",\"@id\":\"https:\\\/\\\/radiolitoral.com\\\/#\\\/schema\\\/person\\\/aad4f72efa404f85b68e832d24cac059\"},\"headline\":\"Prisi\u00f3n provisional para el autor de robos con fuerza en viviendas de Teulada y Benissa\",\"datePublished\":\"2023-04-14T13:06:57+00:00\",\"dateModified\":\"2023-04-14T13:08:06+00:00\",\"mainEntityOfPage\":{\"@id\":\"https:\\\/\\\/radiolitoral.com\\\/2023\\\/04\\\/prision-condicional-para-el-autor-de-robos-con-fuerza-en-viviendas-de-teulada-y-benissa\\\/\"},\"wordCount\":119,\"commentCount\":0,\"publisher\":{\"@id\":\"https:\\\/\\\/radiolitoral.com\\\/#organization\"},\"image\":{\"@id\":\"https:\\\/\\\/radiolitoral.com\\\/2023\\\/04\\\/prision-condicional-para-el-autor-de-robos-con-fuerza-en-viviendas-de-teulada-y-benissa\\\/#primaryimage\"},\"thumbnailUrl\":\"https:\\\/\\\/media.radiolitoral.com\\\/wp-content\\\/uploads\\\/2023\\\/04\\\/14150432\\\/3565_op_garden23_alicante_editada_02.jpg\",\"keywords\":[\"detenci\u00f3n ladr\u00f3n\",\"Detenciones\",\"robos Benissa\",\"robos Moraira\",\"robos Teulada\"],\"articleSection\":[\"Sucesos\"],\"inLanguage\":\"ca\",\"potentialAction\":[{\"@type\":\"CommentAction\",\"name\":\"Comment\",\"target\":[\"https:\\\/\\\/radiolitoral.com\\\/2023\\\/04\\\/prision-condicional-para-el-autor-de-robos-con-fuerza-en-viviendas-de-teulada-y-benissa\\\/#respond\"]}]},{\"@type\":[\"WebPage\",\"ItemPage\"],\"@id\":\"https:\\\/\\\/radiolitoral.com\\\/2023\\\/04\\\/prision-condicional-para-el-autor-de-robos-con-fuerza-en-viviendas-de-teulada-y-benissa\\\/\",\"url\":\"https:\\\/\\\/radiolitoral.com\\\/2023\\\/04\\\/prision-condicional-para-el-autor-de-robos-con-fuerza-en-viviendas-de-teulada-y-benissa\\\/\",\"name\":\"Prisi\u00f3n provisional para el autor de robos con fuerza en viviendas de Teulada y Benissa | R\u00e0dio Litoral\",\"isPartOf\":{\"@id\":\"https:\\\/\\\/radiolitoral.com\\\/#website\"},\"primaryImageOfPage\":{\"@id\":\"https:\\\/\\\/radiolitoral.com\\\/2023\\\/04\\\/prision-condicional-para-el-autor-de-robos-con-fuerza-en-viviendas-de-teulada-y-benissa\\\/#primaryimage\"},\"image\":{\"@id\":\"https:\\\/\\\/radiolitoral.com\\\/2023\\\/04\\\/prision-condicional-para-el-autor-de-robos-con-fuerza-en-viviendas-de-teulada-y-benissa\\\/#primaryimage\"},\"thumbnailUrl\":\"https:\\\/\\\/media.radiolitoral.com\\\/wp-content\\\/uploads\\\/2023\\\/04\\\/14150432\\\/3565_op_garden23_alicante_editada_02.jpg\",\"datePublished\":\"2023-04-14T13:06:57+00:00\",\"dateModified\":\"2023-04-14T13:08:06+00:00\",\"description\":\"La Guardia Civil lo ha detenido\",\"breadcrumb\":{\"@id\":\"https:\\\/\\\/radiolitoral.com\\\/2023\\\/04\\\/prision-condicional-para-el-autor-de-robos-con-fuerza-en-viviendas-de-teulada-y-benissa\\\/#breadcrumb\"},\"inLanguage\":\"ca\",\"potentialAction\":[{\"@type\":\"ReadAction\",\"target\":[\"https:\\\/\\\/radiolitoral.com\\\/2023\\\/04\\\/prision-condicional-para-el-autor-de-robos-con-fuerza-en-viviendas-de-teulada-y-benissa\\\/\"]}]},{\"@type\":\"ImageObject\",\"inLanguage\":\"ca\",\"@id\":\"https:\\\/\\\/radiolitoral.com\\\/2023\\\/04\\\/prision-condicional-para-el-autor-de-robos-con-fuerza-en-viviendas-de-teulada-y-benissa\\\/#primaryimage\",\"url\":\"https:\\\/\\\/media.radiolitoral.com\\\/wp-content\\\/uploads\\\/2023\\\/04\\\/14150432\\\/3565_op_garden23_alicante_editada_02.jpg\",\"contentUrl\":\"https:\\\/\\\/media.radiolitoral.com\\\/wp-content\\\/uploads\\\/2023\\\/04\\\/14150432\\\/3565_op_garden23_alicante_editada_02.jpg\",\"width\":1307,\"height\":735},{\"@type\":\"BreadcrumbList\",\"@id\":\"https:\\\/\\\/radiolitoral.com\\\/2023\\\/04\\\/prision-condicional-para-el-autor-de-robos-con-fuerza-en-viviendas-de-teulada-y-benissa\\\/#breadcrumb\",\"itemListElement\":[{\"@type\":\"ListItem\",\"position\":1,\"name\":\"Portada\",\"item\":\"https:\\\/\\\/radiolitoral.com\\\/\"},{\"@type\":\"ListItem\",\"position\":2,\"name\":\"Prisi\u00f3n provisional para el autor de robos con fuerza en viviendas de Teulada y Benissa\"}]},{\"@type\":\"WebSite\",\"@id\":\"https:\\\/\\\/radiolitoral.com\\\/#website\",\"url\":\"https:\\\/\\\/radiolitoral.com\\\/\",\"name\":\"Radio Litoral\",\"description\":\"La radio local de la Marina Alta\",\"publisher\":{\"@id\":\"https:\\\/\\\/radiolitoral.com\\\/#organization\"},\"alternateName\":\"Litoral FM\",\"potentialAction\":[{\"@type\":\"SearchAction\",\"target\":{\"@type\":\"EntryPoint\",\"urlTemplate\":\"https:\\\/\\\/radiolitoral.com\\\/?s={search_term_string}\"},\"query-input\":{\"@type\":\"PropertyValueSpecification\",\"valueRequired\":true,\"valueName\":\"search_term_string\"}}],\"inLanguage\":\"ca\"},{\"@type\":\"Organization\",\"@id\":\"https:\\\/\\\/radiolitoral.com\\\/#organization\",\"name\":\"Radio Litoral\",\"url\":\"https:\\\/\\\/radiolitoral.com\\\/\",\"logo\":{\"@type\":\"ImageObject\",\"inLanguage\":\"ca\",\"@id\":\"https:\\\/\\\/radiolitoral.com\\\/#\\\/schema\\\/logo\\\/image\\\/\",\"url\":\"https:\\\/\\\/media.radiolitoral.com\\\/wp-content\\\/uploads\\\/2023\\\/02\\\/24143238\\\/CL-V-RadioLitoral696.png\",\"contentUrl\":\"https:\\\/\\\/media.radiolitoral.com\\\/wp-content\\\/uploads\\\/2023\\\/02\\\/24143238\\\/CL-V-RadioLitoral696.png\",\"width\":696,\"height\":696,\"caption\":\"Radio Litoral\"},\"image\":{\"@id\":\"https:\\\/\\\/radiolitoral.com\\\/#\\\/schema\\\/logo\\\/image\\\/\"},\"sameAs\":[\"https:\\\/\\\/www.facebook.com\\\/Laradiolitoral\\\/\"]},{\"@type\":\"Person\",\"@id\":\"https:\\\/\\\/radiolitoral.com\\\/#\\\/schema\\\/person\\\/aad4f72efa404f85b68e832d24cac059\",\"name\":\"Mel Pescuezo\",\"image\":{\"@type\":\"ImageObject\",\"inLanguage\":\"ca\",\"@id\":\"https:\\\/\\\/secure.gravatar.com\\\/avatar\\\/993975ae489c70cb0dd9bfa9413a082f0bd276582dac13661af7b33f161e7eea?s=96&d=mm&r=g\",\"url\":\"https:\\\/\\\/secure.gravatar.com\\\/avatar\\\/993975ae489c70cb0dd9bfa9413a082f0bd276582dac13661af7b33f161e7eea?s=96&d=mm&r=g\",\"contentUrl\":\"https:\\\/\\\/secure.gravatar.com\\\/avatar\\\/993975ae489c70cb0dd9bfa9413a082f0bd276582dac13661af7b33f161e7eea?s=96&d=mm&r=g\",\"caption\":\"Mel Pescuezo\"},\"url\":\"https:\\\/\\\/radiolitoral.com\\\/ca\\\/author\\\/serviciospararadios\\\/\"}]}<\/script>\n<!-- \/ Yoast SEO plugin. -->","yoast_head_json":{"title":"Pres\u00f3 provisional per a l&#039;autor de robatoris amb for\u00e7a a vivendes de Teulada i Benissa | R\u00e0dio Litoral","description":"La Gu\u00e0rdia Civil ho ha aturat","robots":{"index":"index","follow":"follow","max-snippet":"max-snippet:-1","max-image-preview":"max-image-preview:large","max-video-preview":"max-video-preview:-1"},"canonical":"https:\/\/radiolitoral.com\/ca\/2023\/04\/preso-condicional-per-a-lautor-de-robatoris-amb-forca-en-habitatges-de-tellada-i-benissa\/","og_locale":"ca_ES","og_type":"article","og_title":"Prisi\u00f3n provisional para el autor de robos con fuerza en viviendas de Teulada y Benissa | R\u00e0dio Litoral","og_description":"La Guardia Civil lo ha detenido","og_url":"https:\/\/radiolitoral.com\/ca\/2023\/04\/preso-condicional-per-a-lautor-de-robatoris-amb-forca-en-habitatges-de-tellada-i-benissa\/","og_site_name":"R\u00e0dio Litoral","article_publisher":"https:\/\/www.facebook.com\/Laradiolitoral\/","article_published_time":"2023-04-14T13:06:57+00:00","article_modified_time":"2023-04-14T13:08:06+00:00","og_image":[{"width":1307,"height":735,"url":"https:\/\/media.radiolitoral.com\/wp-content\/uploads\/2023\/04\/14150432\/3565_op_garden23_alicante_editada_02.jpg","type":"image\/jpeg"}],"author":"Mel Pescuezo","twitter_card":"summary_large_image","twitter_misc":{"Escrit per":"Mel Pescuezo","Temps estimat de lectura":"1 minut"},"schema":{"@context":"https:\/\/schema.org","@graph":[{"@type":"NewsArticle","@id":"https:\/\/radiolitoral.com\/2023\/04\/prision-condicional-para-el-autor-de-robos-con-fuerza-en-viviendas-de-teulada-y-benissa\/#article","isPartOf":{"@id":"https:\/\/radiolitoral.com\/2023\/04\/prision-condicional-para-el-autor-de-robos-con-fuerza-en-viviendas-de-teulada-y-benissa\/"},"author":{"name":"Mel Pescuezo","@id":"https:\/\/radiolitoral.com\/#\/schema\/person\/aad4f72efa404f85b68e832d24cac059"},"headline":"Prisi\u00f3n provisional para el autor de robos con fuerza en viviendas de Teulada y Benissa","datePublished":"2023-04-14T13:06:57+00:00","dateModified":"2023-04-14T13:08:06+00:00","mainEntityOfPage":{"@id":"https:\/\/radiolitoral.com\/2023\/04\/prision-condicional-para-el-autor-de-robos-con-fuerza-en-viviendas-de-teulada-y-benissa\/"},"wordCount":119,"commentCount":0,"publisher":{"@id":"https:\/\/radiolitoral.com\/#organization"},"image":{"@id":"https:\/\/radiolitoral.com\/2023\/04\/prision-condicional-para-el-autor-de-robos-con-fuerza-en-viviendas-de-teulada-y-benissa\/#primaryimage"},"thumbnailUrl":"https:\/\/media.radiolitoral.com\/wp-content\/uploads\/2023\/04\/14150432\/3565_op_garden23_alicante_editada_02.jpg","keywords":["detenci\u00f3n ladr\u00f3n","Detenciones","robos Benissa","robos Moraira","robos Teulada"],"articleSection":["Sucesos"],"inLanguage":"ca","potentialAction":[{"@type":"CommentAction","name":"Comment","target":["https:\/\/radiolitoral.com\/2023\/04\/prision-condicional-para-el-autor-de-robos-con-fuerza-en-viviendas-de-teulada-y-benissa\/#respond"]}]},{"@type":["WebPage","ItemPage"],"@id":"https:\/\/radiolitoral.com\/2023\/04\/prision-condicional-para-el-autor-de-robos-con-fuerza-en-viviendas-de-teulada-y-benissa\/","url":"https:\/\/radiolitoral.com\/2023\/04\/prision-condicional-para-el-autor-de-robos-con-fuerza-en-viviendas-de-teulada-y-benissa\/","name":"Pres\u00f3 provisional per a l&#039;autor de robatoris amb for\u00e7a a vivendes de Teulada i Benissa | R\u00e0dio Litoral","isPartOf":{"@id":"https:\/\/radiolitoral.com\/#website"},"primaryImageOfPage":{"@id":"https:\/\/radiolitoral.com\/2023\/04\/prision-condicional-para-el-autor-de-robos-con-fuerza-en-viviendas-de-teulada-y-benissa\/#primaryimage"},"image":{"@id":"https:\/\/radiolitoral.com\/2023\/04\/prision-condicional-para-el-autor-de-robos-con-fuerza-en-viviendas-de-teulada-y-benissa\/#primaryimage"},"thumbnailUrl":"https:\/\/media.radiolitoral.com\/wp-content\/uploads\/2023\/04\/14150432\/3565_op_garden23_alicante_editada_02.jpg","datePublished":"2023-04-14T13:06:57+00:00","dateModified":"2023-04-14T13:08:06+00:00","description":"La Gu\u00e0rdia Civil ho ha aturat","breadcrumb":{"@id":"https:\/\/radiolitoral.com\/2023\/04\/prision-condicional-para-el-autor-de-robos-con-fuerza-en-viviendas-de-teulada-y-benissa\/#breadcrumb"},"inLanguage":"ca","potentialAction":[{"@type":"ReadAction","target":["https:\/\/radiolitoral.com\/2023\/04\/prision-condicional-para-el-autor-de-robos-con-fuerza-en-viviendas-de-teulada-y-benissa\/"]}]},{"@type":"ImageObject","inLanguage":"ca","@id":"https:\/\/radiolitoral.com\/2023\/04\/prision-condicional-para-el-autor-de-robos-con-fuerza-en-viviendas-de-teulada-y-benissa\/#primaryimage","url":"https:\/\/media.radiolitoral.com\/wp-content\/uploads\/2023\/04\/14150432\/3565_op_garden23_alicante_editada_02.jpg","contentUrl":"https:\/\/media.radiolitoral.com\/wp-content\/uploads\/2023\/04\/14150432\/3565_op_garden23_alicante_editada_02.jpg","width":1307,"height":735},{"@type":"BreadcrumbList","@id":"https:\/\/radiolitoral.com\/2023\/04\/prision-condicional-para-el-autor-de-robos-con-fuerza-en-viviendas-de-teulada-y-benissa\/#breadcrumb","itemListElement":[{"@type":"ListItem","position":1,"name":"Portada","item":"https:\/\/radiolitoral.com\/"},{"@type":"ListItem","position":2,"name":"Prisi\u00f3n provisional para el autor de robos con fuerza en viviendas de Teulada y Benissa"}]},{"@type":"WebSite","@id":"https:\/\/radiolitoral.com\/#website","url":"https:\/\/radiolitoral.com\/","name":"R\u00e0dio Litoral","description":"La r\u00e0dio local de la Marina Alta","publisher":{"@id":"https:\/\/radiolitoral.com\/#organization"},"alternateName":"Litoral FM","potentialAction":[{"@type":"SearchAction","target":{"@type":"EntryPoint","urlTemplate":"https:\/\/radiolitoral.com\/?s={search_term_string}"},"query-input":{"@type":"PropertyValueSpecification","valueRequired":true,"valueName":"search_term_string"}}],"inLanguage":"ca"},{"@type":"Organization","@id":"https:\/\/radiolitoral.com\/#organization","name":"R\u00e0dio Litoral","url":"https:\/\/radiolitoral.com\/","logo":{"@type":"ImageObject","inLanguage":"ca","@id":"https:\/\/radiolitoral.com\/#\/schema\/logo\/image\/","url":"https:\/\/media.radiolitoral.com\/wp-content\/uploads\/2023\/02\/24143238\/CL-V-RadioLitoral696.png","contentUrl":"https:\/\/media.radiolitoral.com\/wp-content\/uploads\/2023\/02\/24143238\/CL-V-RadioLitoral696.png","width":696,"height":696,"caption":"Radio Litoral"},"image":{"@id":"https:\/\/radiolitoral.com\/#\/schema\/logo\/image\/"},"sameAs":["https:\/\/www.facebook.com\/Laradiolitoral\/"]},{"@type":"Person","@id":"https:\/\/radiolitoral.com\/#\/schema\/person\/aad4f72efa404f85b68e832d24cac059","name":"Mel Pescuezo","image":{"@type":"ImageObject","inLanguage":"ca","@id":"https:\/\/secure.gravatar.com\/avatar\/993975ae489c70cb0dd9bfa9413a082f0bd276582dac13661af7b33f161e7eea?s=96&d=mm&r=g","url":"https:\/\/secure.gravatar.com\/avatar\/993975ae489c70cb0dd9bfa9413a082f0bd276582dac13661af7b33f161e7eea?s=96&d=mm&r=g","contentUrl":"https:\/\/secure.gravatar.com\/avatar\/993975ae489c70cb0dd9bfa9413a082f0bd276582dac13661af7b33f161e7eea?s=96&d=mm&r=g","caption":"Mel Pescuezo"},"url":"https:\/\/radiolitoral.com\/ca\/author\/serviciospararadios\/"}]}},"_links":{"self":[{"href":"https:\/\/radiolitoral.com\/ca\/wp-json\/wp\/v2\/posts\/2177","targetHints":{"allow":["GET"]}}],"collection":[{"href":"https:\/\/radiolitoral.com\/ca\/wp-json\/wp\/v2\/posts"}],"about":[{"href":"https:\/\/radiolitoral.com\/ca\/wp-json\/wp\/v2\/types\/post"}],"author":[{"embeddable":true,"href":"https:\/\/radiolitoral.com\/ca\/wp-json\/wp\/v2\/users\/21"}],"replies":[{"embeddable":true,"href":"https:\/\/radiolitoral.com\/ca\/wp-json\/wp\/v2\/comments?post=2177"}],"version-history":[{"count":2,"href":"https:\/\/radiolitoral.com\/ca\/wp-json\/wp\/v2\/posts\/2177\/revisions"}],"predecessor-version":[{"id":2182,"href":"https:\/\/radiolitoral.com\/ca\/wp-json\/wp\/v2\/posts\/2177\/revisions\/2182"}],"wp:featuredmedia":[{"embeddable":true,"href":"https:\/\/radiolitoral.com\/ca\/wp-json\/wp\/v2\/media\/2178"}],"wp:attachment":[{"href":"https:\/\/radiolitoral.com\/ca\/wp-json\/wp\/v2\/media?parent=2177"}],"wp:term":[{"taxonomy":"category","embeddable":true,"href":"https:\/\/radiolitoral.com\/ca\/wp-json\/wp\/v2\/categories?post=2177"},{"taxonomy":"post_tag","embeddable":true,"href":"https:\/\/radiolitoral.com\/ca\/wp-json\/wp\/v2\/tags?post=2177"}],"curies":[{"name":"wp","href":"https:\/\/api.w.org\/{rel}","templated":true}]}}