{"id":2166,"date":"2023-04-13T17:53:55","date_gmt":"2023-04-13T15:53:55","guid":{"rendered":"https:\/\/radiolitoral.com\/?p=2166"},"modified":"2023-04-13T17:54:37","modified_gmt":"2023-04-13T15:54:37","slug":"el-rotary-club-calp-celebra-el-seu-sopar-de-gala-en-benefici-de-la-lluita-contra-el-cancer","status":"publish","type":"post","link":"https:\/\/radiolitoral.com\/ca\/2023\/04\/el-rotary-club-calpe-celebra-su-cena-de-gala-en-beneficio-de-la-lucha-contra-el-cancer\/","title":{"rendered":"El Rotary Club Calpe celebra el sopar de gala en benefici de la lluita contra el c\u00e0ncer"},"content":{"rendered":"<p><strong>El Club Rotary Calpe Ifach celebra el seu Sopar de Gala 2023 aquest cap de setmana, a benefici de l&#039;Associaci\u00f3 Alacant<\/strong> <strong>per a la lluita Contra el C\u00e0ncer<\/strong> amb seu a la ciutat del Penyal. Una associaci\u00f3 que t\u00e9 com a missi\u00f3 millorar la qualitat de vida de les persones amb malalties oncol\u00f2giques i tamb\u00e9 la de les fam\u00edlies.<\/p>\n<p>A la vetllada es far\u00e0 un acte en mem\u00f2ria Mar\u00eda Ferrer, anterior presidenta de l&#039;associaci\u00f3 a Calp, que va morir fa uns mesos. La gala s&#039;ha programat per al dissabte, dia 15 d&#039;abril, a partir de les 20.30 hores al Gran Hotel Sol i Mar.<\/p>","protected":false},"excerpt":{"rendered":"<p>El Club Rotary Calpe Ifach celebra su Cena de Gala 2023 este fin de semana, a beneficio de la Asociaci\u00f3n Alicante para la lucha Contra el C\u00e1ncer con sede en la ciudad del Pe\u00f1\u00f3n. Una asociaci\u00f3n que tiene como misi\u00f3n mejorar la calidad de vida de las personas con enfermedades oncol\u00f3gicas y tambi\u00e9n la de [&#8230;]<\/p>\n<p><a class=\"btn btn-secondary understrap-read-more-link\" href=\"https:\/\/radiolitoral.com\/ca\/2023\/04\/el-rotary-club-calpe-celebra-su-cena-de-gala-en-beneficio-de-la-lucha-contra-el-cancer\/\">Continua llegint&#8230;<span class=\"screen-reader-text\"> from El Rotary Club Calpe celebra su cena de gala en beneficio de la lucha contra el c\u00e1ncer<\/span><\/a><\/p>\n","protected":false},"author":13,"featured_media":2167,"comment_status":"open","ping_status":"closed","sticky":false,"template":"","format":"standard","meta":{"_acf_changed":false,"inline_featured_image":false,"footnotes":""},"categories":[46],"tags":[508,506,507],"class_list":["post-2166","post","type-post","status-publish","format-standard","has-post-thumbnail","hentry","category-sociedad","tag-cena-gala-rotary","tag-lucha-contra-el-cancer","tag-rotary-club","cobertura-calp"],"acf":[],"yoast_head":"<!-- This site is optimized with the Yoast SEO plugin v27.5 - https:\/\/yoast.com\/product\/yoast-seo-wordpress\/ -->\n<title>El Rotary Club Calpe celebra su cena de gala en beneficio de la lucha contra el c\u00e1ncer | R\u00e0dio Litoral<\/title>\n<meta name=\"description\" content=\"Ser\u00e1 el s\u00e1bado a las 20.30 h en el Gran Hotel Sol y Mar\" \/>\n<meta name=\"robots\" content=\"index, follow, max-snippet:-1, max-image-preview:large, max-video-preview:-1\" \/>\n<link rel=\"canonical\" href=\"https:\/\/radiolitoral.com\/ca\/2023\/04\/el-rotary-club-calp-celebra-el-seu-sopar-de-gala-en-benefici-de-la-lluita-contra-el-cancer\/\" \/>\n<meta property=\"og:locale\" content=\"ca_ES\" \/>\n<meta property=\"og:type\" content=\"article\" \/>\n<meta property=\"og:title\" content=\"El Rotary Club Calpe celebra su cena de gala en beneficio de la lucha contra el c\u00e1ncer | R\u00e0dio Litoral\" \/>\n<meta property=\"og:description\" content=\"Ser\u00e1 el s\u00e1bado a las 20.30 h en el Gran Hotel Sol y Mar\" \/>\n<meta property=\"og:url\" content=\"https:\/\/radiolitoral.com\/ca\/2023\/04\/el-rotary-club-calp-celebra-el-seu-sopar-de-gala-en-benefici-de-la-lluita-contra-el-cancer\/\" \/>\n<meta property=\"og:site_name\" content=\"R\u00e0dio Litoral\" \/>\n<meta property=\"article:publisher\" content=\"https:\/\/www.facebook.com\/Laradiolitoral\/\" \/>\n<meta property=\"article:published_time\" content=\"2023-04-13T15:53:55+00:00\" \/>\n<meta property=\"article:modified_time\" content=\"2023-04-13T15:54:37+00:00\" \/>\n<meta property=\"og:image\" content=\"https:\/\/media.radiolitoral.com\/wp-content\/uploads\/2023\/04\/13175341\/340481334_143431105154140_7196609143036907605_n.jpg\" \/>\n\t<meta property=\"og:image:width\" content=\"1022\" \/>\n\t<meta property=\"og:image:height\" content=\"1022\" \/>\n\t<meta property=\"og:image:type\" content=\"image\/jpeg\" \/>\n<meta name=\"author\" content=\"Redacci\u00f3n\" \/>\n<meta name=\"twitter:card\" content=\"summary_large_image\" \/>\n<meta name=\"twitter:label1\" content=\"Escrit per\" \/>\n\t<meta name=\"twitter:data1\" content=\"Redacci\u00f3n\" \/>\n\t<meta name=\"twitter:label2\" content=\"Temps estimat de lectura\" \/>\n\t<meta name=\"twitter:data2\" content=\"1 minut\" \/>\n<script type=\"application\/ld+json\" class=\"yoast-schema-graph\">{\"@context\":\"https:\\\/\\\/schema.org\",\"@graph\":[{\"@type\":\"NewsArticle\",\"@id\":\"https:\\\/\\\/radiolitoral.com\\\/2023\\\/04\\\/el-rotary-club-calpe-celebra-su-cena-de-gala-en-beneficio-de-la-lucha-contra-el-cancer\\\/#article\",\"isPartOf\":{\"@id\":\"https:\\\/\\\/radiolitoral.com\\\/2023\\\/04\\\/el-rotary-club-calpe-celebra-su-cena-de-gala-en-beneficio-de-la-lucha-contra-el-cancer\\\/\"},\"author\":{\"name\":\"Redacci\u00f3n\",\"@id\":\"https:\\\/\\\/radiolitoral.com\\\/#\\\/schema\\\/person\\\/f2b2343c49b5d721857cc1002bfdb151\"},\"headline\":\"El Rotary Club Calpe celebra su cena de gala en beneficio de la lucha contra el c\u00e1ncer\",\"datePublished\":\"2023-04-13T15:53:55+00:00\",\"dateModified\":\"2023-04-13T15:54:37+00:00\",\"mainEntityOfPage\":{\"@id\":\"https:\\\/\\\/radiolitoral.com\\\/2023\\\/04\\\/el-rotary-club-calpe-celebra-su-cena-de-gala-en-beneficio-de-la-lucha-contra-el-cancer\\\/\"},\"wordCount\":130,\"commentCount\":0,\"publisher\":{\"@id\":\"https:\\\/\\\/radiolitoral.com\\\/#organization\"},\"image\":{\"@id\":\"https:\\\/\\\/radiolitoral.com\\\/2023\\\/04\\\/el-rotary-club-calpe-celebra-su-cena-de-gala-en-beneficio-de-la-lucha-contra-el-cancer\\\/#primaryimage\"},\"thumbnailUrl\":\"https:\\\/\\\/media.radiolitoral.com\\\/wp-content\\\/uploads\\\/2023\\\/04\\\/13175341\\\/340481334_143431105154140_7196609143036907605_n.jpg\",\"keywords\":[\"cena gala Rotary\",\"lucha contra el c\u00e1ncer\",\"Rotary Club\"],\"articleSection\":[\"Sociedad\"],\"inLanguage\":\"ca\",\"potentialAction\":[{\"@type\":\"CommentAction\",\"name\":\"Comment\",\"target\":[\"https:\\\/\\\/radiolitoral.com\\\/2023\\\/04\\\/el-rotary-club-calpe-celebra-su-cena-de-gala-en-beneficio-de-la-lucha-contra-el-cancer\\\/#respond\"]}]},{\"@type\":[\"WebPage\",\"ItemPage\"],\"@id\":\"https:\\\/\\\/radiolitoral.com\\\/2023\\\/04\\\/el-rotary-club-calpe-celebra-su-cena-de-gala-en-beneficio-de-la-lucha-contra-el-cancer\\\/\",\"url\":\"https:\\\/\\\/radiolitoral.com\\\/2023\\\/04\\\/el-rotary-club-calpe-celebra-su-cena-de-gala-en-beneficio-de-la-lucha-contra-el-cancer\\\/\",\"name\":\"El Rotary Club Calpe celebra su cena de gala en beneficio de la lucha contra el c\u00e1ncer | R\u00e0dio Litoral\",\"isPartOf\":{\"@id\":\"https:\\\/\\\/radiolitoral.com\\\/#website\"},\"primaryImageOfPage\":{\"@id\":\"https:\\\/\\\/radiolitoral.com\\\/2023\\\/04\\\/el-rotary-club-calpe-celebra-su-cena-de-gala-en-beneficio-de-la-lucha-contra-el-cancer\\\/#primaryimage\"},\"image\":{\"@id\":\"https:\\\/\\\/radiolitoral.com\\\/2023\\\/04\\\/el-rotary-club-calpe-celebra-su-cena-de-gala-en-beneficio-de-la-lucha-contra-el-cancer\\\/#primaryimage\"},\"thumbnailUrl\":\"https:\\\/\\\/media.radiolitoral.com\\\/wp-content\\\/uploads\\\/2023\\\/04\\\/13175341\\\/340481334_143431105154140_7196609143036907605_n.jpg\",\"datePublished\":\"2023-04-13T15:53:55+00:00\",\"dateModified\":\"2023-04-13T15:54:37+00:00\",\"description\":\"Ser\u00e1 el s\u00e1bado a las 20.30 h en el Gran Hotel Sol y Mar\",\"breadcrumb\":{\"@id\":\"https:\\\/\\\/radiolitoral.com\\\/2023\\\/04\\\/el-rotary-club-calpe-celebra-su-cena-de-gala-en-beneficio-de-la-lucha-contra-el-cancer\\\/#breadcrumb\"},\"inLanguage\":\"ca\",\"potentialAction\":[{\"@type\":\"ReadAction\",\"target\":[\"https:\\\/\\\/radiolitoral.com\\\/2023\\\/04\\\/el-rotary-club-calpe-celebra-su-cena-de-gala-en-beneficio-de-la-lucha-contra-el-cancer\\\/\"]}]},{\"@type\":\"ImageObject\",\"inLanguage\":\"ca\",\"@id\":\"https:\\\/\\\/radiolitoral.com\\\/2023\\\/04\\\/el-rotary-club-calpe-celebra-su-cena-de-gala-en-beneficio-de-la-lucha-contra-el-cancer\\\/#primaryimage\",\"url\":\"https:\\\/\\\/media.radiolitoral.com\\\/wp-content\\\/uploads\\\/2023\\\/04\\\/13175341\\\/340481334_143431105154140_7196609143036907605_n.jpg\",\"contentUrl\":\"https:\\\/\\\/media.radiolitoral.com\\\/wp-content\\\/uploads\\\/2023\\\/04\\\/13175341\\\/340481334_143431105154140_7196609143036907605_n.jpg\",\"width\":1022,\"height\":1022},{\"@type\":\"BreadcrumbList\",\"@id\":\"https:\\\/\\\/radiolitoral.com\\\/2023\\\/04\\\/el-rotary-club-calpe-celebra-su-cena-de-gala-en-beneficio-de-la-lucha-contra-el-cancer\\\/#breadcrumb\",\"itemListElement\":[{\"@type\":\"ListItem\",\"position\":1,\"name\":\"Portada\",\"item\":\"https:\\\/\\\/radiolitoral.com\\\/\"},{\"@type\":\"ListItem\",\"position\":2,\"name\":\"El Rotary Club Calpe celebra su cena de gala en beneficio de la lucha contra el c\u00e1ncer\"}]},{\"@type\":\"WebSite\",\"@id\":\"https:\\\/\\\/radiolitoral.com\\\/#website\",\"url\":\"https:\\\/\\\/radiolitoral.com\\\/\",\"name\":\"Radio Litoral\",\"description\":\"La radio local de la Marina Alta\",\"publisher\":{\"@id\":\"https:\\\/\\\/radiolitoral.com\\\/#organization\"},\"alternateName\":\"Litoral FM\",\"potentialAction\":[{\"@type\":\"SearchAction\",\"target\":{\"@type\":\"EntryPoint\",\"urlTemplate\":\"https:\\\/\\\/radiolitoral.com\\\/?s={search_term_string}\"},\"query-input\":{\"@type\":\"PropertyValueSpecification\",\"valueRequired\":true,\"valueName\":\"search_term_string\"}}],\"inLanguage\":\"ca\"},{\"@type\":\"Organization\",\"@id\":\"https:\\\/\\\/radiolitoral.com\\\/#organization\",\"name\":\"Radio Litoral\",\"url\":\"https:\\\/\\\/radiolitoral.com\\\/\",\"logo\":{\"@type\":\"ImageObject\",\"inLanguage\":\"ca\",\"@id\":\"https:\\\/\\\/radiolitoral.com\\\/#\\\/schema\\\/logo\\\/image\\\/\",\"url\":\"https:\\\/\\\/media.radiolitoral.com\\\/wp-content\\\/uploads\\\/2023\\\/02\\\/24143238\\\/CL-V-RadioLitoral696.png\",\"contentUrl\":\"https:\\\/\\\/media.radiolitoral.com\\\/wp-content\\\/uploads\\\/2023\\\/02\\\/24143238\\\/CL-V-RadioLitoral696.png\",\"width\":696,\"height\":696,\"caption\":\"Radio Litoral\"},\"image\":{\"@id\":\"https:\\\/\\\/radiolitoral.com\\\/#\\\/schema\\\/logo\\\/image\\\/\"},\"sameAs\":[\"https:\\\/\\\/www.facebook.com\\\/Laradiolitoral\\\/\"]},{\"@type\":\"Person\",\"@id\":\"https:\\\/\\\/radiolitoral.com\\\/#\\\/schema\\\/person\\\/f2b2343c49b5d721857cc1002bfdb151\",\"name\":\"Redacci\u00f3n\",\"image\":{\"@type\":\"ImageObject\",\"inLanguage\":\"ca\",\"@id\":\"https:\\\/\\\/secure.gravatar.com\\\/avatar\\\/f771d896c203ad8b3382d7905cfcce5a5c9b008b84b3cd9114e9b9f4cb63f789?s=96&d=mm&r=g\",\"url\":\"https:\\\/\\\/secure.gravatar.com\\\/avatar\\\/f771d896c203ad8b3382d7905cfcce5a5c9b008b84b3cd9114e9b9f4cb63f789?s=96&d=mm&r=g\",\"contentUrl\":\"https:\\\/\\\/secure.gravatar.com\\\/avatar\\\/f771d896c203ad8b3382d7905cfcce5a5c9b008b84b3cd9114e9b9f4cb63f789?s=96&d=mm&r=g\",\"caption\":\"Redacci\u00f3n\"},\"url\":\"https:\\\/\\\/radiolitoral.com\\\/ca\\\/author\\\/miriam-pagan\\\/\"}]}<\/script>\n<!-- \/ Yoast SEO plugin. -->","yoast_head_json":{"title":"El Rotary Club Calpe celebra el sopar de gala en benefici de la lluita contra el c\u00e0ncer | R\u00e0dio Litoral","description":"Ser\u00e0 dissabte a les 20.30 h al Gran Hotel Sol i Mar","robots":{"index":"index","follow":"follow","max-snippet":"max-snippet:-1","max-image-preview":"max-image-preview:large","max-video-preview":"max-video-preview:-1"},"canonical":"https:\/\/radiolitoral.com\/ca\/2023\/04\/el-rotary-club-calp-celebra-el-seu-sopar-de-gala-en-benefici-de-la-lluita-contra-el-cancer\/","og_locale":"ca_ES","og_type":"article","og_title":"El Rotary Club Calpe celebra su cena de gala en beneficio de la lucha contra el c\u00e1ncer | R\u00e0dio Litoral","og_description":"Ser\u00e1 el s\u00e1bado a las 20.30 h en el Gran Hotel Sol y Mar","og_url":"https:\/\/radiolitoral.com\/ca\/2023\/04\/el-rotary-club-calp-celebra-el-seu-sopar-de-gala-en-benefici-de-la-lluita-contra-el-cancer\/","og_site_name":"R\u00e0dio Litoral","article_publisher":"https:\/\/www.facebook.com\/Laradiolitoral\/","article_published_time":"2023-04-13T15:53:55+00:00","article_modified_time":"2023-04-13T15:54:37+00:00","og_image":[{"width":1022,"height":1022,"url":"https:\/\/media.radiolitoral.com\/wp-content\/uploads\/2023\/04\/13175341\/340481334_143431105154140_7196609143036907605_n.jpg","type":"image\/jpeg"}],"author":"Redacci\u00f3n","twitter_card":"summary_large_image","twitter_misc":{"Escrit per":"Redacci\u00f3n","Temps estimat de lectura":"1 minut"},"schema":{"@context":"https:\/\/schema.org","@graph":[{"@type":"NewsArticle","@id":"https:\/\/radiolitoral.com\/2023\/04\/el-rotary-club-calpe-celebra-su-cena-de-gala-en-beneficio-de-la-lucha-contra-el-cancer\/#article","isPartOf":{"@id":"https:\/\/radiolitoral.com\/2023\/04\/el-rotary-club-calpe-celebra-su-cena-de-gala-en-beneficio-de-la-lucha-contra-el-cancer\/"},"author":{"name":"Redacci\u00f3n","@id":"https:\/\/radiolitoral.com\/#\/schema\/person\/f2b2343c49b5d721857cc1002bfdb151"},"headline":"El Rotary Club Calpe celebra su cena de gala en beneficio de la lucha contra el c\u00e1ncer","datePublished":"2023-04-13T15:53:55+00:00","dateModified":"2023-04-13T15:54:37+00:00","mainEntityOfPage":{"@id":"https:\/\/radiolitoral.com\/2023\/04\/el-rotary-club-calpe-celebra-su-cena-de-gala-en-beneficio-de-la-lucha-contra-el-cancer\/"},"wordCount":130,"commentCount":0,"publisher":{"@id":"https:\/\/radiolitoral.com\/#organization"},"image":{"@id":"https:\/\/radiolitoral.com\/2023\/04\/el-rotary-club-calpe-celebra-su-cena-de-gala-en-beneficio-de-la-lucha-contra-el-cancer\/#primaryimage"},"thumbnailUrl":"https:\/\/media.radiolitoral.com\/wp-content\/uploads\/2023\/04\/13175341\/340481334_143431105154140_7196609143036907605_n.jpg","keywords":["cena gala Rotary","lucha contra el c\u00e1ncer","Rotary Club"],"articleSection":["Sociedad"],"inLanguage":"ca","potentialAction":[{"@type":"CommentAction","name":"Comment","target":["https:\/\/radiolitoral.com\/2023\/04\/el-rotary-club-calpe-celebra-su-cena-de-gala-en-beneficio-de-la-lucha-contra-el-cancer\/#respond"]}]},{"@type":["WebPage","ItemPage"],"@id":"https:\/\/radiolitoral.com\/2023\/04\/el-rotary-club-calpe-celebra-su-cena-de-gala-en-beneficio-de-la-lucha-contra-el-cancer\/","url":"https:\/\/radiolitoral.com\/2023\/04\/el-rotary-club-calpe-celebra-su-cena-de-gala-en-beneficio-de-la-lucha-contra-el-cancer\/","name":"El Rotary Club Calpe celebra el sopar de gala en benefici de la lluita contra el c\u00e0ncer | R\u00e0dio Litoral","isPartOf":{"@id":"https:\/\/radiolitoral.com\/#website"},"primaryImageOfPage":{"@id":"https:\/\/radiolitoral.com\/2023\/04\/el-rotary-club-calpe-celebra-su-cena-de-gala-en-beneficio-de-la-lucha-contra-el-cancer\/#primaryimage"},"image":{"@id":"https:\/\/radiolitoral.com\/2023\/04\/el-rotary-club-calpe-celebra-su-cena-de-gala-en-beneficio-de-la-lucha-contra-el-cancer\/#primaryimage"},"thumbnailUrl":"https:\/\/media.radiolitoral.com\/wp-content\/uploads\/2023\/04\/13175341\/340481334_143431105154140_7196609143036907605_n.jpg","datePublished":"2023-04-13T15:53:55+00:00","dateModified":"2023-04-13T15:54:37+00:00","description":"Ser\u00e0 dissabte a les 20.30 h al Gran Hotel Sol i Mar","breadcrumb":{"@id":"https:\/\/radiolitoral.com\/2023\/04\/el-rotary-club-calpe-celebra-su-cena-de-gala-en-beneficio-de-la-lucha-contra-el-cancer\/#breadcrumb"},"inLanguage":"ca","potentialAction":[{"@type":"ReadAction","target":["https:\/\/radiolitoral.com\/2023\/04\/el-rotary-club-calpe-celebra-su-cena-de-gala-en-beneficio-de-la-lucha-contra-el-cancer\/"]}]},{"@type":"ImageObject","inLanguage":"ca","@id":"https:\/\/radiolitoral.com\/2023\/04\/el-rotary-club-calpe-celebra-su-cena-de-gala-en-beneficio-de-la-lucha-contra-el-cancer\/#primaryimage","url":"https:\/\/media.radiolitoral.com\/wp-content\/uploads\/2023\/04\/13175341\/340481334_143431105154140_7196609143036907605_n.jpg","contentUrl":"https:\/\/media.radiolitoral.com\/wp-content\/uploads\/2023\/04\/13175341\/340481334_143431105154140_7196609143036907605_n.jpg","width":1022,"height":1022},{"@type":"BreadcrumbList","@id":"https:\/\/radiolitoral.com\/2023\/04\/el-rotary-club-calpe-celebra-su-cena-de-gala-en-beneficio-de-la-lucha-contra-el-cancer\/#breadcrumb","itemListElement":[{"@type":"ListItem","position":1,"name":"Portada","item":"https:\/\/radiolitoral.com\/"},{"@type":"ListItem","position":2,"name":"El Rotary Club Calpe celebra su cena de gala en beneficio de la lucha contra el c\u00e1ncer"}]},{"@type":"WebSite","@id":"https:\/\/radiolitoral.com\/#website","url":"https:\/\/radiolitoral.com\/","name":"R\u00e0dio Litoral","description":"La r\u00e0dio local de la Marina Alta","publisher":{"@id":"https:\/\/radiolitoral.com\/#organization"},"alternateName":"Litoral FM","potentialAction":[{"@type":"SearchAction","target":{"@type":"EntryPoint","urlTemplate":"https:\/\/radiolitoral.com\/?s={search_term_string}"},"query-input":{"@type":"PropertyValueSpecification","valueRequired":true,"valueName":"search_term_string"}}],"inLanguage":"ca"},{"@type":"Organization","@id":"https:\/\/radiolitoral.com\/#organization","name":"R\u00e0dio Litoral","url":"https:\/\/radiolitoral.com\/","logo":{"@type":"ImageObject","inLanguage":"ca","@id":"https:\/\/radiolitoral.com\/#\/schema\/logo\/image\/","url":"https:\/\/media.radiolitoral.com\/wp-content\/uploads\/2023\/02\/24143238\/CL-V-RadioLitoral696.png","contentUrl":"https:\/\/media.radiolitoral.com\/wp-content\/uploads\/2023\/02\/24143238\/CL-V-RadioLitoral696.png","width":696,"height":696,"caption":"Radio Litoral"},"image":{"@id":"https:\/\/radiolitoral.com\/#\/schema\/logo\/image\/"},"sameAs":["https:\/\/www.facebook.com\/Laradiolitoral\/"]},{"@type":"Person","@id":"https:\/\/radiolitoral.com\/#\/schema\/person\/f2b2343c49b5d721857cc1002bfdb151","name":"Redacci\u00f3","image":{"@type":"ImageObject","inLanguage":"ca","@id":"https:\/\/secure.gravatar.com\/avatar\/f771d896c203ad8b3382d7905cfcce5a5c9b008b84b3cd9114e9b9f4cb63f789?s=96&d=mm&r=g","url":"https:\/\/secure.gravatar.com\/avatar\/f771d896c203ad8b3382d7905cfcce5a5c9b008b84b3cd9114e9b9f4cb63f789?s=96&d=mm&r=g","contentUrl":"https:\/\/secure.gravatar.com\/avatar\/f771d896c203ad8b3382d7905cfcce5a5c9b008b84b3cd9114e9b9f4cb63f789?s=96&d=mm&r=g","caption":"Redacci\u00f3n"},"url":"https:\/\/radiolitoral.com\/ca\/author\/miriam-pagan\/"}]}},"_links":{"self":[{"href":"https:\/\/radiolitoral.com\/ca\/wp-json\/wp\/v2\/posts\/2166","targetHints":{"allow":["GET"]}}],"collection":[{"href":"https:\/\/radiolitoral.com\/ca\/wp-json\/wp\/v2\/posts"}],"about":[{"href":"https:\/\/radiolitoral.com\/ca\/wp-json\/wp\/v2\/types\/post"}],"author":[{"embeddable":true,"href":"https:\/\/radiolitoral.com\/ca\/wp-json\/wp\/v2\/users\/13"}],"replies":[{"embeddable":true,"href":"https:\/\/radiolitoral.com\/ca\/wp-json\/wp\/v2\/comments?post=2166"}],"version-history":[{"count":1,"href":"https:\/\/radiolitoral.com\/ca\/wp-json\/wp\/v2\/posts\/2166\/revisions"}],"predecessor-version":[{"id":2168,"href":"https:\/\/radiolitoral.com\/ca\/wp-json\/wp\/v2\/posts\/2166\/revisions\/2168"}],"wp:featuredmedia":[{"embeddable":true,"href":"https:\/\/radiolitoral.com\/ca\/wp-json\/wp\/v2\/media\/2167"}],"wp:attachment":[{"href":"https:\/\/radiolitoral.com\/ca\/wp-json\/wp\/v2\/media?parent=2166"}],"wp:term":[{"taxonomy":"category","embeddable":true,"href":"https:\/\/radiolitoral.com\/ca\/wp-json\/wp\/v2\/categories?post=2166"},{"taxonomy":"post_tag","embeddable":true,"href":"https:\/\/radiolitoral.com\/ca\/wp-json\/wp\/v2\/tags?post=2166"}],"curies":[{"name":"wp","href":"https:\/\/api.w.org\/{rel}","templated":true}]}}