{"id":2157,"date":"2023-04-13T17:28:39","date_gmt":"2023-04-13T15:28:39","guid":{"rendered":"https:\/\/radiolitoral.com\/?p=2157"},"modified":"2023-04-13T17:31:19","modified_gmt":"2023-04-13T15:31:19","slug":"la-primaria-el-primer-millores-els-centres-de-salut-de-la-marina-alta","status":"publish","type":"post","link":"https:\/\/radiolitoral.com\/ca\/2023\/04\/la-primaria-lo-primero-mejorara-los-centros-de-salud-de-la-marina-alta\/","title":{"rendered":"\u00abLa Prim\u00e0ria, el primer\u00bb millorar\u00e0 els centres de salut de la Marina Alta"},"content":{"rendered":"<p>El DSD ha presentat, coincidint amb el Dia de l&#039;Atenci\u00f3 Prim\u00e0ria, un ambici\u00f3s <strong>pla de millora als centres de salut i consultoris de la Marina Alta<\/strong>. El Pla porta com a lema <strong>\u201cLa Prim\u00e0ria, el primer\u201d<\/strong>.<\/p>\n<p>I segons el Dr. Javier Palau, Director Gerent del DSD, \u201ces tracta d\u201fun projecte ambici\u00f3s i tangible, ja que compta amb dotaci\u00f3 pressupost\u00e0ria. Amb qu\u00e8 es posa el focus a l&#039;Atenci\u00f3 Prim\u00e0ria, que \u00e9s la base de l&#039;assist\u00e8ncia sanit\u00e0ria, i que contempla millores en mat\u00e8ria d&#039;infraestructures, recursos humans, formaci\u00f3 i indicadors d&#039;activitat i accessibilitat\u201d.<\/p>\n<p>&nbsp;<\/p>","protected":false},"excerpt":{"rendered":"<p>El DSD, ha presentado, coincidiendo con el D\u00eda de la Atenci\u00f3n Primaria, un ambicioso plan de mejora en los centros de salud y consultorios de la Marina Alta. El Plan lleva como lema \u201cLa Primaria, lo primero\u00bb. Y seg\u00fan el Dr. Javier Palau, Director Gerente del DSD, \u201cse trata de un proyecto ambicioso y tangible, [&#8230;]<\/p>\n<p><a class=\"btn btn-secondary understrap-read-more-link\" href=\"https:\/\/radiolitoral.com\/ca\/2023\/04\/la-primaria-lo-primero-mejorara-los-centros-de-salud-de-la-marina-alta\/\">Continua llegint&#8230;<span class=\"screen-reader-text\"> from \u00abLa Primaria, lo primero\u00bb mejorar\u00e1 los centros de salud de la Marina Alta<\/span><\/a><\/p>\n","protected":false},"author":21,"featured_media":2158,"comment_status":"open","ping_status":"closed","sticky":false,"template":"","format":"standard","meta":{"_acf_changed":false,"inline_featured_image":false,"footnotes":""},"categories":[380],"tags":[503,502,501,504],"class_list":["post-2157","post","type-post","status-publish","format-standard","has-post-thumbnail","hentry","category-sanidad","tag-la-primaria","tag-centro-de-salud","tag-centros-sanitarios-marina","tag-lo-primero","cobertura-marina-alta"],"acf":[],"yoast_head":"<!-- This site is optimized with the Yoast SEO plugin v27.5 - https:\/\/yoast.com\/product\/yoast-seo-wordpress\/ -->\n<title>&quot;La Primaria, lo primero&quot; mejorar\u00e1 los centros de salud de la Marina Alta | R\u00e0dio Litoral<\/title>\n<meta name=\"description\" content=\"Pretenden avanzar en infraestructuras, recursos humanos y formaci\u00f3n Pretenden avanzar en infraestructuras, recursos humanos y formaci\u00f3n\" \/>\n<meta name=\"robots\" content=\"index, follow, max-snippet:-1, max-image-preview:large, max-video-preview:-1\" \/>\n<link rel=\"canonical\" href=\"https:\/\/radiolitoral.com\/ca\/2023\/04\/la-primaria-el-primer-millores-els-centres-de-salut-de-la-marina-alta\/\" \/>\n<meta property=\"og:locale\" content=\"ca_ES\" \/>\n<meta property=\"og:type\" content=\"article\" \/>\n<meta property=\"og:title\" content=\"&quot;La Primaria, lo primero&quot; mejorar\u00e1 los centros de salud de la Marina Alta | R\u00e0dio Litoral\" \/>\n<meta property=\"og:description\" content=\"Pretenden avanzar en infraestructuras, recursos humanos y formaci\u00f3n Pretenden avanzar en infraestructuras, recursos humanos y formaci\u00f3n\" \/>\n<meta property=\"og:url\" content=\"https:\/\/radiolitoral.com\/ca\/2023\/04\/la-primaria-el-primer-millores-els-centres-de-salut-de-la-marina-alta\/\" \/>\n<meta property=\"og:site_name\" content=\"R\u00e0dio Litoral\" \/>\n<meta property=\"article:publisher\" content=\"https:\/\/www.facebook.com\/Laradiolitoral\/\" \/>\n<meta property=\"article:published_time\" content=\"2023-04-13T15:28:39+00:00\" \/>\n<meta property=\"article:modified_time\" content=\"2023-04-13T15:31:19+00:00\" \/>\n<meta property=\"og:image\" content=\"https:\/\/media.radiolitoral.com\/wp-content\/uploads\/2023\/04\/13172830\/e5a8736fea34271421eb3eb6ad6d63cd.jpg\" \/>\n\t<meta property=\"og:image:width\" content=\"1201\" \/>\n\t<meta property=\"og:image:height\" content=\"1201\" \/>\n\t<meta property=\"og:image:type\" content=\"image\/jpeg\" \/>\n<meta name=\"author\" content=\"Mel Pescuezo\" \/>\n<meta name=\"twitter:card\" content=\"summary_large_image\" \/>\n<meta name=\"twitter:label1\" content=\"Escrit per\" \/>\n\t<meta name=\"twitter:data1\" content=\"Mel Pescuezo\" \/>\n\t<meta name=\"twitter:label2\" content=\"Temps estimat de lectura\" \/>\n\t<meta name=\"twitter:data2\" content=\"1 minut\" \/>\n<script type=\"application\/ld+json\" class=\"yoast-schema-graph\">{\"@context\":\"https:\\\/\\\/schema.org\",\"@graph\":[{\"@type\":\"NewsArticle\",\"@id\":\"https:\\\/\\\/radiolitoral.com\\\/2023\\\/04\\\/la-primaria-lo-primero-mejorara-los-centros-de-salud-de-la-marina-alta\\\/#article\",\"isPartOf\":{\"@id\":\"https:\\\/\\\/radiolitoral.com\\\/2023\\\/04\\\/la-primaria-lo-primero-mejorara-los-centros-de-salud-de-la-marina-alta\\\/\"},\"author\":{\"name\":\"Mel Pescuezo\",\"@id\":\"https:\\\/\\\/radiolitoral.com\\\/#\\\/schema\\\/person\\\/aad4f72efa404f85b68e832d24cac059\"},\"headline\":\"\u00abLa Primaria, lo primero\u00bb mejorar\u00e1 los centros de salud de la Marina Alta\",\"datePublished\":\"2023-04-13T15:28:39+00:00\",\"dateModified\":\"2023-04-13T15:31:19+00:00\",\"mainEntityOfPage\":{\"@id\":\"https:\\\/\\\/radiolitoral.com\\\/2023\\\/04\\\/la-primaria-lo-primero-mejorara-los-centros-de-salud-de-la-marina-alta\\\/\"},\"wordCount\":117,\"commentCount\":0,\"publisher\":{\"@id\":\"https:\\\/\\\/radiolitoral.com\\\/#organization\"},\"image\":{\"@id\":\"https:\\\/\\\/radiolitoral.com\\\/2023\\\/04\\\/la-primaria-lo-primero-mejorara-los-centros-de-salud-de-la-marina-alta\\\/#primaryimage\"},\"thumbnailUrl\":\"https:\\\/\\\/media.radiolitoral.com\\\/wp-content\\\/uploads\\\/2023\\\/04\\\/13172830\\\/e5a8736fea34271421eb3eb6ad6d63cd.jpg\",\"keywords\":[\"\u201cLa Primaria\",\"centro de salud\",\"centros sanitarios Marina\",\"lo primero\\\"\"],\"articleSection\":[\"Sanidad\"],\"inLanguage\":\"ca\",\"potentialAction\":[{\"@type\":\"CommentAction\",\"name\":\"Comment\",\"target\":[\"https:\\\/\\\/radiolitoral.com\\\/2023\\\/04\\\/la-primaria-lo-primero-mejorara-los-centros-de-salud-de-la-marina-alta\\\/#respond\"]}]},{\"@type\":[\"WebPage\",\"ItemPage\"],\"@id\":\"https:\\\/\\\/radiolitoral.com\\\/2023\\\/04\\\/la-primaria-lo-primero-mejorara-los-centros-de-salud-de-la-marina-alta\\\/\",\"url\":\"https:\\\/\\\/radiolitoral.com\\\/2023\\\/04\\\/la-primaria-lo-primero-mejorara-los-centros-de-salud-de-la-marina-alta\\\/\",\"name\":\"\\\"La Primaria, lo primero\\\" mejorar\u00e1 los centros de salud de la Marina Alta | R\u00e0dio Litoral\",\"isPartOf\":{\"@id\":\"https:\\\/\\\/radiolitoral.com\\\/#website\"},\"primaryImageOfPage\":{\"@id\":\"https:\\\/\\\/radiolitoral.com\\\/2023\\\/04\\\/la-primaria-lo-primero-mejorara-los-centros-de-salud-de-la-marina-alta\\\/#primaryimage\"},\"image\":{\"@id\":\"https:\\\/\\\/radiolitoral.com\\\/2023\\\/04\\\/la-primaria-lo-primero-mejorara-los-centros-de-salud-de-la-marina-alta\\\/#primaryimage\"},\"thumbnailUrl\":\"https:\\\/\\\/media.radiolitoral.com\\\/wp-content\\\/uploads\\\/2023\\\/04\\\/13172830\\\/e5a8736fea34271421eb3eb6ad6d63cd.jpg\",\"datePublished\":\"2023-04-13T15:28:39+00:00\",\"dateModified\":\"2023-04-13T15:31:19+00:00\",\"description\":\"Pretenden avanzar en infraestructuras, recursos humanos y formaci\u00f3n Pretenden avanzar en infraestructuras, recursos humanos y formaci\u00f3n\",\"breadcrumb\":{\"@id\":\"https:\\\/\\\/radiolitoral.com\\\/2023\\\/04\\\/la-primaria-lo-primero-mejorara-los-centros-de-salud-de-la-marina-alta\\\/#breadcrumb\"},\"inLanguage\":\"ca\",\"potentialAction\":[{\"@type\":\"ReadAction\",\"target\":[\"https:\\\/\\\/radiolitoral.com\\\/2023\\\/04\\\/la-primaria-lo-primero-mejorara-los-centros-de-salud-de-la-marina-alta\\\/\"]}]},{\"@type\":\"ImageObject\",\"inLanguage\":\"ca\",\"@id\":\"https:\\\/\\\/radiolitoral.com\\\/2023\\\/04\\\/la-primaria-lo-primero-mejorara-los-centros-de-salud-de-la-marina-alta\\\/#primaryimage\",\"url\":\"https:\\\/\\\/media.radiolitoral.com\\\/wp-content\\\/uploads\\\/2023\\\/04\\\/13172830\\\/e5a8736fea34271421eb3eb6ad6d63cd.jpg\",\"contentUrl\":\"https:\\\/\\\/media.radiolitoral.com\\\/wp-content\\\/uploads\\\/2023\\\/04\\\/13172830\\\/e5a8736fea34271421eb3eb6ad6d63cd.jpg\",\"width\":1201,\"height\":1201},{\"@type\":\"BreadcrumbList\",\"@id\":\"https:\\\/\\\/radiolitoral.com\\\/2023\\\/04\\\/la-primaria-lo-primero-mejorara-los-centros-de-salud-de-la-marina-alta\\\/#breadcrumb\",\"itemListElement\":[{\"@type\":\"ListItem\",\"position\":1,\"name\":\"Portada\",\"item\":\"https:\\\/\\\/radiolitoral.com\\\/\"},{\"@type\":\"ListItem\",\"position\":2,\"name\":\"\u00abLa Primaria, lo primero\u00bb mejorar\u00e1 los centros de salud de la Marina Alta\"}]},{\"@type\":\"WebSite\",\"@id\":\"https:\\\/\\\/radiolitoral.com\\\/#website\",\"url\":\"https:\\\/\\\/radiolitoral.com\\\/\",\"name\":\"Radio Litoral\",\"description\":\"La radio local de la Marina Alta\",\"publisher\":{\"@id\":\"https:\\\/\\\/radiolitoral.com\\\/#organization\"},\"alternateName\":\"Litoral FM\",\"potentialAction\":[{\"@type\":\"SearchAction\",\"target\":{\"@type\":\"EntryPoint\",\"urlTemplate\":\"https:\\\/\\\/radiolitoral.com\\\/?s={search_term_string}\"},\"query-input\":{\"@type\":\"PropertyValueSpecification\",\"valueRequired\":true,\"valueName\":\"search_term_string\"}}],\"inLanguage\":\"ca\"},{\"@type\":\"Organization\",\"@id\":\"https:\\\/\\\/radiolitoral.com\\\/#organization\",\"name\":\"Radio Litoral\",\"url\":\"https:\\\/\\\/radiolitoral.com\\\/\",\"logo\":{\"@type\":\"ImageObject\",\"inLanguage\":\"ca\",\"@id\":\"https:\\\/\\\/radiolitoral.com\\\/#\\\/schema\\\/logo\\\/image\\\/\",\"url\":\"https:\\\/\\\/media.radiolitoral.com\\\/wp-content\\\/uploads\\\/2023\\\/02\\\/24143238\\\/CL-V-RadioLitoral696.png\",\"contentUrl\":\"https:\\\/\\\/media.radiolitoral.com\\\/wp-content\\\/uploads\\\/2023\\\/02\\\/24143238\\\/CL-V-RadioLitoral696.png\",\"width\":696,\"height\":696,\"caption\":\"Radio Litoral\"},\"image\":{\"@id\":\"https:\\\/\\\/radiolitoral.com\\\/#\\\/schema\\\/logo\\\/image\\\/\"},\"sameAs\":[\"https:\\\/\\\/www.facebook.com\\\/Laradiolitoral\\\/\"]},{\"@type\":\"Person\",\"@id\":\"https:\\\/\\\/radiolitoral.com\\\/#\\\/schema\\\/person\\\/aad4f72efa404f85b68e832d24cac059\",\"name\":\"Mel Pescuezo\",\"image\":{\"@type\":\"ImageObject\",\"inLanguage\":\"ca\",\"@id\":\"https:\\\/\\\/secure.gravatar.com\\\/avatar\\\/993975ae489c70cb0dd9bfa9413a082f0bd276582dac13661af7b33f161e7eea?s=96&d=mm&r=g\",\"url\":\"https:\\\/\\\/secure.gravatar.com\\\/avatar\\\/993975ae489c70cb0dd9bfa9413a082f0bd276582dac13661af7b33f161e7eea?s=96&d=mm&r=g\",\"contentUrl\":\"https:\\\/\\\/secure.gravatar.com\\\/avatar\\\/993975ae489c70cb0dd9bfa9413a082f0bd276582dac13661af7b33f161e7eea?s=96&d=mm&r=g\",\"caption\":\"Mel Pescuezo\"},\"url\":\"https:\\\/\\\/radiolitoral.com\\\/ca\\\/author\\\/serviciospararadios\\\/\"}]}<\/script>\n<!-- \/ Yoast SEO plugin. -->","yoast_head_json":{"title":"&quot;La Prim\u00e0ria, el primer&quot; millorar\u00e0 els centres de salut de la Marina Alta | R\u00e0dio Litoral","description":"Pretenen avan\u00e7ar en infraestructures, recursos humans i formaci\u00f3 Pretenen avan\u00e7ar en infraestructures, recursos humans i formaci\u00f3","robots":{"index":"index","follow":"follow","max-snippet":"max-snippet:-1","max-image-preview":"max-image-preview:large","max-video-preview":"max-video-preview:-1"},"canonical":"https:\/\/radiolitoral.com\/ca\/2023\/04\/la-primaria-el-primer-millores-els-centres-de-salut-de-la-marina-alta\/","og_locale":"ca_ES","og_type":"article","og_title":"\"La Primaria, lo primero\" mejorar\u00e1 los centros de salud de la Marina Alta | R\u00e0dio Litoral","og_description":"Pretenden avanzar en infraestructuras, recursos humanos y formaci\u00f3n Pretenden avanzar en infraestructuras, recursos humanos y formaci\u00f3n","og_url":"https:\/\/radiolitoral.com\/ca\/2023\/04\/la-primaria-el-primer-millores-els-centres-de-salut-de-la-marina-alta\/","og_site_name":"R\u00e0dio Litoral","article_publisher":"https:\/\/www.facebook.com\/Laradiolitoral\/","article_published_time":"2023-04-13T15:28:39+00:00","article_modified_time":"2023-04-13T15:31:19+00:00","og_image":[{"width":1201,"height":1201,"url":"https:\/\/media.radiolitoral.com\/wp-content\/uploads\/2023\/04\/13172830\/e5a8736fea34271421eb3eb6ad6d63cd.jpg","type":"image\/jpeg"}],"author":"Mel Pescuezo","twitter_card":"summary_large_image","twitter_misc":{"Escrit per":"Mel Pescuezo","Temps estimat de lectura":"1 minut"},"schema":{"@context":"https:\/\/schema.org","@graph":[{"@type":"NewsArticle","@id":"https:\/\/radiolitoral.com\/2023\/04\/la-primaria-lo-primero-mejorara-los-centros-de-salud-de-la-marina-alta\/#article","isPartOf":{"@id":"https:\/\/radiolitoral.com\/2023\/04\/la-primaria-lo-primero-mejorara-los-centros-de-salud-de-la-marina-alta\/"},"author":{"name":"Mel Pescuezo","@id":"https:\/\/radiolitoral.com\/#\/schema\/person\/aad4f72efa404f85b68e832d24cac059"},"headline":"\u00abLa Primaria, lo primero\u00bb mejorar\u00e1 los centros de salud de la Marina Alta","datePublished":"2023-04-13T15:28:39+00:00","dateModified":"2023-04-13T15:31:19+00:00","mainEntityOfPage":{"@id":"https:\/\/radiolitoral.com\/2023\/04\/la-primaria-lo-primero-mejorara-los-centros-de-salud-de-la-marina-alta\/"},"wordCount":117,"commentCount":0,"publisher":{"@id":"https:\/\/radiolitoral.com\/#organization"},"image":{"@id":"https:\/\/radiolitoral.com\/2023\/04\/la-primaria-lo-primero-mejorara-los-centros-de-salud-de-la-marina-alta\/#primaryimage"},"thumbnailUrl":"https:\/\/media.radiolitoral.com\/wp-content\/uploads\/2023\/04\/13172830\/e5a8736fea34271421eb3eb6ad6d63cd.jpg","keywords":["\u201cLa Primaria","centro de salud","centros sanitarios Marina","lo primero\""],"articleSection":["Sanidad"],"inLanguage":"ca","potentialAction":[{"@type":"CommentAction","name":"Comment","target":["https:\/\/radiolitoral.com\/2023\/04\/la-primaria-lo-primero-mejorara-los-centros-de-salud-de-la-marina-alta\/#respond"]}]},{"@type":["WebPage","ItemPage"],"@id":"https:\/\/radiolitoral.com\/2023\/04\/la-primaria-lo-primero-mejorara-los-centros-de-salud-de-la-marina-alta\/","url":"https:\/\/radiolitoral.com\/2023\/04\/la-primaria-lo-primero-mejorara-los-centros-de-salud-de-la-marina-alta\/","name":"&quot;La Prim\u00e0ria, el primer&quot; millorar\u00e0 els centres de salut de la Marina Alta | R\u00e0dio Litoral","isPartOf":{"@id":"https:\/\/radiolitoral.com\/#website"},"primaryImageOfPage":{"@id":"https:\/\/radiolitoral.com\/2023\/04\/la-primaria-lo-primero-mejorara-los-centros-de-salud-de-la-marina-alta\/#primaryimage"},"image":{"@id":"https:\/\/radiolitoral.com\/2023\/04\/la-primaria-lo-primero-mejorara-los-centros-de-salud-de-la-marina-alta\/#primaryimage"},"thumbnailUrl":"https:\/\/media.radiolitoral.com\/wp-content\/uploads\/2023\/04\/13172830\/e5a8736fea34271421eb3eb6ad6d63cd.jpg","datePublished":"2023-04-13T15:28:39+00:00","dateModified":"2023-04-13T15:31:19+00:00","description":"Pretenen avan\u00e7ar en infraestructures, recursos humans i formaci\u00f3 Pretenen avan\u00e7ar en infraestructures, recursos humans i formaci\u00f3","breadcrumb":{"@id":"https:\/\/radiolitoral.com\/2023\/04\/la-primaria-lo-primero-mejorara-los-centros-de-salud-de-la-marina-alta\/#breadcrumb"},"inLanguage":"ca","potentialAction":[{"@type":"ReadAction","target":["https:\/\/radiolitoral.com\/2023\/04\/la-primaria-lo-primero-mejorara-los-centros-de-salud-de-la-marina-alta\/"]}]},{"@type":"ImageObject","inLanguage":"ca","@id":"https:\/\/radiolitoral.com\/2023\/04\/la-primaria-lo-primero-mejorara-los-centros-de-salud-de-la-marina-alta\/#primaryimage","url":"https:\/\/media.radiolitoral.com\/wp-content\/uploads\/2023\/04\/13172830\/e5a8736fea34271421eb3eb6ad6d63cd.jpg","contentUrl":"https:\/\/media.radiolitoral.com\/wp-content\/uploads\/2023\/04\/13172830\/e5a8736fea34271421eb3eb6ad6d63cd.jpg","width":1201,"height":1201},{"@type":"BreadcrumbList","@id":"https:\/\/radiolitoral.com\/2023\/04\/la-primaria-lo-primero-mejorara-los-centros-de-salud-de-la-marina-alta\/#breadcrumb","itemListElement":[{"@type":"ListItem","position":1,"name":"Portada","item":"https:\/\/radiolitoral.com\/"},{"@type":"ListItem","position":2,"name":"\u00abLa Primaria, lo primero\u00bb mejorar\u00e1 los centros de salud de la Marina Alta"}]},{"@type":"WebSite","@id":"https:\/\/radiolitoral.com\/#website","url":"https:\/\/radiolitoral.com\/","name":"R\u00e0dio Litoral","description":"La r\u00e0dio local de la Marina Alta","publisher":{"@id":"https:\/\/radiolitoral.com\/#organization"},"alternateName":"Litoral FM","potentialAction":[{"@type":"SearchAction","target":{"@type":"EntryPoint","urlTemplate":"https:\/\/radiolitoral.com\/?s={search_term_string}"},"query-input":{"@type":"PropertyValueSpecification","valueRequired":true,"valueName":"search_term_string"}}],"inLanguage":"ca"},{"@type":"Organization","@id":"https:\/\/radiolitoral.com\/#organization","name":"R\u00e0dio Litoral","url":"https:\/\/radiolitoral.com\/","logo":{"@type":"ImageObject","inLanguage":"ca","@id":"https:\/\/radiolitoral.com\/#\/schema\/logo\/image\/","url":"https:\/\/media.radiolitoral.com\/wp-content\/uploads\/2023\/02\/24143238\/CL-V-RadioLitoral696.png","contentUrl":"https:\/\/media.radiolitoral.com\/wp-content\/uploads\/2023\/02\/24143238\/CL-V-RadioLitoral696.png","width":696,"height":696,"caption":"Radio Litoral"},"image":{"@id":"https:\/\/radiolitoral.com\/#\/schema\/logo\/image\/"},"sameAs":["https:\/\/www.facebook.com\/Laradiolitoral\/"]},{"@type":"Person","@id":"https:\/\/radiolitoral.com\/#\/schema\/person\/aad4f72efa404f85b68e832d24cac059","name":"Mel Pescuezo","image":{"@type":"ImageObject","inLanguage":"ca","@id":"https:\/\/secure.gravatar.com\/avatar\/993975ae489c70cb0dd9bfa9413a082f0bd276582dac13661af7b33f161e7eea?s=96&d=mm&r=g","url":"https:\/\/secure.gravatar.com\/avatar\/993975ae489c70cb0dd9bfa9413a082f0bd276582dac13661af7b33f161e7eea?s=96&d=mm&r=g","contentUrl":"https:\/\/secure.gravatar.com\/avatar\/993975ae489c70cb0dd9bfa9413a082f0bd276582dac13661af7b33f161e7eea?s=96&d=mm&r=g","caption":"Mel Pescuezo"},"url":"https:\/\/radiolitoral.com\/ca\/author\/serviciospararadios\/"}]}},"_links":{"self":[{"href":"https:\/\/radiolitoral.com\/ca\/wp-json\/wp\/v2\/posts\/2157","targetHints":{"allow":["GET"]}}],"collection":[{"href":"https:\/\/radiolitoral.com\/ca\/wp-json\/wp\/v2\/posts"}],"about":[{"href":"https:\/\/radiolitoral.com\/ca\/wp-json\/wp\/v2\/types\/post"}],"author":[{"embeddable":true,"href":"https:\/\/radiolitoral.com\/ca\/wp-json\/wp\/v2\/users\/21"}],"replies":[{"embeddable":true,"href":"https:\/\/radiolitoral.com\/ca\/wp-json\/wp\/v2\/comments?post=2157"}],"version-history":[{"count":2,"href":"https:\/\/radiolitoral.com\/ca\/wp-json\/wp\/v2\/posts\/2157\/revisions"}],"predecessor-version":[{"id":2161,"href":"https:\/\/radiolitoral.com\/ca\/wp-json\/wp\/v2\/posts\/2157\/revisions\/2161"}],"wp:featuredmedia":[{"embeddable":true,"href":"https:\/\/radiolitoral.com\/ca\/wp-json\/wp\/v2\/media\/2158"}],"wp:attachment":[{"href":"https:\/\/radiolitoral.com\/ca\/wp-json\/wp\/v2\/media?parent=2157"}],"wp:term":[{"taxonomy":"category","embeddable":true,"href":"https:\/\/radiolitoral.com\/ca\/wp-json\/wp\/v2\/categories?post=2157"},{"taxonomy":"post_tag","embeddable":true,"href":"https:\/\/radiolitoral.com\/ca\/wp-json\/wp\/v2\/tags?post=2157"}],"curies":[{"name":"wp","href":"https:\/\/api.w.org\/{rel}","templated":true}]}}