{"id":2138,"date":"2023-04-13T16:47:08","date_gmt":"2023-04-13T14:47:08","guid":{"rendered":"https:\/\/radiolitoral.com\/?p=2138"},"modified":"2023-04-13T16:47:38","modified_gmt":"2023-04-13T14:47:38","slug":"preso-per-a-una-banda-criminal-en-calp-dedicada-a-la-produccio-de-marihuana","status":"publish","type":"post","link":"https:\/\/radiolitoral.com\/ca\/2023\/04\/prision-para-una-banda-criminal-en-calp-dedicada-a-la-produccion-de-marihuana\/","title":{"rendered":"Pres\u00f3 per a una banda criminal a Calp dedicada a la producci\u00f3 de marihuana"},"content":{"rendered":"<p>La Gu\u00e0rdia Civil n&#039;ha desmantellat una <strong>organitzaci\u00f3 criminal que operava a diverses urbanitzacions de Calp dedicada a la producci\u00f3 de marihuana<\/strong>. L&#039;operaci\u00f3 s&#039;ha saldat amb la <strong>detenci\u00f3 dels set membres<\/strong> d&#039;aquesta banda, sis dels quals, incl\u00f2s el capitost, <strong>han ingressat ja a la pres\u00f3<\/strong>. Els capturats de diferents nacionalitats tenen edats compreses entre els 30 i els 61 anys.<\/p>\n<p>Als registres realitzats pels agents de la Gu\u00e0rdia Civil, <strong>s&#039;han intervingut 1.600 plantes de marihuana i 20 quilograms de cabdells de marihuana preparada per transportar-los, 60.000 euros i 5 vehicles d&#039;alta gamma<\/strong>.<\/p>\n<p>Als detinguts se&#039;ls imputen els delictes de tr\u00e0fic de drogues, defraudaci\u00f3 de fluid el\u00e8ctric i pertinen\u00e7a a organitzaci\u00f3 criminal.<\/p>\n<p>Cal assenyalar que els detinguts comptaven amb antecedents policials als pa\u00efsos d&#039;origen. Fonts de la Gu\u00e0rdia Civil calculen que aquesta organitzaci\u00f3 fa m\u00e9s de dos anys que comet\u00e9s aquests actes delictius, cosa que hauria suposat un benefici de m\u00e9s d&#039;un mili\u00f3 d&#039;euros per a la banda.<\/p>\n<p>&nbsp;<\/p>","protected":false},"excerpt":{"rendered":"<p>La Guardia Civil ha desmantelado una organizaci\u00f3n criminal que operaba en varias urbanizaciones de Calp dedicada a la producci\u00f3n de marihuana. La operaci\u00f3n se ha saldado con la detenci\u00f3n de los siete miembros de esta banda, seis de los cuales, incluido el cabecilla, han ingresado ya en prisi\u00f3n. Los apresados de distintas nacionalidades, tienen edades [&#8230;]<\/p>\n<p><a class=\"btn btn-secondary understrap-read-more-link\" href=\"https:\/\/radiolitoral.com\/ca\/2023\/04\/prision-para-una-banda-criminal-en-calp-dedicada-a-la-produccion-de-marihuana\/\">Continua llegint&#8230;<span class=\"screen-reader-text\"> from Prisi\u00f3n para una banda criminal en Calp dedicada a la producci\u00f3n de marihuana<\/span><\/a><\/p>\n","protected":false},"author":13,"featured_media":2139,"comment_status":"open","ping_status":"closed","sticky":false,"template":"","format":"standard","meta":{"_acf_changed":false,"inline_featured_image":false,"footnotes":""},"categories":[8],"tags":[333,122,496],"class_list":["post-2138","post","type-post","status-publish","format-standard","has-post-thumbnail","hentry","category-sucesos","tag-banda-criminal","tag-calp","tag-marihuana","cobertura-calp"],"acf":[],"yoast_head":"<!-- This site is optimized with the Yoast SEO plugin v27.5 - https:\/\/yoast.com\/product\/yoast-seo-wordpress\/ -->\n<title>Prisi\u00f3n para una banda criminal en Calp dedicada a la producci\u00f3n de marihuana | R\u00e0dio Litoral<\/title>\n<meta name=\"description\" content=\"Se ha intervenido 1.600 plantas de marihuana y 20 kg de cogollos, 60.000 \u20ac y 5 veh\u00edculos\" \/>\n<meta name=\"robots\" content=\"index, follow, max-snippet:-1, max-image-preview:large, max-video-preview:-1\" \/>\n<link rel=\"canonical\" href=\"https:\/\/radiolitoral.com\/ca\/2023\/04\/preso-per-a-una-banda-criminal-en-calp-dedicada-a-la-produccio-de-marihuana\/\" \/>\n<meta property=\"og:locale\" content=\"ca_ES\" \/>\n<meta property=\"og:type\" content=\"article\" \/>\n<meta property=\"og:title\" content=\"Prisi\u00f3n para una banda criminal en Calp dedicada a la producci\u00f3n de marihuana | R\u00e0dio Litoral\" \/>\n<meta property=\"og:description\" content=\"Se ha intervenido 1.600 plantas de marihuana y 20 kg de cogollos, 60.000 \u20ac y 5 veh\u00edculos\" \/>\n<meta property=\"og:url\" content=\"https:\/\/radiolitoral.com\/ca\/2023\/04\/preso-per-a-una-banda-criminal-en-calp-dedicada-a-la-produccio-de-marihuana\/\" \/>\n<meta property=\"og:site_name\" content=\"R\u00e0dio Litoral\" \/>\n<meta property=\"article:publisher\" content=\"https:\/\/www.facebook.com\/Laradiolitoral\/\" \/>\n<meta property=\"article:published_time\" content=\"2023-04-13T14:47:08+00:00\" \/>\n<meta property=\"article:modified_time\" content=\"2023-04-13T14:47:38+00:00\" \/>\n<meta property=\"og:image\" content=\"https:\/\/media.radiolitoral.com\/wp-content\/uploads\/2023\/04\/13164703\/theboss-1-768x576-1.jpg\" \/>\n\t<meta property=\"og:image:width\" content=\"768\" \/>\n\t<meta property=\"og:image:height\" content=\"576\" \/>\n\t<meta property=\"og:image:type\" content=\"image\/jpeg\" \/>\n<meta name=\"author\" content=\"Redacci\u00f3n\" \/>\n<meta name=\"twitter:card\" content=\"summary_large_image\" \/>\n<meta name=\"twitter:label1\" content=\"Escrit per\" \/>\n\t<meta name=\"twitter:data1\" content=\"Redacci\u00f3n\" \/>\n\t<meta name=\"twitter:label2\" content=\"Temps estimat de lectura\" \/>\n\t<meta name=\"twitter:data2\" content=\"1 minut\" \/>\n<script type=\"application\/ld+json\" class=\"yoast-schema-graph\">{\"@context\":\"https:\\\/\\\/schema.org\",\"@graph\":[{\"@type\":\"NewsArticle\",\"@id\":\"https:\\\/\\\/radiolitoral.com\\\/2023\\\/04\\\/prision-para-una-banda-criminal-en-calp-dedicada-a-la-produccion-de-marihuana\\\/#article\",\"isPartOf\":{\"@id\":\"https:\\\/\\\/radiolitoral.com\\\/2023\\\/04\\\/prision-para-una-banda-criminal-en-calp-dedicada-a-la-produccion-de-marihuana\\\/\"},\"author\":{\"name\":\"Redacci\u00f3n\",\"@id\":\"https:\\\/\\\/radiolitoral.com\\\/#\\\/schema\\\/person\\\/f2b2343c49b5d721857cc1002bfdb151\"},\"headline\":\"Prisi\u00f3n para una banda criminal en Calp dedicada a la producci\u00f3n de marihuana\",\"datePublished\":\"2023-04-13T14:47:08+00:00\",\"dateModified\":\"2023-04-13T14:47:38+00:00\",\"mainEntityOfPage\":{\"@id\":\"https:\\\/\\\/radiolitoral.com\\\/2023\\\/04\\\/prision-para-una-banda-criminal-en-calp-dedicada-a-la-produccion-de-marihuana\\\/\"},\"wordCount\":199,\"commentCount\":0,\"publisher\":{\"@id\":\"https:\\\/\\\/radiolitoral.com\\\/#organization\"},\"image\":{\"@id\":\"https:\\\/\\\/radiolitoral.com\\\/2023\\\/04\\\/prision-para-una-banda-criminal-en-calp-dedicada-a-la-produccion-de-marihuana\\\/#primaryimage\"},\"thumbnailUrl\":\"https:\\\/\\\/media.radiolitoral.com\\\/wp-content\\\/uploads\\\/2023\\\/04\\\/13164703\\\/theboss-1-768x576-1.jpg\",\"keywords\":[\"banda criminal\",\"Calp\",\"marihuana\"],\"articleSection\":[\"Sucesos\"],\"inLanguage\":\"ca\",\"potentialAction\":[{\"@type\":\"CommentAction\",\"name\":\"Comment\",\"target\":[\"https:\\\/\\\/radiolitoral.com\\\/2023\\\/04\\\/prision-para-una-banda-criminal-en-calp-dedicada-a-la-produccion-de-marihuana\\\/#respond\"]}]},{\"@type\":[\"WebPage\",\"ItemPage\"],\"@id\":\"https:\\\/\\\/radiolitoral.com\\\/2023\\\/04\\\/prision-para-una-banda-criminal-en-calp-dedicada-a-la-produccion-de-marihuana\\\/\",\"url\":\"https:\\\/\\\/radiolitoral.com\\\/2023\\\/04\\\/prision-para-una-banda-criminal-en-calp-dedicada-a-la-produccion-de-marihuana\\\/\",\"name\":\"Prisi\u00f3n para una banda criminal en Calp dedicada a la producci\u00f3n de marihuana | R\u00e0dio Litoral\",\"isPartOf\":{\"@id\":\"https:\\\/\\\/radiolitoral.com\\\/#website\"},\"primaryImageOfPage\":{\"@id\":\"https:\\\/\\\/radiolitoral.com\\\/2023\\\/04\\\/prision-para-una-banda-criminal-en-calp-dedicada-a-la-produccion-de-marihuana\\\/#primaryimage\"},\"image\":{\"@id\":\"https:\\\/\\\/radiolitoral.com\\\/2023\\\/04\\\/prision-para-una-banda-criminal-en-calp-dedicada-a-la-produccion-de-marihuana\\\/#primaryimage\"},\"thumbnailUrl\":\"https:\\\/\\\/media.radiolitoral.com\\\/wp-content\\\/uploads\\\/2023\\\/04\\\/13164703\\\/theboss-1-768x576-1.jpg\",\"datePublished\":\"2023-04-13T14:47:08+00:00\",\"dateModified\":\"2023-04-13T14:47:38+00:00\",\"description\":\"Se ha intervenido 1.600 plantas de marihuana y 20 kg de cogollos, 60.000 \u20ac y 5 veh\u00edculos\",\"breadcrumb\":{\"@id\":\"https:\\\/\\\/radiolitoral.com\\\/2023\\\/04\\\/prision-para-una-banda-criminal-en-calp-dedicada-a-la-produccion-de-marihuana\\\/#breadcrumb\"},\"inLanguage\":\"ca\",\"potentialAction\":[{\"@type\":\"ReadAction\",\"target\":[\"https:\\\/\\\/radiolitoral.com\\\/2023\\\/04\\\/prision-para-una-banda-criminal-en-calp-dedicada-a-la-produccion-de-marihuana\\\/\"]}]},{\"@type\":\"ImageObject\",\"inLanguage\":\"ca\",\"@id\":\"https:\\\/\\\/radiolitoral.com\\\/2023\\\/04\\\/prision-para-una-banda-criminal-en-calp-dedicada-a-la-produccion-de-marihuana\\\/#primaryimage\",\"url\":\"https:\\\/\\\/media.radiolitoral.com\\\/wp-content\\\/uploads\\\/2023\\\/04\\\/13164703\\\/theboss-1-768x576-1.jpg\",\"contentUrl\":\"https:\\\/\\\/media.radiolitoral.com\\\/wp-content\\\/uploads\\\/2023\\\/04\\\/13164703\\\/theboss-1-768x576-1.jpg\",\"width\":768,\"height\":576},{\"@type\":\"BreadcrumbList\",\"@id\":\"https:\\\/\\\/radiolitoral.com\\\/2023\\\/04\\\/prision-para-una-banda-criminal-en-calp-dedicada-a-la-produccion-de-marihuana\\\/#breadcrumb\",\"itemListElement\":[{\"@type\":\"ListItem\",\"position\":1,\"name\":\"Portada\",\"item\":\"https:\\\/\\\/radiolitoral.com\\\/\"},{\"@type\":\"ListItem\",\"position\":2,\"name\":\"Prisi\u00f3n para una banda criminal en Calp dedicada a la producci\u00f3n de marihuana\"}]},{\"@type\":\"WebSite\",\"@id\":\"https:\\\/\\\/radiolitoral.com\\\/#website\",\"url\":\"https:\\\/\\\/radiolitoral.com\\\/\",\"name\":\"Radio Litoral\",\"description\":\"La radio local de la Marina Alta\",\"publisher\":{\"@id\":\"https:\\\/\\\/radiolitoral.com\\\/#organization\"},\"alternateName\":\"Litoral FM\",\"potentialAction\":[{\"@type\":\"SearchAction\",\"target\":{\"@type\":\"EntryPoint\",\"urlTemplate\":\"https:\\\/\\\/radiolitoral.com\\\/?s={search_term_string}\"},\"query-input\":{\"@type\":\"PropertyValueSpecification\",\"valueRequired\":true,\"valueName\":\"search_term_string\"}}],\"inLanguage\":\"ca\"},{\"@type\":\"Organization\",\"@id\":\"https:\\\/\\\/radiolitoral.com\\\/#organization\",\"name\":\"Radio Litoral\",\"url\":\"https:\\\/\\\/radiolitoral.com\\\/\",\"logo\":{\"@type\":\"ImageObject\",\"inLanguage\":\"ca\",\"@id\":\"https:\\\/\\\/radiolitoral.com\\\/#\\\/schema\\\/logo\\\/image\\\/\",\"url\":\"https:\\\/\\\/media.radiolitoral.com\\\/wp-content\\\/uploads\\\/2023\\\/02\\\/24143238\\\/CL-V-RadioLitoral696.png\",\"contentUrl\":\"https:\\\/\\\/media.radiolitoral.com\\\/wp-content\\\/uploads\\\/2023\\\/02\\\/24143238\\\/CL-V-RadioLitoral696.png\",\"width\":696,\"height\":696,\"caption\":\"Radio Litoral\"},\"image\":{\"@id\":\"https:\\\/\\\/radiolitoral.com\\\/#\\\/schema\\\/logo\\\/image\\\/\"},\"sameAs\":[\"https:\\\/\\\/www.facebook.com\\\/Laradiolitoral\\\/\"]},{\"@type\":\"Person\",\"@id\":\"https:\\\/\\\/radiolitoral.com\\\/#\\\/schema\\\/person\\\/f2b2343c49b5d721857cc1002bfdb151\",\"name\":\"Redacci\u00f3n\",\"image\":{\"@type\":\"ImageObject\",\"inLanguage\":\"ca\",\"@id\":\"https:\\\/\\\/secure.gravatar.com\\\/avatar\\\/f771d896c203ad8b3382d7905cfcce5a5c9b008b84b3cd9114e9b9f4cb63f789?s=96&d=mm&r=g\",\"url\":\"https:\\\/\\\/secure.gravatar.com\\\/avatar\\\/f771d896c203ad8b3382d7905cfcce5a5c9b008b84b3cd9114e9b9f4cb63f789?s=96&d=mm&r=g\",\"contentUrl\":\"https:\\\/\\\/secure.gravatar.com\\\/avatar\\\/f771d896c203ad8b3382d7905cfcce5a5c9b008b84b3cd9114e9b9f4cb63f789?s=96&d=mm&r=g\",\"caption\":\"Redacci\u00f3n\"},\"url\":\"https:\\\/\\\/radiolitoral.com\\\/ca\\\/author\\\/miriam-pagan\\\/\"}]}<\/script>\n<!-- \/ Yoast SEO plugin. -->","yoast_head_json":{"title":"Pres\u00f3 per a una banda criminal a Calp dedicada a la producci\u00f3 de marihuana | R\u00e0dio Litoral","description":"S&#039;hi han intervingut 1.600 plantes de marihuana i 20 kg de cabdells, 60.000 \u20ac i 5 vehicles","robots":{"index":"index","follow":"follow","max-snippet":"max-snippet:-1","max-image-preview":"max-image-preview:large","max-video-preview":"max-video-preview:-1"},"canonical":"https:\/\/radiolitoral.com\/ca\/2023\/04\/preso-per-a-una-banda-criminal-en-calp-dedicada-a-la-produccio-de-marihuana\/","og_locale":"ca_ES","og_type":"article","og_title":"Prisi\u00f3n para una banda criminal en Calp dedicada a la producci\u00f3n de marihuana | R\u00e0dio Litoral","og_description":"Se ha intervenido 1.600 plantas de marihuana y 20 kg de cogollos, 60.000 \u20ac y 5 veh\u00edculos","og_url":"https:\/\/radiolitoral.com\/ca\/2023\/04\/preso-per-a-una-banda-criminal-en-calp-dedicada-a-la-produccio-de-marihuana\/","og_site_name":"R\u00e0dio Litoral","article_publisher":"https:\/\/www.facebook.com\/Laradiolitoral\/","article_published_time":"2023-04-13T14:47:08+00:00","article_modified_time":"2023-04-13T14:47:38+00:00","og_image":[{"width":768,"height":576,"url":"https:\/\/media.radiolitoral.com\/wp-content\/uploads\/2023\/04\/13164703\/theboss-1-768x576-1.jpg","type":"image\/jpeg"}],"author":"Redacci\u00f3n","twitter_card":"summary_large_image","twitter_misc":{"Escrit per":"Redacci\u00f3n","Temps estimat de lectura":"1 minut"},"schema":{"@context":"https:\/\/schema.org","@graph":[{"@type":"NewsArticle","@id":"https:\/\/radiolitoral.com\/2023\/04\/prision-para-una-banda-criminal-en-calp-dedicada-a-la-produccion-de-marihuana\/#article","isPartOf":{"@id":"https:\/\/radiolitoral.com\/2023\/04\/prision-para-una-banda-criminal-en-calp-dedicada-a-la-produccion-de-marihuana\/"},"author":{"name":"Redacci\u00f3n","@id":"https:\/\/radiolitoral.com\/#\/schema\/person\/f2b2343c49b5d721857cc1002bfdb151"},"headline":"Prisi\u00f3n para una banda criminal en Calp dedicada a la producci\u00f3n de marihuana","datePublished":"2023-04-13T14:47:08+00:00","dateModified":"2023-04-13T14:47:38+00:00","mainEntityOfPage":{"@id":"https:\/\/radiolitoral.com\/2023\/04\/prision-para-una-banda-criminal-en-calp-dedicada-a-la-produccion-de-marihuana\/"},"wordCount":199,"commentCount":0,"publisher":{"@id":"https:\/\/radiolitoral.com\/#organization"},"image":{"@id":"https:\/\/radiolitoral.com\/2023\/04\/prision-para-una-banda-criminal-en-calp-dedicada-a-la-produccion-de-marihuana\/#primaryimage"},"thumbnailUrl":"https:\/\/media.radiolitoral.com\/wp-content\/uploads\/2023\/04\/13164703\/theboss-1-768x576-1.jpg","keywords":["banda criminal","Calp","marihuana"],"articleSection":["Sucesos"],"inLanguage":"ca","potentialAction":[{"@type":"CommentAction","name":"Comment","target":["https:\/\/radiolitoral.com\/2023\/04\/prision-para-una-banda-criminal-en-calp-dedicada-a-la-produccion-de-marihuana\/#respond"]}]},{"@type":["WebPage","ItemPage"],"@id":"https:\/\/radiolitoral.com\/2023\/04\/prision-para-una-banda-criminal-en-calp-dedicada-a-la-produccion-de-marihuana\/","url":"https:\/\/radiolitoral.com\/2023\/04\/prision-para-una-banda-criminal-en-calp-dedicada-a-la-produccion-de-marihuana\/","name":"Pres\u00f3 per a una banda criminal a Calp dedicada a la producci\u00f3 de marihuana | R\u00e0dio Litoral","isPartOf":{"@id":"https:\/\/radiolitoral.com\/#website"},"primaryImageOfPage":{"@id":"https:\/\/radiolitoral.com\/2023\/04\/prision-para-una-banda-criminal-en-calp-dedicada-a-la-produccion-de-marihuana\/#primaryimage"},"image":{"@id":"https:\/\/radiolitoral.com\/2023\/04\/prision-para-una-banda-criminal-en-calp-dedicada-a-la-produccion-de-marihuana\/#primaryimage"},"thumbnailUrl":"https:\/\/media.radiolitoral.com\/wp-content\/uploads\/2023\/04\/13164703\/theboss-1-768x576-1.jpg","datePublished":"2023-04-13T14:47:08+00:00","dateModified":"2023-04-13T14:47:38+00:00","description":"S&#039;hi han intervingut 1.600 plantes de marihuana i 20 kg de cabdells, 60.000 \u20ac i 5 vehicles","breadcrumb":{"@id":"https:\/\/radiolitoral.com\/2023\/04\/prision-para-una-banda-criminal-en-calp-dedicada-a-la-produccion-de-marihuana\/#breadcrumb"},"inLanguage":"ca","potentialAction":[{"@type":"ReadAction","target":["https:\/\/radiolitoral.com\/2023\/04\/prision-para-una-banda-criminal-en-calp-dedicada-a-la-produccion-de-marihuana\/"]}]},{"@type":"ImageObject","inLanguage":"ca","@id":"https:\/\/radiolitoral.com\/2023\/04\/prision-para-una-banda-criminal-en-calp-dedicada-a-la-produccion-de-marihuana\/#primaryimage","url":"https:\/\/media.radiolitoral.com\/wp-content\/uploads\/2023\/04\/13164703\/theboss-1-768x576-1.jpg","contentUrl":"https:\/\/media.radiolitoral.com\/wp-content\/uploads\/2023\/04\/13164703\/theboss-1-768x576-1.jpg","width":768,"height":576},{"@type":"BreadcrumbList","@id":"https:\/\/radiolitoral.com\/2023\/04\/prision-para-una-banda-criminal-en-calp-dedicada-a-la-produccion-de-marihuana\/#breadcrumb","itemListElement":[{"@type":"ListItem","position":1,"name":"Portada","item":"https:\/\/radiolitoral.com\/"},{"@type":"ListItem","position":2,"name":"Prisi\u00f3n para una banda criminal en Calp dedicada a la producci\u00f3n de marihuana"}]},{"@type":"WebSite","@id":"https:\/\/radiolitoral.com\/#website","url":"https:\/\/radiolitoral.com\/","name":"R\u00e0dio Litoral","description":"La r\u00e0dio local de la Marina Alta","publisher":{"@id":"https:\/\/radiolitoral.com\/#organization"},"alternateName":"Litoral FM","potentialAction":[{"@type":"SearchAction","target":{"@type":"EntryPoint","urlTemplate":"https:\/\/radiolitoral.com\/?s={search_term_string}"},"query-input":{"@type":"PropertyValueSpecification","valueRequired":true,"valueName":"search_term_string"}}],"inLanguage":"ca"},{"@type":"Organization","@id":"https:\/\/radiolitoral.com\/#organization","name":"R\u00e0dio Litoral","url":"https:\/\/radiolitoral.com\/","logo":{"@type":"ImageObject","inLanguage":"ca","@id":"https:\/\/radiolitoral.com\/#\/schema\/logo\/image\/","url":"https:\/\/media.radiolitoral.com\/wp-content\/uploads\/2023\/02\/24143238\/CL-V-RadioLitoral696.png","contentUrl":"https:\/\/media.radiolitoral.com\/wp-content\/uploads\/2023\/02\/24143238\/CL-V-RadioLitoral696.png","width":696,"height":696,"caption":"Radio Litoral"},"image":{"@id":"https:\/\/radiolitoral.com\/#\/schema\/logo\/image\/"},"sameAs":["https:\/\/www.facebook.com\/Laradiolitoral\/"]},{"@type":"Person","@id":"https:\/\/radiolitoral.com\/#\/schema\/person\/f2b2343c49b5d721857cc1002bfdb151","name":"Redacci\u00f3","image":{"@type":"ImageObject","inLanguage":"ca","@id":"https:\/\/secure.gravatar.com\/avatar\/f771d896c203ad8b3382d7905cfcce5a5c9b008b84b3cd9114e9b9f4cb63f789?s=96&d=mm&r=g","url":"https:\/\/secure.gravatar.com\/avatar\/f771d896c203ad8b3382d7905cfcce5a5c9b008b84b3cd9114e9b9f4cb63f789?s=96&d=mm&r=g","contentUrl":"https:\/\/secure.gravatar.com\/avatar\/f771d896c203ad8b3382d7905cfcce5a5c9b008b84b3cd9114e9b9f4cb63f789?s=96&d=mm&r=g","caption":"Redacci\u00f3n"},"url":"https:\/\/radiolitoral.com\/ca\/author\/miriam-pagan\/"}]}},"_links":{"self":[{"href":"https:\/\/radiolitoral.com\/ca\/wp-json\/wp\/v2\/posts\/2138","targetHints":{"allow":["GET"]}}],"collection":[{"href":"https:\/\/radiolitoral.com\/ca\/wp-json\/wp\/v2\/posts"}],"about":[{"href":"https:\/\/radiolitoral.com\/ca\/wp-json\/wp\/v2\/types\/post"}],"author":[{"embeddable":true,"href":"https:\/\/radiolitoral.com\/ca\/wp-json\/wp\/v2\/users\/13"}],"replies":[{"embeddable":true,"href":"https:\/\/radiolitoral.com\/ca\/wp-json\/wp\/v2\/comments?post=2138"}],"version-history":[{"count":1,"href":"https:\/\/radiolitoral.com\/ca\/wp-json\/wp\/v2\/posts\/2138\/revisions"}],"predecessor-version":[{"id":2140,"href":"https:\/\/radiolitoral.com\/ca\/wp-json\/wp\/v2\/posts\/2138\/revisions\/2140"}],"wp:featuredmedia":[{"embeddable":true,"href":"https:\/\/radiolitoral.com\/ca\/wp-json\/wp\/v2\/media\/2139"}],"wp:attachment":[{"href":"https:\/\/radiolitoral.com\/ca\/wp-json\/wp\/v2\/media?parent=2138"}],"wp:term":[{"taxonomy":"category","embeddable":true,"href":"https:\/\/radiolitoral.com\/ca\/wp-json\/wp\/v2\/categories?post=2138"},{"taxonomy":"post_tag","embeddable":true,"href":"https:\/\/radiolitoral.com\/ca\/wp-json\/wp\/v2\/tags?post=2138"}],"curies":[{"name":"wp","href":"https:\/\/api.w.org\/{rel}","templated":true}]}}