{"id":2129,"date":"2023-04-13T00:28:12","date_gmt":"2023-04-12T22:28:12","guid":{"rendered":"https:\/\/radiolitoral.com\/?p=2129"},"modified":"2023-04-13T00:30:21","modified_gmt":"2023-04-12T22:30:21","slug":"calp-no-comptes-amb-habitatges-de-proteccio-oficial","status":"publish","type":"post","link":"https:\/\/radiolitoral.com\/ca\/2023\/04\/calp-no-contara-con-viviendas-de-proteccion-oficial\/","title":{"rendered":"Calp no comptar\u00e0 amb habitatges de protecci\u00f3 oficial"},"content":{"rendered":"<p>La ruptura al si del govern local de Calp es va tornar a posar de manifest en el ple ordinari celebrat ahir a la tarda a l&#039;ajuntament calp\u00ed. Sessi\u00f3 en qu\u00e8 <strong>no va prosperar una proposta per modificar el PGOU per tal de crear VPO al municipi<\/strong>.<\/p>\n<p>La proposta, inclosa a l&#039;ordre del dia, va arribar al debat plenari a iniciativa del regidor d&#039;Urbanisme, Juan Manuel del Pino, fins ara portaveu de Ciutadans i candidat a la llista de Som Calp, nou partit que lidera l&#039;actual alcaldessa pel PP , Ana Sala.<\/p>\n<p>Per\u00f2 abans del seu debat, des de les files populars es va plantejar una esmena, que pretenia completar la proposta per mobilitzar terra als voltants de l&#039;avinguda de Romania per promoure habitatges de lloguer social per a joves, acollint-se a un programa de la Generalitat finan\u00e7at amb fons europeus.<\/p>\n<p>Per\u00f2 ni Sala ni del Pi no van veure amb bons ulls l&#039;esmena. <strong>Del Pino, la va qualificar de \u00abprematura\u00bb<\/strong>, en el sentit de poc treballada, i va remarcar que la parcel\u00b7la que plantejaven els populars est\u00e0 qualificada com a dotacional educatiu i \u00e9s inundable. I <strong>Ana Sala va acusar el PP de tenir com a \u00fanic objectiu el \u00abdistreure el fons i la intenci\u00f3 de la proposta\u00bb<\/strong>. Com a resultat, i at\u00e8s que nom\u00e9s els regidors del PP la van votar a favor, i la resta tots en contra, l?esmena va quedar desestimada.<\/p>\n<p><strong>Escoltem Juan Manuel del Pi:<\/strong><\/p>\n<audio class=\"wp-audio-shortcode\" id=\"audio-2129-1\" preload=\"none\" style=\"width: 100%;\" controls=\"controls\"><source type=\"audio\/mpeg\" src=\"https:\/\/media.radiolitoral.com\/wp-content\/uploads\/2023\/04\/13001556\/Juan-Manuel-del-Pino-1.mp3?_=1\" \/><a href=\"https:\/\/media.radiolitoral.com\/wp-content\/uploads\/2023\/04\/13001556\/Juan-Manuel-del-Pino-1.mp3\">https:\/\/media.radiolitoral.com\/wp-content\/uploads\/2023\/04\/13001556\/Juan-Manuel-del-Pino-1.mp3<\/a><\/audio>\n<p>Tampoc no va tirar endavant la proposta plantejada des d&#039;Urbanisme i Alcaldia. Els regidors del PP al govern local no la van recolzar. Es van abstenir al moment de la votaci\u00f3. El PSOE i Comprom\u00eds van votar en contra, i nom\u00e9s els dos regidors de Defendamos Calpe i l&#039;edil a l&#039;executiu per Ciutadans, Rebeca Merch\u00e1n, van donar el s\u00ed a la iniciativa defensada per Juan Manuel del Pino i Ana Sala.<\/p>\n<p>Com a conclusi\u00f3, <strong>l&#039;enfrontament entre els candidats del nou partit Som Calp, <\/strong>-l&#039;anterior cap de cartell del PP, Ana Sala, i el que va ser n\u00famero 1 de C&#039;s, Juan Manuel del Pino-<strong> \u00a0i els regidors del PP, va comportar que ni s?aprov\u00e9s l?esmena dels populars ni la proposta presentada des d?Urbanisme i Alcaldia<\/strong>.<\/p>\n<p><strong>Ana Sala:<\/strong><\/p>\n<audio class=\"wp-audio-shortcode\" id=\"audio-2129-2\" preload=\"none\" style=\"width: 100%;\" controls=\"controls\"><source type=\"audio\/mpeg\" src=\"https:\/\/media.radiolitoral.com\/wp-content\/uploads\/2023\/04\/13001922\/Ana-Sala-1.mp3?_=2\" \/><a href=\"https:\/\/media.radiolitoral.com\/wp-content\/uploads\/2023\/04\/13001922\/Ana-Sala-1.mp3\">https:\/\/media.radiolitoral.com\/wp-content\/uploads\/2023\/04\/13001922\/Ana-Sala-1.mp3<\/a><\/audio>\n<p>Iniciatives que des de l&#039;oposici\u00f3 van ser titllades d&#039;electoralistes, remarcant que el tema de l&#039;habitatge a Calp \u00e9s molt preocupant.<\/p>","protected":false},"excerpt":{"rendered":"<p>La ruptura en el seno del gobierno local de Calp se volvi\u00f3 a poner de manifiesto en el pleno ordinario celebrado la tarde de ayer en el ayuntamiento calpino. Sesi\u00f3n en la que no prosper\u00f3 una propuesta para modificar el PGOU con el fin de crear VPO en el municipio. La propuesta, incluida en el [&#8230;]<\/p>\n<p><a class=\"btn btn-secondary understrap-read-more-link\" href=\"https:\/\/radiolitoral.com\/ca\/2023\/04\/calp-no-contara-con-viviendas-de-proteccion-oficial\/\">Continua llegint&#8230;<span class=\"screen-reader-text\"> from Calp no contar\u00e1 con Viviendas de Protecci\u00f3n Oficial<\/span><\/a><\/p>\n","protected":false},"author":13,"featured_media":2132,"comment_status":"open","ping_status":"closed","sticky":false,"template":"","format":"standard","meta":{"_acf_changed":false,"inline_featured_image":false,"footnotes":""},"categories":[13],"tags":[495,435,472],"class_list":["post-2129","post","type-post","status-publish","format-standard","has-post-thumbnail","hentry","category-politica","tag-vivienda","tag-vivienda-social","tag-vpo-calp","cobertura-calp"],"acf":[],"yoast_head":"<!-- This site is optimized with the Yoast SEO plugin v27.5 - https:\/\/yoast.com\/product\/yoast-seo-wordpress\/ -->\n<title>Calp no contar\u00e1 con Viviendas de Protecci\u00f3n Oficial | R\u00e0dio Litoral<\/title>\n<meta name=\"description\" content=\"No ha prosperado la propuesta para modificar el PGOU con el fin de crear VPO en el municipio\" \/>\n<meta name=\"robots\" content=\"index, follow, max-snippet:-1, max-image-preview:large, max-video-preview:-1\" \/>\n<link rel=\"canonical\" href=\"https:\/\/radiolitoral.com\/ca\/2023\/04\/calp-no-comptes-amb-habitatges-de-proteccio-oficial\/\" \/>\n<meta property=\"og:locale\" content=\"ca_ES\" \/>\n<meta property=\"og:type\" content=\"article\" \/>\n<meta property=\"og:title\" content=\"Calp no contar\u00e1 con Viviendas de Protecci\u00f3n Oficial | R\u00e0dio Litoral\" \/>\n<meta property=\"og:description\" content=\"No ha prosperado la propuesta para modificar el PGOU con el fin de crear VPO en el municipio\" \/>\n<meta property=\"og:url\" content=\"https:\/\/radiolitoral.com\/ca\/2023\/04\/calp-no-comptes-amb-habitatges-de-proteccio-oficial\/\" \/>\n<meta property=\"og:site_name\" content=\"R\u00e0dio Litoral\" \/>\n<meta property=\"article:publisher\" content=\"https:\/\/www.facebook.com\/Laradiolitoral\/\" \/>\n<meta property=\"article:published_time\" content=\"2023-04-12T22:28:12+00:00\" \/>\n<meta property=\"article:modified_time\" content=\"2023-04-12T22:30:21+00:00\" \/>\n<meta property=\"og:image\" content=\"https:\/\/media.radiolitoral.com\/wp-content\/uploads\/2023\/04\/13002725\/calpe.jpg\" \/>\n\t<meta property=\"og:image:width\" content=\"1280\" \/>\n\t<meta property=\"og:image:height\" content=\"853\" \/>\n\t<meta property=\"og:image:type\" content=\"image\/jpeg\" \/>\n<meta name=\"author\" content=\"Redacci\u00f3n\" \/>\n<meta name=\"twitter:card\" content=\"summary_large_image\" \/>\n<meta name=\"twitter:label1\" content=\"Escrit per\" \/>\n\t<meta name=\"twitter:data1\" content=\"Redacci\u00f3n\" \/>\n\t<meta name=\"twitter:label2\" content=\"Temps estimat de lectura\" \/>\n\t<meta name=\"twitter:data2\" content=\"2 minuts\" \/>\n<script type=\"application\/ld+json\" class=\"yoast-schema-graph\">{\"@context\":\"https:\\\/\\\/schema.org\",\"@graph\":[{\"@type\":\"NewsArticle\",\"@id\":\"https:\\\/\\\/radiolitoral.com\\\/2023\\\/04\\\/calp-no-contara-con-viviendas-de-proteccion-oficial\\\/#article\",\"isPartOf\":{\"@id\":\"https:\\\/\\\/radiolitoral.com\\\/2023\\\/04\\\/calp-no-contara-con-viviendas-de-proteccion-oficial\\\/\"},\"author\":{\"name\":\"Redacci\u00f3n\",\"@id\":\"https:\\\/\\\/radiolitoral.com\\\/#\\\/schema\\\/person\\\/f2b2343c49b5d721857cc1002bfdb151\"},\"headline\":\"Calp no contar\u00e1 con Viviendas de Protecci\u00f3n Oficial\",\"datePublished\":\"2023-04-12T22:28:12+00:00\",\"dateModified\":\"2023-04-12T22:30:21+00:00\",\"mainEntityOfPage\":{\"@id\":\"https:\\\/\\\/radiolitoral.com\\\/2023\\\/04\\\/calp-no-contara-con-viviendas-de-proteccion-oficial\\\/\"},\"wordCount\":430,\"commentCount\":0,\"publisher\":{\"@id\":\"https:\\\/\\\/radiolitoral.com\\\/#organization\"},\"image\":{\"@id\":\"https:\\\/\\\/radiolitoral.com\\\/2023\\\/04\\\/calp-no-contara-con-viviendas-de-proteccion-oficial\\\/#primaryimage\"},\"thumbnailUrl\":\"https:\\\/\\\/media.radiolitoral.com\\\/wp-content\\\/uploads\\\/2023\\\/04\\\/13002725\\\/calpe.jpg\",\"keywords\":[\"Vivienda\",\"vivienda social\",\"VPO Calp\"],\"articleSection\":[\"Pol\u00edtica\"],\"inLanguage\":\"ca\",\"potentialAction\":[{\"@type\":\"CommentAction\",\"name\":\"Comment\",\"target\":[\"https:\\\/\\\/radiolitoral.com\\\/2023\\\/04\\\/calp-no-contara-con-viviendas-de-proteccion-oficial\\\/#respond\"]}]},{\"@type\":[\"WebPage\",\"ItemPage\"],\"@id\":\"https:\\\/\\\/radiolitoral.com\\\/2023\\\/04\\\/calp-no-contara-con-viviendas-de-proteccion-oficial\\\/\",\"url\":\"https:\\\/\\\/radiolitoral.com\\\/2023\\\/04\\\/calp-no-contara-con-viviendas-de-proteccion-oficial\\\/\",\"name\":\"Calp no contar\u00e1 con Viviendas de Protecci\u00f3n Oficial | R\u00e0dio Litoral\",\"isPartOf\":{\"@id\":\"https:\\\/\\\/radiolitoral.com\\\/#website\"},\"primaryImageOfPage\":{\"@id\":\"https:\\\/\\\/radiolitoral.com\\\/2023\\\/04\\\/calp-no-contara-con-viviendas-de-proteccion-oficial\\\/#primaryimage\"},\"image\":{\"@id\":\"https:\\\/\\\/radiolitoral.com\\\/2023\\\/04\\\/calp-no-contara-con-viviendas-de-proteccion-oficial\\\/#primaryimage\"},\"thumbnailUrl\":\"https:\\\/\\\/media.radiolitoral.com\\\/wp-content\\\/uploads\\\/2023\\\/04\\\/13002725\\\/calpe.jpg\",\"datePublished\":\"2023-04-12T22:28:12+00:00\",\"dateModified\":\"2023-04-12T22:30:21+00:00\",\"description\":\"No ha prosperado la propuesta para modificar el PGOU con el fin de crear VPO en el municipio\",\"breadcrumb\":{\"@id\":\"https:\\\/\\\/radiolitoral.com\\\/2023\\\/04\\\/calp-no-contara-con-viviendas-de-proteccion-oficial\\\/#breadcrumb\"},\"inLanguage\":\"ca\",\"potentialAction\":[{\"@type\":\"ReadAction\",\"target\":[\"https:\\\/\\\/radiolitoral.com\\\/2023\\\/04\\\/calp-no-contara-con-viviendas-de-proteccion-oficial\\\/\"]}]},{\"@type\":\"ImageObject\",\"inLanguage\":\"ca\",\"@id\":\"https:\\\/\\\/radiolitoral.com\\\/2023\\\/04\\\/calp-no-contara-con-viviendas-de-proteccion-oficial\\\/#primaryimage\",\"url\":\"https:\\\/\\\/media.radiolitoral.com\\\/wp-content\\\/uploads\\\/2023\\\/04\\\/13002725\\\/calpe.jpg\",\"contentUrl\":\"https:\\\/\\\/media.radiolitoral.com\\\/wp-content\\\/uploads\\\/2023\\\/04\\\/13002725\\\/calpe.jpg\",\"width\":1280,\"height\":853},{\"@type\":\"BreadcrumbList\",\"@id\":\"https:\\\/\\\/radiolitoral.com\\\/2023\\\/04\\\/calp-no-contara-con-viviendas-de-proteccion-oficial\\\/#breadcrumb\",\"itemListElement\":[{\"@type\":\"ListItem\",\"position\":1,\"name\":\"Portada\",\"item\":\"https:\\\/\\\/radiolitoral.com\\\/\"},{\"@type\":\"ListItem\",\"position\":2,\"name\":\"Calp no contar\u00e1 con Viviendas de Protecci\u00f3n Oficial\"}]},{\"@type\":\"WebSite\",\"@id\":\"https:\\\/\\\/radiolitoral.com\\\/#website\",\"url\":\"https:\\\/\\\/radiolitoral.com\\\/\",\"name\":\"Radio Litoral\",\"description\":\"La radio local de la Marina Alta\",\"publisher\":{\"@id\":\"https:\\\/\\\/radiolitoral.com\\\/#organization\"},\"alternateName\":\"Litoral FM\",\"potentialAction\":[{\"@type\":\"SearchAction\",\"target\":{\"@type\":\"EntryPoint\",\"urlTemplate\":\"https:\\\/\\\/radiolitoral.com\\\/?s={search_term_string}\"},\"query-input\":{\"@type\":\"PropertyValueSpecification\",\"valueRequired\":true,\"valueName\":\"search_term_string\"}}],\"inLanguage\":\"ca\"},{\"@type\":\"Organization\",\"@id\":\"https:\\\/\\\/radiolitoral.com\\\/#organization\",\"name\":\"Radio Litoral\",\"url\":\"https:\\\/\\\/radiolitoral.com\\\/\",\"logo\":{\"@type\":\"ImageObject\",\"inLanguage\":\"ca\",\"@id\":\"https:\\\/\\\/radiolitoral.com\\\/#\\\/schema\\\/logo\\\/image\\\/\",\"url\":\"https:\\\/\\\/media.radiolitoral.com\\\/wp-content\\\/uploads\\\/2023\\\/02\\\/24143238\\\/CL-V-RadioLitoral696.png\",\"contentUrl\":\"https:\\\/\\\/media.radiolitoral.com\\\/wp-content\\\/uploads\\\/2023\\\/02\\\/24143238\\\/CL-V-RadioLitoral696.png\",\"width\":696,\"height\":696,\"caption\":\"Radio Litoral\"},\"image\":{\"@id\":\"https:\\\/\\\/radiolitoral.com\\\/#\\\/schema\\\/logo\\\/image\\\/\"},\"sameAs\":[\"https:\\\/\\\/www.facebook.com\\\/Laradiolitoral\\\/\"]},{\"@type\":\"Person\",\"@id\":\"https:\\\/\\\/radiolitoral.com\\\/#\\\/schema\\\/person\\\/f2b2343c49b5d721857cc1002bfdb151\",\"name\":\"Redacci\u00f3n\",\"image\":{\"@type\":\"ImageObject\",\"inLanguage\":\"ca\",\"@id\":\"https:\\\/\\\/secure.gravatar.com\\\/avatar\\\/f771d896c203ad8b3382d7905cfcce5a5c9b008b84b3cd9114e9b9f4cb63f789?s=96&d=mm&r=g\",\"url\":\"https:\\\/\\\/secure.gravatar.com\\\/avatar\\\/f771d896c203ad8b3382d7905cfcce5a5c9b008b84b3cd9114e9b9f4cb63f789?s=96&d=mm&r=g\",\"contentUrl\":\"https:\\\/\\\/secure.gravatar.com\\\/avatar\\\/f771d896c203ad8b3382d7905cfcce5a5c9b008b84b3cd9114e9b9f4cb63f789?s=96&d=mm&r=g\",\"caption\":\"Redacci\u00f3n\"},\"url\":\"https:\\\/\\\/radiolitoral.com\\\/ca\\\/author\\\/miriam-pagan\\\/\"}]}<\/script>\n<!-- \/ Yoast SEO plugin. -->","yoast_head_json":{"title":"Calp no comptar\u00e0 amb habitatges de protecci\u00f3 oficial | R\u00e0dio Litoral","description":"No ha prosperat la proposta per modificar el PGOU per tal de crear VPO al municipi","robots":{"index":"index","follow":"follow","max-snippet":"max-snippet:-1","max-image-preview":"max-image-preview:large","max-video-preview":"max-video-preview:-1"},"canonical":"https:\/\/radiolitoral.com\/ca\/2023\/04\/calp-no-comptes-amb-habitatges-de-proteccio-oficial\/","og_locale":"ca_ES","og_type":"article","og_title":"Calp no contar\u00e1 con Viviendas de Protecci\u00f3n Oficial | R\u00e0dio Litoral","og_description":"No ha prosperado la propuesta para modificar el PGOU con el fin de crear VPO en el municipio","og_url":"https:\/\/radiolitoral.com\/ca\/2023\/04\/calp-no-comptes-amb-habitatges-de-proteccio-oficial\/","og_site_name":"R\u00e0dio Litoral","article_publisher":"https:\/\/www.facebook.com\/Laradiolitoral\/","article_published_time":"2023-04-12T22:28:12+00:00","article_modified_time":"2023-04-12T22:30:21+00:00","og_image":[{"width":1280,"height":853,"url":"https:\/\/media.radiolitoral.com\/wp-content\/uploads\/2023\/04\/13002725\/calpe.jpg","type":"image\/jpeg"}],"author":"Redacci\u00f3n","twitter_card":"summary_large_image","twitter_misc":{"Escrit per":"Redacci\u00f3n","Temps estimat de lectura":"2 minuts"},"schema":{"@context":"https:\/\/schema.org","@graph":[{"@type":"NewsArticle","@id":"https:\/\/radiolitoral.com\/2023\/04\/calp-no-contara-con-viviendas-de-proteccion-oficial\/#article","isPartOf":{"@id":"https:\/\/radiolitoral.com\/2023\/04\/calp-no-contara-con-viviendas-de-proteccion-oficial\/"},"author":{"name":"Redacci\u00f3n","@id":"https:\/\/radiolitoral.com\/#\/schema\/person\/f2b2343c49b5d721857cc1002bfdb151"},"headline":"Calp no contar\u00e1 con Viviendas de Protecci\u00f3n Oficial","datePublished":"2023-04-12T22:28:12+00:00","dateModified":"2023-04-12T22:30:21+00:00","mainEntityOfPage":{"@id":"https:\/\/radiolitoral.com\/2023\/04\/calp-no-contara-con-viviendas-de-proteccion-oficial\/"},"wordCount":430,"commentCount":0,"publisher":{"@id":"https:\/\/radiolitoral.com\/#organization"},"image":{"@id":"https:\/\/radiolitoral.com\/2023\/04\/calp-no-contara-con-viviendas-de-proteccion-oficial\/#primaryimage"},"thumbnailUrl":"https:\/\/media.radiolitoral.com\/wp-content\/uploads\/2023\/04\/13002725\/calpe.jpg","keywords":["Vivienda","vivienda social","VPO Calp"],"articleSection":["Pol\u00edtica"],"inLanguage":"ca","potentialAction":[{"@type":"CommentAction","name":"Comment","target":["https:\/\/radiolitoral.com\/2023\/04\/calp-no-contara-con-viviendas-de-proteccion-oficial\/#respond"]}]},{"@type":["WebPage","ItemPage"],"@id":"https:\/\/radiolitoral.com\/2023\/04\/calp-no-contara-con-viviendas-de-proteccion-oficial\/","url":"https:\/\/radiolitoral.com\/2023\/04\/calp-no-contara-con-viviendas-de-proteccion-oficial\/","name":"Calp no comptar\u00e0 amb habitatges de protecci\u00f3 oficial | R\u00e0dio Litoral","isPartOf":{"@id":"https:\/\/radiolitoral.com\/#website"},"primaryImageOfPage":{"@id":"https:\/\/radiolitoral.com\/2023\/04\/calp-no-contara-con-viviendas-de-proteccion-oficial\/#primaryimage"},"image":{"@id":"https:\/\/radiolitoral.com\/2023\/04\/calp-no-contara-con-viviendas-de-proteccion-oficial\/#primaryimage"},"thumbnailUrl":"https:\/\/media.radiolitoral.com\/wp-content\/uploads\/2023\/04\/13002725\/calpe.jpg","datePublished":"2023-04-12T22:28:12+00:00","dateModified":"2023-04-12T22:30:21+00:00","description":"No ha prosperat la proposta per modificar el PGOU per tal de crear VPO al municipi","breadcrumb":{"@id":"https:\/\/radiolitoral.com\/2023\/04\/calp-no-contara-con-viviendas-de-proteccion-oficial\/#breadcrumb"},"inLanguage":"ca","potentialAction":[{"@type":"ReadAction","target":["https:\/\/radiolitoral.com\/2023\/04\/calp-no-contara-con-viviendas-de-proteccion-oficial\/"]}]},{"@type":"ImageObject","inLanguage":"ca","@id":"https:\/\/radiolitoral.com\/2023\/04\/calp-no-contara-con-viviendas-de-proteccion-oficial\/#primaryimage","url":"https:\/\/media.radiolitoral.com\/wp-content\/uploads\/2023\/04\/13002725\/calpe.jpg","contentUrl":"https:\/\/media.radiolitoral.com\/wp-content\/uploads\/2023\/04\/13002725\/calpe.jpg","width":1280,"height":853},{"@type":"BreadcrumbList","@id":"https:\/\/radiolitoral.com\/2023\/04\/calp-no-contara-con-viviendas-de-proteccion-oficial\/#breadcrumb","itemListElement":[{"@type":"ListItem","position":1,"name":"Portada","item":"https:\/\/radiolitoral.com\/"},{"@type":"ListItem","position":2,"name":"Calp no contar\u00e1 con Viviendas de Protecci\u00f3n Oficial"}]},{"@type":"WebSite","@id":"https:\/\/radiolitoral.com\/#website","url":"https:\/\/radiolitoral.com\/","name":"R\u00e0dio Litoral","description":"La r\u00e0dio local de la Marina Alta","publisher":{"@id":"https:\/\/radiolitoral.com\/#organization"},"alternateName":"Litoral FM","potentialAction":[{"@type":"SearchAction","target":{"@type":"EntryPoint","urlTemplate":"https:\/\/radiolitoral.com\/?s={search_term_string}"},"query-input":{"@type":"PropertyValueSpecification","valueRequired":true,"valueName":"search_term_string"}}],"inLanguage":"ca"},{"@type":"Organization","@id":"https:\/\/radiolitoral.com\/#organization","name":"R\u00e0dio Litoral","url":"https:\/\/radiolitoral.com\/","logo":{"@type":"ImageObject","inLanguage":"ca","@id":"https:\/\/radiolitoral.com\/#\/schema\/logo\/image\/","url":"https:\/\/media.radiolitoral.com\/wp-content\/uploads\/2023\/02\/24143238\/CL-V-RadioLitoral696.png","contentUrl":"https:\/\/media.radiolitoral.com\/wp-content\/uploads\/2023\/02\/24143238\/CL-V-RadioLitoral696.png","width":696,"height":696,"caption":"Radio Litoral"},"image":{"@id":"https:\/\/radiolitoral.com\/#\/schema\/logo\/image\/"},"sameAs":["https:\/\/www.facebook.com\/Laradiolitoral\/"]},{"@type":"Person","@id":"https:\/\/radiolitoral.com\/#\/schema\/person\/f2b2343c49b5d721857cc1002bfdb151","name":"Redacci\u00f3","image":{"@type":"ImageObject","inLanguage":"ca","@id":"https:\/\/secure.gravatar.com\/avatar\/f771d896c203ad8b3382d7905cfcce5a5c9b008b84b3cd9114e9b9f4cb63f789?s=96&d=mm&r=g","url":"https:\/\/secure.gravatar.com\/avatar\/f771d896c203ad8b3382d7905cfcce5a5c9b008b84b3cd9114e9b9f4cb63f789?s=96&d=mm&r=g","contentUrl":"https:\/\/secure.gravatar.com\/avatar\/f771d896c203ad8b3382d7905cfcce5a5c9b008b84b3cd9114e9b9f4cb63f789?s=96&d=mm&r=g","caption":"Redacci\u00f3n"},"url":"https:\/\/radiolitoral.com\/ca\/author\/miriam-pagan\/"}]}},"_links":{"self":[{"href":"https:\/\/radiolitoral.com\/ca\/wp-json\/wp\/v2\/posts\/2129","targetHints":{"allow":["GET"]}}],"collection":[{"href":"https:\/\/radiolitoral.com\/ca\/wp-json\/wp\/v2\/posts"}],"about":[{"href":"https:\/\/radiolitoral.com\/ca\/wp-json\/wp\/v2\/types\/post"}],"author":[{"embeddable":true,"href":"https:\/\/radiolitoral.com\/ca\/wp-json\/wp\/v2\/users\/13"}],"replies":[{"embeddable":true,"href":"https:\/\/radiolitoral.com\/ca\/wp-json\/wp\/v2\/comments?post=2129"}],"version-history":[{"count":1,"href":"https:\/\/radiolitoral.com\/ca\/wp-json\/wp\/v2\/posts\/2129\/revisions"}],"predecessor-version":[{"id":2133,"href":"https:\/\/radiolitoral.com\/ca\/wp-json\/wp\/v2\/posts\/2129\/revisions\/2133"}],"wp:featuredmedia":[{"embeddable":true,"href":"https:\/\/radiolitoral.com\/ca\/wp-json\/wp\/v2\/media\/2132"}],"wp:attachment":[{"href":"https:\/\/radiolitoral.com\/ca\/wp-json\/wp\/v2\/media?parent=2129"}],"wp:term":[{"taxonomy":"category","embeddable":true,"href":"https:\/\/radiolitoral.com\/ca\/wp-json\/wp\/v2\/categories?post=2129"},{"taxonomy":"post_tag","embeddable":true,"href":"https:\/\/radiolitoral.com\/ca\/wp-json\/wp\/v2\/tags?post=2129"}],"curies":[{"name":"wp","href":"https:\/\/api.w.org\/{rel}","templated":true}]}}