{"id":2108,"date":"2023-04-12T23:38:31","date_gmt":"2023-04-12T21:38:31","guid":{"rendered":"https:\/\/radiolitoral.com\/?p=2108"},"modified":"2023-04-12T23:40:47","modified_gmt":"2023-04-12T21:40:47","slug":"especialistes-en-cardiologia-procedents-dargentina-es-formen-a-lhospital-de-denia","status":"publish","type":"post","link":"https:\/\/radiolitoral.com\/ca\/2023\/04\/especialistas-en-cardiologia-procedentes-de-argentina-se-forman-en-el-hospital-de-denia\/","title":{"rendered":"Especialistes en cardiologia procedents d&#039;Argentina es formen a l&#039;Hospital de D\u00e9nia"},"content":{"rendered":"<p>Una vintena de <strong>facultatius especialistes en Cardiologia, procedents de Argentina<\/strong>, han comen\u00e7at aquesta setmana a realitzar una <strong>estada formativa al <a href=\"http:\/\/www.marinasalud.es\/\">Hospital de D\u00e9nia<\/a><\/strong>. Els especialistes coneixeran de prop el nostre sistema d&#039;organitzaci\u00f3 assistencial, aix\u00ed com q\u00fcestions relacionades amb la insufici\u00e8ncia card\u00edaca i la cardiologia cl\u00ednica.<\/p>\n<p>L&#039;estada, organitzada per <a href=\"https:\/\/medsite.tv\/sitio\">MEDSITE<\/a>, una empresa l\u00edder de parla hispana amb capital argent\u00ed i pres\u00e8ncia a Llatinoam\u00e8rica i Europa, est\u00e0 especialitzada en el desenvolupament de capacitaci\u00f3 per a metges. A m\u00e9s a m\u00e9s, t\u00e9 experi\u00e8ncia pr\u00e8via en rotacions per centres internacionals de primer nivell.<\/p>\n<p>Al llarg dels diferents dies de formaci\u00f3, els facultatius especialistes en Cardiologia, <strong>desenvoluparan un programa d&#039;\u201cActualitzaci\u00f3 Cardiovascular\u201d, centrat principalment en Insufici\u00e8ncia Card\u00edaca<\/strong>. En aquesta mat\u00e8ria, el Servei de Cardiologia de l&#039;Hospital de D\u00e9nia exposar\u00e0 els aven\u00e7os m\u00e9s actuals des d&#039;un punt de vista te\u00f2ric i pr\u00e0ctic -que abordar\u00e0 l&#039;activitat habitual de la Unitat d&#039;Insufici\u00e8ncia Card\u00edaca-, el programa de connexi\u00f3 amb l&#039;Atenci\u00f3 Prim\u00e0ria, la assist\u00e8ncia a planta d&#039;hospitalitzaci\u00f3 i les consultes espec\u00edfiques; aix\u00ed com la de cardiopaties familiars o valvulopaties desenvolupades pel Servei de Cardiologia.<\/p>","protected":false},"excerpt":{"rendered":"<p>Una veintena de facultativos especialistas en Cardiolog\u00eda, procedentes de Argentina, han comenzado esta semana a realizar una estancia formativa en el Hospital de D\u00e9nia. Los especialistas conocer\u00e1n de cerca nuestro sistema de organizaci\u00f3n asistencial, as\u00ed como cuestiones relacionadas con la Insuficiencia Card\u00edaca y la Cardiolog\u00eda Cl\u00ednica. La estancia, organizada por MEDSITE, una empresa l\u00edder de [&#8230;]<\/p>\n<p><a class=\"btn btn-secondary understrap-read-more-link\" href=\"https:\/\/radiolitoral.com\/ca\/2023\/04\/especialistas-en-cardiologia-procedentes-de-argentina-se-forman-en-el-hospital-de-denia\/\">Continua llegint&#8230;<span class=\"screen-reader-text\"> from Especialistas en cardiolog\u00eda procedentes de Argentina se forman en el Hospital de D\u00e9nia<\/span><\/a><\/p>\n","protected":false},"author":21,"featured_media":2109,"comment_status":"open","ping_status":"closed","sticky":false,"template":"","format":"standard","meta":{"_acf_changed":false,"inline_featured_image":false,"footnotes":""},"categories":[380],"tags":[491,490],"class_list":["post-2108","post","type-post","status-publish","format-standard","has-post-thumbnail","hentry","category-sanidad","tag-cardiologia","tag-hospital-denia","cobertura-denia"],"acf":[],"yoast_head":"<!-- This site is optimized with the Yoast SEO plugin v27.5 - https:\/\/yoast.com\/product\/yoast-seo-wordpress\/ -->\n<title>Especialistas en cardiolog\u00eda procedentes de Argentina se forman en el Hospital de D\u00e9nia | R\u00e0dio Litoral<\/title>\n<meta name=\"description\" content=\"Desarrollar\u00e1n un programa centrado principalmente en la insuficiencia cardiaca Desarrollar\u00e1n un programa centrado principalmente en la insuficiencia cardiaca\" \/>\n<meta name=\"robots\" content=\"index, follow, max-snippet:-1, max-image-preview:large, max-video-preview:-1\" \/>\n<link rel=\"canonical\" href=\"https:\/\/radiolitoral.com\/ca\/2023\/04\/especialistes-en-cardiologia-procedents-dargentina-es-formen-a-lhospital-de-denia\/\" \/>\n<meta property=\"og:locale\" content=\"ca_ES\" \/>\n<meta property=\"og:type\" content=\"article\" \/>\n<meta property=\"og:title\" content=\"Especialistas en cardiolog\u00eda procedentes de Argentina se forman en el Hospital de D\u00e9nia | R\u00e0dio Litoral\" \/>\n<meta property=\"og:description\" content=\"Desarrollar\u00e1n un programa centrado principalmente en la insuficiencia cardiaca Desarrollar\u00e1n un programa centrado principalmente en la insuficiencia cardiaca\" \/>\n<meta property=\"og:url\" content=\"https:\/\/radiolitoral.com\/ca\/2023\/04\/especialistes-en-cardiologia-procedents-dargentina-es-formen-a-lhospital-de-denia\/\" \/>\n<meta property=\"og:site_name\" content=\"R\u00e0dio Litoral\" \/>\n<meta property=\"article:publisher\" content=\"https:\/\/www.facebook.com\/Laradiolitoral\/\" \/>\n<meta property=\"article:published_time\" content=\"2023-04-12T21:38:31+00:00\" \/>\n<meta property=\"article:modified_time\" content=\"2023-04-12T21:40:47+00:00\" \/>\n<meta property=\"og:image\" content=\"https:\/\/media.radiolitoral.com\/wp-content\/uploads\/2023\/04\/12233824\/image.jpg\" \/>\n\t<meta property=\"og:image:width\" content=\"482\" \/>\n\t<meta property=\"og:image:height\" content=\"318\" \/>\n\t<meta property=\"og:image:type\" content=\"image\/jpeg\" \/>\n<meta name=\"author\" content=\"Mel Pescuezo\" \/>\n<meta name=\"twitter:card\" content=\"summary_large_image\" \/>\n<meta name=\"twitter:label1\" content=\"Escrit per\" \/>\n\t<meta name=\"twitter:data1\" content=\"Mel Pescuezo\" \/>\n\t<meta name=\"twitter:label2\" content=\"Temps estimat de lectura\" \/>\n\t<meta name=\"twitter:data2\" content=\"1 minut\" \/>\n<script type=\"application\/ld+json\" class=\"yoast-schema-graph\">{\"@context\":\"https:\\\/\\\/schema.org\",\"@graph\":[{\"@type\":\"NewsArticle\",\"@id\":\"https:\\\/\\\/radiolitoral.com\\\/2023\\\/04\\\/especialistas-en-cardiologia-procedentes-de-argentina-se-forman-en-el-hospital-de-denia\\\/#article\",\"isPartOf\":{\"@id\":\"https:\\\/\\\/radiolitoral.com\\\/2023\\\/04\\\/especialistas-en-cardiologia-procedentes-de-argentina-se-forman-en-el-hospital-de-denia\\\/\"},\"author\":{\"name\":\"Mel Pescuezo\",\"@id\":\"https:\\\/\\\/radiolitoral.com\\\/#\\\/schema\\\/person\\\/aad4f72efa404f85b68e832d24cac059\"},\"headline\":\"Especialistas en cardiolog\u00eda procedentes de Argentina se forman en el Hospital de D\u00e9nia\",\"datePublished\":\"2023-04-12T21:38:31+00:00\",\"dateModified\":\"2023-04-12T21:40:47+00:00\",\"mainEntityOfPage\":{\"@id\":\"https:\\\/\\\/radiolitoral.com\\\/2023\\\/04\\\/especialistas-en-cardiologia-procedentes-de-argentina-se-forman-en-el-hospital-de-denia\\\/\"},\"wordCount\":224,\"commentCount\":0,\"publisher\":{\"@id\":\"https:\\\/\\\/radiolitoral.com\\\/#organization\"},\"image\":{\"@id\":\"https:\\\/\\\/radiolitoral.com\\\/2023\\\/04\\\/especialistas-en-cardiologia-procedentes-de-argentina-se-forman-en-el-hospital-de-denia\\\/#primaryimage\"},\"thumbnailUrl\":\"https:\\\/\\\/media.radiolitoral.com\\\/wp-content\\\/uploads\\\/2023\\\/04\\\/12233824\\\/image.jpg\",\"keywords\":[\"Cardiolog\u00eda\",\"Hospital D\u00e9nia\"],\"articleSection\":[\"Sanidad\"],\"inLanguage\":\"ca\",\"potentialAction\":[{\"@type\":\"CommentAction\",\"name\":\"Comment\",\"target\":[\"https:\\\/\\\/radiolitoral.com\\\/2023\\\/04\\\/especialistas-en-cardiologia-procedentes-de-argentina-se-forman-en-el-hospital-de-denia\\\/#respond\"]}]},{\"@type\":[\"WebPage\",\"ItemPage\"],\"@id\":\"https:\\\/\\\/radiolitoral.com\\\/2023\\\/04\\\/especialistas-en-cardiologia-procedentes-de-argentina-se-forman-en-el-hospital-de-denia\\\/\",\"url\":\"https:\\\/\\\/radiolitoral.com\\\/2023\\\/04\\\/especialistas-en-cardiologia-procedentes-de-argentina-se-forman-en-el-hospital-de-denia\\\/\",\"name\":\"Especialistas en cardiolog\u00eda procedentes de Argentina se forman en el Hospital de D\u00e9nia | R\u00e0dio Litoral\",\"isPartOf\":{\"@id\":\"https:\\\/\\\/radiolitoral.com\\\/#website\"},\"primaryImageOfPage\":{\"@id\":\"https:\\\/\\\/radiolitoral.com\\\/2023\\\/04\\\/especialistas-en-cardiologia-procedentes-de-argentina-se-forman-en-el-hospital-de-denia\\\/#primaryimage\"},\"image\":{\"@id\":\"https:\\\/\\\/radiolitoral.com\\\/2023\\\/04\\\/especialistas-en-cardiologia-procedentes-de-argentina-se-forman-en-el-hospital-de-denia\\\/#primaryimage\"},\"thumbnailUrl\":\"https:\\\/\\\/media.radiolitoral.com\\\/wp-content\\\/uploads\\\/2023\\\/04\\\/12233824\\\/image.jpg\",\"datePublished\":\"2023-04-12T21:38:31+00:00\",\"dateModified\":\"2023-04-12T21:40:47+00:00\",\"description\":\"Desarrollar\u00e1n un programa centrado principalmente en la insuficiencia cardiaca Desarrollar\u00e1n un programa centrado principalmente en la insuficiencia cardiaca\",\"breadcrumb\":{\"@id\":\"https:\\\/\\\/radiolitoral.com\\\/2023\\\/04\\\/especialistas-en-cardiologia-procedentes-de-argentina-se-forman-en-el-hospital-de-denia\\\/#breadcrumb\"},\"inLanguage\":\"ca\",\"potentialAction\":[{\"@type\":\"ReadAction\",\"target\":[\"https:\\\/\\\/radiolitoral.com\\\/2023\\\/04\\\/especialistas-en-cardiologia-procedentes-de-argentina-se-forman-en-el-hospital-de-denia\\\/\"]}]},{\"@type\":\"ImageObject\",\"inLanguage\":\"ca\",\"@id\":\"https:\\\/\\\/radiolitoral.com\\\/2023\\\/04\\\/especialistas-en-cardiologia-procedentes-de-argentina-se-forman-en-el-hospital-de-denia\\\/#primaryimage\",\"url\":\"https:\\\/\\\/media.radiolitoral.com\\\/wp-content\\\/uploads\\\/2023\\\/04\\\/12233824\\\/image.jpg\",\"contentUrl\":\"https:\\\/\\\/media.radiolitoral.com\\\/wp-content\\\/uploads\\\/2023\\\/04\\\/12233824\\\/image.jpg\",\"width\":482,\"height\":318},{\"@type\":\"BreadcrumbList\",\"@id\":\"https:\\\/\\\/radiolitoral.com\\\/2023\\\/04\\\/especialistas-en-cardiologia-procedentes-de-argentina-se-forman-en-el-hospital-de-denia\\\/#breadcrumb\",\"itemListElement\":[{\"@type\":\"ListItem\",\"position\":1,\"name\":\"Portada\",\"item\":\"https:\\\/\\\/radiolitoral.com\\\/\"},{\"@type\":\"ListItem\",\"position\":2,\"name\":\"Especialistas en cardiolog\u00eda procedentes de Argentina se forman en el Hospital de D\u00e9nia\"}]},{\"@type\":\"WebSite\",\"@id\":\"https:\\\/\\\/radiolitoral.com\\\/#website\",\"url\":\"https:\\\/\\\/radiolitoral.com\\\/\",\"name\":\"Radio Litoral\",\"description\":\"La radio local de la Marina Alta\",\"publisher\":{\"@id\":\"https:\\\/\\\/radiolitoral.com\\\/#organization\"},\"alternateName\":\"Litoral FM\",\"potentialAction\":[{\"@type\":\"SearchAction\",\"target\":{\"@type\":\"EntryPoint\",\"urlTemplate\":\"https:\\\/\\\/radiolitoral.com\\\/?s={search_term_string}\"},\"query-input\":{\"@type\":\"PropertyValueSpecification\",\"valueRequired\":true,\"valueName\":\"search_term_string\"}}],\"inLanguage\":\"ca\"},{\"@type\":\"Organization\",\"@id\":\"https:\\\/\\\/radiolitoral.com\\\/#organization\",\"name\":\"Radio Litoral\",\"url\":\"https:\\\/\\\/radiolitoral.com\\\/\",\"logo\":{\"@type\":\"ImageObject\",\"inLanguage\":\"ca\",\"@id\":\"https:\\\/\\\/radiolitoral.com\\\/#\\\/schema\\\/logo\\\/image\\\/\",\"url\":\"https:\\\/\\\/media.radiolitoral.com\\\/wp-content\\\/uploads\\\/2023\\\/02\\\/24143238\\\/CL-V-RadioLitoral696.png\",\"contentUrl\":\"https:\\\/\\\/media.radiolitoral.com\\\/wp-content\\\/uploads\\\/2023\\\/02\\\/24143238\\\/CL-V-RadioLitoral696.png\",\"width\":696,\"height\":696,\"caption\":\"Radio Litoral\"},\"image\":{\"@id\":\"https:\\\/\\\/radiolitoral.com\\\/#\\\/schema\\\/logo\\\/image\\\/\"},\"sameAs\":[\"https:\\\/\\\/www.facebook.com\\\/Laradiolitoral\\\/\"]},{\"@type\":\"Person\",\"@id\":\"https:\\\/\\\/radiolitoral.com\\\/#\\\/schema\\\/person\\\/aad4f72efa404f85b68e832d24cac059\",\"name\":\"Mel Pescuezo\",\"image\":{\"@type\":\"ImageObject\",\"inLanguage\":\"ca\",\"@id\":\"https:\\\/\\\/secure.gravatar.com\\\/avatar\\\/993975ae489c70cb0dd9bfa9413a082f0bd276582dac13661af7b33f161e7eea?s=96&d=mm&r=g\",\"url\":\"https:\\\/\\\/secure.gravatar.com\\\/avatar\\\/993975ae489c70cb0dd9bfa9413a082f0bd276582dac13661af7b33f161e7eea?s=96&d=mm&r=g\",\"contentUrl\":\"https:\\\/\\\/secure.gravatar.com\\\/avatar\\\/993975ae489c70cb0dd9bfa9413a082f0bd276582dac13661af7b33f161e7eea?s=96&d=mm&r=g\",\"caption\":\"Mel Pescuezo\"},\"url\":\"https:\\\/\\\/radiolitoral.com\\\/ca\\\/author\\\/serviciospararadios\\\/\"}]}<\/script>\n<!-- \/ Yoast SEO plugin. -->","yoast_head_json":{"title":"Especialistes en cardiologia procedents de l&#039;Argentina es formen a l&#039;Hospital de D\u00e9nia | R\u00e0dio Litoral","description":"Desenvoluparan un programa centrat principalment en la insufici\u00e8ncia card\u00edaca Desenvoluparan un programa centrat principalment en la insufici\u00e8ncia card\u00edaca","robots":{"index":"index","follow":"follow","max-snippet":"max-snippet:-1","max-image-preview":"max-image-preview:large","max-video-preview":"max-video-preview:-1"},"canonical":"https:\/\/radiolitoral.com\/ca\/2023\/04\/especialistes-en-cardiologia-procedents-dargentina-es-formen-a-lhospital-de-denia\/","og_locale":"ca_ES","og_type":"article","og_title":"Especialistas en cardiolog\u00eda procedentes de Argentina se forman en el Hospital de D\u00e9nia | R\u00e0dio Litoral","og_description":"Desarrollar\u00e1n un programa centrado principalmente en la insuficiencia cardiaca Desarrollar\u00e1n un programa centrado principalmente en la insuficiencia cardiaca","og_url":"https:\/\/radiolitoral.com\/ca\/2023\/04\/especialistes-en-cardiologia-procedents-dargentina-es-formen-a-lhospital-de-denia\/","og_site_name":"R\u00e0dio Litoral","article_publisher":"https:\/\/www.facebook.com\/Laradiolitoral\/","article_published_time":"2023-04-12T21:38:31+00:00","article_modified_time":"2023-04-12T21:40:47+00:00","og_image":[{"width":482,"height":318,"url":"https:\/\/media.radiolitoral.com\/wp-content\/uploads\/2023\/04\/12233824\/image.jpg","type":"image\/jpeg"}],"author":"Mel Pescuezo","twitter_card":"summary_large_image","twitter_misc":{"Escrit per":"Mel Pescuezo","Temps estimat de lectura":"1 minut"},"schema":{"@context":"https:\/\/schema.org","@graph":[{"@type":"NewsArticle","@id":"https:\/\/radiolitoral.com\/2023\/04\/especialistas-en-cardiologia-procedentes-de-argentina-se-forman-en-el-hospital-de-denia\/#article","isPartOf":{"@id":"https:\/\/radiolitoral.com\/2023\/04\/especialistas-en-cardiologia-procedentes-de-argentina-se-forman-en-el-hospital-de-denia\/"},"author":{"name":"Mel Pescuezo","@id":"https:\/\/radiolitoral.com\/#\/schema\/person\/aad4f72efa404f85b68e832d24cac059"},"headline":"Especialistas en cardiolog\u00eda procedentes de Argentina se forman en el Hospital de D\u00e9nia","datePublished":"2023-04-12T21:38:31+00:00","dateModified":"2023-04-12T21:40:47+00:00","mainEntityOfPage":{"@id":"https:\/\/radiolitoral.com\/2023\/04\/especialistas-en-cardiologia-procedentes-de-argentina-se-forman-en-el-hospital-de-denia\/"},"wordCount":224,"commentCount":0,"publisher":{"@id":"https:\/\/radiolitoral.com\/#organization"},"image":{"@id":"https:\/\/radiolitoral.com\/2023\/04\/especialistas-en-cardiologia-procedentes-de-argentina-se-forman-en-el-hospital-de-denia\/#primaryimage"},"thumbnailUrl":"https:\/\/media.radiolitoral.com\/wp-content\/uploads\/2023\/04\/12233824\/image.jpg","keywords":["Cardiolog\u00eda","Hospital D\u00e9nia"],"articleSection":["Sanidad"],"inLanguage":"ca","potentialAction":[{"@type":"CommentAction","name":"Comment","target":["https:\/\/radiolitoral.com\/2023\/04\/especialistas-en-cardiologia-procedentes-de-argentina-se-forman-en-el-hospital-de-denia\/#respond"]}]},{"@type":["WebPage","ItemPage"],"@id":"https:\/\/radiolitoral.com\/2023\/04\/especialistas-en-cardiologia-procedentes-de-argentina-se-forman-en-el-hospital-de-denia\/","url":"https:\/\/radiolitoral.com\/2023\/04\/especialistas-en-cardiologia-procedentes-de-argentina-se-forman-en-el-hospital-de-denia\/","name":"Especialistes en cardiologia procedents de l&#039;Argentina es formen a l&#039;Hospital de D\u00e9nia | R\u00e0dio Litoral","isPartOf":{"@id":"https:\/\/radiolitoral.com\/#website"},"primaryImageOfPage":{"@id":"https:\/\/radiolitoral.com\/2023\/04\/especialistas-en-cardiologia-procedentes-de-argentina-se-forman-en-el-hospital-de-denia\/#primaryimage"},"image":{"@id":"https:\/\/radiolitoral.com\/2023\/04\/especialistas-en-cardiologia-procedentes-de-argentina-se-forman-en-el-hospital-de-denia\/#primaryimage"},"thumbnailUrl":"https:\/\/media.radiolitoral.com\/wp-content\/uploads\/2023\/04\/12233824\/image.jpg","datePublished":"2023-04-12T21:38:31+00:00","dateModified":"2023-04-12T21:40:47+00:00","description":"Desenvoluparan un programa centrat principalment en la insufici\u00e8ncia card\u00edaca Desenvoluparan un programa centrat principalment en la insufici\u00e8ncia card\u00edaca","breadcrumb":{"@id":"https:\/\/radiolitoral.com\/2023\/04\/especialistas-en-cardiologia-procedentes-de-argentina-se-forman-en-el-hospital-de-denia\/#breadcrumb"},"inLanguage":"ca","potentialAction":[{"@type":"ReadAction","target":["https:\/\/radiolitoral.com\/2023\/04\/especialistas-en-cardiologia-procedentes-de-argentina-se-forman-en-el-hospital-de-denia\/"]}]},{"@type":"ImageObject","inLanguage":"ca","@id":"https:\/\/radiolitoral.com\/2023\/04\/especialistas-en-cardiologia-procedentes-de-argentina-se-forman-en-el-hospital-de-denia\/#primaryimage","url":"https:\/\/media.radiolitoral.com\/wp-content\/uploads\/2023\/04\/12233824\/image.jpg","contentUrl":"https:\/\/media.radiolitoral.com\/wp-content\/uploads\/2023\/04\/12233824\/image.jpg","width":482,"height":318},{"@type":"BreadcrumbList","@id":"https:\/\/radiolitoral.com\/2023\/04\/especialistas-en-cardiologia-procedentes-de-argentina-se-forman-en-el-hospital-de-denia\/#breadcrumb","itemListElement":[{"@type":"ListItem","position":1,"name":"Portada","item":"https:\/\/radiolitoral.com\/"},{"@type":"ListItem","position":2,"name":"Especialistas en cardiolog\u00eda procedentes de Argentina se forman en el Hospital de D\u00e9nia"}]},{"@type":"WebSite","@id":"https:\/\/radiolitoral.com\/#website","url":"https:\/\/radiolitoral.com\/","name":"R\u00e0dio Litoral","description":"La r\u00e0dio local de la Marina Alta","publisher":{"@id":"https:\/\/radiolitoral.com\/#organization"},"alternateName":"Litoral FM","potentialAction":[{"@type":"SearchAction","target":{"@type":"EntryPoint","urlTemplate":"https:\/\/radiolitoral.com\/?s={search_term_string}"},"query-input":{"@type":"PropertyValueSpecification","valueRequired":true,"valueName":"search_term_string"}}],"inLanguage":"ca"},{"@type":"Organization","@id":"https:\/\/radiolitoral.com\/#organization","name":"R\u00e0dio Litoral","url":"https:\/\/radiolitoral.com\/","logo":{"@type":"ImageObject","inLanguage":"ca","@id":"https:\/\/radiolitoral.com\/#\/schema\/logo\/image\/","url":"https:\/\/media.radiolitoral.com\/wp-content\/uploads\/2023\/02\/24143238\/CL-V-RadioLitoral696.png","contentUrl":"https:\/\/media.radiolitoral.com\/wp-content\/uploads\/2023\/02\/24143238\/CL-V-RadioLitoral696.png","width":696,"height":696,"caption":"Radio Litoral"},"image":{"@id":"https:\/\/radiolitoral.com\/#\/schema\/logo\/image\/"},"sameAs":["https:\/\/www.facebook.com\/Laradiolitoral\/"]},{"@type":"Person","@id":"https:\/\/radiolitoral.com\/#\/schema\/person\/aad4f72efa404f85b68e832d24cac059","name":"Mel Pescuezo","image":{"@type":"ImageObject","inLanguage":"ca","@id":"https:\/\/secure.gravatar.com\/avatar\/993975ae489c70cb0dd9bfa9413a082f0bd276582dac13661af7b33f161e7eea?s=96&d=mm&r=g","url":"https:\/\/secure.gravatar.com\/avatar\/993975ae489c70cb0dd9bfa9413a082f0bd276582dac13661af7b33f161e7eea?s=96&d=mm&r=g","contentUrl":"https:\/\/secure.gravatar.com\/avatar\/993975ae489c70cb0dd9bfa9413a082f0bd276582dac13661af7b33f161e7eea?s=96&d=mm&r=g","caption":"Mel Pescuezo"},"url":"https:\/\/radiolitoral.com\/ca\/author\/serviciospararadios\/"}]}},"_links":{"self":[{"href":"https:\/\/radiolitoral.com\/ca\/wp-json\/wp\/v2\/posts\/2108","targetHints":{"allow":["GET"]}}],"collection":[{"href":"https:\/\/radiolitoral.com\/ca\/wp-json\/wp\/v2\/posts"}],"about":[{"href":"https:\/\/radiolitoral.com\/ca\/wp-json\/wp\/v2\/types\/post"}],"author":[{"embeddable":true,"href":"https:\/\/radiolitoral.com\/ca\/wp-json\/wp\/v2\/users\/21"}],"replies":[{"embeddable":true,"href":"https:\/\/radiolitoral.com\/ca\/wp-json\/wp\/v2\/comments?post=2108"}],"version-history":[{"count":1,"href":"https:\/\/radiolitoral.com\/ca\/wp-json\/wp\/v2\/posts\/2108\/revisions"}],"predecessor-version":[{"id":2110,"href":"https:\/\/radiolitoral.com\/ca\/wp-json\/wp\/v2\/posts\/2108\/revisions\/2110"}],"wp:featuredmedia":[{"embeddable":true,"href":"https:\/\/radiolitoral.com\/ca\/wp-json\/wp\/v2\/media\/2109"}],"wp:attachment":[{"href":"https:\/\/radiolitoral.com\/ca\/wp-json\/wp\/v2\/media?parent=2108"}],"wp:term":[{"taxonomy":"category","embeddable":true,"href":"https:\/\/radiolitoral.com\/ca\/wp-json\/wp\/v2\/categories?post=2108"},{"taxonomy":"post_tag","embeddable":true,"href":"https:\/\/radiolitoral.com\/ca\/wp-json\/wp\/v2\/tags?post=2108"}],"curies":[{"name":"wp","href":"https:\/\/api.w.org\/{rel}","templated":true}]}}