{"id":20958,"date":"2026-09-04T12:03:31","date_gmt":"2026-09-04T10:03:31","guid":{"rendered":"https:\/\/radiolitoral.com\/?p=20958"},"modified":"2026-09-04T12:03:31","modified_gmt":"2026-09-04T10:03:31","slug":"primera-ffcv-el-fb-teulada-rep-el-potent-novel%c2%b7la-cf","status":"publish","type":"post","link":"https:\/\/radiolitoral.com\/ca\/2026\/09\/primera-ffcv-el-fb-teulada-recibe-al-potente-novelda-cf\/","title":{"rendered":"Primera FFCV: L&#039;FB Teulada rep el potent Novelda CF"},"content":{"rendered":"<p>La temporada comen\u00e7a a <strong>Primera FFCV<\/strong> amb una jornada exigent per als equips de la Marina Alta. El <strong>FB Teulada<\/strong> ser\u00e0 l&#039;\u00fanic conjunt de la comarca que jugar\u00e0 davant de la seva afici\u00f3, amb la visita del potent <strong>Novelda CF<\/strong>. El <strong>CD D\u00e9nia<\/strong> i el <strong>Pego CF<\/strong> afrontaran complicats despla\u00e7aments a Villena i la Vila Joiosa, respectivament.<\/p>\n<h4>FB Teulada \u2013 Novelda CF (Dissabte 18:30 H)<\/h4>\n<p class=\"isSelectedEnd\">El <strong>FB Teulada<\/strong> ser\u00e0 l&#039;\u00fanic representant de la Marina Alta que debutar\u00e0 com a local. L&#039;equip telad\u00ed rebr\u00e0 aquest dissabte, a les <strong>18:30 hores<\/strong>, al camp <strong>Bernat Font<\/strong>, al <strong>Novelda CF<\/strong>. El partit estar\u00e0 arbitrat per <strong>Caiet\u00e0 Such<\/strong>.<\/p>\n<p class=\"isSelectedEnd\">L&#039;entrenador local, <strong>Juan Ribes \u201cCoca\u201d<\/strong>, \u00e9s conscient de la dificultat de l&#039;estrena. El Novelda CF parteix com a un dels equips m\u00e9s potents del grup i un dels principals favorits per lluitar per l&#039;ascens.<\/p>\n<p class=\"isSelectedEnd\">El t\u00e8cnic de l&#039;FB Teulada considera que les baixes amb qu\u00e8 arriba el seu equip s\u00f3n el principal motiu de preocupaci\u00f3, encara que mant\u00e9 plena confian\u00e7a en els jugadors i en la capacitat per competir davant un rival amb un projecte esportiu ambici\u00f3s.<\/p>\n<h4>La Vila Joiosa CF \u2013 Pego CF (Dissabte 18:30)<\/h4>\n<p class=\"isSelectedEnd\">El <strong>Pego CF<\/strong> ser\u00e0 el primer equip de la comarca a entrar en acci\u00f3. Els pegolins visitaran aquest dissabte el camp <strong>Nou Pla de la Vila Joiosa<\/strong>, on jugaran a partir de les <strong>18:30 hores<\/strong>. L&#039;\u00e0rbitre designat per dirigir el matx \u00e9s <strong>Cristian Storemyr<\/strong>.<\/p>\n<p class=\"isSelectedEnd\">El conjunt dirigit per <strong>Jos\u00e9 Jaime Alemany<\/strong> ha mostrat una traject\u00f2ria ascendent durant la pretemporada. Tot i que va caure derrotat al seu \u00faltim partit de preparaci\u00f3 davant el CD X\u00e0bia, l&#039;equip va oferir una bona imatge i va deixar arguments per afrontar amb optimisme l&#039;inici de la competici\u00f3.<\/p>\n<p class=\"isSelectedEnd\">Alemany tractar\u00e0 de confeccionar un onze competitiu, s\u00f2lid i capa\u00e7 de lluitar pels tres punts davant un rival acabat de pujar.<\/p>\n<p>El Villajoyosa CF mant\u00e9 bona part de la plantilla que va aconseguir l&#039;ascens, un factor que li pot donar continu\u00eftat i coneixement col\u00b7lectiu en la tornada a Primera FFCV. El Pego CF haur\u00e0 d&#039;estar concentrat i aprofitar les oportunitats per superar una estrena especialment exigent.<\/p>\n<h4>Villena CF -CD D\u00e9nia (Diumenge 16:30)<\/h4>\n<p class=\"isSelectedEnd\">El <strong>CD D\u00e9nia<\/strong> iniciar\u00e0 la competici\u00f3 aquest diumenge a les <strong>16:30 hores<\/strong> al camp <strong>La Solana de Villena<\/strong>, on s&#039;enfrontar\u00e0 a un rival que exigir\u00e0 el m\u00e0xim nivell competitiu des del primer minut. La trobada estar\u00e0 dirigida pel col\u00b7legiat <strong>Manuel Castell\u00f3<\/strong>.<\/p>\n<p class=\"isSelectedEnd\">El t\u00e8cnic denier, <strong>Jos\u00e9 Cabe<\/strong>, afronta l&#039;estrena amb confian\u00e7a i optimisme despr\u00e9s de comprovar l&#039;evoluci\u00f3 de la plantilla durant la pretemporada. L&#039;entrenador t\u00e9 definit el dibuix t\u00e0ctic que vol fer servir i compta amb un bloc ben armat que ser\u00e0 la base de l&#039;onze inicial.<\/p>\n<p class=\"isSelectedEnd\">Tot i aix\u00f2, Cabe mant\u00e9 certa preocupaci\u00f3 per l&#039;estat f\u00edsic d&#039;alguns jugadors que han arrossegat mol\u00e8sties durant les \u00faltimes setmanes. El cos t\u00e8cnic esperar\u00e0 fins a l&#039;\u00faltim moment per con\u00e8ixer la disponibilitat de tots els futbolistes.<\/p>\n<p>El CD D\u00e9nia cercar\u00e0 comen\u00e7ar la temporada amb una vict\u00f2ria que confirmi les bones sensacions generades durant la preparaci\u00f3.<\/p>\n<p>&nbsp;<\/p>\n<p><script src=\"chrome-extension:\/\/flbolonkboilcbnohjlchlfgdalomdpl\/iFrame.js\" type=\"text\/javascript\"><\/script><\/p>","protected":false},"excerpt":{"rendered":"<p>La temporada comienza en Primera FFCV con una jornada exigente para los equipos de la Marina Alta. El FB Teulada ser\u00e1 el \u00fanico conjunto de la comarca que jugar\u00e1 ante su afici\u00f3n, con la visita del potente Novelda CF. El CD D\u00e9nia y el Pego CF afrontar\u00e1n complicados desplazamientos a Villena y Villajoyosa, respectivamente. FB [&#8230;]<\/p>\n<p><a class=\"btn btn-secondary understrap-read-more-link\" href=\"https:\/\/radiolitoral.com\/ca\/2026\/09\/primera-ffcv-el-fb-teulada-recibe-al-potente-novelda-cf\/\">Continua llegint&#8230;<span class=\"screen-reader-text\"> from Primera FFCV: El FB Teulada recibe al potente Novelda CF<\/span><\/a><\/p>\n","protected":false},"author":12,"featured_media":20959,"comment_status":"open","ping_status":"closed","sticky":false,"template":"","format":"standard","meta":{"_acf_changed":false,"inline_featured_image":false,"footnotes":""},"categories":[5],"tags":[],"class_list":["post-20958","post","type-post","status-publish","format-standard","has-post-thumbnail","hentry","category-deportes","cobertura-marina-alta"],"acf":[],"yoast_head":"<!-- This site is optimized with the Yoast SEO plugin v28.4 - https:\/\/yoast.com\/product\/yoast-seo-wordpress\/ -->\n<title>Primera FFCV: El FB Teulada recibe al potente Novelda CF | R\u00e0dio Litoral<\/title>\n<meta name=\"description\" content=\"El CD D\u00e9nia visita el campo del Villena CF y el Pego CF viaja a VillajoyosaEl CD D\u00e9nia visita el campo del Villena CF y el Pego CF viaja a Villajoyosa\" \/>\n<meta name=\"robots\" content=\"index, follow, max-snippet:-1, max-image-preview:large, max-video-preview:-1\" \/>\n<link rel=\"canonical\" href=\"https:\/\/radiolitoral.com\/ca\/2026\/09\/primera-ffcv-el-fb-teulada-rep-el-potent-novel\u00b7la-cf\/\" \/>\n<meta property=\"og:locale\" content=\"ca_ES\" \/>\n<meta property=\"og:type\" content=\"article\" \/>\n<meta property=\"og:title\" content=\"Primera FFCV: El FB Teulada recibe al potente Novelda CF | R\u00e0dio Litoral\" \/>\n<meta property=\"og:description\" content=\"El CD D\u00e9nia visita el campo del Villena CF y el Pego CF viaja a VillajoyosaEl CD D\u00e9nia visita el campo del Villena CF y el Pego CF viaja a Villajoyosa\" \/>\n<meta property=\"og:url\" content=\"https:\/\/radiolitoral.com\/ca\/2026\/09\/primera-ffcv-el-fb-teulada-rep-el-potent-novel\u00b7la-cf\/\" \/>\n<meta property=\"og:site_name\" content=\"R\u00e0dio Litoral\" \/>\n<meta property=\"article:publisher\" content=\"https:\/\/www.facebook.com\/Laradiolitoral\/\" \/>\n<meta property=\"article:published_time\" content=\"2026-09-04T10:03:31+00:00\" \/>\n<meta property=\"og:image\" content=\"https:\/\/media.radiolitoral.com\/wp-content\/uploads\/2026\/09\/04120256\/Once-del-FB-Teulada-en-un-partido.jpg\" \/>\n\t<meta property=\"og:image:width\" content=\"1687\" \/>\n\t<meta property=\"og:image:height\" content=\"1088\" \/>\n\t<meta property=\"og:image:type\" content=\"image\/jpeg\" \/>\n<meta name=\"author\" content=\"Javier Zamora\" \/>\n<meta name=\"twitter:card\" content=\"summary_large_image\" \/>\n<meta name=\"twitter:label1\" content=\"Escrit per\" \/>\n\t<meta name=\"twitter:data1\" content=\"Javier Zamora\" \/>\n\t<meta name=\"twitter:label2\" content=\"Temps estimat de lectura\" \/>\n\t<meta name=\"twitter:data2\" content=\"3 minuts\" \/>\n<script type=\"application\/ld+json\" class=\"yoast-schema-graph\">{\"@context\":\"https:\\\/\\\/schema.org\",\"@graph\":[{\"@type\":\"NewsArticle\",\"@id\":\"https:\\\/\\\/radiolitoral.com\\\/2026\\\/09\\\/primera-ffcv-el-fb-teulada-recibe-al-potente-novelda-cf\\\/#article\",\"isPartOf\":{\"@id\":\"https:\\\/\\\/radiolitoral.com\\\/2026\\\/09\\\/primera-ffcv-el-fb-teulada-recibe-al-potente-novelda-cf\\\/\"},\"author\":{\"name\":\"Javier Zamora\",\"@id\":\"https:\\\/\\\/radiolitoral.com\\\/#\\\/schema\\\/person\\\/7b1480b5caeb5acdd4ec6379caf62b22\"},\"headline\":\"Primera FFCV: El FB Teulada recibe al potente Novelda CF\",\"datePublished\":\"2026-09-04T10:03:31+00:00\",\"mainEntityOfPage\":{\"@id\":\"https:\\\/\\\/radiolitoral.com\\\/2026\\\/09\\\/primera-ffcv-el-fb-teulada-recibe-al-potente-novelda-cf\\\/\"},\"wordCount\":531,\"commentCount\":0,\"publisher\":{\"@id\":\"https:\\\/\\\/radiolitoral.com\\\/#organization\"},\"image\":{\"@id\":\"https:\\\/\\\/radiolitoral.com\\\/2026\\\/09\\\/primera-ffcv-el-fb-teulada-recibe-al-potente-novelda-cf\\\/#primaryimage\"},\"thumbnailUrl\":\"https:\\\/\\\/media.radiolitoral.com\\\/wp-content\\\/uploads\\\/2026\\\/09\\\/04120256\\\/Once-del-FB-Teulada-en-un-partido.jpg\",\"articleSection\":[\"Deportes\"],\"inLanguage\":\"ca\",\"potentialAction\":[{\"@type\":\"CommentAction\",\"name\":\"Comment\",\"target\":[\"https:\\\/\\\/radiolitoral.com\\\/2026\\\/09\\\/primera-ffcv-el-fb-teulada-recibe-al-potente-novelda-cf\\\/#respond\"]}]},{\"@type\":[\"WebPage\",\"ItemPage\"],\"@id\":\"https:\\\/\\\/radiolitoral.com\\\/2026\\\/09\\\/primera-ffcv-el-fb-teulada-recibe-al-potente-novelda-cf\\\/\",\"url\":\"https:\\\/\\\/radiolitoral.com\\\/2026\\\/09\\\/primera-ffcv-el-fb-teulada-recibe-al-potente-novelda-cf\\\/\",\"name\":\"Primera FFCV: El FB Teulada recibe al potente Novelda CF | R\u00e0dio Litoral\",\"isPartOf\":{\"@id\":\"https:\\\/\\\/radiolitoral.com\\\/#website\"},\"primaryImageOfPage\":{\"@id\":\"https:\\\/\\\/radiolitoral.com\\\/2026\\\/09\\\/primera-ffcv-el-fb-teulada-recibe-al-potente-novelda-cf\\\/#primaryimage\"},\"image\":{\"@id\":\"https:\\\/\\\/radiolitoral.com\\\/2026\\\/09\\\/primera-ffcv-el-fb-teulada-recibe-al-potente-novelda-cf\\\/#primaryimage\"},\"thumbnailUrl\":\"https:\\\/\\\/media.radiolitoral.com\\\/wp-content\\\/uploads\\\/2026\\\/09\\\/04120256\\\/Once-del-FB-Teulada-en-un-partido.jpg\",\"datePublished\":\"2026-09-04T10:03:31+00:00\",\"description\":\"El CD D\u00e9nia visita el campo del Villena CF y el Pego CF viaja a VillajoyosaEl CD D\u00e9nia visita el campo del Villena CF y el Pego CF viaja a Villajoyosa\",\"breadcrumb\":{\"@id\":\"https:\\\/\\\/radiolitoral.com\\\/2026\\\/09\\\/primera-ffcv-el-fb-teulada-recibe-al-potente-novelda-cf\\\/#breadcrumb\"},\"inLanguage\":\"ca\",\"potentialAction\":[{\"@type\":\"ReadAction\",\"target\":[\"https:\\\/\\\/radiolitoral.com\\\/2026\\\/09\\\/primera-ffcv-el-fb-teulada-recibe-al-potente-novelda-cf\\\/\"]}]},{\"@type\":\"ImageObject\",\"inLanguage\":\"ca\",\"@id\":\"https:\\\/\\\/radiolitoral.com\\\/2026\\\/09\\\/primera-ffcv-el-fb-teulada-recibe-al-potente-novelda-cf\\\/#primaryimage\",\"url\":\"https:\\\/\\\/media.radiolitoral.com\\\/wp-content\\\/uploads\\\/2026\\\/09\\\/04120256\\\/Once-del-FB-Teulada-en-un-partido.jpg\",\"contentUrl\":\"https:\\\/\\\/media.radiolitoral.com\\\/wp-content\\\/uploads\\\/2026\\\/09\\\/04120256\\\/Once-del-FB-Teulada-en-un-partido.jpg\",\"width\":1687,\"height\":1088},{\"@type\":\"BreadcrumbList\",\"@id\":\"https:\\\/\\\/radiolitoral.com\\\/2026\\\/09\\\/primera-ffcv-el-fb-teulada-recibe-al-potente-novelda-cf\\\/#breadcrumb\",\"itemListElement\":[{\"@type\":\"ListItem\",\"position\":1,\"name\":\"Portada\",\"item\":\"https:\\\/\\\/radiolitoral.com\\\/\"},{\"@type\":\"ListItem\",\"position\":2,\"name\":\"Primera FFCV: El FB Teulada recibe al potente Novelda CF\"}]},{\"@type\":\"WebSite\",\"@id\":\"https:\\\/\\\/radiolitoral.com\\\/#website\",\"url\":\"https:\\\/\\\/radiolitoral.com\\\/\",\"name\":\"Radio Litoral\",\"description\":\"La radio local de la Marina Alta\",\"publisher\":{\"@id\":\"https:\\\/\\\/radiolitoral.com\\\/#organization\"},\"alternateName\":\"Litoral FM\",\"potentialAction\":[{\"@type\":\"SearchAction\",\"target\":{\"@type\":\"EntryPoint\",\"urlTemplate\":\"https:\\\/\\\/radiolitoral.com\\\/?s={search_term_string}\"},\"query-input\":{\"@type\":\"PropertyValueSpecification\",\"valueRequired\":true,\"valueName\":\"search_term_string\"}}],\"inLanguage\":\"ca\"},{\"@type\":\"Organization\",\"@id\":\"https:\\\/\\\/radiolitoral.com\\\/#organization\",\"name\":\"Radio Litoral\",\"url\":\"https:\\\/\\\/radiolitoral.com\\\/\",\"logo\":{\"@type\":\"ImageObject\",\"inLanguage\":\"ca\",\"@id\":\"https:\\\/\\\/radiolitoral.com\\\/#\\\/schema\\\/logo\\\/image\\\/\",\"url\":\"https:\\\/\\\/media.radiolitoral.com\\\/wp-content\\\/uploads\\\/2023\\\/02\\\/24143238\\\/CL-V-RadioLitoral696.png\",\"contentUrl\":\"https:\\\/\\\/media.radiolitoral.com\\\/wp-content\\\/uploads\\\/2023\\\/02\\\/24143238\\\/CL-V-RadioLitoral696.png\",\"width\":696,\"height\":696,\"caption\":\"Radio Litoral\"},\"image\":{\"@id\":\"https:\\\/\\\/radiolitoral.com\\\/#\\\/schema\\\/logo\\\/image\\\/\"},\"sameAs\":[\"https:\\\/\\\/www.facebook.com\\\/Laradiolitoral\\\/\"]},{\"@type\":\"Person\",\"@id\":\"https:\\\/\\\/radiolitoral.com\\\/#\\\/schema\\\/person\\\/7b1480b5caeb5acdd4ec6379caf62b22\",\"name\":\"Javier Zamora\",\"image\":{\"@type\":\"ImageObject\",\"inLanguage\":\"ca\",\"@id\":\"https:\\\/\\\/secure.gravatar.com\\\/avatar\\\/467a11f6918c7d619c4043fc6fa2d3853053107973f05b6e9c04ea6c4e3a7b3f?s=96&d=mm&r=g\",\"url\":\"https:\\\/\\\/secure.gravatar.com\\\/avatar\\\/467a11f6918c7d619c4043fc6fa2d3853053107973f05b6e9c04ea6c4e3a7b3f?s=96&d=mm&r=g\",\"contentUrl\":\"https:\\\/\\\/secure.gravatar.com\\\/avatar\\\/467a11f6918c7d619c4043fc6fa2d3853053107973f05b6e9c04ea6c4e3a7b3f?s=96&d=mm&r=g\",\"caption\":\"Javier Zamora\"},\"url\":\"https:\\\/\\\/radiolitoral.com\\\/ca\\\/author\\\/javier-zamora\\\/\"}]}<\/script>\n<!-- \/ Yoast SEO plugin. -->","yoast_head_json":{"title":"Primera FFCV: L&#039;FB Teulada rep el potent Novelda CF | R\u00e0dio Litoral","description":"El CD D\u00e9nia visita el camp del Villena CF i el Pego CF viatja a la Vila JoiosaEl CD D\u00e9nia visita el camp del Villena CF i el Pego CF viatja a la Vila Joiosa","robots":{"index":"index","follow":"follow","max-snippet":"max-snippet:-1","max-image-preview":"max-image-preview:large","max-video-preview":"max-video-preview:-1"},"canonical":"https:\/\/radiolitoral.com\/ca\/2026\/09\/primera-ffcv-el-fb-teulada-rep-el-potent-novel\u00b7la-cf\/","og_locale":"ca_ES","og_type":"article","og_title":"Primera FFCV: El FB Teulada recibe al potente Novelda CF | R\u00e0dio Litoral","og_description":"El CD D\u00e9nia visita el campo del Villena CF y el Pego CF viaja a VillajoyosaEl CD D\u00e9nia visita el campo del Villena CF y el Pego CF viaja a Villajoyosa","og_url":"https:\/\/radiolitoral.com\/ca\/2026\/09\/primera-ffcv-el-fb-teulada-rep-el-potent-novel\u00b7la-cf\/","og_site_name":"R\u00e0dio Litoral","article_publisher":"https:\/\/www.facebook.com\/Laradiolitoral\/","article_published_time":"2026-09-04T10:03:31+00:00","og_image":[{"width":1687,"height":1088,"url":"https:\/\/media.radiolitoral.com\/wp-content\/uploads\/2026\/09\/04120256\/Once-del-FB-Teulada-en-un-partido.jpg","type":"image\/jpeg"}],"author":"Javier Zamora","twitter_card":"summary_large_image","twitter_misc":{"Escrit per":"Javier Zamora","Temps estimat de lectura":"3 minuts"},"schema":{"@context":"https:\/\/schema.org","@graph":[{"@type":"NewsArticle","@id":"https:\/\/radiolitoral.com\/2026\/09\/primera-ffcv-el-fb-teulada-recibe-al-potente-novelda-cf\/#article","isPartOf":{"@id":"https:\/\/radiolitoral.com\/2026\/09\/primera-ffcv-el-fb-teulada-recibe-al-potente-novelda-cf\/"},"author":{"name":"Javier Zamora","@id":"https:\/\/radiolitoral.com\/#\/schema\/person\/7b1480b5caeb5acdd4ec6379caf62b22"},"headline":"Primera FFCV: El FB Teulada recibe al potente Novelda CF","datePublished":"2026-09-04T10:03:31+00:00","mainEntityOfPage":{"@id":"https:\/\/radiolitoral.com\/2026\/09\/primera-ffcv-el-fb-teulada-recibe-al-potente-novelda-cf\/"},"wordCount":531,"commentCount":0,"publisher":{"@id":"https:\/\/radiolitoral.com\/#organization"},"image":{"@id":"https:\/\/radiolitoral.com\/2026\/09\/primera-ffcv-el-fb-teulada-recibe-al-potente-novelda-cf\/#primaryimage"},"thumbnailUrl":"https:\/\/media.radiolitoral.com\/wp-content\/uploads\/2026\/09\/04120256\/Once-del-FB-Teulada-en-un-partido.jpg","articleSection":["Deportes"],"inLanguage":"ca","potentialAction":[{"@type":"CommentAction","name":"Comment","target":["https:\/\/radiolitoral.com\/2026\/09\/primera-ffcv-el-fb-teulada-recibe-al-potente-novelda-cf\/#respond"]}]},{"@type":["WebPage","ItemPage"],"@id":"https:\/\/radiolitoral.com\/2026\/09\/primera-ffcv-el-fb-teulada-recibe-al-potente-novelda-cf\/","url":"https:\/\/radiolitoral.com\/2026\/09\/primera-ffcv-el-fb-teulada-recibe-al-potente-novelda-cf\/","name":"Primera FFCV: L&#039;FB Teulada rep el potent Novelda CF | R\u00e0dio Litoral","isPartOf":{"@id":"https:\/\/radiolitoral.com\/#website"},"primaryImageOfPage":{"@id":"https:\/\/radiolitoral.com\/2026\/09\/primera-ffcv-el-fb-teulada-recibe-al-potente-novelda-cf\/#primaryimage"},"image":{"@id":"https:\/\/radiolitoral.com\/2026\/09\/primera-ffcv-el-fb-teulada-recibe-al-potente-novelda-cf\/#primaryimage"},"thumbnailUrl":"https:\/\/media.radiolitoral.com\/wp-content\/uploads\/2026\/09\/04120256\/Once-del-FB-Teulada-en-un-partido.jpg","datePublished":"2026-09-04T10:03:31+00:00","description":"El CD D\u00e9nia visita el camp del Villena CF i el Pego CF viatja a la Vila JoiosaEl CD D\u00e9nia visita el camp del Villena CF i el Pego CF viatja a la Vila Joiosa","breadcrumb":{"@id":"https:\/\/radiolitoral.com\/2026\/09\/primera-ffcv-el-fb-teulada-recibe-al-potente-novelda-cf\/#breadcrumb"},"inLanguage":"ca","potentialAction":[{"@type":"ReadAction","target":["https:\/\/radiolitoral.com\/2026\/09\/primera-ffcv-el-fb-teulada-recibe-al-potente-novelda-cf\/"]}]},{"@type":"ImageObject","inLanguage":"ca","@id":"https:\/\/radiolitoral.com\/2026\/09\/primera-ffcv-el-fb-teulada-recibe-al-potente-novelda-cf\/#primaryimage","url":"https:\/\/media.radiolitoral.com\/wp-content\/uploads\/2026\/09\/04120256\/Once-del-FB-Teulada-en-un-partido.jpg","contentUrl":"https:\/\/media.radiolitoral.com\/wp-content\/uploads\/2026\/09\/04120256\/Once-del-FB-Teulada-en-un-partido.jpg","width":1687,"height":1088},{"@type":"BreadcrumbList","@id":"https:\/\/radiolitoral.com\/2026\/09\/primera-ffcv-el-fb-teulada-recibe-al-potente-novelda-cf\/#breadcrumb","itemListElement":[{"@type":"ListItem","position":1,"name":"Portada","item":"https:\/\/radiolitoral.com\/"},{"@type":"ListItem","position":2,"name":"Primera FFCV: El FB Teulada recibe al potente Novelda CF"}]},{"@type":"WebSite","@id":"https:\/\/radiolitoral.com\/#website","url":"https:\/\/radiolitoral.com\/","name":"R\u00e0dio Litoral","description":"La r\u00e0dio local de la Marina Alta","publisher":{"@id":"https:\/\/radiolitoral.com\/#organization"},"alternateName":"Litoral FM","potentialAction":[{"@type":"SearchAction","target":{"@type":"EntryPoint","urlTemplate":"https:\/\/radiolitoral.com\/?s={search_term_string}"},"query-input":{"@type":"PropertyValueSpecification","valueRequired":true,"valueName":"search_term_string"}}],"inLanguage":"ca"},{"@type":"Organization","@id":"https:\/\/radiolitoral.com\/#organization","name":"R\u00e0dio Litoral","url":"https:\/\/radiolitoral.com\/","logo":{"@type":"ImageObject","inLanguage":"ca","@id":"https:\/\/radiolitoral.com\/#\/schema\/logo\/image\/","url":"https:\/\/media.radiolitoral.com\/wp-content\/uploads\/2023\/02\/24143238\/CL-V-RadioLitoral696.png","contentUrl":"https:\/\/media.radiolitoral.com\/wp-content\/uploads\/2023\/02\/24143238\/CL-V-RadioLitoral696.png","width":696,"height":696,"caption":"Radio Litoral"},"image":{"@id":"https:\/\/radiolitoral.com\/#\/schema\/logo\/image\/"},"sameAs":["https:\/\/www.facebook.com\/Laradiolitoral\/"]},{"@type":"Person","@id":"https:\/\/radiolitoral.com\/#\/schema\/person\/7b1480b5caeb5acdd4ec6379caf62b22","name":"Javier Zamora","image":{"@type":"ImageObject","inLanguage":"ca","@id":"https:\/\/secure.gravatar.com\/avatar\/467a11f6918c7d619c4043fc6fa2d3853053107973f05b6e9c04ea6c4e3a7b3f?s=96&d=mm&r=g","url":"https:\/\/secure.gravatar.com\/avatar\/467a11f6918c7d619c4043fc6fa2d3853053107973f05b6e9c04ea6c4e3a7b3f?s=96&d=mm&r=g","contentUrl":"https:\/\/secure.gravatar.com\/avatar\/467a11f6918c7d619c4043fc6fa2d3853053107973f05b6e9c04ea6c4e3a7b3f?s=96&d=mm&r=g","caption":"Javier Zamora"},"url":"https:\/\/radiolitoral.com\/ca\/author\/javier-zamora\/"}]}},"_links":{"self":[{"href":"https:\/\/radiolitoral.com\/ca\/wp-json\/wp\/v2\/posts\/20958","targetHints":{"allow":["GET"]}}],"collection":[{"href":"https:\/\/radiolitoral.com\/ca\/wp-json\/wp\/v2\/posts"}],"about":[{"href":"https:\/\/radiolitoral.com\/ca\/wp-json\/wp\/v2\/types\/post"}],"author":[{"embeddable":true,"href":"https:\/\/radiolitoral.com\/ca\/wp-json\/wp\/v2\/users\/12"}],"replies":[{"embeddable":true,"href":"https:\/\/radiolitoral.com\/ca\/wp-json\/wp\/v2\/comments?post=20958"}],"version-history":[{"count":2,"href":"https:\/\/radiolitoral.com\/ca\/wp-json\/wp\/v2\/posts\/20958\/revisions"}],"predecessor-version":[{"id":20961,"href":"https:\/\/radiolitoral.com\/ca\/wp-json\/wp\/v2\/posts\/20958\/revisions\/20961"}],"wp:featuredmedia":[{"embeddable":true,"href":"https:\/\/radiolitoral.com\/ca\/wp-json\/wp\/v2\/media\/20959"}],"wp:attachment":[{"href":"https:\/\/radiolitoral.com\/ca\/wp-json\/wp\/v2\/media?parent=20958"}],"wp:term":[{"taxonomy":"category","embeddable":true,"href":"https:\/\/radiolitoral.com\/ca\/wp-json\/wp\/v2\/categories?post=20958"},{"taxonomy":"post_tag","embeddable":true,"href":"https:\/\/radiolitoral.com\/ca\/wp-json\/wp\/v2\/tags?post=20958"}],"curies":[{"name":"wp","href":"https:\/\/api.w.org\/{rel}","templated":true}]}}