{"id":20953,"date":"2026-09-04T11:56:13","date_gmt":"2026-09-04T09:56:13","guid":{"rendered":"https:\/\/radiolitoral.com\/?p=20953"},"modified":"2026-09-04T11:56:13","modified_gmt":"2026-09-04T09:56:13","slug":"lliga-comunitat-la-ud-calp-debuta-en-vermells","status":"publish","type":"post","link":"https:\/\/radiolitoral.com\/ca\/2026\/09\/lliga-comunitat-la-ud-calpe-debuta-en-rojales\/","title":{"rendered":"Lliga Comunitat: La UD Calp debuta a Rojales"},"content":{"rendered":"<p>Aquest cap de setmana s&#039;inicia la competici\u00f3 a la categoria de <strong>Lliga Comunitat<\/strong>, amb partits complicats per a les dues formacions de la Marina Alta. El<strong> CD X\u00e0bia<\/strong> visita al <strong>Benidorm CF<\/strong>, mentre que la <strong>UD Calp<\/strong> viatjar\u00e0 a Rojals per mesurar-se al <strong>CD Thader<\/strong>.<\/p>\n<h4>CD Thader \u2013 UD Calp (Diumenge 11:30 H)<\/h4>\n<p>La UD Calp debuta en lliga visitant Rojales per enfrontar-se al CD Thader, en un xoc a jugar diumenge, al camp municipal, a les 11.30 hores. Aquest partit comptar\u00e0 amb l&#039;arbitratge de Mario Bailen.<\/p>\n<p>El combinat que dirigeix <strong>Pedro Perles<\/strong> arriba en un bon moment, els seus resultats a la pretemporada fa que es tingui confian\u00e7a a treure alguna cosa positiva en aquesta sortida.<\/p>\n<p>Els nous jugadors que s&#039;han incorporat a la plantilla l&#039;han enfortit, ara la missi\u00f3 de l&#039;entrenador \u00e9s intentar treure el m\u00e0xim rendiment a cadascun. L&#039;avantatge amb qu\u00e8 parteix l&#039;equip de Perles \u00e9s que mant\u00e9 el seu esquema de joc i un bloc compacte que juga de mem\u00f2ria.<\/p>\n<p>Totes les sortides aquesta temporada seran complicades per a tots els equips, cadascuna de les formacions busquen fer-se forts en els seus propis feus conscients de la import\u00e0ncia que t\u00e9 no deixar-se punts com a locals.<\/p>\n<h4>Benidorm CF \u2013 CD X\u00e0bia (Diumenge 12 H)<\/h4>\n<p class=\"isSelectedEnd\">El <strong>CD X\u00e0bia<\/strong> ja t\u00e9 la mirada posada en el primer comprom\u00eds oficial de la temporada. El conjunt blanc-i-vermell debutar\u00e0 aquest diumenge a les <strong>12:00 hores<\/strong> al camp <strong>Guillem Amor de Benidorm<\/strong>, on es mesurar\u00e0 a un dels equips cridats a lluitar pels llocs de privilegi a la <strong>Lliga Comunitat<\/strong>.<\/p>\n<p class=\"isSelectedEnd\">Despr\u00e9s d&#039;una intensa pretemporada, l&#039;equip dirigit per <strong>Juliol Ivorra<\/strong> arriba a l&#039;estrena de lliga amb alguns jugadors pendents de recuperaci\u00f3. L&#039;acumulaci\u00f3 de partits ha passat factura i al darrer amist\u00f3s el t\u00e8cnic no va poder comptar amb futbolistes importants com <strong>Ruano, Pablo, Adri\u00e1n i Meji<\/strong>.<\/p>\n<p class=\"isSelectedEnd\">Durant aquests dies, l&#039;objectiu ha estat recuperar efectius per afrontar amb les m\u00e0ximes garanties una primera jornada exigent.<\/p>\n<p><script src=\"chrome-extension:\/\/flbolonkboilcbnohjlchlfgdalomdpl\/iFrame.js\" type=\"text\/javascript\"><\/script><\/p>","protected":false},"excerpt":{"rendered":"<p>Este fin de semana se inicia la competici\u00f3n en la categor\u00eda de Lliga Comunitat, con partidos complicados para las dos formaciones de la Marina Alta. El CD J\u00e1vea visita al Benidorm CF, mientras que la UD Calpe viajar\u00e1 a Rojales para medirse al CD Thader. CD Thader &#8211; UD Calpe (Domingo 11:30 H) La UD [&#8230;]<\/p>\n<p><a class=\"btn btn-secondary understrap-read-more-link\" href=\"https:\/\/radiolitoral.com\/ca\/2026\/09\/lliga-comunitat-la-ud-calpe-debuta-en-rojales\/\">Continua llegint&#8230;<span class=\"screen-reader-text\"> from Lliga Comunitat: La UD Calpe debuta en Rojales<\/span><\/a><\/p>\n","protected":false},"author":12,"featured_media":20954,"comment_status":"open","ping_status":"closed","sticky":false,"template":"","format":"standard","meta":{"_acf_changed":false,"inline_featured_image":false,"footnotes":""},"categories":[5],"tags":[5420,1332,1590,1503,1071,1871,889],"class_list":["post-20953","post","type-post","status-publish","format-standard","has-post-thumbnail","hentry","category-deportes","tag-benidorm-cf","tag-cd-javea","tag-cd-thader","tag-julio-ivorra","tag-lliga-comunitat","tag-pedro-perles","tag-ud-calpe","cobertura-calp"],"acf":[],"yoast_head":"<!-- This site is optimized with the Yoast SEO plugin v28.4 - https:\/\/yoast.com\/product\/yoast-seo-wordpress\/ -->\n<title>Lliga Comunitat: La UD Calpe debuta en Rojales | R\u00e0dio Litoral<\/title>\n<meta name=\"description\" content=\"Partidos matinales para los calpinos y para el CD J\u00e1vea que se mide al potente Benidorm CFPartidos matinales para los calpinos y para el CD J\u00e1vea que se mide al potente Benidorm CF\" \/>\n<meta name=\"robots\" content=\"index, follow, max-snippet:-1, max-image-preview:large, max-video-preview:-1\" \/>\n<link rel=\"canonical\" href=\"https:\/\/radiolitoral.com\/ca\/2026\/09\/lliga-comunitat-la-ud-calp-debuta-en-vermells\/\" \/>\n<meta property=\"og:locale\" content=\"ca_ES\" \/>\n<meta property=\"og:type\" content=\"article\" \/>\n<meta property=\"og:title\" content=\"Lliga Comunitat: La UD Calpe debuta en Rojales | R\u00e0dio Litoral\" \/>\n<meta property=\"og:description\" content=\"Partidos matinales para los calpinos y para el CD J\u00e1vea que se mide al potente Benidorm CFPartidos matinales para los calpinos y para el CD J\u00e1vea que se mide al potente Benidorm CF\" \/>\n<meta property=\"og:url\" content=\"https:\/\/radiolitoral.com\/ca\/2026\/09\/lliga-comunitat-la-ud-calp-debuta-en-vermells\/\" \/>\n<meta property=\"og:site_name\" content=\"R\u00e0dio Litoral\" \/>\n<meta property=\"article:publisher\" content=\"https:\/\/www.facebook.com\/Laradiolitoral\/\" \/>\n<meta property=\"article:published_time\" content=\"2026-09-04T09:56:13+00:00\" \/>\n<meta property=\"og:image\" content=\"https:\/\/media.radiolitoral.com\/wp-content\/uploads\/2026\/09\/04115551\/Pedro-Perles-con-sus-chicos-scaled.jpg\" \/>\n\t<meta property=\"og:image:width\" content=\"2560\" \/>\n\t<meta property=\"og:image:height\" content=\"1707\" \/>\n\t<meta property=\"og:image:type\" content=\"image\/jpeg\" \/>\n<meta name=\"author\" content=\"Javier Zamora\" \/>\n<meta name=\"twitter:card\" content=\"summary_large_image\" \/>\n<meta name=\"twitter:label1\" content=\"Escrit per\" \/>\n\t<meta name=\"twitter:data1\" content=\"Javier Zamora\" \/>\n\t<meta name=\"twitter:label2\" content=\"Temps estimat de lectura\" \/>\n\t<meta name=\"twitter:data2\" content=\"2 minuts\" \/>\n<script type=\"application\/ld+json\" class=\"yoast-schema-graph\">{\"@context\":\"https:\\\/\\\/schema.org\",\"@graph\":[{\"@type\":\"NewsArticle\",\"@id\":\"https:\\\/\\\/radiolitoral.com\\\/2026\\\/09\\\/lliga-comunitat-la-ud-calpe-debuta-en-rojales\\\/#article\",\"isPartOf\":{\"@id\":\"https:\\\/\\\/radiolitoral.com\\\/2026\\\/09\\\/lliga-comunitat-la-ud-calpe-debuta-en-rojales\\\/\"},\"author\":{\"name\":\"Javier Zamora\",\"@id\":\"https:\\\/\\\/radiolitoral.com\\\/#\\\/schema\\\/person\\\/7b1480b5caeb5acdd4ec6379caf62b22\"},\"headline\":\"Lliga Comunitat: La UD Calpe debuta en Rojales\",\"datePublished\":\"2026-09-04T09:56:13+00:00\",\"mainEntityOfPage\":{\"@id\":\"https:\\\/\\\/radiolitoral.com\\\/2026\\\/09\\\/lliga-comunitat-la-ud-calpe-debuta-en-rojales\\\/\"},\"wordCount\":356,\"commentCount\":0,\"publisher\":{\"@id\":\"https:\\\/\\\/radiolitoral.com\\\/#organization\"},\"image\":{\"@id\":\"https:\\\/\\\/radiolitoral.com\\\/2026\\\/09\\\/lliga-comunitat-la-ud-calpe-debuta-en-rojales\\\/#primaryimage\"},\"thumbnailUrl\":\"https:\\\/\\\/media.radiolitoral.com\\\/wp-content\\\/uploads\\\/2026\\\/09\\\/04115551\\\/Pedro-Perles-con-sus-chicos-scaled.jpg\",\"keywords\":[\"Benidorm CF\",\"CD J\u00e1vea\",\"CD\u00a0Thader\",\"Julio Ivorra\",\"Lliga Comunitat\",\"Pedro Perles\",\"UD Calpe\"],\"articleSection\":[\"Deportes\"],\"inLanguage\":\"ca\",\"potentialAction\":[{\"@type\":\"CommentAction\",\"name\":\"Comment\",\"target\":[\"https:\\\/\\\/radiolitoral.com\\\/2026\\\/09\\\/lliga-comunitat-la-ud-calpe-debuta-en-rojales\\\/#respond\"]}]},{\"@type\":[\"WebPage\",\"ItemPage\"],\"@id\":\"https:\\\/\\\/radiolitoral.com\\\/2026\\\/09\\\/lliga-comunitat-la-ud-calpe-debuta-en-rojales\\\/\",\"url\":\"https:\\\/\\\/radiolitoral.com\\\/2026\\\/09\\\/lliga-comunitat-la-ud-calpe-debuta-en-rojales\\\/\",\"name\":\"Lliga Comunitat: La UD Calpe debuta en Rojales | R\u00e0dio Litoral\",\"isPartOf\":{\"@id\":\"https:\\\/\\\/radiolitoral.com\\\/#website\"},\"primaryImageOfPage\":{\"@id\":\"https:\\\/\\\/radiolitoral.com\\\/2026\\\/09\\\/lliga-comunitat-la-ud-calpe-debuta-en-rojales\\\/#primaryimage\"},\"image\":{\"@id\":\"https:\\\/\\\/radiolitoral.com\\\/2026\\\/09\\\/lliga-comunitat-la-ud-calpe-debuta-en-rojales\\\/#primaryimage\"},\"thumbnailUrl\":\"https:\\\/\\\/media.radiolitoral.com\\\/wp-content\\\/uploads\\\/2026\\\/09\\\/04115551\\\/Pedro-Perles-con-sus-chicos-scaled.jpg\",\"datePublished\":\"2026-09-04T09:56:13+00:00\",\"description\":\"Partidos matinales para los calpinos y para el CD J\u00e1vea que se mide al potente Benidorm CFPartidos matinales para los calpinos y para el CD J\u00e1vea que se mide al potente Benidorm CF\",\"breadcrumb\":{\"@id\":\"https:\\\/\\\/radiolitoral.com\\\/2026\\\/09\\\/lliga-comunitat-la-ud-calpe-debuta-en-rojales\\\/#breadcrumb\"},\"inLanguage\":\"ca\",\"potentialAction\":[{\"@type\":\"ReadAction\",\"target\":[\"https:\\\/\\\/radiolitoral.com\\\/2026\\\/09\\\/lliga-comunitat-la-ud-calpe-debuta-en-rojales\\\/\"]}]},{\"@type\":\"ImageObject\",\"inLanguage\":\"ca\",\"@id\":\"https:\\\/\\\/radiolitoral.com\\\/2026\\\/09\\\/lliga-comunitat-la-ud-calpe-debuta-en-rojales\\\/#primaryimage\",\"url\":\"https:\\\/\\\/media.radiolitoral.com\\\/wp-content\\\/uploads\\\/2026\\\/09\\\/04115551\\\/Pedro-Perles-con-sus-chicos-scaled.jpg\",\"contentUrl\":\"https:\\\/\\\/media.radiolitoral.com\\\/wp-content\\\/uploads\\\/2026\\\/09\\\/04115551\\\/Pedro-Perles-con-sus-chicos-scaled.jpg\",\"width\":2560,\"height\":1707},{\"@type\":\"BreadcrumbList\",\"@id\":\"https:\\\/\\\/radiolitoral.com\\\/2026\\\/09\\\/lliga-comunitat-la-ud-calpe-debuta-en-rojales\\\/#breadcrumb\",\"itemListElement\":[{\"@type\":\"ListItem\",\"position\":1,\"name\":\"Portada\",\"item\":\"https:\\\/\\\/radiolitoral.com\\\/\"},{\"@type\":\"ListItem\",\"position\":2,\"name\":\"Lliga Comunitat: La UD Calpe debuta en Rojales\"}]},{\"@type\":\"WebSite\",\"@id\":\"https:\\\/\\\/radiolitoral.com\\\/#website\",\"url\":\"https:\\\/\\\/radiolitoral.com\\\/\",\"name\":\"Radio Litoral\",\"description\":\"La radio local de la Marina Alta\",\"publisher\":{\"@id\":\"https:\\\/\\\/radiolitoral.com\\\/#organization\"},\"alternateName\":\"Litoral FM\",\"potentialAction\":[{\"@type\":\"SearchAction\",\"target\":{\"@type\":\"EntryPoint\",\"urlTemplate\":\"https:\\\/\\\/radiolitoral.com\\\/?s={search_term_string}\"},\"query-input\":{\"@type\":\"PropertyValueSpecification\",\"valueRequired\":true,\"valueName\":\"search_term_string\"}}],\"inLanguage\":\"ca\"},{\"@type\":\"Organization\",\"@id\":\"https:\\\/\\\/radiolitoral.com\\\/#organization\",\"name\":\"Radio Litoral\",\"url\":\"https:\\\/\\\/radiolitoral.com\\\/\",\"logo\":{\"@type\":\"ImageObject\",\"inLanguage\":\"ca\",\"@id\":\"https:\\\/\\\/radiolitoral.com\\\/#\\\/schema\\\/logo\\\/image\\\/\",\"url\":\"https:\\\/\\\/media.radiolitoral.com\\\/wp-content\\\/uploads\\\/2023\\\/02\\\/24143238\\\/CL-V-RadioLitoral696.png\",\"contentUrl\":\"https:\\\/\\\/media.radiolitoral.com\\\/wp-content\\\/uploads\\\/2023\\\/02\\\/24143238\\\/CL-V-RadioLitoral696.png\",\"width\":696,\"height\":696,\"caption\":\"Radio Litoral\"},\"image\":{\"@id\":\"https:\\\/\\\/radiolitoral.com\\\/#\\\/schema\\\/logo\\\/image\\\/\"},\"sameAs\":[\"https:\\\/\\\/www.facebook.com\\\/Laradiolitoral\\\/\"]},{\"@type\":\"Person\",\"@id\":\"https:\\\/\\\/radiolitoral.com\\\/#\\\/schema\\\/person\\\/7b1480b5caeb5acdd4ec6379caf62b22\",\"name\":\"Javier Zamora\",\"image\":{\"@type\":\"ImageObject\",\"inLanguage\":\"ca\",\"@id\":\"https:\\\/\\\/secure.gravatar.com\\\/avatar\\\/467a11f6918c7d619c4043fc6fa2d3853053107973f05b6e9c04ea6c4e3a7b3f?s=96&d=mm&r=g\",\"url\":\"https:\\\/\\\/secure.gravatar.com\\\/avatar\\\/467a11f6918c7d619c4043fc6fa2d3853053107973f05b6e9c04ea6c4e3a7b3f?s=96&d=mm&r=g\",\"contentUrl\":\"https:\\\/\\\/secure.gravatar.com\\\/avatar\\\/467a11f6918c7d619c4043fc6fa2d3853053107973f05b6e9c04ea6c4e3a7b3f?s=96&d=mm&r=g\",\"caption\":\"Javier Zamora\"},\"url\":\"https:\\\/\\\/radiolitoral.com\\\/ca\\\/author\\\/javier-zamora\\\/\"}]}<\/script>\n<!-- \/ Yoast SEO plugin. -->","yoast_head_json":{"title":"Lliga Comunitat: La UD Calp debuta a Rojales | R\u00e0dio Litoral","description":"Partits matinals per als calpins i per al CD X\u00e0bia que es mesura al potent Benidorm CFPartits matinals per als calpins i per al CD X\u00e0bia que es mesura al potent Benidorm CF","robots":{"index":"index","follow":"follow","max-snippet":"max-snippet:-1","max-image-preview":"max-image-preview:large","max-video-preview":"max-video-preview:-1"},"canonical":"https:\/\/radiolitoral.com\/ca\/2026\/09\/lliga-comunitat-la-ud-calp-debuta-en-vermells\/","og_locale":"ca_ES","og_type":"article","og_title":"Lliga Comunitat: La UD Calpe debuta en Rojales | R\u00e0dio Litoral","og_description":"Partidos matinales para los calpinos y para el CD J\u00e1vea que se mide al potente Benidorm CFPartidos matinales para los calpinos y para el CD J\u00e1vea que se mide al potente Benidorm CF","og_url":"https:\/\/radiolitoral.com\/ca\/2026\/09\/lliga-comunitat-la-ud-calp-debuta-en-vermells\/","og_site_name":"R\u00e0dio Litoral","article_publisher":"https:\/\/www.facebook.com\/Laradiolitoral\/","article_published_time":"2026-09-04T09:56:13+00:00","og_image":[{"width":2560,"height":1707,"url":"https:\/\/media.radiolitoral.com\/wp-content\/uploads\/2026\/09\/04115551\/Pedro-Perles-con-sus-chicos-scaled.jpg","type":"image\/jpeg"}],"author":"Javier Zamora","twitter_card":"summary_large_image","twitter_misc":{"Escrit per":"Javier Zamora","Temps estimat de lectura":"2 minuts"},"schema":{"@context":"https:\/\/schema.org","@graph":[{"@type":"NewsArticle","@id":"https:\/\/radiolitoral.com\/2026\/09\/lliga-comunitat-la-ud-calpe-debuta-en-rojales\/#article","isPartOf":{"@id":"https:\/\/radiolitoral.com\/2026\/09\/lliga-comunitat-la-ud-calpe-debuta-en-rojales\/"},"author":{"name":"Javier Zamora","@id":"https:\/\/radiolitoral.com\/#\/schema\/person\/7b1480b5caeb5acdd4ec6379caf62b22"},"headline":"Lliga Comunitat: La UD Calpe debuta en Rojales","datePublished":"2026-09-04T09:56:13+00:00","mainEntityOfPage":{"@id":"https:\/\/radiolitoral.com\/2026\/09\/lliga-comunitat-la-ud-calpe-debuta-en-rojales\/"},"wordCount":356,"commentCount":0,"publisher":{"@id":"https:\/\/radiolitoral.com\/#organization"},"image":{"@id":"https:\/\/radiolitoral.com\/2026\/09\/lliga-comunitat-la-ud-calpe-debuta-en-rojales\/#primaryimage"},"thumbnailUrl":"https:\/\/media.radiolitoral.com\/wp-content\/uploads\/2026\/09\/04115551\/Pedro-Perles-con-sus-chicos-scaled.jpg","keywords":["Benidorm CF","CD J\u00e1vea","CD\u00a0Thader","Julio Ivorra","Lliga Comunitat","Pedro Perles","UD Calpe"],"articleSection":["Deportes"],"inLanguage":"ca","potentialAction":[{"@type":"CommentAction","name":"Comment","target":["https:\/\/radiolitoral.com\/2026\/09\/lliga-comunitat-la-ud-calpe-debuta-en-rojales\/#respond"]}]},{"@type":["WebPage","ItemPage"],"@id":"https:\/\/radiolitoral.com\/2026\/09\/lliga-comunitat-la-ud-calpe-debuta-en-rojales\/","url":"https:\/\/radiolitoral.com\/2026\/09\/lliga-comunitat-la-ud-calpe-debuta-en-rojales\/","name":"Lliga Comunitat: La UD Calp debuta a Rojales | R\u00e0dio Litoral","isPartOf":{"@id":"https:\/\/radiolitoral.com\/#website"},"primaryImageOfPage":{"@id":"https:\/\/radiolitoral.com\/2026\/09\/lliga-comunitat-la-ud-calpe-debuta-en-rojales\/#primaryimage"},"image":{"@id":"https:\/\/radiolitoral.com\/2026\/09\/lliga-comunitat-la-ud-calpe-debuta-en-rojales\/#primaryimage"},"thumbnailUrl":"https:\/\/media.radiolitoral.com\/wp-content\/uploads\/2026\/09\/04115551\/Pedro-Perles-con-sus-chicos-scaled.jpg","datePublished":"2026-09-04T09:56:13+00:00","description":"Partits matinals per als calpins i per al CD X\u00e0bia que es mesura al potent Benidorm CFPartits matinals per als calpins i per al CD X\u00e0bia que es mesura al potent Benidorm CF","breadcrumb":{"@id":"https:\/\/radiolitoral.com\/2026\/09\/lliga-comunitat-la-ud-calpe-debuta-en-rojales\/#breadcrumb"},"inLanguage":"ca","potentialAction":[{"@type":"ReadAction","target":["https:\/\/radiolitoral.com\/2026\/09\/lliga-comunitat-la-ud-calpe-debuta-en-rojales\/"]}]},{"@type":"ImageObject","inLanguage":"ca","@id":"https:\/\/radiolitoral.com\/2026\/09\/lliga-comunitat-la-ud-calpe-debuta-en-rojales\/#primaryimage","url":"https:\/\/media.radiolitoral.com\/wp-content\/uploads\/2026\/09\/04115551\/Pedro-Perles-con-sus-chicos-scaled.jpg","contentUrl":"https:\/\/media.radiolitoral.com\/wp-content\/uploads\/2026\/09\/04115551\/Pedro-Perles-con-sus-chicos-scaled.jpg","width":2560,"height":1707},{"@type":"BreadcrumbList","@id":"https:\/\/radiolitoral.com\/2026\/09\/lliga-comunitat-la-ud-calpe-debuta-en-rojales\/#breadcrumb","itemListElement":[{"@type":"ListItem","position":1,"name":"Portada","item":"https:\/\/radiolitoral.com\/"},{"@type":"ListItem","position":2,"name":"Lliga Comunitat: La UD Calpe debuta en Rojales"}]},{"@type":"WebSite","@id":"https:\/\/radiolitoral.com\/#website","url":"https:\/\/radiolitoral.com\/","name":"R\u00e0dio Litoral","description":"La r\u00e0dio local de la Marina Alta","publisher":{"@id":"https:\/\/radiolitoral.com\/#organization"},"alternateName":"Litoral FM","potentialAction":[{"@type":"SearchAction","target":{"@type":"EntryPoint","urlTemplate":"https:\/\/radiolitoral.com\/?s={search_term_string}"},"query-input":{"@type":"PropertyValueSpecification","valueRequired":true,"valueName":"search_term_string"}}],"inLanguage":"ca"},{"@type":"Organization","@id":"https:\/\/radiolitoral.com\/#organization","name":"R\u00e0dio Litoral","url":"https:\/\/radiolitoral.com\/","logo":{"@type":"ImageObject","inLanguage":"ca","@id":"https:\/\/radiolitoral.com\/#\/schema\/logo\/image\/","url":"https:\/\/media.radiolitoral.com\/wp-content\/uploads\/2023\/02\/24143238\/CL-V-RadioLitoral696.png","contentUrl":"https:\/\/media.radiolitoral.com\/wp-content\/uploads\/2023\/02\/24143238\/CL-V-RadioLitoral696.png","width":696,"height":696,"caption":"Radio Litoral"},"image":{"@id":"https:\/\/radiolitoral.com\/#\/schema\/logo\/image\/"},"sameAs":["https:\/\/www.facebook.com\/Laradiolitoral\/"]},{"@type":"Person","@id":"https:\/\/radiolitoral.com\/#\/schema\/person\/7b1480b5caeb5acdd4ec6379caf62b22","name":"Javier Zamora","image":{"@type":"ImageObject","inLanguage":"ca","@id":"https:\/\/secure.gravatar.com\/avatar\/467a11f6918c7d619c4043fc6fa2d3853053107973f05b6e9c04ea6c4e3a7b3f?s=96&d=mm&r=g","url":"https:\/\/secure.gravatar.com\/avatar\/467a11f6918c7d619c4043fc6fa2d3853053107973f05b6e9c04ea6c4e3a7b3f?s=96&d=mm&r=g","contentUrl":"https:\/\/secure.gravatar.com\/avatar\/467a11f6918c7d619c4043fc6fa2d3853053107973f05b6e9c04ea6c4e3a7b3f?s=96&d=mm&r=g","caption":"Javier Zamora"},"url":"https:\/\/radiolitoral.com\/ca\/author\/javier-zamora\/"}]}},"_links":{"self":[{"href":"https:\/\/radiolitoral.com\/ca\/wp-json\/wp\/v2\/posts\/20953","targetHints":{"allow":["GET"]}}],"collection":[{"href":"https:\/\/radiolitoral.com\/ca\/wp-json\/wp\/v2\/posts"}],"about":[{"href":"https:\/\/radiolitoral.com\/ca\/wp-json\/wp\/v2\/types\/post"}],"author":[{"embeddable":true,"href":"https:\/\/radiolitoral.com\/ca\/wp-json\/wp\/v2\/users\/12"}],"replies":[{"embeddable":true,"href":"https:\/\/radiolitoral.com\/ca\/wp-json\/wp\/v2\/comments?post=20953"}],"version-history":[{"count":2,"href":"https:\/\/radiolitoral.com\/ca\/wp-json\/wp\/v2\/posts\/20953\/revisions"}],"predecessor-version":[{"id":20956,"href":"https:\/\/radiolitoral.com\/ca\/wp-json\/wp\/v2\/posts\/20953\/revisions\/20956"}],"wp:featuredmedia":[{"embeddable":true,"href":"https:\/\/radiolitoral.com\/ca\/wp-json\/wp\/v2\/media\/20954"}],"wp:attachment":[{"href":"https:\/\/radiolitoral.com\/ca\/wp-json\/wp\/v2\/media?parent=20953"}],"wp:term":[{"taxonomy":"category","embeddable":true,"href":"https:\/\/radiolitoral.com\/ca\/wp-json\/wp\/v2\/categories?post=20953"},{"taxonomy":"post_tag","embeddable":true,"href":"https:\/\/radiolitoral.com\/ca\/wp-json\/wp\/v2\/tags?post=20953"}],"curies":[{"name":"wp","href":"https:\/\/api.w.org\/{rel}","templated":true}]}}