{"id":20948,"date":"2026-09-03T11:20:00","date_gmt":"2026-09-03T09:20:00","guid":{"rendered":"https:\/\/radiolitoral.com\/?p=20948"},"modified":"2026-09-03T11:20:00","modified_gmt":"2026-09-03T09:20:00","slug":"benissa-activa-un-nou-bo-consum-de-212-000-euros-per-donar-suport-a-families-i-comercos-locals","status":"publish","type":"post","link":"https:\/\/radiolitoral.com\/ca\/2026\/09\/benissa-activa-un-nuevo-bono-consumo-de-212-000-euros-para-apoyar-a-familias-y-comercios-locales\/","title":{"rendered":"Benissa activa un nou Bo Consum de 212.000 euros per donar suport a fam\u00edlies i comer\u00e7os locals"},"content":{"rendered":"<p class=\"PDq2pG_selectionAnchorContainer\" data-start=\"263\" data-end=\"541\">El <strong data-start=\"266\" data-end=\"293\">Ajuntament de Benissa<\/strong> posar\u00e0 en marxa una nova edici\u00f3 de la campanya <strong data-start=\"343\" data-end=\"392\">Bono Consum Benissa 2026 \u201cArranquem el curs\u201d<\/strong>, una iniciativa amb qu\u00e8 pret\u00e9n refor\u00e7ar el <strong data-start=\"441\" data-end=\"459\">comer\u00e7 local<\/strong> i alleujar part de les despeses familiars associades al comen\u00e7ament del curs escolar.<\/p>\n<p data-start=\"543\" data-end=\"834\">La proposta, impulsada per la <strong data-start=\"574\" data-end=\"622\">regidoria de Comer\u00e7 i Promoci\u00f3 Econ\u00f2mica<\/strong> al costat de <strong data-start=\"631\" data-end=\"649\">CREAMA Benissa<\/strong>, comptar\u00e0 amb una inversi\u00f3 total de <strong data-start=\"686\" data-end=\"706\">212.288,66 euros<\/strong> destinats a incentivar les compres en els negocis del municipi i afavorir que el consum romangui dins de la localitat.<\/p>\n<h2 data-section-id=\"txg9vd\" data-start=\"836\" data-end=\"900\">Fins a 100 euros per persona per gastar en negocis<\/h2>\n<p data-start=\"902\" data-end=\"1112\">La campanya estar\u00e0 disponible entre el <strong data-start=\"940\" data-end=\"986\">14 de setembre i el 3 d&#039;octubre del 2026<\/strong> i estar\u00e0 dirigida a les persones majors de 18 anys que estiguin empadronades a <strong data-start=\"1065\" data-end=\"1076\">Benissa<\/strong> a data 1 de setembre de 2026.<\/p>\n<p data-start=\"1114\" data-end=\"1347\">Cada beneficiari podr\u00e0 accedir a un m\u00e0xim de <strong data-start=\"1161\" data-end=\"1191\">100 euros en bons consum<\/strong>, distribu\u00efts en quatre bons individuals de 25 euros cadascun. Aquests descomptes podran utilitzar-se als establiments participants a la iniciativa.<\/p>\n<p data-start=\"1349\" data-end=\"1566\">Per aplicar els bons caldr\u00e0 fer una compra l&#039;import de la qual sigui, com a m\u00ednim, el doble del valor del bo utilitzat. Aix\u00ed, un descompte de 25 euros requerir\u00e0 una compra igual o superior a 50 euros.<\/p>\n<p data-start=\"1568\" data-end=\"1858\">Els bons es poden utilitzar conjuntament quan pertanyin a la mateixa persona, encara que no ser\u00e0 possible combinar descomptes de diferents beneficiaris. A m\u00e9s, tindran car\u00e0cter nominatiu i estaran associats al <strong data-start=\"1779\" data-end=\"1792\">DNI o NIE<\/strong> de cada usuari per garantir un sistema de gesti\u00f3 controlat.<\/p>\n<p data-start=\"1568\" data-end=\"1858\"><a href=\"https:\/\/media.radiolitoral.com\/wp-content\/uploads\/2026\/09\/03111101\/BoConsumBenissa_vertical-scaled.png\"><img loading=\"lazy\" decoding=\"async\" class=\"size-full wp-image-20949 aligncenter\" src=\"https:\/\/media.radiolitoral.com\/wp-content\/uploads\/2026\/09\/03111101\/BoConsumBenissa_vertical-scaled.png\" alt=\"\" width=\"2048\" height=\"2560\" srcset=\"https:\/\/media.radiolitoral.com\/wp-content\/uploads\/2026\/09\/03111101\/BoConsumBenissa_vertical-scaled.png 2048w, https:\/\/media.radiolitoral.com\/wp-content\/uploads\/2026\/09\/03111101\/BoConsumBenissa_vertical-240x300.png 240w, https:\/\/media.radiolitoral.com\/wp-content\/uploads\/2026\/09\/03111101\/BoConsumBenissa_vertical-819x1024.png 819w, https:\/\/media.radiolitoral.com\/wp-content\/uploads\/2026\/09\/03111101\/BoConsumBenissa_vertical-768x960.png 768w, https:\/\/media.radiolitoral.com\/wp-content\/uploads\/2026\/09\/03111101\/BoConsumBenissa_vertical-1229x1536.png 1229w, https:\/\/media.radiolitoral.com\/wp-content\/uploads\/2026\/09\/03111101\/BoConsumBenissa_vertical-1638x2048.png 1638w, https:\/\/media.radiolitoral.com\/wp-content\/uploads\/2026\/09\/03111101\/BoConsumBenissa_vertical-10x12.png 10w, https:\/\/media.radiolitoral.com\/wp-content\/uploads\/2026\/09\/03111101\/BoConsumBenissa_vertical-800x1000.png 800w, https:\/\/media.radiolitoral.com\/wp-content\/uploads\/2026\/09\/03111101\/BoConsumBenissa_vertical-80x100.png 80w, https:\/\/media.radiolitoral.com\/wp-content\/uploads\/2026\/09\/03111101\/BoConsumBenissa_vertical-160x200.png 160w\" sizes=\"auto, (max-width: 2048px) 100vw, 2048px\" \/><\/a><\/p>\n<h2 data-section-id=\"1i84w4u\" data-start=\"1860\" data-end=\"1914\">Dinamitzar leconomia de proximitat<\/h2>\n<p data-start=\"1916\" data-end=\"2213\">Amb aquesta nova edici\u00f3 del <strong data-start=\"1943\" data-end=\"1967\">Bo Consum Benissa<\/strong>, el consistori cerca generar un doble efecte: d&#039;una banda, oferir un suport econ\u00f2mic directe a les fam\u00edlies en una \u00e8poca marcada per les despeses de l&#039;inici del curs; de l&#039;altra, augmentar l&#039;activitat dels <strong data-start=\"2175\" data-end=\"2212\">comer\u00e7os i professionals locals<\/strong>.<\/p>\n<p data-start=\"2215\" data-end=\"2405\">Des de l&#039;Ajuntament destaquen que la iniciativa pret\u00e9n afavorir que la despesa realitzada per la ciutadania repercuteixi al mateix municipi, enfortint el teixit empresarial de Benissa.<\/p>\n<p data-start=\"2407\" data-end=\"2675\">La plataforma per adquirir els bons estar\u00e0 disponible des del <strong data-start=\"2472\" data-end=\"2492\">14 de setembre<\/strong> a trav\u00e9s de la web habilitada per a la campanya: <strong data-start=\"2540\" data-end=\"2568\">bonsconsumbenissa2026.es<\/strong>. Les condicions completes de participaci\u00f3 es poden consultar al portal del comerciant del municipi.<\/p>\n<p data-start=\"2740\" data-end=\"2909\">Per evitar que les dificultats tecnol\u00f2giques impedeixin la participaci\u00f3, l&#039;Ajuntament habilitar\u00e0 dues vies de sol\u00b7licitud: una modalitat <strong data-start=\"2876\" data-end=\"2886\">en l\u00ednia<\/strong> i una altra <strong data-start=\"2894\" data-end=\"2908\">presencial<\/strong>. L&#039;objectiu \u00e9s facilitar que tots els ve\u00efns que compleixin els requisits puguin accedir als bons i reduir les possibles barreres relacionades amb la bretxa digital.<\/p>\n<p data-start=\"3142\" data-end=\"3291\">El regidor de Comer\u00e7, <strong data-start=\"3167\" data-end=\"3182\">Roberto Box<\/strong>, ha assenyalat que la campanya cerca combinar l&#039;ajuda a les fam\u00edlies amb l&#039;impuls al comer\u00e7 de proximitat. &quot;Volem que l&#039;inici del curs sigui una mica m\u00e9s suportable per a les fam\u00edlies i, alhora, que aquest esfor\u00e7 econ\u00f2mic es tradueixi en activitat per als nostres comer\u00e7os&quot;, ha destacat el regidor.<\/p>\n<p data-start=\"3518\" data-end=\"3657\">Per part seva, l&#039;alcalde de Benissa, <strong data-start=\"3555\" data-end=\"3572\">Arturo Poquet<\/strong>, ha defensat el paper d&#039;aquesta mesura com a eina de suport econ\u00f2mic municipal. &quot;Demostra, una vegada m\u00e9s, que quan donem suport al comer\u00e7 local estem recolzant tot el municipi. Posem m\u00e9s de 200.000 euros a disposici\u00f3 de les fam\u00edlies i dels nostres negocis per generar un benefici compartit: ajudar les llars i dinamitzar l&#039;economia de Benissa&quot;, ha afirmat l&#039;alcalde.<\/p>","protected":false},"excerpt":{"rendered":"<p>El Ayuntamiento de Benissa pondr\u00e1 en marcha una nueva edici\u00f3n de su campa\u00f1a Bono Consumo Benissa 2026 \u201cArranquem el curs\u201d, una iniciativa con la que pretende reforzar el comercio local y aliviar parte de los gastos familiares asociados al comienzo del curso escolar. La propuesta, impulsada por la concejal\u00eda de Comercio y Promoci\u00f3n Econ\u00f3mica junto [&#8230;]<\/p>\n<p><a class=\"btn btn-secondary understrap-read-more-link\" href=\"https:\/\/radiolitoral.com\/ca\/2026\/09\/benissa-activa-un-nuevo-bono-consumo-de-212-000-euros-para-apoyar-a-familias-y-comercios-locales\/\">Continua llegint&#8230;<span class=\"screen-reader-text\"> from Benissa activa un nuevo Bono Consumo de 212.000 euros para apoyar a familias y comercios locales<\/span><\/a><\/p>\n","protected":false},"author":14,"featured_media":20950,"comment_status":"open","ping_status":"closed","sticky":false,"template":"","format":"standard","meta":{"_acf_changed":false,"inline_featured_image":false,"footnotes":""},"categories":[230],"tags":[126,758,455],"class_list":["post-20948","post","type-post","status-publish","format-standard","has-post-thumbnail","hentry","category-comercio","tag-benissa","tag-bono-consumo","tag-comercio","cobertura-benissa"],"acf":[],"yoast_head":"<!-- This site is optimized with the Yoast SEO plugin v28.4 - https:\/\/yoast.com\/product\/yoast-seo-wordpress\/ -->\n<title>Benissa activa un nuevo Bono Consumo de 212.000 euros para apoyar a familias y comercios locales | R\u00e0dio Litoral<\/title>\n<meta name=\"description\" content=\"La campa\u00f1a \u201cArranquem el curs\u201d permitir\u00e1 a los vecinos obtener hasta 100 euros para gastar en establecimientos adheridos\" \/>\n<meta name=\"robots\" content=\"index, follow, max-snippet:-1, max-image-preview:large, max-video-preview:-1\" \/>\n<link rel=\"canonical\" href=\"https:\/\/radiolitoral.com\/ca\/2026\/09\/benissa-activa-un-nou-bo-consum-de-212-000-euros-per-donar-suport-a-families-i-comercos-locals\/\" \/>\n<meta property=\"og:locale\" content=\"ca_ES\" \/>\n<meta property=\"og:type\" content=\"article\" \/>\n<meta property=\"og:title\" content=\"Benissa activa un nuevo Bono Consumo de 212.000 euros para apoyar a familias y comercios locales | R\u00e0dio Litoral\" \/>\n<meta property=\"og:description\" content=\"La campa\u00f1a \u201cArranquem el curs\u201d permitir\u00e1 a los vecinos obtener hasta 100 euros para gastar en establecimientos adheridos\" \/>\n<meta property=\"og:url\" content=\"https:\/\/radiolitoral.com\/ca\/2026\/09\/benissa-activa-un-nou-bo-consum-de-212-000-euros-per-donar-suport-a-families-i-comercos-locals\/\" \/>\n<meta property=\"og:site_name\" content=\"R\u00e0dio Litoral\" \/>\n<meta property=\"article:publisher\" content=\"https:\/\/www.facebook.com\/Laradiolitoral\/\" \/>\n<meta property=\"article:published_time\" content=\"2026-09-03T09:20:00+00:00\" \/>\n<meta property=\"og:image\" content=\"https:\/\/media.radiolitoral.com\/wp-content\/uploads\/2026\/09\/03111331\/Benissacentro_ok-2%C2%A1323-scaled-e1731497808391.jpg\" \/>\n\t<meta property=\"og:image:width\" content=\"1272\" \/>\n\t<meta property=\"og:image:height\" content=\"726\" \/>\n\t<meta property=\"og:image:type\" content=\"image\/jpeg\" \/>\n<meta name=\"author\" content=\"Redacci\u00f3n\" \/>\n<meta name=\"twitter:card\" content=\"summary_large_image\" \/>\n<meta name=\"twitter:label1\" content=\"Escrit per\" \/>\n\t<meta name=\"twitter:data1\" content=\"Redacci\u00f3n\" \/>\n\t<meta name=\"twitter:label2\" content=\"Temps estimat de lectura\" \/>\n\t<meta name=\"twitter:data2\" content=\"3 minuts\" \/>\n<script type=\"application\/ld+json\" class=\"yoast-schema-graph\">{\"@context\":\"https:\\\/\\\/schema.org\",\"@graph\":[{\"@type\":\"NewsArticle\",\"@id\":\"https:\\\/\\\/radiolitoral.com\\\/2026\\\/09\\\/benissa-activa-un-nuevo-bono-consumo-de-212-000-euros-para-apoyar-a-familias-y-comercios-locales\\\/#article\",\"isPartOf\":{\"@id\":\"https:\\\/\\\/radiolitoral.com\\\/2026\\\/09\\\/benissa-activa-un-nuevo-bono-consumo-de-212-000-euros-para-apoyar-a-familias-y-comercios-locales\\\/\"},\"author\":{\"name\":\"Redacci\u00f3n\",\"@id\":\"https:\\\/\\\/radiolitoral.com\\\/#\\\/schema\\\/person\\\/96b739642eb3bedb532aac3812d23307\"},\"headline\":\"Benissa activa un nuevo Bono Consumo de 212.000 euros para apoyar a familias y comercios locales\",\"datePublished\":\"2026-09-03T09:20:00+00:00\",\"mainEntityOfPage\":{\"@id\":\"https:\\\/\\\/radiolitoral.com\\\/2026\\\/09\\\/benissa-activa-un-nuevo-bono-consumo-de-212-000-euros-para-apoyar-a-familias-y-comercios-locales\\\/\"},\"wordCount\":579,\"commentCount\":0,\"publisher\":{\"@id\":\"https:\\\/\\\/radiolitoral.com\\\/#organization\"},\"image\":{\"@id\":\"https:\\\/\\\/radiolitoral.com\\\/2026\\\/09\\\/benissa-activa-un-nuevo-bono-consumo-de-212-000-euros-para-apoyar-a-familias-y-comercios-locales\\\/#primaryimage\"},\"thumbnailUrl\":\"https:\\\/\\\/media.radiolitoral.com\\\/wp-content\\\/uploads\\\/2026\\\/09\\\/03111331\\\/Benissacentro_ok-2%C2%A1323-scaled-e1731497808391.jpg\",\"keywords\":[\"Benissa\",\"Bono Consumo\",\"comercio\"],\"articleSection\":[\"Comercio\"],\"inLanguage\":\"ca\",\"potentialAction\":[{\"@type\":\"CommentAction\",\"name\":\"Comment\",\"target\":[\"https:\\\/\\\/radiolitoral.com\\\/2026\\\/09\\\/benissa-activa-un-nuevo-bono-consumo-de-212-000-euros-para-apoyar-a-familias-y-comercios-locales\\\/#respond\"]}]},{\"@type\":[\"WebPage\",\"ItemPage\"],\"@id\":\"https:\\\/\\\/radiolitoral.com\\\/2026\\\/09\\\/benissa-activa-un-nuevo-bono-consumo-de-212-000-euros-para-apoyar-a-familias-y-comercios-locales\\\/\",\"url\":\"https:\\\/\\\/radiolitoral.com\\\/2026\\\/09\\\/benissa-activa-un-nuevo-bono-consumo-de-212-000-euros-para-apoyar-a-familias-y-comercios-locales\\\/\",\"name\":\"Benissa activa un nuevo Bono Consumo de 212.000 euros para apoyar a familias y comercios locales | R\u00e0dio Litoral\",\"isPartOf\":{\"@id\":\"https:\\\/\\\/radiolitoral.com\\\/#website\"},\"primaryImageOfPage\":{\"@id\":\"https:\\\/\\\/radiolitoral.com\\\/2026\\\/09\\\/benissa-activa-un-nuevo-bono-consumo-de-212-000-euros-para-apoyar-a-familias-y-comercios-locales\\\/#primaryimage\"},\"image\":{\"@id\":\"https:\\\/\\\/radiolitoral.com\\\/2026\\\/09\\\/benissa-activa-un-nuevo-bono-consumo-de-212-000-euros-para-apoyar-a-familias-y-comercios-locales\\\/#primaryimage\"},\"thumbnailUrl\":\"https:\\\/\\\/media.radiolitoral.com\\\/wp-content\\\/uploads\\\/2026\\\/09\\\/03111331\\\/Benissacentro_ok-2%C2%A1323-scaled-e1731497808391.jpg\",\"datePublished\":\"2026-09-03T09:20:00+00:00\",\"description\":\"La campa\u00f1a \u201cArranquem el curs\u201d permitir\u00e1 a los vecinos obtener hasta 100 euros para gastar en establecimientos adheridos\",\"breadcrumb\":{\"@id\":\"https:\\\/\\\/radiolitoral.com\\\/2026\\\/09\\\/benissa-activa-un-nuevo-bono-consumo-de-212-000-euros-para-apoyar-a-familias-y-comercios-locales\\\/#breadcrumb\"},\"inLanguage\":\"ca\",\"potentialAction\":[{\"@type\":\"ReadAction\",\"target\":[\"https:\\\/\\\/radiolitoral.com\\\/2026\\\/09\\\/benissa-activa-un-nuevo-bono-consumo-de-212-000-euros-para-apoyar-a-familias-y-comercios-locales\\\/\"]}]},{\"@type\":\"ImageObject\",\"inLanguage\":\"ca\",\"@id\":\"https:\\\/\\\/radiolitoral.com\\\/2026\\\/09\\\/benissa-activa-un-nuevo-bono-consumo-de-212-000-euros-para-apoyar-a-familias-y-comercios-locales\\\/#primaryimage\",\"url\":\"https:\\\/\\\/media.radiolitoral.com\\\/wp-content\\\/uploads\\\/2026\\\/09\\\/03111331\\\/Benissacentro_ok-2%C2%A1323-scaled-e1731497808391.jpg\",\"contentUrl\":\"https:\\\/\\\/media.radiolitoral.com\\\/wp-content\\\/uploads\\\/2026\\\/09\\\/03111331\\\/Benissacentro_ok-2%C2%A1323-scaled-e1731497808391.jpg\",\"width\":1272,\"height\":726},{\"@type\":\"BreadcrumbList\",\"@id\":\"https:\\\/\\\/radiolitoral.com\\\/2026\\\/09\\\/benissa-activa-un-nuevo-bono-consumo-de-212-000-euros-para-apoyar-a-familias-y-comercios-locales\\\/#breadcrumb\",\"itemListElement\":[{\"@type\":\"ListItem\",\"position\":1,\"name\":\"Portada\",\"item\":\"https:\\\/\\\/radiolitoral.com\\\/\"},{\"@type\":\"ListItem\",\"position\":2,\"name\":\"Benissa activa un nuevo Bono Consumo de 212.000 euros para apoyar a familias y comercios locales\"}]},{\"@type\":\"WebSite\",\"@id\":\"https:\\\/\\\/radiolitoral.com\\\/#website\",\"url\":\"https:\\\/\\\/radiolitoral.com\\\/\",\"name\":\"Radio Litoral\",\"description\":\"La radio local de la Marina Alta\",\"publisher\":{\"@id\":\"https:\\\/\\\/radiolitoral.com\\\/#organization\"},\"alternateName\":\"Litoral FM\",\"potentialAction\":[{\"@type\":\"SearchAction\",\"target\":{\"@type\":\"EntryPoint\",\"urlTemplate\":\"https:\\\/\\\/radiolitoral.com\\\/?s={search_term_string}\"},\"query-input\":{\"@type\":\"PropertyValueSpecification\",\"valueRequired\":true,\"valueName\":\"search_term_string\"}}],\"inLanguage\":\"ca\"},{\"@type\":\"Organization\",\"@id\":\"https:\\\/\\\/radiolitoral.com\\\/#organization\",\"name\":\"Radio Litoral\",\"url\":\"https:\\\/\\\/radiolitoral.com\\\/\",\"logo\":{\"@type\":\"ImageObject\",\"inLanguage\":\"ca\",\"@id\":\"https:\\\/\\\/radiolitoral.com\\\/#\\\/schema\\\/logo\\\/image\\\/\",\"url\":\"https:\\\/\\\/media.radiolitoral.com\\\/wp-content\\\/uploads\\\/2023\\\/02\\\/24143238\\\/CL-V-RadioLitoral696.png\",\"contentUrl\":\"https:\\\/\\\/media.radiolitoral.com\\\/wp-content\\\/uploads\\\/2023\\\/02\\\/24143238\\\/CL-V-RadioLitoral696.png\",\"width\":696,\"height\":696,\"caption\":\"Radio Litoral\"},\"image\":{\"@id\":\"https:\\\/\\\/radiolitoral.com\\\/#\\\/schema\\\/logo\\\/image\\\/\"},\"sameAs\":[\"https:\\\/\\\/www.facebook.com\\\/Laradiolitoral\\\/\"]},{\"@type\":\"Person\",\"@id\":\"https:\\\/\\\/radiolitoral.com\\\/#\\\/schema\\\/person\\\/96b739642eb3bedb532aac3812d23307\",\"name\":\"Redacci\u00f3n\",\"image\":{\"@type\":\"ImageObject\",\"inLanguage\":\"ca\",\"@id\":\"https:\\\/\\\/secure.gravatar.com\\\/avatar\\\/30cd06129ee90411dd9c7cbdcf17464181d1a3c7b072e92070ea75a25cf0097e?s=96&d=mm&r=g\",\"url\":\"https:\\\/\\\/secure.gravatar.com\\\/avatar\\\/30cd06129ee90411dd9c7cbdcf17464181d1a3c7b072e92070ea75a25cf0097e?s=96&d=mm&r=g\",\"contentUrl\":\"https:\\\/\\\/secure.gravatar.com\\\/avatar\\\/30cd06129ee90411dd9c7cbdcf17464181d1a3c7b072e92070ea75a25cf0097e?s=96&d=mm&r=g\",\"caption\":\"Redacci\u00f3n\"},\"url\":\"https:\\\/\\\/radiolitoral.com\\\/ca\\\/author\\\/kevin-carrio\\\/\"}]}<\/script>\n<!-- \/ Yoast SEO plugin. -->","yoast_head_json":{"title":"Benissa activa un nou Bo Consum de 212.000 euros per donar suport a fam\u00edlies i comer\u00e7os locals | R\u00e0dio Litoral","description":"La campanya \u201cArranquem el curs\u201d permetr\u00e0 als ve\u00efns obtenir fins a 100 euros per gastar en establiments adherits","robots":{"index":"index","follow":"follow","max-snippet":"max-snippet:-1","max-image-preview":"max-image-preview:large","max-video-preview":"max-video-preview:-1"},"canonical":"https:\/\/radiolitoral.com\/ca\/2026\/09\/benissa-activa-un-nou-bo-consum-de-212-000-euros-per-donar-suport-a-families-i-comercos-locals\/","og_locale":"ca_ES","og_type":"article","og_title":"Benissa activa un nuevo Bono Consumo de 212.000 euros para apoyar a familias y comercios locales | R\u00e0dio Litoral","og_description":"La campa\u00f1a \u201cArranquem el curs\u201d permitir\u00e1 a los vecinos obtener hasta 100 euros para gastar en establecimientos adheridos","og_url":"https:\/\/radiolitoral.com\/ca\/2026\/09\/benissa-activa-un-nou-bo-consum-de-212-000-euros-per-donar-suport-a-families-i-comercos-locals\/","og_site_name":"R\u00e0dio Litoral","article_publisher":"https:\/\/www.facebook.com\/Laradiolitoral\/","article_published_time":"2026-09-03T09:20:00+00:00","og_image":[{"width":1272,"height":726,"url":"https:\/\/media.radiolitoral.com\/wp-content\/uploads\/2026\/09\/03111331\/Benissacentro_ok-2%C2%A1323-scaled-e1731497808391.jpg","type":"image\/jpeg"}],"author":"Redacci\u00f3n","twitter_card":"summary_large_image","twitter_misc":{"Escrit per":"Redacci\u00f3n","Temps estimat de lectura":"3 minuts"},"schema":{"@context":"https:\/\/schema.org","@graph":[{"@type":"NewsArticle","@id":"https:\/\/radiolitoral.com\/2026\/09\/benissa-activa-un-nuevo-bono-consumo-de-212-000-euros-para-apoyar-a-familias-y-comercios-locales\/#article","isPartOf":{"@id":"https:\/\/radiolitoral.com\/2026\/09\/benissa-activa-un-nuevo-bono-consumo-de-212-000-euros-para-apoyar-a-familias-y-comercios-locales\/"},"author":{"name":"Redacci\u00f3n","@id":"https:\/\/radiolitoral.com\/#\/schema\/person\/96b739642eb3bedb532aac3812d23307"},"headline":"Benissa activa un nuevo Bono Consumo de 212.000 euros para apoyar a familias y comercios locales","datePublished":"2026-09-03T09:20:00+00:00","mainEntityOfPage":{"@id":"https:\/\/radiolitoral.com\/2026\/09\/benissa-activa-un-nuevo-bono-consumo-de-212-000-euros-para-apoyar-a-familias-y-comercios-locales\/"},"wordCount":579,"commentCount":0,"publisher":{"@id":"https:\/\/radiolitoral.com\/#organization"},"image":{"@id":"https:\/\/radiolitoral.com\/2026\/09\/benissa-activa-un-nuevo-bono-consumo-de-212-000-euros-para-apoyar-a-familias-y-comercios-locales\/#primaryimage"},"thumbnailUrl":"https:\/\/media.radiolitoral.com\/wp-content\/uploads\/2026\/09\/03111331\/Benissacentro_ok-2%C2%A1323-scaled-e1731497808391.jpg","keywords":["Benissa","Bono Consumo","comercio"],"articleSection":["Comercio"],"inLanguage":"ca","potentialAction":[{"@type":"CommentAction","name":"Comment","target":["https:\/\/radiolitoral.com\/2026\/09\/benissa-activa-un-nuevo-bono-consumo-de-212-000-euros-para-apoyar-a-familias-y-comercios-locales\/#respond"]}]},{"@type":["WebPage","ItemPage"],"@id":"https:\/\/radiolitoral.com\/2026\/09\/benissa-activa-un-nuevo-bono-consumo-de-212-000-euros-para-apoyar-a-familias-y-comercios-locales\/","url":"https:\/\/radiolitoral.com\/2026\/09\/benissa-activa-un-nuevo-bono-consumo-de-212-000-euros-para-apoyar-a-familias-y-comercios-locales\/","name":"Benissa activa un nou Bo Consum de 212.000 euros per donar suport a fam\u00edlies i comer\u00e7os locals | R\u00e0dio Litoral","isPartOf":{"@id":"https:\/\/radiolitoral.com\/#website"},"primaryImageOfPage":{"@id":"https:\/\/radiolitoral.com\/2026\/09\/benissa-activa-un-nuevo-bono-consumo-de-212-000-euros-para-apoyar-a-familias-y-comercios-locales\/#primaryimage"},"image":{"@id":"https:\/\/radiolitoral.com\/2026\/09\/benissa-activa-un-nuevo-bono-consumo-de-212-000-euros-para-apoyar-a-familias-y-comercios-locales\/#primaryimage"},"thumbnailUrl":"https:\/\/media.radiolitoral.com\/wp-content\/uploads\/2026\/09\/03111331\/Benissacentro_ok-2%C2%A1323-scaled-e1731497808391.jpg","datePublished":"2026-09-03T09:20:00+00:00","description":"La campanya \u201cArranquem el curs\u201d permetr\u00e0 als ve\u00efns obtenir fins a 100 euros per gastar en establiments adherits","breadcrumb":{"@id":"https:\/\/radiolitoral.com\/2026\/09\/benissa-activa-un-nuevo-bono-consumo-de-212-000-euros-para-apoyar-a-familias-y-comercios-locales\/#breadcrumb"},"inLanguage":"ca","potentialAction":[{"@type":"ReadAction","target":["https:\/\/radiolitoral.com\/2026\/09\/benissa-activa-un-nuevo-bono-consumo-de-212-000-euros-para-apoyar-a-familias-y-comercios-locales\/"]}]},{"@type":"ImageObject","inLanguage":"ca","@id":"https:\/\/radiolitoral.com\/2026\/09\/benissa-activa-un-nuevo-bono-consumo-de-212-000-euros-para-apoyar-a-familias-y-comercios-locales\/#primaryimage","url":"https:\/\/media.radiolitoral.com\/wp-content\/uploads\/2026\/09\/03111331\/Benissacentro_ok-2%C2%A1323-scaled-e1731497808391.jpg","contentUrl":"https:\/\/media.radiolitoral.com\/wp-content\/uploads\/2026\/09\/03111331\/Benissacentro_ok-2%C2%A1323-scaled-e1731497808391.jpg","width":1272,"height":726},{"@type":"BreadcrumbList","@id":"https:\/\/radiolitoral.com\/2026\/09\/benissa-activa-un-nuevo-bono-consumo-de-212-000-euros-para-apoyar-a-familias-y-comercios-locales\/#breadcrumb","itemListElement":[{"@type":"ListItem","position":1,"name":"Portada","item":"https:\/\/radiolitoral.com\/"},{"@type":"ListItem","position":2,"name":"Benissa activa un nuevo Bono Consumo de 212.000 euros para apoyar a familias y comercios locales"}]},{"@type":"WebSite","@id":"https:\/\/radiolitoral.com\/#website","url":"https:\/\/radiolitoral.com\/","name":"R\u00e0dio Litoral","description":"La r\u00e0dio local de la Marina Alta","publisher":{"@id":"https:\/\/radiolitoral.com\/#organization"},"alternateName":"Litoral FM","potentialAction":[{"@type":"SearchAction","target":{"@type":"EntryPoint","urlTemplate":"https:\/\/radiolitoral.com\/?s={search_term_string}"},"query-input":{"@type":"PropertyValueSpecification","valueRequired":true,"valueName":"search_term_string"}}],"inLanguage":"ca"},{"@type":"Organization","@id":"https:\/\/radiolitoral.com\/#organization","name":"R\u00e0dio Litoral","url":"https:\/\/radiolitoral.com\/","logo":{"@type":"ImageObject","inLanguage":"ca","@id":"https:\/\/radiolitoral.com\/#\/schema\/logo\/image\/","url":"https:\/\/media.radiolitoral.com\/wp-content\/uploads\/2023\/02\/24143238\/CL-V-RadioLitoral696.png","contentUrl":"https:\/\/media.radiolitoral.com\/wp-content\/uploads\/2023\/02\/24143238\/CL-V-RadioLitoral696.png","width":696,"height":696,"caption":"Radio Litoral"},"image":{"@id":"https:\/\/radiolitoral.com\/#\/schema\/logo\/image\/"},"sameAs":["https:\/\/www.facebook.com\/Laradiolitoral\/"]},{"@type":"Person","@id":"https:\/\/radiolitoral.com\/#\/schema\/person\/96b739642eb3bedb532aac3812d23307","name":"Redacci\u00f3","image":{"@type":"ImageObject","inLanguage":"ca","@id":"https:\/\/secure.gravatar.com\/avatar\/30cd06129ee90411dd9c7cbdcf17464181d1a3c7b072e92070ea75a25cf0097e?s=96&d=mm&r=g","url":"https:\/\/secure.gravatar.com\/avatar\/30cd06129ee90411dd9c7cbdcf17464181d1a3c7b072e92070ea75a25cf0097e?s=96&d=mm&r=g","contentUrl":"https:\/\/secure.gravatar.com\/avatar\/30cd06129ee90411dd9c7cbdcf17464181d1a3c7b072e92070ea75a25cf0097e?s=96&d=mm&r=g","caption":"Redacci\u00f3n"},"url":"https:\/\/radiolitoral.com\/ca\/author\/kevin-carrio\/"}]}},"_links":{"self":[{"href":"https:\/\/radiolitoral.com\/ca\/wp-json\/wp\/v2\/posts\/20948","targetHints":{"allow":["GET"]}}],"collection":[{"href":"https:\/\/radiolitoral.com\/ca\/wp-json\/wp\/v2\/posts"}],"about":[{"href":"https:\/\/radiolitoral.com\/ca\/wp-json\/wp\/v2\/types\/post"}],"author":[{"embeddable":true,"href":"https:\/\/radiolitoral.com\/ca\/wp-json\/wp\/v2\/users\/14"}],"replies":[{"embeddable":true,"href":"https:\/\/radiolitoral.com\/ca\/wp-json\/wp\/v2\/comments?post=20948"}],"version-history":[{"count":1,"href":"https:\/\/radiolitoral.com\/ca\/wp-json\/wp\/v2\/posts\/20948\/revisions"}],"predecessor-version":[{"id":20951,"href":"https:\/\/radiolitoral.com\/ca\/wp-json\/wp\/v2\/posts\/20948\/revisions\/20951"}],"wp:featuredmedia":[{"embeddable":true,"href":"https:\/\/radiolitoral.com\/ca\/wp-json\/wp\/v2\/media\/20950"}],"wp:attachment":[{"href":"https:\/\/radiolitoral.com\/ca\/wp-json\/wp\/v2\/media?parent=20948"}],"wp:term":[{"taxonomy":"category","embeddable":true,"href":"https:\/\/radiolitoral.com\/ca\/wp-json\/wp\/v2\/categories?post=20948"},{"taxonomy":"post_tag","embeddable":true,"href":"https:\/\/radiolitoral.com\/ca\/wp-json\/wp\/v2\/tags?post=20948"}],"curies":[{"name":"wp","href":"https:\/\/api.w.org\/{rel}","templated":true}]}}