{"id":20944,"date":"2026-09-02T09:57:36","date_gmt":"2026-09-02T07:57:36","guid":{"rendered":"https:\/\/radiolitoral.com\/?p=20944"},"modified":"2026-09-02T09:57:36","modified_gmt":"2026-09-02T07:57:36","slug":"col%c2%b7laboracio-entre-cb-ifach-calp-i-cb-terralfes-amb-joves-jugadors","status":"publish","type":"post","link":"https:\/\/radiolitoral.com\/ca\/2026\/09\/colaboracion-entre-cb-ifach-calpe-y-cb-terralfas-con-jovenes-jugadores\/","title":{"rendered":"Col\u00b7laboraci\u00f3 entre CB Ifach Calpe i CB Terralf\u00e0s amb joves jugadors"},"content":{"rendered":"<p>El <strong>CB Ifach Calp<\/strong> i el <strong>CB Terralf\u00e0s<\/strong> han formalitzat un acord de vinculaci\u00f3 que refor\u00e7a la seva aposta pel <strong>desenvolupament de jugadors joves<\/strong> i per crear un projecte esportiu amb visi\u00f3 de futur. La col\u00b7laboraci\u00f3 permetr\u00e0 que els Sub-22 <strong>Alberto Ferriz<\/strong>, <strong>Jes\u00fas Mu\u00f1oz<\/strong> i <strong>Juan Sanabria<\/strong> s&#039;integrin en la din\u00e0mica de l&#039;equip calp\u00ed que competir\u00e0 a <strong>Tercera FEB<\/strong>, fent un pas decisiu en la seva progressi\u00f3 esportiva.<\/p>\n<h4><strong>Un acord clau per a la formaci\u00f3 i el creixement competitiu<\/strong><\/h4>\n<p>La iniciativa neix amb un objectiu clar: <strong>crear un entorn que faciliti l&#039;evoluci\u00f3 dels jugadors joves<\/strong>, permetent competir en diferents nivells i adaptar-se progressivament a les exig\u00e8ncies del b\u00e0squet s\u00e8nior. Ambdues entitats busquen construir un pont estable que ofereixi oportunitats reals a talents amb projecci\u00f3 i que enforteixi les seves estructures esportives. .<\/p>\n<p>Per al <strong>CB Ifach Calp<\/strong>, immers en una temporada il\u00b7lusionant a <strong>Tercera FEB<\/strong>, incorporar jugadors joves a la din\u00e0mica del primer equip suposa ampliar recursos, enriquir el seu projecte i refor\u00e7ar la seva aposta pel futur del b\u00e0squet local.<\/p>\n<h4><strong>Ferriz, Mu\u00f1oz i Sanabria: tres joves davant un repte decisiu<\/strong><\/h4>\n<p>Els tres jugadors Sub-22 afronten una oportunitat que pot marcar la seva carrera: treballar amb un equip de categoria nacional, compartir entrenaments amb jugadors experimentats i competir en un entorn de m\u00e9s exig\u00e8ncia. Aquesta conviv\u00e8ncia amb el grup de Tercera FEB els permetr\u00e0 cr\u00e9ixer sense perdre el vincle amb el proc\u00e9s formatiu, un equilibri fonamental en aquesta etapa de desenvolupament.<\/p>\n<h4><strong>Una alian\u00e7a amb futur per a Calp i l&#039;Alf\u00e0s<\/strong><\/h4>\n<p>La vinculaci\u00f3 entre <strong>CB Ifach Calp<\/strong> i <strong>CB Terralf\u00e0s<\/strong> representa una aposta conjunta pel talent jove i per la creaci\u00f3 de <strong>camins de progressi\u00f3<\/strong> dins un entorn competitiu i exigent. L&#039;acord busca enfortir els dos projectes i facilitar que els jugadors de formaci\u00f3 trobin oportunitats reals per cr\u00e9ixer i consolidar-se al b\u00e0squet s\u00e8nior.<\/p>\n<p>&nbsp;<\/p>\n<p><script src=\"chrome-extension:\/\/flbolonkboilcbnohjlchlfgdalomdpl\/iFrame.js\" type=\"text\/javascript\"><\/script><\/p>","protected":false},"excerpt":{"rendered":"<p>El CB Ifach Calpe y el CB Terralf\u00e0s han formalizado un acuerdo de vinculaci\u00f3n que refuerza su apuesta por el desarrollo de jugadores j\u00f3venes y por la creaci\u00f3n de un proyecto deportivo con visi\u00f3n de futuro. La colaboraci\u00f3n permitir\u00e1 que los Sub-22 Alberto Ferriz, Jes\u00fas Mu\u00f1oz y Juan Sanabria se integren en la din\u00e1mica del [&#8230;]<\/p>\n<p><a class=\"btn btn-secondary understrap-read-more-link\" href=\"https:\/\/radiolitoral.com\/ca\/2026\/09\/colaboracion-entre-cb-ifach-calpe-y-cb-terralfas-con-jovenes-jugadores\/\">Continua llegint&#8230;<span class=\"screen-reader-text\"> from Colaboraci\u00f3n entre CB Ifach Calpe y CB Terralf\u00e1s con j\u00f3venes jugadores<\/span><\/a><\/p>\n","protected":false},"author":12,"featured_media":20945,"comment_status":"open","ping_status":"closed","sticky":false,"template":"","format":"standard","meta":{"_acf_changed":false,"inline_featured_image":false,"footnotes":""},"categories":[5],"tags":[5417,5415,5416,952,961,6,5414,5418,5419,5413,5412,1691],"class_list":["post-20944","post","type-post","status-publish","format-standard","has-post-thumbnail","hentry","category-deportes","tag-alberto-ferriz","tag-baloncesto-calpe","tag-baloncesto-marina-alta","tag-cb-ifach-calpe","tag-cb-terralfas","tag-deportes","tag-formacion-deportiva","tag-jesus-munoz","tag-juan-sanabria","tag-jugadores-sub-22","tag-talento-joven","tag-tercera-feb","cobertura-calp"],"acf":[],"yoast_head":"<!-- This site is optimized with the Yoast SEO plugin v28.4 - https:\/\/yoast.com\/product\/yoast-seo-wordpress\/ -->\n<title>Colaboraci\u00f3n entre CB Ifach Calpe y CB Terralf\u00e1s con j\u00f3venes jugadores | R\u00e0dio Litoral<\/title>\n<meta name=\"description\" content=\"Tres jugadores del equipo de la Marina Baixa jugar\u00e1n como Sub 23 en el equipo que dirige Kike ValleTres jugadores del equipo de la Marina Baixa jugar\u00e1n como Sub 23 en el equipo que dirige Kike Valle\" \/>\n<meta name=\"robots\" content=\"index, follow, max-snippet:-1, max-image-preview:large, max-video-preview:-1\" \/>\n<link rel=\"canonical\" href=\"https:\/\/radiolitoral.com\/ca\/2026\/09\/col\u00b7laboracio-entre-cb-ifach-calp-i-cb-terralfes-amb-joves-jugadors\/\" \/>\n<meta property=\"og:locale\" content=\"ca_ES\" \/>\n<meta property=\"og:type\" content=\"article\" \/>\n<meta property=\"og:title\" content=\"Colaboraci\u00f3n entre CB Ifach Calpe y CB Terralf\u00e1s con j\u00f3venes jugadores | R\u00e0dio Litoral\" \/>\n<meta property=\"og:description\" content=\"Tres jugadores del equipo de la Marina Baixa jugar\u00e1n como Sub 23 en el equipo que dirige Kike ValleTres jugadores del equipo de la Marina Baixa jugar\u00e1n como Sub 23 en el equipo que dirige Kike Valle\" \/>\n<meta property=\"og:url\" content=\"https:\/\/radiolitoral.com\/ca\/2026\/09\/col\u00b7laboracio-entre-cb-ifach-calp-i-cb-terralfes-amb-joves-jugadors\/\" \/>\n<meta property=\"og:site_name\" content=\"R\u00e0dio Litoral\" \/>\n<meta property=\"article:publisher\" content=\"https:\/\/www.facebook.com\/Laradiolitoral\/\" \/>\n<meta property=\"article:published_time\" content=\"2026-09-02T07:57:36+00:00\" \/>\n<meta property=\"og:image\" content=\"https:\/\/media.radiolitoral.com\/wp-content\/uploads\/2026\/09\/02095728\/Cartel-vinculacion-CB-Ifach-Calpe-y-CB-Terralfas.jpg\" \/>\n\t<meta property=\"og:image:width\" content=\"900\" \/>\n\t<meta property=\"og:image:height\" content=\"534\" \/>\n\t<meta property=\"og:image:type\" content=\"image\/jpeg\" \/>\n<meta name=\"author\" content=\"Javier Zamora\" \/>\n<meta name=\"twitter:card\" content=\"summary_large_image\" \/>\n<meta name=\"twitter:label1\" content=\"Escrit per\" \/>\n\t<meta name=\"twitter:data1\" content=\"Javier Zamora\" \/>\n\t<meta name=\"twitter:label2\" content=\"Temps estimat de lectura\" \/>\n\t<meta name=\"twitter:data2\" content=\"2 minuts\" \/>\n<script type=\"application\/ld+json\" class=\"yoast-schema-graph\">{\"@context\":\"https:\\\/\\\/schema.org\",\"@graph\":[{\"@type\":\"NewsArticle\",\"@id\":\"https:\\\/\\\/radiolitoral.com\\\/2026\\\/09\\\/colaboracion-entre-cb-ifach-calpe-y-cb-terralfas-con-jovenes-jugadores\\\/#article\",\"isPartOf\":{\"@id\":\"https:\\\/\\\/radiolitoral.com\\\/2026\\\/09\\\/colaboracion-entre-cb-ifach-calpe-y-cb-terralfas-con-jovenes-jugadores\\\/\"},\"author\":{\"name\":\"Javier Zamora\",\"@id\":\"https:\\\/\\\/radiolitoral.com\\\/#\\\/schema\\\/person\\\/7b1480b5caeb5acdd4ec6379caf62b22\"},\"headline\":\"Colaboraci\u00f3n entre CB Ifach Calpe y CB Terralf\u00e1s con j\u00f3venes jugadores\",\"datePublished\":\"2026-09-02T07:57:36+00:00\",\"mainEntityOfPage\":{\"@id\":\"https:\\\/\\\/radiolitoral.com\\\/2026\\\/09\\\/colaboracion-entre-cb-ifach-calpe-y-cb-terralfas-con-jovenes-jugadores\\\/\"},\"wordCount\":350,\"commentCount\":0,\"publisher\":{\"@id\":\"https:\\\/\\\/radiolitoral.com\\\/#organization\"},\"image\":{\"@id\":\"https:\\\/\\\/radiolitoral.com\\\/2026\\\/09\\\/colaboracion-entre-cb-ifach-calpe-y-cb-terralfas-con-jovenes-jugadores\\\/#primaryimage\"},\"thumbnailUrl\":\"https:\\\/\\\/media.radiolitoral.com\\\/wp-content\\\/uploads\\\/2026\\\/09\\\/02095728\\\/Cartel-vinculacion-CB-Ifach-Calpe-y-CB-Terralfas.jpg\",\"keywords\":[\"Alberto Ferriz\",\"baloncesto Calpe\",\"baloncesto Marina Alta\",\"CB Ifach Calpe\",\"CB Terralf\u00e1s\",\"deportes\",\"formaci\u00f3n deportiva\",\"Jes\u00fas Mu\u00f1oz\",\"Juan Sanabria\",\"jugadores Sub-22\",\"talento joven\",\"Tercera FEB\"],\"articleSection\":[\"Deportes\"],\"inLanguage\":\"ca\",\"potentialAction\":[{\"@type\":\"CommentAction\",\"name\":\"Comment\",\"target\":[\"https:\\\/\\\/radiolitoral.com\\\/2026\\\/09\\\/colaboracion-entre-cb-ifach-calpe-y-cb-terralfas-con-jovenes-jugadores\\\/#respond\"]}]},{\"@type\":[\"WebPage\",\"ItemPage\"],\"@id\":\"https:\\\/\\\/radiolitoral.com\\\/2026\\\/09\\\/colaboracion-entre-cb-ifach-calpe-y-cb-terralfas-con-jovenes-jugadores\\\/\",\"url\":\"https:\\\/\\\/radiolitoral.com\\\/2026\\\/09\\\/colaboracion-entre-cb-ifach-calpe-y-cb-terralfas-con-jovenes-jugadores\\\/\",\"name\":\"Colaboraci\u00f3n entre CB Ifach Calpe y CB Terralf\u00e1s con j\u00f3venes jugadores | R\u00e0dio Litoral\",\"isPartOf\":{\"@id\":\"https:\\\/\\\/radiolitoral.com\\\/#website\"},\"primaryImageOfPage\":{\"@id\":\"https:\\\/\\\/radiolitoral.com\\\/2026\\\/09\\\/colaboracion-entre-cb-ifach-calpe-y-cb-terralfas-con-jovenes-jugadores\\\/#primaryimage\"},\"image\":{\"@id\":\"https:\\\/\\\/radiolitoral.com\\\/2026\\\/09\\\/colaboracion-entre-cb-ifach-calpe-y-cb-terralfas-con-jovenes-jugadores\\\/#primaryimage\"},\"thumbnailUrl\":\"https:\\\/\\\/media.radiolitoral.com\\\/wp-content\\\/uploads\\\/2026\\\/09\\\/02095728\\\/Cartel-vinculacion-CB-Ifach-Calpe-y-CB-Terralfas.jpg\",\"datePublished\":\"2026-09-02T07:57:36+00:00\",\"description\":\"Tres jugadores del equipo de la Marina Baixa jugar\u00e1n como Sub 23 en el equipo que dirige Kike ValleTres jugadores del equipo de la Marina Baixa jugar\u00e1n como Sub 23 en el equipo que dirige Kike Valle\",\"breadcrumb\":{\"@id\":\"https:\\\/\\\/radiolitoral.com\\\/2026\\\/09\\\/colaboracion-entre-cb-ifach-calpe-y-cb-terralfas-con-jovenes-jugadores\\\/#breadcrumb\"},\"inLanguage\":\"ca\",\"potentialAction\":[{\"@type\":\"ReadAction\",\"target\":[\"https:\\\/\\\/radiolitoral.com\\\/2026\\\/09\\\/colaboracion-entre-cb-ifach-calpe-y-cb-terralfas-con-jovenes-jugadores\\\/\"]}]},{\"@type\":\"ImageObject\",\"inLanguage\":\"ca\",\"@id\":\"https:\\\/\\\/radiolitoral.com\\\/2026\\\/09\\\/colaboracion-entre-cb-ifach-calpe-y-cb-terralfas-con-jovenes-jugadores\\\/#primaryimage\",\"url\":\"https:\\\/\\\/media.radiolitoral.com\\\/wp-content\\\/uploads\\\/2026\\\/09\\\/02095728\\\/Cartel-vinculacion-CB-Ifach-Calpe-y-CB-Terralfas.jpg\",\"contentUrl\":\"https:\\\/\\\/media.radiolitoral.com\\\/wp-content\\\/uploads\\\/2026\\\/09\\\/02095728\\\/Cartel-vinculacion-CB-Ifach-Calpe-y-CB-Terralfas.jpg\",\"width\":900,\"height\":534},{\"@type\":\"BreadcrumbList\",\"@id\":\"https:\\\/\\\/radiolitoral.com\\\/2026\\\/09\\\/colaboracion-entre-cb-ifach-calpe-y-cb-terralfas-con-jovenes-jugadores\\\/#breadcrumb\",\"itemListElement\":[{\"@type\":\"ListItem\",\"position\":1,\"name\":\"Portada\",\"item\":\"https:\\\/\\\/radiolitoral.com\\\/\"},{\"@type\":\"ListItem\",\"position\":2,\"name\":\"Colaboraci\u00f3n entre CB Ifach Calpe y CB Terralf\u00e1s con j\u00f3venes jugadores\"}]},{\"@type\":\"WebSite\",\"@id\":\"https:\\\/\\\/radiolitoral.com\\\/#website\",\"url\":\"https:\\\/\\\/radiolitoral.com\\\/\",\"name\":\"Radio Litoral\",\"description\":\"La radio local de la Marina Alta\",\"publisher\":{\"@id\":\"https:\\\/\\\/radiolitoral.com\\\/#organization\"},\"alternateName\":\"Litoral FM\",\"potentialAction\":[{\"@type\":\"SearchAction\",\"target\":{\"@type\":\"EntryPoint\",\"urlTemplate\":\"https:\\\/\\\/radiolitoral.com\\\/?s={search_term_string}\"},\"query-input\":{\"@type\":\"PropertyValueSpecification\",\"valueRequired\":true,\"valueName\":\"search_term_string\"}}],\"inLanguage\":\"ca\"},{\"@type\":\"Organization\",\"@id\":\"https:\\\/\\\/radiolitoral.com\\\/#organization\",\"name\":\"Radio Litoral\",\"url\":\"https:\\\/\\\/radiolitoral.com\\\/\",\"logo\":{\"@type\":\"ImageObject\",\"inLanguage\":\"ca\",\"@id\":\"https:\\\/\\\/radiolitoral.com\\\/#\\\/schema\\\/logo\\\/image\\\/\",\"url\":\"https:\\\/\\\/media.radiolitoral.com\\\/wp-content\\\/uploads\\\/2023\\\/02\\\/24143238\\\/CL-V-RadioLitoral696.png\",\"contentUrl\":\"https:\\\/\\\/media.radiolitoral.com\\\/wp-content\\\/uploads\\\/2023\\\/02\\\/24143238\\\/CL-V-RadioLitoral696.png\",\"width\":696,\"height\":696,\"caption\":\"Radio Litoral\"},\"image\":{\"@id\":\"https:\\\/\\\/radiolitoral.com\\\/#\\\/schema\\\/logo\\\/image\\\/\"},\"sameAs\":[\"https:\\\/\\\/www.facebook.com\\\/Laradiolitoral\\\/\"]},{\"@type\":\"Person\",\"@id\":\"https:\\\/\\\/radiolitoral.com\\\/#\\\/schema\\\/person\\\/7b1480b5caeb5acdd4ec6379caf62b22\",\"name\":\"Javier Zamora\",\"image\":{\"@type\":\"ImageObject\",\"inLanguage\":\"ca\",\"@id\":\"https:\\\/\\\/secure.gravatar.com\\\/avatar\\\/467a11f6918c7d619c4043fc6fa2d3853053107973f05b6e9c04ea6c4e3a7b3f?s=96&d=mm&r=g\",\"url\":\"https:\\\/\\\/secure.gravatar.com\\\/avatar\\\/467a11f6918c7d619c4043fc6fa2d3853053107973f05b6e9c04ea6c4e3a7b3f?s=96&d=mm&r=g\",\"contentUrl\":\"https:\\\/\\\/secure.gravatar.com\\\/avatar\\\/467a11f6918c7d619c4043fc6fa2d3853053107973f05b6e9c04ea6c4e3a7b3f?s=96&d=mm&r=g\",\"caption\":\"Javier Zamora\"},\"url\":\"https:\\\/\\\/radiolitoral.com\\\/ca\\\/author\\\/javier-zamora\\\/\"}]}<\/script>\n<!-- \/ Yoast SEO plugin. -->","yoast_head_json":{"title":"Col\u00b7laboraci\u00f3 entre CB Ifach Calpe i CB Terralf\u00e0s amb joves jugadors | R\u00e0dio Litoral","description":"Tres jugadors de l&#039;equip de la Marina Baixa jugaran com a Sub 23 a l&#039;equip que dirigeix Kike ValleTres jugadors de l&#039;equip de la Marina Baixa jugaran com a Sub 23 a l&#039;equip que dirigeix Kike Valle","robots":{"index":"index","follow":"follow","max-snippet":"max-snippet:-1","max-image-preview":"max-image-preview:large","max-video-preview":"max-video-preview:-1"},"canonical":"https:\/\/radiolitoral.com\/ca\/2026\/09\/col\u00b7laboracio-entre-cb-ifach-calp-i-cb-terralfes-amb-joves-jugadors\/","og_locale":"ca_ES","og_type":"article","og_title":"Colaboraci\u00f3n entre CB Ifach Calpe y CB Terralf\u00e1s con j\u00f3venes jugadores | R\u00e0dio Litoral","og_description":"Tres jugadores del equipo de la Marina Baixa jugar\u00e1n como Sub 23 en el equipo que dirige Kike ValleTres jugadores del equipo de la Marina Baixa jugar\u00e1n como Sub 23 en el equipo que dirige Kike Valle","og_url":"https:\/\/radiolitoral.com\/ca\/2026\/09\/col\u00b7laboracio-entre-cb-ifach-calp-i-cb-terralfes-amb-joves-jugadors\/","og_site_name":"R\u00e0dio Litoral","article_publisher":"https:\/\/www.facebook.com\/Laradiolitoral\/","article_published_time":"2026-09-02T07:57:36+00:00","og_image":[{"width":900,"height":534,"url":"https:\/\/media.radiolitoral.com\/wp-content\/uploads\/2026\/09\/02095728\/Cartel-vinculacion-CB-Ifach-Calpe-y-CB-Terralfas.jpg","type":"image\/jpeg"}],"author":"Javier Zamora","twitter_card":"summary_large_image","twitter_misc":{"Escrit per":"Javier Zamora","Temps estimat de lectura":"2 minuts"},"schema":{"@context":"https:\/\/schema.org","@graph":[{"@type":"NewsArticle","@id":"https:\/\/radiolitoral.com\/2026\/09\/colaboracion-entre-cb-ifach-calpe-y-cb-terralfas-con-jovenes-jugadores\/#article","isPartOf":{"@id":"https:\/\/radiolitoral.com\/2026\/09\/colaboracion-entre-cb-ifach-calpe-y-cb-terralfas-con-jovenes-jugadores\/"},"author":{"name":"Javier Zamora","@id":"https:\/\/radiolitoral.com\/#\/schema\/person\/7b1480b5caeb5acdd4ec6379caf62b22"},"headline":"Colaboraci\u00f3n entre CB Ifach Calpe y CB Terralf\u00e1s con j\u00f3venes jugadores","datePublished":"2026-09-02T07:57:36+00:00","mainEntityOfPage":{"@id":"https:\/\/radiolitoral.com\/2026\/09\/colaboracion-entre-cb-ifach-calpe-y-cb-terralfas-con-jovenes-jugadores\/"},"wordCount":350,"commentCount":0,"publisher":{"@id":"https:\/\/radiolitoral.com\/#organization"},"image":{"@id":"https:\/\/radiolitoral.com\/2026\/09\/colaboracion-entre-cb-ifach-calpe-y-cb-terralfas-con-jovenes-jugadores\/#primaryimage"},"thumbnailUrl":"https:\/\/media.radiolitoral.com\/wp-content\/uploads\/2026\/09\/02095728\/Cartel-vinculacion-CB-Ifach-Calpe-y-CB-Terralfas.jpg","keywords":["Alberto Ferriz","baloncesto Calpe","baloncesto Marina Alta","CB Ifach Calpe","CB Terralf\u00e1s","deportes","formaci\u00f3n deportiva","Jes\u00fas Mu\u00f1oz","Juan Sanabria","jugadores Sub-22","talento joven","Tercera FEB"],"articleSection":["Deportes"],"inLanguage":"ca","potentialAction":[{"@type":"CommentAction","name":"Comment","target":["https:\/\/radiolitoral.com\/2026\/09\/colaboracion-entre-cb-ifach-calpe-y-cb-terralfas-con-jovenes-jugadores\/#respond"]}]},{"@type":["WebPage","ItemPage"],"@id":"https:\/\/radiolitoral.com\/2026\/09\/colaboracion-entre-cb-ifach-calpe-y-cb-terralfas-con-jovenes-jugadores\/","url":"https:\/\/radiolitoral.com\/2026\/09\/colaboracion-entre-cb-ifach-calpe-y-cb-terralfas-con-jovenes-jugadores\/","name":"Col\u00b7laboraci\u00f3 entre CB Ifach Calpe i CB Terralf\u00e0s amb joves jugadors | R\u00e0dio Litoral","isPartOf":{"@id":"https:\/\/radiolitoral.com\/#website"},"primaryImageOfPage":{"@id":"https:\/\/radiolitoral.com\/2026\/09\/colaboracion-entre-cb-ifach-calpe-y-cb-terralfas-con-jovenes-jugadores\/#primaryimage"},"image":{"@id":"https:\/\/radiolitoral.com\/2026\/09\/colaboracion-entre-cb-ifach-calpe-y-cb-terralfas-con-jovenes-jugadores\/#primaryimage"},"thumbnailUrl":"https:\/\/media.radiolitoral.com\/wp-content\/uploads\/2026\/09\/02095728\/Cartel-vinculacion-CB-Ifach-Calpe-y-CB-Terralfas.jpg","datePublished":"2026-09-02T07:57:36+00:00","description":"Tres jugadors de l&#039;equip de la Marina Baixa jugaran com a Sub 23 a l&#039;equip que dirigeix Kike ValleTres jugadors de l&#039;equip de la Marina Baixa jugaran com a Sub 23 a l&#039;equip que dirigeix Kike Valle","breadcrumb":{"@id":"https:\/\/radiolitoral.com\/2026\/09\/colaboracion-entre-cb-ifach-calpe-y-cb-terralfas-con-jovenes-jugadores\/#breadcrumb"},"inLanguage":"ca","potentialAction":[{"@type":"ReadAction","target":["https:\/\/radiolitoral.com\/2026\/09\/colaboracion-entre-cb-ifach-calpe-y-cb-terralfas-con-jovenes-jugadores\/"]}]},{"@type":"ImageObject","inLanguage":"ca","@id":"https:\/\/radiolitoral.com\/2026\/09\/colaboracion-entre-cb-ifach-calpe-y-cb-terralfas-con-jovenes-jugadores\/#primaryimage","url":"https:\/\/media.radiolitoral.com\/wp-content\/uploads\/2026\/09\/02095728\/Cartel-vinculacion-CB-Ifach-Calpe-y-CB-Terralfas.jpg","contentUrl":"https:\/\/media.radiolitoral.com\/wp-content\/uploads\/2026\/09\/02095728\/Cartel-vinculacion-CB-Ifach-Calpe-y-CB-Terralfas.jpg","width":900,"height":534},{"@type":"BreadcrumbList","@id":"https:\/\/radiolitoral.com\/2026\/09\/colaboracion-entre-cb-ifach-calpe-y-cb-terralfas-con-jovenes-jugadores\/#breadcrumb","itemListElement":[{"@type":"ListItem","position":1,"name":"Portada","item":"https:\/\/radiolitoral.com\/"},{"@type":"ListItem","position":2,"name":"Colaboraci\u00f3n entre CB Ifach Calpe y CB Terralf\u00e1s con j\u00f3venes jugadores"}]},{"@type":"WebSite","@id":"https:\/\/radiolitoral.com\/#website","url":"https:\/\/radiolitoral.com\/","name":"R\u00e0dio Litoral","description":"La r\u00e0dio local de la Marina Alta","publisher":{"@id":"https:\/\/radiolitoral.com\/#organization"},"alternateName":"Litoral FM","potentialAction":[{"@type":"SearchAction","target":{"@type":"EntryPoint","urlTemplate":"https:\/\/radiolitoral.com\/?s={search_term_string}"},"query-input":{"@type":"PropertyValueSpecification","valueRequired":true,"valueName":"search_term_string"}}],"inLanguage":"ca"},{"@type":"Organization","@id":"https:\/\/radiolitoral.com\/#organization","name":"R\u00e0dio Litoral","url":"https:\/\/radiolitoral.com\/","logo":{"@type":"ImageObject","inLanguage":"ca","@id":"https:\/\/radiolitoral.com\/#\/schema\/logo\/image\/","url":"https:\/\/media.radiolitoral.com\/wp-content\/uploads\/2023\/02\/24143238\/CL-V-RadioLitoral696.png","contentUrl":"https:\/\/media.radiolitoral.com\/wp-content\/uploads\/2023\/02\/24143238\/CL-V-RadioLitoral696.png","width":696,"height":696,"caption":"Radio Litoral"},"image":{"@id":"https:\/\/radiolitoral.com\/#\/schema\/logo\/image\/"},"sameAs":["https:\/\/www.facebook.com\/Laradiolitoral\/"]},{"@type":"Person","@id":"https:\/\/radiolitoral.com\/#\/schema\/person\/7b1480b5caeb5acdd4ec6379caf62b22","name":"Javier Zamora","image":{"@type":"ImageObject","inLanguage":"ca","@id":"https:\/\/secure.gravatar.com\/avatar\/467a11f6918c7d619c4043fc6fa2d3853053107973f05b6e9c04ea6c4e3a7b3f?s=96&d=mm&r=g","url":"https:\/\/secure.gravatar.com\/avatar\/467a11f6918c7d619c4043fc6fa2d3853053107973f05b6e9c04ea6c4e3a7b3f?s=96&d=mm&r=g","contentUrl":"https:\/\/secure.gravatar.com\/avatar\/467a11f6918c7d619c4043fc6fa2d3853053107973f05b6e9c04ea6c4e3a7b3f?s=96&d=mm&r=g","caption":"Javier Zamora"},"url":"https:\/\/radiolitoral.com\/ca\/author\/javier-zamora\/"}]}},"_links":{"self":[{"href":"https:\/\/radiolitoral.com\/ca\/wp-json\/wp\/v2\/posts\/20944","targetHints":{"allow":["GET"]}}],"collection":[{"href":"https:\/\/radiolitoral.com\/ca\/wp-json\/wp\/v2\/posts"}],"about":[{"href":"https:\/\/radiolitoral.com\/ca\/wp-json\/wp\/v2\/types\/post"}],"author":[{"embeddable":true,"href":"https:\/\/radiolitoral.com\/ca\/wp-json\/wp\/v2\/users\/12"}],"replies":[{"embeddable":true,"href":"https:\/\/radiolitoral.com\/ca\/wp-json\/wp\/v2\/comments?post=20944"}],"version-history":[{"count":1,"href":"https:\/\/radiolitoral.com\/ca\/wp-json\/wp\/v2\/posts\/20944\/revisions"}],"predecessor-version":[{"id":20946,"href":"https:\/\/radiolitoral.com\/ca\/wp-json\/wp\/v2\/posts\/20944\/revisions\/20946"}],"wp:featuredmedia":[{"embeddable":true,"href":"https:\/\/radiolitoral.com\/ca\/wp-json\/wp\/v2\/media\/20945"}],"wp:attachment":[{"href":"https:\/\/radiolitoral.com\/ca\/wp-json\/wp\/v2\/media?parent=20944"}],"wp:term":[{"taxonomy":"category","embeddable":true,"href":"https:\/\/radiolitoral.com\/ca\/wp-json\/wp\/v2\/categories?post=20944"},{"taxonomy":"post_tag","embeddable":true,"href":"https:\/\/radiolitoral.com\/ca\/wp-json\/wp\/v2\/tags?post=20944"}],"curies":[{"name":"wp","href":"https:\/\/api.w.org\/{rel}","templated":true}]}}