{"id":20937,"date":"2026-09-01T10:20:31","date_gmt":"2026-09-01T08:20:31","guid":{"rendered":"https:\/\/radiolitoral.com\/?p=20937"},"modified":"2026-09-01T10:27:47","modified_gmt":"2026-09-01T08:27:47","slug":"benissa-en-curt-arrenca-la-seva-segona-edicio-amb-totes-les-entrades-esgotades","status":"publish","type":"post","link":"https:\/\/radiolitoral.com\/ca\/2026\/09\/benissa-en-corto-arranca-su-segunda-edicion-con-todas-las-entradas-agotadas\/","title":{"rendered":"Benissa a Corto arrenca la seva segona edici\u00f3 amb totes les entrades exhaurides"},"content":{"rendered":"<p class=\"PDq2pG_selectionAnchorContainer\" data-start=\"281\" data-end=\"719\"><strong data-start=\"281\" data-end=\"292\">Benissa<\/strong> s&#039;ha tornat a convertir en un punt de trobada per als amants del cinema amb l&#039;inici de la <strong data-start=\"388\" data-end=\"422\">II edici\u00f3 de Benissa a Corto<\/strong>, un festival que ha arrencat amb una gran acollida per part del p\u00fablic. Totes les <strong data-start=\"507\" data-end=\"535\">projeccions programades<\/strong> han completat l&#039;aforament en les primeres passades, confirmant el suport dels espectadors a una cita que aposta pel talent audiovisual i les hist\u00f2ries explicades en format breu.<\/p>\n<p data-start=\"721\" data-end=\"1019\">L&#039;obertura del certamen va reunir al <strong data-start=\"759\" data-end=\"789\">Centre Cultural de Benissa<\/strong> els integrants del jurat, responsables de valorar els treballs presentats i decidir-ne els reconeixements. La programaci\u00f3 continuar\u00e0 fins al <strong data-start=\"952\" data-end=\"971\">6 de setembre<\/strong>, amb una localitat bolcada amb el set\u00e8 art.<\/p>\n<p data-start=\"721\" data-end=\"1019\"><a href=\"https:\/\/media.radiolitoral.com\/wp-content\/uploads\/2026\/09\/01101826\/00A4608-scaled.jpg\"><img loading=\"lazy\" decoding=\"async\" class=\"size-full wp-image-20939 aligncenter\" src=\"https:\/\/media.radiolitoral.com\/wp-content\/uploads\/2026\/09\/01101826\/00A4608-scaled.jpg\" alt=\"\" width=\"2560\" height=\"1880\" srcset=\"https:\/\/media.radiolitoral.com\/wp-content\/uploads\/2026\/09\/01101826\/00A4608-scaled.jpg 2560w, https:\/\/media.radiolitoral.com\/wp-content\/uploads\/2026\/09\/01101826\/00A4608-300x220.jpg 300w, https:\/\/media.radiolitoral.com\/wp-content\/uploads\/2026\/09\/01101826\/00A4608-1024x752.jpg 1024w, https:\/\/media.radiolitoral.com\/wp-content\/uploads\/2026\/09\/01101826\/00A4608-768x564.jpg 768w, https:\/\/media.radiolitoral.com\/wp-content\/uploads\/2026\/09\/01101826\/00A4608-1536x1128.jpg 1536w, https:\/\/media.radiolitoral.com\/wp-content\/uploads\/2026\/09\/01101826\/00A4608-2048x1504.jpg 2048w, https:\/\/media.radiolitoral.com\/wp-content\/uploads\/2026\/09\/01101826\/00A4608-16x12.jpg 16w, https:\/\/media.radiolitoral.com\/wp-content\/uploads\/2026\/09\/01101826\/00A4608-1000x734.jpg 1000w, https:\/\/media.radiolitoral.com\/wp-content\/uploads\/2026\/09\/01101826\/00A4608-100x73.jpg 100w, https:\/\/media.radiolitoral.com\/wp-content\/uploads\/2026\/09\/01101826\/00A4608-200x147.jpg 200w\" sizes=\"auto, (max-width: 2560px) 100vw, 2560px\" \/><\/a><\/p>\n<h2 data-section-id=\"10k5x2b\" data-start=\"1021\" data-end=\"1081\"><span role=\"text\"><strong data-start=\"1024\" data-end=\"1081\">Jurat professional<\/strong><\/span><\/h2>\n<p data-start=\"1083\" data-end=\"1367\">El president del jurat, l?actor catal\u00e0 <strong data-start=\"1126\" data-end=\"1144\">Octavi Pujades<\/strong>, va acudir a l&#039;inici del festival acompanyat pels int\u00e8rprets <strong data-start=\"1207\" data-end=\"1238\">Carolina Bona, Vanessa Cano<\/strong> i <strong data-start=\"1241\" data-end=\"1257\">Ferran Gadea<\/strong>, coneguts pels seus papers a la s\u00e8rie <strong data-start=\"1297\" data-end=\"1320\">\u201cL&#039;Alqueria Blanca\u201d<\/strong>, a m\u00e9s de l&#039;actor calp\u00ed <strong data-start=\"1347\" data-end=\"1366\">Rafael Hern\u00e1ndez<\/strong>.<\/p>\n<p data-start=\"1369\" data-end=\"1580\">L?equip ser\u00e0 l?encarregat d?analitzar cada proposta, des de la posada en escena fins a les interpretacions, per recon\u00e8ixer aquells curtmetratges capa\u00e7os de transmetre una hist\u00f2ria amb for\u00e7a en pocs minuts.<\/p>\n<p data-start=\"1582\" data-end=\"1965\">Al costat del jurat van estar els responsables del projecte: el director del festival, <strong data-start=\"1666\" data-end=\"1680\">Pedro Font<\/strong>, <strong data-start=\"1682\" data-end=\"1699\">Ra\u00fal Mart\u00ednez<\/strong> i <strong data-start=\"1702\" data-end=\"1715\">Maria Mas<\/strong>, aix\u00ed com els creadors dels curtmetratges participants <em data-start=\"1775\" data-end=\"1794\">\u201cCremar el pare\u201d<\/em>, de Rafa Piqueras; <em data-start=\"1814\" data-end=\"1861\">\u201cCat\u00e0leg de su\u00efcidis (per a gent exigent)\u201d<\/em>, de Diego Vargas; i <em data-start=\"1882\" data-end=\"1902\">\u201cEl dia que falti\u201d<\/em>, d&#039;Unai Liarte, Moha Azyane, Miquel A.Ciotta i Mario Moliner.<\/p>\n<p data-start=\"1967\" data-end=\"2192\">Tamb\u00e9 van assistir l&#039;alcalde de <strong data-start=\"2000\" data-end=\"2011\">Benissa<\/strong>, Arturo Poquet, la regidora de Cultura, Pepa Bertomeu, i representants del departament de Cultura de l&#039;Ajuntament, juntament amb un p\u00fablic que va omplir la sala a la jornada inaugural.<\/p>\n<p data-start=\"1967\" data-end=\"2192\"><a href=\"https:\/\/media.radiolitoral.com\/wp-content\/uploads\/2026\/09\/01101914\/DSC_0736-scaled.jpg\"><img loading=\"lazy\" decoding=\"async\" class=\"size-full wp-image-20940 aligncenter\" src=\"https:\/\/media.radiolitoral.com\/wp-content\/uploads\/2026\/09\/01101914\/DSC_0736-scaled.jpg\" alt=\"\" width=\"2560\" height=\"1706\" srcset=\"https:\/\/media.radiolitoral.com\/wp-content\/uploads\/2026\/09\/01101914\/DSC_0736-scaled.jpg 2560w, https:\/\/media.radiolitoral.com\/wp-content\/uploads\/2026\/09\/01101914\/DSC_0736-300x200.jpg 300w, https:\/\/media.radiolitoral.com\/wp-content\/uploads\/2026\/09\/01101914\/DSC_0736-1024x683.jpg 1024w, https:\/\/media.radiolitoral.com\/wp-content\/uploads\/2026\/09\/01101914\/DSC_0736-768x512.jpg 768w, https:\/\/media.radiolitoral.com\/wp-content\/uploads\/2026\/09\/01101914\/DSC_0736-1536x1024.jpg 1536w, https:\/\/media.radiolitoral.com\/wp-content\/uploads\/2026\/09\/01101914\/DSC_0736-2048x1365.jpg 2048w, https:\/\/media.radiolitoral.com\/wp-content\/uploads\/2026\/09\/01101914\/DSC_0736-18x12.jpg 18w, https:\/\/media.radiolitoral.com\/wp-content\/uploads\/2026\/09\/01101914\/DSC_0736-1000x667.jpg 1000w, https:\/\/media.radiolitoral.com\/wp-content\/uploads\/2026\/09\/01101914\/DSC_0736-100x67.jpg 100w, https:\/\/media.radiolitoral.com\/wp-content\/uploads\/2026\/09\/01101914\/DSC_0736-200x133.jpg 200w\" sizes=\"auto, (max-width: 2560px) 100vw, 2560px\" \/><\/a><\/p>\n<h2 data-section-id=\"k76o6o\" data-start=\"2194\" data-end=\"2250\"><span role=\"text\"><strong data-start=\"2197\" data-end=\"2250\">Recordo Paco Sarro a l&#039;obertura del festival<\/strong><\/span><\/h2>\n<p data-start=\"2252\" data-end=\"2528\">Abans del comen\u00e7ament de les projeccions es va dedicar un record a l&#039;actor valenci\u00e0 <strong data-start=\"2333\" data-end=\"2347\">Paco Sarro<\/strong>, mort de forma sobtada. Sarro era conegut per la seva traject\u00f2ria professional i, entre altres treballs, per interpretar el personatge de <strong data-start=\"2486\" data-end=\"2527\">Ferri a la s\u00e8rie &#039;L&#039;Alqueria Blanca&#039;\u2018<\/strong>.<\/p>\n<p data-start=\"2530\" data-end=\"2731\">L&#039;homenatge va marcar l&#039;inici d&#039;una edici\u00f3 que pret\u00e9n posar en valor la creaci\u00f3 audiovisual i el treball dels qui troben al curtmetratge una via per explicar hist\u00f2ries intenses i singulars.<\/p>\n<p data-start=\"2806\" data-end=\"2975\">El president del jurat, <strong data-start=\"2832\" data-end=\"2850\">Octavi Pujades<\/strong>, va explicar la responsabilitat que suposa assumir aquesta funci\u00f3 i va destacar la qualitat de les obres que competiran en aquesta edici\u00f3. &quot;\u00c9s una responsabilitat ser president perqu\u00e8 has de valorar la feina dels teus companys, hi ha molt nivell aquest any quant a il\u00b7luminaci\u00f3, rodatge, les hist\u00f2ries. La qualitat \u00e9s impressionant&quot;, va assenyalar.<\/p>\n<p data-start=\"3180\" data-end=\"3396\">L&#039;actor va afegir que l&#039;objectiu del jurat ser\u00e0 actuar amb la m\u00e0xima just\u00edcia possible en les seves decisions: \u201cVols que el repartiment de premis sigui tan just com sigui possible quan est\u00e0s valorant una demostraci\u00f3 art\u00edstica\u201d.<\/p>\n<p data-start=\"3398\" data-end=\"3685\">Pujades tamb\u00e9 <strong>va posar en valor la resposta del p\u00fablic<\/strong> i la import\u00e0ncia d&#039;acostar el curtmetratge als espectadors: \u201c\u00c9s tot un honor ser a Benissa a Corto amb un cinema ple d&#039;espectadors disposats a gaudir de la cultura dels curtmetratges i aix\u00f2 no es paga amb diners\u201d.<\/p>\n<p data-start=\"3737\" data-end=\"3933\">El director de <strong data-start=\"3752\" data-end=\"3772\">Benissa a Curt<\/strong>, <strong data-start=\"3774\" data-end=\"3788\">Pedro Font<\/strong>, va destacar la import\u00e0ncia de l&#039;assist\u00e8ncia registrada durant les primeres sessions i va agrair la implicaci\u00f3 dels que han acudit al festival. \u201cVam comen\u00e7ar una gran setmana dedicada al cinema desitjant que gaudeixin de tots els curts i de les activitats programades\u201d, va afirmar.<\/p>\n<p data-start=\"4067\" data-end=\"4227\">Font va subratllar que la participaci\u00f3 del p\u00fablic \u00e9s un dels elements fonamentals per donar sentit a una iniciativa que busca acostar el cinema a la ciutadania.<\/p>\n<p data-start=\"4288\" data-end=\"4419\">L&#039;alcalde de <strong data-start=\"4302\" data-end=\"4313\">Benissa<\/strong>, Arturo Poquet, va recordar l&#039;origen recent del festival i l&#039;evoluci\u00f3 assolida en nom\u00e9s dues edicions. &quot;Aquesta bogeria de Benissa a Corto va comen\u00e7ar l&#039;any passat gr\u00e0cies a Pedro, Ra\u00fal i Maria i han aconseguit que sigui un dels esdeveniments culturals m\u00e9s importants de la localitat. La veritat \u00e9s que \u00e9s una aut\u00e8ntica satisfacci\u00f3 veure aquesta sala plena de gent i en totes les passades&quot;, va remarcar.<\/p>","protected":false},"excerpt":{"rendered":"<p>Benissa ha vuelto a convertirse en un punto de encuentro para los amantes del cine con el inicio de la II edici\u00f3n de Benissa en Corto, un festival que ha arrancado con una gran acogida por parte del p\u00fablico. Todas las proyecciones programadas han completado el aforo en sus primeros pases, confirmando el respaldo de [&#8230;]<\/p>\n<p><a class=\"btn btn-secondary understrap-read-more-link\" href=\"https:\/\/radiolitoral.com\/ca\/2026\/09\/benissa-en-corto-arranca-su-segunda-edicion-con-todas-las-entradas-agotadas\/\">Continua llegint&#8230;<span class=\"screen-reader-text\"> from Benissa en Corto arranca su segunda edici\u00f3n con todas las entradas agotadas<\/span><\/a><\/p>\n","protected":false},"author":14,"featured_media":20938,"comment_status":"open","ping_status":"closed","sticky":false,"template":"","format":"standard","meta":{"_acf_changed":false,"inline_featured_image":false,"footnotes":""},"categories":[55],"tags":[126,3302,56,4273],"class_list":["post-20937","post","type-post","status-publish","format-standard","has-post-thumbnail","hentry","category-cultura","tag-benissa","tag-benissa-en-corto","tag-cine","tag-cortos","cobertura-benissa"],"acf":[],"yoast_head":"<!-- This site is optimized with the Yoast SEO plugin v28.3 - https:\/\/yoast.com\/product\/yoast-seo-wordpress\/ -->\n<title>Benissa en Corto arranca su segunda edici\u00f3n con todas las entradas agotadas | R\u00e0dio Litoral<\/title>\n<meta name=\"description\" content=\"El festival re\u00fane en Benissa a un jurado de reconocidos int\u00e9rpretes y convierte la localidad en un escaparate del cortometraje\" \/>\n<meta name=\"robots\" content=\"index, follow, max-snippet:-1, max-image-preview:large, max-video-preview:-1\" \/>\n<link rel=\"canonical\" href=\"https:\/\/radiolitoral.com\/ca\/2026\/09\/benissa-en-curt-arrenca-la-seva-segona-edicio-amb-totes-les-entrades-esgotades\/\" \/>\n<meta property=\"og:locale\" content=\"ca_ES\" \/>\n<meta property=\"og:type\" content=\"article\" \/>\n<meta property=\"og:title\" content=\"Benissa en Corto arranca su segunda edici\u00f3n con todas las entradas agotadas | R\u00e0dio Litoral\" \/>\n<meta property=\"og:description\" content=\"El festival re\u00fane en Benissa a un jurado de reconocidos int\u00e9rpretes y convierte la localidad en un escaparate del cortometraje\" \/>\n<meta property=\"og:url\" content=\"https:\/\/radiolitoral.com\/ca\/2026\/09\/benissa-en-curt-arrenca-la-seva-segona-edicio-amb-totes-les-entrades-esgotades\/\" \/>\n<meta property=\"og:site_name\" content=\"R\u00e0dio Litoral\" \/>\n<meta property=\"article:publisher\" content=\"https:\/\/www.facebook.com\/Laradiolitoral\/\" \/>\n<meta property=\"article:published_time\" content=\"2026-09-01T08:20:31+00:00\" \/>\n<meta property=\"article:modified_time\" content=\"2026-09-01T08:27:47+00:00\" \/>\n<meta property=\"og:image\" content=\"https:\/\/media.radiolitoral.com\/wp-content\/uploads\/2026\/09\/01101816\/Jurado-scaled.jpg\" \/>\n\t<meta property=\"og:image:width\" content=\"2560\" \/>\n\t<meta property=\"og:image:height\" content=\"2013\" \/>\n\t<meta property=\"og:image:type\" content=\"image\/jpeg\" \/>\n<meta name=\"author\" content=\"Redacci\u00f3n\" \/>\n<meta name=\"twitter:card\" content=\"summary_large_image\" \/>\n<meta name=\"twitter:label1\" content=\"Escrit per\" \/>\n\t<meta name=\"twitter:data1\" content=\"Redacci\u00f3n\" \/>\n\t<meta name=\"twitter:label2\" content=\"Temps estimat de lectura\" \/>\n\t<meta name=\"twitter:data2\" content=\"4 minuts\" \/>\n<script type=\"application\/ld+json\" class=\"yoast-schema-graph\">{\"@context\":\"https:\\\/\\\/schema.org\",\"@graph\":[{\"@type\":\"NewsArticle\",\"@id\":\"https:\\\/\\\/radiolitoral.com\\\/2026\\\/09\\\/benissa-en-corto-arranca-su-segunda-edicion-con-todas-las-entradas-agotadas\\\/#article\",\"isPartOf\":{\"@id\":\"https:\\\/\\\/radiolitoral.com\\\/2026\\\/09\\\/benissa-en-corto-arranca-su-segunda-edicion-con-todas-las-entradas-agotadas\\\/\"},\"author\":{\"name\":\"Redacci\u00f3n\",\"@id\":\"https:\\\/\\\/radiolitoral.com\\\/#\\\/schema\\\/person\\\/96b739642eb3bedb532aac3812d23307\"},\"headline\":\"Benissa en Corto arranca su segunda edici\u00f3n con todas las entradas agotadas\",\"datePublished\":\"2026-09-01T08:20:31+00:00\",\"dateModified\":\"2026-09-01T08:27:47+00:00\",\"mainEntityOfPage\":{\"@id\":\"https:\\\/\\\/radiolitoral.com\\\/2026\\\/09\\\/benissa-en-corto-arranca-su-segunda-edicion-con-todas-las-entradas-agotadas\\\/\"},\"wordCount\":713,\"commentCount\":0,\"publisher\":{\"@id\":\"https:\\\/\\\/radiolitoral.com\\\/#organization\"},\"image\":{\"@id\":\"https:\\\/\\\/radiolitoral.com\\\/2026\\\/09\\\/benissa-en-corto-arranca-su-segunda-edicion-con-todas-las-entradas-agotadas\\\/#primaryimage\"},\"thumbnailUrl\":\"https:\\\/\\\/media.radiolitoral.com\\\/wp-content\\\/uploads\\\/2026\\\/09\\\/01101816\\\/Jurado-scaled.jpg\",\"keywords\":[\"Benissa\",\"Benissa en Corto\",\"Cine\",\"cortos\"],\"articleSection\":[\"Cultura\"],\"inLanguage\":\"ca\",\"potentialAction\":[{\"@type\":\"CommentAction\",\"name\":\"Comment\",\"target\":[\"https:\\\/\\\/radiolitoral.com\\\/2026\\\/09\\\/benissa-en-corto-arranca-su-segunda-edicion-con-todas-las-entradas-agotadas\\\/#respond\"]}]},{\"@type\":[\"WebPage\",\"ItemPage\"],\"@id\":\"https:\\\/\\\/radiolitoral.com\\\/2026\\\/09\\\/benissa-en-corto-arranca-su-segunda-edicion-con-todas-las-entradas-agotadas\\\/\",\"url\":\"https:\\\/\\\/radiolitoral.com\\\/2026\\\/09\\\/benissa-en-corto-arranca-su-segunda-edicion-con-todas-las-entradas-agotadas\\\/\",\"name\":\"Benissa en Corto arranca su segunda edici\u00f3n con todas las entradas agotadas | R\u00e0dio Litoral\",\"isPartOf\":{\"@id\":\"https:\\\/\\\/radiolitoral.com\\\/#website\"},\"primaryImageOfPage\":{\"@id\":\"https:\\\/\\\/radiolitoral.com\\\/2026\\\/09\\\/benissa-en-corto-arranca-su-segunda-edicion-con-todas-las-entradas-agotadas\\\/#primaryimage\"},\"image\":{\"@id\":\"https:\\\/\\\/radiolitoral.com\\\/2026\\\/09\\\/benissa-en-corto-arranca-su-segunda-edicion-con-todas-las-entradas-agotadas\\\/#primaryimage\"},\"thumbnailUrl\":\"https:\\\/\\\/media.radiolitoral.com\\\/wp-content\\\/uploads\\\/2026\\\/09\\\/01101816\\\/Jurado-scaled.jpg\",\"datePublished\":\"2026-09-01T08:20:31+00:00\",\"dateModified\":\"2026-09-01T08:27:47+00:00\",\"description\":\"El festival re\u00fane en Benissa a un jurado de reconocidos int\u00e9rpretes y convierte la localidad en un escaparate del cortometraje\",\"breadcrumb\":{\"@id\":\"https:\\\/\\\/radiolitoral.com\\\/2026\\\/09\\\/benissa-en-corto-arranca-su-segunda-edicion-con-todas-las-entradas-agotadas\\\/#breadcrumb\"},\"inLanguage\":\"ca\",\"potentialAction\":[{\"@type\":\"ReadAction\",\"target\":[\"https:\\\/\\\/radiolitoral.com\\\/2026\\\/09\\\/benissa-en-corto-arranca-su-segunda-edicion-con-todas-las-entradas-agotadas\\\/\"]}]},{\"@type\":\"ImageObject\",\"inLanguage\":\"ca\",\"@id\":\"https:\\\/\\\/radiolitoral.com\\\/2026\\\/09\\\/benissa-en-corto-arranca-su-segunda-edicion-con-todas-las-entradas-agotadas\\\/#primaryimage\",\"url\":\"https:\\\/\\\/media.radiolitoral.com\\\/wp-content\\\/uploads\\\/2026\\\/09\\\/01101816\\\/Jurado-scaled.jpg\",\"contentUrl\":\"https:\\\/\\\/media.radiolitoral.com\\\/wp-content\\\/uploads\\\/2026\\\/09\\\/01101816\\\/Jurado-scaled.jpg\",\"width\":2560,\"height\":2013},{\"@type\":\"BreadcrumbList\",\"@id\":\"https:\\\/\\\/radiolitoral.com\\\/2026\\\/09\\\/benissa-en-corto-arranca-su-segunda-edicion-con-todas-las-entradas-agotadas\\\/#breadcrumb\",\"itemListElement\":[{\"@type\":\"ListItem\",\"position\":1,\"name\":\"Portada\",\"item\":\"https:\\\/\\\/radiolitoral.com\\\/\"},{\"@type\":\"ListItem\",\"position\":2,\"name\":\"Benissa en Corto arranca su segunda edici\u00f3n con todas las entradas agotadas\"}]},{\"@type\":\"WebSite\",\"@id\":\"https:\\\/\\\/radiolitoral.com\\\/#website\",\"url\":\"https:\\\/\\\/radiolitoral.com\\\/\",\"name\":\"Radio Litoral\",\"description\":\"La radio local de la Marina Alta\",\"publisher\":{\"@id\":\"https:\\\/\\\/radiolitoral.com\\\/#organization\"},\"alternateName\":\"Litoral FM\",\"potentialAction\":[{\"@type\":\"SearchAction\",\"target\":{\"@type\":\"EntryPoint\",\"urlTemplate\":\"https:\\\/\\\/radiolitoral.com\\\/?s={search_term_string}\"},\"query-input\":{\"@type\":\"PropertyValueSpecification\",\"valueRequired\":true,\"valueName\":\"search_term_string\"}}],\"inLanguage\":\"ca\"},{\"@type\":\"Organization\",\"@id\":\"https:\\\/\\\/radiolitoral.com\\\/#organization\",\"name\":\"Radio Litoral\",\"url\":\"https:\\\/\\\/radiolitoral.com\\\/\",\"logo\":{\"@type\":\"ImageObject\",\"inLanguage\":\"ca\",\"@id\":\"https:\\\/\\\/radiolitoral.com\\\/#\\\/schema\\\/logo\\\/image\\\/\",\"url\":\"https:\\\/\\\/media.radiolitoral.com\\\/wp-content\\\/uploads\\\/2023\\\/02\\\/24143238\\\/CL-V-RadioLitoral696.png\",\"contentUrl\":\"https:\\\/\\\/media.radiolitoral.com\\\/wp-content\\\/uploads\\\/2023\\\/02\\\/24143238\\\/CL-V-RadioLitoral696.png\",\"width\":696,\"height\":696,\"caption\":\"Radio Litoral\"},\"image\":{\"@id\":\"https:\\\/\\\/radiolitoral.com\\\/#\\\/schema\\\/logo\\\/image\\\/\"},\"sameAs\":[\"https:\\\/\\\/www.facebook.com\\\/Laradiolitoral\\\/\"]},{\"@type\":\"Person\",\"@id\":\"https:\\\/\\\/radiolitoral.com\\\/#\\\/schema\\\/person\\\/96b739642eb3bedb532aac3812d23307\",\"name\":\"Redacci\u00f3n\",\"image\":{\"@type\":\"ImageObject\",\"inLanguage\":\"ca\",\"@id\":\"https:\\\/\\\/secure.gravatar.com\\\/avatar\\\/30cd06129ee90411dd9c7cbdcf17464181d1a3c7b072e92070ea75a25cf0097e?s=96&d=mm&r=g\",\"url\":\"https:\\\/\\\/secure.gravatar.com\\\/avatar\\\/30cd06129ee90411dd9c7cbdcf17464181d1a3c7b072e92070ea75a25cf0097e?s=96&d=mm&r=g\",\"contentUrl\":\"https:\\\/\\\/secure.gravatar.com\\\/avatar\\\/30cd06129ee90411dd9c7cbdcf17464181d1a3c7b072e92070ea75a25cf0097e?s=96&d=mm&r=g\",\"caption\":\"Redacci\u00f3n\"},\"url\":\"https:\\\/\\\/radiolitoral.com\\\/ca\\\/author\\\/kevin-carrio\\\/\"}]}<\/script>\n<!-- \/ Yoast SEO plugin. -->","yoast_head_json":{"title":"Benissa a Corto arrenca la segona edici\u00f3 amb totes les entrades esgotades | R\u00e0dio Litoral","description":"El festival reuneix a Benissa un jurat de reconeguts int\u00e8rprets i converteix la localitat en un aparador del curtmetratge","robots":{"index":"index","follow":"follow","max-snippet":"max-snippet:-1","max-image-preview":"max-image-preview:large","max-video-preview":"max-video-preview:-1"},"canonical":"https:\/\/radiolitoral.com\/ca\/2026\/09\/benissa-en-curt-arrenca-la-seva-segona-edicio-amb-totes-les-entrades-esgotades\/","og_locale":"ca_ES","og_type":"article","og_title":"Benissa en Corto arranca su segunda edici\u00f3n con todas las entradas agotadas | R\u00e0dio Litoral","og_description":"El festival re\u00fane en Benissa a un jurado de reconocidos int\u00e9rpretes y convierte la localidad en un escaparate del cortometraje","og_url":"https:\/\/radiolitoral.com\/ca\/2026\/09\/benissa-en-curt-arrenca-la-seva-segona-edicio-amb-totes-les-entrades-esgotades\/","og_site_name":"R\u00e0dio Litoral","article_publisher":"https:\/\/www.facebook.com\/Laradiolitoral\/","article_published_time":"2026-09-01T08:20:31+00:00","article_modified_time":"2026-09-01T08:27:47+00:00","og_image":[{"width":2560,"height":2013,"url":"https:\/\/media.radiolitoral.com\/wp-content\/uploads\/2026\/09\/01101816\/Jurado-scaled.jpg","type":"image\/jpeg"}],"author":"Redacci\u00f3n","twitter_card":"summary_large_image","twitter_misc":{"Escrit per":"Redacci\u00f3n","Temps estimat de lectura":"4 minuts"},"schema":{"@context":"https:\/\/schema.org","@graph":[{"@type":"NewsArticle","@id":"https:\/\/radiolitoral.com\/2026\/09\/benissa-en-corto-arranca-su-segunda-edicion-con-todas-las-entradas-agotadas\/#article","isPartOf":{"@id":"https:\/\/radiolitoral.com\/2026\/09\/benissa-en-corto-arranca-su-segunda-edicion-con-todas-las-entradas-agotadas\/"},"author":{"name":"Redacci\u00f3n","@id":"https:\/\/radiolitoral.com\/#\/schema\/person\/96b739642eb3bedb532aac3812d23307"},"headline":"Benissa en Corto arranca su segunda edici\u00f3n con todas las entradas agotadas","datePublished":"2026-09-01T08:20:31+00:00","dateModified":"2026-09-01T08:27:47+00:00","mainEntityOfPage":{"@id":"https:\/\/radiolitoral.com\/2026\/09\/benissa-en-corto-arranca-su-segunda-edicion-con-todas-las-entradas-agotadas\/"},"wordCount":713,"commentCount":0,"publisher":{"@id":"https:\/\/radiolitoral.com\/#organization"},"image":{"@id":"https:\/\/radiolitoral.com\/2026\/09\/benissa-en-corto-arranca-su-segunda-edicion-con-todas-las-entradas-agotadas\/#primaryimage"},"thumbnailUrl":"https:\/\/media.radiolitoral.com\/wp-content\/uploads\/2026\/09\/01101816\/Jurado-scaled.jpg","keywords":["Benissa","Benissa en Corto","Cine","cortos"],"articleSection":["Cultura"],"inLanguage":"ca","potentialAction":[{"@type":"CommentAction","name":"Comment","target":["https:\/\/radiolitoral.com\/2026\/09\/benissa-en-corto-arranca-su-segunda-edicion-con-todas-las-entradas-agotadas\/#respond"]}]},{"@type":["WebPage","ItemPage"],"@id":"https:\/\/radiolitoral.com\/2026\/09\/benissa-en-corto-arranca-su-segunda-edicion-con-todas-las-entradas-agotadas\/","url":"https:\/\/radiolitoral.com\/2026\/09\/benissa-en-corto-arranca-su-segunda-edicion-con-todas-las-entradas-agotadas\/","name":"Benissa a Corto arrenca la segona edici\u00f3 amb totes les entrades esgotades | R\u00e0dio Litoral","isPartOf":{"@id":"https:\/\/radiolitoral.com\/#website"},"primaryImageOfPage":{"@id":"https:\/\/radiolitoral.com\/2026\/09\/benissa-en-corto-arranca-su-segunda-edicion-con-todas-las-entradas-agotadas\/#primaryimage"},"image":{"@id":"https:\/\/radiolitoral.com\/2026\/09\/benissa-en-corto-arranca-su-segunda-edicion-con-todas-las-entradas-agotadas\/#primaryimage"},"thumbnailUrl":"https:\/\/media.radiolitoral.com\/wp-content\/uploads\/2026\/09\/01101816\/Jurado-scaled.jpg","datePublished":"2026-09-01T08:20:31+00:00","dateModified":"2026-09-01T08:27:47+00:00","description":"El festival reuneix a Benissa un jurat de reconeguts int\u00e8rprets i converteix la localitat en un aparador del curtmetratge","breadcrumb":{"@id":"https:\/\/radiolitoral.com\/2026\/09\/benissa-en-corto-arranca-su-segunda-edicion-con-todas-las-entradas-agotadas\/#breadcrumb"},"inLanguage":"ca","potentialAction":[{"@type":"ReadAction","target":["https:\/\/radiolitoral.com\/2026\/09\/benissa-en-corto-arranca-su-segunda-edicion-con-todas-las-entradas-agotadas\/"]}]},{"@type":"ImageObject","inLanguage":"ca","@id":"https:\/\/radiolitoral.com\/2026\/09\/benissa-en-corto-arranca-su-segunda-edicion-con-todas-las-entradas-agotadas\/#primaryimage","url":"https:\/\/media.radiolitoral.com\/wp-content\/uploads\/2026\/09\/01101816\/Jurado-scaled.jpg","contentUrl":"https:\/\/media.radiolitoral.com\/wp-content\/uploads\/2026\/09\/01101816\/Jurado-scaled.jpg","width":2560,"height":2013},{"@type":"BreadcrumbList","@id":"https:\/\/radiolitoral.com\/2026\/09\/benissa-en-corto-arranca-su-segunda-edicion-con-todas-las-entradas-agotadas\/#breadcrumb","itemListElement":[{"@type":"ListItem","position":1,"name":"Portada","item":"https:\/\/radiolitoral.com\/"},{"@type":"ListItem","position":2,"name":"Benissa en Corto arranca su segunda edici\u00f3n con todas las entradas agotadas"}]},{"@type":"WebSite","@id":"https:\/\/radiolitoral.com\/#website","url":"https:\/\/radiolitoral.com\/","name":"R\u00e0dio Litoral","description":"La r\u00e0dio local de la Marina Alta","publisher":{"@id":"https:\/\/radiolitoral.com\/#organization"},"alternateName":"Litoral FM","potentialAction":[{"@type":"SearchAction","target":{"@type":"EntryPoint","urlTemplate":"https:\/\/radiolitoral.com\/?s={search_term_string}"},"query-input":{"@type":"PropertyValueSpecification","valueRequired":true,"valueName":"search_term_string"}}],"inLanguage":"ca"},{"@type":"Organization","@id":"https:\/\/radiolitoral.com\/#organization","name":"R\u00e0dio Litoral","url":"https:\/\/radiolitoral.com\/","logo":{"@type":"ImageObject","inLanguage":"ca","@id":"https:\/\/radiolitoral.com\/#\/schema\/logo\/image\/","url":"https:\/\/media.radiolitoral.com\/wp-content\/uploads\/2023\/02\/24143238\/CL-V-RadioLitoral696.png","contentUrl":"https:\/\/media.radiolitoral.com\/wp-content\/uploads\/2023\/02\/24143238\/CL-V-RadioLitoral696.png","width":696,"height":696,"caption":"Radio Litoral"},"image":{"@id":"https:\/\/radiolitoral.com\/#\/schema\/logo\/image\/"},"sameAs":["https:\/\/www.facebook.com\/Laradiolitoral\/"]},{"@type":"Person","@id":"https:\/\/radiolitoral.com\/#\/schema\/person\/96b739642eb3bedb532aac3812d23307","name":"Redacci\u00f3","image":{"@type":"ImageObject","inLanguage":"ca","@id":"https:\/\/secure.gravatar.com\/avatar\/30cd06129ee90411dd9c7cbdcf17464181d1a3c7b072e92070ea75a25cf0097e?s=96&d=mm&r=g","url":"https:\/\/secure.gravatar.com\/avatar\/30cd06129ee90411dd9c7cbdcf17464181d1a3c7b072e92070ea75a25cf0097e?s=96&d=mm&r=g","contentUrl":"https:\/\/secure.gravatar.com\/avatar\/30cd06129ee90411dd9c7cbdcf17464181d1a3c7b072e92070ea75a25cf0097e?s=96&d=mm&r=g","caption":"Redacci\u00f3n"},"url":"https:\/\/radiolitoral.com\/ca\/author\/kevin-carrio\/"}]}},"_links":{"self":[{"href":"https:\/\/radiolitoral.com\/ca\/wp-json\/wp\/v2\/posts\/20937","targetHints":{"allow":["GET"]}}],"collection":[{"href":"https:\/\/radiolitoral.com\/ca\/wp-json\/wp\/v2\/posts"}],"about":[{"href":"https:\/\/radiolitoral.com\/ca\/wp-json\/wp\/v2\/types\/post"}],"author":[{"embeddable":true,"href":"https:\/\/radiolitoral.com\/ca\/wp-json\/wp\/v2\/users\/14"}],"replies":[{"embeddable":true,"href":"https:\/\/radiolitoral.com\/ca\/wp-json\/wp\/v2\/comments?post=20937"}],"version-history":[{"count":2,"href":"https:\/\/radiolitoral.com\/ca\/wp-json\/wp\/v2\/posts\/20937\/revisions"}],"predecessor-version":[{"id":20943,"href":"https:\/\/radiolitoral.com\/ca\/wp-json\/wp\/v2\/posts\/20937\/revisions\/20943"}],"wp:featuredmedia":[{"embeddable":true,"href":"https:\/\/radiolitoral.com\/ca\/wp-json\/wp\/v2\/media\/20938"}],"wp:attachment":[{"href":"https:\/\/radiolitoral.com\/ca\/wp-json\/wp\/v2\/media?parent=20937"}],"wp:term":[{"taxonomy":"category","embeddable":true,"href":"https:\/\/radiolitoral.com\/ca\/wp-json\/wp\/v2\/categories?post=20937"},{"taxonomy":"post_tag","embeddable":true,"href":"https:\/\/radiolitoral.com\/ca\/wp-json\/wp\/v2\/tags?post=20937"}],"curies":[{"name":"wp","href":"https:\/\/api.w.org\/{rel}","templated":true}]}}