{"id":2091,"date":"2023-04-11T16:57:27","date_gmt":"2023-04-11T14:57:27","guid":{"rendered":"https:\/\/radiolitoral.com\/?p=2091"},"modified":"2023-04-11T16:57:42","modified_gmt":"2023-04-11T14:57:42","slug":"les-festes-de-sant-vicent-ferrer-de-teulada-ja-son-aqui","status":"publish","type":"post","link":"https:\/\/radiolitoral.com\/ca\/2023\/04\/las-fiestas-de-sant-vicent-ferrer-de-teulada-ya-estan-aqui\/","title":{"rendered":"Les Festes de Sant Vicent Ferrer de Teulada ja s\u00f3n aqu\u00ed"},"content":{"rendered":"<p>Teulada estan en compte enrere per entrar de ple a la programaci\u00f3 de <strong>Festes en honor a Sant Vicent Ferrer de Teulada 2023.<\/strong><\/p>\n<p>La Comissi\u00f3 de Festes Sant Vicent Ferrer de Teulada 2023, en col\u00b7laboraci\u00f3 amb l&#039;Ajuntament de Teulada, ja ho tenen tot a punt per gaudir dels dies grans de les festes. Un programa ple d\u00b4actes organitzats perqu\u00e8 ve\u00efns, ve\u00efnes i visitants del municipi puguin gaudir de la tradici\u00f3 festiva.<\/p>\n<p>Dem\u00e0, dimecres 12 d&#039;abril, tret de sortida a aquesta programaci\u00f3 amb la tradicional entrada de la Murta i la Nit d&#039;Albades.<\/p>\n<p><strong>Rosana Caselles \u00e9s la regidora de festes:<\/strong><\/p>\n<p>&nbsp;<\/p>\n<audio class=\"wp-audio-shortcode\" id=\"audio-2091-1\" preload=\"none\" style=\"width: 100%;\" controls=\"controls\"><source type=\"audio\/mpeg\" src=\"https:\/\/media.radiolitoral.com\/wp-content\/uploads\/2023\/04\/11165302\/Rosana-1-1.mp3?_=1\" \/><a href=\"https:\/\/media.radiolitoral.com\/wp-content\/uploads\/2023\/04\/11165302\/Rosana-1-1.mp3\">https:\/\/media.radiolitoral.com\/wp-content\/uploads\/2023\/04\/11165302\/Rosana-1-1.mp3<\/a><\/audio>","protected":false},"excerpt":{"rendered":"<p>Teulada est\u00e1n en cuenta atr\u00e1s para entrar de lleno en la programaci\u00f3n de Fiestas en honor a Sant Vicent Ferrer de Teulada 2023. La Comisi\u00f3n de Fiestas San Vicente Ferrer de Teulada 2023, en colaboraci\u00f3n con el Ayuntamiento de Teulada, ya lo tienen todo listo para disfrutar de los d\u00edas grandes de sus fiestas. Un [&#8230;]<\/p>\n<p><a class=\"btn btn-secondary understrap-read-more-link\" href=\"https:\/\/radiolitoral.com\/ca\/2023\/04\/las-fiestas-de-sant-vicent-ferrer-de-teulada-ya-estan-aqui\/\">Continua llegint&#8230;<span class=\"screen-reader-text\"> from Las Fiestas de Sant Vicent Ferrer de Teulada ya est\u00e1n aqu\u00ed<\/span><\/a><\/p>\n","protected":false},"author":13,"featured_media":2093,"comment_status":"open","ping_status":"closed","sticky":false,"template":"","format":"standard","meta":{"_acf_changed":false,"inline_featured_image":false,"footnotes":""},"categories":[276],"tags":[486,485,414,484,146],"class_list":["post-2091","post","type-post","status-publish","format-standard","has-post-thumbnail","hentry","category-fiestas","tag-agenda-festiva-teulada","tag-fiestas-patronales","tag-fiestas-teulada","tag-sant-vicent-ferrer-teulada","tag-teulada","cobertura-teulada-moraira"],"acf":[],"yoast_head":"<!-- This site is optimized with the Yoast SEO plugin v27.5 - https:\/\/yoast.com\/product\/yoast-seo-wordpress\/ -->\n<title>Las Fiestas de Sant Vicent Ferrer de Teulada ya est\u00e1n aqu\u00ed | R\u00e0dio Litoral<\/title>\n<meta name=\"description\" content=\"Ma\u00f1ana es el pistoletazo de salida con la tradicional entrada de la Murta y la Noche de Albadas Ma\u00f1ana es el pistoletazo de salida con la tradicional entrada de la Murta y la Noche de Albadas\" \/>\n<meta name=\"robots\" content=\"index, follow, max-snippet:-1, max-image-preview:large, max-video-preview:-1\" \/>\n<link rel=\"canonical\" href=\"https:\/\/radiolitoral.com\/ca\/2023\/04\/les-festes-de-sant-vicent-ferrer-de-teulada-ja-son-aqui\/\" \/>\n<meta property=\"og:locale\" content=\"ca_ES\" \/>\n<meta property=\"og:type\" content=\"article\" \/>\n<meta property=\"og:title\" content=\"Las Fiestas de Sant Vicent Ferrer de Teulada ya est\u00e1n aqu\u00ed | R\u00e0dio Litoral\" \/>\n<meta property=\"og:description\" content=\"Ma\u00f1ana es el pistoletazo de salida con la tradicional entrada de la Murta y la Noche de Albadas Ma\u00f1ana es el pistoletazo de salida con la tradicional entrada de la Murta y la Noche de Albadas\" \/>\n<meta property=\"og:url\" content=\"https:\/\/radiolitoral.com\/ca\/2023\/04\/les-festes-de-sant-vicent-ferrer-de-teulada-ja-son-aqui\/\" \/>\n<meta property=\"og:site_name\" content=\"R\u00e0dio Litoral\" \/>\n<meta property=\"article:publisher\" content=\"https:\/\/www.facebook.com\/Laradiolitoral\/\" \/>\n<meta property=\"article:published_time\" content=\"2023-04-11T14:57:27+00:00\" \/>\n<meta property=\"article:modified_time\" content=\"2023-04-11T14:57:42+00:00\" \/>\n<meta property=\"og:image\" content=\"https:\/\/media.radiolitoral.com\/wp-content\/uploads\/2023\/04\/11165719\/libro.jpg\" \/>\n\t<meta property=\"og:image:width\" content=\"521\" \/>\n\t<meta property=\"og:image:height\" content=\"735\" \/>\n\t<meta property=\"og:image:type\" content=\"image\/jpeg\" \/>\n<meta name=\"author\" content=\"Redacci\u00f3n\" \/>\n<meta name=\"twitter:card\" content=\"summary_large_image\" \/>\n<meta name=\"twitter:label1\" content=\"Escrit per\" \/>\n\t<meta name=\"twitter:data1\" content=\"Redacci\u00f3n\" \/>\n\t<meta name=\"twitter:label2\" content=\"Temps estimat de lectura\" \/>\n\t<meta name=\"twitter:data2\" content=\"1 minut\" \/>\n<script type=\"application\/ld+json\" class=\"yoast-schema-graph\">{\"@context\":\"https:\\\/\\\/schema.org\",\"@graph\":[{\"@type\":\"NewsArticle\",\"@id\":\"https:\\\/\\\/radiolitoral.com\\\/2023\\\/04\\\/las-fiestas-de-sant-vicent-ferrer-de-teulada-ya-estan-aqui\\\/#article\",\"isPartOf\":{\"@id\":\"https:\\\/\\\/radiolitoral.com\\\/2023\\\/04\\\/las-fiestas-de-sant-vicent-ferrer-de-teulada-ya-estan-aqui\\\/\"},\"author\":{\"name\":\"Redacci\u00f3n\",\"@id\":\"https:\\\/\\\/radiolitoral.com\\\/#\\\/schema\\\/person\\\/f2b2343c49b5d721857cc1002bfdb151\"},\"headline\":\"Las Fiestas de Sant Vicent Ferrer de Teulada ya est\u00e1n aqu\u00ed\",\"datePublished\":\"2023-04-11T14:57:27+00:00\",\"dateModified\":\"2023-04-11T14:57:42+00:00\",\"mainEntityOfPage\":{\"@id\":\"https:\\\/\\\/radiolitoral.com\\\/2023\\\/04\\\/las-fiestas-de-sant-vicent-ferrer-de-teulada-ya-estan-aqui\\\/\"},\"wordCount\":135,\"commentCount\":0,\"publisher\":{\"@id\":\"https:\\\/\\\/radiolitoral.com\\\/#organization\"},\"image\":{\"@id\":\"https:\\\/\\\/radiolitoral.com\\\/2023\\\/04\\\/las-fiestas-de-sant-vicent-ferrer-de-teulada-ya-estan-aqui\\\/#primaryimage\"},\"thumbnailUrl\":\"https:\\\/\\\/media.radiolitoral.com\\\/wp-content\\\/uploads\\\/2023\\\/04\\\/11165719\\\/libro.jpg\",\"keywords\":[\"agenda festiva Teulada\",\"fiestas patronales\",\"fiestas Teulada\",\"Sant Vicent Ferrer Teulada\",\"Teulada\"],\"articleSection\":[\"Fiestas\"],\"inLanguage\":\"ca\",\"potentialAction\":[{\"@type\":\"CommentAction\",\"name\":\"Comment\",\"target\":[\"https:\\\/\\\/radiolitoral.com\\\/2023\\\/04\\\/las-fiestas-de-sant-vicent-ferrer-de-teulada-ya-estan-aqui\\\/#respond\"]}]},{\"@type\":[\"WebPage\",\"ItemPage\"],\"@id\":\"https:\\\/\\\/radiolitoral.com\\\/2023\\\/04\\\/las-fiestas-de-sant-vicent-ferrer-de-teulada-ya-estan-aqui\\\/\",\"url\":\"https:\\\/\\\/radiolitoral.com\\\/2023\\\/04\\\/las-fiestas-de-sant-vicent-ferrer-de-teulada-ya-estan-aqui\\\/\",\"name\":\"Las Fiestas de Sant Vicent Ferrer de Teulada ya est\u00e1n aqu\u00ed | R\u00e0dio Litoral\",\"isPartOf\":{\"@id\":\"https:\\\/\\\/radiolitoral.com\\\/#website\"},\"primaryImageOfPage\":{\"@id\":\"https:\\\/\\\/radiolitoral.com\\\/2023\\\/04\\\/las-fiestas-de-sant-vicent-ferrer-de-teulada-ya-estan-aqui\\\/#primaryimage\"},\"image\":{\"@id\":\"https:\\\/\\\/radiolitoral.com\\\/2023\\\/04\\\/las-fiestas-de-sant-vicent-ferrer-de-teulada-ya-estan-aqui\\\/#primaryimage\"},\"thumbnailUrl\":\"https:\\\/\\\/media.radiolitoral.com\\\/wp-content\\\/uploads\\\/2023\\\/04\\\/11165719\\\/libro.jpg\",\"datePublished\":\"2023-04-11T14:57:27+00:00\",\"dateModified\":\"2023-04-11T14:57:42+00:00\",\"description\":\"Ma\u00f1ana es el pistoletazo de salida con la tradicional entrada de la Murta y la Noche de Albadas Ma\u00f1ana es el pistoletazo de salida con la tradicional entrada de la Murta y la Noche de Albadas\",\"breadcrumb\":{\"@id\":\"https:\\\/\\\/radiolitoral.com\\\/2023\\\/04\\\/las-fiestas-de-sant-vicent-ferrer-de-teulada-ya-estan-aqui\\\/#breadcrumb\"},\"inLanguage\":\"ca\",\"potentialAction\":[{\"@type\":\"ReadAction\",\"target\":[\"https:\\\/\\\/radiolitoral.com\\\/2023\\\/04\\\/las-fiestas-de-sant-vicent-ferrer-de-teulada-ya-estan-aqui\\\/\"]}]},{\"@type\":\"ImageObject\",\"inLanguage\":\"ca\",\"@id\":\"https:\\\/\\\/radiolitoral.com\\\/2023\\\/04\\\/las-fiestas-de-sant-vicent-ferrer-de-teulada-ya-estan-aqui\\\/#primaryimage\",\"url\":\"https:\\\/\\\/media.radiolitoral.com\\\/wp-content\\\/uploads\\\/2023\\\/04\\\/11165719\\\/libro.jpg\",\"contentUrl\":\"https:\\\/\\\/media.radiolitoral.com\\\/wp-content\\\/uploads\\\/2023\\\/04\\\/11165719\\\/libro.jpg\",\"width\":521,\"height\":735},{\"@type\":\"BreadcrumbList\",\"@id\":\"https:\\\/\\\/radiolitoral.com\\\/2023\\\/04\\\/las-fiestas-de-sant-vicent-ferrer-de-teulada-ya-estan-aqui\\\/#breadcrumb\",\"itemListElement\":[{\"@type\":\"ListItem\",\"position\":1,\"name\":\"Portada\",\"item\":\"https:\\\/\\\/radiolitoral.com\\\/\"},{\"@type\":\"ListItem\",\"position\":2,\"name\":\"Las Fiestas de Sant Vicent Ferrer de Teulada ya est\u00e1n aqu\u00ed\"}]},{\"@type\":\"WebSite\",\"@id\":\"https:\\\/\\\/radiolitoral.com\\\/#website\",\"url\":\"https:\\\/\\\/radiolitoral.com\\\/\",\"name\":\"Radio Litoral\",\"description\":\"La radio local de la Marina Alta\",\"publisher\":{\"@id\":\"https:\\\/\\\/radiolitoral.com\\\/#organization\"},\"alternateName\":\"Litoral FM\",\"potentialAction\":[{\"@type\":\"SearchAction\",\"target\":{\"@type\":\"EntryPoint\",\"urlTemplate\":\"https:\\\/\\\/radiolitoral.com\\\/?s={search_term_string}\"},\"query-input\":{\"@type\":\"PropertyValueSpecification\",\"valueRequired\":true,\"valueName\":\"search_term_string\"}}],\"inLanguage\":\"ca\"},{\"@type\":\"Organization\",\"@id\":\"https:\\\/\\\/radiolitoral.com\\\/#organization\",\"name\":\"Radio Litoral\",\"url\":\"https:\\\/\\\/radiolitoral.com\\\/\",\"logo\":{\"@type\":\"ImageObject\",\"inLanguage\":\"ca\",\"@id\":\"https:\\\/\\\/radiolitoral.com\\\/#\\\/schema\\\/logo\\\/image\\\/\",\"url\":\"https:\\\/\\\/media.radiolitoral.com\\\/wp-content\\\/uploads\\\/2023\\\/02\\\/24143238\\\/CL-V-RadioLitoral696.png\",\"contentUrl\":\"https:\\\/\\\/media.radiolitoral.com\\\/wp-content\\\/uploads\\\/2023\\\/02\\\/24143238\\\/CL-V-RadioLitoral696.png\",\"width\":696,\"height\":696,\"caption\":\"Radio Litoral\"},\"image\":{\"@id\":\"https:\\\/\\\/radiolitoral.com\\\/#\\\/schema\\\/logo\\\/image\\\/\"},\"sameAs\":[\"https:\\\/\\\/www.facebook.com\\\/Laradiolitoral\\\/\"]},{\"@type\":\"Person\",\"@id\":\"https:\\\/\\\/radiolitoral.com\\\/#\\\/schema\\\/person\\\/f2b2343c49b5d721857cc1002bfdb151\",\"name\":\"Redacci\u00f3n\",\"image\":{\"@type\":\"ImageObject\",\"inLanguage\":\"ca\",\"@id\":\"https:\\\/\\\/secure.gravatar.com\\\/avatar\\\/f771d896c203ad8b3382d7905cfcce5a5c9b008b84b3cd9114e9b9f4cb63f789?s=96&d=mm&r=g\",\"url\":\"https:\\\/\\\/secure.gravatar.com\\\/avatar\\\/f771d896c203ad8b3382d7905cfcce5a5c9b008b84b3cd9114e9b9f4cb63f789?s=96&d=mm&r=g\",\"contentUrl\":\"https:\\\/\\\/secure.gravatar.com\\\/avatar\\\/f771d896c203ad8b3382d7905cfcce5a5c9b008b84b3cd9114e9b9f4cb63f789?s=96&d=mm&r=g\",\"caption\":\"Redacci\u00f3n\"},\"url\":\"https:\\\/\\\/radiolitoral.com\\\/ca\\\/author\\\/miriam-pagan\\\/\"}]}<\/script>\n<!-- \/ Yoast SEO plugin. -->","yoast_head_json":{"title":"Les Festes de Sant Vicent Ferrer de Teulada ja s\u00f3n aqu\u00ed | R\u00e0dio Litoral","description":"Dem\u00e0 \u00e9s el tret de sortida amb la tradicional entrada de la Murta i la Nit d&#039;Albades Dem\u00e0 \u00e9s el tret de sortida amb la tradicional entrada de la Murta i la Nit d&#039;Albades","robots":{"index":"index","follow":"follow","max-snippet":"max-snippet:-1","max-image-preview":"max-image-preview:large","max-video-preview":"max-video-preview:-1"},"canonical":"https:\/\/radiolitoral.com\/ca\/2023\/04\/les-festes-de-sant-vicent-ferrer-de-teulada-ja-son-aqui\/","og_locale":"ca_ES","og_type":"article","og_title":"Las Fiestas de Sant Vicent Ferrer de Teulada ya est\u00e1n aqu\u00ed | R\u00e0dio Litoral","og_description":"Ma\u00f1ana es el pistoletazo de salida con la tradicional entrada de la Murta y la Noche de Albadas Ma\u00f1ana es el pistoletazo de salida con la tradicional entrada de la Murta y la Noche de Albadas","og_url":"https:\/\/radiolitoral.com\/ca\/2023\/04\/les-festes-de-sant-vicent-ferrer-de-teulada-ja-son-aqui\/","og_site_name":"R\u00e0dio Litoral","article_publisher":"https:\/\/www.facebook.com\/Laradiolitoral\/","article_published_time":"2023-04-11T14:57:27+00:00","article_modified_time":"2023-04-11T14:57:42+00:00","og_image":[{"width":521,"height":735,"url":"https:\/\/media.radiolitoral.com\/wp-content\/uploads\/2023\/04\/11165719\/libro.jpg","type":"image\/jpeg"}],"author":"Redacci\u00f3n","twitter_card":"summary_large_image","twitter_misc":{"Escrit per":"Redacci\u00f3n","Temps estimat de lectura":"1 minut"},"schema":{"@context":"https:\/\/schema.org","@graph":[{"@type":"NewsArticle","@id":"https:\/\/radiolitoral.com\/2023\/04\/las-fiestas-de-sant-vicent-ferrer-de-teulada-ya-estan-aqui\/#article","isPartOf":{"@id":"https:\/\/radiolitoral.com\/2023\/04\/las-fiestas-de-sant-vicent-ferrer-de-teulada-ya-estan-aqui\/"},"author":{"name":"Redacci\u00f3n","@id":"https:\/\/radiolitoral.com\/#\/schema\/person\/f2b2343c49b5d721857cc1002bfdb151"},"headline":"Las Fiestas de Sant Vicent Ferrer de Teulada ya est\u00e1n aqu\u00ed","datePublished":"2023-04-11T14:57:27+00:00","dateModified":"2023-04-11T14:57:42+00:00","mainEntityOfPage":{"@id":"https:\/\/radiolitoral.com\/2023\/04\/las-fiestas-de-sant-vicent-ferrer-de-teulada-ya-estan-aqui\/"},"wordCount":135,"commentCount":0,"publisher":{"@id":"https:\/\/radiolitoral.com\/#organization"},"image":{"@id":"https:\/\/radiolitoral.com\/2023\/04\/las-fiestas-de-sant-vicent-ferrer-de-teulada-ya-estan-aqui\/#primaryimage"},"thumbnailUrl":"https:\/\/media.radiolitoral.com\/wp-content\/uploads\/2023\/04\/11165719\/libro.jpg","keywords":["agenda festiva Teulada","fiestas patronales","fiestas Teulada","Sant Vicent Ferrer Teulada","Teulada"],"articleSection":["Fiestas"],"inLanguage":"ca","potentialAction":[{"@type":"CommentAction","name":"Comment","target":["https:\/\/radiolitoral.com\/2023\/04\/las-fiestas-de-sant-vicent-ferrer-de-teulada-ya-estan-aqui\/#respond"]}]},{"@type":["WebPage","ItemPage"],"@id":"https:\/\/radiolitoral.com\/2023\/04\/las-fiestas-de-sant-vicent-ferrer-de-teulada-ya-estan-aqui\/","url":"https:\/\/radiolitoral.com\/2023\/04\/las-fiestas-de-sant-vicent-ferrer-de-teulada-ya-estan-aqui\/","name":"Les Festes de Sant Vicent Ferrer de Teulada ja s\u00f3n aqu\u00ed | R\u00e0dio Litoral","isPartOf":{"@id":"https:\/\/radiolitoral.com\/#website"},"primaryImageOfPage":{"@id":"https:\/\/radiolitoral.com\/2023\/04\/las-fiestas-de-sant-vicent-ferrer-de-teulada-ya-estan-aqui\/#primaryimage"},"image":{"@id":"https:\/\/radiolitoral.com\/2023\/04\/las-fiestas-de-sant-vicent-ferrer-de-teulada-ya-estan-aqui\/#primaryimage"},"thumbnailUrl":"https:\/\/media.radiolitoral.com\/wp-content\/uploads\/2023\/04\/11165719\/libro.jpg","datePublished":"2023-04-11T14:57:27+00:00","dateModified":"2023-04-11T14:57:42+00:00","description":"Dem\u00e0 \u00e9s el tret de sortida amb la tradicional entrada de la Murta i la Nit d&#039;Albades Dem\u00e0 \u00e9s el tret de sortida amb la tradicional entrada de la Murta i la Nit d&#039;Albades","breadcrumb":{"@id":"https:\/\/radiolitoral.com\/2023\/04\/las-fiestas-de-sant-vicent-ferrer-de-teulada-ya-estan-aqui\/#breadcrumb"},"inLanguage":"ca","potentialAction":[{"@type":"ReadAction","target":["https:\/\/radiolitoral.com\/2023\/04\/las-fiestas-de-sant-vicent-ferrer-de-teulada-ya-estan-aqui\/"]}]},{"@type":"ImageObject","inLanguage":"ca","@id":"https:\/\/radiolitoral.com\/2023\/04\/las-fiestas-de-sant-vicent-ferrer-de-teulada-ya-estan-aqui\/#primaryimage","url":"https:\/\/media.radiolitoral.com\/wp-content\/uploads\/2023\/04\/11165719\/libro.jpg","contentUrl":"https:\/\/media.radiolitoral.com\/wp-content\/uploads\/2023\/04\/11165719\/libro.jpg","width":521,"height":735},{"@type":"BreadcrumbList","@id":"https:\/\/radiolitoral.com\/2023\/04\/las-fiestas-de-sant-vicent-ferrer-de-teulada-ya-estan-aqui\/#breadcrumb","itemListElement":[{"@type":"ListItem","position":1,"name":"Portada","item":"https:\/\/radiolitoral.com\/"},{"@type":"ListItem","position":2,"name":"Las Fiestas de Sant Vicent Ferrer de Teulada ya est\u00e1n aqu\u00ed"}]},{"@type":"WebSite","@id":"https:\/\/radiolitoral.com\/#website","url":"https:\/\/radiolitoral.com\/","name":"R\u00e0dio Litoral","description":"La r\u00e0dio local de la Marina Alta","publisher":{"@id":"https:\/\/radiolitoral.com\/#organization"},"alternateName":"Litoral FM","potentialAction":[{"@type":"SearchAction","target":{"@type":"EntryPoint","urlTemplate":"https:\/\/radiolitoral.com\/?s={search_term_string}"},"query-input":{"@type":"PropertyValueSpecification","valueRequired":true,"valueName":"search_term_string"}}],"inLanguage":"ca"},{"@type":"Organization","@id":"https:\/\/radiolitoral.com\/#organization","name":"R\u00e0dio Litoral","url":"https:\/\/radiolitoral.com\/","logo":{"@type":"ImageObject","inLanguage":"ca","@id":"https:\/\/radiolitoral.com\/#\/schema\/logo\/image\/","url":"https:\/\/media.radiolitoral.com\/wp-content\/uploads\/2023\/02\/24143238\/CL-V-RadioLitoral696.png","contentUrl":"https:\/\/media.radiolitoral.com\/wp-content\/uploads\/2023\/02\/24143238\/CL-V-RadioLitoral696.png","width":696,"height":696,"caption":"Radio Litoral"},"image":{"@id":"https:\/\/radiolitoral.com\/#\/schema\/logo\/image\/"},"sameAs":["https:\/\/www.facebook.com\/Laradiolitoral\/"]},{"@type":"Person","@id":"https:\/\/radiolitoral.com\/#\/schema\/person\/f2b2343c49b5d721857cc1002bfdb151","name":"Redacci\u00f3","image":{"@type":"ImageObject","inLanguage":"ca","@id":"https:\/\/secure.gravatar.com\/avatar\/f771d896c203ad8b3382d7905cfcce5a5c9b008b84b3cd9114e9b9f4cb63f789?s=96&d=mm&r=g","url":"https:\/\/secure.gravatar.com\/avatar\/f771d896c203ad8b3382d7905cfcce5a5c9b008b84b3cd9114e9b9f4cb63f789?s=96&d=mm&r=g","contentUrl":"https:\/\/secure.gravatar.com\/avatar\/f771d896c203ad8b3382d7905cfcce5a5c9b008b84b3cd9114e9b9f4cb63f789?s=96&d=mm&r=g","caption":"Redacci\u00f3n"},"url":"https:\/\/radiolitoral.com\/ca\/author\/miriam-pagan\/"}]}},"_links":{"self":[{"href":"https:\/\/radiolitoral.com\/ca\/wp-json\/wp\/v2\/posts\/2091","targetHints":{"allow":["GET"]}}],"collection":[{"href":"https:\/\/radiolitoral.com\/ca\/wp-json\/wp\/v2\/posts"}],"about":[{"href":"https:\/\/radiolitoral.com\/ca\/wp-json\/wp\/v2\/types\/post"}],"author":[{"embeddable":true,"href":"https:\/\/radiolitoral.com\/ca\/wp-json\/wp\/v2\/users\/13"}],"replies":[{"embeddable":true,"href":"https:\/\/radiolitoral.com\/ca\/wp-json\/wp\/v2\/comments?post=2091"}],"version-history":[{"count":1,"href":"https:\/\/radiolitoral.com\/ca\/wp-json\/wp\/v2\/posts\/2091\/revisions"}],"predecessor-version":[{"id":2094,"href":"https:\/\/radiolitoral.com\/ca\/wp-json\/wp\/v2\/posts\/2091\/revisions\/2094"}],"wp:featuredmedia":[{"embeddable":true,"href":"https:\/\/radiolitoral.com\/ca\/wp-json\/wp\/v2\/media\/2093"}],"wp:attachment":[{"href":"https:\/\/radiolitoral.com\/ca\/wp-json\/wp\/v2\/media?parent=2091"}],"wp:term":[{"taxonomy":"category","embeddable":true,"href":"https:\/\/radiolitoral.com\/ca\/wp-json\/wp\/v2\/categories?post=2091"},{"taxonomy":"post_tag","embeddable":true,"href":"https:\/\/radiolitoral.com\/ca\/wp-json\/wp\/v2\/tags?post=2091"}],"curies":[{"name":"wp","href":"https:\/\/api.w.org\/{rel}","templated":true}]}}