{"id":2084,"date":"2023-04-11T16:48:43","date_gmt":"2023-04-11T14:48:43","guid":{"rendered":"https:\/\/radiolitoral.com\/?p=2084"},"modified":"2023-04-11T16:49:15","modified_gmt":"2023-04-11T14:49:15","slug":"el-mitjafava-fest-de-benitatxell-promet-ple","status":"publish","type":"post","link":"https:\/\/radiolitoral.com\/ca\/2023\/04\/el-mitjafava-fest-de-benitatxell-promete-lleno\/","title":{"rendered":"El Mitjafava Fest de Benitatxell promet ple"},"content":{"rendered":"<p>El <strong>showcooking d&#039;Alberto Ferruz, Emmanuelle Bar\u00f3n i Jordi Morera, conjuntament amb el concert de Xavi Sarri\u00e0 o el mon\u00f2leg de Cabra Fotuda, s\u00f3n els actes centrals del Mitjafava Fest de Benitatxell<\/strong>.<\/p>\n<p>Una celebraci\u00f3 anual que tenim ja a tocar. I \u00e9s que del <strong>17 al 23 d&#039;aquest mes d&#039;abril<\/strong>, la fava poblera torna a ser el centre d&#039;atenci\u00f3 de la programaci\u00f3 del Poble Nou, com ens ha avan\u00e7at la <strong>regidora de Festes, Mayte Rold\u00e1n<\/strong>. S&#039;hi han previst activitats gastron\u00f2miques, l\u00fadiques i culturals.<\/p>\n<p>La setmana arrencar\u00e0 amb les <strong>Jornades Gastron\u00f2miques de l&#039;Haba, previstes del 17 al 21 d&#039;abril<\/strong>. Cada dia de la setmana, un restaurant del poble oferir\u00e0 un plat d&#039;arr\u00f2s suculent amb fava. Important, cal reservar taula.<\/p>\n<audio class=\"wp-audio-shortcode\" id=\"audio-2084-1\" preload=\"none\" style=\"width: 100%;\" controls=\"controls\"><source type=\"audio\/mpeg\" src=\"https:\/\/media.radiolitoral.com\/wp-content\/uploads\/2023\/04\/11164120\/Mayte-Roldan-1.mp3?_=1\" \/><a href=\"https:\/\/media.radiolitoral.com\/wp-content\/uploads\/2023\/04\/11164120\/Mayte-Roldan-1.mp3\">https:\/\/media.radiolitoral.com\/wp-content\/uploads\/2023\/04\/11164120\/Mayte-Roldan-1.mp3<\/a><\/audio>\n<p>Un esdeveniment que convertir\u00e0 a m\u00e9s el carrer La Pau, a l&#039;art\u00e8ria principal de la Fira d&#039;Artesania Amata durant tot el cap de setmana amb aus rapinyaires, botigues i tallers d&#039;oficis tradicionals.<\/p>\n<p>Una cita en qu\u00e8 la m\u00fasica estar\u00e0 present amb Xavi Sarri\u00e1 com a cap de cartell i les actuacions dels grups valencians Cactus, Limbotheque i Macondo DJ.<\/p>\n<audio class=\"wp-audio-shortcode\" id=\"audio-2084-2\" preload=\"none\" style=\"width: 100%;\" controls=\"controls\"><source type=\"audio\/mpeg\" src=\"https:\/\/media.radiolitoral.com\/wp-content\/uploads\/2023\/04\/11164135\/Mayte-Roldan-2.mp3?_=2\" \/><a href=\"https:\/\/media.radiolitoral.com\/wp-content\/uploads\/2023\/04\/11164135\/Mayte-Roldan-2.mp3\">https:\/\/media.radiolitoral.com\/wp-content\/uploads\/2023\/04\/11164135\/Mayte-Roldan-2.mp3<\/a><\/audio>","protected":false},"excerpt":{"rendered":"<p>El showcooking de Alberto Ferruz, Emmanuelle Bar\u00f3n y Jordi Morera, conjuntamente con el concierto de Xavi Sarri\u00e0 o el mon\u00f3logo de Cabra Fotuda, son los actos centrales del Mitjafava Fest de Benitatxell. Una celebraci\u00f3n anual que tenemos ya a la vuelta de la esquina. Y es que del 17 al 23 de este mes de [&#8230;]<\/p>\n<p><a class=\"btn btn-secondary understrap-read-more-link\" href=\"https:\/\/radiolitoral.com\/ca\/2023\/04\/el-mitjafava-fest-de-benitatxell-promete-lleno\/\">Continua llegint&#8230;<span class=\"screen-reader-text\"> from El Mitjafava Fest de Benitatxell promete lleno<\/span><\/a><\/p>\n","protected":false},"author":13,"featured_media":2088,"comment_status":"open","ping_status":"closed","sticky":false,"template":"","format":"standard","meta":{"_acf_changed":false,"inline_featured_image":false,"footnotes":""},"categories":[60],"tags":[481,480,184,482,483,479],"class_list":["post-2084","post","type-post","status-publish","format-standard","has-post-thumbnail","hentry","category-ocio","tag-actos-benitatxell","tag-agenda-benitatxell","tag-benitatxell","tag-cultura-benitatxell","tag-feria-benitatxell","tag-mitjafava-fest","cobertura-poble-nou-de-benitatxell"],"acf":[],"yoast_head":"<!-- This site is optimized with the Yoast SEO plugin v27.5 - https:\/\/yoast.com\/product\/yoast-seo-wordpress\/ -->\n<title>El Mitjafava Fest de Benitatxell promete lleno | R\u00e0dio Litoral<\/title>\n<meta name=\"description\" content=\"Asistiremos al showcooking de Alberto Ferruz, Emmanuelle Bar\u00f3n y Jordi Morera, el concierto de Xavi Sarri\u00e0 o el mon\u00f3logo de Cabra Fotuda Asistiremos al showcooking de Alberto Ferruz, Emmanuelle Bar\u00f3n y Jordi Morera, el concierto de Xavi Sarri\u00e0 o el mon\u00f3logo de Cabra Fotuda\" \/>\n<meta name=\"robots\" content=\"index, follow, max-snippet:-1, max-image-preview:large, max-video-preview:-1\" \/>\n<link rel=\"canonical\" href=\"https:\/\/radiolitoral.com\/ca\/2023\/04\/el-mitjafava-fest-de-benitatxell-promet-ple\/\" \/>\n<meta property=\"og:locale\" content=\"ca_ES\" \/>\n<meta property=\"og:type\" content=\"article\" \/>\n<meta property=\"og:title\" content=\"El Mitjafava Fest de Benitatxell promete lleno | R\u00e0dio Litoral\" \/>\n<meta property=\"og:description\" content=\"Asistiremos al showcooking de Alberto Ferruz, Emmanuelle Bar\u00f3n y Jordi Morera, el concierto de Xavi Sarri\u00e0 o el mon\u00f3logo de Cabra Fotuda Asistiremos al showcooking de Alberto Ferruz, Emmanuelle Bar\u00f3n y Jordi Morera, el concierto de Xavi Sarri\u00e0 o el mon\u00f3logo de Cabra Fotuda\" \/>\n<meta property=\"og:url\" content=\"https:\/\/radiolitoral.com\/ca\/2023\/04\/el-mitjafava-fest-de-benitatxell-promet-ple\/\" \/>\n<meta property=\"og:site_name\" content=\"R\u00e0dio Litoral\" \/>\n<meta property=\"article:publisher\" content=\"https:\/\/www.facebook.com\/Laradiolitoral\/\" \/>\n<meta property=\"article:published_time\" content=\"2023-04-11T14:48:43+00:00\" \/>\n<meta property=\"article:modified_time\" content=\"2023-04-11T14:49:15+00:00\" \/>\n<meta property=\"og:image\" content=\"https:\/\/media.radiolitoral.com\/wp-content\/uploads\/2023\/04\/11164834\/mitjafava.jpg\" \/>\n\t<meta property=\"og:image:width\" content=\"980\" \/>\n\t<meta property=\"og:image:height\" content=\"654\" \/>\n\t<meta property=\"og:image:type\" content=\"image\/jpeg\" \/>\n<meta name=\"author\" content=\"Redacci\u00f3n\" \/>\n<meta name=\"twitter:card\" content=\"summary_large_image\" \/>\n<meta name=\"twitter:label1\" content=\"Escrit per\" \/>\n\t<meta name=\"twitter:data1\" content=\"Redacci\u00f3n\" \/>\n\t<meta name=\"twitter:label2\" content=\"Temps estimat de lectura\" \/>\n\t<meta name=\"twitter:data2\" content=\"1 minut\" \/>\n<script type=\"application\/ld+json\" class=\"yoast-schema-graph\">{\"@context\":\"https:\\\/\\\/schema.org\",\"@graph\":[{\"@type\":\"NewsArticle\",\"@id\":\"https:\\\/\\\/radiolitoral.com\\\/2023\\\/04\\\/el-mitjafava-fest-de-benitatxell-promete-lleno\\\/#article\",\"isPartOf\":{\"@id\":\"https:\\\/\\\/radiolitoral.com\\\/2023\\\/04\\\/el-mitjafava-fest-de-benitatxell-promete-lleno\\\/\"},\"author\":{\"name\":\"Redacci\u00f3n\",\"@id\":\"https:\\\/\\\/radiolitoral.com\\\/#\\\/schema\\\/person\\\/f2b2343c49b5d721857cc1002bfdb151\"},\"headline\":\"El Mitjafava Fest de Benitatxell promete lleno\",\"datePublished\":\"2023-04-11T14:48:43+00:00\",\"dateModified\":\"2023-04-11T14:49:15+00:00\",\"mainEntityOfPage\":{\"@id\":\"https:\\\/\\\/radiolitoral.com\\\/2023\\\/04\\\/el-mitjafava-fest-de-benitatxell-promete-lleno\\\/\"},\"wordCount\":227,\"commentCount\":0,\"publisher\":{\"@id\":\"https:\\\/\\\/radiolitoral.com\\\/#organization\"},\"image\":{\"@id\":\"https:\\\/\\\/radiolitoral.com\\\/2023\\\/04\\\/el-mitjafava-fest-de-benitatxell-promete-lleno\\\/#primaryimage\"},\"thumbnailUrl\":\"https:\\\/\\\/media.radiolitoral.com\\\/wp-content\\\/uploads\\\/2023\\\/04\\\/11164834\\\/mitjafava.jpg\",\"keywords\":[\"actos Benitatxell\",\"agenda Benitatxell\",\"Benitatxell\",\"cultura Benitatxell\",\"feria Benitatxell\",\"Mitjafava Fest\"],\"articleSection\":[\"Ocio\"],\"inLanguage\":\"ca\",\"potentialAction\":[{\"@type\":\"CommentAction\",\"name\":\"Comment\",\"target\":[\"https:\\\/\\\/radiolitoral.com\\\/2023\\\/04\\\/el-mitjafava-fest-de-benitatxell-promete-lleno\\\/#respond\"]}]},{\"@type\":[\"WebPage\",\"ItemPage\"],\"@id\":\"https:\\\/\\\/radiolitoral.com\\\/2023\\\/04\\\/el-mitjafava-fest-de-benitatxell-promete-lleno\\\/\",\"url\":\"https:\\\/\\\/radiolitoral.com\\\/2023\\\/04\\\/el-mitjafava-fest-de-benitatxell-promete-lleno\\\/\",\"name\":\"El Mitjafava Fest de Benitatxell promete lleno | R\u00e0dio Litoral\",\"isPartOf\":{\"@id\":\"https:\\\/\\\/radiolitoral.com\\\/#website\"},\"primaryImageOfPage\":{\"@id\":\"https:\\\/\\\/radiolitoral.com\\\/2023\\\/04\\\/el-mitjafava-fest-de-benitatxell-promete-lleno\\\/#primaryimage\"},\"image\":{\"@id\":\"https:\\\/\\\/radiolitoral.com\\\/2023\\\/04\\\/el-mitjafava-fest-de-benitatxell-promete-lleno\\\/#primaryimage\"},\"thumbnailUrl\":\"https:\\\/\\\/media.radiolitoral.com\\\/wp-content\\\/uploads\\\/2023\\\/04\\\/11164834\\\/mitjafava.jpg\",\"datePublished\":\"2023-04-11T14:48:43+00:00\",\"dateModified\":\"2023-04-11T14:49:15+00:00\",\"description\":\"Asistiremos al showcooking de Alberto Ferruz, Emmanuelle Bar\u00f3n y Jordi Morera, el concierto de Xavi Sarri\u00e0 o el mon\u00f3logo de Cabra Fotuda Asistiremos al showcooking de Alberto Ferruz, Emmanuelle Bar\u00f3n y Jordi Morera, el concierto de Xavi Sarri\u00e0 o el mon\u00f3logo de Cabra Fotuda\",\"breadcrumb\":{\"@id\":\"https:\\\/\\\/radiolitoral.com\\\/2023\\\/04\\\/el-mitjafava-fest-de-benitatxell-promete-lleno\\\/#breadcrumb\"},\"inLanguage\":\"ca\",\"potentialAction\":[{\"@type\":\"ReadAction\",\"target\":[\"https:\\\/\\\/radiolitoral.com\\\/2023\\\/04\\\/el-mitjafava-fest-de-benitatxell-promete-lleno\\\/\"]}]},{\"@type\":\"ImageObject\",\"inLanguage\":\"ca\",\"@id\":\"https:\\\/\\\/radiolitoral.com\\\/2023\\\/04\\\/el-mitjafava-fest-de-benitatxell-promete-lleno\\\/#primaryimage\",\"url\":\"https:\\\/\\\/media.radiolitoral.com\\\/wp-content\\\/uploads\\\/2023\\\/04\\\/11164834\\\/mitjafava.jpg\",\"contentUrl\":\"https:\\\/\\\/media.radiolitoral.com\\\/wp-content\\\/uploads\\\/2023\\\/04\\\/11164834\\\/mitjafava.jpg\",\"width\":980,\"height\":654},{\"@type\":\"BreadcrumbList\",\"@id\":\"https:\\\/\\\/radiolitoral.com\\\/2023\\\/04\\\/el-mitjafava-fest-de-benitatxell-promete-lleno\\\/#breadcrumb\",\"itemListElement\":[{\"@type\":\"ListItem\",\"position\":1,\"name\":\"Portada\",\"item\":\"https:\\\/\\\/radiolitoral.com\\\/\"},{\"@type\":\"ListItem\",\"position\":2,\"name\":\"El Mitjafava Fest de Benitatxell promete lleno\"}]},{\"@type\":\"WebSite\",\"@id\":\"https:\\\/\\\/radiolitoral.com\\\/#website\",\"url\":\"https:\\\/\\\/radiolitoral.com\\\/\",\"name\":\"Radio Litoral\",\"description\":\"La radio local de la Marina Alta\",\"publisher\":{\"@id\":\"https:\\\/\\\/radiolitoral.com\\\/#organization\"},\"alternateName\":\"Litoral FM\",\"potentialAction\":[{\"@type\":\"SearchAction\",\"target\":{\"@type\":\"EntryPoint\",\"urlTemplate\":\"https:\\\/\\\/radiolitoral.com\\\/?s={search_term_string}\"},\"query-input\":{\"@type\":\"PropertyValueSpecification\",\"valueRequired\":true,\"valueName\":\"search_term_string\"}}],\"inLanguage\":\"ca\"},{\"@type\":\"Organization\",\"@id\":\"https:\\\/\\\/radiolitoral.com\\\/#organization\",\"name\":\"Radio Litoral\",\"url\":\"https:\\\/\\\/radiolitoral.com\\\/\",\"logo\":{\"@type\":\"ImageObject\",\"inLanguage\":\"ca\",\"@id\":\"https:\\\/\\\/radiolitoral.com\\\/#\\\/schema\\\/logo\\\/image\\\/\",\"url\":\"https:\\\/\\\/media.radiolitoral.com\\\/wp-content\\\/uploads\\\/2023\\\/02\\\/24143238\\\/CL-V-RadioLitoral696.png\",\"contentUrl\":\"https:\\\/\\\/media.radiolitoral.com\\\/wp-content\\\/uploads\\\/2023\\\/02\\\/24143238\\\/CL-V-RadioLitoral696.png\",\"width\":696,\"height\":696,\"caption\":\"Radio Litoral\"},\"image\":{\"@id\":\"https:\\\/\\\/radiolitoral.com\\\/#\\\/schema\\\/logo\\\/image\\\/\"},\"sameAs\":[\"https:\\\/\\\/www.facebook.com\\\/Laradiolitoral\\\/\"]},{\"@type\":\"Person\",\"@id\":\"https:\\\/\\\/radiolitoral.com\\\/#\\\/schema\\\/person\\\/f2b2343c49b5d721857cc1002bfdb151\",\"name\":\"Redacci\u00f3n\",\"image\":{\"@type\":\"ImageObject\",\"inLanguage\":\"ca\",\"@id\":\"https:\\\/\\\/secure.gravatar.com\\\/avatar\\\/f771d896c203ad8b3382d7905cfcce5a5c9b008b84b3cd9114e9b9f4cb63f789?s=96&d=mm&r=g\",\"url\":\"https:\\\/\\\/secure.gravatar.com\\\/avatar\\\/f771d896c203ad8b3382d7905cfcce5a5c9b008b84b3cd9114e9b9f4cb63f789?s=96&d=mm&r=g\",\"contentUrl\":\"https:\\\/\\\/secure.gravatar.com\\\/avatar\\\/f771d896c203ad8b3382d7905cfcce5a5c9b008b84b3cd9114e9b9f4cb63f789?s=96&d=mm&r=g\",\"caption\":\"Redacci\u00f3n\"},\"url\":\"https:\\\/\\\/radiolitoral.com\\\/ca\\\/author\\\/miriam-pagan\\\/\"}]}<\/script>\n<!-- \/ Yoast SEO plugin. -->","yoast_head_json":{"title":"El Mitjafava Fest de Benitatxell promet ple | R\u00e0dio Litoral","description":"Assistirem al showcooking d&#039;Alberto Ferruz, Emmanuelle Bar\u00f3n i Jordi Morera, el concert de Xavi Sarri\u00e0 o el mon\u00f2leg de Cabra Fotuda Assistirem al showcooking d&#039;Alberto Ferruz, Emmanuelle Bar\u00f3n i Jordi Morera, el concert de Xavi Sarri\u00e0 o el mon\u00f2leg de Cabra Fotuda","robots":{"index":"index","follow":"follow","max-snippet":"max-snippet:-1","max-image-preview":"max-image-preview:large","max-video-preview":"max-video-preview:-1"},"canonical":"https:\/\/radiolitoral.com\/ca\/2023\/04\/el-mitjafava-fest-de-benitatxell-promet-ple\/","og_locale":"ca_ES","og_type":"article","og_title":"El Mitjafava Fest de Benitatxell promete lleno | R\u00e0dio Litoral","og_description":"Asistiremos al showcooking de Alberto Ferruz, Emmanuelle Bar\u00f3n y Jordi Morera, el concierto de Xavi Sarri\u00e0 o el mon\u00f3logo de Cabra Fotuda Asistiremos al showcooking de Alberto Ferruz, Emmanuelle Bar\u00f3n y Jordi Morera, el concierto de Xavi Sarri\u00e0 o el mon\u00f3logo de Cabra Fotuda","og_url":"https:\/\/radiolitoral.com\/ca\/2023\/04\/el-mitjafava-fest-de-benitatxell-promet-ple\/","og_site_name":"R\u00e0dio Litoral","article_publisher":"https:\/\/www.facebook.com\/Laradiolitoral\/","article_published_time":"2023-04-11T14:48:43+00:00","article_modified_time":"2023-04-11T14:49:15+00:00","og_image":[{"width":980,"height":654,"url":"https:\/\/media.radiolitoral.com\/wp-content\/uploads\/2023\/04\/11164834\/mitjafava.jpg","type":"image\/jpeg"}],"author":"Redacci\u00f3n","twitter_card":"summary_large_image","twitter_misc":{"Escrit per":"Redacci\u00f3n","Temps estimat de lectura":"1 minut"},"schema":{"@context":"https:\/\/schema.org","@graph":[{"@type":"NewsArticle","@id":"https:\/\/radiolitoral.com\/2023\/04\/el-mitjafava-fest-de-benitatxell-promete-lleno\/#article","isPartOf":{"@id":"https:\/\/radiolitoral.com\/2023\/04\/el-mitjafava-fest-de-benitatxell-promete-lleno\/"},"author":{"name":"Redacci\u00f3n","@id":"https:\/\/radiolitoral.com\/#\/schema\/person\/f2b2343c49b5d721857cc1002bfdb151"},"headline":"El Mitjafava Fest de Benitatxell promete lleno","datePublished":"2023-04-11T14:48:43+00:00","dateModified":"2023-04-11T14:49:15+00:00","mainEntityOfPage":{"@id":"https:\/\/radiolitoral.com\/2023\/04\/el-mitjafava-fest-de-benitatxell-promete-lleno\/"},"wordCount":227,"commentCount":0,"publisher":{"@id":"https:\/\/radiolitoral.com\/#organization"},"image":{"@id":"https:\/\/radiolitoral.com\/2023\/04\/el-mitjafava-fest-de-benitatxell-promete-lleno\/#primaryimage"},"thumbnailUrl":"https:\/\/media.radiolitoral.com\/wp-content\/uploads\/2023\/04\/11164834\/mitjafava.jpg","keywords":["actos Benitatxell","agenda Benitatxell","Benitatxell","cultura Benitatxell","feria Benitatxell","Mitjafava Fest"],"articleSection":["Ocio"],"inLanguage":"ca","potentialAction":[{"@type":"CommentAction","name":"Comment","target":["https:\/\/radiolitoral.com\/2023\/04\/el-mitjafava-fest-de-benitatxell-promete-lleno\/#respond"]}]},{"@type":["WebPage","ItemPage"],"@id":"https:\/\/radiolitoral.com\/2023\/04\/el-mitjafava-fest-de-benitatxell-promete-lleno\/","url":"https:\/\/radiolitoral.com\/2023\/04\/el-mitjafava-fest-de-benitatxell-promete-lleno\/","name":"El Mitjafava Fest de Benitatxell promet ple | R\u00e0dio Litoral","isPartOf":{"@id":"https:\/\/radiolitoral.com\/#website"},"primaryImageOfPage":{"@id":"https:\/\/radiolitoral.com\/2023\/04\/el-mitjafava-fest-de-benitatxell-promete-lleno\/#primaryimage"},"image":{"@id":"https:\/\/radiolitoral.com\/2023\/04\/el-mitjafava-fest-de-benitatxell-promete-lleno\/#primaryimage"},"thumbnailUrl":"https:\/\/media.radiolitoral.com\/wp-content\/uploads\/2023\/04\/11164834\/mitjafava.jpg","datePublished":"2023-04-11T14:48:43+00:00","dateModified":"2023-04-11T14:49:15+00:00","description":"Assistirem al showcooking d&#039;Alberto Ferruz, Emmanuelle Bar\u00f3n i Jordi Morera, el concert de Xavi Sarri\u00e0 o el mon\u00f2leg de Cabra Fotuda Assistirem al showcooking d&#039;Alberto Ferruz, Emmanuelle Bar\u00f3n i Jordi Morera, el concert de Xavi Sarri\u00e0 o el mon\u00f2leg de Cabra Fotuda","breadcrumb":{"@id":"https:\/\/radiolitoral.com\/2023\/04\/el-mitjafava-fest-de-benitatxell-promete-lleno\/#breadcrumb"},"inLanguage":"ca","potentialAction":[{"@type":"ReadAction","target":["https:\/\/radiolitoral.com\/2023\/04\/el-mitjafava-fest-de-benitatxell-promete-lleno\/"]}]},{"@type":"ImageObject","inLanguage":"ca","@id":"https:\/\/radiolitoral.com\/2023\/04\/el-mitjafava-fest-de-benitatxell-promete-lleno\/#primaryimage","url":"https:\/\/media.radiolitoral.com\/wp-content\/uploads\/2023\/04\/11164834\/mitjafava.jpg","contentUrl":"https:\/\/media.radiolitoral.com\/wp-content\/uploads\/2023\/04\/11164834\/mitjafava.jpg","width":980,"height":654},{"@type":"BreadcrumbList","@id":"https:\/\/radiolitoral.com\/2023\/04\/el-mitjafava-fest-de-benitatxell-promete-lleno\/#breadcrumb","itemListElement":[{"@type":"ListItem","position":1,"name":"Portada","item":"https:\/\/radiolitoral.com\/"},{"@type":"ListItem","position":2,"name":"El Mitjafava Fest de Benitatxell promete lleno"}]},{"@type":"WebSite","@id":"https:\/\/radiolitoral.com\/#website","url":"https:\/\/radiolitoral.com\/","name":"R\u00e0dio Litoral","description":"La r\u00e0dio local de la Marina Alta","publisher":{"@id":"https:\/\/radiolitoral.com\/#organization"},"alternateName":"Litoral FM","potentialAction":[{"@type":"SearchAction","target":{"@type":"EntryPoint","urlTemplate":"https:\/\/radiolitoral.com\/?s={search_term_string}"},"query-input":{"@type":"PropertyValueSpecification","valueRequired":true,"valueName":"search_term_string"}}],"inLanguage":"ca"},{"@type":"Organization","@id":"https:\/\/radiolitoral.com\/#organization","name":"R\u00e0dio Litoral","url":"https:\/\/radiolitoral.com\/","logo":{"@type":"ImageObject","inLanguage":"ca","@id":"https:\/\/radiolitoral.com\/#\/schema\/logo\/image\/","url":"https:\/\/media.radiolitoral.com\/wp-content\/uploads\/2023\/02\/24143238\/CL-V-RadioLitoral696.png","contentUrl":"https:\/\/media.radiolitoral.com\/wp-content\/uploads\/2023\/02\/24143238\/CL-V-RadioLitoral696.png","width":696,"height":696,"caption":"Radio Litoral"},"image":{"@id":"https:\/\/radiolitoral.com\/#\/schema\/logo\/image\/"},"sameAs":["https:\/\/www.facebook.com\/Laradiolitoral\/"]},{"@type":"Person","@id":"https:\/\/radiolitoral.com\/#\/schema\/person\/f2b2343c49b5d721857cc1002bfdb151","name":"Redacci\u00f3","image":{"@type":"ImageObject","inLanguage":"ca","@id":"https:\/\/secure.gravatar.com\/avatar\/f771d896c203ad8b3382d7905cfcce5a5c9b008b84b3cd9114e9b9f4cb63f789?s=96&d=mm&r=g","url":"https:\/\/secure.gravatar.com\/avatar\/f771d896c203ad8b3382d7905cfcce5a5c9b008b84b3cd9114e9b9f4cb63f789?s=96&d=mm&r=g","contentUrl":"https:\/\/secure.gravatar.com\/avatar\/f771d896c203ad8b3382d7905cfcce5a5c9b008b84b3cd9114e9b9f4cb63f789?s=96&d=mm&r=g","caption":"Redacci\u00f3n"},"url":"https:\/\/radiolitoral.com\/ca\/author\/miriam-pagan\/"}]}},"_links":{"self":[{"href":"https:\/\/radiolitoral.com\/ca\/wp-json\/wp\/v2\/posts\/2084","targetHints":{"allow":["GET"]}}],"collection":[{"href":"https:\/\/radiolitoral.com\/ca\/wp-json\/wp\/v2\/posts"}],"about":[{"href":"https:\/\/radiolitoral.com\/ca\/wp-json\/wp\/v2\/types\/post"}],"author":[{"embeddable":true,"href":"https:\/\/radiolitoral.com\/ca\/wp-json\/wp\/v2\/users\/13"}],"replies":[{"embeddable":true,"href":"https:\/\/radiolitoral.com\/ca\/wp-json\/wp\/v2\/comments?post=2084"}],"version-history":[{"count":1,"href":"https:\/\/radiolitoral.com\/ca\/wp-json\/wp\/v2\/posts\/2084\/revisions"}],"predecessor-version":[{"id":2089,"href":"https:\/\/radiolitoral.com\/ca\/wp-json\/wp\/v2\/posts\/2084\/revisions\/2089"}],"wp:featuredmedia":[{"embeddable":true,"href":"https:\/\/radiolitoral.com\/ca\/wp-json\/wp\/v2\/media\/2088"}],"wp:attachment":[{"href":"https:\/\/radiolitoral.com\/ca\/wp-json\/wp\/v2\/media?parent=2084"}],"wp:term":[{"taxonomy":"category","embeddable":true,"href":"https:\/\/radiolitoral.com\/ca\/wp-json\/wp\/v2\/categories?post=2084"},{"taxonomy":"post_tag","embeddable":true,"href":"https:\/\/radiolitoral.com\/ca\/wp-json\/wp\/v2\/tags?post=2084"}],"curies":[{"name":"wp","href":"https:\/\/api.w.org\/{rel}","templated":true}]}}