{"id":2076,"date":"2023-04-11T16:29:26","date_gmt":"2023-04-11T14:29:26","guid":{"rendered":"https:\/\/radiolitoral.com\/?p=2076"},"modified":"2023-04-11T16:30:31","modified_gmt":"2023-04-11T14:30:31","slug":"el-ple-de-calp-debatra-el-projecte-dhabitatge-protegit-vpo","status":"publish","type":"post","link":"https:\/\/radiolitoral.com\/ca\/2023\/04\/el-pleno-de-calp-debatira-el-proyecto-de-vivienda-protegida-vpo\/","title":{"rendered":"El ple de Calp debatr\u00e0 el projecte d&#039;habitatge protegit HPO"},"content":{"rendered":"<p>Aquesta tarda hi ha <strong>ple a l&#039;ajuntament de Calp<\/strong>, l&#039;ordinari del mes d&#039;abril. Sessi\u00f3 amb un extens ordre del dia, en qu\u00e8, entre altres assumptes, s&#039;adonar\u00e0 de l&#039;escrit presentat per Ciutadans, Partit de la Ciutadania, pel qual <strong>Juan Manuel del Pino, actual regidor de la formaci\u00f3 i portaveu del grup C&#039;s, passa a la condici\u00f3 de regidor no adscrit<\/strong>.<\/p>\n<p>A m\u00e9s des de la Regidoria d&#039;Urbanisme, que just dirigeix aquest regidor, Juan Manuel del Pino, es traslladar\u00e0 al debat plenari el <strong>projecte d&#039;habitatge protegit HPO<\/strong>. Es tracta de la <strong>modificaci\u00f3 del PGOU<\/strong>, que t\u00e9 com a fi, segons explica en un comunicat del Pi,<strong> qualificar com a residencial un \u00e0mbit que el Pla General marca com a terciari industrial<\/strong>. Aquesta variaci\u00f3 \u00e9s necess\u00e0ria, pel fet que sense aquesta no seria possible construir en aquest lloc cap tipus d&#039;edificaci\u00f3 residencial, com \u00e9s el cas de l&#039;habitatge protegit. A partir de l&#039;aprovaci\u00f3 d&#039;aquesta modificaci\u00f3, la Regidoria d&#039;Urbanisme treballar\u00e0 perqu\u00e8 els diferents promotors vegin rendible la construcci\u00f3 de VPO, amb la conseg\u00fcent fita social d&#039;aconseguir preus d&#039;habitatges m\u00e9s econ\u00f2mics, reiteren des de l&#039;executiu local.<\/p>\n<p>Un ple en qu\u00e8 tamb\u00e9 s&#039;eleva per al seu debat i aprovaci\u00f3 la proposta per a <strong>anomenar l&#039;edifici de la Policia Local amb el nom de Juan Manuel Policarpo Moll, l&#039;agent calp\u00ed que va morir en acte de servei<\/strong> el 18 de setembre passat.<\/p>\n<p>La convocat\u00f2ria est\u00e0 prevista a les 17.00 hores i es podr\u00e0 seguir en directe a trav\u00e9s del canal de Youtube del mateix ajuntament.<\/p>","protected":false},"excerpt":{"rendered":"<p>Esta tarde hay pleno en el ayuntamiento de Calp, el ordinario del mes de abril. Sesi\u00f3n con un extenso orden del d\u00eda, en la que, entre otros asuntos, se dar\u00e1 cuenta del escrito presentado por Ciudadanos, Partido de la Ciudadan\u00eda, por el que Juan Manuel del Pino, actual concejal de la formaci\u00f3n y portavoz del [&#8230;]<\/p>\n<p><a class=\"btn btn-secondary understrap-read-more-link\" href=\"https:\/\/radiolitoral.com\/ca\/2023\/04\/el-pleno-de-calp-debatira-el-proyecto-de-vivienda-protegida-vpo\/\">Continua llegint&#8230;<span class=\"screen-reader-text\"> from El pleno de Calp debatir\u00e1 el proyecto de vivienda protegida VPO<\/span><\/a><\/p>\n","protected":false},"author":13,"featured_media":2077,"comment_status":"open","ping_status":"closed","sticky":false,"template":"","format":"standard","meta":{"_acf_changed":false,"inline_featured_image":false,"footnotes":""},"categories":[13],"tags":[122,474,178,473,472],"class_list":["post-2076","post","type-post","status-publish","format-standard","has-post-thumbnail","hentry","category-politica","tag-calp","tag-jose-manuel-del-pino","tag-pleno-calp","tag-vivienda-social-calp","tag-vpo-calp","cobertura-calp"],"acf":[],"yoast_head":"<!-- This site is optimized with the Yoast SEO plugin v27.5 - https:\/\/yoast.com\/product\/yoast-seo-wordpress\/ -->\n<title>El pleno de Calp debatir\u00e1 el proyecto de vivienda protegida VPO | R\u00e0dio Litoral<\/title>\n<meta name=\"description\" content=\"Otro de los puntos ser\u00e1 Juan Manuel del Pino, concejal de C\u2019s, que pasar\u00e1 a ser concejal no adscrito Otro de los puntos ser\u00e1 Juan Manuel del Pino, concejal de C\u2019s, que pasar\u00e1 a ser concejal no adscrito\" \/>\n<meta name=\"robots\" content=\"index, follow, max-snippet:-1, max-image-preview:large, max-video-preview:-1\" \/>\n<link rel=\"canonical\" href=\"https:\/\/radiolitoral.com\/ca\/2023\/04\/el-ple-de-calp-debatra-el-projecte-dhabitatge-protegit-vpo\/\" \/>\n<meta property=\"og:locale\" content=\"ca_ES\" \/>\n<meta property=\"og:type\" content=\"article\" \/>\n<meta property=\"og:title\" content=\"El pleno de Calp debatir\u00e1 el proyecto de vivienda protegida VPO | R\u00e0dio Litoral\" \/>\n<meta property=\"og:description\" content=\"Otro de los puntos ser\u00e1 Juan Manuel del Pino, concejal de C\u2019s, que pasar\u00e1 a ser concejal no adscrito Otro de los puntos ser\u00e1 Juan Manuel del Pino, concejal de C\u2019s, que pasar\u00e1 a ser concejal no adscrito\" \/>\n<meta property=\"og:url\" content=\"https:\/\/radiolitoral.com\/ca\/2023\/04\/el-ple-de-calp-debatra-el-projecte-dhabitatge-protegit-vpo\/\" \/>\n<meta property=\"og:site_name\" content=\"R\u00e0dio Litoral\" \/>\n<meta property=\"article:publisher\" content=\"https:\/\/www.facebook.com\/Laradiolitoral\/\" \/>\n<meta property=\"article:published_time\" content=\"2023-04-11T14:29:26+00:00\" \/>\n<meta property=\"article:modified_time\" content=\"2023-04-11T14:30:31+00:00\" \/>\n<meta property=\"og:image\" content=\"https:\/\/media.radiolitoral.com\/wp-content\/uploads\/2023\/04\/11162823\/Calpe-y-su-penon-scaled-1.jpg\" \/>\n\t<meta property=\"og:image:width\" content=\"2560\" \/>\n\t<meta property=\"og:image:height\" content=\"1706\" \/>\n\t<meta property=\"og:image:type\" content=\"image\/jpeg\" \/>\n<meta name=\"author\" content=\"Redacci\u00f3n\" \/>\n<meta name=\"twitter:card\" content=\"summary_large_image\" \/>\n<meta name=\"twitter:label1\" content=\"Escrit per\" \/>\n\t<meta name=\"twitter:data1\" content=\"Redacci\u00f3n\" \/>\n\t<meta name=\"twitter:label2\" content=\"Temps estimat de lectura\" \/>\n\t<meta name=\"twitter:data2\" content=\"2 minuts\" \/>\n<script type=\"application\/ld+json\" class=\"yoast-schema-graph\">{\"@context\":\"https:\\\/\\\/schema.org\",\"@graph\":[{\"@type\":\"NewsArticle\",\"@id\":\"https:\\\/\\\/radiolitoral.com\\\/2023\\\/04\\\/el-pleno-de-calp-debatira-el-proyecto-de-vivienda-protegida-vpo\\\/#article\",\"isPartOf\":{\"@id\":\"https:\\\/\\\/radiolitoral.com\\\/2023\\\/04\\\/el-pleno-de-calp-debatira-el-proyecto-de-vivienda-protegida-vpo\\\/\"},\"author\":{\"name\":\"Redacci\u00f3n\",\"@id\":\"https:\\\/\\\/radiolitoral.com\\\/#\\\/schema\\\/person\\\/f2b2343c49b5d721857cc1002bfdb151\"},\"headline\":\"El pleno de Calp debatir\u00e1 el proyecto de vivienda protegida VPO\",\"datePublished\":\"2023-04-11T14:29:26+00:00\",\"dateModified\":\"2023-04-11T14:30:31+00:00\",\"mainEntityOfPage\":{\"@id\":\"https:\\\/\\\/radiolitoral.com\\\/2023\\\/04\\\/el-pleno-de-calp-debatira-el-proyecto-de-vivienda-protegida-vpo\\\/\"},\"wordCount\":293,\"commentCount\":0,\"publisher\":{\"@id\":\"https:\\\/\\\/radiolitoral.com\\\/#organization\"},\"image\":{\"@id\":\"https:\\\/\\\/radiolitoral.com\\\/2023\\\/04\\\/el-pleno-de-calp-debatira-el-proyecto-de-vivienda-protegida-vpo\\\/#primaryimage\"},\"thumbnailUrl\":\"https:\\\/\\\/media.radiolitoral.com\\\/wp-content\\\/uploads\\\/2023\\\/04\\\/11162823\\\/Calpe-y-su-penon-scaled-1.jpg\",\"keywords\":[\"Calp\",\"Jos\u00e9 Manuel del Pino\",\"pleno Calp\",\"vivienda social Calp\",\"VPO Calp\"],\"articleSection\":[\"Pol\u00edtica\"],\"inLanguage\":\"ca\",\"potentialAction\":[{\"@type\":\"CommentAction\",\"name\":\"Comment\",\"target\":[\"https:\\\/\\\/radiolitoral.com\\\/2023\\\/04\\\/el-pleno-de-calp-debatira-el-proyecto-de-vivienda-protegida-vpo\\\/#respond\"]}]},{\"@type\":[\"WebPage\",\"ItemPage\"],\"@id\":\"https:\\\/\\\/radiolitoral.com\\\/2023\\\/04\\\/el-pleno-de-calp-debatira-el-proyecto-de-vivienda-protegida-vpo\\\/\",\"url\":\"https:\\\/\\\/radiolitoral.com\\\/2023\\\/04\\\/el-pleno-de-calp-debatira-el-proyecto-de-vivienda-protegida-vpo\\\/\",\"name\":\"El pleno de Calp debatir\u00e1 el proyecto de vivienda protegida VPO | R\u00e0dio Litoral\",\"isPartOf\":{\"@id\":\"https:\\\/\\\/radiolitoral.com\\\/#website\"},\"primaryImageOfPage\":{\"@id\":\"https:\\\/\\\/radiolitoral.com\\\/2023\\\/04\\\/el-pleno-de-calp-debatira-el-proyecto-de-vivienda-protegida-vpo\\\/#primaryimage\"},\"image\":{\"@id\":\"https:\\\/\\\/radiolitoral.com\\\/2023\\\/04\\\/el-pleno-de-calp-debatira-el-proyecto-de-vivienda-protegida-vpo\\\/#primaryimage\"},\"thumbnailUrl\":\"https:\\\/\\\/media.radiolitoral.com\\\/wp-content\\\/uploads\\\/2023\\\/04\\\/11162823\\\/Calpe-y-su-penon-scaled-1.jpg\",\"datePublished\":\"2023-04-11T14:29:26+00:00\",\"dateModified\":\"2023-04-11T14:30:31+00:00\",\"description\":\"Otro de los puntos ser\u00e1 Juan Manuel del Pino, concejal de C\u2019s, que pasar\u00e1 a ser concejal no adscrito Otro de los puntos ser\u00e1 Juan Manuel del Pino, concejal de C\u2019s, que pasar\u00e1 a ser concejal no adscrito\",\"breadcrumb\":{\"@id\":\"https:\\\/\\\/radiolitoral.com\\\/2023\\\/04\\\/el-pleno-de-calp-debatira-el-proyecto-de-vivienda-protegida-vpo\\\/#breadcrumb\"},\"inLanguage\":\"ca\",\"potentialAction\":[{\"@type\":\"ReadAction\",\"target\":[\"https:\\\/\\\/radiolitoral.com\\\/2023\\\/04\\\/el-pleno-de-calp-debatira-el-proyecto-de-vivienda-protegida-vpo\\\/\"]}]},{\"@type\":\"ImageObject\",\"inLanguage\":\"ca\",\"@id\":\"https:\\\/\\\/radiolitoral.com\\\/2023\\\/04\\\/el-pleno-de-calp-debatira-el-proyecto-de-vivienda-protegida-vpo\\\/#primaryimage\",\"url\":\"https:\\\/\\\/media.radiolitoral.com\\\/wp-content\\\/uploads\\\/2023\\\/04\\\/11162823\\\/Calpe-y-su-penon-scaled-1.jpg\",\"contentUrl\":\"https:\\\/\\\/media.radiolitoral.com\\\/wp-content\\\/uploads\\\/2023\\\/04\\\/11162823\\\/Calpe-y-su-penon-scaled-1.jpg\",\"width\":2560,\"height\":1706,\"caption\":\"Calp | Redacci\u00f3\"},{\"@type\":\"BreadcrumbList\",\"@id\":\"https:\\\/\\\/radiolitoral.com\\\/2023\\\/04\\\/el-pleno-de-calp-debatira-el-proyecto-de-vivienda-protegida-vpo\\\/#breadcrumb\",\"itemListElement\":[{\"@type\":\"ListItem\",\"position\":1,\"name\":\"Portada\",\"item\":\"https:\\\/\\\/radiolitoral.com\\\/\"},{\"@type\":\"ListItem\",\"position\":2,\"name\":\"El pleno de Calp debatir\u00e1 el proyecto de vivienda protegida VPO\"}]},{\"@type\":\"WebSite\",\"@id\":\"https:\\\/\\\/radiolitoral.com\\\/#website\",\"url\":\"https:\\\/\\\/radiolitoral.com\\\/\",\"name\":\"Radio Litoral\",\"description\":\"La radio local de la Marina Alta\",\"publisher\":{\"@id\":\"https:\\\/\\\/radiolitoral.com\\\/#organization\"},\"alternateName\":\"Litoral FM\",\"potentialAction\":[{\"@type\":\"SearchAction\",\"target\":{\"@type\":\"EntryPoint\",\"urlTemplate\":\"https:\\\/\\\/radiolitoral.com\\\/?s={search_term_string}\"},\"query-input\":{\"@type\":\"PropertyValueSpecification\",\"valueRequired\":true,\"valueName\":\"search_term_string\"}}],\"inLanguage\":\"ca\"},{\"@type\":\"Organization\",\"@id\":\"https:\\\/\\\/radiolitoral.com\\\/#organization\",\"name\":\"Radio Litoral\",\"url\":\"https:\\\/\\\/radiolitoral.com\\\/\",\"logo\":{\"@type\":\"ImageObject\",\"inLanguage\":\"ca\",\"@id\":\"https:\\\/\\\/radiolitoral.com\\\/#\\\/schema\\\/logo\\\/image\\\/\",\"url\":\"https:\\\/\\\/media.radiolitoral.com\\\/wp-content\\\/uploads\\\/2023\\\/02\\\/24143238\\\/CL-V-RadioLitoral696.png\",\"contentUrl\":\"https:\\\/\\\/media.radiolitoral.com\\\/wp-content\\\/uploads\\\/2023\\\/02\\\/24143238\\\/CL-V-RadioLitoral696.png\",\"width\":696,\"height\":696,\"caption\":\"Radio Litoral\"},\"image\":{\"@id\":\"https:\\\/\\\/radiolitoral.com\\\/#\\\/schema\\\/logo\\\/image\\\/\"},\"sameAs\":[\"https:\\\/\\\/www.facebook.com\\\/Laradiolitoral\\\/\"]},{\"@type\":\"Person\",\"@id\":\"https:\\\/\\\/radiolitoral.com\\\/#\\\/schema\\\/person\\\/f2b2343c49b5d721857cc1002bfdb151\",\"name\":\"Redacci\u00f3n\",\"image\":{\"@type\":\"ImageObject\",\"inLanguage\":\"ca\",\"@id\":\"https:\\\/\\\/secure.gravatar.com\\\/avatar\\\/f771d896c203ad8b3382d7905cfcce5a5c9b008b84b3cd9114e9b9f4cb63f789?s=96&d=mm&r=g\",\"url\":\"https:\\\/\\\/secure.gravatar.com\\\/avatar\\\/f771d896c203ad8b3382d7905cfcce5a5c9b008b84b3cd9114e9b9f4cb63f789?s=96&d=mm&r=g\",\"contentUrl\":\"https:\\\/\\\/secure.gravatar.com\\\/avatar\\\/f771d896c203ad8b3382d7905cfcce5a5c9b008b84b3cd9114e9b9f4cb63f789?s=96&d=mm&r=g\",\"caption\":\"Redacci\u00f3n\"},\"url\":\"https:\\\/\\\/radiolitoral.com\\\/ca\\\/author\\\/miriam-pagan\\\/\"}]}<\/script>\n<!-- \/ Yoast SEO plugin. -->","yoast_head_json":{"title":"El ple de Calp debatr\u00e0 el projecte d&#039;habitatge protegit HPO | R\u00e0dio Litoral","description":"Un altre dels punts ser\u00e0 Juan Manuel del Pino, regidor de C&#039;s, que passar\u00e0 a ser regidor no adscrit Un altre dels punts ser\u00e0 Juan Manuel del Pino, regidor de C&#039;s, que passar\u00e0 a ser regidor no adscrit","robots":{"index":"index","follow":"follow","max-snippet":"max-snippet:-1","max-image-preview":"max-image-preview:large","max-video-preview":"max-video-preview:-1"},"canonical":"https:\/\/radiolitoral.com\/ca\/2023\/04\/el-ple-de-calp-debatra-el-projecte-dhabitatge-protegit-vpo\/","og_locale":"ca_ES","og_type":"article","og_title":"El pleno de Calp debatir\u00e1 el proyecto de vivienda protegida VPO | R\u00e0dio Litoral","og_description":"Otro de los puntos ser\u00e1 Juan Manuel del Pino, concejal de C\u2019s, que pasar\u00e1 a ser concejal no adscrito Otro de los puntos ser\u00e1 Juan Manuel del Pino, concejal de C\u2019s, que pasar\u00e1 a ser concejal no adscrito","og_url":"https:\/\/radiolitoral.com\/ca\/2023\/04\/el-ple-de-calp-debatra-el-projecte-dhabitatge-protegit-vpo\/","og_site_name":"R\u00e0dio Litoral","article_publisher":"https:\/\/www.facebook.com\/Laradiolitoral\/","article_published_time":"2023-04-11T14:29:26+00:00","article_modified_time":"2023-04-11T14:30:31+00:00","og_image":[{"width":2560,"height":1706,"url":"https:\/\/media.radiolitoral.com\/wp-content\/uploads\/2023\/04\/11162823\/Calpe-y-su-penon-scaled-1.jpg","type":"image\/jpeg"}],"author":"Redacci\u00f3n","twitter_card":"summary_large_image","twitter_misc":{"Escrit per":"Redacci\u00f3n","Temps estimat de lectura":"2 minuts"},"schema":{"@context":"https:\/\/schema.org","@graph":[{"@type":"NewsArticle","@id":"https:\/\/radiolitoral.com\/2023\/04\/el-pleno-de-calp-debatira-el-proyecto-de-vivienda-protegida-vpo\/#article","isPartOf":{"@id":"https:\/\/radiolitoral.com\/2023\/04\/el-pleno-de-calp-debatira-el-proyecto-de-vivienda-protegida-vpo\/"},"author":{"name":"Redacci\u00f3n","@id":"https:\/\/radiolitoral.com\/#\/schema\/person\/f2b2343c49b5d721857cc1002bfdb151"},"headline":"El pleno de Calp debatir\u00e1 el proyecto de vivienda protegida VPO","datePublished":"2023-04-11T14:29:26+00:00","dateModified":"2023-04-11T14:30:31+00:00","mainEntityOfPage":{"@id":"https:\/\/radiolitoral.com\/2023\/04\/el-pleno-de-calp-debatira-el-proyecto-de-vivienda-protegida-vpo\/"},"wordCount":293,"commentCount":0,"publisher":{"@id":"https:\/\/radiolitoral.com\/#organization"},"image":{"@id":"https:\/\/radiolitoral.com\/2023\/04\/el-pleno-de-calp-debatira-el-proyecto-de-vivienda-protegida-vpo\/#primaryimage"},"thumbnailUrl":"https:\/\/media.radiolitoral.com\/wp-content\/uploads\/2023\/04\/11162823\/Calpe-y-su-penon-scaled-1.jpg","keywords":["Calp","Jos\u00e9 Manuel del Pino","pleno Calp","vivienda social Calp","VPO Calp"],"articleSection":["Pol\u00edtica"],"inLanguage":"ca","potentialAction":[{"@type":"CommentAction","name":"Comment","target":["https:\/\/radiolitoral.com\/2023\/04\/el-pleno-de-calp-debatira-el-proyecto-de-vivienda-protegida-vpo\/#respond"]}]},{"@type":["WebPage","ItemPage"],"@id":"https:\/\/radiolitoral.com\/2023\/04\/el-pleno-de-calp-debatira-el-proyecto-de-vivienda-protegida-vpo\/","url":"https:\/\/radiolitoral.com\/2023\/04\/el-pleno-de-calp-debatira-el-proyecto-de-vivienda-protegida-vpo\/","name":"El ple de Calp debatr\u00e0 el projecte d&#039;habitatge protegit HPO | R\u00e0dio Litoral","isPartOf":{"@id":"https:\/\/radiolitoral.com\/#website"},"primaryImageOfPage":{"@id":"https:\/\/radiolitoral.com\/2023\/04\/el-pleno-de-calp-debatira-el-proyecto-de-vivienda-protegida-vpo\/#primaryimage"},"image":{"@id":"https:\/\/radiolitoral.com\/2023\/04\/el-pleno-de-calp-debatira-el-proyecto-de-vivienda-protegida-vpo\/#primaryimage"},"thumbnailUrl":"https:\/\/media.radiolitoral.com\/wp-content\/uploads\/2023\/04\/11162823\/Calpe-y-su-penon-scaled-1.jpg","datePublished":"2023-04-11T14:29:26+00:00","dateModified":"2023-04-11T14:30:31+00:00","description":"Un altre dels punts ser\u00e0 Juan Manuel del Pino, regidor de C&#039;s, que passar\u00e0 a ser regidor no adscrit Un altre dels punts ser\u00e0 Juan Manuel del Pino, regidor de C&#039;s, que passar\u00e0 a ser regidor no adscrit","breadcrumb":{"@id":"https:\/\/radiolitoral.com\/2023\/04\/el-pleno-de-calp-debatira-el-proyecto-de-vivienda-protegida-vpo\/#breadcrumb"},"inLanguage":"ca","potentialAction":[{"@type":"ReadAction","target":["https:\/\/radiolitoral.com\/2023\/04\/el-pleno-de-calp-debatira-el-proyecto-de-vivienda-protegida-vpo\/"]}]},{"@type":"ImageObject","inLanguage":"ca","@id":"https:\/\/radiolitoral.com\/2023\/04\/el-pleno-de-calp-debatira-el-proyecto-de-vivienda-protegida-vpo\/#primaryimage","url":"https:\/\/media.radiolitoral.com\/wp-content\/uploads\/2023\/04\/11162823\/Calpe-y-su-penon-scaled-1.jpg","contentUrl":"https:\/\/media.radiolitoral.com\/wp-content\/uploads\/2023\/04\/11162823\/Calpe-y-su-penon-scaled-1.jpg","width":2560,"height":1706,"caption":"Calp | Redacci\u00f3"},{"@type":"BreadcrumbList","@id":"https:\/\/radiolitoral.com\/2023\/04\/el-pleno-de-calp-debatira-el-proyecto-de-vivienda-protegida-vpo\/#breadcrumb","itemListElement":[{"@type":"ListItem","position":1,"name":"Portada","item":"https:\/\/radiolitoral.com\/"},{"@type":"ListItem","position":2,"name":"El pleno de Calp debatir\u00e1 el proyecto de vivienda protegida VPO"}]},{"@type":"WebSite","@id":"https:\/\/radiolitoral.com\/#website","url":"https:\/\/radiolitoral.com\/","name":"R\u00e0dio Litoral","description":"La r\u00e0dio local de la Marina Alta","publisher":{"@id":"https:\/\/radiolitoral.com\/#organization"},"alternateName":"Litoral FM","potentialAction":[{"@type":"SearchAction","target":{"@type":"EntryPoint","urlTemplate":"https:\/\/radiolitoral.com\/?s={search_term_string}"},"query-input":{"@type":"PropertyValueSpecification","valueRequired":true,"valueName":"search_term_string"}}],"inLanguage":"ca"},{"@type":"Organization","@id":"https:\/\/radiolitoral.com\/#organization","name":"R\u00e0dio Litoral","url":"https:\/\/radiolitoral.com\/","logo":{"@type":"ImageObject","inLanguage":"ca","@id":"https:\/\/radiolitoral.com\/#\/schema\/logo\/image\/","url":"https:\/\/media.radiolitoral.com\/wp-content\/uploads\/2023\/02\/24143238\/CL-V-RadioLitoral696.png","contentUrl":"https:\/\/media.radiolitoral.com\/wp-content\/uploads\/2023\/02\/24143238\/CL-V-RadioLitoral696.png","width":696,"height":696,"caption":"Radio Litoral"},"image":{"@id":"https:\/\/radiolitoral.com\/#\/schema\/logo\/image\/"},"sameAs":["https:\/\/www.facebook.com\/Laradiolitoral\/"]},{"@type":"Person","@id":"https:\/\/radiolitoral.com\/#\/schema\/person\/f2b2343c49b5d721857cc1002bfdb151","name":"Redacci\u00f3","image":{"@type":"ImageObject","inLanguage":"ca","@id":"https:\/\/secure.gravatar.com\/avatar\/f771d896c203ad8b3382d7905cfcce5a5c9b008b84b3cd9114e9b9f4cb63f789?s=96&d=mm&r=g","url":"https:\/\/secure.gravatar.com\/avatar\/f771d896c203ad8b3382d7905cfcce5a5c9b008b84b3cd9114e9b9f4cb63f789?s=96&d=mm&r=g","contentUrl":"https:\/\/secure.gravatar.com\/avatar\/f771d896c203ad8b3382d7905cfcce5a5c9b008b84b3cd9114e9b9f4cb63f789?s=96&d=mm&r=g","caption":"Redacci\u00f3n"},"url":"https:\/\/radiolitoral.com\/ca\/author\/miriam-pagan\/"}]}},"_links":{"self":[{"href":"https:\/\/radiolitoral.com\/ca\/wp-json\/wp\/v2\/posts\/2076","targetHints":{"allow":["GET"]}}],"collection":[{"href":"https:\/\/radiolitoral.com\/ca\/wp-json\/wp\/v2\/posts"}],"about":[{"href":"https:\/\/radiolitoral.com\/ca\/wp-json\/wp\/v2\/types\/post"}],"author":[{"embeddable":true,"href":"https:\/\/radiolitoral.com\/ca\/wp-json\/wp\/v2\/users\/13"}],"replies":[{"embeddable":true,"href":"https:\/\/radiolitoral.com\/ca\/wp-json\/wp\/v2\/comments?post=2076"}],"version-history":[{"count":1,"href":"https:\/\/radiolitoral.com\/ca\/wp-json\/wp\/v2\/posts\/2076\/revisions"}],"predecessor-version":[{"id":2078,"href":"https:\/\/radiolitoral.com\/ca\/wp-json\/wp\/v2\/posts\/2076\/revisions\/2078"}],"wp:featuredmedia":[{"embeddable":true,"href":"https:\/\/radiolitoral.com\/ca\/wp-json\/wp\/v2\/media\/2077"}],"wp:attachment":[{"href":"https:\/\/radiolitoral.com\/ca\/wp-json\/wp\/v2\/media?parent=2076"}],"wp:term":[{"taxonomy":"category","embeddable":true,"href":"https:\/\/radiolitoral.com\/ca\/wp-json\/wp\/v2\/categories?post=2076"},{"taxonomy":"post_tag","embeddable":true,"href":"https:\/\/radiolitoral.com\/ca\/wp-json\/wp\/v2\/tags?post=2076"}],"curies":[{"name":"wp","href":"https:\/\/api.w.org\/{rel}","templated":true}]}}