{"id":2071,"date":"2023-04-11T16:14:07","date_gmt":"2023-04-11T14:14:07","guid":{"rendered":"https:\/\/radiolitoral.com\/?p=2071"},"modified":"2023-04-11T16:15:48","modified_gmt":"2023-04-11T14:15:48","slug":"compromis-per-benissa-denuncia-la-manca-de-compromis-pel-valencia","status":"publish","type":"post","link":"https:\/\/radiolitoral.com\/ca\/2023\/04\/compromis-per-benissa-denuncia-la-falta-de-compromiso-por-el-valenciano\/","title":{"rendered":"Comprom\u00eds per Benissa denuncia la manca de comprom\u00eds pel valenci\u00e0"},"content":{"rendered":"<p><strong>Comprom\u00eds per Benissa<\/strong> <strong>ha denunciat la manca de comprom\u00eds pel valenci\u00e0 per part del govern local, PP i CIBE<\/strong>. A trav\u00e9s de les seves xarxes socials, la formaci\u00f3 valencianista ha lamentat la discriminaci\u00f3 que pateix la llengua aut\u00f2ctona despr\u00e9s que l&#039;Ajuntament benisser hagi col\u00b7locat una estructura en una de les rondes d&#039;entrada al nucli urb\u00e0 <strong>cartell \u00abSPORT CITY\u00bb<\/strong>.<\/p>\n<p>Els valencianistes adverteixen que no \u00e9s el primer cartell o s\u00edmbol a Benissa escrit en un idioma no oficial, ja que l&#039;Ajuntament tamb\u00e9 ha senyalitzat les zones properes a les escoles amb cartells amb el lema <strong>\u201cKiss and go\u201d<\/strong>.<\/p>\n<p>Des de Comprom\u00eds lamenten que el govern local prioritzi l&#039;angl\u00e8s sobre la llengua aut\u00f2ctona, una forma, entenen des de la formaci\u00f3, de menysprear el valenci\u00e0, la llengua materna dels ve\u00efns i ve\u00efnes de Benissa, segons reiteren.<\/p>\n<p><strong>Nadia Tent, n\u00famero 3 de la candidatura de Comprom\u00eds per Benissa<\/strong> a les eleccions municipals del mes de maig, a m\u00e9s, fil\u00f2loga i professora de valenci\u00e0 defensa la necessitat de viure plenament en valenci\u00e0 i assegura que des del seu partit lluitaran per preservar i defensar sempre els nostres drets ling\u00fc\u00edstics\u00bb.<\/p>\n<p>&nbsp;<\/p>\n<audio class=\"wp-audio-shortcode\" id=\"audio-2071-1\" preload=\"none\" style=\"width: 100%;\" controls=\"controls\"><source type=\"audio\/mpeg\" src=\"https:\/\/media.radiolitoral.com\/wp-content\/uploads\/2023\/04\/11160645\/Nadia-Tent.mp3?_=1\" \/><a href=\"https:\/\/media.radiolitoral.com\/wp-content\/uploads\/2023\/04\/11160645\/Nadia-Tent.mp3\">https:\/\/media.radiolitoral.com\/wp-content\/uploads\/2023\/04\/11160645\/Nadia-Tent.mp3<\/a><\/audio>","protected":false},"excerpt":{"rendered":"<p>Comprom\u00eds per Benissa ha denunciado la falta de compromiso por el valenciano por parte del gobierno local, PP y CIBE. A trav\u00e9s de sus redes sociales, la formaci\u00f3n valencianista ha lamentado la discriminaci\u00f3n que sufre la lengua aut\u00f3ctona despu\u00e9s de que el Ayuntamiento benissero haya colocado una estructura en una de las rondas de entrada [&#8230;]<\/p>\n<p><a class=\"btn btn-secondary understrap-read-more-link\" href=\"https:\/\/radiolitoral.com\/ca\/2023\/04\/compromis-per-benissa-denuncia-la-falta-de-compromiso-por-el-valenciano\/\">Continua llegint&#8230;<span class=\"screen-reader-text\"> from Comprom\u00eds per Benissa denuncia la falta de compromiso por el valenciano<\/span><\/a><\/p>\n","protected":false},"author":13,"featured_media":2073,"comment_status":"open","ping_status":"closed","sticky":false,"template":"","format":"standard","meta":{"_acf_changed":false,"inline_featured_image":false,"footnotes":""},"categories":[13],"tags":[126,161,471],"class_list":["post-2071","post","type-post","status-publish","format-standard","has-post-thumbnail","hentry","category-politica","tag-benissa","tag-elecciones-2023","tag-valenciano","cobertura-benissa"],"acf":[],"yoast_head":"<!-- This site is optimized with the Yoast SEO plugin v27.5 - https:\/\/yoast.com\/product\/yoast-seo-wordpress\/ -->\n<title>Comprom\u00eds per Benissa denuncia la falta de compromiso por el valenciano | R\u00e0dio Litoral<\/title>\n<meta name=\"description\" content=\"Unos carteles donde se lee &quot;Sport city&quot; y \u201cKiss and go\u201d han sido la chispa que ha encendido la llama Unos carteles donde se lee &quot;Sport city&quot; y \u201cKiss and go\u201d han sido la chispa que ha encendido la llama\" \/>\n<meta name=\"robots\" content=\"index, follow, max-snippet:-1, max-image-preview:large, max-video-preview:-1\" \/>\n<link rel=\"canonical\" href=\"https:\/\/radiolitoral.com\/ca\/2023\/04\/compromis-per-benissa-denuncia-la-manca-de-compromis-pel-valencia\/\" \/>\n<meta property=\"og:locale\" content=\"ca_ES\" \/>\n<meta property=\"og:type\" content=\"article\" \/>\n<meta property=\"og:title\" content=\"Comprom\u00eds per Benissa denuncia la falta de compromiso por el valenciano | R\u00e0dio Litoral\" \/>\n<meta property=\"og:description\" content=\"Unos carteles donde se lee &quot;Sport city&quot; y \u201cKiss and go\u201d han sido la chispa que ha encendido la llama Unos carteles donde se lee &quot;Sport city&quot; y \u201cKiss and go\u201d han sido la chispa que ha encendido la llama\" \/>\n<meta property=\"og:url\" content=\"https:\/\/radiolitoral.com\/ca\/2023\/04\/compromis-per-benissa-denuncia-la-manca-de-compromis-pel-valencia\/\" \/>\n<meta property=\"og:site_name\" content=\"R\u00e0dio Litoral\" \/>\n<meta property=\"article:publisher\" content=\"https:\/\/www.facebook.com\/Laradiolitoral\/\" \/>\n<meta property=\"article:published_time\" content=\"2023-04-11T14:14:07+00:00\" \/>\n<meta property=\"article:modified_time\" content=\"2023-04-11T14:15:48+00:00\" \/>\n<meta property=\"og:image\" content=\"https:\/\/media.radiolitoral.com\/wp-content\/uploads\/2023\/04\/11161357\/hoja2-scaled.jpg\" \/>\n\t<meta property=\"og:image:width\" content=\"2560\" \/>\n\t<meta property=\"og:image:height\" content=\"1820\" \/>\n\t<meta property=\"og:image:type\" content=\"image\/jpeg\" \/>\n<meta name=\"author\" content=\"Redacci\u00f3n\" \/>\n<meta name=\"twitter:card\" content=\"summary_large_image\" \/>\n<meta name=\"twitter:label1\" content=\"Escrit per\" \/>\n\t<meta name=\"twitter:data1\" content=\"Redacci\u00f3n\" \/>\n\t<meta name=\"twitter:label2\" content=\"Temps estimat de lectura\" \/>\n\t<meta name=\"twitter:data2\" content=\"1 minut\" \/>\n<script type=\"application\/ld+json\" class=\"yoast-schema-graph\">{\"@context\":\"https:\\\/\\\/schema.org\",\"@graph\":[{\"@type\":\"NewsArticle\",\"@id\":\"https:\\\/\\\/radiolitoral.com\\\/2023\\\/04\\\/compromis-per-benissa-denuncia-la-falta-de-compromiso-por-el-valenciano\\\/#article\",\"isPartOf\":{\"@id\":\"https:\\\/\\\/radiolitoral.com\\\/2023\\\/04\\\/compromis-per-benissa-denuncia-la-falta-de-compromiso-por-el-valenciano\\\/\"},\"author\":{\"name\":\"Redacci\u00f3n\",\"@id\":\"https:\\\/\\\/radiolitoral.com\\\/#\\\/schema\\\/person\\\/f2b2343c49b5d721857cc1002bfdb151\"},\"headline\":\"Comprom\u00eds per Benissa denuncia la falta de compromiso por el valenciano\",\"datePublished\":\"2023-04-11T14:14:07+00:00\",\"dateModified\":\"2023-04-11T14:15:48+00:00\",\"mainEntityOfPage\":{\"@id\":\"https:\\\/\\\/radiolitoral.com\\\/2023\\\/04\\\/compromis-per-benissa-denuncia-la-falta-de-compromiso-por-el-valenciano\\\/\"},\"wordCount\":229,\"commentCount\":0,\"publisher\":{\"@id\":\"https:\\\/\\\/radiolitoral.com\\\/#organization\"},\"image\":{\"@id\":\"https:\\\/\\\/radiolitoral.com\\\/2023\\\/04\\\/compromis-per-benissa-denuncia-la-falta-de-compromiso-por-el-valenciano\\\/#primaryimage\"},\"thumbnailUrl\":\"https:\\\/\\\/media.radiolitoral.com\\\/wp-content\\\/uploads\\\/2023\\\/04\\\/11161357\\\/hoja2-scaled.jpg\",\"keywords\":[\"Benissa\",\"elecciones 2023\",\"valenciano\"],\"articleSection\":[\"Pol\u00edtica\"],\"inLanguage\":\"ca\",\"potentialAction\":[{\"@type\":\"CommentAction\",\"name\":\"Comment\",\"target\":[\"https:\\\/\\\/radiolitoral.com\\\/2023\\\/04\\\/compromis-per-benissa-denuncia-la-falta-de-compromiso-por-el-valenciano\\\/#respond\"]}]},{\"@type\":[\"WebPage\",\"ItemPage\"],\"@id\":\"https:\\\/\\\/radiolitoral.com\\\/2023\\\/04\\\/compromis-per-benissa-denuncia-la-falta-de-compromiso-por-el-valenciano\\\/\",\"url\":\"https:\\\/\\\/radiolitoral.com\\\/2023\\\/04\\\/compromis-per-benissa-denuncia-la-falta-de-compromiso-por-el-valenciano\\\/\",\"name\":\"Comprom\u00eds per Benissa denuncia la falta de compromiso por el valenciano | R\u00e0dio Litoral\",\"isPartOf\":{\"@id\":\"https:\\\/\\\/radiolitoral.com\\\/#website\"},\"primaryImageOfPage\":{\"@id\":\"https:\\\/\\\/radiolitoral.com\\\/2023\\\/04\\\/compromis-per-benissa-denuncia-la-falta-de-compromiso-por-el-valenciano\\\/#primaryimage\"},\"image\":{\"@id\":\"https:\\\/\\\/radiolitoral.com\\\/2023\\\/04\\\/compromis-per-benissa-denuncia-la-falta-de-compromiso-por-el-valenciano\\\/#primaryimage\"},\"thumbnailUrl\":\"https:\\\/\\\/media.radiolitoral.com\\\/wp-content\\\/uploads\\\/2023\\\/04\\\/11161357\\\/hoja2-scaled.jpg\",\"datePublished\":\"2023-04-11T14:14:07+00:00\",\"dateModified\":\"2023-04-11T14:15:48+00:00\",\"description\":\"Unos carteles donde se lee \\\"Sport city\\\" y \u201cKiss and go\u201d han sido la chispa que ha encendido la llama Unos carteles donde se lee \\\"Sport city\\\" y \u201cKiss and go\u201d han sido la chispa que ha encendido la llama\",\"breadcrumb\":{\"@id\":\"https:\\\/\\\/radiolitoral.com\\\/2023\\\/04\\\/compromis-per-benissa-denuncia-la-falta-de-compromiso-por-el-valenciano\\\/#breadcrumb\"},\"inLanguage\":\"ca\",\"potentialAction\":[{\"@type\":\"ReadAction\",\"target\":[\"https:\\\/\\\/radiolitoral.com\\\/2023\\\/04\\\/compromis-per-benissa-denuncia-la-falta-de-compromiso-por-el-valenciano\\\/\"]}]},{\"@type\":\"ImageObject\",\"inLanguage\":\"ca\",\"@id\":\"https:\\\/\\\/radiolitoral.com\\\/2023\\\/04\\\/compromis-per-benissa-denuncia-la-falta-de-compromiso-por-el-valenciano\\\/#primaryimage\",\"url\":\"https:\\\/\\\/media.radiolitoral.com\\\/wp-content\\\/uploads\\\/2023\\\/04\\\/11161357\\\/hoja2-scaled.jpg\",\"contentUrl\":\"https:\\\/\\\/media.radiolitoral.com\\\/wp-content\\\/uploads\\\/2023\\\/04\\\/11161357\\\/hoja2-scaled.jpg\",\"width\":2560,\"height\":1820},{\"@type\":\"BreadcrumbList\",\"@id\":\"https:\\\/\\\/radiolitoral.com\\\/2023\\\/04\\\/compromis-per-benissa-denuncia-la-falta-de-compromiso-por-el-valenciano\\\/#breadcrumb\",\"itemListElement\":[{\"@type\":\"ListItem\",\"position\":1,\"name\":\"Portada\",\"item\":\"https:\\\/\\\/radiolitoral.com\\\/\"},{\"@type\":\"ListItem\",\"position\":2,\"name\":\"Comprom\u00eds per Benissa denuncia la falta de compromiso por el valenciano\"}]},{\"@type\":\"WebSite\",\"@id\":\"https:\\\/\\\/radiolitoral.com\\\/#website\",\"url\":\"https:\\\/\\\/radiolitoral.com\\\/\",\"name\":\"Radio Litoral\",\"description\":\"La radio local de la Marina Alta\",\"publisher\":{\"@id\":\"https:\\\/\\\/radiolitoral.com\\\/#organization\"},\"alternateName\":\"Litoral FM\",\"potentialAction\":[{\"@type\":\"SearchAction\",\"target\":{\"@type\":\"EntryPoint\",\"urlTemplate\":\"https:\\\/\\\/radiolitoral.com\\\/?s={search_term_string}\"},\"query-input\":{\"@type\":\"PropertyValueSpecification\",\"valueRequired\":true,\"valueName\":\"search_term_string\"}}],\"inLanguage\":\"ca\"},{\"@type\":\"Organization\",\"@id\":\"https:\\\/\\\/radiolitoral.com\\\/#organization\",\"name\":\"Radio Litoral\",\"url\":\"https:\\\/\\\/radiolitoral.com\\\/\",\"logo\":{\"@type\":\"ImageObject\",\"inLanguage\":\"ca\",\"@id\":\"https:\\\/\\\/radiolitoral.com\\\/#\\\/schema\\\/logo\\\/image\\\/\",\"url\":\"https:\\\/\\\/media.radiolitoral.com\\\/wp-content\\\/uploads\\\/2023\\\/02\\\/24143238\\\/CL-V-RadioLitoral696.png\",\"contentUrl\":\"https:\\\/\\\/media.radiolitoral.com\\\/wp-content\\\/uploads\\\/2023\\\/02\\\/24143238\\\/CL-V-RadioLitoral696.png\",\"width\":696,\"height\":696,\"caption\":\"Radio Litoral\"},\"image\":{\"@id\":\"https:\\\/\\\/radiolitoral.com\\\/#\\\/schema\\\/logo\\\/image\\\/\"},\"sameAs\":[\"https:\\\/\\\/www.facebook.com\\\/Laradiolitoral\\\/\"]},{\"@type\":\"Person\",\"@id\":\"https:\\\/\\\/radiolitoral.com\\\/#\\\/schema\\\/person\\\/f2b2343c49b5d721857cc1002bfdb151\",\"name\":\"Redacci\u00f3n\",\"image\":{\"@type\":\"ImageObject\",\"inLanguage\":\"ca\",\"@id\":\"https:\\\/\\\/secure.gravatar.com\\\/avatar\\\/f771d896c203ad8b3382d7905cfcce5a5c9b008b84b3cd9114e9b9f4cb63f789?s=96&d=mm&r=g\",\"url\":\"https:\\\/\\\/secure.gravatar.com\\\/avatar\\\/f771d896c203ad8b3382d7905cfcce5a5c9b008b84b3cd9114e9b9f4cb63f789?s=96&d=mm&r=g\",\"contentUrl\":\"https:\\\/\\\/secure.gravatar.com\\\/avatar\\\/f771d896c203ad8b3382d7905cfcce5a5c9b008b84b3cd9114e9b9f4cb63f789?s=96&d=mm&r=g\",\"caption\":\"Redacci\u00f3n\"},\"url\":\"https:\\\/\\\/radiolitoral.com\\\/ca\\\/author\\\/miriam-pagan\\\/\"}]}<\/script>\n<!-- \/ Yoast SEO plugin. -->","yoast_head_json":{"title":"Comprom\u00eds per Benissa denuncia la manca de comprom\u00eds pel valenci\u00e0 | R\u00e0dio Litoral","description":"Uns cartells on es llegeix \u201cSport city\u201d i \u201cKiss and go\u201d han estat l&#039;espurna que ha enc\u00e8s la flama Uns cartells on es llegeix \u201cSport city\u201d i \u201cKiss and go\u201d han estat l&#039;espurna que ha enc\u00e8s la flama","robots":{"index":"index","follow":"follow","max-snippet":"max-snippet:-1","max-image-preview":"max-image-preview:large","max-video-preview":"max-video-preview:-1"},"canonical":"https:\/\/radiolitoral.com\/ca\/2023\/04\/compromis-per-benissa-denuncia-la-manca-de-compromis-pel-valencia\/","og_locale":"ca_ES","og_type":"article","og_title":"Comprom\u00eds per Benissa denuncia la falta de compromiso por el valenciano | R\u00e0dio Litoral","og_description":"Unos carteles donde se lee \"Sport city\" y \u201cKiss and go\u201d han sido la chispa que ha encendido la llama Unos carteles donde se lee \"Sport city\" y \u201cKiss and go\u201d han sido la chispa que ha encendido la llama","og_url":"https:\/\/radiolitoral.com\/ca\/2023\/04\/compromis-per-benissa-denuncia-la-manca-de-compromis-pel-valencia\/","og_site_name":"R\u00e0dio Litoral","article_publisher":"https:\/\/www.facebook.com\/Laradiolitoral\/","article_published_time":"2023-04-11T14:14:07+00:00","article_modified_time":"2023-04-11T14:15:48+00:00","og_image":[{"width":2560,"height":1820,"url":"https:\/\/media.radiolitoral.com\/wp-content\/uploads\/2023\/04\/11161357\/hoja2-scaled.jpg","type":"image\/jpeg"}],"author":"Redacci\u00f3n","twitter_card":"summary_large_image","twitter_misc":{"Escrit per":"Redacci\u00f3n","Temps estimat de lectura":"1 minut"},"schema":{"@context":"https:\/\/schema.org","@graph":[{"@type":"NewsArticle","@id":"https:\/\/radiolitoral.com\/2023\/04\/compromis-per-benissa-denuncia-la-falta-de-compromiso-por-el-valenciano\/#article","isPartOf":{"@id":"https:\/\/radiolitoral.com\/2023\/04\/compromis-per-benissa-denuncia-la-falta-de-compromiso-por-el-valenciano\/"},"author":{"name":"Redacci\u00f3n","@id":"https:\/\/radiolitoral.com\/#\/schema\/person\/f2b2343c49b5d721857cc1002bfdb151"},"headline":"Comprom\u00eds per Benissa denuncia la falta de compromiso por el valenciano","datePublished":"2023-04-11T14:14:07+00:00","dateModified":"2023-04-11T14:15:48+00:00","mainEntityOfPage":{"@id":"https:\/\/radiolitoral.com\/2023\/04\/compromis-per-benissa-denuncia-la-falta-de-compromiso-por-el-valenciano\/"},"wordCount":229,"commentCount":0,"publisher":{"@id":"https:\/\/radiolitoral.com\/#organization"},"image":{"@id":"https:\/\/radiolitoral.com\/2023\/04\/compromis-per-benissa-denuncia-la-falta-de-compromiso-por-el-valenciano\/#primaryimage"},"thumbnailUrl":"https:\/\/media.radiolitoral.com\/wp-content\/uploads\/2023\/04\/11161357\/hoja2-scaled.jpg","keywords":["Benissa","elecciones 2023","valenciano"],"articleSection":["Pol\u00edtica"],"inLanguage":"ca","potentialAction":[{"@type":"CommentAction","name":"Comment","target":["https:\/\/radiolitoral.com\/2023\/04\/compromis-per-benissa-denuncia-la-falta-de-compromiso-por-el-valenciano\/#respond"]}]},{"@type":["WebPage","ItemPage"],"@id":"https:\/\/radiolitoral.com\/2023\/04\/compromis-per-benissa-denuncia-la-falta-de-compromiso-por-el-valenciano\/","url":"https:\/\/radiolitoral.com\/2023\/04\/compromis-per-benissa-denuncia-la-falta-de-compromiso-por-el-valenciano\/","name":"Comprom\u00eds per Benissa denuncia la manca de comprom\u00eds pel valenci\u00e0 | R\u00e0dio Litoral","isPartOf":{"@id":"https:\/\/radiolitoral.com\/#website"},"primaryImageOfPage":{"@id":"https:\/\/radiolitoral.com\/2023\/04\/compromis-per-benissa-denuncia-la-falta-de-compromiso-por-el-valenciano\/#primaryimage"},"image":{"@id":"https:\/\/radiolitoral.com\/2023\/04\/compromis-per-benissa-denuncia-la-falta-de-compromiso-por-el-valenciano\/#primaryimage"},"thumbnailUrl":"https:\/\/media.radiolitoral.com\/wp-content\/uploads\/2023\/04\/11161357\/hoja2-scaled.jpg","datePublished":"2023-04-11T14:14:07+00:00","dateModified":"2023-04-11T14:15:48+00:00","description":"Uns cartells on es llegeix \u201cSport city\u201d i \u201cKiss and go\u201d han estat l&#039;espurna que ha enc\u00e8s la flama Uns cartells on es llegeix \u201cSport city\u201d i \u201cKiss and go\u201d han estat l&#039;espurna que ha enc\u00e8s la flama","breadcrumb":{"@id":"https:\/\/radiolitoral.com\/2023\/04\/compromis-per-benissa-denuncia-la-falta-de-compromiso-por-el-valenciano\/#breadcrumb"},"inLanguage":"ca","potentialAction":[{"@type":"ReadAction","target":["https:\/\/radiolitoral.com\/2023\/04\/compromis-per-benissa-denuncia-la-falta-de-compromiso-por-el-valenciano\/"]}]},{"@type":"ImageObject","inLanguage":"ca","@id":"https:\/\/radiolitoral.com\/2023\/04\/compromis-per-benissa-denuncia-la-falta-de-compromiso-por-el-valenciano\/#primaryimage","url":"https:\/\/media.radiolitoral.com\/wp-content\/uploads\/2023\/04\/11161357\/hoja2-scaled.jpg","contentUrl":"https:\/\/media.radiolitoral.com\/wp-content\/uploads\/2023\/04\/11161357\/hoja2-scaled.jpg","width":2560,"height":1820},{"@type":"BreadcrumbList","@id":"https:\/\/radiolitoral.com\/2023\/04\/compromis-per-benissa-denuncia-la-falta-de-compromiso-por-el-valenciano\/#breadcrumb","itemListElement":[{"@type":"ListItem","position":1,"name":"Portada","item":"https:\/\/radiolitoral.com\/"},{"@type":"ListItem","position":2,"name":"Comprom\u00eds per Benissa denuncia la falta de compromiso por el valenciano"}]},{"@type":"WebSite","@id":"https:\/\/radiolitoral.com\/#website","url":"https:\/\/radiolitoral.com\/","name":"R\u00e0dio Litoral","description":"La r\u00e0dio local de la Marina Alta","publisher":{"@id":"https:\/\/radiolitoral.com\/#organization"},"alternateName":"Litoral FM","potentialAction":[{"@type":"SearchAction","target":{"@type":"EntryPoint","urlTemplate":"https:\/\/radiolitoral.com\/?s={search_term_string}"},"query-input":{"@type":"PropertyValueSpecification","valueRequired":true,"valueName":"search_term_string"}}],"inLanguage":"ca"},{"@type":"Organization","@id":"https:\/\/radiolitoral.com\/#organization","name":"R\u00e0dio Litoral","url":"https:\/\/radiolitoral.com\/","logo":{"@type":"ImageObject","inLanguage":"ca","@id":"https:\/\/radiolitoral.com\/#\/schema\/logo\/image\/","url":"https:\/\/media.radiolitoral.com\/wp-content\/uploads\/2023\/02\/24143238\/CL-V-RadioLitoral696.png","contentUrl":"https:\/\/media.radiolitoral.com\/wp-content\/uploads\/2023\/02\/24143238\/CL-V-RadioLitoral696.png","width":696,"height":696,"caption":"Radio Litoral"},"image":{"@id":"https:\/\/radiolitoral.com\/#\/schema\/logo\/image\/"},"sameAs":["https:\/\/www.facebook.com\/Laradiolitoral\/"]},{"@type":"Person","@id":"https:\/\/radiolitoral.com\/#\/schema\/person\/f2b2343c49b5d721857cc1002bfdb151","name":"Redacci\u00f3","image":{"@type":"ImageObject","inLanguage":"ca","@id":"https:\/\/secure.gravatar.com\/avatar\/f771d896c203ad8b3382d7905cfcce5a5c9b008b84b3cd9114e9b9f4cb63f789?s=96&d=mm&r=g","url":"https:\/\/secure.gravatar.com\/avatar\/f771d896c203ad8b3382d7905cfcce5a5c9b008b84b3cd9114e9b9f4cb63f789?s=96&d=mm&r=g","contentUrl":"https:\/\/secure.gravatar.com\/avatar\/f771d896c203ad8b3382d7905cfcce5a5c9b008b84b3cd9114e9b9f4cb63f789?s=96&d=mm&r=g","caption":"Redacci\u00f3n"},"url":"https:\/\/radiolitoral.com\/ca\/author\/miriam-pagan\/"}]}},"_links":{"self":[{"href":"https:\/\/radiolitoral.com\/ca\/wp-json\/wp\/v2\/posts\/2071","targetHints":{"allow":["GET"]}}],"collection":[{"href":"https:\/\/radiolitoral.com\/ca\/wp-json\/wp\/v2\/posts"}],"about":[{"href":"https:\/\/radiolitoral.com\/ca\/wp-json\/wp\/v2\/types\/post"}],"author":[{"embeddable":true,"href":"https:\/\/radiolitoral.com\/ca\/wp-json\/wp\/v2\/users\/13"}],"replies":[{"embeddable":true,"href":"https:\/\/radiolitoral.com\/ca\/wp-json\/wp\/v2\/comments?post=2071"}],"version-history":[{"count":1,"href":"https:\/\/radiolitoral.com\/ca\/wp-json\/wp\/v2\/posts\/2071\/revisions"}],"predecessor-version":[{"id":2074,"href":"https:\/\/radiolitoral.com\/ca\/wp-json\/wp\/v2\/posts\/2071\/revisions\/2074"}],"wp:featuredmedia":[{"embeddable":true,"href":"https:\/\/radiolitoral.com\/ca\/wp-json\/wp\/v2\/media\/2073"}],"wp:attachment":[{"href":"https:\/\/radiolitoral.com\/ca\/wp-json\/wp\/v2\/media?parent=2071"}],"wp:term":[{"taxonomy":"category","embeddable":true,"href":"https:\/\/radiolitoral.com\/ca\/wp-json\/wp\/v2\/categories?post=2071"},{"taxonomy":"post_tag","embeddable":true,"href":"https:\/\/radiolitoral.com\/ca\/wp-json\/wp\/v2\/tags?post=2071"}],"curies":[{"name":"wp","href":"https:\/\/api.w.org\/{rel}","templated":true}]}}