{"id":2067,"date":"2023-04-11T16:03:50","date_gmt":"2023-04-11T14:03:50","guid":{"rendered":"https:\/\/radiolitoral.com\/?p=2067"},"modified":"2023-04-11T16:04:39","modified_gmt":"2023-04-11T14:04:39","slug":"un-sisme-de-2-graus-alerta-els-veins-de-benissa-calp-i-teulada","status":"publish","type":"post","link":"https:\/\/radiolitoral.com\/ca\/2023\/04\/un-seismo-de-2-grados-alerta-a-los-vecinos-de-benissa-calp-y-teulada\/","title":{"rendered":"Un sisme de 2 graus alerta els ve\u00efns de Benissa, Calp i Teulada"},"content":{"rendered":"<p>El litoral de Calp va registrar diumenge a la nit un <strong>moviment s\u00edsmic 2,0 graus<\/strong> de magnitud a l&#039;escala Richter, segons va informar l&#039;Institut Geogr\u00e0fic Nacional.<\/p>\n<p>El sisme es va registrar al litoral compr\u00e8s entre el nord-oest de <strong>Calp i Moraira, entre la Cala Llobella i Cala Baladrar<\/strong>, propera a la carretera CV-746, a les 21:44 hores. L&#039;epicentre s&#039;ha localitzat a 6 quil\u00f2metres de profunditat.<\/p>\n<p>Encara que va ser un sisme de baixa intensitat, ve\u00efns de Calp, Benissa i Teulada van percebre el moviment de la terra sota els peus.<\/p>","protected":false},"excerpt":{"rendered":"<p>El litoral de Calp registr\u00f3 en la noche del domingo un movimiento s\u00edsmico 2,0 grados de magnitud en la escala Richter, seg\u00fan inform\u00f3 el Instituto Geogr\u00e1fico Nacional. El se\u00edsmo se registr\u00f3 en el litoral comprendido entre el noroeste de Calp y Moraira, entre la Cala Llobella y Cala Baladrar, pr\u00f3xima a la carretera CV-746, a [&#8230;]<\/p>\n<p><a class=\"btn btn-secondary understrap-read-more-link\" href=\"https:\/\/radiolitoral.com\/ca\/2023\/04\/un-seismo-de-2-grados-alerta-a-los-vecinos-de-benissa-calp-y-teulada\/\">Continua llegint&#8230;<span class=\"screen-reader-text\"> from Un se\u00edsmo de 2 grados alerta a los vecinos de Benissa, Calp y Teulada<\/span><\/a><\/p>\n","protected":false},"author":21,"featured_media":2068,"comment_status":"open","ping_status":"closed","sticky":false,"template":"","format":"standard","meta":{"_acf_changed":false,"inline_featured_image":false,"footnotes":""},"categories":[8],"tags":[470,468,467,469],"class_list":["post-2067","post","type-post","status-publish","format-standard","has-post-thumbnail","hentry","category-sucesos","tag-seismo","tag-terremoto-benissa","tag-terremoto-calp","tag-terremoto-teulada","cobertura-benissa"],"acf":[],"yoast_head":"<!-- This site is optimized with the Yoast SEO plugin v27.5 - https:\/\/yoast.com\/product\/yoast-seo-wordpress\/ -->\n<title>Un se\u00edsmo de 2 grados alerta a los vecinos de Benissa, Calp y Teulada | R\u00e0dio Litoral<\/title>\n<meta name=\"description\" content=\"Se registr\u00f3 la noche del domingo Se registr\u00f3 la noche del domingo\" \/>\n<meta name=\"robots\" content=\"index, follow, max-snippet:-1, max-image-preview:large, max-video-preview:-1\" \/>\n<link rel=\"canonical\" href=\"https:\/\/radiolitoral.com\/ca\/2023\/04\/un-sisme-de-2-graus-alerta-els-veins-de-benissa-calp-i-teulada\/\" \/>\n<meta property=\"og:locale\" content=\"ca_ES\" \/>\n<meta property=\"og:type\" content=\"article\" \/>\n<meta property=\"og:title\" content=\"Un se\u00edsmo de 2 grados alerta a los vecinos de Benissa, Calp y Teulada | R\u00e0dio Litoral\" \/>\n<meta property=\"og:description\" content=\"Se registr\u00f3 la noche del domingo Se registr\u00f3 la noche del domingo\" \/>\n<meta property=\"og:url\" content=\"https:\/\/radiolitoral.com\/ca\/2023\/04\/un-sisme-de-2-graus-alerta-els-veins-de-benissa-calp-i-teulada\/\" \/>\n<meta property=\"og:site_name\" content=\"R\u00e0dio Litoral\" \/>\n<meta property=\"article:publisher\" content=\"https:\/\/www.facebook.com\/Laradiolitoral\/\" \/>\n<meta property=\"article:published_time\" content=\"2023-04-11T14:03:50+00:00\" \/>\n<meta property=\"article:modified_time\" content=\"2023-04-11T14:04:39+00:00\" \/>\n<meta property=\"og:image\" content=\"https:\/\/media.radiolitoral.com\/wp-content\/uploads\/2023\/04\/11160329\/terremoto.jpeg\" \/>\n\t<meta property=\"og:image:width\" content=\"677\" \/>\n\t<meta property=\"og:image:height\" content=\"377\" \/>\n\t<meta property=\"og:image:type\" content=\"image\/jpeg\" \/>\n<meta name=\"author\" content=\"Mel Pescuezo\" \/>\n<meta name=\"twitter:card\" content=\"summary_large_image\" \/>\n<meta name=\"twitter:label1\" content=\"Escrit per\" \/>\n\t<meta name=\"twitter:data1\" content=\"Mel Pescuezo\" \/>\n\t<meta name=\"twitter:label2\" content=\"Temps estimat de lectura\" \/>\n\t<meta name=\"twitter:data2\" content=\"1 minut\" \/>\n<script type=\"application\/ld+json\" class=\"yoast-schema-graph\">{\"@context\":\"https:\\\/\\\/schema.org\",\"@graph\":[{\"@type\":\"NewsArticle\",\"@id\":\"https:\\\/\\\/radiolitoral.com\\\/2023\\\/04\\\/un-seismo-de-2-grados-alerta-a-los-vecinos-de-benissa-calp-y-teulada\\\/#article\",\"isPartOf\":{\"@id\":\"https:\\\/\\\/radiolitoral.com\\\/2023\\\/04\\\/un-seismo-de-2-grados-alerta-a-los-vecinos-de-benissa-calp-y-teulada\\\/\"},\"author\":{\"name\":\"Mel Pescuezo\",\"@id\":\"https:\\\/\\\/radiolitoral.com\\\/#\\\/schema\\\/person\\\/aad4f72efa404f85b68e832d24cac059\"},\"headline\":\"Un se\u00edsmo de 2 grados alerta a los vecinos de Benissa, Calp y Teulada\",\"datePublished\":\"2023-04-11T14:03:50+00:00\",\"dateModified\":\"2023-04-11T14:04:39+00:00\",\"mainEntityOfPage\":{\"@id\":\"https:\\\/\\\/radiolitoral.com\\\/2023\\\/04\\\/un-seismo-de-2-grados-alerta-a-los-vecinos-de-benissa-calp-y-teulada\\\/\"},\"wordCount\":108,\"commentCount\":0,\"publisher\":{\"@id\":\"https:\\\/\\\/radiolitoral.com\\\/#organization\"},\"image\":{\"@id\":\"https:\\\/\\\/radiolitoral.com\\\/2023\\\/04\\\/un-seismo-de-2-grados-alerta-a-los-vecinos-de-benissa-calp-y-teulada\\\/#primaryimage\"},\"thumbnailUrl\":\"https:\\\/\\\/media.radiolitoral.com\\\/wp-content\\\/uploads\\\/2023\\\/04\\\/11160329\\\/terremoto.jpeg\",\"keywords\":[\"se\u00edsmo\",\"terremoto Benissa\",\"terremoto Calp\",\"terremoto Teulada\"],\"articleSection\":[\"Sucesos\"],\"inLanguage\":\"ca\",\"potentialAction\":[{\"@type\":\"CommentAction\",\"name\":\"Comment\",\"target\":[\"https:\\\/\\\/radiolitoral.com\\\/2023\\\/04\\\/un-seismo-de-2-grados-alerta-a-los-vecinos-de-benissa-calp-y-teulada\\\/#respond\"]}]},{\"@type\":[\"WebPage\",\"ItemPage\"],\"@id\":\"https:\\\/\\\/radiolitoral.com\\\/2023\\\/04\\\/un-seismo-de-2-grados-alerta-a-los-vecinos-de-benissa-calp-y-teulada\\\/\",\"url\":\"https:\\\/\\\/radiolitoral.com\\\/2023\\\/04\\\/un-seismo-de-2-grados-alerta-a-los-vecinos-de-benissa-calp-y-teulada\\\/\",\"name\":\"Un se\u00edsmo de 2 grados alerta a los vecinos de Benissa, Calp y Teulada | R\u00e0dio Litoral\",\"isPartOf\":{\"@id\":\"https:\\\/\\\/radiolitoral.com\\\/#website\"},\"primaryImageOfPage\":{\"@id\":\"https:\\\/\\\/radiolitoral.com\\\/2023\\\/04\\\/un-seismo-de-2-grados-alerta-a-los-vecinos-de-benissa-calp-y-teulada\\\/#primaryimage\"},\"image\":{\"@id\":\"https:\\\/\\\/radiolitoral.com\\\/2023\\\/04\\\/un-seismo-de-2-grados-alerta-a-los-vecinos-de-benissa-calp-y-teulada\\\/#primaryimage\"},\"thumbnailUrl\":\"https:\\\/\\\/media.radiolitoral.com\\\/wp-content\\\/uploads\\\/2023\\\/04\\\/11160329\\\/terremoto.jpeg\",\"datePublished\":\"2023-04-11T14:03:50+00:00\",\"dateModified\":\"2023-04-11T14:04:39+00:00\",\"description\":\"Se registr\u00f3 la noche del domingo Se registr\u00f3 la noche del domingo\",\"breadcrumb\":{\"@id\":\"https:\\\/\\\/radiolitoral.com\\\/2023\\\/04\\\/un-seismo-de-2-grados-alerta-a-los-vecinos-de-benissa-calp-y-teulada\\\/#breadcrumb\"},\"inLanguage\":\"ca\",\"potentialAction\":[{\"@type\":\"ReadAction\",\"target\":[\"https:\\\/\\\/radiolitoral.com\\\/2023\\\/04\\\/un-seismo-de-2-grados-alerta-a-los-vecinos-de-benissa-calp-y-teulada\\\/\"]}]},{\"@type\":\"ImageObject\",\"inLanguage\":\"ca\",\"@id\":\"https:\\\/\\\/radiolitoral.com\\\/2023\\\/04\\\/un-seismo-de-2-grados-alerta-a-los-vecinos-de-benissa-calp-y-teulada\\\/#primaryimage\",\"url\":\"https:\\\/\\\/media.radiolitoral.com\\\/wp-content\\\/uploads\\\/2023\\\/04\\\/11160329\\\/terremoto.jpeg\",\"contentUrl\":\"https:\\\/\\\/media.radiolitoral.com\\\/wp-content\\\/uploads\\\/2023\\\/04\\\/11160329\\\/terremoto.jpeg\",\"width\":677,\"height\":377},{\"@type\":\"BreadcrumbList\",\"@id\":\"https:\\\/\\\/radiolitoral.com\\\/2023\\\/04\\\/un-seismo-de-2-grados-alerta-a-los-vecinos-de-benissa-calp-y-teulada\\\/#breadcrumb\",\"itemListElement\":[{\"@type\":\"ListItem\",\"position\":1,\"name\":\"Portada\",\"item\":\"https:\\\/\\\/radiolitoral.com\\\/\"},{\"@type\":\"ListItem\",\"position\":2,\"name\":\"Un se\u00edsmo de 2 grados alerta a los vecinos de Benissa, Calp y Teulada\"}]},{\"@type\":\"WebSite\",\"@id\":\"https:\\\/\\\/radiolitoral.com\\\/#website\",\"url\":\"https:\\\/\\\/radiolitoral.com\\\/\",\"name\":\"Radio Litoral\",\"description\":\"La radio local de la Marina Alta\",\"publisher\":{\"@id\":\"https:\\\/\\\/radiolitoral.com\\\/#organization\"},\"alternateName\":\"Litoral FM\",\"potentialAction\":[{\"@type\":\"SearchAction\",\"target\":{\"@type\":\"EntryPoint\",\"urlTemplate\":\"https:\\\/\\\/radiolitoral.com\\\/?s={search_term_string}\"},\"query-input\":{\"@type\":\"PropertyValueSpecification\",\"valueRequired\":true,\"valueName\":\"search_term_string\"}}],\"inLanguage\":\"ca\"},{\"@type\":\"Organization\",\"@id\":\"https:\\\/\\\/radiolitoral.com\\\/#organization\",\"name\":\"Radio Litoral\",\"url\":\"https:\\\/\\\/radiolitoral.com\\\/\",\"logo\":{\"@type\":\"ImageObject\",\"inLanguage\":\"ca\",\"@id\":\"https:\\\/\\\/radiolitoral.com\\\/#\\\/schema\\\/logo\\\/image\\\/\",\"url\":\"https:\\\/\\\/media.radiolitoral.com\\\/wp-content\\\/uploads\\\/2023\\\/02\\\/24143238\\\/CL-V-RadioLitoral696.png\",\"contentUrl\":\"https:\\\/\\\/media.radiolitoral.com\\\/wp-content\\\/uploads\\\/2023\\\/02\\\/24143238\\\/CL-V-RadioLitoral696.png\",\"width\":696,\"height\":696,\"caption\":\"Radio Litoral\"},\"image\":{\"@id\":\"https:\\\/\\\/radiolitoral.com\\\/#\\\/schema\\\/logo\\\/image\\\/\"},\"sameAs\":[\"https:\\\/\\\/www.facebook.com\\\/Laradiolitoral\\\/\"]},{\"@type\":\"Person\",\"@id\":\"https:\\\/\\\/radiolitoral.com\\\/#\\\/schema\\\/person\\\/aad4f72efa404f85b68e832d24cac059\",\"name\":\"Mel Pescuezo\",\"image\":{\"@type\":\"ImageObject\",\"inLanguage\":\"ca\",\"@id\":\"https:\\\/\\\/secure.gravatar.com\\\/avatar\\\/993975ae489c70cb0dd9bfa9413a082f0bd276582dac13661af7b33f161e7eea?s=96&d=mm&r=g\",\"url\":\"https:\\\/\\\/secure.gravatar.com\\\/avatar\\\/993975ae489c70cb0dd9bfa9413a082f0bd276582dac13661af7b33f161e7eea?s=96&d=mm&r=g\",\"contentUrl\":\"https:\\\/\\\/secure.gravatar.com\\\/avatar\\\/993975ae489c70cb0dd9bfa9413a082f0bd276582dac13661af7b33f161e7eea?s=96&d=mm&r=g\",\"caption\":\"Mel Pescuezo\"},\"url\":\"https:\\\/\\\/radiolitoral.com\\\/ca\\\/author\\\/serviciospararadios\\\/\"}]}<\/script>\n<!-- \/ Yoast SEO plugin. -->","yoast_head_json":{"title":"Un sisme de 2 graus alerta els ve\u00efns de Benissa, Calp i Teulada | R\u00e0dio Litoral","description":"Es va registrar diumenge a la nit Es va registrar diumenge a la nit","robots":{"index":"index","follow":"follow","max-snippet":"max-snippet:-1","max-image-preview":"max-image-preview:large","max-video-preview":"max-video-preview:-1"},"canonical":"https:\/\/radiolitoral.com\/ca\/2023\/04\/un-sisme-de-2-graus-alerta-els-veins-de-benissa-calp-i-teulada\/","og_locale":"ca_ES","og_type":"article","og_title":"Un se\u00edsmo de 2 grados alerta a los vecinos de Benissa, Calp y Teulada | R\u00e0dio Litoral","og_description":"Se registr\u00f3 la noche del domingo Se registr\u00f3 la noche del domingo","og_url":"https:\/\/radiolitoral.com\/ca\/2023\/04\/un-sisme-de-2-graus-alerta-els-veins-de-benissa-calp-i-teulada\/","og_site_name":"R\u00e0dio Litoral","article_publisher":"https:\/\/www.facebook.com\/Laradiolitoral\/","article_published_time":"2023-04-11T14:03:50+00:00","article_modified_time":"2023-04-11T14:04:39+00:00","og_image":[{"width":677,"height":377,"url":"https:\/\/media.radiolitoral.com\/wp-content\/uploads\/2023\/04\/11160329\/terremoto.jpeg","type":"image\/jpeg"}],"author":"Mel Pescuezo","twitter_card":"summary_large_image","twitter_misc":{"Escrit per":"Mel Pescuezo","Temps estimat de lectura":"1 minut"},"schema":{"@context":"https:\/\/schema.org","@graph":[{"@type":"NewsArticle","@id":"https:\/\/radiolitoral.com\/2023\/04\/un-seismo-de-2-grados-alerta-a-los-vecinos-de-benissa-calp-y-teulada\/#article","isPartOf":{"@id":"https:\/\/radiolitoral.com\/2023\/04\/un-seismo-de-2-grados-alerta-a-los-vecinos-de-benissa-calp-y-teulada\/"},"author":{"name":"Mel Pescuezo","@id":"https:\/\/radiolitoral.com\/#\/schema\/person\/aad4f72efa404f85b68e832d24cac059"},"headline":"Un se\u00edsmo de 2 grados alerta a los vecinos de Benissa, Calp y Teulada","datePublished":"2023-04-11T14:03:50+00:00","dateModified":"2023-04-11T14:04:39+00:00","mainEntityOfPage":{"@id":"https:\/\/radiolitoral.com\/2023\/04\/un-seismo-de-2-grados-alerta-a-los-vecinos-de-benissa-calp-y-teulada\/"},"wordCount":108,"commentCount":0,"publisher":{"@id":"https:\/\/radiolitoral.com\/#organization"},"image":{"@id":"https:\/\/radiolitoral.com\/2023\/04\/un-seismo-de-2-grados-alerta-a-los-vecinos-de-benissa-calp-y-teulada\/#primaryimage"},"thumbnailUrl":"https:\/\/media.radiolitoral.com\/wp-content\/uploads\/2023\/04\/11160329\/terremoto.jpeg","keywords":["se\u00edsmo","terremoto Benissa","terremoto Calp","terremoto Teulada"],"articleSection":["Sucesos"],"inLanguage":"ca","potentialAction":[{"@type":"CommentAction","name":"Comment","target":["https:\/\/radiolitoral.com\/2023\/04\/un-seismo-de-2-grados-alerta-a-los-vecinos-de-benissa-calp-y-teulada\/#respond"]}]},{"@type":["WebPage","ItemPage"],"@id":"https:\/\/radiolitoral.com\/2023\/04\/un-seismo-de-2-grados-alerta-a-los-vecinos-de-benissa-calp-y-teulada\/","url":"https:\/\/radiolitoral.com\/2023\/04\/un-seismo-de-2-grados-alerta-a-los-vecinos-de-benissa-calp-y-teulada\/","name":"Un sisme de 2 graus alerta els ve\u00efns de Benissa, Calp i Teulada | R\u00e0dio Litoral","isPartOf":{"@id":"https:\/\/radiolitoral.com\/#website"},"primaryImageOfPage":{"@id":"https:\/\/radiolitoral.com\/2023\/04\/un-seismo-de-2-grados-alerta-a-los-vecinos-de-benissa-calp-y-teulada\/#primaryimage"},"image":{"@id":"https:\/\/radiolitoral.com\/2023\/04\/un-seismo-de-2-grados-alerta-a-los-vecinos-de-benissa-calp-y-teulada\/#primaryimage"},"thumbnailUrl":"https:\/\/media.radiolitoral.com\/wp-content\/uploads\/2023\/04\/11160329\/terremoto.jpeg","datePublished":"2023-04-11T14:03:50+00:00","dateModified":"2023-04-11T14:04:39+00:00","description":"Es va registrar diumenge a la nit Es va registrar diumenge a la nit","breadcrumb":{"@id":"https:\/\/radiolitoral.com\/2023\/04\/un-seismo-de-2-grados-alerta-a-los-vecinos-de-benissa-calp-y-teulada\/#breadcrumb"},"inLanguage":"ca","potentialAction":[{"@type":"ReadAction","target":["https:\/\/radiolitoral.com\/2023\/04\/un-seismo-de-2-grados-alerta-a-los-vecinos-de-benissa-calp-y-teulada\/"]}]},{"@type":"ImageObject","inLanguage":"ca","@id":"https:\/\/radiolitoral.com\/2023\/04\/un-seismo-de-2-grados-alerta-a-los-vecinos-de-benissa-calp-y-teulada\/#primaryimage","url":"https:\/\/media.radiolitoral.com\/wp-content\/uploads\/2023\/04\/11160329\/terremoto.jpeg","contentUrl":"https:\/\/media.radiolitoral.com\/wp-content\/uploads\/2023\/04\/11160329\/terremoto.jpeg","width":677,"height":377},{"@type":"BreadcrumbList","@id":"https:\/\/radiolitoral.com\/2023\/04\/un-seismo-de-2-grados-alerta-a-los-vecinos-de-benissa-calp-y-teulada\/#breadcrumb","itemListElement":[{"@type":"ListItem","position":1,"name":"Portada","item":"https:\/\/radiolitoral.com\/"},{"@type":"ListItem","position":2,"name":"Un se\u00edsmo de 2 grados alerta a los vecinos de Benissa, Calp y Teulada"}]},{"@type":"WebSite","@id":"https:\/\/radiolitoral.com\/#website","url":"https:\/\/radiolitoral.com\/","name":"R\u00e0dio Litoral","description":"La r\u00e0dio local de la Marina Alta","publisher":{"@id":"https:\/\/radiolitoral.com\/#organization"},"alternateName":"Litoral FM","potentialAction":[{"@type":"SearchAction","target":{"@type":"EntryPoint","urlTemplate":"https:\/\/radiolitoral.com\/?s={search_term_string}"},"query-input":{"@type":"PropertyValueSpecification","valueRequired":true,"valueName":"search_term_string"}}],"inLanguage":"ca"},{"@type":"Organization","@id":"https:\/\/radiolitoral.com\/#organization","name":"R\u00e0dio Litoral","url":"https:\/\/radiolitoral.com\/","logo":{"@type":"ImageObject","inLanguage":"ca","@id":"https:\/\/radiolitoral.com\/#\/schema\/logo\/image\/","url":"https:\/\/media.radiolitoral.com\/wp-content\/uploads\/2023\/02\/24143238\/CL-V-RadioLitoral696.png","contentUrl":"https:\/\/media.radiolitoral.com\/wp-content\/uploads\/2023\/02\/24143238\/CL-V-RadioLitoral696.png","width":696,"height":696,"caption":"Radio Litoral"},"image":{"@id":"https:\/\/radiolitoral.com\/#\/schema\/logo\/image\/"},"sameAs":["https:\/\/www.facebook.com\/Laradiolitoral\/"]},{"@type":"Person","@id":"https:\/\/radiolitoral.com\/#\/schema\/person\/aad4f72efa404f85b68e832d24cac059","name":"Mel Pescuezo","image":{"@type":"ImageObject","inLanguage":"ca","@id":"https:\/\/secure.gravatar.com\/avatar\/993975ae489c70cb0dd9bfa9413a082f0bd276582dac13661af7b33f161e7eea?s=96&d=mm&r=g","url":"https:\/\/secure.gravatar.com\/avatar\/993975ae489c70cb0dd9bfa9413a082f0bd276582dac13661af7b33f161e7eea?s=96&d=mm&r=g","contentUrl":"https:\/\/secure.gravatar.com\/avatar\/993975ae489c70cb0dd9bfa9413a082f0bd276582dac13661af7b33f161e7eea?s=96&d=mm&r=g","caption":"Mel Pescuezo"},"url":"https:\/\/radiolitoral.com\/ca\/author\/serviciospararadios\/"}]}},"_links":{"self":[{"href":"https:\/\/radiolitoral.com\/ca\/wp-json\/wp\/v2\/posts\/2067","targetHints":{"allow":["GET"]}}],"collection":[{"href":"https:\/\/radiolitoral.com\/ca\/wp-json\/wp\/v2\/posts"}],"about":[{"href":"https:\/\/radiolitoral.com\/ca\/wp-json\/wp\/v2\/types\/post"}],"author":[{"embeddable":true,"href":"https:\/\/radiolitoral.com\/ca\/wp-json\/wp\/v2\/users\/21"}],"replies":[{"embeddable":true,"href":"https:\/\/radiolitoral.com\/ca\/wp-json\/wp\/v2\/comments?post=2067"}],"version-history":[{"count":1,"href":"https:\/\/radiolitoral.com\/ca\/wp-json\/wp\/v2\/posts\/2067\/revisions"}],"predecessor-version":[{"id":2069,"href":"https:\/\/radiolitoral.com\/ca\/wp-json\/wp\/v2\/posts\/2067\/revisions\/2069"}],"wp:featuredmedia":[{"embeddable":true,"href":"https:\/\/radiolitoral.com\/ca\/wp-json\/wp\/v2\/media\/2068"}],"wp:attachment":[{"href":"https:\/\/radiolitoral.com\/ca\/wp-json\/wp\/v2\/media?parent=2067"}],"wp:term":[{"taxonomy":"category","embeddable":true,"href":"https:\/\/radiolitoral.com\/ca\/wp-json\/wp\/v2\/categories?post=2067"},{"taxonomy":"post_tag","embeddable":true,"href":"https:\/\/radiolitoral.com\/ca\/wp-json\/wp\/v2\/tags?post=2067"}],"curies":[{"name":"wp","href":"https:\/\/api.w.org\/{rel}","templated":true}]}}