{"id":2061,"date":"2023-04-11T15:53:32","date_gmt":"2023-04-11T13:53:32","guid":{"rendered":"https:\/\/radiolitoral.com\/?p=2061"},"modified":"2023-04-11T15:56:50","modified_gmt":"2023-04-11T13:56:50","slug":"rescat-dun-excursionista-a-la-serra-de-bernia","status":"publish","type":"post","link":"https:\/\/radiolitoral.com\/ca\/2023\/04\/rescate-de-un-excursionista-en-la-sierra-de-bernia\/","title":{"rendered":"Rescat d&#039;un excursionista a la Serra de B\u00e8rnia"},"content":{"rendered":"<p>Els Bombers del Consorci Provincial van fer ahir, Dilluns de Pasqua, el <strong>rescat d&#039;un excursionista a la Serra de B\u00e8rnia<\/strong>. La intervenci\u00f3 es va dur a terme a partir de les 13.36 hores, despr\u00e9s de rebre l&#039;av\u00eds que al fort de B\u00e8rnia, un <strong>home de 83 anys de nacionalitat noruega havia patit una caiguda que li havia provocat un esquin\u00e7 de turmell<\/strong>.<\/p>\n<p>Un cop localitzat l&#039;accidentat des de l&#039;helic\u00f2pter, els efectius van baixar amb grua R1 i sanitari i l&#039;home va poder pujar a l&#039;aeronau i traslladat al parc de Sant Vicent, on va ser derivat en ambul\u00e0ncia fins a un centre hospitalari.<\/p>","protected":false},"excerpt":{"rendered":"<p>Los Bomberos del Consorcio Provincial\u00a0realizaron ayer, Lunes de Pascua, el rescate de un excursionista en la Sierra de Bernia. La intervenci\u00f3n se llev\u00f3 a cabo a partir de las 13.36 horas, tras recibir el aviso de que en el fuerte de Bernia, un hombre de 83 a\u00f1os de nacionalidad noruega hab\u00eda sufrido una ca\u00edda que [&#8230;]<\/p>\n<p><a class=\"btn btn-secondary understrap-read-more-link\" href=\"https:\/\/radiolitoral.com\/ca\/2023\/04\/rescate-de-un-excursionista-en-la-sierra-de-bernia\/\">Continua llegint&#8230;<span class=\"screen-reader-text\"> from Rescate de un excursionista en la Sierra de Bernia<\/span><\/a><\/p>\n","protected":false},"author":21,"featured_media":2063,"comment_status":"open","ping_status":"closed","sticky":false,"template":"","format":"standard","meta":{"_acf_changed":false,"inline_featured_image":false,"footnotes":""},"categories":[8],"tags":[466,465,464],"class_list":["post-2061","post","type-post","status-publish","format-standard","has-post-thumbnail","hentry","category-sucesos","tag-rescate-fuerte-de-bernia","tag-rescate-sierra-de-bernia","tag-sierra-de-bernia"],"acf":[],"yoast_head":"<!-- This site is optimized with the Yoast SEO plugin v27.5 - https:\/\/yoast.com\/product\/yoast-seo-wordpress\/ -->\n<title>Rescate de un excursionista en la Sierra de Bernia | R\u00e0dio Litoral<\/title>\n<meta name=\"description\" content=\"Un var\u00f3n de 83 a\u00f1os ha sufrido una ca\u00edda que le ha provocado esguince de tobillo Un var\u00f3n de 83 a\u00f1os ha sufrido una ca\u00edda que le ha provocado esguince de tobillo\" \/>\n<meta name=\"robots\" content=\"index, follow, max-snippet:-1, max-image-preview:large, max-video-preview:-1\" \/>\n<link rel=\"canonical\" href=\"https:\/\/radiolitoral.com\/ca\/2023\/04\/rescat-dun-excursionista-a-la-serra-de-bernia\/\" \/>\n<meta property=\"og:locale\" content=\"ca_ES\" \/>\n<meta property=\"og:type\" content=\"article\" \/>\n<meta property=\"og:title\" content=\"Rescate de un excursionista en la Sierra de Bernia | R\u00e0dio Litoral\" \/>\n<meta property=\"og:description\" content=\"Un var\u00f3n de 83 a\u00f1os ha sufrido una ca\u00edda que le ha provocado esguince de tobillo Un var\u00f3n de 83 a\u00f1os ha sufrido una ca\u00edda que le ha provocado esguince de tobillo\" \/>\n<meta property=\"og:url\" content=\"https:\/\/radiolitoral.com\/ca\/2023\/04\/rescat-dun-excursionista-a-la-serra-de-bernia\/\" \/>\n<meta property=\"og:site_name\" content=\"R\u00e0dio Litoral\" \/>\n<meta property=\"article:publisher\" content=\"https:\/\/www.facebook.com\/Laradiolitoral\/\" \/>\n<meta property=\"article:published_time\" content=\"2023-04-11T13:53:32+00:00\" \/>\n<meta property=\"article:modified_time\" content=\"2023-04-11T13:56:50+00:00\" \/>\n<meta property=\"og:image\" content=\"https:\/\/media.radiolitoral.com\/wp-content\/uploads\/2023\/04\/11155300\/WhatsApp-Image-2023-04-10-at-16.37.28.jpeg\" \/>\n\t<meta property=\"og:image:width\" content=\"1600\" \/>\n\t<meta property=\"og:image:height\" content=\"995\" \/>\n\t<meta property=\"og:image:type\" content=\"image\/jpeg\" \/>\n<meta name=\"author\" content=\"Mel Pescuezo\" \/>\n<meta name=\"twitter:card\" content=\"summary_large_image\" \/>\n<meta name=\"twitter:label1\" content=\"Escrit per\" \/>\n\t<meta name=\"twitter:data1\" content=\"Mel Pescuezo\" \/>\n\t<meta name=\"twitter:label2\" content=\"Temps estimat de lectura\" \/>\n\t<meta name=\"twitter:data2\" content=\"1 minut\" \/>\n<script type=\"application\/ld+json\" class=\"yoast-schema-graph\">{\"@context\":\"https:\\\/\\\/schema.org\",\"@graph\":[{\"@type\":\"NewsArticle\",\"@id\":\"https:\\\/\\\/radiolitoral.com\\\/2023\\\/04\\\/rescate-de-un-excursionista-en-la-sierra-de-bernia\\\/#article\",\"isPartOf\":{\"@id\":\"https:\\\/\\\/radiolitoral.com\\\/2023\\\/04\\\/rescate-de-un-excursionista-en-la-sierra-de-bernia\\\/\"},\"author\":{\"name\":\"Mel Pescuezo\",\"@id\":\"https:\\\/\\\/radiolitoral.com\\\/#\\\/schema\\\/person\\\/aad4f72efa404f85b68e832d24cac059\"},\"headline\":\"Rescate de un excursionista en la Sierra de Bernia\",\"datePublished\":\"2023-04-11T13:53:32+00:00\",\"dateModified\":\"2023-04-11T13:56:50+00:00\",\"mainEntityOfPage\":{\"@id\":\"https:\\\/\\\/radiolitoral.com\\\/2023\\\/04\\\/rescate-de-un-excursionista-en-la-sierra-de-bernia\\\/\"},\"wordCount\":118,\"commentCount\":0,\"publisher\":{\"@id\":\"https:\\\/\\\/radiolitoral.com\\\/#organization\"},\"image\":{\"@id\":\"https:\\\/\\\/radiolitoral.com\\\/2023\\\/04\\\/rescate-de-un-excursionista-en-la-sierra-de-bernia\\\/#primaryimage\"},\"thumbnailUrl\":\"https:\\\/\\\/media.radiolitoral.com\\\/wp-content\\\/uploads\\\/2023\\\/04\\\/11155300\\\/WhatsApp-Image-2023-04-10-at-16.37.28.jpeg\",\"keywords\":[\"rescate Fuerte de Bernia\",\"rescate Sierra de Bernia\",\"Sierra de Bernia\"],\"articleSection\":[\"Sucesos\"],\"inLanguage\":\"ca\",\"potentialAction\":[{\"@type\":\"CommentAction\",\"name\":\"Comment\",\"target\":[\"https:\\\/\\\/radiolitoral.com\\\/2023\\\/04\\\/rescate-de-un-excursionista-en-la-sierra-de-bernia\\\/#respond\"]}]},{\"@type\":[\"WebPage\",\"ItemPage\"],\"@id\":\"https:\\\/\\\/radiolitoral.com\\\/2023\\\/04\\\/rescate-de-un-excursionista-en-la-sierra-de-bernia\\\/\",\"url\":\"https:\\\/\\\/radiolitoral.com\\\/2023\\\/04\\\/rescate-de-un-excursionista-en-la-sierra-de-bernia\\\/\",\"name\":\"Rescate de un excursionista en la Sierra de Bernia | R\u00e0dio Litoral\",\"isPartOf\":{\"@id\":\"https:\\\/\\\/radiolitoral.com\\\/#website\"},\"primaryImageOfPage\":{\"@id\":\"https:\\\/\\\/radiolitoral.com\\\/2023\\\/04\\\/rescate-de-un-excursionista-en-la-sierra-de-bernia\\\/#primaryimage\"},\"image\":{\"@id\":\"https:\\\/\\\/radiolitoral.com\\\/2023\\\/04\\\/rescate-de-un-excursionista-en-la-sierra-de-bernia\\\/#primaryimage\"},\"thumbnailUrl\":\"https:\\\/\\\/media.radiolitoral.com\\\/wp-content\\\/uploads\\\/2023\\\/04\\\/11155300\\\/WhatsApp-Image-2023-04-10-at-16.37.28.jpeg\",\"datePublished\":\"2023-04-11T13:53:32+00:00\",\"dateModified\":\"2023-04-11T13:56:50+00:00\",\"description\":\"Un var\u00f3n de 83 a\u00f1os ha sufrido una ca\u00edda que le ha provocado esguince de tobillo Un var\u00f3n de 83 a\u00f1os ha sufrido una ca\u00edda que le ha provocado esguince de tobillo\",\"breadcrumb\":{\"@id\":\"https:\\\/\\\/radiolitoral.com\\\/2023\\\/04\\\/rescate-de-un-excursionista-en-la-sierra-de-bernia\\\/#breadcrumb\"},\"inLanguage\":\"ca\",\"potentialAction\":[{\"@type\":\"ReadAction\",\"target\":[\"https:\\\/\\\/radiolitoral.com\\\/2023\\\/04\\\/rescate-de-un-excursionista-en-la-sierra-de-bernia\\\/\"]}]},{\"@type\":\"ImageObject\",\"inLanguage\":\"ca\",\"@id\":\"https:\\\/\\\/radiolitoral.com\\\/2023\\\/04\\\/rescate-de-un-excursionista-en-la-sierra-de-bernia\\\/#primaryimage\",\"url\":\"https:\\\/\\\/media.radiolitoral.com\\\/wp-content\\\/uploads\\\/2023\\\/04\\\/11155300\\\/WhatsApp-Image-2023-04-10-at-16.37.28.jpeg\",\"contentUrl\":\"https:\\\/\\\/media.radiolitoral.com\\\/wp-content\\\/uploads\\\/2023\\\/04\\\/11155300\\\/WhatsApp-Image-2023-04-10-at-16.37.28.jpeg\",\"width\":1600,\"height\":995},{\"@type\":\"BreadcrumbList\",\"@id\":\"https:\\\/\\\/radiolitoral.com\\\/2023\\\/04\\\/rescate-de-un-excursionista-en-la-sierra-de-bernia\\\/#breadcrumb\",\"itemListElement\":[{\"@type\":\"ListItem\",\"position\":1,\"name\":\"Portada\",\"item\":\"https:\\\/\\\/radiolitoral.com\\\/\"},{\"@type\":\"ListItem\",\"position\":2,\"name\":\"Rescate de un excursionista en la Sierra de Bernia\"}]},{\"@type\":\"WebSite\",\"@id\":\"https:\\\/\\\/radiolitoral.com\\\/#website\",\"url\":\"https:\\\/\\\/radiolitoral.com\\\/\",\"name\":\"Radio Litoral\",\"description\":\"La radio local de la Marina Alta\",\"publisher\":{\"@id\":\"https:\\\/\\\/radiolitoral.com\\\/#organization\"},\"alternateName\":\"Litoral FM\",\"potentialAction\":[{\"@type\":\"SearchAction\",\"target\":{\"@type\":\"EntryPoint\",\"urlTemplate\":\"https:\\\/\\\/radiolitoral.com\\\/?s={search_term_string}\"},\"query-input\":{\"@type\":\"PropertyValueSpecification\",\"valueRequired\":true,\"valueName\":\"search_term_string\"}}],\"inLanguage\":\"ca\"},{\"@type\":\"Organization\",\"@id\":\"https:\\\/\\\/radiolitoral.com\\\/#organization\",\"name\":\"Radio Litoral\",\"url\":\"https:\\\/\\\/radiolitoral.com\\\/\",\"logo\":{\"@type\":\"ImageObject\",\"inLanguage\":\"ca\",\"@id\":\"https:\\\/\\\/radiolitoral.com\\\/#\\\/schema\\\/logo\\\/image\\\/\",\"url\":\"https:\\\/\\\/media.radiolitoral.com\\\/wp-content\\\/uploads\\\/2023\\\/02\\\/24143238\\\/CL-V-RadioLitoral696.png\",\"contentUrl\":\"https:\\\/\\\/media.radiolitoral.com\\\/wp-content\\\/uploads\\\/2023\\\/02\\\/24143238\\\/CL-V-RadioLitoral696.png\",\"width\":696,\"height\":696,\"caption\":\"Radio Litoral\"},\"image\":{\"@id\":\"https:\\\/\\\/radiolitoral.com\\\/#\\\/schema\\\/logo\\\/image\\\/\"},\"sameAs\":[\"https:\\\/\\\/www.facebook.com\\\/Laradiolitoral\\\/\"]},{\"@type\":\"Person\",\"@id\":\"https:\\\/\\\/radiolitoral.com\\\/#\\\/schema\\\/person\\\/aad4f72efa404f85b68e832d24cac059\",\"name\":\"Mel Pescuezo\",\"image\":{\"@type\":\"ImageObject\",\"inLanguage\":\"ca\",\"@id\":\"https:\\\/\\\/secure.gravatar.com\\\/avatar\\\/993975ae489c70cb0dd9bfa9413a082f0bd276582dac13661af7b33f161e7eea?s=96&d=mm&r=g\",\"url\":\"https:\\\/\\\/secure.gravatar.com\\\/avatar\\\/993975ae489c70cb0dd9bfa9413a082f0bd276582dac13661af7b33f161e7eea?s=96&d=mm&r=g\",\"contentUrl\":\"https:\\\/\\\/secure.gravatar.com\\\/avatar\\\/993975ae489c70cb0dd9bfa9413a082f0bd276582dac13661af7b33f161e7eea?s=96&d=mm&r=g\",\"caption\":\"Mel Pescuezo\"},\"url\":\"https:\\\/\\\/radiolitoral.com\\\/ca\\\/author\\\/serviciospararadios\\\/\"}]}<\/script>\n<!-- \/ Yoast SEO plugin. -->","yoast_head_json":{"title":"Rescat d&#039;un excursionista a la Serra de B\u00e8rnia | R\u00e0dio Litoral","description":"Un home de 83 anys ha patit una caiguda que li ha provocat esquin\u00e7 de turmell Un home de 83 anys ha patit una caiguda que li ha provocat esquin\u00e7 de turmell","robots":{"index":"index","follow":"follow","max-snippet":"max-snippet:-1","max-image-preview":"max-image-preview:large","max-video-preview":"max-video-preview:-1"},"canonical":"https:\/\/radiolitoral.com\/ca\/2023\/04\/rescat-dun-excursionista-a-la-serra-de-bernia\/","og_locale":"ca_ES","og_type":"article","og_title":"Rescate de un excursionista en la Sierra de Bernia | R\u00e0dio Litoral","og_description":"Un var\u00f3n de 83 a\u00f1os ha sufrido una ca\u00edda que le ha provocado esguince de tobillo Un var\u00f3n de 83 a\u00f1os ha sufrido una ca\u00edda que le ha provocado esguince de tobillo","og_url":"https:\/\/radiolitoral.com\/ca\/2023\/04\/rescat-dun-excursionista-a-la-serra-de-bernia\/","og_site_name":"R\u00e0dio Litoral","article_publisher":"https:\/\/www.facebook.com\/Laradiolitoral\/","article_published_time":"2023-04-11T13:53:32+00:00","article_modified_time":"2023-04-11T13:56:50+00:00","og_image":[{"width":1600,"height":995,"url":"https:\/\/media.radiolitoral.com\/wp-content\/uploads\/2023\/04\/11155300\/WhatsApp-Image-2023-04-10-at-16.37.28.jpeg","type":"image\/jpeg"}],"author":"Mel Pescuezo","twitter_card":"summary_large_image","twitter_misc":{"Escrit per":"Mel Pescuezo","Temps estimat de lectura":"1 minut"},"schema":{"@context":"https:\/\/schema.org","@graph":[{"@type":"NewsArticle","@id":"https:\/\/radiolitoral.com\/2023\/04\/rescate-de-un-excursionista-en-la-sierra-de-bernia\/#article","isPartOf":{"@id":"https:\/\/radiolitoral.com\/2023\/04\/rescate-de-un-excursionista-en-la-sierra-de-bernia\/"},"author":{"name":"Mel Pescuezo","@id":"https:\/\/radiolitoral.com\/#\/schema\/person\/aad4f72efa404f85b68e832d24cac059"},"headline":"Rescate de un excursionista en la Sierra de Bernia","datePublished":"2023-04-11T13:53:32+00:00","dateModified":"2023-04-11T13:56:50+00:00","mainEntityOfPage":{"@id":"https:\/\/radiolitoral.com\/2023\/04\/rescate-de-un-excursionista-en-la-sierra-de-bernia\/"},"wordCount":118,"commentCount":0,"publisher":{"@id":"https:\/\/radiolitoral.com\/#organization"},"image":{"@id":"https:\/\/radiolitoral.com\/2023\/04\/rescate-de-un-excursionista-en-la-sierra-de-bernia\/#primaryimage"},"thumbnailUrl":"https:\/\/media.radiolitoral.com\/wp-content\/uploads\/2023\/04\/11155300\/WhatsApp-Image-2023-04-10-at-16.37.28.jpeg","keywords":["rescate Fuerte de Bernia","rescate Sierra de Bernia","Sierra de Bernia"],"articleSection":["Sucesos"],"inLanguage":"ca","potentialAction":[{"@type":"CommentAction","name":"Comment","target":["https:\/\/radiolitoral.com\/2023\/04\/rescate-de-un-excursionista-en-la-sierra-de-bernia\/#respond"]}]},{"@type":["WebPage","ItemPage"],"@id":"https:\/\/radiolitoral.com\/2023\/04\/rescate-de-un-excursionista-en-la-sierra-de-bernia\/","url":"https:\/\/radiolitoral.com\/2023\/04\/rescate-de-un-excursionista-en-la-sierra-de-bernia\/","name":"Rescat d&#039;un excursionista a la Serra de B\u00e8rnia | R\u00e0dio Litoral","isPartOf":{"@id":"https:\/\/radiolitoral.com\/#website"},"primaryImageOfPage":{"@id":"https:\/\/radiolitoral.com\/2023\/04\/rescate-de-un-excursionista-en-la-sierra-de-bernia\/#primaryimage"},"image":{"@id":"https:\/\/radiolitoral.com\/2023\/04\/rescate-de-un-excursionista-en-la-sierra-de-bernia\/#primaryimage"},"thumbnailUrl":"https:\/\/media.radiolitoral.com\/wp-content\/uploads\/2023\/04\/11155300\/WhatsApp-Image-2023-04-10-at-16.37.28.jpeg","datePublished":"2023-04-11T13:53:32+00:00","dateModified":"2023-04-11T13:56:50+00:00","description":"Un home de 83 anys ha patit una caiguda que li ha provocat esquin\u00e7 de turmell Un home de 83 anys ha patit una caiguda que li ha provocat esquin\u00e7 de turmell","breadcrumb":{"@id":"https:\/\/radiolitoral.com\/2023\/04\/rescate-de-un-excursionista-en-la-sierra-de-bernia\/#breadcrumb"},"inLanguage":"ca","potentialAction":[{"@type":"ReadAction","target":["https:\/\/radiolitoral.com\/2023\/04\/rescate-de-un-excursionista-en-la-sierra-de-bernia\/"]}]},{"@type":"ImageObject","inLanguage":"ca","@id":"https:\/\/radiolitoral.com\/2023\/04\/rescate-de-un-excursionista-en-la-sierra-de-bernia\/#primaryimage","url":"https:\/\/media.radiolitoral.com\/wp-content\/uploads\/2023\/04\/11155300\/WhatsApp-Image-2023-04-10-at-16.37.28.jpeg","contentUrl":"https:\/\/media.radiolitoral.com\/wp-content\/uploads\/2023\/04\/11155300\/WhatsApp-Image-2023-04-10-at-16.37.28.jpeg","width":1600,"height":995},{"@type":"BreadcrumbList","@id":"https:\/\/radiolitoral.com\/2023\/04\/rescate-de-un-excursionista-en-la-sierra-de-bernia\/#breadcrumb","itemListElement":[{"@type":"ListItem","position":1,"name":"Portada","item":"https:\/\/radiolitoral.com\/"},{"@type":"ListItem","position":2,"name":"Rescate de un excursionista en la Sierra de Bernia"}]},{"@type":"WebSite","@id":"https:\/\/radiolitoral.com\/#website","url":"https:\/\/radiolitoral.com\/","name":"R\u00e0dio Litoral","description":"La r\u00e0dio local de la Marina Alta","publisher":{"@id":"https:\/\/radiolitoral.com\/#organization"},"alternateName":"Litoral FM","potentialAction":[{"@type":"SearchAction","target":{"@type":"EntryPoint","urlTemplate":"https:\/\/radiolitoral.com\/?s={search_term_string}"},"query-input":{"@type":"PropertyValueSpecification","valueRequired":true,"valueName":"search_term_string"}}],"inLanguage":"ca"},{"@type":"Organization","@id":"https:\/\/radiolitoral.com\/#organization","name":"R\u00e0dio Litoral","url":"https:\/\/radiolitoral.com\/","logo":{"@type":"ImageObject","inLanguage":"ca","@id":"https:\/\/radiolitoral.com\/#\/schema\/logo\/image\/","url":"https:\/\/media.radiolitoral.com\/wp-content\/uploads\/2023\/02\/24143238\/CL-V-RadioLitoral696.png","contentUrl":"https:\/\/media.radiolitoral.com\/wp-content\/uploads\/2023\/02\/24143238\/CL-V-RadioLitoral696.png","width":696,"height":696,"caption":"Radio Litoral"},"image":{"@id":"https:\/\/radiolitoral.com\/#\/schema\/logo\/image\/"},"sameAs":["https:\/\/www.facebook.com\/Laradiolitoral\/"]},{"@type":"Person","@id":"https:\/\/radiolitoral.com\/#\/schema\/person\/aad4f72efa404f85b68e832d24cac059","name":"Mel Pescuezo","image":{"@type":"ImageObject","inLanguage":"ca","@id":"https:\/\/secure.gravatar.com\/avatar\/993975ae489c70cb0dd9bfa9413a082f0bd276582dac13661af7b33f161e7eea?s=96&d=mm&r=g","url":"https:\/\/secure.gravatar.com\/avatar\/993975ae489c70cb0dd9bfa9413a082f0bd276582dac13661af7b33f161e7eea?s=96&d=mm&r=g","contentUrl":"https:\/\/secure.gravatar.com\/avatar\/993975ae489c70cb0dd9bfa9413a082f0bd276582dac13661af7b33f161e7eea?s=96&d=mm&r=g","caption":"Mel Pescuezo"},"url":"https:\/\/radiolitoral.com\/ca\/author\/serviciospararadios\/"}]}},"_links":{"self":[{"href":"https:\/\/radiolitoral.com\/ca\/wp-json\/wp\/v2\/posts\/2061","targetHints":{"allow":["GET"]}}],"collection":[{"href":"https:\/\/radiolitoral.com\/ca\/wp-json\/wp\/v2\/posts"}],"about":[{"href":"https:\/\/radiolitoral.com\/ca\/wp-json\/wp\/v2\/types\/post"}],"author":[{"embeddable":true,"href":"https:\/\/radiolitoral.com\/ca\/wp-json\/wp\/v2\/users\/21"}],"replies":[{"embeddable":true,"href":"https:\/\/radiolitoral.com\/ca\/wp-json\/wp\/v2\/comments?post=2061"}],"version-history":[{"count":2,"href":"https:\/\/radiolitoral.com\/ca\/wp-json\/wp\/v2\/posts\/2061\/revisions"}],"predecessor-version":[{"id":2066,"href":"https:\/\/radiolitoral.com\/ca\/wp-json\/wp\/v2\/posts\/2061\/revisions\/2066"}],"wp:featuredmedia":[{"embeddable":true,"href":"https:\/\/radiolitoral.com\/ca\/wp-json\/wp\/v2\/media\/2063"}],"wp:attachment":[{"href":"https:\/\/radiolitoral.com\/ca\/wp-json\/wp\/v2\/media?parent=2061"}],"wp:term":[{"taxonomy":"category","embeddable":true,"href":"https:\/\/radiolitoral.com\/ca\/wp-json\/wp\/v2\/categories?post=2061"},{"taxonomy":"post_tag","embeddable":true,"href":"https:\/\/radiolitoral.com\/ca\/wp-json\/wp\/v2\/tags?post=2061"}],"curies":[{"name":"wp","href":"https:\/\/api.w.org\/{rel}","templated":true}]}}