{"id":20378,"date":"2026-04-30T10:19:47","date_gmt":"2026-04-30T08:19:47","guid":{"rendered":"https:\/\/radiolitoral.com\/?p=20378"},"modified":"2026-04-30T10:21:47","modified_gmt":"2026-04-30T08:21:47","slug":"el-poble-nou-de-benitatxell-es-prepara-per-a-les-festes-de-la-rosa","status":"publish","type":"post","link":"https:\/\/radiolitoral.com\/ca\/2026\/04\/el-poble-nou-de-benitatxell-se-prepara-para-las-fiestas-de-la-rosa\/","title":{"rendered":"El Poble Nou de Benitatxell es prepara per a les Festes de la Rosa"},"content":{"rendered":"<p>El\u00a0<strong>Poble Nou de Benitatxell<\/strong>\u00a0se submergeix a partir d&#039;aquest mes de maig a les\u00a0<strong>Festes de la Rosa<\/strong>, una de les celebracions m\u00e9s esperades tant per festers i festeres com per part de ve\u00efns i visitants. Repartiment de pans bene\u00efts, barbacoa popular, orquestra, cites religioses\u2026 Tot aix\u00f2 i molt m\u00e9s que ens espera des del dijous 30 d&#039;abril fins al 10 de maig.<\/p>\n<p>Aix\u00ed ens ho explicava la regidora de Festes,\u00a0<strong>Mayte Rold\u00e1n<\/strong>, en una entrevista per a l&#039;Informatiu de\u00a0<strong>Litoral FM<\/strong>, en la qual ens va destacar algunes cites a tenir en compte. \u00abEl repartiment dels pans bene\u00efts, amb tots els nens i nenes carregant les cistelles i repartint tots els ve\u00efns, \u00e9s una imatge preciosa\u00bb, va destacar Rold\u00e1n.<\/p>\n<p><a href=\"https:\/\/media.radiolitoral.com\/wp-content\/uploads\/2026\/04\/30101824\/679993285_1264341939118409_5124425791666012133_n.jpg\"><img loading=\"lazy\" decoding=\"async\" class=\"aligncenter wp-image-20381 size-full\" src=\"https:\/\/media.radiolitoral.com\/wp-content\/uploads\/2026\/04\/30101824\/679993285_1264341939118409_5124425791666012133_n.jpg\" alt=\"\" width=\"1755\" height=\"1241\" srcset=\"https:\/\/media.radiolitoral.com\/wp-content\/uploads\/2026\/04\/30101824\/679993285_1264341939118409_5124425791666012133_n.jpg 1755w, https:\/\/media.radiolitoral.com\/wp-content\/uploads\/2026\/04\/30101824\/679993285_1264341939118409_5124425791666012133_n-300x212.jpg 300w, https:\/\/media.radiolitoral.com\/wp-content\/uploads\/2026\/04\/30101824\/679993285_1264341939118409_5124425791666012133_n-1024x724.jpg 1024w, https:\/\/media.radiolitoral.com\/wp-content\/uploads\/2026\/04\/30101824\/679993285_1264341939118409_5124425791666012133_n-768x543.jpg 768w, https:\/\/media.radiolitoral.com\/wp-content\/uploads\/2026\/04\/30101824\/679993285_1264341939118409_5124425791666012133_n-1536x1086.jpg 1536w, https:\/\/media.radiolitoral.com\/wp-content\/uploads\/2026\/04\/30101824\/679993285_1264341939118409_5124425791666012133_n-18x12.jpg 18w, https:\/\/media.radiolitoral.com\/wp-content\/uploads\/2026\/04\/30101824\/679993285_1264341939118409_5124425791666012133_n-1000x707.jpg 1000w, https:\/\/media.radiolitoral.com\/wp-content\/uploads\/2026\/04\/30101824\/679993285_1264341939118409_5124425791666012133_n-100x71.jpg 100w, https:\/\/media.radiolitoral.com\/wp-content\/uploads\/2026\/04\/30101824\/679993285_1264341939118409_5124425791666012133_n-200x141.jpg 200w\" sizes=\"auto, (max-width: 1755px) 100vw, 1755px\" \/><\/a><\/p>\n<p>Aix\u00ed mateix, hi ha moments divertits i \u00fanics que tenen a veure amb els festers, com ara l&#039;elecci\u00f3 de l&#039;alcalde per <strong>Sant Pancra\u00e7<\/strong>. \u00abAquells que no vagin disfressats com de costum, hauran de seguir les regles de l?alcalde per un dia, \u00e9s molt divertit\u00bb, va recalcar la regidora.<\/p>\n<p>Pots escoltar l&#039;entrevista completa al seg\u00fcent podcast.<\/p>\n<audio class=\"wp-audio-shortcode\" id=\"audio-20378-1\" preload=\"none\" style=\"width: 100%;\" controls=\"controls\"><source type=\"audio\/mpeg\" src=\"https:\/\/media.radiolitoral.com\/wp-content\/uploads\/2026\/04\/30101657\/ENTREVISTA-MAYTE-FIESTAS-ROSA-2026-OK.mp3?_=1\" \/><a href=\"https:\/\/media.radiolitoral.com\/wp-content\/uploads\/2026\/04\/30101657\/ENTREVISTA-MAYTE-FIESTAS-ROSA-2026-OK.mp3\">https:\/\/media.radiolitoral.com\/wp-content\/uploads\/2026\/04\/30101657\/ENTREVISTA-MAYTE-FIESTAS-ROSA-2026-OK.mp3<\/a><\/audio>","protected":false},"excerpt":{"rendered":"<p>El\u00a0Poble Nou de Benitatxell\u00a0se sumerge a partir de este mes de mayo en las\u00a0Fiestas de la Rosa, una de las celebraciones m\u00e1s esperadas tanto por festeros y festeras como por parte de vecinos y visitantes. Reparto de panes bendecidos, barbacoa popular, orquesta, citas religiosas\u2026 Todo esto y mucho m\u00e1s que nos espera desde el jueves [&#8230;]<\/p>\n<p><a class=\"btn btn-secondary understrap-read-more-link\" href=\"https:\/\/radiolitoral.com\/ca\/2026\/04\/el-poble-nou-de-benitatxell-se-prepara-para-las-fiestas-de-la-rosa\/\">Continua llegint&#8230;<span class=\"screen-reader-text\"> from El Poble Nou de Benitatxell se prepara para las Fiestas de la Rosa<\/span><\/a><\/p>\n","protected":false},"author":14,"featured_media":20380,"comment_status":"open","ping_status":"closed","sticky":false,"template":"","format":"standard","meta":{"_acf_changed":false,"inline_featured_image":false,"footnotes":""},"categories":[276],"tags":[185,1025,2908],"class_list":["post-20378","post","type-post","status-publish","format-standard","has-post-thumbnail","hentry","category-fiestas","tag-el-poble-nou-de-benitatxell","tag-fiestas","tag-mayte-roldan","cobertura-poble-nou-de-benitatxell"],"acf":[],"yoast_head":"<!-- This site is optimized with the Yoast SEO plugin v27.5 - https:\/\/yoast.com\/product\/yoast-seo-wordpress\/ -->\n<title>El Poble Nou de Benitatxell se prepara para las Fiestas de la Rosa | R\u00e0dio Litoral<\/title>\n<meta name=\"description\" content=\"La concejala de Fiestas, Mayte Rold\u00e1n, desgrana la programaci\u00f3n en el Informativo\" \/>\n<meta name=\"robots\" content=\"index, follow, max-snippet:-1, max-image-preview:large, max-video-preview:-1\" \/>\n<link rel=\"canonical\" href=\"https:\/\/radiolitoral.com\/ca\/2026\/04\/el-poble-nou-de-benitatxell-es-prepara-per-a-les-festes-de-la-rosa\/\" \/>\n<meta property=\"og:locale\" content=\"ca_ES\" \/>\n<meta property=\"og:type\" content=\"article\" \/>\n<meta property=\"og:title\" content=\"El Poble Nou de Benitatxell se prepara para las Fiestas de la Rosa | R\u00e0dio Litoral\" \/>\n<meta property=\"og:description\" content=\"La concejala de Fiestas, Mayte Rold\u00e1n, desgrana la programaci\u00f3n en el Informativo\" \/>\n<meta property=\"og:url\" content=\"https:\/\/radiolitoral.com\/ca\/2026\/04\/el-poble-nou-de-benitatxell-es-prepara-per-a-les-festes-de-la-rosa\/\" \/>\n<meta property=\"og:site_name\" content=\"R\u00e0dio Litoral\" \/>\n<meta property=\"article:publisher\" content=\"https:\/\/www.facebook.com\/Laradiolitoral\/\" \/>\n<meta property=\"article:published_time\" content=\"2026-04-30T08:19:47+00:00\" \/>\n<meta property=\"article:modified_time\" content=\"2026-04-30T08:21:47+00:00\" \/>\n<meta property=\"og:image\" content=\"https:\/\/media.radiolitoral.com\/wp-content\/uploads\/2026\/04\/30101722\/festers-larosa-1536x1021-1.jpeg\" \/>\n\t<meta property=\"og:image:width\" content=\"1536\" \/>\n\t<meta property=\"og:image:height\" content=\"1021\" \/>\n\t<meta property=\"og:image:type\" content=\"image\/jpeg\" \/>\n<meta name=\"author\" content=\"Redacci\u00f3n\" \/>\n<meta name=\"twitter:card\" content=\"summary_large_image\" \/>\n<meta name=\"twitter:label1\" content=\"Escrit per\" \/>\n\t<meta name=\"twitter:data1\" content=\"Redacci\u00f3n\" \/>\n\t<meta name=\"twitter:label2\" content=\"Temps estimat de lectura\" \/>\n\t<meta name=\"twitter:data2\" content=\"2 minuts\" \/>\n<script type=\"application\/ld+json\" class=\"yoast-schema-graph\">{\"@context\":\"https:\\\/\\\/schema.org\",\"@graph\":[{\"@type\":\"NewsArticle\",\"@id\":\"https:\\\/\\\/radiolitoral.com\\\/2026\\\/04\\\/el-poble-nou-de-benitatxell-se-prepara-para-las-fiestas-de-la-rosa\\\/#article\",\"isPartOf\":{\"@id\":\"https:\\\/\\\/radiolitoral.com\\\/2026\\\/04\\\/el-poble-nou-de-benitatxell-se-prepara-para-las-fiestas-de-la-rosa\\\/\"},\"author\":{\"name\":\"Redacci\u00f3n\",\"@id\":\"https:\\\/\\\/radiolitoral.com\\\/#\\\/schema\\\/person\\\/96b739642eb3bedb532aac3812d23307\"},\"headline\":\"El Poble Nou de Benitatxell se prepara para las Fiestas de la Rosa\",\"datePublished\":\"2026-04-30T08:19:47+00:00\",\"dateModified\":\"2026-04-30T08:21:47+00:00\",\"mainEntityOfPage\":{\"@id\":\"https:\\\/\\\/radiolitoral.com\\\/2026\\\/04\\\/el-poble-nou-de-benitatxell-se-prepara-para-las-fiestas-de-la-rosa\\\/\"},\"wordCount\":210,\"commentCount\":0,\"publisher\":{\"@id\":\"https:\\\/\\\/radiolitoral.com\\\/#organization\"},\"image\":{\"@id\":\"https:\\\/\\\/radiolitoral.com\\\/2026\\\/04\\\/el-poble-nou-de-benitatxell-se-prepara-para-las-fiestas-de-la-rosa\\\/#primaryimage\"},\"thumbnailUrl\":\"https:\\\/\\\/media.radiolitoral.com\\\/wp-content\\\/uploads\\\/2026\\\/04\\\/30101722\\\/festers-larosa-1536x1021-1.jpeg\",\"keywords\":[\"El Poble Nou de Benitatxell\",\"Fiestas\",\"Mayte Rold\u00e1n\"],\"articleSection\":[\"Fiestas\"],\"inLanguage\":\"ca\",\"potentialAction\":[{\"@type\":\"CommentAction\",\"name\":\"Comment\",\"target\":[\"https:\\\/\\\/radiolitoral.com\\\/2026\\\/04\\\/el-poble-nou-de-benitatxell-se-prepara-para-las-fiestas-de-la-rosa\\\/#respond\"]}]},{\"@type\":[\"WebPage\",\"ItemPage\"],\"@id\":\"https:\\\/\\\/radiolitoral.com\\\/2026\\\/04\\\/el-poble-nou-de-benitatxell-se-prepara-para-las-fiestas-de-la-rosa\\\/\",\"url\":\"https:\\\/\\\/radiolitoral.com\\\/2026\\\/04\\\/el-poble-nou-de-benitatxell-se-prepara-para-las-fiestas-de-la-rosa\\\/\",\"name\":\"El Poble Nou de Benitatxell se prepara para las Fiestas de la Rosa | R\u00e0dio Litoral\",\"isPartOf\":{\"@id\":\"https:\\\/\\\/radiolitoral.com\\\/#website\"},\"primaryImageOfPage\":{\"@id\":\"https:\\\/\\\/radiolitoral.com\\\/2026\\\/04\\\/el-poble-nou-de-benitatxell-se-prepara-para-las-fiestas-de-la-rosa\\\/#primaryimage\"},\"image\":{\"@id\":\"https:\\\/\\\/radiolitoral.com\\\/2026\\\/04\\\/el-poble-nou-de-benitatxell-se-prepara-para-las-fiestas-de-la-rosa\\\/#primaryimage\"},\"thumbnailUrl\":\"https:\\\/\\\/media.radiolitoral.com\\\/wp-content\\\/uploads\\\/2026\\\/04\\\/30101722\\\/festers-larosa-1536x1021-1.jpeg\",\"datePublished\":\"2026-04-30T08:19:47+00:00\",\"dateModified\":\"2026-04-30T08:21:47+00:00\",\"description\":\"La concejala de Fiestas, Mayte Rold\u00e1n, desgrana la programaci\u00f3n en el Informativo\",\"breadcrumb\":{\"@id\":\"https:\\\/\\\/radiolitoral.com\\\/2026\\\/04\\\/el-poble-nou-de-benitatxell-se-prepara-para-las-fiestas-de-la-rosa\\\/#breadcrumb\"},\"inLanguage\":\"ca\",\"potentialAction\":[{\"@type\":\"ReadAction\",\"target\":[\"https:\\\/\\\/radiolitoral.com\\\/2026\\\/04\\\/el-poble-nou-de-benitatxell-se-prepara-para-las-fiestas-de-la-rosa\\\/\"]}]},{\"@type\":\"ImageObject\",\"inLanguage\":\"ca\",\"@id\":\"https:\\\/\\\/radiolitoral.com\\\/2026\\\/04\\\/el-poble-nou-de-benitatxell-se-prepara-para-las-fiestas-de-la-rosa\\\/#primaryimage\",\"url\":\"https:\\\/\\\/media.radiolitoral.com\\\/wp-content\\\/uploads\\\/2026\\\/04\\\/30101722\\\/festers-larosa-1536x1021-1.jpeg\",\"contentUrl\":\"https:\\\/\\\/media.radiolitoral.com\\\/wp-content\\\/uploads\\\/2026\\\/04\\\/30101722\\\/festers-larosa-1536x1021-1.jpeg\",\"width\":1536,\"height\":1021},{\"@type\":\"BreadcrumbList\",\"@id\":\"https:\\\/\\\/radiolitoral.com\\\/2026\\\/04\\\/el-poble-nou-de-benitatxell-se-prepara-para-las-fiestas-de-la-rosa\\\/#breadcrumb\",\"itemListElement\":[{\"@type\":\"ListItem\",\"position\":1,\"name\":\"Portada\",\"item\":\"https:\\\/\\\/radiolitoral.com\\\/\"},{\"@type\":\"ListItem\",\"position\":2,\"name\":\"El Poble Nou de Benitatxell se prepara para las Fiestas de la Rosa\"}]},{\"@type\":\"WebSite\",\"@id\":\"https:\\\/\\\/radiolitoral.com\\\/#website\",\"url\":\"https:\\\/\\\/radiolitoral.com\\\/\",\"name\":\"Radio Litoral\",\"description\":\"La radio local de la Marina Alta\",\"publisher\":{\"@id\":\"https:\\\/\\\/radiolitoral.com\\\/#organization\"},\"alternateName\":\"Litoral FM\",\"potentialAction\":[{\"@type\":\"SearchAction\",\"target\":{\"@type\":\"EntryPoint\",\"urlTemplate\":\"https:\\\/\\\/radiolitoral.com\\\/?s={search_term_string}\"},\"query-input\":{\"@type\":\"PropertyValueSpecification\",\"valueRequired\":true,\"valueName\":\"search_term_string\"}}],\"inLanguage\":\"ca\"},{\"@type\":\"Organization\",\"@id\":\"https:\\\/\\\/radiolitoral.com\\\/#organization\",\"name\":\"Radio Litoral\",\"url\":\"https:\\\/\\\/radiolitoral.com\\\/\",\"logo\":{\"@type\":\"ImageObject\",\"inLanguage\":\"ca\",\"@id\":\"https:\\\/\\\/radiolitoral.com\\\/#\\\/schema\\\/logo\\\/image\\\/\",\"url\":\"https:\\\/\\\/media.radiolitoral.com\\\/wp-content\\\/uploads\\\/2023\\\/02\\\/24143238\\\/CL-V-RadioLitoral696.png\",\"contentUrl\":\"https:\\\/\\\/media.radiolitoral.com\\\/wp-content\\\/uploads\\\/2023\\\/02\\\/24143238\\\/CL-V-RadioLitoral696.png\",\"width\":696,\"height\":696,\"caption\":\"Radio Litoral\"},\"image\":{\"@id\":\"https:\\\/\\\/radiolitoral.com\\\/#\\\/schema\\\/logo\\\/image\\\/\"},\"sameAs\":[\"https:\\\/\\\/www.facebook.com\\\/Laradiolitoral\\\/\"]},{\"@type\":\"Person\",\"@id\":\"https:\\\/\\\/radiolitoral.com\\\/#\\\/schema\\\/person\\\/96b739642eb3bedb532aac3812d23307\",\"name\":\"Redacci\u00f3n\",\"image\":{\"@type\":\"ImageObject\",\"inLanguage\":\"ca\",\"@id\":\"https:\\\/\\\/secure.gravatar.com\\\/avatar\\\/30cd06129ee90411dd9c7cbdcf17464181d1a3c7b072e92070ea75a25cf0097e?s=96&d=mm&r=g\",\"url\":\"https:\\\/\\\/secure.gravatar.com\\\/avatar\\\/30cd06129ee90411dd9c7cbdcf17464181d1a3c7b072e92070ea75a25cf0097e?s=96&d=mm&r=g\",\"contentUrl\":\"https:\\\/\\\/secure.gravatar.com\\\/avatar\\\/30cd06129ee90411dd9c7cbdcf17464181d1a3c7b072e92070ea75a25cf0097e?s=96&d=mm&r=g\",\"caption\":\"Redacci\u00f3n\"},\"url\":\"https:\\\/\\\/radiolitoral.com\\\/ca\\\/author\\\/kevin-carrio\\\/\"}]}<\/script>\n<!-- \/ Yoast SEO plugin. -->","yoast_head_json":{"title":"El Poble Nou de Benitatxell es prepara per a les Festes de la Rosa | R\u00e0dio Litoral","description":"La regidora de Festes, Mayte Rold\u00e1n, desgrana la programaci\u00f3 a l&#039;Informatiu","robots":{"index":"index","follow":"follow","max-snippet":"max-snippet:-1","max-image-preview":"max-image-preview:large","max-video-preview":"max-video-preview:-1"},"canonical":"https:\/\/radiolitoral.com\/ca\/2026\/04\/el-poble-nou-de-benitatxell-es-prepara-per-a-les-festes-de-la-rosa\/","og_locale":"ca_ES","og_type":"article","og_title":"El Poble Nou de Benitatxell se prepara para las Fiestas de la Rosa | R\u00e0dio Litoral","og_description":"La concejala de Fiestas, Mayte Rold\u00e1n, desgrana la programaci\u00f3n en el Informativo","og_url":"https:\/\/radiolitoral.com\/ca\/2026\/04\/el-poble-nou-de-benitatxell-es-prepara-per-a-les-festes-de-la-rosa\/","og_site_name":"R\u00e0dio Litoral","article_publisher":"https:\/\/www.facebook.com\/Laradiolitoral\/","article_published_time":"2026-04-30T08:19:47+00:00","article_modified_time":"2026-04-30T08:21:47+00:00","og_image":[{"width":1536,"height":1021,"url":"https:\/\/media.radiolitoral.com\/wp-content\/uploads\/2026\/04\/30101722\/festers-larosa-1536x1021-1.jpeg","type":"image\/jpeg"}],"author":"Redacci\u00f3n","twitter_card":"summary_large_image","twitter_misc":{"Escrit per":"Redacci\u00f3n","Temps estimat de lectura":"2 minuts"},"schema":{"@context":"https:\/\/schema.org","@graph":[{"@type":"NewsArticle","@id":"https:\/\/radiolitoral.com\/2026\/04\/el-poble-nou-de-benitatxell-se-prepara-para-las-fiestas-de-la-rosa\/#article","isPartOf":{"@id":"https:\/\/radiolitoral.com\/2026\/04\/el-poble-nou-de-benitatxell-se-prepara-para-las-fiestas-de-la-rosa\/"},"author":{"name":"Redacci\u00f3n","@id":"https:\/\/radiolitoral.com\/#\/schema\/person\/96b739642eb3bedb532aac3812d23307"},"headline":"El Poble Nou de Benitatxell se prepara para las Fiestas de la Rosa","datePublished":"2026-04-30T08:19:47+00:00","dateModified":"2026-04-30T08:21:47+00:00","mainEntityOfPage":{"@id":"https:\/\/radiolitoral.com\/2026\/04\/el-poble-nou-de-benitatxell-se-prepara-para-las-fiestas-de-la-rosa\/"},"wordCount":210,"commentCount":0,"publisher":{"@id":"https:\/\/radiolitoral.com\/#organization"},"image":{"@id":"https:\/\/radiolitoral.com\/2026\/04\/el-poble-nou-de-benitatxell-se-prepara-para-las-fiestas-de-la-rosa\/#primaryimage"},"thumbnailUrl":"https:\/\/media.radiolitoral.com\/wp-content\/uploads\/2026\/04\/30101722\/festers-larosa-1536x1021-1.jpeg","keywords":["El Poble Nou de Benitatxell","Fiestas","Mayte Rold\u00e1n"],"articleSection":["Fiestas"],"inLanguage":"ca","potentialAction":[{"@type":"CommentAction","name":"Comment","target":["https:\/\/radiolitoral.com\/2026\/04\/el-poble-nou-de-benitatxell-se-prepara-para-las-fiestas-de-la-rosa\/#respond"]}]},{"@type":["WebPage","ItemPage"],"@id":"https:\/\/radiolitoral.com\/2026\/04\/el-poble-nou-de-benitatxell-se-prepara-para-las-fiestas-de-la-rosa\/","url":"https:\/\/radiolitoral.com\/2026\/04\/el-poble-nou-de-benitatxell-se-prepara-para-las-fiestas-de-la-rosa\/","name":"El Poble Nou de Benitatxell es prepara per a les Festes de la Rosa | R\u00e0dio Litoral","isPartOf":{"@id":"https:\/\/radiolitoral.com\/#website"},"primaryImageOfPage":{"@id":"https:\/\/radiolitoral.com\/2026\/04\/el-poble-nou-de-benitatxell-se-prepara-para-las-fiestas-de-la-rosa\/#primaryimage"},"image":{"@id":"https:\/\/radiolitoral.com\/2026\/04\/el-poble-nou-de-benitatxell-se-prepara-para-las-fiestas-de-la-rosa\/#primaryimage"},"thumbnailUrl":"https:\/\/media.radiolitoral.com\/wp-content\/uploads\/2026\/04\/30101722\/festers-larosa-1536x1021-1.jpeg","datePublished":"2026-04-30T08:19:47+00:00","dateModified":"2026-04-30T08:21:47+00:00","description":"La regidora de Festes, Mayte Rold\u00e1n, desgrana la programaci\u00f3 a l&#039;Informatiu","breadcrumb":{"@id":"https:\/\/radiolitoral.com\/2026\/04\/el-poble-nou-de-benitatxell-se-prepara-para-las-fiestas-de-la-rosa\/#breadcrumb"},"inLanguage":"ca","potentialAction":[{"@type":"ReadAction","target":["https:\/\/radiolitoral.com\/2026\/04\/el-poble-nou-de-benitatxell-se-prepara-para-las-fiestas-de-la-rosa\/"]}]},{"@type":"ImageObject","inLanguage":"ca","@id":"https:\/\/radiolitoral.com\/2026\/04\/el-poble-nou-de-benitatxell-se-prepara-para-las-fiestas-de-la-rosa\/#primaryimage","url":"https:\/\/media.radiolitoral.com\/wp-content\/uploads\/2026\/04\/30101722\/festers-larosa-1536x1021-1.jpeg","contentUrl":"https:\/\/media.radiolitoral.com\/wp-content\/uploads\/2026\/04\/30101722\/festers-larosa-1536x1021-1.jpeg","width":1536,"height":1021},{"@type":"BreadcrumbList","@id":"https:\/\/radiolitoral.com\/2026\/04\/el-poble-nou-de-benitatxell-se-prepara-para-las-fiestas-de-la-rosa\/#breadcrumb","itemListElement":[{"@type":"ListItem","position":1,"name":"Portada","item":"https:\/\/radiolitoral.com\/"},{"@type":"ListItem","position":2,"name":"El Poble Nou de Benitatxell se prepara para las Fiestas de la Rosa"}]},{"@type":"WebSite","@id":"https:\/\/radiolitoral.com\/#website","url":"https:\/\/radiolitoral.com\/","name":"R\u00e0dio Litoral","description":"La r\u00e0dio local de la Marina Alta","publisher":{"@id":"https:\/\/radiolitoral.com\/#organization"},"alternateName":"Litoral FM","potentialAction":[{"@type":"SearchAction","target":{"@type":"EntryPoint","urlTemplate":"https:\/\/radiolitoral.com\/?s={search_term_string}"},"query-input":{"@type":"PropertyValueSpecification","valueRequired":true,"valueName":"search_term_string"}}],"inLanguage":"ca"},{"@type":"Organization","@id":"https:\/\/radiolitoral.com\/#organization","name":"R\u00e0dio Litoral","url":"https:\/\/radiolitoral.com\/","logo":{"@type":"ImageObject","inLanguage":"ca","@id":"https:\/\/radiolitoral.com\/#\/schema\/logo\/image\/","url":"https:\/\/media.radiolitoral.com\/wp-content\/uploads\/2023\/02\/24143238\/CL-V-RadioLitoral696.png","contentUrl":"https:\/\/media.radiolitoral.com\/wp-content\/uploads\/2023\/02\/24143238\/CL-V-RadioLitoral696.png","width":696,"height":696,"caption":"Radio Litoral"},"image":{"@id":"https:\/\/radiolitoral.com\/#\/schema\/logo\/image\/"},"sameAs":["https:\/\/www.facebook.com\/Laradiolitoral\/"]},{"@type":"Person","@id":"https:\/\/radiolitoral.com\/#\/schema\/person\/96b739642eb3bedb532aac3812d23307","name":"Redacci\u00f3","image":{"@type":"ImageObject","inLanguage":"ca","@id":"https:\/\/secure.gravatar.com\/avatar\/30cd06129ee90411dd9c7cbdcf17464181d1a3c7b072e92070ea75a25cf0097e?s=96&d=mm&r=g","url":"https:\/\/secure.gravatar.com\/avatar\/30cd06129ee90411dd9c7cbdcf17464181d1a3c7b072e92070ea75a25cf0097e?s=96&d=mm&r=g","contentUrl":"https:\/\/secure.gravatar.com\/avatar\/30cd06129ee90411dd9c7cbdcf17464181d1a3c7b072e92070ea75a25cf0097e?s=96&d=mm&r=g","caption":"Redacci\u00f3n"},"url":"https:\/\/radiolitoral.com\/ca\/author\/kevin-carrio\/"}]}},"_links":{"self":[{"href":"https:\/\/radiolitoral.com\/ca\/wp-json\/wp\/v2\/posts\/20378","targetHints":{"allow":["GET"]}}],"collection":[{"href":"https:\/\/radiolitoral.com\/ca\/wp-json\/wp\/v2\/posts"}],"about":[{"href":"https:\/\/radiolitoral.com\/ca\/wp-json\/wp\/v2\/types\/post"}],"author":[{"embeddable":true,"href":"https:\/\/radiolitoral.com\/ca\/wp-json\/wp\/v2\/users\/14"}],"replies":[{"embeddable":true,"href":"https:\/\/radiolitoral.com\/ca\/wp-json\/wp\/v2\/comments?post=20378"}],"version-history":[{"count":2,"href":"https:\/\/radiolitoral.com\/ca\/wp-json\/wp\/v2\/posts\/20378\/revisions"}],"predecessor-version":[{"id":20383,"href":"https:\/\/radiolitoral.com\/ca\/wp-json\/wp\/v2\/posts\/20378\/revisions\/20383"}],"wp:featuredmedia":[{"embeddable":true,"href":"https:\/\/radiolitoral.com\/ca\/wp-json\/wp\/v2\/media\/20380"}],"wp:attachment":[{"href":"https:\/\/radiolitoral.com\/ca\/wp-json\/wp\/v2\/media?parent=20378"}],"wp:term":[{"taxonomy":"category","embeddable":true,"href":"https:\/\/radiolitoral.com\/ca\/wp-json\/wp\/v2\/categories?post=20378"},{"taxonomy":"post_tag","embeddable":true,"href":"https:\/\/radiolitoral.com\/ca\/wp-json\/wp\/v2\/tags?post=20378"}],"curies":[{"name":"wp","href":"https:\/\/api.w.org\/{rel}","templated":true}]}}