{"id":20373,"date":"2026-04-30T08:54:55","date_gmt":"2026-04-30T06:54:55","guid":{"rendered":"https:\/\/radiolitoral.com\/?p=20373"},"modified":"2026-04-30T08:54:55","modified_gmt":"2026-04-30T06:54:55","slug":"lactor-octavi-pujades-presidira-el-jurat-de-la-ii-edicio-de-benissa-en-curt","status":"publish","type":"post","link":"https:\/\/radiolitoral.com\/ca\/2026\/04\/el-actor-octavi-pujades-presidira-el-jurado-de-la-ii-edicion-de-benissa-en-corto\/","title":{"rendered":"L&#039;actor Octavi Pujades presidir\u00e0 el jurat de la II edici\u00f3 de Benissa a Corto"},"content":{"rendered":"<p data-start=\"237\" data-end=\"597\">El\u00a0<strong>Festival de Cinema Benissa a Corto<\/strong>\u00a0ha donat a con\u00e8ixer al president del seu jurat per a la II edici\u00f3, una figura de renom dins del panorama art\u00edstic nacional:\u00a0<strong data-start=\"402\" data-end=\"420\">Octavi Pujades<\/strong>. Amb una carrera consolidada que compr\u00e8n cinema, teatre i televisi\u00f3, l&#039;actor catal\u00e0 assumir\u00e0 el repte d&#039;avaluar els treballs que participaran a aquesta nova edici\u00f3 del festival.<\/p>\n<p data-start=\"656\" data-end=\"1167\">Pujades \u00e9s conegut per la seva versatilitat interpretativa i la seva capacitat per adaptar-se a diferents g\u00e8neres i formats. A la petita pantalla, s&#039;ha guanyat l&#039;afecte del p\u00fablic amb la participaci\u00f3 en diverses s\u00e8ries de gran \u00e8xit a Espanya. Entre elles destaquen\u00a0<strong data-start=\"919\" data-end=\"942\">\u00abEn sortir de classe\u00bb<\/strong>,\u00a0<strong data-start=\"944\" data-end=\"966\">\u00abUn pas endavant\u00bb<\/strong>,\u00a0<strong data-start=\"968\" data-end=\"986\">\u00abCompte enrere\u00bb<\/strong>,\u00a0<strong data-start=\"988\" data-end=\"1003\">\u00abPlanta 25\u00bb<\/strong>\u00a0i\u00a0<strong data-start=\"1006\" data-end=\"1018\">\u00abLaLola\u00bb<\/strong>, per esmentar algunes. Tamb\u00e9 ha estat cara habitual en programes populars com\u00a0<strong data-start=\"1103\" data-end=\"1122\">\u00abPequ\u00edn Express\u00bb<\/strong>,\u00a0<strong data-start=\"1124\" data-end=\"1141\">\u00abPassaparaula\u00bb<\/strong>\u00a0i\u00a0<strong data-start=\"1144\" data-end=\"1166\">\u00abLa teva cara em sona\u00bb<\/strong>.<\/p>\n<p data-start=\"1169\" data-end=\"1520\">Al cinema, la seva carrera s&#039;ha caracteritzat per una inquietud art\u00edstica que l&#039;ha portat a formar part de t\u00edtols com\u00a0<strong data-start=\"1286\" data-end=\"1306\">\u00abBarbie Killers\u00bb<\/strong>,\u00a0<strong data-start=\"1308\" data-end=\"1324\">\u00abLis\u00edstrata\u00bb<\/strong>,\u00a0<strong data-start=\"1326\" data-end=\"1336\">\u00abSlam\u00bb<\/strong>\u00a0i\u00a0<strong data-start=\"1339\" data-end=\"1362\">\u00abTres casaments de m\u00e9s\u00bb<\/strong>. A cadascun d&#039;aquests projectes, Pujades ha mostrat la seva capacitat per moure&#039;s entre diferents estils narratius i aportar una s\u00f2lida pres\u00e8ncia en pantalla.<\/p>\n<p><a href=\"https:\/\/media.radiolitoral.com\/wp-content\/uploads\/2026\/04\/30085049\/octavi1.jpeg\"><img loading=\"lazy\" decoding=\"async\" class=\"size-full wp-image-20374 aligncenter\" src=\"https:\/\/media.radiolitoral.com\/wp-content\/uploads\/2026\/04\/30085049\/octavi1.jpeg\" alt=\"\" width=\"920\" height=\"920\" srcset=\"https:\/\/media.radiolitoral.com\/wp-content\/uploads\/2026\/04\/30085049\/octavi1.jpeg 920w, https:\/\/media.radiolitoral.com\/wp-content\/uploads\/2026\/04\/30085049\/octavi1-300x300.jpeg 300w, https:\/\/media.radiolitoral.com\/wp-content\/uploads\/2026\/04\/30085049\/octavi1-150x150.jpeg 150w, https:\/\/media.radiolitoral.com\/wp-content\/uploads\/2026\/04\/30085049\/octavi1-768x768.jpeg 768w, https:\/\/media.radiolitoral.com\/wp-content\/uploads\/2026\/04\/30085049\/octavi1-12x12.jpeg 12w, https:\/\/media.radiolitoral.com\/wp-content\/uploads\/2026\/04\/30085049\/octavi1-100x100.jpeg 100w, https:\/\/media.radiolitoral.com\/wp-content\/uploads\/2026\/04\/30085049\/octavi1-200x200.jpeg 200w\" sizes=\"auto, (max-width: 920px) 100vw, 920px\" \/><\/a><\/p>\n<h2 data-start=\"1522\" data-end=\"1559\"><strong data-start=\"1522\" data-end=\"1559\">El teatre, un gran pilar de Pujades<\/strong><\/h2>\n<p data-start=\"1561\" data-end=\"1972\">El teatre \u00e9s un altre dels grans pilars a la carrera d&#039;Octavi Pujades. Al llarg dels anys, ha participat en importants muntatges com\u00a0<strong data-start=\"1703\" data-end=\"1713\">\u00abTres\u00bb<\/strong>,\u00a0<strong data-start=\"1715\" data-end=\"1761\">\u00abPerdona bonica per\u00f2 Lluc m&#039;estimava a mi\u00bb<\/strong>, i\u00a0<strong data-start=\"1765\" data-end=\"1799\">\u00abEl guardaespatlles el musical\u00bb<\/strong>, entre altres. Actualment, Pujades est\u00e0 sobre les taules de\u00a0<strong data-start=\"1860\" data-end=\"1877\">\u00abLa ratera\u00bb<\/strong>, una obra de suspens d&#039;Agatha Christie que continua captivant els espectadors a Barcelona.<\/p>\n<p data-start=\"2015\" data-end=\"2333\">A m\u00e9s de la seva faceta com a actor, Pujades ha sabut connectar amb el p\u00fablic a trav\u00e9s de les xarxes socials. Els seus v\u00eddeos i reels, plens d&#039;humor i situacions quotidianes, en mostren una part m\u00e9s propera i humana, acostant-se a milers de seguidors que gaudeixen de la seva ironia i la seva forma desenfadada d&#039;abordar la vida.<\/p>","protected":false},"excerpt":{"rendered":"<p>El\u00a0Festival de Cine Benissa en Corto\u00a0ha dado a conocer al presidente de su jurado para la II edici\u00f3n, una figura de renombre dentro del panorama art\u00edstico nacional:\u00a0Octavi Pujades. Con una carrera consolidada que abarca cine, teatro y televisi\u00f3n, el actor catal\u00e1n asumir\u00e1 el reto de evaluar los trabajos que participar\u00e1n en esta nueva edici\u00f3n del [&#8230;]<\/p>\n<p><a class=\"btn btn-secondary understrap-read-more-link\" href=\"https:\/\/radiolitoral.com\/ca\/2026\/04\/el-actor-octavi-pujades-presidira-el-jurado-de-la-ii-edicion-de-benissa-en-corto\/\">Continua llegint&#8230;<span class=\"screen-reader-text\"> from El actor Octavi Pujades presidir\u00e1 el jurado de la II edici\u00f3n de Benissa en Corto<\/span><\/a><\/p>\n","protected":false},"author":14,"featured_media":20375,"comment_status":"open","ping_status":"closed","sticky":false,"template":"","format":"standard","meta":{"_acf_changed":false,"inline_featured_image":false,"footnotes":""},"categories":[55],"tags":[126,3302,56,5288,5289],"class_list":["post-20373","post","type-post","status-publish","format-standard","has-post-thumbnail","hentry","category-cultura","tag-benissa","tag-benissa-en-corto","tag-cine","tag-festival-de-cine","tag-octavi-pujades","cobertura-benissa"],"acf":[],"yoast_head":"<!-- This site is optimized with the Yoast SEO plugin v27.5 - https:\/\/yoast.com\/product\/yoast-seo-wordpress\/ -->\n<title>El actor Octavi Pujades presidir\u00e1 el jurado de la II edici\u00f3n de Benissa en Corto | R\u00e0dio Litoral<\/title>\n<meta name=\"description\" content=\"El int\u00e9rprete catal\u00e1n aportar\u00e1 su amplia trayectoria art\u00edstica al certamen\" \/>\n<meta name=\"robots\" content=\"index, follow, max-snippet:-1, max-image-preview:large, max-video-preview:-1\" \/>\n<link rel=\"canonical\" href=\"https:\/\/radiolitoral.com\/ca\/2026\/04\/lactor-octavi-pujades-presidira-el-jurat-de-la-ii-edicio-de-benissa-en-curt\/\" \/>\n<meta property=\"og:locale\" content=\"ca_ES\" \/>\n<meta property=\"og:type\" content=\"article\" \/>\n<meta property=\"og:title\" content=\"El actor Octavi Pujades presidir\u00e1 el jurado de la II edici\u00f3n de Benissa en Corto | R\u00e0dio Litoral\" \/>\n<meta property=\"og:description\" content=\"El int\u00e9rprete catal\u00e1n aportar\u00e1 su amplia trayectoria art\u00edstica al certamen\" \/>\n<meta property=\"og:url\" content=\"https:\/\/radiolitoral.com\/ca\/2026\/04\/lactor-octavi-pujades-presidira-el-jurat-de-la-ii-edicio-de-benissa-en-curt\/\" \/>\n<meta property=\"og:site_name\" content=\"R\u00e0dio Litoral\" \/>\n<meta property=\"article:publisher\" content=\"https:\/\/www.facebook.com\/Laradiolitoral\/\" \/>\n<meta property=\"article:published_time\" content=\"2026-04-30T06:54:55+00:00\" \/>\n<meta property=\"og:image\" content=\"https:\/\/media.radiolitoral.com\/wp-content\/uploads\/2026\/04\/30085421\/DESTACADA-WEB-91.png\" \/>\n\t<meta property=\"og:image:width\" content=\"1920\" \/>\n\t<meta property=\"og:image:height\" content=\"1166\" \/>\n\t<meta property=\"og:image:type\" content=\"image\/png\" \/>\n<meta name=\"author\" content=\"Redacci\u00f3n\" \/>\n<meta name=\"twitter:card\" content=\"summary_large_image\" \/>\n<meta name=\"twitter:label1\" content=\"Escrit per\" \/>\n\t<meta name=\"twitter:data1\" content=\"Redacci\u00f3n\" \/>\n\t<meta name=\"twitter:label2\" content=\"Temps estimat de lectura\" \/>\n\t<meta name=\"twitter:data2\" content=\"2 minuts\" \/>\n<script type=\"application\/ld+json\" class=\"yoast-schema-graph\">{\"@context\":\"https:\\\/\\\/schema.org\",\"@graph\":[{\"@type\":\"NewsArticle\",\"@id\":\"https:\\\/\\\/radiolitoral.com\\\/2026\\\/04\\\/el-actor-octavi-pujades-presidira-el-jurado-de-la-ii-edicion-de-benissa-en-corto\\\/#article\",\"isPartOf\":{\"@id\":\"https:\\\/\\\/radiolitoral.com\\\/2026\\\/04\\\/el-actor-octavi-pujades-presidira-el-jurado-de-la-ii-edicion-de-benissa-en-corto\\\/\"},\"author\":{\"name\":\"Redacci\u00f3n\",\"@id\":\"https:\\\/\\\/radiolitoral.com\\\/#\\\/schema\\\/person\\\/96b739642eb3bedb532aac3812d23307\"},\"headline\":\"El actor Octavi Pujades presidir\u00e1 el jurado de la II edici\u00f3n de Benissa en Corto\",\"datePublished\":\"2026-04-30T06:54:55+00:00\",\"mainEntityOfPage\":{\"@id\":\"https:\\\/\\\/radiolitoral.com\\\/2026\\\/04\\\/el-actor-octavi-pujades-presidira-el-jurado-de-la-ii-edicion-de-benissa-en-corto\\\/\"},\"wordCount\":361,\"commentCount\":0,\"publisher\":{\"@id\":\"https:\\\/\\\/radiolitoral.com\\\/#organization\"},\"image\":{\"@id\":\"https:\\\/\\\/radiolitoral.com\\\/2026\\\/04\\\/el-actor-octavi-pujades-presidira-el-jurado-de-la-ii-edicion-de-benissa-en-corto\\\/#primaryimage\"},\"thumbnailUrl\":\"https:\\\/\\\/media.radiolitoral.com\\\/wp-content\\\/uploads\\\/2026\\\/04\\\/30085421\\\/DESTACADA-WEB-91.png\",\"keywords\":[\"Benissa\",\"Benissa en Corto\",\"Cine\",\"festival de cine\",\"Octavi Pujades\"],\"articleSection\":[\"Cultura\"],\"inLanguage\":\"ca\",\"potentialAction\":[{\"@type\":\"CommentAction\",\"name\":\"Comment\",\"target\":[\"https:\\\/\\\/radiolitoral.com\\\/2026\\\/04\\\/el-actor-octavi-pujades-presidira-el-jurado-de-la-ii-edicion-de-benissa-en-corto\\\/#respond\"]}]},{\"@type\":[\"WebPage\",\"ItemPage\"],\"@id\":\"https:\\\/\\\/radiolitoral.com\\\/2026\\\/04\\\/el-actor-octavi-pujades-presidira-el-jurado-de-la-ii-edicion-de-benissa-en-corto\\\/\",\"url\":\"https:\\\/\\\/radiolitoral.com\\\/2026\\\/04\\\/el-actor-octavi-pujades-presidira-el-jurado-de-la-ii-edicion-de-benissa-en-corto\\\/\",\"name\":\"El actor Octavi Pujades presidir\u00e1 el jurado de la II edici\u00f3n de Benissa en Corto | R\u00e0dio Litoral\",\"isPartOf\":{\"@id\":\"https:\\\/\\\/radiolitoral.com\\\/#website\"},\"primaryImageOfPage\":{\"@id\":\"https:\\\/\\\/radiolitoral.com\\\/2026\\\/04\\\/el-actor-octavi-pujades-presidira-el-jurado-de-la-ii-edicion-de-benissa-en-corto\\\/#primaryimage\"},\"image\":{\"@id\":\"https:\\\/\\\/radiolitoral.com\\\/2026\\\/04\\\/el-actor-octavi-pujades-presidira-el-jurado-de-la-ii-edicion-de-benissa-en-corto\\\/#primaryimage\"},\"thumbnailUrl\":\"https:\\\/\\\/media.radiolitoral.com\\\/wp-content\\\/uploads\\\/2026\\\/04\\\/30085421\\\/DESTACADA-WEB-91.png\",\"datePublished\":\"2026-04-30T06:54:55+00:00\",\"description\":\"El int\u00e9rprete catal\u00e1n aportar\u00e1 su amplia trayectoria art\u00edstica al certamen\",\"breadcrumb\":{\"@id\":\"https:\\\/\\\/radiolitoral.com\\\/2026\\\/04\\\/el-actor-octavi-pujades-presidira-el-jurado-de-la-ii-edicion-de-benissa-en-corto\\\/#breadcrumb\"},\"inLanguage\":\"ca\",\"potentialAction\":[{\"@type\":\"ReadAction\",\"target\":[\"https:\\\/\\\/radiolitoral.com\\\/2026\\\/04\\\/el-actor-octavi-pujades-presidira-el-jurado-de-la-ii-edicion-de-benissa-en-corto\\\/\"]}]},{\"@type\":\"ImageObject\",\"inLanguage\":\"ca\",\"@id\":\"https:\\\/\\\/radiolitoral.com\\\/2026\\\/04\\\/el-actor-octavi-pujades-presidira-el-jurado-de-la-ii-edicion-de-benissa-en-corto\\\/#primaryimage\",\"url\":\"https:\\\/\\\/media.radiolitoral.com\\\/wp-content\\\/uploads\\\/2026\\\/04\\\/30085421\\\/DESTACADA-WEB-91.png\",\"contentUrl\":\"https:\\\/\\\/media.radiolitoral.com\\\/wp-content\\\/uploads\\\/2026\\\/04\\\/30085421\\\/DESTACADA-WEB-91.png\",\"width\":1920,\"height\":1166},{\"@type\":\"BreadcrumbList\",\"@id\":\"https:\\\/\\\/radiolitoral.com\\\/2026\\\/04\\\/el-actor-octavi-pujades-presidira-el-jurado-de-la-ii-edicion-de-benissa-en-corto\\\/#breadcrumb\",\"itemListElement\":[{\"@type\":\"ListItem\",\"position\":1,\"name\":\"Portada\",\"item\":\"https:\\\/\\\/radiolitoral.com\\\/\"},{\"@type\":\"ListItem\",\"position\":2,\"name\":\"El actor Octavi Pujades presidir\u00e1 el jurado de la II edici\u00f3n de Benissa en Corto\"}]},{\"@type\":\"WebSite\",\"@id\":\"https:\\\/\\\/radiolitoral.com\\\/#website\",\"url\":\"https:\\\/\\\/radiolitoral.com\\\/\",\"name\":\"Radio Litoral\",\"description\":\"La radio local de la Marina Alta\",\"publisher\":{\"@id\":\"https:\\\/\\\/radiolitoral.com\\\/#organization\"},\"alternateName\":\"Litoral FM\",\"potentialAction\":[{\"@type\":\"SearchAction\",\"target\":{\"@type\":\"EntryPoint\",\"urlTemplate\":\"https:\\\/\\\/radiolitoral.com\\\/?s={search_term_string}\"},\"query-input\":{\"@type\":\"PropertyValueSpecification\",\"valueRequired\":true,\"valueName\":\"search_term_string\"}}],\"inLanguage\":\"ca\"},{\"@type\":\"Organization\",\"@id\":\"https:\\\/\\\/radiolitoral.com\\\/#organization\",\"name\":\"Radio Litoral\",\"url\":\"https:\\\/\\\/radiolitoral.com\\\/\",\"logo\":{\"@type\":\"ImageObject\",\"inLanguage\":\"ca\",\"@id\":\"https:\\\/\\\/radiolitoral.com\\\/#\\\/schema\\\/logo\\\/image\\\/\",\"url\":\"https:\\\/\\\/media.radiolitoral.com\\\/wp-content\\\/uploads\\\/2023\\\/02\\\/24143238\\\/CL-V-RadioLitoral696.png\",\"contentUrl\":\"https:\\\/\\\/media.radiolitoral.com\\\/wp-content\\\/uploads\\\/2023\\\/02\\\/24143238\\\/CL-V-RadioLitoral696.png\",\"width\":696,\"height\":696,\"caption\":\"Radio Litoral\"},\"image\":{\"@id\":\"https:\\\/\\\/radiolitoral.com\\\/#\\\/schema\\\/logo\\\/image\\\/\"},\"sameAs\":[\"https:\\\/\\\/www.facebook.com\\\/Laradiolitoral\\\/\"]},{\"@type\":\"Person\",\"@id\":\"https:\\\/\\\/radiolitoral.com\\\/#\\\/schema\\\/person\\\/96b739642eb3bedb532aac3812d23307\",\"name\":\"Redacci\u00f3n\",\"image\":{\"@type\":\"ImageObject\",\"inLanguage\":\"ca\",\"@id\":\"https:\\\/\\\/secure.gravatar.com\\\/avatar\\\/30cd06129ee90411dd9c7cbdcf17464181d1a3c7b072e92070ea75a25cf0097e?s=96&d=mm&r=g\",\"url\":\"https:\\\/\\\/secure.gravatar.com\\\/avatar\\\/30cd06129ee90411dd9c7cbdcf17464181d1a3c7b072e92070ea75a25cf0097e?s=96&d=mm&r=g\",\"contentUrl\":\"https:\\\/\\\/secure.gravatar.com\\\/avatar\\\/30cd06129ee90411dd9c7cbdcf17464181d1a3c7b072e92070ea75a25cf0097e?s=96&d=mm&r=g\",\"caption\":\"Redacci\u00f3n\"},\"url\":\"https:\\\/\\\/radiolitoral.com\\\/ca\\\/author\\\/kevin-carrio\\\/\"}]}<\/script>\n<!-- \/ Yoast SEO plugin. -->","yoast_head_json":{"title":"L&#039;actor Octavi Pujades presidir\u00e0 el jurat de la II edici\u00f3 de Benissa a Corto | R\u00e0dio Litoral","description":"L\u00b4int\u00e8rpret catal\u00e0 aportar\u00e0 la seva \u00e0mplia traject\u00f2ria art\u00edstica al certamen","robots":{"index":"index","follow":"follow","max-snippet":"max-snippet:-1","max-image-preview":"max-image-preview:large","max-video-preview":"max-video-preview:-1"},"canonical":"https:\/\/radiolitoral.com\/ca\/2026\/04\/lactor-octavi-pujades-presidira-el-jurat-de-la-ii-edicio-de-benissa-en-curt\/","og_locale":"ca_ES","og_type":"article","og_title":"El actor Octavi Pujades presidir\u00e1 el jurado de la II edici\u00f3n de Benissa en Corto | R\u00e0dio Litoral","og_description":"El int\u00e9rprete catal\u00e1n aportar\u00e1 su amplia trayectoria art\u00edstica al certamen","og_url":"https:\/\/radiolitoral.com\/ca\/2026\/04\/lactor-octavi-pujades-presidira-el-jurat-de-la-ii-edicio-de-benissa-en-curt\/","og_site_name":"R\u00e0dio Litoral","article_publisher":"https:\/\/www.facebook.com\/Laradiolitoral\/","article_published_time":"2026-04-30T06:54:55+00:00","og_image":[{"width":1920,"height":1166,"url":"https:\/\/media.radiolitoral.com\/wp-content\/uploads\/2026\/04\/30085421\/DESTACADA-WEB-91.png","type":"image\/png"}],"author":"Redacci\u00f3n","twitter_card":"summary_large_image","twitter_misc":{"Escrit per":"Redacci\u00f3n","Temps estimat de lectura":"2 minuts"},"schema":{"@context":"https:\/\/schema.org","@graph":[{"@type":"NewsArticle","@id":"https:\/\/radiolitoral.com\/2026\/04\/el-actor-octavi-pujades-presidira-el-jurado-de-la-ii-edicion-de-benissa-en-corto\/#article","isPartOf":{"@id":"https:\/\/radiolitoral.com\/2026\/04\/el-actor-octavi-pujades-presidira-el-jurado-de-la-ii-edicion-de-benissa-en-corto\/"},"author":{"name":"Redacci\u00f3n","@id":"https:\/\/radiolitoral.com\/#\/schema\/person\/96b739642eb3bedb532aac3812d23307"},"headline":"El actor Octavi Pujades presidir\u00e1 el jurado de la II edici\u00f3n de Benissa en Corto","datePublished":"2026-04-30T06:54:55+00:00","mainEntityOfPage":{"@id":"https:\/\/radiolitoral.com\/2026\/04\/el-actor-octavi-pujades-presidira-el-jurado-de-la-ii-edicion-de-benissa-en-corto\/"},"wordCount":361,"commentCount":0,"publisher":{"@id":"https:\/\/radiolitoral.com\/#organization"},"image":{"@id":"https:\/\/radiolitoral.com\/2026\/04\/el-actor-octavi-pujades-presidira-el-jurado-de-la-ii-edicion-de-benissa-en-corto\/#primaryimage"},"thumbnailUrl":"https:\/\/media.radiolitoral.com\/wp-content\/uploads\/2026\/04\/30085421\/DESTACADA-WEB-91.png","keywords":["Benissa","Benissa en Corto","Cine","festival de cine","Octavi Pujades"],"articleSection":["Cultura"],"inLanguage":"ca","potentialAction":[{"@type":"CommentAction","name":"Comment","target":["https:\/\/radiolitoral.com\/2026\/04\/el-actor-octavi-pujades-presidira-el-jurado-de-la-ii-edicion-de-benissa-en-corto\/#respond"]}]},{"@type":["WebPage","ItemPage"],"@id":"https:\/\/radiolitoral.com\/2026\/04\/el-actor-octavi-pujades-presidira-el-jurado-de-la-ii-edicion-de-benissa-en-corto\/","url":"https:\/\/radiolitoral.com\/2026\/04\/el-actor-octavi-pujades-presidira-el-jurado-de-la-ii-edicion-de-benissa-en-corto\/","name":"L&#039;actor Octavi Pujades presidir\u00e0 el jurat de la II edici\u00f3 de Benissa a Corto | R\u00e0dio Litoral","isPartOf":{"@id":"https:\/\/radiolitoral.com\/#website"},"primaryImageOfPage":{"@id":"https:\/\/radiolitoral.com\/2026\/04\/el-actor-octavi-pujades-presidira-el-jurado-de-la-ii-edicion-de-benissa-en-corto\/#primaryimage"},"image":{"@id":"https:\/\/radiolitoral.com\/2026\/04\/el-actor-octavi-pujades-presidira-el-jurado-de-la-ii-edicion-de-benissa-en-corto\/#primaryimage"},"thumbnailUrl":"https:\/\/media.radiolitoral.com\/wp-content\/uploads\/2026\/04\/30085421\/DESTACADA-WEB-91.png","datePublished":"2026-04-30T06:54:55+00:00","description":"L\u00b4int\u00e8rpret catal\u00e0 aportar\u00e0 la seva \u00e0mplia traject\u00f2ria art\u00edstica al certamen","breadcrumb":{"@id":"https:\/\/radiolitoral.com\/2026\/04\/el-actor-octavi-pujades-presidira-el-jurado-de-la-ii-edicion-de-benissa-en-corto\/#breadcrumb"},"inLanguage":"ca","potentialAction":[{"@type":"ReadAction","target":["https:\/\/radiolitoral.com\/2026\/04\/el-actor-octavi-pujades-presidira-el-jurado-de-la-ii-edicion-de-benissa-en-corto\/"]}]},{"@type":"ImageObject","inLanguage":"ca","@id":"https:\/\/radiolitoral.com\/2026\/04\/el-actor-octavi-pujades-presidira-el-jurado-de-la-ii-edicion-de-benissa-en-corto\/#primaryimage","url":"https:\/\/media.radiolitoral.com\/wp-content\/uploads\/2026\/04\/30085421\/DESTACADA-WEB-91.png","contentUrl":"https:\/\/media.radiolitoral.com\/wp-content\/uploads\/2026\/04\/30085421\/DESTACADA-WEB-91.png","width":1920,"height":1166},{"@type":"BreadcrumbList","@id":"https:\/\/radiolitoral.com\/2026\/04\/el-actor-octavi-pujades-presidira-el-jurado-de-la-ii-edicion-de-benissa-en-corto\/#breadcrumb","itemListElement":[{"@type":"ListItem","position":1,"name":"Portada","item":"https:\/\/radiolitoral.com\/"},{"@type":"ListItem","position":2,"name":"El actor Octavi Pujades presidir\u00e1 el jurado de la II edici\u00f3n de Benissa en Corto"}]},{"@type":"WebSite","@id":"https:\/\/radiolitoral.com\/#website","url":"https:\/\/radiolitoral.com\/","name":"R\u00e0dio Litoral","description":"La r\u00e0dio local de la Marina Alta","publisher":{"@id":"https:\/\/radiolitoral.com\/#organization"},"alternateName":"Litoral FM","potentialAction":[{"@type":"SearchAction","target":{"@type":"EntryPoint","urlTemplate":"https:\/\/radiolitoral.com\/?s={search_term_string}"},"query-input":{"@type":"PropertyValueSpecification","valueRequired":true,"valueName":"search_term_string"}}],"inLanguage":"ca"},{"@type":"Organization","@id":"https:\/\/radiolitoral.com\/#organization","name":"R\u00e0dio Litoral","url":"https:\/\/radiolitoral.com\/","logo":{"@type":"ImageObject","inLanguage":"ca","@id":"https:\/\/radiolitoral.com\/#\/schema\/logo\/image\/","url":"https:\/\/media.radiolitoral.com\/wp-content\/uploads\/2023\/02\/24143238\/CL-V-RadioLitoral696.png","contentUrl":"https:\/\/media.radiolitoral.com\/wp-content\/uploads\/2023\/02\/24143238\/CL-V-RadioLitoral696.png","width":696,"height":696,"caption":"Radio Litoral"},"image":{"@id":"https:\/\/radiolitoral.com\/#\/schema\/logo\/image\/"},"sameAs":["https:\/\/www.facebook.com\/Laradiolitoral\/"]},{"@type":"Person","@id":"https:\/\/radiolitoral.com\/#\/schema\/person\/96b739642eb3bedb532aac3812d23307","name":"Redacci\u00f3","image":{"@type":"ImageObject","inLanguage":"ca","@id":"https:\/\/secure.gravatar.com\/avatar\/30cd06129ee90411dd9c7cbdcf17464181d1a3c7b072e92070ea75a25cf0097e?s=96&d=mm&r=g","url":"https:\/\/secure.gravatar.com\/avatar\/30cd06129ee90411dd9c7cbdcf17464181d1a3c7b072e92070ea75a25cf0097e?s=96&d=mm&r=g","contentUrl":"https:\/\/secure.gravatar.com\/avatar\/30cd06129ee90411dd9c7cbdcf17464181d1a3c7b072e92070ea75a25cf0097e?s=96&d=mm&r=g","caption":"Redacci\u00f3n"},"url":"https:\/\/radiolitoral.com\/ca\/author\/kevin-carrio\/"}]}},"_links":{"self":[{"href":"https:\/\/radiolitoral.com\/ca\/wp-json\/wp\/v2\/posts\/20373","targetHints":{"allow":["GET"]}}],"collection":[{"href":"https:\/\/radiolitoral.com\/ca\/wp-json\/wp\/v2\/posts"}],"about":[{"href":"https:\/\/radiolitoral.com\/ca\/wp-json\/wp\/v2\/types\/post"}],"author":[{"embeddable":true,"href":"https:\/\/radiolitoral.com\/ca\/wp-json\/wp\/v2\/users\/14"}],"replies":[{"embeddable":true,"href":"https:\/\/radiolitoral.com\/ca\/wp-json\/wp\/v2\/comments?post=20373"}],"version-history":[{"count":1,"href":"https:\/\/radiolitoral.com\/ca\/wp-json\/wp\/v2\/posts\/20373\/revisions"}],"predecessor-version":[{"id":20376,"href":"https:\/\/radiolitoral.com\/ca\/wp-json\/wp\/v2\/posts\/20373\/revisions\/20376"}],"wp:featuredmedia":[{"embeddable":true,"href":"https:\/\/radiolitoral.com\/ca\/wp-json\/wp\/v2\/media\/20375"}],"wp:attachment":[{"href":"https:\/\/radiolitoral.com\/ca\/wp-json\/wp\/v2\/media?parent=20373"}],"wp:term":[{"taxonomy":"category","embeddable":true,"href":"https:\/\/radiolitoral.com\/ca\/wp-json\/wp\/v2\/categories?post=20373"},{"taxonomy":"post_tag","embeddable":true,"href":"https:\/\/radiolitoral.com\/ca\/wp-json\/wp\/v2\/tags?post=20373"}],"curies":[{"name":"wp","href":"https:\/\/api.w.org\/{rel}","templated":true}]}}