{"id":20369,"date":"2026-04-30T11:24:29","date_gmt":"2026-04-30T09:24:29","guid":{"rendered":"https:\/\/radiolitoral.com\/?p=20369"},"modified":"2026-04-30T11:24:29","modified_gmt":"2026-04-30T09:24:29","slug":"el-cb-ifach-calp-favorit-a-leliminatoria-davant-el-cb-mislata","status":"publish","type":"post","link":"https:\/\/radiolitoral.com\/ca\/2026\/04\/el-cb-ifach-calpe-favorito-en-la-eliminatoria-ante-el-cb-mislata\/","title":{"rendered":"El CB Ifach Calp favorit a l&#039;eliminat\u00f2ria davant el CB Mislata"},"content":{"rendered":"<p>Finalitzada la <strong>fase regular de la Lliga Foster&#039;s Hollywood de 1a Divisi\u00f3 Masculina de b\u00e0squet<\/strong>, el <strong>CB Ifach Calp<\/strong> ja t\u00e9 definit el seu cam\u00ed cap al <strong>ascens<\/strong>, que comen\u00e7ar\u00e0 aquest <strong>diumenge a les 19:00 hores<\/strong> a la pista del <strong>CB Mislata<\/strong>, al pavell\u00f3 municipal <strong>\u201cEl Quint\u201d<\/strong>.<\/p>\n<p>L&#039;equip dirigit per <strong>Kike Valle<\/strong> arriba a aquesta eliminat\u00f2ria despr\u00e9s de signar una <strong>gran temporada<\/strong>, en qu\u00e8 nom\u00e9s ha patit <strong>dues derrotes<\/strong>, cosa que el situa com un dels conjunts m\u00e9s forts del campionat.<\/p>\n<p>Els calpins afronten la cru\u00eflla amb <strong>confian\u00e7a i ambici\u00f3<\/strong>, conscients del seu potencial i amb l&#039;objectiu clar d&#039;avan\u00e7ar cap a la <strong>Final Four<\/strong>.<\/p>\n<h2>Plantilla al complet<\/h2>\n<p>Una de les grans not\u00edcies per al t\u00e8cnic calp\u00ed \u00e9s que podr\u00e0 comptar amb <strong>tots els seus jugadors en plena forma<\/strong>, un factor clau en una eliminat\u00f2ria on el nivell f\u00edsic i la profunditat de banqueta poden marcar difer\u00e8ncies.<\/p>\n<h2>Un rival irregular<\/h2>\n<p>El <strong>CB Mislata<\/strong>, per la seva banda, ha acabat la fase regular a la <strong>setena posici\u00f3 del grup A<\/strong>, amb un balan\u00e7 equilibrat de <strong>13 vict\u00f2ries i 13 derrotes<\/strong>. Els seus n\u00fameros reflecteixen un equip competitiu en atac, amb una mitjana de <strong>78 punts per partit<\/strong>, encara que tamb\u00e9 amb certa fragilitat defensiva, encaixant una mitjana de <strong>80 punts<\/strong>.<\/p>\n<p>El <strong>CB Ifach Calp<\/strong> inicia aix\u00ed el tram m\u00e9s important de la temporada, amb la intenci\u00f3 de <strong>confirmar sobre la pista el favoritisme<\/strong> que li atorguen els n\u00fameros.<\/p>\n<p><script src=\"chrome-extension:\/\/flbolonkboilcbnohjlchlfgdalomdpl\/iFrame.js\" type=\"text\/javascript\"><\/script><\/p>\n<p><script src=\"chrome-extension:\/\/flbolonkboilcbnohjlchlfgdalomdpl\/iFrame.js\" type=\"text\/javascript\"><\/script><\/p>","protected":false},"excerpt":{"rendered":"<p>Finalizada la fase regular de la Liga Foster\u2019s Hollywood de 1\u00aa Divisi\u00f3n Masculina de baloncesto, el CB Ifach Calpe ya tiene definido su camino hacia el ascenso, que comenzar\u00e1 este domingo a las 19:00 horas en la pista del CB Mislata, en el pabell\u00f3n municipal \u201cEl Quint\u201d. El equipo dirigido por Kike Valle llega a [&#8230;]<\/p>\n<p><a class=\"btn btn-secondary understrap-read-more-link\" href=\"https:\/\/radiolitoral.com\/ca\/2026\/04\/el-cb-ifach-calpe-favorito-en-la-eliminatoria-ante-el-cb-mislata\/\">Continua llegint&#8230;<span class=\"screen-reader-text\"> from El CB Ifach Calpe favorito en la eliminatoria ante el CB Mislata<\/span><\/a><\/p>\n","protected":false},"author":12,"featured_media":20370,"comment_status":"open","ping_status":"closed","sticky":false,"template":"","format":"standard","meta":{"_acf_changed":false,"inline_featured_image":false,"footnotes":""},"categories":[5],"tags":[952,5287,6,2406],"class_list":["post-20369","post","type-post","status-publish","format-standard","has-post-thumbnail","hentry","category-deportes","tag-cb-ifach-calpe","tag-cb-mislata","tag-deportes","tag-kike-valle","cobertura-calp"],"acf":[],"yoast_head":"<!-- This site is optimized with the Yoast SEO plugin v27.5 - https:\/\/yoast.com\/product\/yoast-seo-wordpress\/ -->\n<title>El CB Ifach Calpe favorito en la eliminatoria ante el CB Mislata | R\u00e0dio Litoral<\/title>\n<meta name=\"description\" content=\"El combinado calpino inicia su camino hac\u00eda el ascenso en la pista valenciana con mucha confianza El combinado calpino inicia su camino hac\u00eda el ascenso en la pista valenciana con mucha confianza\" \/>\n<meta name=\"robots\" content=\"index, follow, max-snippet:-1, max-image-preview:large, max-video-preview:-1\" \/>\n<link rel=\"canonical\" href=\"https:\/\/radiolitoral.com\/ca\/2026\/04\/el-cb-ifach-calp-favorit-a-leliminatoria-davant-el-cb-mislata\/\" \/>\n<meta property=\"og:locale\" content=\"ca_ES\" \/>\n<meta property=\"og:type\" content=\"article\" \/>\n<meta property=\"og:title\" content=\"El CB Ifach Calpe favorito en la eliminatoria ante el CB Mislata | R\u00e0dio Litoral\" \/>\n<meta property=\"og:description\" content=\"El combinado calpino inicia su camino hac\u00eda el ascenso en la pista valenciana con mucha confianza El combinado calpino inicia su camino hac\u00eda el ascenso en la pista valenciana con mucha confianza\" \/>\n<meta property=\"og:url\" content=\"https:\/\/radiolitoral.com\/ca\/2026\/04\/el-cb-ifach-calp-favorit-a-leliminatoria-davant-el-cb-mislata\/\" \/>\n<meta property=\"og:site_name\" content=\"R\u00e0dio Litoral\" \/>\n<meta property=\"article:publisher\" content=\"https:\/\/www.facebook.com\/Laradiolitoral\/\" \/>\n<meta property=\"article:published_time\" content=\"2026-04-30T09:24:29+00:00\" \/>\n<meta property=\"og:image\" content=\"https:\/\/media.radiolitoral.com\/wp-content\/uploads\/2026\/04\/29131716\/Imagen-de-WhatsApp-2025-10-19-a-las-20.42.37_2dd3a965.jpg\" \/>\n\t<meta property=\"og:image:width\" content=\"1600\" \/>\n\t<meta property=\"og:image:height\" content=\"1066\" \/>\n\t<meta property=\"og:image:type\" content=\"image\/jpeg\" \/>\n<meta name=\"author\" content=\"Javier Zamora\" \/>\n<meta name=\"twitter:card\" content=\"summary_large_image\" \/>\n<meta name=\"twitter:label1\" content=\"Escrit per\" \/>\n\t<meta name=\"twitter:data1\" content=\"Javier Zamora\" \/>\n\t<meta name=\"twitter:label2\" content=\"Temps estimat de lectura\" \/>\n\t<meta name=\"twitter:data2\" content=\"2 minuts\" \/>\n<script type=\"application\/ld+json\" class=\"yoast-schema-graph\">{\"@context\":\"https:\\\/\\\/schema.org\",\"@graph\":[{\"@type\":\"NewsArticle\",\"@id\":\"https:\\\/\\\/radiolitoral.com\\\/2026\\\/04\\\/el-cb-ifach-calpe-favorito-en-la-eliminatoria-ante-el-cb-mislata\\\/#article\",\"isPartOf\":{\"@id\":\"https:\\\/\\\/radiolitoral.com\\\/2026\\\/04\\\/el-cb-ifach-calpe-favorito-en-la-eliminatoria-ante-el-cb-mislata\\\/\"},\"author\":{\"name\":\"Javier Zamora\",\"@id\":\"https:\\\/\\\/radiolitoral.com\\\/#\\\/schema\\\/person\\\/7b1480b5caeb5acdd4ec6379caf62b22\"},\"headline\":\"El CB Ifach Calpe favorito en la eliminatoria ante el CB Mislata\",\"datePublished\":\"2026-04-30T09:24:29+00:00\",\"mainEntityOfPage\":{\"@id\":\"https:\\\/\\\/radiolitoral.com\\\/2026\\\/04\\\/el-cb-ifach-calpe-favorito-en-la-eliminatoria-ante-el-cb-mislata\\\/\"},\"wordCount\":256,\"commentCount\":0,\"publisher\":{\"@id\":\"https:\\\/\\\/radiolitoral.com\\\/#organization\"},\"image\":{\"@id\":\"https:\\\/\\\/radiolitoral.com\\\/2026\\\/04\\\/el-cb-ifach-calpe-favorito-en-la-eliminatoria-ante-el-cb-mislata\\\/#primaryimage\"},\"thumbnailUrl\":\"https:\\\/\\\/media.radiolitoral.com\\\/wp-content\\\/uploads\\\/2026\\\/04\\\/29131716\\\/Imagen-de-WhatsApp-2025-10-19-a-las-20.42.37_2dd3a965.jpg\",\"keywords\":[\"CB Ifach Calpe\",\"CB Mislata\",\"deportes\",\"Kike\u00a0Valle\"],\"articleSection\":[\"Deportes\"],\"inLanguage\":\"ca\",\"potentialAction\":[{\"@type\":\"CommentAction\",\"name\":\"Comment\",\"target\":[\"https:\\\/\\\/radiolitoral.com\\\/2026\\\/04\\\/el-cb-ifach-calpe-favorito-en-la-eliminatoria-ante-el-cb-mislata\\\/#respond\"]}]},{\"@type\":[\"WebPage\",\"ItemPage\"],\"@id\":\"https:\\\/\\\/radiolitoral.com\\\/2026\\\/04\\\/el-cb-ifach-calpe-favorito-en-la-eliminatoria-ante-el-cb-mislata\\\/\",\"url\":\"https:\\\/\\\/radiolitoral.com\\\/2026\\\/04\\\/el-cb-ifach-calpe-favorito-en-la-eliminatoria-ante-el-cb-mislata\\\/\",\"name\":\"El CB Ifach Calpe favorito en la eliminatoria ante el CB Mislata | R\u00e0dio Litoral\",\"isPartOf\":{\"@id\":\"https:\\\/\\\/radiolitoral.com\\\/#website\"},\"primaryImageOfPage\":{\"@id\":\"https:\\\/\\\/radiolitoral.com\\\/2026\\\/04\\\/el-cb-ifach-calpe-favorito-en-la-eliminatoria-ante-el-cb-mislata\\\/#primaryimage\"},\"image\":{\"@id\":\"https:\\\/\\\/radiolitoral.com\\\/2026\\\/04\\\/el-cb-ifach-calpe-favorito-en-la-eliminatoria-ante-el-cb-mislata\\\/#primaryimage\"},\"thumbnailUrl\":\"https:\\\/\\\/media.radiolitoral.com\\\/wp-content\\\/uploads\\\/2026\\\/04\\\/29131716\\\/Imagen-de-WhatsApp-2025-10-19-a-las-20.42.37_2dd3a965.jpg\",\"datePublished\":\"2026-04-30T09:24:29+00:00\",\"description\":\"El combinado calpino inicia su camino hac\u00eda el ascenso en la pista valenciana con mucha confianza El combinado calpino inicia su camino hac\u00eda el ascenso en la pista valenciana con mucha confianza\",\"breadcrumb\":{\"@id\":\"https:\\\/\\\/radiolitoral.com\\\/2026\\\/04\\\/el-cb-ifach-calpe-favorito-en-la-eliminatoria-ante-el-cb-mislata\\\/#breadcrumb\"},\"inLanguage\":\"ca\",\"potentialAction\":[{\"@type\":\"ReadAction\",\"target\":[\"https:\\\/\\\/radiolitoral.com\\\/2026\\\/04\\\/el-cb-ifach-calpe-favorito-en-la-eliminatoria-ante-el-cb-mislata\\\/\"]}]},{\"@type\":\"ImageObject\",\"inLanguage\":\"ca\",\"@id\":\"https:\\\/\\\/radiolitoral.com\\\/2026\\\/04\\\/el-cb-ifach-calpe-favorito-en-la-eliminatoria-ante-el-cb-mislata\\\/#primaryimage\",\"url\":\"https:\\\/\\\/media.radiolitoral.com\\\/wp-content\\\/uploads\\\/2026\\\/04\\\/29131716\\\/Imagen-de-WhatsApp-2025-10-19-a-las-20.42.37_2dd3a965.jpg\",\"contentUrl\":\"https:\\\/\\\/media.radiolitoral.com\\\/wp-content\\\/uploads\\\/2026\\\/04\\\/29131716\\\/Imagen-de-WhatsApp-2025-10-19-a-las-20.42.37_2dd3a965.jpg\",\"width\":1600,\"height\":1066},{\"@type\":\"BreadcrumbList\",\"@id\":\"https:\\\/\\\/radiolitoral.com\\\/2026\\\/04\\\/el-cb-ifach-calpe-favorito-en-la-eliminatoria-ante-el-cb-mislata\\\/#breadcrumb\",\"itemListElement\":[{\"@type\":\"ListItem\",\"position\":1,\"name\":\"Portada\",\"item\":\"https:\\\/\\\/radiolitoral.com\\\/\"},{\"@type\":\"ListItem\",\"position\":2,\"name\":\"El CB Ifach Calpe favorito en la eliminatoria ante el CB Mislata\"}]},{\"@type\":\"WebSite\",\"@id\":\"https:\\\/\\\/radiolitoral.com\\\/#website\",\"url\":\"https:\\\/\\\/radiolitoral.com\\\/\",\"name\":\"Radio Litoral\",\"description\":\"La radio local de la Marina Alta\",\"publisher\":{\"@id\":\"https:\\\/\\\/radiolitoral.com\\\/#organization\"},\"alternateName\":\"Litoral FM\",\"potentialAction\":[{\"@type\":\"SearchAction\",\"target\":{\"@type\":\"EntryPoint\",\"urlTemplate\":\"https:\\\/\\\/radiolitoral.com\\\/?s={search_term_string}\"},\"query-input\":{\"@type\":\"PropertyValueSpecification\",\"valueRequired\":true,\"valueName\":\"search_term_string\"}}],\"inLanguage\":\"ca\"},{\"@type\":\"Organization\",\"@id\":\"https:\\\/\\\/radiolitoral.com\\\/#organization\",\"name\":\"Radio Litoral\",\"url\":\"https:\\\/\\\/radiolitoral.com\\\/\",\"logo\":{\"@type\":\"ImageObject\",\"inLanguage\":\"ca\",\"@id\":\"https:\\\/\\\/radiolitoral.com\\\/#\\\/schema\\\/logo\\\/image\\\/\",\"url\":\"https:\\\/\\\/media.radiolitoral.com\\\/wp-content\\\/uploads\\\/2023\\\/02\\\/24143238\\\/CL-V-RadioLitoral696.png\",\"contentUrl\":\"https:\\\/\\\/media.radiolitoral.com\\\/wp-content\\\/uploads\\\/2023\\\/02\\\/24143238\\\/CL-V-RadioLitoral696.png\",\"width\":696,\"height\":696,\"caption\":\"Radio Litoral\"},\"image\":{\"@id\":\"https:\\\/\\\/radiolitoral.com\\\/#\\\/schema\\\/logo\\\/image\\\/\"},\"sameAs\":[\"https:\\\/\\\/www.facebook.com\\\/Laradiolitoral\\\/\"]},{\"@type\":\"Person\",\"@id\":\"https:\\\/\\\/radiolitoral.com\\\/#\\\/schema\\\/person\\\/7b1480b5caeb5acdd4ec6379caf62b22\",\"name\":\"Javier Zamora\",\"image\":{\"@type\":\"ImageObject\",\"inLanguage\":\"ca\",\"@id\":\"https:\\\/\\\/secure.gravatar.com\\\/avatar\\\/467a11f6918c7d619c4043fc6fa2d3853053107973f05b6e9c04ea6c4e3a7b3f?s=96&d=mm&r=g\",\"url\":\"https:\\\/\\\/secure.gravatar.com\\\/avatar\\\/467a11f6918c7d619c4043fc6fa2d3853053107973f05b6e9c04ea6c4e3a7b3f?s=96&d=mm&r=g\",\"contentUrl\":\"https:\\\/\\\/secure.gravatar.com\\\/avatar\\\/467a11f6918c7d619c4043fc6fa2d3853053107973f05b6e9c04ea6c4e3a7b3f?s=96&d=mm&r=g\",\"caption\":\"Javier Zamora\"},\"url\":\"https:\\\/\\\/radiolitoral.com\\\/ca\\\/author\\\/javier-zamora\\\/\"}]}<\/script>\n<!-- \/ Yoast SEO plugin. -->","yoast_head_json":{"title":"El CB Ifach Calp favorit a l&#039;eliminat\u00f2ria davant el CB Mislata | R\u00e0dio Litoral","description":"El combinat calp\u00ed inicia el cam\u00ed cap a l&#039;ascens a la pista valenciana amb molta confian\u00e7a El combinat calp\u00ed inicia el cam\u00ed cap a l&#039;ascens a la pista valenciana amb molta confian\u00e7a","robots":{"index":"index","follow":"follow","max-snippet":"max-snippet:-1","max-image-preview":"max-image-preview:large","max-video-preview":"max-video-preview:-1"},"canonical":"https:\/\/radiolitoral.com\/ca\/2026\/04\/el-cb-ifach-calp-favorit-a-leliminatoria-davant-el-cb-mislata\/","og_locale":"ca_ES","og_type":"article","og_title":"El CB Ifach Calpe favorito en la eliminatoria ante el CB Mislata | R\u00e0dio Litoral","og_description":"El combinado calpino inicia su camino hac\u00eda el ascenso en la pista valenciana con mucha confianza El combinado calpino inicia su camino hac\u00eda el ascenso en la pista valenciana con mucha confianza","og_url":"https:\/\/radiolitoral.com\/ca\/2026\/04\/el-cb-ifach-calp-favorit-a-leliminatoria-davant-el-cb-mislata\/","og_site_name":"R\u00e0dio Litoral","article_publisher":"https:\/\/www.facebook.com\/Laradiolitoral\/","article_published_time":"2026-04-30T09:24:29+00:00","og_image":[{"width":1600,"height":1066,"url":"https:\/\/media.radiolitoral.com\/wp-content\/uploads\/2026\/04\/29131716\/Imagen-de-WhatsApp-2025-10-19-a-las-20.42.37_2dd3a965.jpg","type":"image\/jpeg"}],"author":"Javier Zamora","twitter_card":"summary_large_image","twitter_misc":{"Escrit per":"Javier Zamora","Temps estimat de lectura":"2 minuts"},"schema":{"@context":"https:\/\/schema.org","@graph":[{"@type":"NewsArticle","@id":"https:\/\/radiolitoral.com\/2026\/04\/el-cb-ifach-calpe-favorito-en-la-eliminatoria-ante-el-cb-mislata\/#article","isPartOf":{"@id":"https:\/\/radiolitoral.com\/2026\/04\/el-cb-ifach-calpe-favorito-en-la-eliminatoria-ante-el-cb-mislata\/"},"author":{"name":"Javier Zamora","@id":"https:\/\/radiolitoral.com\/#\/schema\/person\/7b1480b5caeb5acdd4ec6379caf62b22"},"headline":"El CB Ifach Calpe favorito en la eliminatoria ante el CB Mislata","datePublished":"2026-04-30T09:24:29+00:00","mainEntityOfPage":{"@id":"https:\/\/radiolitoral.com\/2026\/04\/el-cb-ifach-calpe-favorito-en-la-eliminatoria-ante-el-cb-mislata\/"},"wordCount":256,"commentCount":0,"publisher":{"@id":"https:\/\/radiolitoral.com\/#organization"},"image":{"@id":"https:\/\/radiolitoral.com\/2026\/04\/el-cb-ifach-calpe-favorito-en-la-eliminatoria-ante-el-cb-mislata\/#primaryimage"},"thumbnailUrl":"https:\/\/media.radiolitoral.com\/wp-content\/uploads\/2026\/04\/29131716\/Imagen-de-WhatsApp-2025-10-19-a-las-20.42.37_2dd3a965.jpg","keywords":["CB Ifach Calpe","CB Mislata","deportes","Kike\u00a0Valle"],"articleSection":["Deportes"],"inLanguage":"ca","potentialAction":[{"@type":"CommentAction","name":"Comment","target":["https:\/\/radiolitoral.com\/2026\/04\/el-cb-ifach-calpe-favorito-en-la-eliminatoria-ante-el-cb-mislata\/#respond"]}]},{"@type":["WebPage","ItemPage"],"@id":"https:\/\/radiolitoral.com\/2026\/04\/el-cb-ifach-calpe-favorito-en-la-eliminatoria-ante-el-cb-mislata\/","url":"https:\/\/radiolitoral.com\/2026\/04\/el-cb-ifach-calpe-favorito-en-la-eliminatoria-ante-el-cb-mislata\/","name":"El CB Ifach Calp favorit a l&#039;eliminat\u00f2ria davant el CB Mislata | R\u00e0dio Litoral","isPartOf":{"@id":"https:\/\/radiolitoral.com\/#website"},"primaryImageOfPage":{"@id":"https:\/\/radiolitoral.com\/2026\/04\/el-cb-ifach-calpe-favorito-en-la-eliminatoria-ante-el-cb-mislata\/#primaryimage"},"image":{"@id":"https:\/\/radiolitoral.com\/2026\/04\/el-cb-ifach-calpe-favorito-en-la-eliminatoria-ante-el-cb-mislata\/#primaryimage"},"thumbnailUrl":"https:\/\/media.radiolitoral.com\/wp-content\/uploads\/2026\/04\/29131716\/Imagen-de-WhatsApp-2025-10-19-a-las-20.42.37_2dd3a965.jpg","datePublished":"2026-04-30T09:24:29+00:00","description":"El combinat calp\u00ed inicia el cam\u00ed cap a l&#039;ascens a la pista valenciana amb molta confian\u00e7a El combinat calp\u00ed inicia el cam\u00ed cap a l&#039;ascens a la pista valenciana amb molta confian\u00e7a","breadcrumb":{"@id":"https:\/\/radiolitoral.com\/2026\/04\/el-cb-ifach-calpe-favorito-en-la-eliminatoria-ante-el-cb-mislata\/#breadcrumb"},"inLanguage":"ca","potentialAction":[{"@type":"ReadAction","target":["https:\/\/radiolitoral.com\/2026\/04\/el-cb-ifach-calpe-favorito-en-la-eliminatoria-ante-el-cb-mislata\/"]}]},{"@type":"ImageObject","inLanguage":"ca","@id":"https:\/\/radiolitoral.com\/2026\/04\/el-cb-ifach-calpe-favorito-en-la-eliminatoria-ante-el-cb-mislata\/#primaryimage","url":"https:\/\/media.radiolitoral.com\/wp-content\/uploads\/2026\/04\/29131716\/Imagen-de-WhatsApp-2025-10-19-a-las-20.42.37_2dd3a965.jpg","contentUrl":"https:\/\/media.radiolitoral.com\/wp-content\/uploads\/2026\/04\/29131716\/Imagen-de-WhatsApp-2025-10-19-a-las-20.42.37_2dd3a965.jpg","width":1600,"height":1066},{"@type":"BreadcrumbList","@id":"https:\/\/radiolitoral.com\/2026\/04\/el-cb-ifach-calpe-favorito-en-la-eliminatoria-ante-el-cb-mislata\/#breadcrumb","itemListElement":[{"@type":"ListItem","position":1,"name":"Portada","item":"https:\/\/radiolitoral.com\/"},{"@type":"ListItem","position":2,"name":"El CB Ifach Calpe favorito en la eliminatoria ante el CB Mislata"}]},{"@type":"WebSite","@id":"https:\/\/radiolitoral.com\/#website","url":"https:\/\/radiolitoral.com\/","name":"R\u00e0dio Litoral","description":"La r\u00e0dio local de la Marina Alta","publisher":{"@id":"https:\/\/radiolitoral.com\/#organization"},"alternateName":"Litoral FM","potentialAction":[{"@type":"SearchAction","target":{"@type":"EntryPoint","urlTemplate":"https:\/\/radiolitoral.com\/?s={search_term_string}"},"query-input":{"@type":"PropertyValueSpecification","valueRequired":true,"valueName":"search_term_string"}}],"inLanguage":"ca"},{"@type":"Organization","@id":"https:\/\/radiolitoral.com\/#organization","name":"R\u00e0dio Litoral","url":"https:\/\/radiolitoral.com\/","logo":{"@type":"ImageObject","inLanguage":"ca","@id":"https:\/\/radiolitoral.com\/#\/schema\/logo\/image\/","url":"https:\/\/media.radiolitoral.com\/wp-content\/uploads\/2023\/02\/24143238\/CL-V-RadioLitoral696.png","contentUrl":"https:\/\/media.radiolitoral.com\/wp-content\/uploads\/2023\/02\/24143238\/CL-V-RadioLitoral696.png","width":696,"height":696,"caption":"Radio Litoral"},"image":{"@id":"https:\/\/radiolitoral.com\/#\/schema\/logo\/image\/"},"sameAs":["https:\/\/www.facebook.com\/Laradiolitoral\/"]},{"@type":"Person","@id":"https:\/\/radiolitoral.com\/#\/schema\/person\/7b1480b5caeb5acdd4ec6379caf62b22","name":"Javier Zamora","image":{"@type":"ImageObject","inLanguage":"ca","@id":"https:\/\/secure.gravatar.com\/avatar\/467a11f6918c7d619c4043fc6fa2d3853053107973f05b6e9c04ea6c4e3a7b3f?s=96&d=mm&r=g","url":"https:\/\/secure.gravatar.com\/avatar\/467a11f6918c7d619c4043fc6fa2d3853053107973f05b6e9c04ea6c4e3a7b3f?s=96&d=mm&r=g","contentUrl":"https:\/\/secure.gravatar.com\/avatar\/467a11f6918c7d619c4043fc6fa2d3853053107973f05b6e9c04ea6c4e3a7b3f?s=96&d=mm&r=g","caption":"Javier Zamora"},"url":"https:\/\/radiolitoral.com\/ca\/author\/javier-zamora\/"}]}},"_links":{"self":[{"href":"https:\/\/radiolitoral.com\/ca\/wp-json\/wp\/v2\/posts\/20369","targetHints":{"allow":["GET"]}}],"collection":[{"href":"https:\/\/radiolitoral.com\/ca\/wp-json\/wp\/v2\/posts"}],"about":[{"href":"https:\/\/radiolitoral.com\/ca\/wp-json\/wp\/v2\/types\/post"}],"author":[{"embeddable":true,"href":"https:\/\/radiolitoral.com\/ca\/wp-json\/wp\/v2\/users\/12"}],"replies":[{"embeddable":true,"href":"https:\/\/radiolitoral.com\/ca\/wp-json\/wp\/v2\/comments?post=20369"}],"version-history":[{"count":3,"href":"https:\/\/radiolitoral.com\/ca\/wp-json\/wp\/v2\/posts\/20369\/revisions"}],"predecessor-version":[{"id":20385,"href":"https:\/\/radiolitoral.com\/ca\/wp-json\/wp\/v2\/posts\/20369\/revisions\/20385"}],"wp:featuredmedia":[{"embeddable":true,"href":"https:\/\/radiolitoral.com\/ca\/wp-json\/wp\/v2\/media\/20370"}],"wp:attachment":[{"href":"https:\/\/radiolitoral.com\/ca\/wp-json\/wp\/v2\/media?parent=20369"}],"wp:term":[{"taxonomy":"category","embeddable":true,"href":"https:\/\/radiolitoral.com\/ca\/wp-json\/wp\/v2\/categories?post=20369"},{"taxonomy":"post_tag","embeddable":true,"href":"https:\/\/radiolitoral.com\/ca\/wp-json\/wp\/v2\/tags?post=20369"}],"curies":[{"name":"wp","href":"https:\/\/api.w.org\/{rel}","templated":true}]}}