{"id":20365,"date":"2026-04-28T10:07:37","date_gmt":"2026-04-28T08:07:37","guid":{"rendered":"https:\/\/radiolitoral.com\/?p=20365"},"modified":"2026-04-28T10:07:37","modified_gmt":"2026-04-28T08:07:37","slug":"victoria-sense-pal%c2%b7liatius-del-cb-ifach-calp-a-la-vila","status":"publish","type":"post","link":"https:\/\/radiolitoral.com\/ca\/2026\/04\/victoria-sin-paliativos-del-cb-ifach-calpe-en-la-vila\/","title":{"rendered":"Vict\u00f2ria sense pal\u00b7liatius del CB Ifach Calp a La Vila"},"content":{"rendered":"<p>El <strong>CB Ifach Calp<\/strong> va posar el colof\u00f3 a la <strong>lliga regular<\/strong> a la <strong>Lliga Foster&#039;s Hollywood<\/strong> amb una s\u00f2lida vict\u00f2ria a la pista del <strong>CB La Vila per 62-95<\/strong>, confirmant el seu bon moment de cara a la fase decisiva de la temporada.<\/p>\n<p>L&#039;equip dirigit per <strong>Kike Valle<\/strong> va deixar clares les seves intencions des del salt inicial, amb una <strong>defensa intensa<\/strong> que va provocar nombrosos errors al conjunt local. A aix\u00f2 es va sumar un gran encert en el tir exterior, cosa que va permetre als calpins signar un espectacular primer quart amb un parcial de <strong>6-27<\/strong>.<\/p>\n<p>En el segon per\u00edode, el <strong>CB La Vila<\/strong> va millorar en atac i va aconseguir equilibrar una mica el joc, per\u00f2 el Calp va saber mantenir el control del matx sense veure perillar el seu avantatge. Al descans, el marcador reflectia una clariana <strong>24-46<\/strong> per als visitants.<\/p>\n<p>Despr\u00e9s del pas per vestidors, el partit va entrar en una fase m\u00e9s pausada. El <strong>CB Ifach Calp<\/strong> va baixar lleugerament la intensitat defensiva, encara que va mantenir el domini del joc en tot moment. Els locals van intentar reduir difer\u00e8ncies, per\u00f2 la renda acumulada va ser insalvable, tancant-se la trobada amb una difer\u00e8ncia superior als <strong>30 punts<\/strong>.<\/p>\n<p>El jugador m\u00e9s destacat del conjunt calp\u00ed va ser <strong>Daniel Kabeya<\/strong>, que va signar una gran actuaci\u00f3 amb <strong>18 punts<\/strong> i <strong>24 de valoraci\u00f3<\/strong>, liderant l&#039;equip a l&#039;apartat ofensiu.<\/p>\n<h2>Preparant el playoff<\/h2>\n<p>El t\u00e8cnic <strong>Kike Valle<\/strong> va aprofitar la trobada per <strong>dosificar esfor\u00e7os<\/strong>, deixant fora de la convocat\u00f2ria a <strong>Ximo Crespo<\/strong>, pe\u00e7a clau de l&#039;equip, amb l&#039;objectiu que arribi en plenes condicions al <strong>playoff<\/strong>.<\/p>\n<p>El <strong>CB Ifach Calp<\/strong> ja t\u00e9 la vista posada a l&#039;inici de la fase d&#039;ascens, on es mesurar\u00e0 aquest cap de setmana al <strong>CB Mislata<\/strong> al primer partit de l&#039;eliminat\u00f2ria.<\/p>\n<p><script src=\"chrome-extension:\/\/flbolonkboilcbnohjlchlfgdalomdpl\/iFrame.js\" type=\"text\/javascript\"><\/script><\/p>","protected":false},"excerpt":{"rendered":"<p>El CB Ifach Calpe puso el broche a la liga regular en la Liga Foster\u2019s Hollywood con una s\u00f3lida victoria en la pista del CB La Vila por 62-95, confirmando su buen momento de forma de cara a la fase decisiva de la temporada. El equipo dirigido por Kike Valle dej\u00f3 claras sus intenciones desde [&#8230;]<\/p>\n<p><a class=\"btn btn-secondary understrap-read-more-link\" href=\"https:\/\/radiolitoral.com\/ca\/2026\/04\/victoria-sin-paliativos-del-cb-ifach-calpe-en-la-vila\/\">Continua llegint&#8230;<span class=\"screen-reader-text\"> from Victoria sin paliativos del CB Ifach Calpe en La Vila<\/span><\/a><\/p>\n","protected":false},"author":12,"featured_media":20366,"comment_status":"open","ping_status":"closed","sticky":false,"template":"","format":"standard","meta":{"_acf_changed":false,"inline_featured_image":false,"footnotes":""},"categories":[5],"tags":[952,2410,6,5267],"class_list":["post-20365","post","type-post","status-publish","format-standard","has-post-thumbnail","hentry","category-deportes","tag-cb-ifach-calpe","tag-cb-la-vila","tag-deportes","tag-liga-fosters-hollywood-de-primera-nacional","cobertura-calp"],"acf":[],"yoast_head":"<!-- This site is optimized with the Yoast SEO plugin v27.4 - https:\/\/yoast.com\/product\/yoast-seo-wordpress\/ -->\n<title>Victoria sin paliativos del CB Ifach Calpe en La Vila | R\u00e0dio Litoral<\/title>\n<meta name=\"description\" content=\"Los verdiblancos superaron 62 a 95 en un partido que dominaron desde el salto inicialLos verdiblancos superaron 62 a 95 en un partido que dominaron desde el salto inicial\" \/>\n<meta name=\"robots\" content=\"index, follow, max-snippet:-1, max-image-preview:large, max-video-preview:-1\" \/>\n<link rel=\"canonical\" href=\"https:\/\/radiolitoral.com\/ca\/2026\/04\/victoria-sense-pal\u00b7liatius-del-cb-ifach-calp-a-la-vila\/\" \/>\n<meta property=\"og:locale\" content=\"ca_ES\" \/>\n<meta property=\"og:type\" content=\"article\" \/>\n<meta property=\"og:title\" content=\"Victoria sin paliativos del CB Ifach Calpe en La Vila | R\u00e0dio Litoral\" \/>\n<meta property=\"og:description\" content=\"Los verdiblancos superaron 62 a 95 en un partido que dominaron desde el salto inicialLos verdiblancos superaron 62 a 95 en un partido que dominaron desde el salto inicial\" \/>\n<meta property=\"og:url\" content=\"https:\/\/radiolitoral.com\/ca\/2026\/04\/victoria-sense-pal\u00b7liatius-del-cb-ifach-calp-a-la-vila\/\" \/>\n<meta property=\"og:site_name\" content=\"R\u00e0dio Litoral\" \/>\n<meta property=\"article:publisher\" content=\"https:\/\/www.facebook.com\/Laradiolitoral\/\" \/>\n<meta property=\"article:published_time\" content=\"2026-04-28T08:07:37+00:00\" \/>\n<meta property=\"og:image\" content=\"https:\/\/media.radiolitoral.com\/wp-content\/uploads\/2026\/04\/28100645\/662330053_18585928834049626_9056328545741593050_n.jpg\" \/>\n\t<meta property=\"og:image:width\" content=\"1230\" \/>\n\t<meta property=\"og:image:height\" content=\"828\" \/>\n\t<meta property=\"og:image:type\" content=\"image\/jpeg\" \/>\n<meta name=\"author\" content=\"Javier Zamora\" \/>\n<meta name=\"twitter:card\" content=\"summary_large_image\" \/>\n<meta name=\"twitter:label1\" content=\"Escrit per\" \/>\n\t<meta name=\"twitter:data1\" content=\"Javier Zamora\" \/>\n\t<meta name=\"twitter:label2\" content=\"Temps estimat de lectura\" \/>\n\t<meta name=\"twitter:data2\" content=\"2 minuts\" \/>\n<script type=\"application\/ld+json\" class=\"yoast-schema-graph\">{\"@context\":\"https:\\\/\\\/schema.org\",\"@graph\":[{\"@type\":\"NewsArticle\",\"@id\":\"https:\\\/\\\/radiolitoral.com\\\/2026\\\/04\\\/victoria-sin-paliativos-del-cb-ifach-calpe-en-la-vila\\\/#article\",\"isPartOf\":{\"@id\":\"https:\\\/\\\/radiolitoral.com\\\/2026\\\/04\\\/victoria-sin-paliativos-del-cb-ifach-calpe-en-la-vila\\\/\"},\"author\":{\"name\":\"Javier Zamora\",\"@id\":\"https:\\\/\\\/radiolitoral.com\\\/#\\\/schema\\\/person\\\/7b1480b5caeb5acdd4ec6379caf62b22\"},\"headline\":\"Victoria sin paliativos del CB Ifach Calpe en La Vila\",\"datePublished\":\"2026-04-28T08:07:37+00:00\",\"mainEntityOfPage\":{\"@id\":\"https:\\\/\\\/radiolitoral.com\\\/2026\\\/04\\\/victoria-sin-paliativos-del-cb-ifach-calpe-en-la-vila\\\/\"},\"wordCount\":306,\"commentCount\":0,\"publisher\":{\"@id\":\"https:\\\/\\\/radiolitoral.com\\\/#organization\"},\"image\":{\"@id\":\"https:\\\/\\\/radiolitoral.com\\\/2026\\\/04\\\/victoria-sin-paliativos-del-cb-ifach-calpe-en-la-vila\\\/#primaryimage\"},\"thumbnailUrl\":\"https:\\\/\\\/media.radiolitoral.com\\\/wp-content\\\/uploads\\\/2026\\\/04\\\/28100645\\\/662330053_18585928834049626_9056328545741593050_n.jpg\",\"keywords\":[\"CB Ifach Calpe\",\"CB\u00a0La Vila\",\"deportes\",\"Liga Foster\u2019s Hollywood de Primera Nacional\"],\"articleSection\":[\"Deportes\"],\"inLanguage\":\"ca\",\"potentialAction\":[{\"@type\":\"CommentAction\",\"name\":\"Comment\",\"target\":[\"https:\\\/\\\/radiolitoral.com\\\/2026\\\/04\\\/victoria-sin-paliativos-del-cb-ifach-calpe-en-la-vila\\\/#respond\"]}]},{\"@type\":[\"WebPage\",\"ItemPage\"],\"@id\":\"https:\\\/\\\/radiolitoral.com\\\/2026\\\/04\\\/victoria-sin-paliativos-del-cb-ifach-calpe-en-la-vila\\\/\",\"url\":\"https:\\\/\\\/radiolitoral.com\\\/2026\\\/04\\\/victoria-sin-paliativos-del-cb-ifach-calpe-en-la-vila\\\/\",\"name\":\"Victoria sin paliativos del CB Ifach Calpe en La Vila | R\u00e0dio Litoral\",\"isPartOf\":{\"@id\":\"https:\\\/\\\/radiolitoral.com\\\/#website\"},\"primaryImageOfPage\":{\"@id\":\"https:\\\/\\\/radiolitoral.com\\\/2026\\\/04\\\/victoria-sin-paliativos-del-cb-ifach-calpe-en-la-vila\\\/#primaryimage\"},\"image\":{\"@id\":\"https:\\\/\\\/radiolitoral.com\\\/2026\\\/04\\\/victoria-sin-paliativos-del-cb-ifach-calpe-en-la-vila\\\/#primaryimage\"},\"thumbnailUrl\":\"https:\\\/\\\/media.radiolitoral.com\\\/wp-content\\\/uploads\\\/2026\\\/04\\\/28100645\\\/662330053_18585928834049626_9056328545741593050_n.jpg\",\"datePublished\":\"2026-04-28T08:07:37+00:00\",\"description\":\"Los verdiblancos superaron 62 a 95 en un partido que dominaron desde el salto inicialLos verdiblancos superaron 62 a 95 en un partido que dominaron desde el salto inicial\",\"breadcrumb\":{\"@id\":\"https:\\\/\\\/radiolitoral.com\\\/2026\\\/04\\\/victoria-sin-paliativos-del-cb-ifach-calpe-en-la-vila\\\/#breadcrumb\"},\"inLanguage\":\"ca\",\"potentialAction\":[{\"@type\":\"ReadAction\",\"target\":[\"https:\\\/\\\/radiolitoral.com\\\/2026\\\/04\\\/victoria-sin-paliativos-del-cb-ifach-calpe-en-la-vila\\\/\"]}]},{\"@type\":\"ImageObject\",\"inLanguage\":\"ca\",\"@id\":\"https:\\\/\\\/radiolitoral.com\\\/2026\\\/04\\\/victoria-sin-paliativos-del-cb-ifach-calpe-en-la-vila\\\/#primaryimage\",\"url\":\"https:\\\/\\\/media.radiolitoral.com\\\/wp-content\\\/uploads\\\/2026\\\/04\\\/28100645\\\/662330053_18585928834049626_9056328545741593050_n.jpg\",\"contentUrl\":\"https:\\\/\\\/media.radiolitoral.com\\\/wp-content\\\/uploads\\\/2026\\\/04\\\/28100645\\\/662330053_18585928834049626_9056328545741593050_n.jpg\",\"width\":1230,\"height\":828},{\"@type\":\"BreadcrumbList\",\"@id\":\"https:\\\/\\\/radiolitoral.com\\\/2026\\\/04\\\/victoria-sin-paliativos-del-cb-ifach-calpe-en-la-vila\\\/#breadcrumb\",\"itemListElement\":[{\"@type\":\"ListItem\",\"position\":1,\"name\":\"Portada\",\"item\":\"https:\\\/\\\/radiolitoral.com\\\/\"},{\"@type\":\"ListItem\",\"position\":2,\"name\":\"Victoria sin paliativos del CB Ifach Calpe en La Vila\"}]},{\"@type\":\"WebSite\",\"@id\":\"https:\\\/\\\/radiolitoral.com\\\/#website\",\"url\":\"https:\\\/\\\/radiolitoral.com\\\/\",\"name\":\"Radio Litoral\",\"description\":\"La radio local de la Marina Alta\",\"publisher\":{\"@id\":\"https:\\\/\\\/radiolitoral.com\\\/#organization\"},\"alternateName\":\"Litoral FM\",\"potentialAction\":[{\"@type\":\"SearchAction\",\"target\":{\"@type\":\"EntryPoint\",\"urlTemplate\":\"https:\\\/\\\/radiolitoral.com\\\/?s={search_term_string}\"},\"query-input\":{\"@type\":\"PropertyValueSpecification\",\"valueRequired\":true,\"valueName\":\"search_term_string\"}}],\"inLanguage\":\"ca\"},{\"@type\":\"Organization\",\"@id\":\"https:\\\/\\\/radiolitoral.com\\\/#organization\",\"name\":\"Radio Litoral\",\"url\":\"https:\\\/\\\/radiolitoral.com\\\/\",\"logo\":{\"@type\":\"ImageObject\",\"inLanguage\":\"ca\",\"@id\":\"https:\\\/\\\/radiolitoral.com\\\/#\\\/schema\\\/logo\\\/image\\\/\",\"url\":\"https:\\\/\\\/media.radiolitoral.com\\\/wp-content\\\/uploads\\\/2023\\\/02\\\/24143238\\\/CL-V-RadioLitoral696.png\",\"contentUrl\":\"https:\\\/\\\/media.radiolitoral.com\\\/wp-content\\\/uploads\\\/2023\\\/02\\\/24143238\\\/CL-V-RadioLitoral696.png\",\"width\":696,\"height\":696,\"caption\":\"Radio Litoral\"},\"image\":{\"@id\":\"https:\\\/\\\/radiolitoral.com\\\/#\\\/schema\\\/logo\\\/image\\\/\"},\"sameAs\":[\"https:\\\/\\\/www.facebook.com\\\/Laradiolitoral\\\/\"]},{\"@type\":\"Person\",\"@id\":\"https:\\\/\\\/radiolitoral.com\\\/#\\\/schema\\\/person\\\/7b1480b5caeb5acdd4ec6379caf62b22\",\"name\":\"Javier Zamora\",\"image\":{\"@type\":\"ImageObject\",\"inLanguage\":\"ca\",\"@id\":\"https:\\\/\\\/secure.gravatar.com\\\/avatar\\\/467a11f6918c7d619c4043fc6fa2d3853053107973f05b6e9c04ea6c4e3a7b3f?s=96&d=mm&r=g\",\"url\":\"https:\\\/\\\/secure.gravatar.com\\\/avatar\\\/467a11f6918c7d619c4043fc6fa2d3853053107973f05b6e9c04ea6c4e3a7b3f?s=96&d=mm&r=g\",\"contentUrl\":\"https:\\\/\\\/secure.gravatar.com\\\/avatar\\\/467a11f6918c7d619c4043fc6fa2d3853053107973f05b6e9c04ea6c4e3a7b3f?s=96&d=mm&r=g\",\"caption\":\"Javier Zamora\"},\"url\":\"https:\\\/\\\/radiolitoral.com\\\/ca\\\/author\\\/javier-zamora\\\/\"}]}<\/script>\n<!-- \/ Yoast SEO plugin. -->","yoast_head_json":{"title":"Vict\u00f2ria sense pal\u00b7liatius del CB Ifach Calp a La Vila | R\u00e0dio Litoral","description":"Els verd-i-blancs van superar 62 a 95 en un partit que van dominar des del salt inicialEls verd-i-blancs van superar 62 a 95 en un partit que van dominar des del salt inicial","robots":{"index":"index","follow":"follow","max-snippet":"max-snippet:-1","max-image-preview":"max-image-preview:large","max-video-preview":"max-video-preview:-1"},"canonical":"https:\/\/radiolitoral.com\/ca\/2026\/04\/victoria-sense-pal\u00b7liatius-del-cb-ifach-calp-a-la-vila\/","og_locale":"ca_ES","og_type":"article","og_title":"Victoria sin paliativos del CB Ifach Calpe en La Vila | R\u00e0dio Litoral","og_description":"Los verdiblancos superaron 62 a 95 en un partido que dominaron desde el salto inicialLos verdiblancos superaron 62 a 95 en un partido que dominaron desde el salto inicial","og_url":"https:\/\/radiolitoral.com\/ca\/2026\/04\/victoria-sense-pal\u00b7liatius-del-cb-ifach-calp-a-la-vila\/","og_site_name":"R\u00e0dio Litoral","article_publisher":"https:\/\/www.facebook.com\/Laradiolitoral\/","article_published_time":"2026-04-28T08:07:37+00:00","og_image":[{"width":1230,"height":828,"url":"https:\/\/media.radiolitoral.com\/wp-content\/uploads\/2026\/04\/28100645\/662330053_18585928834049626_9056328545741593050_n.jpg","type":"image\/jpeg"}],"author":"Javier Zamora","twitter_card":"summary_large_image","twitter_misc":{"Escrit per":"Javier Zamora","Temps estimat de lectura":"2 minuts"},"schema":{"@context":"https:\/\/schema.org","@graph":[{"@type":"NewsArticle","@id":"https:\/\/radiolitoral.com\/2026\/04\/victoria-sin-paliativos-del-cb-ifach-calpe-en-la-vila\/#article","isPartOf":{"@id":"https:\/\/radiolitoral.com\/2026\/04\/victoria-sin-paliativos-del-cb-ifach-calpe-en-la-vila\/"},"author":{"name":"Javier Zamora","@id":"https:\/\/radiolitoral.com\/#\/schema\/person\/7b1480b5caeb5acdd4ec6379caf62b22"},"headline":"Victoria sin paliativos del CB Ifach Calpe en La Vila","datePublished":"2026-04-28T08:07:37+00:00","mainEntityOfPage":{"@id":"https:\/\/radiolitoral.com\/2026\/04\/victoria-sin-paliativos-del-cb-ifach-calpe-en-la-vila\/"},"wordCount":306,"commentCount":0,"publisher":{"@id":"https:\/\/radiolitoral.com\/#organization"},"image":{"@id":"https:\/\/radiolitoral.com\/2026\/04\/victoria-sin-paliativos-del-cb-ifach-calpe-en-la-vila\/#primaryimage"},"thumbnailUrl":"https:\/\/media.radiolitoral.com\/wp-content\/uploads\/2026\/04\/28100645\/662330053_18585928834049626_9056328545741593050_n.jpg","keywords":["CB Ifach Calpe","CB\u00a0La Vila","deportes","Liga Foster\u2019s Hollywood de Primera Nacional"],"articleSection":["Deportes"],"inLanguage":"ca","potentialAction":[{"@type":"CommentAction","name":"Comment","target":["https:\/\/radiolitoral.com\/2026\/04\/victoria-sin-paliativos-del-cb-ifach-calpe-en-la-vila\/#respond"]}]},{"@type":["WebPage","ItemPage"],"@id":"https:\/\/radiolitoral.com\/2026\/04\/victoria-sin-paliativos-del-cb-ifach-calpe-en-la-vila\/","url":"https:\/\/radiolitoral.com\/2026\/04\/victoria-sin-paliativos-del-cb-ifach-calpe-en-la-vila\/","name":"Vict\u00f2ria sense pal\u00b7liatius del CB Ifach Calp a La Vila | R\u00e0dio Litoral","isPartOf":{"@id":"https:\/\/radiolitoral.com\/#website"},"primaryImageOfPage":{"@id":"https:\/\/radiolitoral.com\/2026\/04\/victoria-sin-paliativos-del-cb-ifach-calpe-en-la-vila\/#primaryimage"},"image":{"@id":"https:\/\/radiolitoral.com\/2026\/04\/victoria-sin-paliativos-del-cb-ifach-calpe-en-la-vila\/#primaryimage"},"thumbnailUrl":"https:\/\/media.radiolitoral.com\/wp-content\/uploads\/2026\/04\/28100645\/662330053_18585928834049626_9056328545741593050_n.jpg","datePublished":"2026-04-28T08:07:37+00:00","description":"Els verd-i-blancs van superar 62 a 95 en un partit que van dominar des del salt inicialEls verd-i-blancs van superar 62 a 95 en un partit que van dominar des del salt inicial","breadcrumb":{"@id":"https:\/\/radiolitoral.com\/2026\/04\/victoria-sin-paliativos-del-cb-ifach-calpe-en-la-vila\/#breadcrumb"},"inLanguage":"ca","potentialAction":[{"@type":"ReadAction","target":["https:\/\/radiolitoral.com\/2026\/04\/victoria-sin-paliativos-del-cb-ifach-calpe-en-la-vila\/"]}]},{"@type":"ImageObject","inLanguage":"ca","@id":"https:\/\/radiolitoral.com\/2026\/04\/victoria-sin-paliativos-del-cb-ifach-calpe-en-la-vila\/#primaryimage","url":"https:\/\/media.radiolitoral.com\/wp-content\/uploads\/2026\/04\/28100645\/662330053_18585928834049626_9056328545741593050_n.jpg","contentUrl":"https:\/\/media.radiolitoral.com\/wp-content\/uploads\/2026\/04\/28100645\/662330053_18585928834049626_9056328545741593050_n.jpg","width":1230,"height":828},{"@type":"BreadcrumbList","@id":"https:\/\/radiolitoral.com\/2026\/04\/victoria-sin-paliativos-del-cb-ifach-calpe-en-la-vila\/#breadcrumb","itemListElement":[{"@type":"ListItem","position":1,"name":"Portada","item":"https:\/\/radiolitoral.com\/"},{"@type":"ListItem","position":2,"name":"Victoria sin paliativos del CB Ifach Calpe en La Vila"}]},{"@type":"WebSite","@id":"https:\/\/radiolitoral.com\/#website","url":"https:\/\/radiolitoral.com\/","name":"R\u00e0dio Litoral","description":"La r\u00e0dio local de la Marina Alta","publisher":{"@id":"https:\/\/radiolitoral.com\/#organization"},"alternateName":"Litoral FM","potentialAction":[{"@type":"SearchAction","target":{"@type":"EntryPoint","urlTemplate":"https:\/\/radiolitoral.com\/?s={search_term_string}"},"query-input":{"@type":"PropertyValueSpecification","valueRequired":true,"valueName":"search_term_string"}}],"inLanguage":"ca"},{"@type":"Organization","@id":"https:\/\/radiolitoral.com\/#organization","name":"R\u00e0dio Litoral","url":"https:\/\/radiolitoral.com\/","logo":{"@type":"ImageObject","inLanguage":"ca","@id":"https:\/\/radiolitoral.com\/#\/schema\/logo\/image\/","url":"https:\/\/media.radiolitoral.com\/wp-content\/uploads\/2023\/02\/24143238\/CL-V-RadioLitoral696.png","contentUrl":"https:\/\/media.radiolitoral.com\/wp-content\/uploads\/2023\/02\/24143238\/CL-V-RadioLitoral696.png","width":696,"height":696,"caption":"Radio Litoral"},"image":{"@id":"https:\/\/radiolitoral.com\/#\/schema\/logo\/image\/"},"sameAs":["https:\/\/www.facebook.com\/Laradiolitoral\/"]},{"@type":"Person","@id":"https:\/\/radiolitoral.com\/#\/schema\/person\/7b1480b5caeb5acdd4ec6379caf62b22","name":"Javier Zamora","image":{"@type":"ImageObject","inLanguage":"ca","@id":"https:\/\/secure.gravatar.com\/avatar\/467a11f6918c7d619c4043fc6fa2d3853053107973f05b6e9c04ea6c4e3a7b3f?s=96&d=mm&r=g","url":"https:\/\/secure.gravatar.com\/avatar\/467a11f6918c7d619c4043fc6fa2d3853053107973f05b6e9c04ea6c4e3a7b3f?s=96&d=mm&r=g","contentUrl":"https:\/\/secure.gravatar.com\/avatar\/467a11f6918c7d619c4043fc6fa2d3853053107973f05b6e9c04ea6c4e3a7b3f?s=96&d=mm&r=g","caption":"Javier Zamora"},"url":"https:\/\/radiolitoral.com\/ca\/author\/javier-zamora\/"}]}},"_links":{"self":[{"href":"https:\/\/radiolitoral.com\/ca\/wp-json\/wp\/v2\/posts\/20365","targetHints":{"allow":["GET"]}}],"collection":[{"href":"https:\/\/radiolitoral.com\/ca\/wp-json\/wp\/v2\/posts"}],"about":[{"href":"https:\/\/radiolitoral.com\/ca\/wp-json\/wp\/v2\/types\/post"}],"author":[{"embeddable":true,"href":"https:\/\/radiolitoral.com\/ca\/wp-json\/wp\/v2\/users\/12"}],"replies":[{"embeddable":true,"href":"https:\/\/radiolitoral.com\/ca\/wp-json\/wp\/v2\/comments?post=20365"}],"version-history":[{"count":1,"href":"https:\/\/radiolitoral.com\/ca\/wp-json\/wp\/v2\/posts\/20365\/revisions"}],"predecessor-version":[{"id":20367,"href":"https:\/\/radiolitoral.com\/ca\/wp-json\/wp\/v2\/posts\/20365\/revisions\/20367"}],"wp:featuredmedia":[{"embeddable":true,"href":"https:\/\/radiolitoral.com\/ca\/wp-json\/wp\/v2\/media\/20366"}],"wp:attachment":[{"href":"https:\/\/radiolitoral.com\/ca\/wp-json\/wp\/v2\/media?parent=20365"}],"wp:term":[{"taxonomy":"category","embeddable":true,"href":"https:\/\/radiolitoral.com\/ca\/wp-json\/wp\/v2\/categories?post=20365"},{"taxonomy":"post_tag","embeddable":true,"href":"https:\/\/radiolitoral.com\/ca\/wp-json\/wp\/v2\/tags?post=20365"}],"curies":[{"name":"wp","href":"https:\/\/api.w.org\/{rel}","templated":true}]}}