{"id":20361,"date":"2026-04-28T10:00:52","date_gmt":"2026-04-28T08:00:52","guid":{"rendered":"https:\/\/radiolitoral.com\/?p=20361"},"modified":"2026-04-28T10:00:52","modified_gmt":"2026-04-28T08:00:52","slug":"empat-per-a-la-ut-calp-davant-el-cd-javea-2-2","status":"publish","type":"post","link":"https:\/\/radiolitoral.com\/ca\/2026\/04\/empate-para-la-ud-calpe-ante-el-cd-javea-2-2\/","title":{"rendered":"Empat per a la UD Calp davant el CD X\u00e0bia (2-2)"},"content":{"rendered":"<p>El <strong>derbi comarcal<\/strong> entre el <strong>CD X\u00e0bia<\/strong> i la <strong>UD Calp<\/strong> va acabar amb un <strong>empat a 2 gols<\/strong>, en un partit carregat d?emoci\u00f3 i tensi\u00f3. Tot i que el <strong>X\u00e0bia<\/strong> va dominar a la primera part, la <strong>reacci\u00f3 del Calp<\/strong> als minuts finals i un <strong>gol en el temps afegit<\/strong> van fer que el marcador acab\u00e9s en taules.<\/p>\n<p>A la primera meitat, el <strong>control del joc va ser dels locals<\/strong>, encara que el <strong>Calp<\/strong> generava perill a <strong>jugades a pilota aturada<\/strong>, com c\u00f3rners i de banda prop de la porteria de <strong>Nic<\/strong>. El primer gol va arribar al <strong>minut 15<\/strong>, quan <strong>Lluc<\/strong> va posar un <strong>centre enrere<\/strong> que va ser <strong>rematat per Edu<\/strong> a la xarxa per posar el <strong>1-0<\/strong>.<\/p>\n<p>El <strong>CD<\/strong> <strong>X\u00e0bia<\/strong> va continuar amb el domini de la pilota, creant m\u00e9s ocasions de perill. <strong>Maverick<\/strong> va tenir una gran oportunitat, per\u00f2 no va encertar amb la rematada a un <strong>passi perfecte de Mateu<\/strong>. El segon gol local va arribar al <strong>minut 40<\/strong>, quan <strong>el porter Nico<\/strong> va treure la pilota a <strong>Maxi<\/strong>, qui va pentinar perqu\u00e8 <strong>Maverick<\/strong>, en seguir la jugada, <strong>bat\u00e9s Cristian Andrada<\/strong> amb un <strong>gol per alt<\/strong>, deixant el marcador 2-0 al descans.<\/p>\n<h2>Expulsi\u00f3 i reacci\u00f3 del Calp<\/h2>\n<p>La segona part va comen\u00e7ar amb un contratemps per al <strong>X\u00e0bia<\/strong>, ja que <strong>Edu va ser expulsat<\/strong> per doble groga, cosa que va deixar el seu equip amb <strong>un menys<\/strong>. Encara que la <strong>UD<\/strong> <strong>Calp<\/strong> no va generar gaire perill en els primers minuts, la <strong>superioritat num\u00e8rica<\/strong> va ser <strong>clau per a la seva reacci\u00f3<\/strong>.<\/p>\n<p>L&#039;empat va arribar en el temps afegit, amb un primer gol de <strong>Kerke<\/strong> al <strong>minut 92<\/strong> despr\u00e9s d&#039;un error defensiu, seguit per un segon gol de <strong>Javi<\/strong> al <strong>minut 94<\/strong> despr\u00e9s de la passivitat de la defensa i el porter local, que deixaven el marcador a <strong>2-2<\/strong>.<\/p>\n<p><script src=\"chrome-extension:\/\/flbolonkboilcbnohjlchlfgdalomdpl\/iFrame.js\" type=\"text\/javascript\"><\/script><\/p>","protected":false},"excerpt":{"rendered":"<p>El derbi comarcal entre el CD J\u00e1vea y la UD Calpe termin\u00f3 con un empate a 2 goles, en un partido cargado de emoci\u00f3n y tensi\u00f3n. A pesar de que el J\u00e1vea domin\u00f3 en la primera parte, la reacci\u00f3n del Calpe en los minutos finales y un gol en el tiempo a\u00f1adido hicieron que el [&#8230;]<\/p>\n<p><a class=\"btn btn-secondary understrap-read-more-link\" href=\"https:\/\/radiolitoral.com\/ca\/2026\/04\/empate-para-la-ud-calpe-ante-el-cd-javea-2-2\/\">Continua llegint&#8230;<span class=\"screen-reader-text\"> from Empate para la UD Calpe ante el CD J\u00e1vea (2-2)<\/span><\/a><\/p>\n","protected":false},"author":12,"featured_media":20362,"comment_status":"open","ping_status":"closed","sticky":false,"template":"","format":"standard","meta":{"_acf_changed":false,"inline_featured_image":false,"footnotes":""},"categories":[5],"tags":[1332,6,1071,889],"class_list":["post-20361","post","type-post","status-publish","format-standard","has-post-thumbnail","hentry","category-deportes","tag-cd-javea","tag-deportes","tag-lliga-comunitat","tag-ud-calpe","cobertura-calp"],"acf":[],"yoast_head":"<!-- This site is optimized with the Yoast SEO plugin v27.4 - https:\/\/yoast.com\/product\/yoast-seo-wordpress\/ -->\n<title>Empate para la UD Calpe ante el CD J\u00e1vea (2-2) | R\u00e0dio Litoral<\/title>\n<meta name=\"description\" content=\"El equipo de Pedro Perles tuvo una buena reacci\u00f3n final y consigui\u00f3 igualar el 2 a 0 con el que los rojiblancos tomaron ventajaEl equipo de Pedro Perles tuvo una buena reacci\u00f3n final y consigui\u00f3 igualar el 2 a 0 con el que los rojiblancos tomaron ventaja\" \/>\n<meta name=\"robots\" content=\"index, follow, max-snippet:-1, max-image-preview:large, max-video-preview:-1\" \/>\n<link rel=\"canonical\" href=\"https:\/\/radiolitoral.com\/ca\/2026\/04\/empat-per-a-la-ut-calp-davant-el-cd-javea-2-2\/\" \/>\n<meta property=\"og:locale\" content=\"ca_ES\" \/>\n<meta property=\"og:type\" content=\"article\" \/>\n<meta property=\"og:title\" content=\"Empate para la UD Calpe ante el CD J\u00e1vea (2-2) | R\u00e0dio Litoral\" \/>\n<meta property=\"og:description\" content=\"El equipo de Pedro Perles tuvo una buena reacci\u00f3n final y consigui\u00f3 igualar el 2 a 0 con el que los rojiblancos tomaron ventajaEl equipo de Pedro Perles tuvo una buena reacci\u00f3n final y consigui\u00f3 igualar el 2 a 0 con el que los rojiblancos tomaron ventaja\" \/>\n<meta property=\"og:url\" content=\"https:\/\/radiolitoral.com\/ca\/2026\/04\/empat-per-a-la-ut-calp-davant-el-cd-javea-2-2\/\" \/>\n<meta property=\"og:site_name\" content=\"R\u00e0dio Litoral\" \/>\n<meta property=\"article:publisher\" content=\"https:\/\/www.facebook.com\/Laradiolitoral\/\" \/>\n<meta property=\"article:published_time\" content=\"2026-04-28T08:00:52+00:00\" \/>\n<meta property=\"og:image\" content=\"https:\/\/media.radiolitoral.com\/wp-content\/uploads\/2026\/04\/28100018\/Momento-del-partido-entre-CD-Javea-y-UD-Calpe.jpg\" \/>\n\t<meta property=\"og:image:width\" content=\"1440\" \/>\n\t<meta property=\"og:image:height\" content=\"960\" \/>\n\t<meta property=\"og:image:type\" content=\"image\/jpeg\" \/>\n<meta name=\"author\" content=\"Javier Zamora\" \/>\n<meta name=\"twitter:card\" content=\"summary_large_image\" \/>\n<meta name=\"twitter:label1\" content=\"Escrit per\" \/>\n\t<meta name=\"twitter:data1\" content=\"Javier Zamora\" \/>\n\t<meta name=\"twitter:label2\" content=\"Temps estimat de lectura\" \/>\n\t<meta name=\"twitter:data2\" content=\"2 minuts\" \/>\n<script type=\"application\/ld+json\" class=\"yoast-schema-graph\">{\"@context\":\"https:\\\/\\\/schema.org\",\"@graph\":[{\"@type\":\"NewsArticle\",\"@id\":\"https:\\\/\\\/radiolitoral.com\\\/2026\\\/04\\\/empate-para-la-ud-calpe-ante-el-cd-javea-2-2\\\/#article\",\"isPartOf\":{\"@id\":\"https:\\\/\\\/radiolitoral.com\\\/2026\\\/04\\\/empate-para-la-ud-calpe-ante-el-cd-javea-2-2\\\/\"},\"author\":{\"name\":\"Javier Zamora\",\"@id\":\"https:\\\/\\\/radiolitoral.com\\\/#\\\/schema\\\/person\\\/7b1480b5caeb5acdd4ec6379caf62b22\"},\"headline\":\"Empate para la UD Calpe ante el CD J\u00e1vea (2-2)\",\"datePublished\":\"2026-04-28T08:00:52+00:00\",\"mainEntityOfPage\":{\"@id\":\"https:\\\/\\\/radiolitoral.com\\\/2026\\\/04\\\/empate-para-la-ud-calpe-ante-el-cd-javea-2-2\\\/\"},\"wordCount\":318,\"commentCount\":0,\"publisher\":{\"@id\":\"https:\\\/\\\/radiolitoral.com\\\/#organization\"},\"image\":{\"@id\":\"https:\\\/\\\/radiolitoral.com\\\/2026\\\/04\\\/empate-para-la-ud-calpe-ante-el-cd-javea-2-2\\\/#primaryimage\"},\"thumbnailUrl\":\"https:\\\/\\\/media.radiolitoral.com\\\/wp-content\\\/uploads\\\/2026\\\/04\\\/28100018\\\/Momento-del-partido-entre-CD-Javea-y-UD-Calpe.jpg\",\"keywords\":[\"CD J\u00e1vea\",\"deportes\",\"Lliga Comunitat\",\"UD Calpe\"],\"articleSection\":[\"Deportes\"],\"inLanguage\":\"ca\",\"potentialAction\":[{\"@type\":\"CommentAction\",\"name\":\"Comment\",\"target\":[\"https:\\\/\\\/radiolitoral.com\\\/2026\\\/04\\\/empate-para-la-ud-calpe-ante-el-cd-javea-2-2\\\/#respond\"]}]},{\"@type\":[\"WebPage\",\"ItemPage\"],\"@id\":\"https:\\\/\\\/radiolitoral.com\\\/2026\\\/04\\\/empate-para-la-ud-calpe-ante-el-cd-javea-2-2\\\/\",\"url\":\"https:\\\/\\\/radiolitoral.com\\\/2026\\\/04\\\/empate-para-la-ud-calpe-ante-el-cd-javea-2-2\\\/\",\"name\":\"Empate para la UD Calpe ante el CD J\u00e1vea (2-2) | R\u00e0dio Litoral\",\"isPartOf\":{\"@id\":\"https:\\\/\\\/radiolitoral.com\\\/#website\"},\"primaryImageOfPage\":{\"@id\":\"https:\\\/\\\/radiolitoral.com\\\/2026\\\/04\\\/empate-para-la-ud-calpe-ante-el-cd-javea-2-2\\\/#primaryimage\"},\"image\":{\"@id\":\"https:\\\/\\\/radiolitoral.com\\\/2026\\\/04\\\/empate-para-la-ud-calpe-ante-el-cd-javea-2-2\\\/#primaryimage\"},\"thumbnailUrl\":\"https:\\\/\\\/media.radiolitoral.com\\\/wp-content\\\/uploads\\\/2026\\\/04\\\/28100018\\\/Momento-del-partido-entre-CD-Javea-y-UD-Calpe.jpg\",\"datePublished\":\"2026-04-28T08:00:52+00:00\",\"description\":\"El equipo de Pedro Perles tuvo una buena reacci\u00f3n final y consigui\u00f3 igualar el 2 a 0 con el que los rojiblancos tomaron ventajaEl equipo de Pedro Perles tuvo una buena reacci\u00f3n final y consigui\u00f3 igualar el 2 a 0 con el que los rojiblancos tomaron ventaja\",\"breadcrumb\":{\"@id\":\"https:\\\/\\\/radiolitoral.com\\\/2026\\\/04\\\/empate-para-la-ud-calpe-ante-el-cd-javea-2-2\\\/#breadcrumb\"},\"inLanguage\":\"ca\",\"potentialAction\":[{\"@type\":\"ReadAction\",\"target\":[\"https:\\\/\\\/radiolitoral.com\\\/2026\\\/04\\\/empate-para-la-ud-calpe-ante-el-cd-javea-2-2\\\/\"]}]},{\"@type\":\"ImageObject\",\"inLanguage\":\"ca\",\"@id\":\"https:\\\/\\\/radiolitoral.com\\\/2026\\\/04\\\/empate-para-la-ud-calpe-ante-el-cd-javea-2-2\\\/#primaryimage\",\"url\":\"https:\\\/\\\/media.radiolitoral.com\\\/wp-content\\\/uploads\\\/2026\\\/04\\\/28100018\\\/Momento-del-partido-entre-CD-Javea-y-UD-Calpe.jpg\",\"contentUrl\":\"https:\\\/\\\/media.radiolitoral.com\\\/wp-content\\\/uploads\\\/2026\\\/04\\\/28100018\\\/Momento-del-partido-entre-CD-Javea-y-UD-Calpe.jpg\",\"width\":1440,\"height\":960},{\"@type\":\"BreadcrumbList\",\"@id\":\"https:\\\/\\\/radiolitoral.com\\\/2026\\\/04\\\/empate-para-la-ud-calpe-ante-el-cd-javea-2-2\\\/#breadcrumb\",\"itemListElement\":[{\"@type\":\"ListItem\",\"position\":1,\"name\":\"Portada\",\"item\":\"https:\\\/\\\/radiolitoral.com\\\/\"},{\"@type\":\"ListItem\",\"position\":2,\"name\":\"Empate para la UD Calpe ante el CD J\u00e1vea (2-2)\"}]},{\"@type\":\"WebSite\",\"@id\":\"https:\\\/\\\/radiolitoral.com\\\/#website\",\"url\":\"https:\\\/\\\/radiolitoral.com\\\/\",\"name\":\"Radio Litoral\",\"description\":\"La radio local de la Marina Alta\",\"publisher\":{\"@id\":\"https:\\\/\\\/radiolitoral.com\\\/#organization\"},\"alternateName\":\"Litoral FM\",\"potentialAction\":[{\"@type\":\"SearchAction\",\"target\":{\"@type\":\"EntryPoint\",\"urlTemplate\":\"https:\\\/\\\/radiolitoral.com\\\/?s={search_term_string}\"},\"query-input\":{\"@type\":\"PropertyValueSpecification\",\"valueRequired\":true,\"valueName\":\"search_term_string\"}}],\"inLanguage\":\"ca\"},{\"@type\":\"Organization\",\"@id\":\"https:\\\/\\\/radiolitoral.com\\\/#organization\",\"name\":\"Radio Litoral\",\"url\":\"https:\\\/\\\/radiolitoral.com\\\/\",\"logo\":{\"@type\":\"ImageObject\",\"inLanguage\":\"ca\",\"@id\":\"https:\\\/\\\/radiolitoral.com\\\/#\\\/schema\\\/logo\\\/image\\\/\",\"url\":\"https:\\\/\\\/media.radiolitoral.com\\\/wp-content\\\/uploads\\\/2023\\\/02\\\/24143238\\\/CL-V-RadioLitoral696.png\",\"contentUrl\":\"https:\\\/\\\/media.radiolitoral.com\\\/wp-content\\\/uploads\\\/2023\\\/02\\\/24143238\\\/CL-V-RadioLitoral696.png\",\"width\":696,\"height\":696,\"caption\":\"Radio Litoral\"},\"image\":{\"@id\":\"https:\\\/\\\/radiolitoral.com\\\/#\\\/schema\\\/logo\\\/image\\\/\"},\"sameAs\":[\"https:\\\/\\\/www.facebook.com\\\/Laradiolitoral\\\/\"]},{\"@type\":\"Person\",\"@id\":\"https:\\\/\\\/radiolitoral.com\\\/#\\\/schema\\\/person\\\/7b1480b5caeb5acdd4ec6379caf62b22\",\"name\":\"Javier Zamora\",\"image\":{\"@type\":\"ImageObject\",\"inLanguage\":\"ca\",\"@id\":\"https:\\\/\\\/secure.gravatar.com\\\/avatar\\\/467a11f6918c7d619c4043fc6fa2d3853053107973f05b6e9c04ea6c4e3a7b3f?s=96&d=mm&r=g\",\"url\":\"https:\\\/\\\/secure.gravatar.com\\\/avatar\\\/467a11f6918c7d619c4043fc6fa2d3853053107973f05b6e9c04ea6c4e3a7b3f?s=96&d=mm&r=g\",\"contentUrl\":\"https:\\\/\\\/secure.gravatar.com\\\/avatar\\\/467a11f6918c7d619c4043fc6fa2d3853053107973f05b6e9c04ea6c4e3a7b3f?s=96&d=mm&r=g\",\"caption\":\"Javier Zamora\"},\"url\":\"https:\\\/\\\/radiolitoral.com\\\/ca\\\/author\\\/javier-zamora\\\/\"}]}<\/script>\n<!-- \/ Yoast SEO plugin. -->","yoast_head_json":{"title":"Empat per a la UD Calp davant el CD X\u00e0bia (2-2) | R\u00e0dio Litoral","description":"L&#039;equip de Pedro Perles va tenir una bona reacci\u00f3 final i va aconseguir igualar el 2 a 0 amb qu\u00e8 els blanc-i-vermells van prendre avantatge L&#039;equip de Pedro Perles va tenir una bona reacci\u00f3 final i va aconseguir igualar el 2 a 0 amb qu\u00e8 els blanc-i-vermells van prendre avantatge","robots":{"index":"index","follow":"follow","max-snippet":"max-snippet:-1","max-image-preview":"max-image-preview:large","max-video-preview":"max-video-preview:-1"},"canonical":"https:\/\/radiolitoral.com\/ca\/2026\/04\/empat-per-a-la-ut-calp-davant-el-cd-javea-2-2\/","og_locale":"ca_ES","og_type":"article","og_title":"Empate para la UD Calpe ante el CD J\u00e1vea (2-2) | R\u00e0dio Litoral","og_description":"El equipo de Pedro Perles tuvo una buena reacci\u00f3n final y consigui\u00f3 igualar el 2 a 0 con el que los rojiblancos tomaron ventajaEl equipo de Pedro Perles tuvo una buena reacci\u00f3n final y consigui\u00f3 igualar el 2 a 0 con el que los rojiblancos tomaron ventaja","og_url":"https:\/\/radiolitoral.com\/ca\/2026\/04\/empat-per-a-la-ut-calp-davant-el-cd-javea-2-2\/","og_site_name":"R\u00e0dio Litoral","article_publisher":"https:\/\/www.facebook.com\/Laradiolitoral\/","article_published_time":"2026-04-28T08:00:52+00:00","og_image":[{"width":1440,"height":960,"url":"https:\/\/media.radiolitoral.com\/wp-content\/uploads\/2026\/04\/28100018\/Momento-del-partido-entre-CD-Javea-y-UD-Calpe.jpg","type":"image\/jpeg"}],"author":"Javier Zamora","twitter_card":"summary_large_image","twitter_misc":{"Escrit per":"Javier Zamora","Temps estimat de lectura":"2 minuts"},"schema":{"@context":"https:\/\/schema.org","@graph":[{"@type":"NewsArticle","@id":"https:\/\/radiolitoral.com\/2026\/04\/empate-para-la-ud-calpe-ante-el-cd-javea-2-2\/#article","isPartOf":{"@id":"https:\/\/radiolitoral.com\/2026\/04\/empate-para-la-ud-calpe-ante-el-cd-javea-2-2\/"},"author":{"name":"Javier Zamora","@id":"https:\/\/radiolitoral.com\/#\/schema\/person\/7b1480b5caeb5acdd4ec6379caf62b22"},"headline":"Empate para la UD Calpe ante el CD J\u00e1vea (2-2)","datePublished":"2026-04-28T08:00:52+00:00","mainEntityOfPage":{"@id":"https:\/\/radiolitoral.com\/2026\/04\/empate-para-la-ud-calpe-ante-el-cd-javea-2-2\/"},"wordCount":318,"commentCount":0,"publisher":{"@id":"https:\/\/radiolitoral.com\/#organization"},"image":{"@id":"https:\/\/radiolitoral.com\/2026\/04\/empate-para-la-ud-calpe-ante-el-cd-javea-2-2\/#primaryimage"},"thumbnailUrl":"https:\/\/media.radiolitoral.com\/wp-content\/uploads\/2026\/04\/28100018\/Momento-del-partido-entre-CD-Javea-y-UD-Calpe.jpg","keywords":["CD J\u00e1vea","deportes","Lliga Comunitat","UD Calpe"],"articleSection":["Deportes"],"inLanguage":"ca","potentialAction":[{"@type":"CommentAction","name":"Comment","target":["https:\/\/radiolitoral.com\/2026\/04\/empate-para-la-ud-calpe-ante-el-cd-javea-2-2\/#respond"]}]},{"@type":["WebPage","ItemPage"],"@id":"https:\/\/radiolitoral.com\/2026\/04\/empate-para-la-ud-calpe-ante-el-cd-javea-2-2\/","url":"https:\/\/radiolitoral.com\/2026\/04\/empate-para-la-ud-calpe-ante-el-cd-javea-2-2\/","name":"Empat per a la UD Calp davant el CD X\u00e0bia (2-2) | R\u00e0dio Litoral","isPartOf":{"@id":"https:\/\/radiolitoral.com\/#website"},"primaryImageOfPage":{"@id":"https:\/\/radiolitoral.com\/2026\/04\/empate-para-la-ud-calpe-ante-el-cd-javea-2-2\/#primaryimage"},"image":{"@id":"https:\/\/radiolitoral.com\/2026\/04\/empate-para-la-ud-calpe-ante-el-cd-javea-2-2\/#primaryimage"},"thumbnailUrl":"https:\/\/media.radiolitoral.com\/wp-content\/uploads\/2026\/04\/28100018\/Momento-del-partido-entre-CD-Javea-y-UD-Calpe.jpg","datePublished":"2026-04-28T08:00:52+00:00","description":"L&#039;equip de Pedro Perles va tenir una bona reacci\u00f3 final i va aconseguir igualar el 2 a 0 amb qu\u00e8 els blanc-i-vermells van prendre avantatge L&#039;equip de Pedro Perles va tenir una bona reacci\u00f3 final i va aconseguir igualar el 2 a 0 amb qu\u00e8 els blanc-i-vermells van prendre avantatge","breadcrumb":{"@id":"https:\/\/radiolitoral.com\/2026\/04\/empate-para-la-ud-calpe-ante-el-cd-javea-2-2\/#breadcrumb"},"inLanguage":"ca","potentialAction":[{"@type":"ReadAction","target":["https:\/\/radiolitoral.com\/2026\/04\/empate-para-la-ud-calpe-ante-el-cd-javea-2-2\/"]}]},{"@type":"ImageObject","inLanguage":"ca","@id":"https:\/\/radiolitoral.com\/2026\/04\/empate-para-la-ud-calpe-ante-el-cd-javea-2-2\/#primaryimage","url":"https:\/\/media.radiolitoral.com\/wp-content\/uploads\/2026\/04\/28100018\/Momento-del-partido-entre-CD-Javea-y-UD-Calpe.jpg","contentUrl":"https:\/\/media.radiolitoral.com\/wp-content\/uploads\/2026\/04\/28100018\/Momento-del-partido-entre-CD-Javea-y-UD-Calpe.jpg","width":1440,"height":960},{"@type":"BreadcrumbList","@id":"https:\/\/radiolitoral.com\/2026\/04\/empate-para-la-ud-calpe-ante-el-cd-javea-2-2\/#breadcrumb","itemListElement":[{"@type":"ListItem","position":1,"name":"Portada","item":"https:\/\/radiolitoral.com\/"},{"@type":"ListItem","position":2,"name":"Empate para la UD Calpe ante el CD J\u00e1vea (2-2)"}]},{"@type":"WebSite","@id":"https:\/\/radiolitoral.com\/#website","url":"https:\/\/radiolitoral.com\/","name":"R\u00e0dio Litoral","description":"La r\u00e0dio local de la Marina Alta","publisher":{"@id":"https:\/\/radiolitoral.com\/#organization"},"alternateName":"Litoral FM","potentialAction":[{"@type":"SearchAction","target":{"@type":"EntryPoint","urlTemplate":"https:\/\/radiolitoral.com\/?s={search_term_string}"},"query-input":{"@type":"PropertyValueSpecification","valueRequired":true,"valueName":"search_term_string"}}],"inLanguage":"ca"},{"@type":"Organization","@id":"https:\/\/radiolitoral.com\/#organization","name":"R\u00e0dio Litoral","url":"https:\/\/radiolitoral.com\/","logo":{"@type":"ImageObject","inLanguage":"ca","@id":"https:\/\/radiolitoral.com\/#\/schema\/logo\/image\/","url":"https:\/\/media.radiolitoral.com\/wp-content\/uploads\/2023\/02\/24143238\/CL-V-RadioLitoral696.png","contentUrl":"https:\/\/media.radiolitoral.com\/wp-content\/uploads\/2023\/02\/24143238\/CL-V-RadioLitoral696.png","width":696,"height":696,"caption":"Radio Litoral"},"image":{"@id":"https:\/\/radiolitoral.com\/#\/schema\/logo\/image\/"},"sameAs":["https:\/\/www.facebook.com\/Laradiolitoral\/"]},{"@type":"Person","@id":"https:\/\/radiolitoral.com\/#\/schema\/person\/7b1480b5caeb5acdd4ec6379caf62b22","name":"Javier Zamora","image":{"@type":"ImageObject","inLanguage":"ca","@id":"https:\/\/secure.gravatar.com\/avatar\/467a11f6918c7d619c4043fc6fa2d3853053107973f05b6e9c04ea6c4e3a7b3f?s=96&d=mm&r=g","url":"https:\/\/secure.gravatar.com\/avatar\/467a11f6918c7d619c4043fc6fa2d3853053107973f05b6e9c04ea6c4e3a7b3f?s=96&d=mm&r=g","contentUrl":"https:\/\/secure.gravatar.com\/avatar\/467a11f6918c7d619c4043fc6fa2d3853053107973f05b6e9c04ea6c4e3a7b3f?s=96&d=mm&r=g","caption":"Javier Zamora"},"url":"https:\/\/radiolitoral.com\/ca\/author\/javier-zamora\/"}]}},"_links":{"self":[{"href":"https:\/\/radiolitoral.com\/ca\/wp-json\/wp\/v2\/posts\/20361","targetHints":{"allow":["GET"]}}],"collection":[{"href":"https:\/\/radiolitoral.com\/ca\/wp-json\/wp\/v2\/posts"}],"about":[{"href":"https:\/\/radiolitoral.com\/ca\/wp-json\/wp\/v2\/types\/post"}],"author":[{"embeddable":true,"href":"https:\/\/radiolitoral.com\/ca\/wp-json\/wp\/v2\/users\/12"}],"replies":[{"embeddable":true,"href":"https:\/\/radiolitoral.com\/ca\/wp-json\/wp\/v2\/comments?post=20361"}],"version-history":[{"count":1,"href":"https:\/\/radiolitoral.com\/ca\/wp-json\/wp\/v2\/posts\/20361\/revisions"}],"predecessor-version":[{"id":20363,"href":"https:\/\/radiolitoral.com\/ca\/wp-json\/wp\/v2\/posts\/20361\/revisions\/20363"}],"wp:featuredmedia":[{"embeddable":true,"href":"https:\/\/radiolitoral.com\/ca\/wp-json\/wp\/v2\/media\/20362"}],"wp:attachment":[{"href":"https:\/\/radiolitoral.com\/ca\/wp-json\/wp\/v2\/media?parent=20361"}],"wp:term":[{"taxonomy":"category","embeddable":true,"href":"https:\/\/radiolitoral.com\/ca\/wp-json\/wp\/v2\/categories?post=20361"},{"taxonomy":"post_tag","embeddable":true,"href":"https:\/\/radiolitoral.com\/ca\/wp-json\/wp\/v2\/tags?post=20361"}],"curies":[{"name":"wp","href":"https:\/\/api.w.org\/{rel}","templated":true}]}}