{"id":20356,"date":"2026-04-28T09:55:36","date_gmt":"2026-04-28T07:55:36","guid":{"rendered":"https:\/\/radiolitoral.com\/?p=20356"},"modified":"2026-04-28T09:55:36","modified_gmt":"2026-04-28T07:55:36","slug":"dolorosa-derrota-per-a-la-benissa","status":"publish","type":"post","link":"https:\/\/radiolitoral.com\/ca\/2026\/04\/dolorosa-derrota-para-la-ud-benissa\/","title":{"rendered":"Dolorosa derrota per a la UD Benissa"},"content":{"rendered":"<p>La jornada a la <strong data-start=\"181\" data-end=\"197\">Segona FFCV<\/strong> va deixar una barreja de resultats i emocions per als equips de la <strong data-start=\"263\" data-end=\"278\">Marina Alta<\/strong>, amb especial protagonisme per al duel pel lideratge a <strong data-start=\"339\" data-end=\"350\">Benissa<\/strong>, que va acabar amb derrota local i un incident que va obligar a suspendre moment\u00e0niament el matx.<\/p>\n<h2>UD Benissa 0 CD Salesians 3<\/h2>\n<p data-start=\"490\" data-end=\"759\">La <strong>UD<\/strong> <strong data-start=\"493\" data-end=\"504\">Benissa<\/strong> va caure amb claredat davant el <strong>CD<\/strong> <strong data-start=\"531\" data-end=\"551\">Salesians (0-3)<\/strong> en un partit clau pel lideratge. El conjunt visitant va deixar encarrilat el xoc amb prou feines <strong data-start=\"648\" data-end=\"664\">deu minuts<\/strong>, amb dos gols que van evidenciar la seva efic\u00e0cia: una rematada despr\u00e9s de c\u00f3rner i un error defensiu local.<\/p>\n<p data-start=\"761\" data-end=\"1018\">El Benissa va intentar reaccionar i va generar diverses ocasions clares, destacant un <strong data-start=\"839\" data-end=\"865\">m\u00e0 a m\u00e0 de Molines<\/strong> que va marxar fora per poc. Tot i aix\u00f2, a la segona meitat l&#039;equip va perdre intensitat i el Salesians va sentenciar al contraatac amb el tercer gol.<\/p>\n<p data-start=\"1020\" data-end=\"1335\">La trobada va quedar marcada per un <strong data-start=\"1054\" data-end=\"1079\">incident a la grada<\/strong> quan faltaven deu minuts, quan un individu va accedir a la zona del camp en actitud amena\u00e7adora. L&#039;\u00e0rbitre va decidir suspendre el partit fins que es va desallotjar el p\u00fablic, reprenent-se posteriorment sense m\u00e9s incidents gr\u00e0cies a la r\u00e0pida actuaci\u00f3 del club.<\/p>\n<p data-start=\"1337\" data-end=\"1453\">A m\u00e9s de la derrota, l&#039;equip benisser va patir la lesi\u00f3 de <strong data-start=\"1390\" data-end=\"1398\">Pepe<\/strong>, que va haver de ser retirat per mol\u00e8sties al maluc.<\/p>\n<p><script src=\"chrome-extension:\/\/flbolonkboilcbnohjlchlfgdalomdpl\/iFrame.js\" type=\"text\/javascript\"><\/script><\/p>","protected":false},"excerpt":{"rendered":"<p>La jornada en la Segunda FFCV dej\u00f3 una mezcla de resultados y emociones para los equipos de la Marina Alta, con especial protagonismo para el duelo por el liderato en Benissa, que acab\u00f3 con derrota local y un incidente que oblig\u00f3 a suspender moment\u00e1neamente el encuentro. UD Benissa 0 CD Salesianos 3 La UD Benissa [&#8230;]<\/p>\n<p><a class=\"btn btn-secondary understrap-read-more-link\" href=\"https:\/\/radiolitoral.com\/ca\/2026\/04\/dolorosa-derrota-para-la-ud-benissa\/\">Continua llegint&#8230;<span class=\"screen-reader-text\"> from Dolorosa derrota para la UD Benissa<\/span><\/a><\/p>\n","protected":false},"author":12,"featured_media":20357,"comment_status":"open","ping_status":"closed","sticky":false,"template":"","format":"standard","meta":{"_acf_changed":false,"inline_featured_image":false,"footnotes":""},"categories":[5],"tags":[5286,6,1093,1100],"class_list":["post-20356","post","type-post","status-publish","format-standard","has-post-thumbnail","hentry","category-deportes","tag-cd-salesianos","tag-deportes","tag-segunda-ffcv","tag-ud-benissa","cobertura-benissa"],"acf":[],"yoast_head":"<!-- This site is optimized with the Yoast SEO plugin v27.4 - https:\/\/yoast.com\/product\/yoast-seo-wordpress\/ -->\n<title>Dolorosa derrota para la UD Benissa | R\u00e0dio Litoral<\/title>\n<meta name=\"description\" content=\"La UD Salesianos se llev\u00f3 el triunfo por 0 a 3 y se queda como l\u00edder en solitarioLa UD Salesianos se llev\u00f3 el triunfo por 0 a 3 y se queda como l\u00edder en solitario\" \/>\n<meta name=\"robots\" content=\"index, follow, max-snippet:-1, max-image-preview:large, max-video-preview:-1\" \/>\n<link rel=\"canonical\" href=\"https:\/\/radiolitoral.com\/ca\/2026\/04\/dolorosa-derrota-per-a-la-benissa\/\" \/>\n<meta property=\"og:locale\" content=\"ca_ES\" \/>\n<meta property=\"og:type\" content=\"article\" \/>\n<meta property=\"og:title\" content=\"Dolorosa derrota para la UD Benissa | R\u00e0dio Litoral\" \/>\n<meta property=\"og:description\" content=\"La UD Salesianos se llev\u00f3 el triunfo por 0 a 3 y se queda como l\u00edder en solitarioLa UD Salesianos se llev\u00f3 el triunfo por 0 a 3 y se queda como l\u00edder en solitario\" \/>\n<meta property=\"og:url\" content=\"https:\/\/radiolitoral.com\/ca\/2026\/04\/dolorosa-derrota-per-a-la-benissa\/\" \/>\n<meta property=\"og:site_name\" content=\"R\u00e0dio Litoral\" \/>\n<meta property=\"article:publisher\" content=\"https:\/\/www.facebook.com\/Laradiolitoral\/\" \/>\n<meta property=\"article:published_time\" content=\"2026-04-28T07:55:36+00:00\" \/>\n<meta property=\"og:image\" content=\"https:\/\/media.radiolitoral.com\/wp-content\/uploads\/2026\/04\/28095357\/Jugador-de-la-UD-Benissa-durante-el-partido.jpg\" \/>\n\t<meta property=\"og:image:width\" content=\"1024\" \/>\n\t<meta property=\"og:image:height\" content=\"683\" \/>\n\t<meta property=\"og:image:type\" content=\"image\/jpeg\" \/>\n<meta name=\"author\" content=\"Javier Zamora\" \/>\n<meta name=\"twitter:card\" content=\"summary_large_image\" \/>\n<meta name=\"twitter:label1\" content=\"Escrit per\" \/>\n\t<meta name=\"twitter:data1\" content=\"Javier Zamora\" \/>\n\t<meta name=\"twitter:label2\" content=\"Temps estimat de lectura\" \/>\n\t<meta name=\"twitter:data2\" content=\"2 minuts\" \/>\n<script type=\"application\/ld+json\" class=\"yoast-schema-graph\">{\"@context\":\"https:\\\/\\\/schema.org\",\"@graph\":[{\"@type\":\"NewsArticle\",\"@id\":\"https:\\\/\\\/radiolitoral.com\\\/2026\\\/04\\\/dolorosa-derrota-para-la-ud-benissa\\\/#article\",\"isPartOf\":{\"@id\":\"https:\\\/\\\/radiolitoral.com\\\/2026\\\/04\\\/dolorosa-derrota-para-la-ud-benissa\\\/\"},\"author\":{\"name\":\"Javier Zamora\",\"@id\":\"https:\\\/\\\/radiolitoral.com\\\/#\\\/schema\\\/person\\\/7b1480b5caeb5acdd4ec6379caf62b22\"},\"headline\":\"Dolorosa derrota para la UD Benissa\",\"datePublished\":\"2026-04-28T07:55:36+00:00\",\"mainEntityOfPage\":{\"@id\":\"https:\\\/\\\/radiolitoral.com\\\/2026\\\/04\\\/dolorosa-derrota-para-la-ud-benissa\\\/\"},\"wordCount\":225,\"commentCount\":0,\"publisher\":{\"@id\":\"https:\\\/\\\/radiolitoral.com\\\/#organization\"},\"image\":{\"@id\":\"https:\\\/\\\/radiolitoral.com\\\/2026\\\/04\\\/dolorosa-derrota-para-la-ud-benissa\\\/#primaryimage\"},\"thumbnailUrl\":\"https:\\\/\\\/media.radiolitoral.com\\\/wp-content\\\/uploads\\\/2026\\\/04\\\/28095357\\\/Jugador-de-la-UD-Benissa-durante-el-partido.jpg\",\"keywords\":[\"CD Salesianos\",\"deportes\",\"Segunda FFCV\",\"UD Benissa\"],\"articleSection\":[\"Deportes\"],\"inLanguage\":\"ca\",\"potentialAction\":[{\"@type\":\"CommentAction\",\"name\":\"Comment\",\"target\":[\"https:\\\/\\\/radiolitoral.com\\\/2026\\\/04\\\/dolorosa-derrota-para-la-ud-benissa\\\/#respond\"]}]},{\"@type\":[\"WebPage\",\"ItemPage\"],\"@id\":\"https:\\\/\\\/radiolitoral.com\\\/2026\\\/04\\\/dolorosa-derrota-para-la-ud-benissa\\\/\",\"url\":\"https:\\\/\\\/radiolitoral.com\\\/2026\\\/04\\\/dolorosa-derrota-para-la-ud-benissa\\\/\",\"name\":\"Dolorosa derrota para la UD Benissa | R\u00e0dio Litoral\",\"isPartOf\":{\"@id\":\"https:\\\/\\\/radiolitoral.com\\\/#website\"},\"primaryImageOfPage\":{\"@id\":\"https:\\\/\\\/radiolitoral.com\\\/2026\\\/04\\\/dolorosa-derrota-para-la-ud-benissa\\\/#primaryimage\"},\"image\":{\"@id\":\"https:\\\/\\\/radiolitoral.com\\\/2026\\\/04\\\/dolorosa-derrota-para-la-ud-benissa\\\/#primaryimage\"},\"thumbnailUrl\":\"https:\\\/\\\/media.radiolitoral.com\\\/wp-content\\\/uploads\\\/2026\\\/04\\\/28095357\\\/Jugador-de-la-UD-Benissa-durante-el-partido.jpg\",\"datePublished\":\"2026-04-28T07:55:36+00:00\",\"description\":\"La UD Salesianos se llev\u00f3 el triunfo por 0 a 3 y se queda como l\u00edder en solitarioLa UD Salesianos se llev\u00f3 el triunfo por 0 a 3 y se queda como l\u00edder en solitario\",\"breadcrumb\":{\"@id\":\"https:\\\/\\\/radiolitoral.com\\\/2026\\\/04\\\/dolorosa-derrota-para-la-ud-benissa\\\/#breadcrumb\"},\"inLanguage\":\"ca\",\"potentialAction\":[{\"@type\":\"ReadAction\",\"target\":[\"https:\\\/\\\/radiolitoral.com\\\/2026\\\/04\\\/dolorosa-derrota-para-la-ud-benissa\\\/\"]}]},{\"@type\":\"ImageObject\",\"inLanguage\":\"ca\",\"@id\":\"https:\\\/\\\/radiolitoral.com\\\/2026\\\/04\\\/dolorosa-derrota-para-la-ud-benissa\\\/#primaryimage\",\"url\":\"https:\\\/\\\/media.radiolitoral.com\\\/wp-content\\\/uploads\\\/2026\\\/04\\\/28095357\\\/Jugador-de-la-UD-Benissa-durante-el-partido.jpg\",\"contentUrl\":\"https:\\\/\\\/media.radiolitoral.com\\\/wp-content\\\/uploads\\\/2026\\\/04\\\/28095357\\\/Jugador-de-la-UD-Benissa-durante-el-partido.jpg\",\"width\":1024,\"height\":683},{\"@type\":\"BreadcrumbList\",\"@id\":\"https:\\\/\\\/radiolitoral.com\\\/2026\\\/04\\\/dolorosa-derrota-para-la-ud-benissa\\\/#breadcrumb\",\"itemListElement\":[{\"@type\":\"ListItem\",\"position\":1,\"name\":\"Portada\",\"item\":\"https:\\\/\\\/radiolitoral.com\\\/\"},{\"@type\":\"ListItem\",\"position\":2,\"name\":\"Dolorosa derrota para la UD Benissa\"}]},{\"@type\":\"WebSite\",\"@id\":\"https:\\\/\\\/radiolitoral.com\\\/#website\",\"url\":\"https:\\\/\\\/radiolitoral.com\\\/\",\"name\":\"Radio Litoral\",\"description\":\"La radio local de la Marina Alta\",\"publisher\":{\"@id\":\"https:\\\/\\\/radiolitoral.com\\\/#organization\"},\"alternateName\":\"Litoral FM\",\"potentialAction\":[{\"@type\":\"SearchAction\",\"target\":{\"@type\":\"EntryPoint\",\"urlTemplate\":\"https:\\\/\\\/radiolitoral.com\\\/?s={search_term_string}\"},\"query-input\":{\"@type\":\"PropertyValueSpecification\",\"valueRequired\":true,\"valueName\":\"search_term_string\"}}],\"inLanguage\":\"ca\"},{\"@type\":\"Organization\",\"@id\":\"https:\\\/\\\/radiolitoral.com\\\/#organization\",\"name\":\"Radio Litoral\",\"url\":\"https:\\\/\\\/radiolitoral.com\\\/\",\"logo\":{\"@type\":\"ImageObject\",\"inLanguage\":\"ca\",\"@id\":\"https:\\\/\\\/radiolitoral.com\\\/#\\\/schema\\\/logo\\\/image\\\/\",\"url\":\"https:\\\/\\\/media.radiolitoral.com\\\/wp-content\\\/uploads\\\/2023\\\/02\\\/24143238\\\/CL-V-RadioLitoral696.png\",\"contentUrl\":\"https:\\\/\\\/media.radiolitoral.com\\\/wp-content\\\/uploads\\\/2023\\\/02\\\/24143238\\\/CL-V-RadioLitoral696.png\",\"width\":696,\"height\":696,\"caption\":\"Radio Litoral\"},\"image\":{\"@id\":\"https:\\\/\\\/radiolitoral.com\\\/#\\\/schema\\\/logo\\\/image\\\/\"},\"sameAs\":[\"https:\\\/\\\/www.facebook.com\\\/Laradiolitoral\\\/\"]},{\"@type\":\"Person\",\"@id\":\"https:\\\/\\\/radiolitoral.com\\\/#\\\/schema\\\/person\\\/7b1480b5caeb5acdd4ec6379caf62b22\",\"name\":\"Javier Zamora\",\"image\":{\"@type\":\"ImageObject\",\"inLanguage\":\"ca\",\"@id\":\"https:\\\/\\\/secure.gravatar.com\\\/avatar\\\/467a11f6918c7d619c4043fc6fa2d3853053107973f05b6e9c04ea6c4e3a7b3f?s=96&d=mm&r=g\",\"url\":\"https:\\\/\\\/secure.gravatar.com\\\/avatar\\\/467a11f6918c7d619c4043fc6fa2d3853053107973f05b6e9c04ea6c4e3a7b3f?s=96&d=mm&r=g\",\"contentUrl\":\"https:\\\/\\\/secure.gravatar.com\\\/avatar\\\/467a11f6918c7d619c4043fc6fa2d3853053107973f05b6e9c04ea6c4e3a7b3f?s=96&d=mm&r=g\",\"caption\":\"Javier Zamora\"},\"url\":\"https:\\\/\\\/radiolitoral.com\\\/ca\\\/author\\\/javier-zamora\\\/\"}]}<\/script>\n<!-- \/ Yoast SEO plugin. -->","yoast_head_json":{"title":"Dolorosa derrota per a la UD Benissa | R\u00e0dio Litoral","description":"La UD Salesians es va endur el triomf per 0 a 3 i es queda com a l\u00edder en solitariLa UD Salesians es va endur el triomf per 0 a 3 i es queda com a l\u00edder en solitari","robots":{"index":"index","follow":"follow","max-snippet":"max-snippet:-1","max-image-preview":"max-image-preview:large","max-video-preview":"max-video-preview:-1"},"canonical":"https:\/\/radiolitoral.com\/ca\/2026\/04\/dolorosa-derrota-per-a-la-benissa\/","og_locale":"ca_ES","og_type":"article","og_title":"Dolorosa derrota para la UD Benissa | R\u00e0dio Litoral","og_description":"La UD Salesianos se llev\u00f3 el triunfo por 0 a 3 y se queda como l\u00edder en solitarioLa UD Salesianos se llev\u00f3 el triunfo por 0 a 3 y se queda como l\u00edder en solitario","og_url":"https:\/\/radiolitoral.com\/ca\/2026\/04\/dolorosa-derrota-per-a-la-benissa\/","og_site_name":"R\u00e0dio Litoral","article_publisher":"https:\/\/www.facebook.com\/Laradiolitoral\/","article_published_time":"2026-04-28T07:55:36+00:00","og_image":[{"width":1024,"height":683,"url":"https:\/\/media.radiolitoral.com\/wp-content\/uploads\/2026\/04\/28095357\/Jugador-de-la-UD-Benissa-durante-el-partido.jpg","type":"image\/jpeg"}],"author":"Javier Zamora","twitter_card":"summary_large_image","twitter_misc":{"Escrit per":"Javier Zamora","Temps estimat de lectura":"2 minuts"},"schema":{"@context":"https:\/\/schema.org","@graph":[{"@type":"NewsArticle","@id":"https:\/\/radiolitoral.com\/2026\/04\/dolorosa-derrota-para-la-ud-benissa\/#article","isPartOf":{"@id":"https:\/\/radiolitoral.com\/2026\/04\/dolorosa-derrota-para-la-ud-benissa\/"},"author":{"name":"Javier Zamora","@id":"https:\/\/radiolitoral.com\/#\/schema\/person\/7b1480b5caeb5acdd4ec6379caf62b22"},"headline":"Dolorosa derrota para la UD Benissa","datePublished":"2026-04-28T07:55:36+00:00","mainEntityOfPage":{"@id":"https:\/\/radiolitoral.com\/2026\/04\/dolorosa-derrota-para-la-ud-benissa\/"},"wordCount":225,"commentCount":0,"publisher":{"@id":"https:\/\/radiolitoral.com\/#organization"},"image":{"@id":"https:\/\/radiolitoral.com\/2026\/04\/dolorosa-derrota-para-la-ud-benissa\/#primaryimage"},"thumbnailUrl":"https:\/\/media.radiolitoral.com\/wp-content\/uploads\/2026\/04\/28095357\/Jugador-de-la-UD-Benissa-durante-el-partido.jpg","keywords":["CD Salesianos","deportes","Segunda FFCV","UD Benissa"],"articleSection":["Deportes"],"inLanguage":"ca","potentialAction":[{"@type":"CommentAction","name":"Comment","target":["https:\/\/radiolitoral.com\/2026\/04\/dolorosa-derrota-para-la-ud-benissa\/#respond"]}]},{"@type":["WebPage","ItemPage"],"@id":"https:\/\/radiolitoral.com\/2026\/04\/dolorosa-derrota-para-la-ud-benissa\/","url":"https:\/\/radiolitoral.com\/2026\/04\/dolorosa-derrota-para-la-ud-benissa\/","name":"Dolorosa derrota per a la UD Benissa | R\u00e0dio Litoral","isPartOf":{"@id":"https:\/\/radiolitoral.com\/#website"},"primaryImageOfPage":{"@id":"https:\/\/radiolitoral.com\/2026\/04\/dolorosa-derrota-para-la-ud-benissa\/#primaryimage"},"image":{"@id":"https:\/\/radiolitoral.com\/2026\/04\/dolorosa-derrota-para-la-ud-benissa\/#primaryimage"},"thumbnailUrl":"https:\/\/media.radiolitoral.com\/wp-content\/uploads\/2026\/04\/28095357\/Jugador-de-la-UD-Benissa-durante-el-partido.jpg","datePublished":"2026-04-28T07:55:36+00:00","description":"La UD Salesians es va endur el triomf per 0 a 3 i es queda com a l\u00edder en solitariLa UD Salesians es va endur el triomf per 0 a 3 i es queda com a l\u00edder en solitari","breadcrumb":{"@id":"https:\/\/radiolitoral.com\/2026\/04\/dolorosa-derrota-para-la-ud-benissa\/#breadcrumb"},"inLanguage":"ca","potentialAction":[{"@type":"ReadAction","target":["https:\/\/radiolitoral.com\/2026\/04\/dolorosa-derrota-para-la-ud-benissa\/"]}]},{"@type":"ImageObject","inLanguage":"ca","@id":"https:\/\/radiolitoral.com\/2026\/04\/dolorosa-derrota-para-la-ud-benissa\/#primaryimage","url":"https:\/\/media.radiolitoral.com\/wp-content\/uploads\/2026\/04\/28095357\/Jugador-de-la-UD-Benissa-durante-el-partido.jpg","contentUrl":"https:\/\/media.radiolitoral.com\/wp-content\/uploads\/2026\/04\/28095357\/Jugador-de-la-UD-Benissa-durante-el-partido.jpg","width":1024,"height":683},{"@type":"BreadcrumbList","@id":"https:\/\/radiolitoral.com\/2026\/04\/dolorosa-derrota-para-la-ud-benissa\/#breadcrumb","itemListElement":[{"@type":"ListItem","position":1,"name":"Portada","item":"https:\/\/radiolitoral.com\/"},{"@type":"ListItem","position":2,"name":"Dolorosa derrota para la UD Benissa"}]},{"@type":"WebSite","@id":"https:\/\/radiolitoral.com\/#website","url":"https:\/\/radiolitoral.com\/","name":"R\u00e0dio Litoral","description":"La r\u00e0dio local de la Marina Alta","publisher":{"@id":"https:\/\/radiolitoral.com\/#organization"},"alternateName":"Litoral FM","potentialAction":[{"@type":"SearchAction","target":{"@type":"EntryPoint","urlTemplate":"https:\/\/radiolitoral.com\/?s={search_term_string}"},"query-input":{"@type":"PropertyValueSpecification","valueRequired":true,"valueName":"search_term_string"}}],"inLanguage":"ca"},{"@type":"Organization","@id":"https:\/\/radiolitoral.com\/#organization","name":"R\u00e0dio Litoral","url":"https:\/\/radiolitoral.com\/","logo":{"@type":"ImageObject","inLanguage":"ca","@id":"https:\/\/radiolitoral.com\/#\/schema\/logo\/image\/","url":"https:\/\/media.radiolitoral.com\/wp-content\/uploads\/2023\/02\/24143238\/CL-V-RadioLitoral696.png","contentUrl":"https:\/\/media.radiolitoral.com\/wp-content\/uploads\/2023\/02\/24143238\/CL-V-RadioLitoral696.png","width":696,"height":696,"caption":"Radio Litoral"},"image":{"@id":"https:\/\/radiolitoral.com\/#\/schema\/logo\/image\/"},"sameAs":["https:\/\/www.facebook.com\/Laradiolitoral\/"]},{"@type":"Person","@id":"https:\/\/radiolitoral.com\/#\/schema\/person\/7b1480b5caeb5acdd4ec6379caf62b22","name":"Javier Zamora","image":{"@type":"ImageObject","inLanguage":"ca","@id":"https:\/\/secure.gravatar.com\/avatar\/467a11f6918c7d619c4043fc6fa2d3853053107973f05b6e9c04ea6c4e3a7b3f?s=96&d=mm&r=g","url":"https:\/\/secure.gravatar.com\/avatar\/467a11f6918c7d619c4043fc6fa2d3853053107973f05b6e9c04ea6c4e3a7b3f?s=96&d=mm&r=g","contentUrl":"https:\/\/secure.gravatar.com\/avatar\/467a11f6918c7d619c4043fc6fa2d3853053107973f05b6e9c04ea6c4e3a7b3f?s=96&d=mm&r=g","caption":"Javier Zamora"},"url":"https:\/\/radiolitoral.com\/ca\/author\/javier-zamora\/"}]}},"_links":{"self":[{"href":"https:\/\/radiolitoral.com\/ca\/wp-json\/wp\/v2\/posts\/20356","targetHints":{"allow":["GET"]}}],"collection":[{"href":"https:\/\/radiolitoral.com\/ca\/wp-json\/wp\/v2\/posts"}],"about":[{"href":"https:\/\/radiolitoral.com\/ca\/wp-json\/wp\/v2\/types\/post"}],"author":[{"embeddable":true,"href":"https:\/\/radiolitoral.com\/ca\/wp-json\/wp\/v2\/users\/12"}],"replies":[{"embeddable":true,"href":"https:\/\/radiolitoral.com\/ca\/wp-json\/wp\/v2\/comments?post=20356"}],"version-history":[{"count":2,"href":"https:\/\/radiolitoral.com\/ca\/wp-json\/wp\/v2\/posts\/20356\/revisions"}],"predecessor-version":[{"id":20359,"href":"https:\/\/radiolitoral.com\/ca\/wp-json\/wp\/v2\/posts\/20356\/revisions\/20359"}],"wp:featuredmedia":[{"embeddable":true,"href":"https:\/\/radiolitoral.com\/ca\/wp-json\/wp\/v2\/media\/20357"}],"wp:attachment":[{"href":"https:\/\/radiolitoral.com\/ca\/wp-json\/wp\/v2\/media?parent=20356"}],"wp:term":[{"taxonomy":"category","embeddable":true,"href":"https:\/\/radiolitoral.com\/ca\/wp-json\/wp\/v2\/categories?post=20356"},{"taxonomy":"post_tag","embeddable":true,"href":"https:\/\/radiolitoral.com\/ca\/wp-json\/wp\/v2\/tags?post=20356"}],"curies":[{"name":"wp","href":"https:\/\/api.w.org\/{rel}","templated":true}]}}