{"id":20349,"date":"2026-04-24T12:33:30","date_gmt":"2026-04-24T10:33:30","guid":{"rendered":"https:\/\/radiolitoral.com\/?p=20349"},"modified":"2026-04-24T12:33:30","modified_gmt":"2026-04-24T10:33:30","slug":"benissa-celebra-un-cap-de-setmana-carregat-democion-per-les-festes-de-la-petita-noia","status":"publish","type":"post","link":"https:\/\/radiolitoral.com\/ca\/2026\/04\/benissa-celebra-un-fin-de-semana-cargado-de-emocion-por-las-fiestas-de-la-purissima-xiqueta\/","title":{"rendered":"Benissa celebra un cap de setmana carregat d&#039;emoci\u00f3 per les Festes de la Pur\u00edssima Xiqueta"},"content":{"rendered":"<p><span style=\"font-weight: 400;\">Les <strong>Festes de la Pur\u00edssima Xiqueta<\/strong> tenen per davant un dels moments m\u00e9s destacats de la programaci\u00f3. I a Litoral FM (en connexi\u00f3 amb D\u00e9nia FM), hem volgut aprofitar l&#039;oportunitat per xerrar amb l&#039;alcalde de Benissa, <strong>Arturo Poquet<\/strong>, al costat del regidor de Festes, <strong>Adri\u00e1n Cabrera<\/strong>.<\/span><\/p>\n<p><span style=\"font-weight: 400;\">Per part seva, Cabrera tenia clar que hi ha un parell d&#039;actes centrals que s\u00f3n emotius i rellevants per a la festa: la <strong>baixada de la Pur\u00edssima<\/strong> i el <strong>Riberer<\/strong>. Aix\u00ed mateix, les activitats taurines tamb\u00e9 s\u00f3n estimades pels ve\u00efns, aix\u00ed com la <strong>Ofrena de Flors<\/strong> i la <strong>Coronaci\u00f3 de les Reines<\/strong>, que se celebra aquest mateix divendres.<\/span><\/p>\n<p><span style=\"font-weight: 400;\">\u201c&quot;Probablement sigui l\u00b4acte m\u00e9s emotiu, despr\u00e9s d\u00b4un any rebr\u00e0 la seva corona i representar\u00e0 els ve\u00efns a partir d\u00b4aquell moment&quot;. A m\u00e9s, ha volgut recordar el que ha passat amb la mort de la jove cinquena dels festers d&#039;aquest any: \u201dEls festers d&#039;aquest any la tindran en record durant les festes\u00ab.<\/span><\/p>\n<p><span style=\"font-weight: 400;\">La programaci\u00f3 \u00e9s ben \u00e0mplia, i si volem gaudir de totes les activitats haurem de tenir preparats alguns remeis vitals per sobrevenir aquests dies. &quot;Tenim una recepta per a tothom, el cinqu\u00e8 i pilota. Aix\u00f2 et fa ressuscitar l&#039;endem\u00e0, \u00e9s pr\u00e0cticament una tradici\u00f3 despr\u00e9s d&#039;anar a missa&quot;, comentava el regidor de Festes sobre cl\u00e0ssics per aguantar el ritme de les festivitats.<\/span><\/p>\n<p><span style=\"font-weight: 400;\">\u201c&quot;Hem fet una programaci\u00f3 a l&#039;al\u00e7ada de les nostres festes i el nostre poble; ha estat un plaer treballar colze a colze amb tota la Comissi\u00f3 de Festes&quot;, va apuntar Cabrera.<\/span><\/p>\n<p><span style=\"font-weight: 400;\">Pots escoltar l&#039;entrevista \u00edntegra al seg\u00fcent p\u00f2dcast.<\/span><\/p>\n<audio class=\"wp-audio-shortcode\" id=\"audio-20349-1\" preload=\"none\" style=\"width: 100%;\" controls=\"controls\"><source type=\"audio\/mpeg\" src=\"https:\/\/media.radiolitoral.com\/wp-content\/uploads\/2026\/04\/24114100\/ENTREVISTA-PURISSIMA-XIQUETA-.mp3?_=1\" \/><a href=\"https:\/\/media.radiolitoral.com\/wp-content\/uploads\/2026\/04\/24114100\/ENTREVISTA-PURISSIMA-XIQUETA-.mp3\">https:\/\/media.radiolitoral.com\/wp-content\/uploads\/2026\/04\/24114100\/ENTREVISTA-PURISSIMA-XIQUETA-.mp3<\/a><\/audio>","protected":false},"excerpt":{"rendered":"<p>Las Fiestas de la Pur\u00edssima Xiqueta tienen por delante uno de los momentos m\u00e1s destacados de la programaci\u00f3n. Y en Litoral FM (en conexi\u00f3n con D\u00e9nia FM), hemos querido aprovechar la oportunidad para charlar con el alcalde de Benissa, Arturo Poquet, junto al concejal de Fiestas, Adri\u00e1n Cabrera. Por su parte, Cabrera ten\u00eda claro que [&#8230;]<\/p>\n<p><a class=\"btn btn-secondary understrap-read-more-link\" href=\"https:\/\/radiolitoral.com\/ca\/2026\/04\/benissa-celebra-un-fin-de-semana-cargado-de-emocion-por-las-fiestas-de-la-purissima-xiqueta\/\">Continua llegint&#8230;<span class=\"screen-reader-text\"> from Benissa celebra un fin de semana cargado de emoci\u00f3n por las Fiestas de la Pur\u00edssima Xiqueta<\/span><\/a><\/p>\n","protected":false},"author":14,"featured_media":20352,"comment_status":"open","ping_status":"closed","sticky":false,"template":"","format":"standard","meta":{"_acf_changed":false,"inline_featured_image":false,"footnotes":""},"categories":[276],"tags":[886,1209,126,1025,5285],"class_list":["post-20349","post","type-post","status-publish","format-standard","has-post-thumbnail","hentry","category-fiestas","tag-adrian-cabrera","tag-arturo-poquet","tag-benissa","tag-fiestas","tag-fiestas-de-la-purissima-xiqueta","cobertura-benissa"],"acf":[],"yoast_head":"<!-- This site is optimized with the Yoast SEO plugin v27.4 - https:\/\/yoast.com\/product\/yoast-seo-wordpress\/ -->\n<title>Benissa celebra un fin de semana cargado de emoci\u00f3n por las Fiestas de la Pur\u00edssima Xiqueta | R\u00e0dio Litoral<\/title>\n<meta name=\"description\" content=\"El alcalde de Benissa, Arturo Poquet, junto al concejal de Fiestas, Adri\u00e1n Cabrera, destacan algunas citas para los pr\u00f3ximos d\u00edas\" \/>\n<meta name=\"robots\" content=\"index, follow, max-snippet:-1, max-image-preview:large, max-video-preview:-1\" \/>\n<link rel=\"canonical\" href=\"https:\/\/radiolitoral.com\/ca\/2026\/04\/benissa-celebra-un-cap-de-setmana-carregat-democion-per-les-festes-de-la-petita-noia\/\" \/>\n<meta property=\"og:locale\" content=\"ca_ES\" \/>\n<meta property=\"og:type\" content=\"article\" \/>\n<meta property=\"og:title\" content=\"Benissa celebra un fin de semana cargado de emoci\u00f3n por las Fiestas de la Pur\u00edssima Xiqueta | R\u00e0dio Litoral\" \/>\n<meta property=\"og:description\" content=\"El alcalde de Benissa, Arturo Poquet, junto al concejal de Fiestas, Adri\u00e1n Cabrera, destacan algunas citas para los pr\u00f3ximos d\u00edas\" \/>\n<meta property=\"og:url\" content=\"https:\/\/radiolitoral.com\/ca\/2026\/04\/benissa-celebra-un-cap-de-setmana-carregat-democion-per-les-festes-de-la-petita-noia\/\" \/>\n<meta property=\"og:site_name\" content=\"R\u00e0dio Litoral\" \/>\n<meta property=\"article:publisher\" content=\"https:\/\/www.facebook.com\/Laradiolitoral\/\" \/>\n<meta property=\"article:published_time\" content=\"2026-04-24T10:33:30+00:00\" \/>\n<meta property=\"og:image\" content=\"https:\/\/media.radiolitoral.com\/wp-content\/uploads\/2026\/04\/24123146\/DESTACADA-WEB-88.png\" \/>\n\t<meta property=\"og:image:width\" content=\"1920\" \/>\n\t<meta property=\"og:image:height\" content=\"1166\" \/>\n\t<meta property=\"og:image:type\" content=\"image\/png\" \/>\n<meta name=\"author\" content=\"Redacci\u00f3n\" \/>\n<meta name=\"twitter:card\" content=\"summary_large_image\" \/>\n<meta name=\"twitter:label1\" content=\"Escrit per\" \/>\n\t<meta name=\"twitter:data1\" content=\"Redacci\u00f3n\" \/>\n\t<meta name=\"twitter:label2\" content=\"Temps estimat de lectura\" \/>\n\t<meta name=\"twitter:data2\" content=\"2 minuts\" \/>\n<script type=\"application\/ld+json\" class=\"yoast-schema-graph\">{\"@context\":\"https:\\\/\\\/schema.org\",\"@graph\":[{\"@type\":\"NewsArticle\",\"@id\":\"https:\\\/\\\/radiolitoral.com\\\/2026\\\/04\\\/benissa-celebra-un-fin-de-semana-cargado-de-emocion-por-las-fiestas-de-la-purissima-xiqueta\\\/#article\",\"isPartOf\":{\"@id\":\"https:\\\/\\\/radiolitoral.com\\\/2026\\\/04\\\/benissa-celebra-un-fin-de-semana-cargado-de-emocion-por-las-fiestas-de-la-purissima-xiqueta\\\/\"},\"author\":{\"name\":\"Redacci\u00f3n\",\"@id\":\"https:\\\/\\\/radiolitoral.com\\\/#\\\/schema\\\/person\\\/96b739642eb3bedb532aac3812d23307\"},\"headline\":\"Benissa celebra un fin de semana cargado de emoci\u00f3n por las Fiestas de la Pur\u00edssima Xiqueta\",\"datePublished\":\"2026-04-24T10:33:30+00:00\",\"mainEntityOfPage\":{\"@id\":\"https:\\\/\\\/radiolitoral.com\\\/2026\\\/04\\\/benissa-celebra-un-fin-de-semana-cargado-de-emocion-por-las-fiestas-de-la-purissima-xiqueta\\\/\"},\"wordCount\":316,\"commentCount\":0,\"publisher\":{\"@id\":\"https:\\\/\\\/radiolitoral.com\\\/#organization\"},\"image\":{\"@id\":\"https:\\\/\\\/radiolitoral.com\\\/2026\\\/04\\\/benissa-celebra-un-fin-de-semana-cargado-de-emocion-por-las-fiestas-de-la-purissima-xiqueta\\\/#primaryimage\"},\"thumbnailUrl\":\"https:\\\/\\\/media.radiolitoral.com\\\/wp-content\\\/uploads\\\/2026\\\/04\\\/24123146\\\/DESTACADA-WEB-88.png\",\"keywords\":[\"Adri\u00e1n Cabrera\",\"Arturo Poquet\",\"Benissa\",\"Fiestas\",\"Fiestas de la Pur\u00edssima Xiqueta\"],\"articleSection\":[\"Fiestas\"],\"inLanguage\":\"ca\",\"potentialAction\":[{\"@type\":\"CommentAction\",\"name\":\"Comment\",\"target\":[\"https:\\\/\\\/radiolitoral.com\\\/2026\\\/04\\\/benissa-celebra-un-fin-de-semana-cargado-de-emocion-por-las-fiestas-de-la-purissima-xiqueta\\\/#respond\"]}]},{\"@type\":[\"WebPage\",\"ItemPage\"],\"@id\":\"https:\\\/\\\/radiolitoral.com\\\/2026\\\/04\\\/benissa-celebra-un-fin-de-semana-cargado-de-emocion-por-las-fiestas-de-la-purissima-xiqueta\\\/\",\"url\":\"https:\\\/\\\/radiolitoral.com\\\/2026\\\/04\\\/benissa-celebra-un-fin-de-semana-cargado-de-emocion-por-las-fiestas-de-la-purissima-xiqueta\\\/\",\"name\":\"Benissa celebra un fin de semana cargado de emoci\u00f3n por las Fiestas de la Pur\u00edssima Xiqueta | R\u00e0dio Litoral\",\"isPartOf\":{\"@id\":\"https:\\\/\\\/radiolitoral.com\\\/#website\"},\"primaryImageOfPage\":{\"@id\":\"https:\\\/\\\/radiolitoral.com\\\/2026\\\/04\\\/benissa-celebra-un-fin-de-semana-cargado-de-emocion-por-las-fiestas-de-la-purissima-xiqueta\\\/#primaryimage\"},\"image\":{\"@id\":\"https:\\\/\\\/radiolitoral.com\\\/2026\\\/04\\\/benissa-celebra-un-fin-de-semana-cargado-de-emocion-por-las-fiestas-de-la-purissima-xiqueta\\\/#primaryimage\"},\"thumbnailUrl\":\"https:\\\/\\\/media.radiolitoral.com\\\/wp-content\\\/uploads\\\/2026\\\/04\\\/24123146\\\/DESTACADA-WEB-88.png\",\"datePublished\":\"2026-04-24T10:33:30+00:00\",\"description\":\"El alcalde de Benissa, Arturo Poquet, junto al concejal de Fiestas, Adri\u00e1n Cabrera, destacan algunas citas para los pr\u00f3ximos d\u00edas\",\"breadcrumb\":{\"@id\":\"https:\\\/\\\/radiolitoral.com\\\/2026\\\/04\\\/benissa-celebra-un-fin-de-semana-cargado-de-emocion-por-las-fiestas-de-la-purissima-xiqueta\\\/#breadcrumb\"},\"inLanguage\":\"ca\",\"potentialAction\":[{\"@type\":\"ReadAction\",\"target\":[\"https:\\\/\\\/radiolitoral.com\\\/2026\\\/04\\\/benissa-celebra-un-fin-de-semana-cargado-de-emocion-por-las-fiestas-de-la-purissima-xiqueta\\\/\"]}]},{\"@type\":\"ImageObject\",\"inLanguage\":\"ca\",\"@id\":\"https:\\\/\\\/radiolitoral.com\\\/2026\\\/04\\\/benissa-celebra-un-fin-de-semana-cargado-de-emocion-por-las-fiestas-de-la-purissima-xiqueta\\\/#primaryimage\",\"url\":\"https:\\\/\\\/media.radiolitoral.com\\\/wp-content\\\/uploads\\\/2026\\\/04\\\/24123146\\\/DESTACADA-WEB-88.png\",\"contentUrl\":\"https:\\\/\\\/media.radiolitoral.com\\\/wp-content\\\/uploads\\\/2026\\\/04\\\/24123146\\\/DESTACADA-WEB-88.png\",\"width\":1920,\"height\":1166},{\"@type\":\"BreadcrumbList\",\"@id\":\"https:\\\/\\\/radiolitoral.com\\\/2026\\\/04\\\/benissa-celebra-un-fin-de-semana-cargado-de-emocion-por-las-fiestas-de-la-purissima-xiqueta\\\/#breadcrumb\",\"itemListElement\":[{\"@type\":\"ListItem\",\"position\":1,\"name\":\"Portada\",\"item\":\"https:\\\/\\\/radiolitoral.com\\\/\"},{\"@type\":\"ListItem\",\"position\":2,\"name\":\"Benissa celebra un fin de semana cargado de emoci\u00f3n por las Fiestas de la Pur\u00edssima Xiqueta\"}]},{\"@type\":\"WebSite\",\"@id\":\"https:\\\/\\\/radiolitoral.com\\\/#website\",\"url\":\"https:\\\/\\\/radiolitoral.com\\\/\",\"name\":\"Radio Litoral\",\"description\":\"La radio local de la Marina Alta\",\"publisher\":{\"@id\":\"https:\\\/\\\/radiolitoral.com\\\/#organization\"},\"alternateName\":\"Litoral FM\",\"potentialAction\":[{\"@type\":\"SearchAction\",\"target\":{\"@type\":\"EntryPoint\",\"urlTemplate\":\"https:\\\/\\\/radiolitoral.com\\\/?s={search_term_string}\"},\"query-input\":{\"@type\":\"PropertyValueSpecification\",\"valueRequired\":true,\"valueName\":\"search_term_string\"}}],\"inLanguage\":\"ca\"},{\"@type\":\"Organization\",\"@id\":\"https:\\\/\\\/radiolitoral.com\\\/#organization\",\"name\":\"Radio Litoral\",\"url\":\"https:\\\/\\\/radiolitoral.com\\\/\",\"logo\":{\"@type\":\"ImageObject\",\"inLanguage\":\"ca\",\"@id\":\"https:\\\/\\\/radiolitoral.com\\\/#\\\/schema\\\/logo\\\/image\\\/\",\"url\":\"https:\\\/\\\/media.radiolitoral.com\\\/wp-content\\\/uploads\\\/2023\\\/02\\\/24143238\\\/CL-V-RadioLitoral696.png\",\"contentUrl\":\"https:\\\/\\\/media.radiolitoral.com\\\/wp-content\\\/uploads\\\/2023\\\/02\\\/24143238\\\/CL-V-RadioLitoral696.png\",\"width\":696,\"height\":696,\"caption\":\"Radio Litoral\"},\"image\":{\"@id\":\"https:\\\/\\\/radiolitoral.com\\\/#\\\/schema\\\/logo\\\/image\\\/\"},\"sameAs\":[\"https:\\\/\\\/www.facebook.com\\\/Laradiolitoral\\\/\"]},{\"@type\":\"Person\",\"@id\":\"https:\\\/\\\/radiolitoral.com\\\/#\\\/schema\\\/person\\\/96b739642eb3bedb532aac3812d23307\",\"name\":\"Redacci\u00f3n\",\"image\":{\"@type\":\"ImageObject\",\"inLanguage\":\"ca\",\"@id\":\"https:\\\/\\\/secure.gravatar.com\\\/avatar\\\/30cd06129ee90411dd9c7cbdcf17464181d1a3c7b072e92070ea75a25cf0097e?s=96&d=mm&r=g\",\"url\":\"https:\\\/\\\/secure.gravatar.com\\\/avatar\\\/30cd06129ee90411dd9c7cbdcf17464181d1a3c7b072e92070ea75a25cf0097e?s=96&d=mm&r=g\",\"contentUrl\":\"https:\\\/\\\/secure.gravatar.com\\\/avatar\\\/30cd06129ee90411dd9c7cbdcf17464181d1a3c7b072e92070ea75a25cf0097e?s=96&d=mm&r=g\",\"caption\":\"Redacci\u00f3n\"},\"url\":\"https:\\\/\\\/radiolitoral.com\\\/ca\\\/author\\\/kevin-carrio\\\/\"}]}<\/script>\n<!-- \/ Yoast SEO plugin. -->","yoast_head_json":{"title":"Benissa celebra un cap de setmana carregat d&#039;emoci\u00f3 per les Festes de la Pur\u00edssima Xiqueta | R\u00e0dio Litoral","description":"L&#039;alcalde de Benissa, Arturo Poquet, amb el regidor de Festes, Adri\u00e1n Cabrera, destaquen algunes cites per als propers dies","robots":{"index":"index","follow":"follow","max-snippet":"max-snippet:-1","max-image-preview":"max-image-preview:large","max-video-preview":"max-video-preview:-1"},"canonical":"https:\/\/radiolitoral.com\/ca\/2026\/04\/benissa-celebra-un-cap-de-setmana-carregat-democion-per-les-festes-de-la-petita-noia\/","og_locale":"ca_ES","og_type":"article","og_title":"Benissa celebra un fin de semana cargado de emoci\u00f3n por las Fiestas de la Pur\u00edssima Xiqueta | R\u00e0dio Litoral","og_description":"El alcalde de Benissa, Arturo Poquet, junto al concejal de Fiestas, Adri\u00e1n Cabrera, destacan algunas citas para los pr\u00f3ximos d\u00edas","og_url":"https:\/\/radiolitoral.com\/ca\/2026\/04\/benissa-celebra-un-cap-de-setmana-carregat-democion-per-les-festes-de-la-petita-noia\/","og_site_name":"R\u00e0dio Litoral","article_publisher":"https:\/\/www.facebook.com\/Laradiolitoral\/","article_published_time":"2026-04-24T10:33:30+00:00","og_image":[{"width":1920,"height":1166,"url":"https:\/\/media.radiolitoral.com\/wp-content\/uploads\/2026\/04\/24123146\/DESTACADA-WEB-88.png","type":"image\/png"}],"author":"Redacci\u00f3n","twitter_card":"summary_large_image","twitter_misc":{"Escrit per":"Redacci\u00f3n","Temps estimat de lectura":"2 minuts"},"schema":{"@context":"https:\/\/schema.org","@graph":[{"@type":"NewsArticle","@id":"https:\/\/radiolitoral.com\/2026\/04\/benissa-celebra-un-fin-de-semana-cargado-de-emocion-por-las-fiestas-de-la-purissima-xiqueta\/#article","isPartOf":{"@id":"https:\/\/radiolitoral.com\/2026\/04\/benissa-celebra-un-fin-de-semana-cargado-de-emocion-por-las-fiestas-de-la-purissima-xiqueta\/"},"author":{"name":"Redacci\u00f3n","@id":"https:\/\/radiolitoral.com\/#\/schema\/person\/96b739642eb3bedb532aac3812d23307"},"headline":"Benissa celebra un fin de semana cargado de emoci\u00f3n por las Fiestas de la Pur\u00edssima Xiqueta","datePublished":"2026-04-24T10:33:30+00:00","mainEntityOfPage":{"@id":"https:\/\/radiolitoral.com\/2026\/04\/benissa-celebra-un-fin-de-semana-cargado-de-emocion-por-las-fiestas-de-la-purissima-xiqueta\/"},"wordCount":316,"commentCount":0,"publisher":{"@id":"https:\/\/radiolitoral.com\/#organization"},"image":{"@id":"https:\/\/radiolitoral.com\/2026\/04\/benissa-celebra-un-fin-de-semana-cargado-de-emocion-por-las-fiestas-de-la-purissima-xiqueta\/#primaryimage"},"thumbnailUrl":"https:\/\/media.radiolitoral.com\/wp-content\/uploads\/2026\/04\/24123146\/DESTACADA-WEB-88.png","keywords":["Adri\u00e1n Cabrera","Arturo Poquet","Benissa","Fiestas","Fiestas de la Pur\u00edssima Xiqueta"],"articleSection":["Fiestas"],"inLanguage":"ca","potentialAction":[{"@type":"CommentAction","name":"Comment","target":["https:\/\/radiolitoral.com\/2026\/04\/benissa-celebra-un-fin-de-semana-cargado-de-emocion-por-las-fiestas-de-la-purissima-xiqueta\/#respond"]}]},{"@type":["WebPage","ItemPage"],"@id":"https:\/\/radiolitoral.com\/2026\/04\/benissa-celebra-un-fin-de-semana-cargado-de-emocion-por-las-fiestas-de-la-purissima-xiqueta\/","url":"https:\/\/radiolitoral.com\/2026\/04\/benissa-celebra-un-fin-de-semana-cargado-de-emocion-por-las-fiestas-de-la-purissima-xiqueta\/","name":"Benissa celebra un cap de setmana carregat d&#039;emoci\u00f3 per les Festes de la Pur\u00edssima Xiqueta | R\u00e0dio Litoral","isPartOf":{"@id":"https:\/\/radiolitoral.com\/#website"},"primaryImageOfPage":{"@id":"https:\/\/radiolitoral.com\/2026\/04\/benissa-celebra-un-fin-de-semana-cargado-de-emocion-por-las-fiestas-de-la-purissima-xiqueta\/#primaryimage"},"image":{"@id":"https:\/\/radiolitoral.com\/2026\/04\/benissa-celebra-un-fin-de-semana-cargado-de-emocion-por-las-fiestas-de-la-purissima-xiqueta\/#primaryimage"},"thumbnailUrl":"https:\/\/media.radiolitoral.com\/wp-content\/uploads\/2026\/04\/24123146\/DESTACADA-WEB-88.png","datePublished":"2026-04-24T10:33:30+00:00","description":"L&#039;alcalde de Benissa, Arturo Poquet, amb el regidor de Festes, Adri\u00e1n Cabrera, destaquen algunes cites per als propers dies","breadcrumb":{"@id":"https:\/\/radiolitoral.com\/2026\/04\/benissa-celebra-un-fin-de-semana-cargado-de-emocion-por-las-fiestas-de-la-purissima-xiqueta\/#breadcrumb"},"inLanguage":"ca","potentialAction":[{"@type":"ReadAction","target":["https:\/\/radiolitoral.com\/2026\/04\/benissa-celebra-un-fin-de-semana-cargado-de-emocion-por-las-fiestas-de-la-purissima-xiqueta\/"]}]},{"@type":"ImageObject","inLanguage":"ca","@id":"https:\/\/radiolitoral.com\/2026\/04\/benissa-celebra-un-fin-de-semana-cargado-de-emocion-por-las-fiestas-de-la-purissima-xiqueta\/#primaryimage","url":"https:\/\/media.radiolitoral.com\/wp-content\/uploads\/2026\/04\/24123146\/DESTACADA-WEB-88.png","contentUrl":"https:\/\/media.radiolitoral.com\/wp-content\/uploads\/2026\/04\/24123146\/DESTACADA-WEB-88.png","width":1920,"height":1166},{"@type":"BreadcrumbList","@id":"https:\/\/radiolitoral.com\/2026\/04\/benissa-celebra-un-fin-de-semana-cargado-de-emocion-por-las-fiestas-de-la-purissima-xiqueta\/#breadcrumb","itemListElement":[{"@type":"ListItem","position":1,"name":"Portada","item":"https:\/\/radiolitoral.com\/"},{"@type":"ListItem","position":2,"name":"Benissa celebra un fin de semana cargado de emoci\u00f3n por las Fiestas de la Pur\u00edssima Xiqueta"}]},{"@type":"WebSite","@id":"https:\/\/radiolitoral.com\/#website","url":"https:\/\/radiolitoral.com\/","name":"R\u00e0dio Litoral","description":"La r\u00e0dio local de la Marina Alta","publisher":{"@id":"https:\/\/radiolitoral.com\/#organization"},"alternateName":"Litoral FM","potentialAction":[{"@type":"SearchAction","target":{"@type":"EntryPoint","urlTemplate":"https:\/\/radiolitoral.com\/?s={search_term_string}"},"query-input":{"@type":"PropertyValueSpecification","valueRequired":true,"valueName":"search_term_string"}}],"inLanguage":"ca"},{"@type":"Organization","@id":"https:\/\/radiolitoral.com\/#organization","name":"R\u00e0dio Litoral","url":"https:\/\/radiolitoral.com\/","logo":{"@type":"ImageObject","inLanguage":"ca","@id":"https:\/\/radiolitoral.com\/#\/schema\/logo\/image\/","url":"https:\/\/media.radiolitoral.com\/wp-content\/uploads\/2023\/02\/24143238\/CL-V-RadioLitoral696.png","contentUrl":"https:\/\/media.radiolitoral.com\/wp-content\/uploads\/2023\/02\/24143238\/CL-V-RadioLitoral696.png","width":696,"height":696,"caption":"Radio Litoral"},"image":{"@id":"https:\/\/radiolitoral.com\/#\/schema\/logo\/image\/"},"sameAs":["https:\/\/www.facebook.com\/Laradiolitoral\/"]},{"@type":"Person","@id":"https:\/\/radiolitoral.com\/#\/schema\/person\/96b739642eb3bedb532aac3812d23307","name":"Redacci\u00f3","image":{"@type":"ImageObject","inLanguage":"ca","@id":"https:\/\/secure.gravatar.com\/avatar\/30cd06129ee90411dd9c7cbdcf17464181d1a3c7b072e92070ea75a25cf0097e?s=96&d=mm&r=g","url":"https:\/\/secure.gravatar.com\/avatar\/30cd06129ee90411dd9c7cbdcf17464181d1a3c7b072e92070ea75a25cf0097e?s=96&d=mm&r=g","contentUrl":"https:\/\/secure.gravatar.com\/avatar\/30cd06129ee90411dd9c7cbdcf17464181d1a3c7b072e92070ea75a25cf0097e?s=96&d=mm&r=g","caption":"Redacci\u00f3n"},"url":"https:\/\/radiolitoral.com\/ca\/author\/kevin-carrio\/"}]}},"_links":{"self":[{"href":"https:\/\/radiolitoral.com\/ca\/wp-json\/wp\/v2\/posts\/20349","targetHints":{"allow":["GET"]}}],"collection":[{"href":"https:\/\/radiolitoral.com\/ca\/wp-json\/wp\/v2\/posts"}],"about":[{"href":"https:\/\/radiolitoral.com\/ca\/wp-json\/wp\/v2\/types\/post"}],"author":[{"embeddable":true,"href":"https:\/\/radiolitoral.com\/ca\/wp-json\/wp\/v2\/users\/14"}],"replies":[{"embeddable":true,"href":"https:\/\/radiolitoral.com\/ca\/wp-json\/wp\/v2\/comments?post=20349"}],"version-history":[{"count":2,"href":"https:\/\/radiolitoral.com\/ca\/wp-json\/wp\/v2\/posts\/20349\/revisions"}],"predecessor-version":[{"id":20353,"href":"https:\/\/radiolitoral.com\/ca\/wp-json\/wp\/v2\/posts\/20349\/revisions\/20353"}],"wp:featuredmedia":[{"embeddable":true,"href":"https:\/\/radiolitoral.com\/ca\/wp-json\/wp\/v2\/media\/20352"}],"wp:attachment":[{"href":"https:\/\/radiolitoral.com\/ca\/wp-json\/wp\/v2\/media?parent=20349"}],"wp:term":[{"taxonomy":"category","embeddable":true,"href":"https:\/\/radiolitoral.com\/ca\/wp-json\/wp\/v2\/categories?post=20349"},{"taxonomy":"post_tag","embeddable":true,"href":"https:\/\/radiolitoral.com\/ca\/wp-json\/wp\/v2\/tags?post=20349"}],"curies":[{"name":"wp","href":"https:\/\/api.w.org\/{rel}","templated":true}]}}