{"id":2023,"date":"2023-04-06T09:18:03","date_gmt":"2023-04-06T07:18:03","guid":{"rendered":"https:\/\/radiolitoral.com\/?p=2023"},"modified":"2023-04-05T23:38:49","modified_gmt":"2023-04-05T21:38:49","slug":"dijous-sant-de-processons-a-calp","status":"publish","type":"post","link":"https:\/\/radiolitoral.com\/ca\/2023\/04\/jueves-santo-de-procesiones-en-calp\/","title":{"rendered":"Dijous Sant de processons a Calp"},"content":{"rendered":"<p>Avui prestem una atenci\u00f3 especial als actes programats a Calp amb motiu d&#039;aquestes celebracions religioses. Quatre s\u00f3n les confraries, \u2013<strong>La Germandat del Crist dels Gitans el Poder\u00f3s, la Confraria de Jes\u00fas el Natzar\u00e8, la Confraria del Crist de les Tres Caigudes, la Germandat del Silenci i la Germandat La nostra Senyora de la Salut- que participen a la Setmana Santa Calpina<\/strong>, que al costat de la <strong>Comissi\u00f3 de Festes i les parr\u00f2quies de La nostra Sra. De les Neus i La nostra Senyora de la Merc\u00e8<\/strong>, han organitzat un complet i ampli programa coordinat per la Junta Major de Confraries i Germandats de Setmana Santa.<\/p>\n<p>El fervor dels calpins surt aquests dies en mode de process\u00f3 pels carrers del municipi, en una s\u00e8rie d&#039;actes religiosos que desperten tamb\u00e9 l&#039;inter\u00e8s tur\u00edstic dels que visiten la ciutat del Penyal en aquestes dates.<\/p>\n<p>Avui <strong>Dijous Sant<\/strong> s&#039;ha previst, a les <strong>19.30 h la Santa Missa del Sopar del Senyor. A les 21.00h Process\u00f3 Confraria del nostre Pare Jes\u00fas Natzar\u00e8 ia les 12 de la nit, la Process\u00f3 Germandat Penitencial del Silenci<\/strong>.<\/p>\n<p><strong>Miguel \u00c1ngel Marcos, capell\u00e0 rector de Calp<\/strong>, anima a participar en totes les propostes que s&#039;inclouen aquesta Setmana Santa.<\/p>\n<audio class=\"wp-audio-shortcode\" id=\"audio-2023-1\" preload=\"none\" style=\"width: 100%;\" controls=\"controls\"><source type=\"audio\/mpeg\" src=\"https:\/\/media.radiolitoral.com\/wp-content\/uploads\/2023\/04\/05232139\/Miguel-Angel-Marcos-Cura.mp3?_=1\" \/><a href=\"https:\/\/media.radiolitoral.com\/wp-content\/uploads\/2023\/04\/05232139\/Miguel-Angel-Marcos-Cura.mp3\">https:\/\/media.radiolitoral.com\/wp-content\/uploads\/2023\/04\/05232139\/Miguel-Angel-Marcos-Cura.mp3<\/a><\/audio>","protected":false},"excerpt":{"rendered":"<p>Hoy prestamos especial atenci\u00f3n a los actos programados en Calp con motivo de estas celebraciones religiosas. Cuatro son las cofrad\u00edas, &#8211;La Hermandad del Cristo de los Gitanos el Poderoso, la Cofrad\u00eda de Jes\u00fas el Nazareno, la Cofrad\u00eda del Cristo de las Tres Ca\u00eddas, la Hermandad del Silencio y la Hermandad Nuestra Se\u00f1ora de la Salud- [&#8230;]<\/p>\n<p><a class=\"btn btn-secondary understrap-read-more-link\" href=\"https:\/\/radiolitoral.com\/ca\/2023\/04\/jueves-santo-de-procesiones-en-calp\/\">Continua llegint&#8230;<span class=\"screen-reader-text\"> from Jueves Santo de procesiones en Calp<\/span><\/a><\/p>\n","protected":false},"author":13,"featured_media":2025,"comment_status":"open","ping_status":"closed","sticky":false,"template":"","format":"standard","meta":{"_acf_changed":false,"inline_featured_image":false,"footnotes":""},"categories":[276],"tags":[122,459],"class_list":["post-2023","post","type-post","status-publish","format-standard","has-post-thumbnail","hentry","category-fiestas","tag-calp","tag-semana-santa-calp","cobertura-calp"],"acf":[],"yoast_head":"<!-- This site is optimized with the Yoast SEO plugin v27.5 - https:\/\/yoast.com\/product\/yoast-seo-wordpress\/ -->\n<title>Jueves Santo de procesiones en Calp | R\u00e0dio Litoral<\/title>\n<meta name=\"description\" content=\"Santa Misa de la Cena del Se\u00f1or, Procesi\u00f3n Cofrad\u00eda de Nuestro Padre Jes\u00fas Nazareno y Procesi\u00f3n Hermandad Penitencial del Silencio\" \/>\n<meta name=\"robots\" content=\"index, follow, max-snippet:-1, max-image-preview:large, max-video-preview:-1\" \/>\n<link rel=\"canonical\" href=\"https:\/\/radiolitoral.com\/ca\/2023\/04\/dijous-sant-de-processons-a-calp\/\" \/>\n<meta property=\"og:locale\" content=\"ca_ES\" \/>\n<meta property=\"og:type\" content=\"article\" \/>\n<meta property=\"og:title\" content=\"Jueves Santo de procesiones en Calp | R\u00e0dio Litoral\" \/>\n<meta property=\"og:description\" content=\"Santa Misa de la Cena del Se\u00f1or, Procesi\u00f3n Cofrad\u00eda de Nuestro Padre Jes\u00fas Nazareno y Procesi\u00f3n Hermandad Penitencial del Silencio\" \/>\n<meta property=\"og:url\" content=\"https:\/\/radiolitoral.com\/ca\/2023\/04\/dijous-sant-de-processons-a-calp\/\" \/>\n<meta property=\"og:site_name\" content=\"R\u00e0dio Litoral\" \/>\n<meta property=\"article:publisher\" content=\"https:\/\/www.facebook.com\/Laradiolitoral\/\" \/>\n<meta property=\"article:published_time\" content=\"2023-04-06T07:18:03+00:00\" \/>\n<meta property=\"og:image\" content=\"https:\/\/media.radiolitoral.com\/wp-content\/uploads\/2023\/04\/05232619\/semana-santa.jpg\" \/>\n\t<meta property=\"og:image:width\" content=\"700\" \/>\n\t<meta property=\"og:image:height\" content=\"419\" \/>\n\t<meta property=\"og:image:type\" content=\"image\/jpeg\" \/>\n<meta name=\"author\" content=\"Redacci\u00f3n\" \/>\n<meta name=\"twitter:card\" content=\"summary_large_image\" \/>\n<meta name=\"twitter:label1\" content=\"Escrit per\" \/>\n\t<meta name=\"twitter:data1\" content=\"Redacci\u00f3n\" \/>\n\t<meta name=\"twitter:label2\" content=\"Temps estimat de lectura\" \/>\n\t<meta name=\"twitter:data2\" content=\"1 minut\" \/>\n<script type=\"application\/ld+json\" class=\"yoast-schema-graph\">{\"@context\":\"https:\\\/\\\/schema.org\",\"@graph\":[{\"@type\":\"NewsArticle\",\"@id\":\"https:\\\/\\\/radiolitoral.com\\\/2023\\\/04\\\/jueves-santo-de-procesiones-en-calp\\\/#article\",\"isPartOf\":{\"@id\":\"https:\\\/\\\/radiolitoral.com\\\/2023\\\/04\\\/jueves-santo-de-procesiones-en-calp\\\/\"},\"author\":{\"name\":\"Redacci\u00f3n\",\"@id\":\"https:\\\/\\\/radiolitoral.com\\\/#\\\/schema\\\/person\\\/f2b2343c49b5d721857cc1002bfdb151\"},\"headline\":\"Jueves Santo de procesiones en Calp\",\"datePublished\":\"2023-04-06T07:18:03+00:00\",\"mainEntityOfPage\":{\"@id\":\"https:\\\/\\\/radiolitoral.com\\\/2023\\\/04\\\/jueves-santo-de-procesiones-en-calp\\\/\"},\"wordCount\":241,\"commentCount\":0,\"publisher\":{\"@id\":\"https:\\\/\\\/radiolitoral.com\\\/#organization\"},\"image\":{\"@id\":\"https:\\\/\\\/radiolitoral.com\\\/2023\\\/04\\\/jueves-santo-de-procesiones-en-calp\\\/#primaryimage\"},\"thumbnailUrl\":\"https:\\\/\\\/media.radiolitoral.com\\\/wp-content\\\/uploads\\\/2023\\\/04\\\/05232619\\\/semana-santa.jpg\",\"keywords\":[\"Calp\",\"Semana Santa Calp\"],\"articleSection\":[\"Fiestas\"],\"inLanguage\":\"ca\",\"potentialAction\":[{\"@type\":\"CommentAction\",\"name\":\"Comment\",\"target\":[\"https:\\\/\\\/radiolitoral.com\\\/2023\\\/04\\\/jueves-santo-de-procesiones-en-calp\\\/#respond\"]}]},{\"@type\":[\"WebPage\",\"ItemPage\"],\"@id\":\"https:\\\/\\\/radiolitoral.com\\\/2023\\\/04\\\/jueves-santo-de-procesiones-en-calp\\\/\",\"url\":\"https:\\\/\\\/radiolitoral.com\\\/2023\\\/04\\\/jueves-santo-de-procesiones-en-calp\\\/\",\"name\":\"Jueves Santo de procesiones en Calp | R\u00e0dio Litoral\",\"isPartOf\":{\"@id\":\"https:\\\/\\\/radiolitoral.com\\\/#website\"},\"primaryImageOfPage\":{\"@id\":\"https:\\\/\\\/radiolitoral.com\\\/2023\\\/04\\\/jueves-santo-de-procesiones-en-calp\\\/#primaryimage\"},\"image\":{\"@id\":\"https:\\\/\\\/radiolitoral.com\\\/2023\\\/04\\\/jueves-santo-de-procesiones-en-calp\\\/#primaryimage\"},\"thumbnailUrl\":\"https:\\\/\\\/media.radiolitoral.com\\\/wp-content\\\/uploads\\\/2023\\\/04\\\/05232619\\\/semana-santa.jpg\",\"datePublished\":\"2023-04-06T07:18:03+00:00\",\"description\":\"Santa Misa de la Cena del Se\u00f1or, Procesi\u00f3n Cofrad\u00eda de Nuestro Padre Jes\u00fas Nazareno y Procesi\u00f3n Hermandad Penitencial del Silencio\",\"breadcrumb\":{\"@id\":\"https:\\\/\\\/radiolitoral.com\\\/2023\\\/04\\\/jueves-santo-de-procesiones-en-calp\\\/#breadcrumb\"},\"inLanguage\":\"ca\",\"potentialAction\":[{\"@type\":\"ReadAction\",\"target\":[\"https:\\\/\\\/radiolitoral.com\\\/2023\\\/04\\\/jueves-santo-de-procesiones-en-calp\\\/\"]}]},{\"@type\":\"ImageObject\",\"inLanguage\":\"ca\",\"@id\":\"https:\\\/\\\/radiolitoral.com\\\/2023\\\/04\\\/jueves-santo-de-procesiones-en-calp\\\/#primaryimage\",\"url\":\"https:\\\/\\\/media.radiolitoral.com\\\/wp-content\\\/uploads\\\/2023\\\/04\\\/05232619\\\/semana-santa.jpg\",\"contentUrl\":\"https:\\\/\\\/media.radiolitoral.com\\\/wp-content\\\/uploads\\\/2023\\\/04\\\/05232619\\\/semana-santa.jpg\",\"width\":700,\"height\":419},{\"@type\":\"BreadcrumbList\",\"@id\":\"https:\\\/\\\/radiolitoral.com\\\/2023\\\/04\\\/jueves-santo-de-procesiones-en-calp\\\/#breadcrumb\",\"itemListElement\":[{\"@type\":\"ListItem\",\"position\":1,\"name\":\"Portada\",\"item\":\"https:\\\/\\\/radiolitoral.com\\\/\"},{\"@type\":\"ListItem\",\"position\":2,\"name\":\"Jueves Santo de procesiones en Calp\"}]},{\"@type\":\"WebSite\",\"@id\":\"https:\\\/\\\/radiolitoral.com\\\/#website\",\"url\":\"https:\\\/\\\/radiolitoral.com\\\/\",\"name\":\"Radio Litoral\",\"description\":\"La radio local de la Marina Alta\",\"publisher\":{\"@id\":\"https:\\\/\\\/radiolitoral.com\\\/#organization\"},\"alternateName\":\"Litoral FM\",\"potentialAction\":[{\"@type\":\"SearchAction\",\"target\":{\"@type\":\"EntryPoint\",\"urlTemplate\":\"https:\\\/\\\/radiolitoral.com\\\/?s={search_term_string}\"},\"query-input\":{\"@type\":\"PropertyValueSpecification\",\"valueRequired\":true,\"valueName\":\"search_term_string\"}}],\"inLanguage\":\"ca\"},{\"@type\":\"Organization\",\"@id\":\"https:\\\/\\\/radiolitoral.com\\\/#organization\",\"name\":\"Radio Litoral\",\"url\":\"https:\\\/\\\/radiolitoral.com\\\/\",\"logo\":{\"@type\":\"ImageObject\",\"inLanguage\":\"ca\",\"@id\":\"https:\\\/\\\/radiolitoral.com\\\/#\\\/schema\\\/logo\\\/image\\\/\",\"url\":\"https:\\\/\\\/media.radiolitoral.com\\\/wp-content\\\/uploads\\\/2023\\\/02\\\/24143238\\\/CL-V-RadioLitoral696.png\",\"contentUrl\":\"https:\\\/\\\/media.radiolitoral.com\\\/wp-content\\\/uploads\\\/2023\\\/02\\\/24143238\\\/CL-V-RadioLitoral696.png\",\"width\":696,\"height\":696,\"caption\":\"Radio Litoral\"},\"image\":{\"@id\":\"https:\\\/\\\/radiolitoral.com\\\/#\\\/schema\\\/logo\\\/image\\\/\"},\"sameAs\":[\"https:\\\/\\\/www.facebook.com\\\/Laradiolitoral\\\/\"]},{\"@type\":\"Person\",\"@id\":\"https:\\\/\\\/radiolitoral.com\\\/#\\\/schema\\\/person\\\/f2b2343c49b5d721857cc1002bfdb151\",\"name\":\"Redacci\u00f3n\",\"image\":{\"@type\":\"ImageObject\",\"inLanguage\":\"ca\",\"@id\":\"https:\\\/\\\/secure.gravatar.com\\\/avatar\\\/f771d896c203ad8b3382d7905cfcce5a5c9b008b84b3cd9114e9b9f4cb63f789?s=96&d=mm&r=g\",\"url\":\"https:\\\/\\\/secure.gravatar.com\\\/avatar\\\/f771d896c203ad8b3382d7905cfcce5a5c9b008b84b3cd9114e9b9f4cb63f789?s=96&d=mm&r=g\",\"contentUrl\":\"https:\\\/\\\/secure.gravatar.com\\\/avatar\\\/f771d896c203ad8b3382d7905cfcce5a5c9b008b84b3cd9114e9b9f4cb63f789?s=96&d=mm&r=g\",\"caption\":\"Redacci\u00f3n\"},\"url\":\"https:\\\/\\\/radiolitoral.com\\\/ca\\\/author\\\/miriam-pagan\\\/\"}]}<\/script>\n<!-- \/ Yoast SEO plugin. -->","yoast_head_json":{"title":"Dijous Sant de processons a Calp | R\u00e0dio Litoral","description":"Santa Missa del Sopar del Senyor, Process\u00f3 Confraria del nostre Pare Jes\u00fas Natzar\u00e8 i Process\u00f3 Germandat Penitencial del Silenci","robots":{"index":"index","follow":"follow","max-snippet":"max-snippet:-1","max-image-preview":"max-image-preview:large","max-video-preview":"max-video-preview:-1"},"canonical":"https:\/\/radiolitoral.com\/ca\/2023\/04\/dijous-sant-de-processons-a-calp\/","og_locale":"ca_ES","og_type":"article","og_title":"Jueves Santo de procesiones en Calp | R\u00e0dio Litoral","og_description":"Santa Misa de la Cena del Se\u00f1or, Procesi\u00f3n Cofrad\u00eda de Nuestro Padre Jes\u00fas Nazareno y Procesi\u00f3n Hermandad Penitencial del Silencio","og_url":"https:\/\/radiolitoral.com\/ca\/2023\/04\/dijous-sant-de-processons-a-calp\/","og_site_name":"R\u00e0dio Litoral","article_publisher":"https:\/\/www.facebook.com\/Laradiolitoral\/","article_published_time":"2023-04-06T07:18:03+00:00","og_image":[{"width":700,"height":419,"url":"https:\/\/media.radiolitoral.com\/wp-content\/uploads\/2023\/04\/05232619\/semana-santa.jpg","type":"image\/jpeg"}],"author":"Redacci\u00f3n","twitter_card":"summary_large_image","twitter_misc":{"Escrit per":"Redacci\u00f3n","Temps estimat de lectura":"1 minut"},"schema":{"@context":"https:\/\/schema.org","@graph":[{"@type":"NewsArticle","@id":"https:\/\/radiolitoral.com\/2023\/04\/jueves-santo-de-procesiones-en-calp\/#article","isPartOf":{"@id":"https:\/\/radiolitoral.com\/2023\/04\/jueves-santo-de-procesiones-en-calp\/"},"author":{"name":"Redacci\u00f3n","@id":"https:\/\/radiolitoral.com\/#\/schema\/person\/f2b2343c49b5d721857cc1002bfdb151"},"headline":"Jueves Santo de procesiones en Calp","datePublished":"2023-04-06T07:18:03+00:00","mainEntityOfPage":{"@id":"https:\/\/radiolitoral.com\/2023\/04\/jueves-santo-de-procesiones-en-calp\/"},"wordCount":241,"commentCount":0,"publisher":{"@id":"https:\/\/radiolitoral.com\/#organization"},"image":{"@id":"https:\/\/radiolitoral.com\/2023\/04\/jueves-santo-de-procesiones-en-calp\/#primaryimage"},"thumbnailUrl":"https:\/\/media.radiolitoral.com\/wp-content\/uploads\/2023\/04\/05232619\/semana-santa.jpg","keywords":["Calp","Semana Santa Calp"],"articleSection":["Fiestas"],"inLanguage":"ca","potentialAction":[{"@type":"CommentAction","name":"Comment","target":["https:\/\/radiolitoral.com\/2023\/04\/jueves-santo-de-procesiones-en-calp\/#respond"]}]},{"@type":["WebPage","ItemPage"],"@id":"https:\/\/radiolitoral.com\/2023\/04\/jueves-santo-de-procesiones-en-calp\/","url":"https:\/\/radiolitoral.com\/2023\/04\/jueves-santo-de-procesiones-en-calp\/","name":"Dijous Sant de processons a Calp | R\u00e0dio Litoral","isPartOf":{"@id":"https:\/\/radiolitoral.com\/#website"},"primaryImageOfPage":{"@id":"https:\/\/radiolitoral.com\/2023\/04\/jueves-santo-de-procesiones-en-calp\/#primaryimage"},"image":{"@id":"https:\/\/radiolitoral.com\/2023\/04\/jueves-santo-de-procesiones-en-calp\/#primaryimage"},"thumbnailUrl":"https:\/\/media.radiolitoral.com\/wp-content\/uploads\/2023\/04\/05232619\/semana-santa.jpg","datePublished":"2023-04-06T07:18:03+00:00","description":"Santa Missa del Sopar del Senyor, Process\u00f3 Confraria del nostre Pare Jes\u00fas Natzar\u00e8 i Process\u00f3 Germandat Penitencial del Silenci","breadcrumb":{"@id":"https:\/\/radiolitoral.com\/2023\/04\/jueves-santo-de-procesiones-en-calp\/#breadcrumb"},"inLanguage":"ca","potentialAction":[{"@type":"ReadAction","target":["https:\/\/radiolitoral.com\/2023\/04\/jueves-santo-de-procesiones-en-calp\/"]}]},{"@type":"ImageObject","inLanguage":"ca","@id":"https:\/\/radiolitoral.com\/2023\/04\/jueves-santo-de-procesiones-en-calp\/#primaryimage","url":"https:\/\/media.radiolitoral.com\/wp-content\/uploads\/2023\/04\/05232619\/semana-santa.jpg","contentUrl":"https:\/\/media.radiolitoral.com\/wp-content\/uploads\/2023\/04\/05232619\/semana-santa.jpg","width":700,"height":419},{"@type":"BreadcrumbList","@id":"https:\/\/radiolitoral.com\/2023\/04\/jueves-santo-de-procesiones-en-calp\/#breadcrumb","itemListElement":[{"@type":"ListItem","position":1,"name":"Portada","item":"https:\/\/radiolitoral.com\/"},{"@type":"ListItem","position":2,"name":"Jueves Santo de procesiones en Calp"}]},{"@type":"WebSite","@id":"https:\/\/radiolitoral.com\/#website","url":"https:\/\/radiolitoral.com\/","name":"R\u00e0dio Litoral","description":"La r\u00e0dio local de la Marina Alta","publisher":{"@id":"https:\/\/radiolitoral.com\/#organization"},"alternateName":"Litoral FM","potentialAction":[{"@type":"SearchAction","target":{"@type":"EntryPoint","urlTemplate":"https:\/\/radiolitoral.com\/?s={search_term_string}"},"query-input":{"@type":"PropertyValueSpecification","valueRequired":true,"valueName":"search_term_string"}}],"inLanguage":"ca"},{"@type":"Organization","@id":"https:\/\/radiolitoral.com\/#organization","name":"R\u00e0dio Litoral","url":"https:\/\/radiolitoral.com\/","logo":{"@type":"ImageObject","inLanguage":"ca","@id":"https:\/\/radiolitoral.com\/#\/schema\/logo\/image\/","url":"https:\/\/media.radiolitoral.com\/wp-content\/uploads\/2023\/02\/24143238\/CL-V-RadioLitoral696.png","contentUrl":"https:\/\/media.radiolitoral.com\/wp-content\/uploads\/2023\/02\/24143238\/CL-V-RadioLitoral696.png","width":696,"height":696,"caption":"Radio Litoral"},"image":{"@id":"https:\/\/radiolitoral.com\/#\/schema\/logo\/image\/"},"sameAs":["https:\/\/www.facebook.com\/Laradiolitoral\/"]},{"@type":"Person","@id":"https:\/\/radiolitoral.com\/#\/schema\/person\/f2b2343c49b5d721857cc1002bfdb151","name":"Redacci\u00f3","image":{"@type":"ImageObject","inLanguage":"ca","@id":"https:\/\/secure.gravatar.com\/avatar\/f771d896c203ad8b3382d7905cfcce5a5c9b008b84b3cd9114e9b9f4cb63f789?s=96&d=mm&r=g","url":"https:\/\/secure.gravatar.com\/avatar\/f771d896c203ad8b3382d7905cfcce5a5c9b008b84b3cd9114e9b9f4cb63f789?s=96&d=mm&r=g","contentUrl":"https:\/\/secure.gravatar.com\/avatar\/f771d896c203ad8b3382d7905cfcce5a5c9b008b84b3cd9114e9b9f4cb63f789?s=96&d=mm&r=g","caption":"Redacci\u00f3n"},"url":"https:\/\/radiolitoral.com\/ca\/author\/miriam-pagan\/"}]}},"_links":{"self":[{"href":"https:\/\/radiolitoral.com\/ca\/wp-json\/wp\/v2\/posts\/2023","targetHints":{"allow":["GET"]}}],"collection":[{"href":"https:\/\/radiolitoral.com\/ca\/wp-json\/wp\/v2\/posts"}],"about":[{"href":"https:\/\/radiolitoral.com\/ca\/wp-json\/wp\/v2\/types\/post"}],"author":[{"embeddable":true,"href":"https:\/\/radiolitoral.com\/ca\/wp-json\/wp\/v2\/users\/13"}],"replies":[{"embeddable":true,"href":"https:\/\/radiolitoral.com\/ca\/wp-json\/wp\/v2\/comments?post=2023"}],"version-history":[{"count":1,"href":"https:\/\/radiolitoral.com\/ca\/wp-json\/wp\/v2\/posts\/2023\/revisions"}],"predecessor-version":[{"id":2026,"href":"https:\/\/radiolitoral.com\/ca\/wp-json\/wp\/v2\/posts\/2023\/revisions\/2026"}],"wp:featuredmedia":[{"embeddable":true,"href":"https:\/\/radiolitoral.com\/ca\/wp-json\/wp\/v2\/media\/2025"}],"wp:attachment":[{"href":"https:\/\/radiolitoral.com\/ca\/wp-json\/wp\/v2\/media?parent=2023"}],"wp:term":[{"taxonomy":"category","embeddable":true,"href":"https:\/\/radiolitoral.com\/ca\/wp-json\/wp\/v2\/categories?post=2023"},{"taxonomy":"post_tag","embeddable":true,"href":"https:\/\/radiolitoral.com\/ca\/wp-json\/wp\/v2\/tags?post=2023"}],"curies":[{"name":"wp","href":"https:\/\/api.w.org\/{rel}","templated":true}]}}