{"id":20075,"date":"2026-03-17T08:12:26","date_gmt":"2026-03-17T07:12:26","guid":{"rendered":"https:\/\/radiolitoral.com\/?p=20075"},"modified":"2026-03-17T08:17:20","modified_gmt":"2026-03-17T07:17:20","slug":"el-calpi-fran-lopez-triomf-a-la-cursa-popular-de-tellada","status":"publish","type":"post","link":"https:\/\/radiolitoral.com\/ca\/2026\/03\/el-calpino-fran-lopez-triunfo-en-la-cursa-popular-de-teulada\/","title":{"rendered":"El calp\u00ed Fran L\u00f3pez va triomfar a la Cursa Popular de Teulada"},"content":{"rendered":"<p>La <strong>XXII Cursa Popular de Teulada<\/strong>, \u00faltima prova del <strong>Circuit a Peu Marina Alta<\/strong>, va deixar grans actuacions i va marcar la continuaci\u00f3 del domini de <strong>Fran L\u00f3pez<\/strong> i <strong>M\u00aa Isabel Ferrer<\/strong> en les categories respectives. La carrera, organitzada pel <strong>CA Corremons de Teulada<\/strong>, va tenir un recorregut de <strong>9.800 metres<\/strong> amb un tra\u00e7at que va desafiar els corredors a mesurar els seus esfor\u00e7os i aprofitar les bones condicions de la jornada.<\/p>\n<h4>L\u00f3pez dominador de la cursa<\/h4>\n<p>El <strong>atleta del CA Irun Calp<\/strong>, <strong>Fran L\u00f3pez<\/strong>, es va al\u00e7ar amb la <strong>vict\u00f2ria<\/strong> en creuar la meta a <strong>32:42<\/strong>, demostrant el seu excel\u00b7lent estat de forma. L\u00f3pez no va tenir rival a l&#039;\u00faltima part de la cursa i va mantenir un ritme constant i r\u00e0pid que li va permetre arribar al <strong>primer lloc<\/strong> amb un avantatge considerable. La <strong>segona pla\u00e7a<\/strong> va ser per <strong>Robert Harrison<\/strong>, del <strong>CE Llebeig<\/strong>, qui va arribar <strong>8 segons darrere del guanyador<\/strong>, amb un temps de <strong>32:50<\/strong>. El <strong>podi mascul\u00ed<\/strong> el va tancar <strong>Jos\u00e9 Manuel Garc\u00eda Barrag\u00e1n<\/strong>, amb <strong>33:16<\/strong>, completant aix\u00ed una classificaci\u00f3 molt competitiva.<\/p>\n<figure id=\"attachment_20077\" aria-describedby=\"caption-attachment-20077\" style=\"width: 1354px\" class=\"wp-caption alignnone\"><img loading=\"lazy\" decoding=\"async\" class=\"wp-image-20077 size-full\" src=\"https:\/\/media.radiolitoral.com\/wp-content\/uploads\/2026\/03\/16192637\/Trio-femenino-vencedor-en-Teulada.jpg\" alt=\"\" width=\"1354\" height=\"1016\" srcset=\"https:\/\/media.radiolitoral.com\/wp-content\/uploads\/2026\/03\/16192637\/Trio-femenino-vencedor-en-Teulada.jpg 1354w, https:\/\/media.radiolitoral.com\/wp-content\/uploads\/2026\/03\/16192637\/Trio-femenino-vencedor-en-Teulada-300x225.jpg 300w, https:\/\/media.radiolitoral.com\/wp-content\/uploads\/2026\/03\/16192637\/Trio-femenino-vencedor-en-Teulada-1024x768.jpg 1024w, https:\/\/media.radiolitoral.com\/wp-content\/uploads\/2026\/03\/16192637\/Trio-femenino-vencedor-en-Teulada-768x576.jpg 768w, https:\/\/media.radiolitoral.com\/wp-content\/uploads\/2026\/03\/16192637\/Trio-femenino-vencedor-en-Teulada-16x12.jpg 16w, https:\/\/media.radiolitoral.com\/wp-content\/uploads\/2026\/03\/16192637\/Trio-femenino-vencedor-en-Teulada-1000x750.jpg 1000w, https:\/\/media.radiolitoral.com\/wp-content\/uploads\/2026\/03\/16192637\/Trio-femenino-vencedor-en-Teulada-100x75.jpg 100w, https:\/\/media.radiolitoral.com\/wp-content\/uploads\/2026\/03\/16192637\/Trio-femenino-vencedor-en-Teulada-200x150.jpg 200w\" sizes=\"auto, (max-width: 1354px) 100vw, 1354px\" \/><figcaption id=\"caption-attachment-20077\" class=\"wp-caption-text\">Les millors corredores a Teulada | Circuit a Peu<\/figcaption><\/figure>\n<h4>M\u00aa Isabel Ferrer, l\u00edder a la categoria femenina<\/h4>\n<p>A la categoria femenina, el <strong>podi<\/strong> no va presentar novetats respecte a la <strong>carrera anterior<\/strong> celebrada a <strong>Gata de Gorgos<\/strong>, ja que <strong>M\u00aa Isabel Ferrer<\/strong> (CE Llebeig) va tornar a <strong>imposar-se amb autoritat<\/strong>, aquesta vegada amb un temps de <strong>37:01<\/strong>. <strong>Eri Yonamine<\/strong> (Kamikazes Gang) va repetir a la <strong>segona posici\u00f3<\/strong>, amb <strong>38:42<\/strong>, mentre que <strong>Cristina Rosell\u00f3<\/strong> (CA Publidom) es va emportar <strong>la tercera pla\u00e7a<\/strong> amb un temps de <strong>40:02<\/strong>.<\/p>\n<p>El <strong>CA Corremons de Teulada<\/strong> va aconseguir organitzar una jornada memorable, tant per als corredors com per al p\u00fablic. Els participants van viure un recorregut molt animat, amb <strong>gran ambient<\/strong> gr\u00e0cies als nombrosos <strong>espectadors<\/strong> que van animar cadascun dels corredors. La <strong>animaci\u00f3 musical<\/strong> al llarg del trajecte tamb\u00e9 va ser clau per fer m\u00e9s suportable la cursa i per mantenir l&#039;energia dels atletes durant tot el recorregut.<\/p>\n<p>Amb aquesta vict\u00f2ria, <strong>Fran L\u00f3pez<\/strong> reafirma el seu domini al <strong>Circuit a Peu Marina Alta<\/strong>, mentre que <strong>M\u00aa Isabel Ferrer<\/strong> continua demostrant la seva supremacia a la categoria femenina. La <strong>XXII Cursa Popular de Teulada<\/strong> va tancar amb \u00e8xit una nova edici\u00f3 del circuit, deixant grans records i enfortint el <strong>atletisme popular<\/strong> a la <strong>Marina Alta<\/strong>.<\/p>\n<p>La propera cursa puntuable del Circuit a Peu Marina Alta, la IX Volta a Peu El Poble Nou de Benitatxell, amb un tra\u00e7at de 9.200 metres, organitzada pel Club Multiesport.<\/p>\n<p><script src=\"chrome-extension:\/\/flbolonkboilcbnohjlchlfgdalomdpl\/iFrame.js\" type=\"text\/javascript\"><\/script><\/p>\n<p><script src=\"chrome-extension:\/\/flbolonkboilcbnohjlchlfgdalomdpl\/iFrame.js\" type=\"text\/javascript\"><\/script><\/p>\n<p><script src=\"chrome-extension:\/\/flbolonkboilcbnohjlchlfgdalomdpl\/iFrame.js\" type=\"text\/javascript\"><\/script><\/p>","protected":false},"excerpt":{"rendered":"<p>La XXII Cursa Popular de Teulada, \u00faltima prueba del Circuit a Peu Marina Alta, dej\u00f3 grandes actuaciones y marc\u00f3 la continuaci\u00f3n del dominio de Fran L\u00f3pez y M\u00aa Isabel Ferrer en sus respectivas categor\u00edas. La carrera, organizada por el CA Corremundos de Teulada, tuvo un recorrido de 9.800 metros con un trazado que desafi\u00f3 a [&#8230;]<\/p>\n<p><a class=\"btn btn-secondary understrap-read-more-link\" href=\"https:\/\/radiolitoral.com\/ca\/2026\/03\/el-calpino-fran-lopez-triunfo-en-la-cursa-popular-de-teulada\/\">Continua llegint&#8230;<span class=\"screen-reader-text\"> from El calpino Fran L\u00f3pez triunf\u00f3 en la Cursa Popular de Teulada<\/span><\/a><\/p>\n","protected":false},"author":12,"featured_media":20076,"comment_status":"open","ping_status":"closed","sticky":false,"template":"","format":"standard","meta":{"_acf_changed":false,"inline_featured_image":false,"footnotes":""},"categories":[5],"tags":[],"class_list":["post-20075","post","type-post","status-publish","format-standard","has-post-thumbnail","hentry","category-deportes","cobertura-teulada-moraira"],"acf":[],"yoast_head":"<!-- This site is optimized with the Yoast SEO plugin v27.5 - https:\/\/yoast.com\/product\/yoast-seo-wordpress\/ -->\n<title>El calpino Fran L\u00f3pez triunf\u00f3 en la Cursa Popular de Teulada | R\u00e0dio Litoral<\/title>\n<meta name=\"description\" content=\"El atleta del CA Irun Calpe est\u00e1 demostrando su gran momento de forma en el arranque del Circuit a Peu Marina Alta El atleta del CA Irun Calpe est\u00e1 demostrando su gran momento de forma en el arranque del Circuit a Peu Marina Alta\" \/>\n<meta name=\"robots\" content=\"index, follow, max-snippet:-1, max-image-preview:large, max-video-preview:-1\" \/>\n<link rel=\"canonical\" href=\"https:\/\/radiolitoral.com\/ca\/2026\/03\/el-calpi-fran-lopez-triomf-a-la-cursa-popular-de-tellada\/\" \/>\n<meta property=\"og:locale\" content=\"ca_ES\" \/>\n<meta property=\"og:type\" content=\"article\" \/>\n<meta property=\"og:title\" content=\"El calpino Fran L\u00f3pez triunf\u00f3 en la Cursa Popular de Teulada | R\u00e0dio Litoral\" \/>\n<meta property=\"og:description\" content=\"El atleta del CA Irun Calpe est\u00e1 demostrando su gran momento de forma en el arranque del Circuit a Peu Marina Alta El atleta del CA Irun Calpe est\u00e1 demostrando su gran momento de forma en el arranque del Circuit a Peu Marina Alta\" \/>\n<meta property=\"og:url\" content=\"https:\/\/radiolitoral.com\/ca\/2026\/03\/el-calpi-fran-lopez-triomf-a-la-cursa-popular-de-tellada\/\" \/>\n<meta property=\"og:site_name\" content=\"R\u00e0dio Litoral\" \/>\n<meta property=\"article:publisher\" content=\"https:\/\/www.facebook.com\/Laradiolitoral\/\" \/>\n<meta property=\"article:published_time\" content=\"2026-03-17T07:12:26+00:00\" \/>\n<meta property=\"article:modified_time\" content=\"2026-03-17T07:17:20+00:00\" \/>\n<meta property=\"og:image\" content=\"https:\/\/media.radiolitoral.com\/wp-content\/uploads\/2026\/03\/16192546\/Trio-ganador-masculino-en-Teulada.jpg\" \/>\n\t<meta property=\"og:image:width\" content=\"1354\" \/>\n\t<meta property=\"og:image:height\" content=\"999\" \/>\n\t<meta property=\"og:image:type\" content=\"image\/jpeg\" \/>\n<meta name=\"author\" content=\"Javier Zamora\" \/>\n<meta name=\"twitter:card\" content=\"summary_large_image\" \/>\n<meta name=\"twitter:label1\" content=\"Escrit per\" \/>\n\t<meta name=\"twitter:data1\" content=\"Javier Zamora\" \/>\n\t<meta name=\"twitter:label2\" content=\"Temps estimat de lectura\" \/>\n\t<meta name=\"twitter:data2\" content=\"3 minuts\" \/>\n<script type=\"application\/ld+json\" class=\"yoast-schema-graph\">{\"@context\":\"https:\\\/\\\/schema.org\",\"@graph\":[{\"@type\":\"NewsArticle\",\"@id\":\"https:\\\/\\\/radiolitoral.com\\\/2026\\\/03\\\/el-calpino-fran-lopez-triunfo-en-la-cursa-popular-de-teulada\\\/#article\",\"isPartOf\":{\"@id\":\"https:\\\/\\\/radiolitoral.com\\\/2026\\\/03\\\/el-calpino-fran-lopez-triunfo-en-la-cursa-popular-de-teulada\\\/\"},\"author\":{\"name\":\"Javier Zamora\",\"@id\":\"https:\\\/\\\/radiolitoral.com\\\/#\\\/schema\\\/person\\\/7b1480b5caeb5acdd4ec6379caf62b22\"},\"headline\":\"El calpino Fran L\u00f3pez triunf\u00f3 en la Cursa Popular de Teulada\",\"datePublished\":\"2026-03-17T07:12:26+00:00\",\"dateModified\":\"2026-03-17T07:17:20+00:00\",\"mainEntityOfPage\":{\"@id\":\"https:\\\/\\\/radiolitoral.com\\\/2026\\\/03\\\/el-calpino-fran-lopez-triunfo-en-la-cursa-popular-de-teulada\\\/\"},\"wordCount\":439,\"commentCount\":0,\"publisher\":{\"@id\":\"https:\\\/\\\/radiolitoral.com\\\/#organization\"},\"image\":{\"@id\":\"https:\\\/\\\/radiolitoral.com\\\/2026\\\/03\\\/el-calpino-fran-lopez-triunfo-en-la-cursa-popular-de-teulada\\\/#primaryimage\"},\"thumbnailUrl\":\"https:\\\/\\\/media.radiolitoral.com\\\/wp-content\\\/uploads\\\/2026\\\/03\\\/16192546\\\/Trio-ganador-masculino-en-Teulada.jpg\",\"articleSection\":[\"Deportes\"],\"inLanguage\":\"ca\",\"potentialAction\":[{\"@type\":\"CommentAction\",\"name\":\"Comment\",\"target\":[\"https:\\\/\\\/radiolitoral.com\\\/2026\\\/03\\\/el-calpino-fran-lopez-triunfo-en-la-cursa-popular-de-teulada\\\/#respond\"]}]},{\"@type\":[\"WebPage\",\"ItemPage\"],\"@id\":\"https:\\\/\\\/radiolitoral.com\\\/2026\\\/03\\\/el-calpino-fran-lopez-triunfo-en-la-cursa-popular-de-teulada\\\/\",\"url\":\"https:\\\/\\\/radiolitoral.com\\\/2026\\\/03\\\/el-calpino-fran-lopez-triunfo-en-la-cursa-popular-de-teulada\\\/\",\"name\":\"El calpino Fran L\u00f3pez triunf\u00f3 en la Cursa Popular de Teulada | R\u00e0dio Litoral\",\"isPartOf\":{\"@id\":\"https:\\\/\\\/radiolitoral.com\\\/#website\"},\"primaryImageOfPage\":{\"@id\":\"https:\\\/\\\/radiolitoral.com\\\/2026\\\/03\\\/el-calpino-fran-lopez-triunfo-en-la-cursa-popular-de-teulada\\\/#primaryimage\"},\"image\":{\"@id\":\"https:\\\/\\\/radiolitoral.com\\\/2026\\\/03\\\/el-calpino-fran-lopez-triunfo-en-la-cursa-popular-de-teulada\\\/#primaryimage\"},\"thumbnailUrl\":\"https:\\\/\\\/media.radiolitoral.com\\\/wp-content\\\/uploads\\\/2026\\\/03\\\/16192546\\\/Trio-ganador-masculino-en-Teulada.jpg\",\"datePublished\":\"2026-03-17T07:12:26+00:00\",\"dateModified\":\"2026-03-17T07:17:20+00:00\",\"description\":\"El atleta del CA Irun Calpe est\u00e1 demostrando su gran momento de forma en el arranque del Circuit a Peu Marina Alta El atleta del CA Irun Calpe est\u00e1 demostrando su gran momento de forma en el arranque del Circuit a Peu Marina Alta\",\"breadcrumb\":{\"@id\":\"https:\\\/\\\/radiolitoral.com\\\/2026\\\/03\\\/el-calpino-fran-lopez-triunfo-en-la-cursa-popular-de-teulada\\\/#breadcrumb\"},\"inLanguage\":\"ca\",\"potentialAction\":[{\"@type\":\"ReadAction\",\"target\":[\"https:\\\/\\\/radiolitoral.com\\\/2026\\\/03\\\/el-calpino-fran-lopez-triunfo-en-la-cursa-popular-de-teulada\\\/\"]}]},{\"@type\":\"ImageObject\",\"inLanguage\":\"ca\",\"@id\":\"https:\\\/\\\/radiolitoral.com\\\/2026\\\/03\\\/el-calpino-fran-lopez-triunfo-en-la-cursa-popular-de-teulada\\\/#primaryimage\",\"url\":\"https:\\\/\\\/media.radiolitoral.com\\\/wp-content\\\/uploads\\\/2026\\\/03\\\/16192546\\\/Trio-ganador-masculino-en-Teulada.jpg\",\"contentUrl\":\"https:\\\/\\\/media.radiolitoral.com\\\/wp-content\\\/uploads\\\/2026\\\/03\\\/16192546\\\/Trio-ganador-masculino-en-Teulada.jpg\",\"width\":1354,\"height\":999},{\"@type\":\"BreadcrumbList\",\"@id\":\"https:\\\/\\\/radiolitoral.com\\\/2026\\\/03\\\/el-calpino-fran-lopez-triunfo-en-la-cursa-popular-de-teulada\\\/#breadcrumb\",\"itemListElement\":[{\"@type\":\"ListItem\",\"position\":1,\"name\":\"Portada\",\"item\":\"https:\\\/\\\/radiolitoral.com\\\/\"},{\"@type\":\"ListItem\",\"position\":2,\"name\":\"El calpino Fran L\u00f3pez triunf\u00f3 en la Cursa Popular de Teulada\"}]},{\"@type\":\"WebSite\",\"@id\":\"https:\\\/\\\/radiolitoral.com\\\/#website\",\"url\":\"https:\\\/\\\/radiolitoral.com\\\/\",\"name\":\"Radio Litoral\",\"description\":\"La radio local de la Marina Alta\",\"publisher\":{\"@id\":\"https:\\\/\\\/radiolitoral.com\\\/#organization\"},\"alternateName\":\"Litoral FM\",\"potentialAction\":[{\"@type\":\"SearchAction\",\"target\":{\"@type\":\"EntryPoint\",\"urlTemplate\":\"https:\\\/\\\/radiolitoral.com\\\/?s={search_term_string}\"},\"query-input\":{\"@type\":\"PropertyValueSpecification\",\"valueRequired\":true,\"valueName\":\"search_term_string\"}}],\"inLanguage\":\"ca\"},{\"@type\":\"Organization\",\"@id\":\"https:\\\/\\\/radiolitoral.com\\\/#organization\",\"name\":\"Radio Litoral\",\"url\":\"https:\\\/\\\/radiolitoral.com\\\/\",\"logo\":{\"@type\":\"ImageObject\",\"inLanguage\":\"ca\",\"@id\":\"https:\\\/\\\/radiolitoral.com\\\/#\\\/schema\\\/logo\\\/image\\\/\",\"url\":\"https:\\\/\\\/media.radiolitoral.com\\\/wp-content\\\/uploads\\\/2023\\\/02\\\/24143238\\\/CL-V-RadioLitoral696.png\",\"contentUrl\":\"https:\\\/\\\/media.radiolitoral.com\\\/wp-content\\\/uploads\\\/2023\\\/02\\\/24143238\\\/CL-V-RadioLitoral696.png\",\"width\":696,\"height\":696,\"caption\":\"Radio Litoral\"},\"image\":{\"@id\":\"https:\\\/\\\/radiolitoral.com\\\/#\\\/schema\\\/logo\\\/image\\\/\"},\"sameAs\":[\"https:\\\/\\\/www.facebook.com\\\/Laradiolitoral\\\/\"]},{\"@type\":\"Person\",\"@id\":\"https:\\\/\\\/radiolitoral.com\\\/#\\\/schema\\\/person\\\/7b1480b5caeb5acdd4ec6379caf62b22\",\"name\":\"Javier Zamora\",\"image\":{\"@type\":\"ImageObject\",\"inLanguage\":\"ca\",\"@id\":\"https:\\\/\\\/secure.gravatar.com\\\/avatar\\\/467a11f6918c7d619c4043fc6fa2d3853053107973f05b6e9c04ea6c4e3a7b3f?s=96&d=mm&r=g\",\"url\":\"https:\\\/\\\/secure.gravatar.com\\\/avatar\\\/467a11f6918c7d619c4043fc6fa2d3853053107973f05b6e9c04ea6c4e3a7b3f?s=96&d=mm&r=g\",\"contentUrl\":\"https:\\\/\\\/secure.gravatar.com\\\/avatar\\\/467a11f6918c7d619c4043fc6fa2d3853053107973f05b6e9c04ea6c4e3a7b3f?s=96&d=mm&r=g\",\"caption\":\"Javier Zamora\"},\"url\":\"https:\\\/\\\/radiolitoral.com\\\/ca\\\/author\\\/javier-zamora\\\/\"}]}<\/script>\n<!-- \/ Yoast SEO plugin. -->","yoast_head_json":{"title":"El calp\u00ed Fran L\u00f3pez va triomfar a la Cursa Popular de Teulada | R\u00e0dio Litoral","description":"L&#039;atleta del CA Irun Calpe est\u00e0 demostrant el seu gran moment de forma a l&#039;arrencada del Circuit a Peu Marina Alta L&#039;atleta del CA Irun Calpe est\u00e0 demostrant el seu gran moment de forma a l&#039;arrencada del Circuit a Peu Marina Alta","robots":{"index":"index","follow":"follow","max-snippet":"max-snippet:-1","max-image-preview":"max-image-preview:large","max-video-preview":"max-video-preview:-1"},"canonical":"https:\/\/radiolitoral.com\/ca\/2026\/03\/el-calpi-fran-lopez-triomf-a-la-cursa-popular-de-tellada\/","og_locale":"ca_ES","og_type":"article","og_title":"El calpino Fran L\u00f3pez triunf\u00f3 en la Cursa Popular de Teulada | R\u00e0dio Litoral","og_description":"El atleta del CA Irun Calpe est\u00e1 demostrando su gran momento de forma en el arranque del Circuit a Peu Marina Alta El atleta del CA Irun Calpe est\u00e1 demostrando su gran momento de forma en el arranque del Circuit a Peu Marina Alta","og_url":"https:\/\/radiolitoral.com\/ca\/2026\/03\/el-calpi-fran-lopez-triomf-a-la-cursa-popular-de-tellada\/","og_site_name":"R\u00e0dio Litoral","article_publisher":"https:\/\/www.facebook.com\/Laradiolitoral\/","article_published_time":"2026-03-17T07:12:26+00:00","article_modified_time":"2026-03-17T07:17:20+00:00","og_image":[{"width":1354,"height":999,"url":"https:\/\/media.radiolitoral.com\/wp-content\/uploads\/2026\/03\/16192546\/Trio-ganador-masculino-en-Teulada.jpg","type":"image\/jpeg"}],"author":"Javier Zamora","twitter_card":"summary_large_image","twitter_misc":{"Escrit per":"Javier Zamora","Temps estimat de lectura":"3 minuts"},"schema":{"@context":"https:\/\/schema.org","@graph":[{"@type":"NewsArticle","@id":"https:\/\/radiolitoral.com\/2026\/03\/el-calpino-fran-lopez-triunfo-en-la-cursa-popular-de-teulada\/#article","isPartOf":{"@id":"https:\/\/radiolitoral.com\/2026\/03\/el-calpino-fran-lopez-triunfo-en-la-cursa-popular-de-teulada\/"},"author":{"name":"Javier Zamora","@id":"https:\/\/radiolitoral.com\/#\/schema\/person\/7b1480b5caeb5acdd4ec6379caf62b22"},"headline":"El calpino Fran L\u00f3pez triunf\u00f3 en la Cursa Popular de Teulada","datePublished":"2026-03-17T07:12:26+00:00","dateModified":"2026-03-17T07:17:20+00:00","mainEntityOfPage":{"@id":"https:\/\/radiolitoral.com\/2026\/03\/el-calpino-fran-lopez-triunfo-en-la-cursa-popular-de-teulada\/"},"wordCount":439,"commentCount":0,"publisher":{"@id":"https:\/\/radiolitoral.com\/#organization"},"image":{"@id":"https:\/\/radiolitoral.com\/2026\/03\/el-calpino-fran-lopez-triunfo-en-la-cursa-popular-de-teulada\/#primaryimage"},"thumbnailUrl":"https:\/\/media.radiolitoral.com\/wp-content\/uploads\/2026\/03\/16192546\/Trio-ganador-masculino-en-Teulada.jpg","articleSection":["Deportes"],"inLanguage":"ca","potentialAction":[{"@type":"CommentAction","name":"Comment","target":["https:\/\/radiolitoral.com\/2026\/03\/el-calpino-fran-lopez-triunfo-en-la-cursa-popular-de-teulada\/#respond"]}]},{"@type":["WebPage","ItemPage"],"@id":"https:\/\/radiolitoral.com\/2026\/03\/el-calpino-fran-lopez-triunfo-en-la-cursa-popular-de-teulada\/","url":"https:\/\/radiolitoral.com\/2026\/03\/el-calpino-fran-lopez-triunfo-en-la-cursa-popular-de-teulada\/","name":"El calp\u00ed Fran L\u00f3pez va triomfar a la Cursa Popular de Teulada | R\u00e0dio Litoral","isPartOf":{"@id":"https:\/\/radiolitoral.com\/#website"},"primaryImageOfPage":{"@id":"https:\/\/radiolitoral.com\/2026\/03\/el-calpino-fran-lopez-triunfo-en-la-cursa-popular-de-teulada\/#primaryimage"},"image":{"@id":"https:\/\/radiolitoral.com\/2026\/03\/el-calpino-fran-lopez-triunfo-en-la-cursa-popular-de-teulada\/#primaryimage"},"thumbnailUrl":"https:\/\/media.radiolitoral.com\/wp-content\/uploads\/2026\/03\/16192546\/Trio-ganador-masculino-en-Teulada.jpg","datePublished":"2026-03-17T07:12:26+00:00","dateModified":"2026-03-17T07:17:20+00:00","description":"L&#039;atleta del CA Irun Calpe est\u00e0 demostrant el seu gran moment de forma a l&#039;arrencada del Circuit a Peu Marina Alta L&#039;atleta del CA Irun Calpe est\u00e0 demostrant el seu gran moment de forma a l&#039;arrencada del Circuit a Peu Marina Alta","breadcrumb":{"@id":"https:\/\/radiolitoral.com\/2026\/03\/el-calpino-fran-lopez-triunfo-en-la-cursa-popular-de-teulada\/#breadcrumb"},"inLanguage":"ca","potentialAction":[{"@type":"ReadAction","target":["https:\/\/radiolitoral.com\/2026\/03\/el-calpino-fran-lopez-triunfo-en-la-cursa-popular-de-teulada\/"]}]},{"@type":"ImageObject","inLanguage":"ca","@id":"https:\/\/radiolitoral.com\/2026\/03\/el-calpino-fran-lopez-triunfo-en-la-cursa-popular-de-teulada\/#primaryimage","url":"https:\/\/media.radiolitoral.com\/wp-content\/uploads\/2026\/03\/16192546\/Trio-ganador-masculino-en-Teulada.jpg","contentUrl":"https:\/\/media.radiolitoral.com\/wp-content\/uploads\/2026\/03\/16192546\/Trio-ganador-masculino-en-Teulada.jpg","width":1354,"height":999},{"@type":"BreadcrumbList","@id":"https:\/\/radiolitoral.com\/2026\/03\/el-calpino-fran-lopez-triunfo-en-la-cursa-popular-de-teulada\/#breadcrumb","itemListElement":[{"@type":"ListItem","position":1,"name":"Portada","item":"https:\/\/radiolitoral.com\/"},{"@type":"ListItem","position":2,"name":"El calpino Fran L\u00f3pez triunf\u00f3 en la Cursa Popular de Teulada"}]},{"@type":"WebSite","@id":"https:\/\/radiolitoral.com\/#website","url":"https:\/\/radiolitoral.com\/","name":"R\u00e0dio Litoral","description":"La r\u00e0dio local de la Marina Alta","publisher":{"@id":"https:\/\/radiolitoral.com\/#organization"},"alternateName":"Litoral FM","potentialAction":[{"@type":"SearchAction","target":{"@type":"EntryPoint","urlTemplate":"https:\/\/radiolitoral.com\/?s={search_term_string}"},"query-input":{"@type":"PropertyValueSpecification","valueRequired":true,"valueName":"search_term_string"}}],"inLanguage":"ca"},{"@type":"Organization","@id":"https:\/\/radiolitoral.com\/#organization","name":"R\u00e0dio Litoral","url":"https:\/\/radiolitoral.com\/","logo":{"@type":"ImageObject","inLanguage":"ca","@id":"https:\/\/radiolitoral.com\/#\/schema\/logo\/image\/","url":"https:\/\/media.radiolitoral.com\/wp-content\/uploads\/2023\/02\/24143238\/CL-V-RadioLitoral696.png","contentUrl":"https:\/\/media.radiolitoral.com\/wp-content\/uploads\/2023\/02\/24143238\/CL-V-RadioLitoral696.png","width":696,"height":696,"caption":"Radio Litoral"},"image":{"@id":"https:\/\/radiolitoral.com\/#\/schema\/logo\/image\/"},"sameAs":["https:\/\/www.facebook.com\/Laradiolitoral\/"]},{"@type":"Person","@id":"https:\/\/radiolitoral.com\/#\/schema\/person\/7b1480b5caeb5acdd4ec6379caf62b22","name":"Javier Zamora","image":{"@type":"ImageObject","inLanguage":"ca","@id":"https:\/\/secure.gravatar.com\/avatar\/467a11f6918c7d619c4043fc6fa2d3853053107973f05b6e9c04ea6c4e3a7b3f?s=96&d=mm&r=g","url":"https:\/\/secure.gravatar.com\/avatar\/467a11f6918c7d619c4043fc6fa2d3853053107973f05b6e9c04ea6c4e3a7b3f?s=96&d=mm&r=g","contentUrl":"https:\/\/secure.gravatar.com\/avatar\/467a11f6918c7d619c4043fc6fa2d3853053107973f05b6e9c04ea6c4e3a7b3f?s=96&d=mm&r=g","caption":"Javier Zamora"},"url":"https:\/\/radiolitoral.com\/ca\/author\/javier-zamora\/"}]}},"_links":{"self":[{"href":"https:\/\/radiolitoral.com\/ca\/wp-json\/wp\/v2\/posts\/20075","targetHints":{"allow":["GET"]}}],"collection":[{"href":"https:\/\/radiolitoral.com\/ca\/wp-json\/wp\/v2\/posts"}],"about":[{"href":"https:\/\/radiolitoral.com\/ca\/wp-json\/wp\/v2\/types\/post"}],"author":[{"embeddable":true,"href":"https:\/\/radiolitoral.com\/ca\/wp-json\/wp\/v2\/users\/12"}],"replies":[{"embeddable":true,"href":"https:\/\/radiolitoral.com\/ca\/wp-json\/wp\/v2\/comments?post=20075"}],"version-history":[{"count":4,"href":"https:\/\/radiolitoral.com\/ca\/wp-json\/wp\/v2\/posts\/20075\/revisions"}],"predecessor-version":[{"id":20084,"href":"https:\/\/radiolitoral.com\/ca\/wp-json\/wp\/v2\/posts\/20075\/revisions\/20084"}],"wp:featuredmedia":[{"embeddable":true,"href":"https:\/\/radiolitoral.com\/ca\/wp-json\/wp\/v2\/media\/20076"}],"wp:attachment":[{"href":"https:\/\/radiolitoral.com\/ca\/wp-json\/wp\/v2\/media?parent=20075"}],"wp:term":[{"taxonomy":"category","embeddable":true,"href":"https:\/\/radiolitoral.com\/ca\/wp-json\/wp\/v2\/categories?post=20075"},{"taxonomy":"post_tag","embeddable":true,"href":"https:\/\/radiolitoral.com\/ca\/wp-json\/wp\/v2\/tags?post=20075"}],"curies":[{"name":"wp","href":"https:\/\/api.w.org\/{rel}","templated":true}]}}