{"id":20065,"date":"2026-03-16T19:16:03","date_gmt":"2026-03-16T18:16:03","guid":{"rendered":"https:\/\/radiolitoral.com\/?p=20065"},"modified":"2026-03-16T19:16:03","modified_gmt":"2026-03-16T18:16:03","slug":"treballat-empat-del-fb-teulada-davant-el-novel%c2%b7la-cf-1-1","status":"publish","type":"post","link":"https:\/\/radiolitoral.com\/ca\/2026\/03\/trabajado-empate-del-fb-teulada-ante-el-novelda-cf-1-1\/","title":{"rendered":"Treballat empat de l&#039;FB Teulada davant el Novelda CF (1-1)"},"content":{"rendered":"<p>El <strong>FB Teulada<\/strong> va protagonitzar un dels partits m\u00e9s intensos de la jornada en empatar <strong>1-1 davant el Novelda CF<\/strong>, l\u00edder del grup. Des de l&#039;inici es va veure dos equips decidits a buscar la vict\u00f2ria, amb molta intensitat a cada pilota disputada.<\/p>\n<p>El <strong>Novelda<\/strong> es va avan\u00e7ar al <strong>minut 20<\/strong> gr\u00e0cies a un gol de <strong>Torregrosa<\/strong>, per\u00f2 la reacci\u00f3 local va ser immediata. Tot just <strong>vuit minuts despr\u00e9s<\/strong>, <strong>Cimmino<\/strong> va aconseguir el <strong>empat<\/strong>, tornant la igualtat al marcador.<\/p>\n<p>A la segona meitat, el conjunt visitant va augmentar el seu ritme ofensiu, encara que el <strong>Teulada<\/strong> va saber defensar amb ordre i sacrifici. El partit es va complicar a la recta final quan <strong>Pere Ivars<\/strong> va veure la <strong>segona targeta groga<\/strong>, deixant el seu equip amb un jugador menys.<\/p>\n<p>Tot i la inferioritat num\u00e8rica, el <strong>FB Teulada<\/strong> va tirar de <strong>solidaritat defensiva<\/strong> per resistir l?empenta del l\u00edder i assegurar un empat que va saber a vict\u00f2ria per a la parr\u00f2quia local.<\/p>\n<p><script src=\"chrome-extension:\/\/flbolonkboilcbnohjlchlfgdalomdpl\/iFrame.js\" type=\"text\/javascript\"><\/script><\/p>","protected":false},"excerpt":{"rendered":"<p>El FB Teulada protagoniz\u00f3 uno de los partidos m\u00e1s intensos de la jornada al empatar 1-1 ante el Novelda CF, l\u00edder del grupo. Desde el inicio se vio a dos equipos decididos a buscar la victoria, con mucha intensidad en cada bal\u00f3n disputado. El Novelda se adelant\u00f3 en el minuto 20 gracias a un gol [&#8230;]<\/p>\n<p><a class=\"btn btn-secondary understrap-read-more-link\" href=\"https:\/\/radiolitoral.com\/ca\/2026\/03\/trabajado-empate-del-fb-teulada-ante-el-novelda-cf-1-1\/\">Continua llegint&#8230;<span class=\"screen-reader-text\"> from Trabajado empate del FB Teulada ante el Novelda CF (1-1)<\/span><\/a><\/p>\n","protected":false},"author":12,"featured_media":20066,"comment_status":"open","ping_status":"closed","sticky":false,"template":"","format":"standard","meta":{"_acf_changed":false,"inline_featured_image":false,"footnotes":""},"categories":[5],"tags":[6,3338,5005],"class_list":["post-20065","post","type-post","status-publish","format-standard","has-post-thumbnail","hentry","category-deportes","tag-deportes","tag-fb-teulada","tag-novelda-cf","cobertura-teulada-moraira"],"acf":[],"yoast_head":"<!-- This site is optimized with the Yoast SEO plugin v27.5 - https:\/\/yoast.com\/product\/yoast-seo-wordpress\/ -->\n<title>Trabajado empate del FB Teulada ante el Novelda CF (1-1) | R\u00e0dio Litoral<\/title>\n<meta name=\"description\" content=\"Partido muy igualado en el que los locales jugaron los minutos finales en inferioridad num\u00e9ricaPartido muy igualado en el que los locales jugaron los minutos finales en inferioridad num\u00e9rica\" \/>\n<meta name=\"robots\" content=\"index, follow, max-snippet:-1, max-image-preview:large, max-video-preview:-1\" \/>\n<link rel=\"canonical\" href=\"https:\/\/radiolitoral.com\/ca\/2026\/03\/treballat-empat-del-fb-teulada-davant-el-novel\u00b7la-cf-1-1\/\" \/>\n<meta property=\"og:locale\" content=\"ca_ES\" \/>\n<meta property=\"og:type\" content=\"article\" \/>\n<meta property=\"og:title\" content=\"Trabajado empate del FB Teulada ante el Novelda CF (1-1) | R\u00e0dio Litoral\" \/>\n<meta property=\"og:description\" content=\"Partido muy igualado en el que los locales jugaron los minutos finales en inferioridad num\u00e9ricaPartido muy igualado en el que los locales jugaron los minutos finales en inferioridad num\u00e9rica\" \/>\n<meta property=\"og:url\" content=\"https:\/\/radiolitoral.com\/ca\/2026\/03\/treballat-empat-del-fb-teulada-davant-el-novel\u00b7la-cf-1-1\/\" \/>\n<meta property=\"og:site_name\" content=\"R\u00e0dio Litoral\" \/>\n<meta property=\"article:publisher\" content=\"https:\/\/www.facebook.com\/Laradiolitoral\/\" \/>\n<meta property=\"article:published_time\" content=\"2026-03-16T18:16:03+00:00\" \/>\n<meta property=\"og:image\" content=\"https:\/\/media.radiolitoral.com\/wp-content\/uploads\/2026\/03\/16191533\/Jugadores-del-FB-Teulada-celebrando-un-gol.jpg\" \/>\n\t<meta property=\"og:image:width\" content=\"1024\" \/>\n\t<meta property=\"og:image:height\" content=\"760\" \/>\n\t<meta property=\"og:image:type\" content=\"image\/jpeg\" \/>\n<meta name=\"author\" content=\"Javier Zamora\" \/>\n<meta name=\"twitter:card\" content=\"summary_large_image\" \/>\n<meta name=\"twitter:label1\" content=\"Escrit per\" \/>\n\t<meta name=\"twitter:data1\" content=\"Javier Zamora\" \/>\n\t<meta name=\"twitter:label2\" content=\"Temps estimat de lectura\" \/>\n\t<meta name=\"twitter:data2\" content=\"1 minut\" \/>\n<script type=\"application\/ld+json\" class=\"yoast-schema-graph\">{\"@context\":\"https:\\\/\\\/schema.org\",\"@graph\":[{\"@type\":\"NewsArticle\",\"@id\":\"https:\\\/\\\/radiolitoral.com\\\/2026\\\/03\\\/trabajado-empate-del-fb-teulada-ante-el-novelda-cf-1-1\\\/#article\",\"isPartOf\":{\"@id\":\"https:\\\/\\\/radiolitoral.com\\\/2026\\\/03\\\/trabajado-empate-del-fb-teulada-ante-el-novelda-cf-1-1\\\/\"},\"author\":{\"name\":\"Javier Zamora\",\"@id\":\"https:\\\/\\\/radiolitoral.com\\\/#\\\/schema\\\/person\\\/7b1480b5caeb5acdd4ec6379caf62b22\"},\"headline\":\"Trabajado empate del FB Teulada ante el Novelda CF (1-1)\",\"datePublished\":\"2026-03-16T18:16:03+00:00\",\"mainEntityOfPage\":{\"@id\":\"https:\\\/\\\/radiolitoral.com\\\/2026\\\/03\\\/trabajado-empate-del-fb-teulada-ante-el-novelda-cf-1-1\\\/\"},\"wordCount\":167,\"commentCount\":0,\"publisher\":{\"@id\":\"https:\\\/\\\/radiolitoral.com\\\/#organization\"},\"image\":{\"@id\":\"https:\\\/\\\/radiolitoral.com\\\/2026\\\/03\\\/trabajado-empate-del-fb-teulada-ante-el-novelda-cf-1-1\\\/#primaryimage\"},\"thumbnailUrl\":\"https:\\\/\\\/media.radiolitoral.com\\\/wp-content\\\/uploads\\\/2026\\\/03\\\/16191533\\\/Jugadores-del-FB-Teulada-celebrando-un-gol.jpg\",\"keywords\":[\"deportes\",\"FB Teulada\",\"Novelda CF\"],\"articleSection\":[\"Deportes\"],\"inLanguage\":\"ca\",\"potentialAction\":[{\"@type\":\"CommentAction\",\"name\":\"Comment\",\"target\":[\"https:\\\/\\\/radiolitoral.com\\\/2026\\\/03\\\/trabajado-empate-del-fb-teulada-ante-el-novelda-cf-1-1\\\/#respond\"]}]},{\"@type\":[\"WebPage\",\"ItemPage\"],\"@id\":\"https:\\\/\\\/radiolitoral.com\\\/2026\\\/03\\\/trabajado-empate-del-fb-teulada-ante-el-novelda-cf-1-1\\\/\",\"url\":\"https:\\\/\\\/radiolitoral.com\\\/2026\\\/03\\\/trabajado-empate-del-fb-teulada-ante-el-novelda-cf-1-1\\\/\",\"name\":\"Trabajado empate del FB Teulada ante el Novelda CF (1-1) | R\u00e0dio Litoral\",\"isPartOf\":{\"@id\":\"https:\\\/\\\/radiolitoral.com\\\/#website\"},\"primaryImageOfPage\":{\"@id\":\"https:\\\/\\\/radiolitoral.com\\\/2026\\\/03\\\/trabajado-empate-del-fb-teulada-ante-el-novelda-cf-1-1\\\/#primaryimage\"},\"image\":{\"@id\":\"https:\\\/\\\/radiolitoral.com\\\/2026\\\/03\\\/trabajado-empate-del-fb-teulada-ante-el-novelda-cf-1-1\\\/#primaryimage\"},\"thumbnailUrl\":\"https:\\\/\\\/media.radiolitoral.com\\\/wp-content\\\/uploads\\\/2026\\\/03\\\/16191533\\\/Jugadores-del-FB-Teulada-celebrando-un-gol.jpg\",\"datePublished\":\"2026-03-16T18:16:03+00:00\",\"description\":\"Partido muy igualado en el que los locales jugaron los minutos finales en inferioridad num\u00e9ricaPartido muy igualado en el que los locales jugaron los minutos finales en inferioridad num\u00e9rica\",\"breadcrumb\":{\"@id\":\"https:\\\/\\\/radiolitoral.com\\\/2026\\\/03\\\/trabajado-empate-del-fb-teulada-ante-el-novelda-cf-1-1\\\/#breadcrumb\"},\"inLanguage\":\"ca\",\"potentialAction\":[{\"@type\":\"ReadAction\",\"target\":[\"https:\\\/\\\/radiolitoral.com\\\/2026\\\/03\\\/trabajado-empate-del-fb-teulada-ante-el-novelda-cf-1-1\\\/\"]}]},{\"@type\":\"ImageObject\",\"inLanguage\":\"ca\",\"@id\":\"https:\\\/\\\/radiolitoral.com\\\/2026\\\/03\\\/trabajado-empate-del-fb-teulada-ante-el-novelda-cf-1-1\\\/#primaryimage\",\"url\":\"https:\\\/\\\/media.radiolitoral.com\\\/wp-content\\\/uploads\\\/2026\\\/03\\\/16191533\\\/Jugadores-del-FB-Teulada-celebrando-un-gol.jpg\",\"contentUrl\":\"https:\\\/\\\/media.radiolitoral.com\\\/wp-content\\\/uploads\\\/2026\\\/03\\\/16191533\\\/Jugadores-del-FB-Teulada-celebrando-un-gol.jpg\",\"width\":1024,\"height\":760},{\"@type\":\"BreadcrumbList\",\"@id\":\"https:\\\/\\\/radiolitoral.com\\\/2026\\\/03\\\/trabajado-empate-del-fb-teulada-ante-el-novelda-cf-1-1\\\/#breadcrumb\",\"itemListElement\":[{\"@type\":\"ListItem\",\"position\":1,\"name\":\"Portada\",\"item\":\"https:\\\/\\\/radiolitoral.com\\\/\"},{\"@type\":\"ListItem\",\"position\":2,\"name\":\"Trabajado empate del FB Teulada ante el Novelda CF (1-1)\"}]},{\"@type\":\"WebSite\",\"@id\":\"https:\\\/\\\/radiolitoral.com\\\/#website\",\"url\":\"https:\\\/\\\/radiolitoral.com\\\/\",\"name\":\"Radio Litoral\",\"description\":\"La radio local de la Marina Alta\",\"publisher\":{\"@id\":\"https:\\\/\\\/radiolitoral.com\\\/#organization\"},\"alternateName\":\"Litoral FM\",\"potentialAction\":[{\"@type\":\"SearchAction\",\"target\":{\"@type\":\"EntryPoint\",\"urlTemplate\":\"https:\\\/\\\/radiolitoral.com\\\/?s={search_term_string}\"},\"query-input\":{\"@type\":\"PropertyValueSpecification\",\"valueRequired\":true,\"valueName\":\"search_term_string\"}}],\"inLanguage\":\"ca\"},{\"@type\":\"Organization\",\"@id\":\"https:\\\/\\\/radiolitoral.com\\\/#organization\",\"name\":\"Radio Litoral\",\"url\":\"https:\\\/\\\/radiolitoral.com\\\/\",\"logo\":{\"@type\":\"ImageObject\",\"inLanguage\":\"ca\",\"@id\":\"https:\\\/\\\/radiolitoral.com\\\/#\\\/schema\\\/logo\\\/image\\\/\",\"url\":\"https:\\\/\\\/media.radiolitoral.com\\\/wp-content\\\/uploads\\\/2023\\\/02\\\/24143238\\\/CL-V-RadioLitoral696.png\",\"contentUrl\":\"https:\\\/\\\/media.radiolitoral.com\\\/wp-content\\\/uploads\\\/2023\\\/02\\\/24143238\\\/CL-V-RadioLitoral696.png\",\"width\":696,\"height\":696,\"caption\":\"Radio Litoral\"},\"image\":{\"@id\":\"https:\\\/\\\/radiolitoral.com\\\/#\\\/schema\\\/logo\\\/image\\\/\"},\"sameAs\":[\"https:\\\/\\\/www.facebook.com\\\/Laradiolitoral\\\/\"]},{\"@type\":\"Person\",\"@id\":\"https:\\\/\\\/radiolitoral.com\\\/#\\\/schema\\\/person\\\/7b1480b5caeb5acdd4ec6379caf62b22\",\"name\":\"Javier Zamora\",\"image\":{\"@type\":\"ImageObject\",\"inLanguage\":\"ca\",\"@id\":\"https:\\\/\\\/secure.gravatar.com\\\/avatar\\\/467a11f6918c7d619c4043fc6fa2d3853053107973f05b6e9c04ea6c4e3a7b3f?s=96&d=mm&r=g\",\"url\":\"https:\\\/\\\/secure.gravatar.com\\\/avatar\\\/467a11f6918c7d619c4043fc6fa2d3853053107973f05b6e9c04ea6c4e3a7b3f?s=96&d=mm&r=g\",\"contentUrl\":\"https:\\\/\\\/secure.gravatar.com\\\/avatar\\\/467a11f6918c7d619c4043fc6fa2d3853053107973f05b6e9c04ea6c4e3a7b3f?s=96&d=mm&r=g\",\"caption\":\"Javier Zamora\"},\"url\":\"https:\\\/\\\/radiolitoral.com\\\/ca\\\/author\\\/javier-zamora\\\/\"}]}<\/script>\n<!-- \/ Yoast SEO plugin. -->","yoast_head_json":{"title":"Treballat empat de l&#039;FB Teulada davant el Novelda CF (1-1) | R\u00e0dio Litoral","description":"Partit molt igualat en qu\u00e8 els locals van jugar els minuts finals en inferioritat num\u00e8ricaPartit molt igualat en qu\u00e8 els locals van jugar els minuts finals en inferioritat num\u00e8rica","robots":{"index":"index","follow":"follow","max-snippet":"max-snippet:-1","max-image-preview":"max-image-preview:large","max-video-preview":"max-video-preview:-1"},"canonical":"https:\/\/radiolitoral.com\/ca\/2026\/03\/treballat-empat-del-fb-teulada-davant-el-novel\u00b7la-cf-1-1\/","og_locale":"ca_ES","og_type":"article","og_title":"Trabajado empate del FB Teulada ante el Novelda CF (1-1) | R\u00e0dio Litoral","og_description":"Partido muy igualado en el que los locales jugaron los minutos finales en inferioridad num\u00e9ricaPartido muy igualado en el que los locales jugaron los minutos finales en inferioridad num\u00e9rica","og_url":"https:\/\/radiolitoral.com\/ca\/2026\/03\/treballat-empat-del-fb-teulada-davant-el-novel\u00b7la-cf-1-1\/","og_site_name":"R\u00e0dio Litoral","article_publisher":"https:\/\/www.facebook.com\/Laradiolitoral\/","article_published_time":"2026-03-16T18:16:03+00:00","og_image":[{"width":1024,"height":760,"url":"https:\/\/media.radiolitoral.com\/wp-content\/uploads\/2026\/03\/16191533\/Jugadores-del-FB-Teulada-celebrando-un-gol.jpg","type":"image\/jpeg"}],"author":"Javier Zamora","twitter_card":"summary_large_image","twitter_misc":{"Escrit per":"Javier Zamora","Temps estimat de lectura":"1 minut"},"schema":{"@context":"https:\/\/schema.org","@graph":[{"@type":"NewsArticle","@id":"https:\/\/radiolitoral.com\/2026\/03\/trabajado-empate-del-fb-teulada-ante-el-novelda-cf-1-1\/#article","isPartOf":{"@id":"https:\/\/radiolitoral.com\/2026\/03\/trabajado-empate-del-fb-teulada-ante-el-novelda-cf-1-1\/"},"author":{"name":"Javier Zamora","@id":"https:\/\/radiolitoral.com\/#\/schema\/person\/7b1480b5caeb5acdd4ec6379caf62b22"},"headline":"Trabajado empate del FB Teulada ante el Novelda CF (1-1)","datePublished":"2026-03-16T18:16:03+00:00","mainEntityOfPage":{"@id":"https:\/\/radiolitoral.com\/2026\/03\/trabajado-empate-del-fb-teulada-ante-el-novelda-cf-1-1\/"},"wordCount":167,"commentCount":0,"publisher":{"@id":"https:\/\/radiolitoral.com\/#organization"},"image":{"@id":"https:\/\/radiolitoral.com\/2026\/03\/trabajado-empate-del-fb-teulada-ante-el-novelda-cf-1-1\/#primaryimage"},"thumbnailUrl":"https:\/\/media.radiolitoral.com\/wp-content\/uploads\/2026\/03\/16191533\/Jugadores-del-FB-Teulada-celebrando-un-gol.jpg","keywords":["deportes","FB Teulada","Novelda CF"],"articleSection":["Deportes"],"inLanguage":"ca","potentialAction":[{"@type":"CommentAction","name":"Comment","target":["https:\/\/radiolitoral.com\/2026\/03\/trabajado-empate-del-fb-teulada-ante-el-novelda-cf-1-1\/#respond"]}]},{"@type":["WebPage","ItemPage"],"@id":"https:\/\/radiolitoral.com\/2026\/03\/trabajado-empate-del-fb-teulada-ante-el-novelda-cf-1-1\/","url":"https:\/\/radiolitoral.com\/2026\/03\/trabajado-empate-del-fb-teulada-ante-el-novelda-cf-1-1\/","name":"Treballat empat de l&#039;FB Teulada davant el Novelda CF (1-1) | R\u00e0dio Litoral","isPartOf":{"@id":"https:\/\/radiolitoral.com\/#website"},"primaryImageOfPage":{"@id":"https:\/\/radiolitoral.com\/2026\/03\/trabajado-empate-del-fb-teulada-ante-el-novelda-cf-1-1\/#primaryimage"},"image":{"@id":"https:\/\/radiolitoral.com\/2026\/03\/trabajado-empate-del-fb-teulada-ante-el-novelda-cf-1-1\/#primaryimage"},"thumbnailUrl":"https:\/\/media.radiolitoral.com\/wp-content\/uploads\/2026\/03\/16191533\/Jugadores-del-FB-Teulada-celebrando-un-gol.jpg","datePublished":"2026-03-16T18:16:03+00:00","description":"Partit molt igualat en qu\u00e8 els locals van jugar els minuts finals en inferioritat num\u00e8ricaPartit molt igualat en qu\u00e8 els locals van jugar els minuts finals en inferioritat num\u00e8rica","breadcrumb":{"@id":"https:\/\/radiolitoral.com\/2026\/03\/trabajado-empate-del-fb-teulada-ante-el-novelda-cf-1-1\/#breadcrumb"},"inLanguage":"ca","potentialAction":[{"@type":"ReadAction","target":["https:\/\/radiolitoral.com\/2026\/03\/trabajado-empate-del-fb-teulada-ante-el-novelda-cf-1-1\/"]}]},{"@type":"ImageObject","inLanguage":"ca","@id":"https:\/\/radiolitoral.com\/2026\/03\/trabajado-empate-del-fb-teulada-ante-el-novelda-cf-1-1\/#primaryimage","url":"https:\/\/media.radiolitoral.com\/wp-content\/uploads\/2026\/03\/16191533\/Jugadores-del-FB-Teulada-celebrando-un-gol.jpg","contentUrl":"https:\/\/media.radiolitoral.com\/wp-content\/uploads\/2026\/03\/16191533\/Jugadores-del-FB-Teulada-celebrando-un-gol.jpg","width":1024,"height":760},{"@type":"BreadcrumbList","@id":"https:\/\/radiolitoral.com\/2026\/03\/trabajado-empate-del-fb-teulada-ante-el-novelda-cf-1-1\/#breadcrumb","itemListElement":[{"@type":"ListItem","position":1,"name":"Portada","item":"https:\/\/radiolitoral.com\/"},{"@type":"ListItem","position":2,"name":"Trabajado empate del FB Teulada ante el Novelda CF (1-1)"}]},{"@type":"WebSite","@id":"https:\/\/radiolitoral.com\/#website","url":"https:\/\/radiolitoral.com\/","name":"R\u00e0dio Litoral","description":"La r\u00e0dio local de la Marina Alta","publisher":{"@id":"https:\/\/radiolitoral.com\/#organization"},"alternateName":"Litoral FM","potentialAction":[{"@type":"SearchAction","target":{"@type":"EntryPoint","urlTemplate":"https:\/\/radiolitoral.com\/?s={search_term_string}"},"query-input":{"@type":"PropertyValueSpecification","valueRequired":true,"valueName":"search_term_string"}}],"inLanguage":"ca"},{"@type":"Organization","@id":"https:\/\/radiolitoral.com\/#organization","name":"R\u00e0dio Litoral","url":"https:\/\/radiolitoral.com\/","logo":{"@type":"ImageObject","inLanguage":"ca","@id":"https:\/\/radiolitoral.com\/#\/schema\/logo\/image\/","url":"https:\/\/media.radiolitoral.com\/wp-content\/uploads\/2023\/02\/24143238\/CL-V-RadioLitoral696.png","contentUrl":"https:\/\/media.radiolitoral.com\/wp-content\/uploads\/2023\/02\/24143238\/CL-V-RadioLitoral696.png","width":696,"height":696,"caption":"Radio Litoral"},"image":{"@id":"https:\/\/radiolitoral.com\/#\/schema\/logo\/image\/"},"sameAs":["https:\/\/www.facebook.com\/Laradiolitoral\/"]},{"@type":"Person","@id":"https:\/\/radiolitoral.com\/#\/schema\/person\/7b1480b5caeb5acdd4ec6379caf62b22","name":"Javier Zamora","image":{"@type":"ImageObject","inLanguage":"ca","@id":"https:\/\/secure.gravatar.com\/avatar\/467a11f6918c7d619c4043fc6fa2d3853053107973f05b6e9c04ea6c4e3a7b3f?s=96&d=mm&r=g","url":"https:\/\/secure.gravatar.com\/avatar\/467a11f6918c7d619c4043fc6fa2d3853053107973f05b6e9c04ea6c4e3a7b3f?s=96&d=mm&r=g","contentUrl":"https:\/\/secure.gravatar.com\/avatar\/467a11f6918c7d619c4043fc6fa2d3853053107973f05b6e9c04ea6c4e3a7b3f?s=96&d=mm&r=g","caption":"Javier Zamora"},"url":"https:\/\/radiolitoral.com\/ca\/author\/javier-zamora\/"}]}},"_links":{"self":[{"href":"https:\/\/radiolitoral.com\/ca\/wp-json\/wp\/v2\/posts\/20065","targetHints":{"allow":["GET"]}}],"collection":[{"href":"https:\/\/radiolitoral.com\/ca\/wp-json\/wp\/v2\/posts"}],"about":[{"href":"https:\/\/radiolitoral.com\/ca\/wp-json\/wp\/v2\/types\/post"}],"author":[{"embeddable":true,"href":"https:\/\/radiolitoral.com\/ca\/wp-json\/wp\/v2\/users\/12"}],"replies":[{"embeddable":true,"href":"https:\/\/radiolitoral.com\/ca\/wp-json\/wp\/v2\/comments?post=20065"}],"version-history":[{"count":2,"href":"https:\/\/radiolitoral.com\/ca\/wp-json\/wp\/v2\/posts\/20065\/revisions"}],"predecessor-version":[{"id":20068,"href":"https:\/\/radiolitoral.com\/ca\/wp-json\/wp\/v2\/posts\/20065\/revisions\/20068"}],"wp:featuredmedia":[{"embeddable":true,"href":"https:\/\/radiolitoral.com\/ca\/wp-json\/wp\/v2\/media\/20066"}],"wp:attachment":[{"href":"https:\/\/radiolitoral.com\/ca\/wp-json\/wp\/v2\/media?parent=20065"}],"wp:term":[{"taxonomy":"category","embeddable":true,"href":"https:\/\/radiolitoral.com\/ca\/wp-json\/wp\/v2\/categories?post=20065"},{"taxonomy":"post_tag","embeddable":true,"href":"https:\/\/radiolitoral.com\/ca\/wp-json\/wp\/v2\/tags?post=20065"}],"curies":[{"name":"wp","href":"https:\/\/api.w.org\/{rel}","templated":true}]}}