{"id":20060,"date":"2026-03-16T19:05:03","date_gmt":"2026-03-16T18:05:03","guid":{"rendered":"https:\/\/radiolitoral.com\/?p=20060"},"modified":"2026-03-16T19:05:03","modified_gmt":"2026-03-16T18:05:03","slug":"galiana-li-va-donar-el-triomf-a-la-ut-calp-a-mutxamel","status":"publish","type":"post","link":"https:\/\/radiolitoral.com\/ca\/2026\/03\/galiana-le-dio-el-triunfo-a-la-ud-calpe-en-mutxamel\/","title":{"rendered":"Galiana va donar el triomf a la UD Calp a Mutxamel"},"content":{"rendered":"<p>La <strong>UD Calp<\/strong> va aconseguir una important vict\u00f2ria a domicili despr\u00e9s d&#039;imposar-se per <strong>0-1<\/strong> al <strong>Mutxamel<\/strong>, en una trobada molt treballada que permet al conjunt dirigit per <strong>Pedro Perles<\/strong> allunyar-se de la zona baixa de la classificaci\u00f3 i situar-se en una posici\u00f3 m\u00e9s tranquil\u00b7la a la taula.<\/p>\n<p>El partit va ser <strong>molt igualat<\/strong>, amb un Mutxamel que, malgrat ocupar la darrera posici\u00f3, va mostrar una bona actitud competitiva. No obstant aix\u00f2, al <strong>minut 22<\/strong> va arribar l&#039;acci\u00f3 decisiva de la trobada, quan <strong>Galiana<\/strong> va aprofitar una de les oportunitats visitants per avan\u00e7ar els calpins al marcador.<\/p>\n<p>Aquest tant va permetre a la <strong>UD Calp<\/strong> afrontar la resta del partit amb m\u00e9s serenitat. A la segona meitat, l&#039;equip visitant en va mostrar una <strong>gran solidesa defensiva<\/strong>, neutralitzant qualsevol intent de reacci\u00f3 del conjunt local, que amb prou feines va poder generar ocasions clares de gol. Partit pr\u00e0ctic de l&#039;equip de Perles que es va posar el mico de feina i va evitar que passessin coses.<\/p>\n<p>Els calpins, per la seva banda, van disposar d&#039;algunes oportunitats per <strong>sentenciar el partit<\/strong>, encara que el marcador ja no es mouria fins al xiulet final.<\/p>\n<p>Aquest triomf suposa un <strong>pilota d&#039;oxigen<\/strong> per a la UD Calpe, que guanya confian\u00e7a i tranquil\u00b7litat a la classificaci\u00f3. A m\u00e9s, el <strong>aturada de la propera jornada<\/strong> permetr\u00e0 a l&#039;equip continuar treballant amb calma per afrontar el tram final del campionat amb l&#039;objectiu clar de <strong>assegurar la perman\u00e8ncia<\/strong> com m\u00e9s aviat millor.<\/p>\n<p><script src=\"chrome-extension:\/\/flbolonkboilcbnohjlchlfgdalomdpl\/iFrame.js\" type=\"text\/javascript\"><\/script><\/p>\n<p><script src=\"chrome-extension:\/\/flbolonkboilcbnohjlchlfgdalomdpl\/iFrame.js\" type=\"text\/javascript\"><\/script><\/p>","protected":false},"excerpt":{"rendered":"<p>La UD Calpe logr\u00f3 una importante victoria a domicilio tras imponerse por 0-1 al Mutxamel, en un encuentro muy trabajado que permite al conjunto dirigido por Pedro Perles alejarse de la zona baja de la clasificaci\u00f3n y situarse en una posici\u00f3n m\u00e1s tranquila en la tabla. El partido fue muy igualado, con un Mutxamel que, [&#8230;]<\/p>\n<p><a class=\"btn btn-secondary understrap-read-more-link\" href=\"https:\/\/radiolitoral.com\/ca\/2026\/03\/galiana-le-dio-el-triunfo-a-la-ud-calpe-en-mutxamel\/\">Continua llegint&#8230;<span class=\"screen-reader-text\"> from Galiana le dio el triunfo a la UD Calpe en Mutxamel<\/span><\/a><\/p>\n","protected":false},"author":12,"featured_media":20061,"comment_status":"open","ping_status":"closed","sticky":false,"template":"","format":"standard","meta":{"_acf_changed":false,"inline_featured_image":false,"footnotes":""},"categories":[5],"tags":[6,1071,1630,1871,889],"class_list":["post-20060","post","type-post","status-publish","format-standard","has-post-thumbnail","hentry","category-deportes","tag-deportes","tag-lliga-comunitat","tag-mutxamel-cf","tag-pedro-perles","tag-ud-calpe","cobertura-calp"],"acf":[],"yoast_head":"<!-- This site is optimized with the Yoast SEO plugin v27.5 - https:\/\/yoast.com\/product\/yoast-seo-wordpress\/ -->\n<title>Galiana le dio el triunfo a la UD Calpe en Mutxamel | R\u00e0dio Litoral<\/title>\n<meta name=\"description\" content=\"El conjunto calpino venci\u00f3 por 0 a 1 en un partido donde sus jugadores se pusieron el mono de trabajoEl conjunto calpino venci\u00f3 por 0 a 1 en un partido donde sus jugadores se pusieron el mono de trabajo\" \/>\n<meta name=\"robots\" content=\"index, follow, max-snippet:-1, max-image-preview:large, max-video-preview:-1\" \/>\n<link rel=\"canonical\" href=\"https:\/\/radiolitoral.com\/ca\/2026\/03\/galiana-li-va-donar-el-triomf-a-la-ut-calp-a-mutxamel\/\" \/>\n<meta property=\"og:locale\" content=\"ca_ES\" \/>\n<meta property=\"og:type\" content=\"article\" \/>\n<meta property=\"og:title\" content=\"Galiana le dio el triunfo a la UD Calpe en Mutxamel | R\u00e0dio Litoral\" \/>\n<meta property=\"og:description\" content=\"El conjunto calpino venci\u00f3 por 0 a 1 en un partido donde sus jugadores se pusieron el mono de trabajoEl conjunto calpino venci\u00f3 por 0 a 1 en un partido donde sus jugadores se pusieron el mono de trabajo\" \/>\n<meta property=\"og:url\" content=\"https:\/\/radiolitoral.com\/ca\/2026\/03\/galiana-li-va-donar-el-triomf-a-la-ut-calp-a-mutxamel\/\" \/>\n<meta property=\"og:site_name\" content=\"R\u00e0dio Litoral\" \/>\n<meta property=\"article:publisher\" content=\"https:\/\/www.facebook.com\/Laradiolitoral\/\" \/>\n<meta property=\"article:published_time\" content=\"2026-03-16T18:05:03+00:00\" \/>\n<meta property=\"og:image\" content=\"https:\/\/media.radiolitoral.com\/wp-content\/uploads\/2026\/03\/16190413\/527453853_18158046433373693_4141525388001382172_n.jpg\" \/>\n\t<meta property=\"og:image:width\" content=\"1200\" \/>\n\t<meta property=\"og:image:height\" content=\"900\" \/>\n\t<meta property=\"og:image:type\" content=\"image\/jpeg\" \/>\n<meta name=\"author\" content=\"Javier Zamora\" \/>\n<meta name=\"twitter:card\" content=\"summary_large_image\" \/>\n<meta name=\"twitter:label1\" content=\"Escrit per\" \/>\n\t<meta name=\"twitter:data1\" content=\"Javier Zamora\" \/>\n\t<meta name=\"twitter:label2\" content=\"Temps estimat de lectura\" \/>\n\t<meta name=\"twitter:data2\" content=\"2 minuts\" \/>\n<script type=\"application\/ld+json\" class=\"yoast-schema-graph\">{\"@context\":\"https:\\\/\\\/schema.org\",\"@graph\":[{\"@type\":\"NewsArticle\",\"@id\":\"https:\\\/\\\/radiolitoral.com\\\/2026\\\/03\\\/galiana-le-dio-el-triunfo-a-la-ud-calpe-en-mutxamel\\\/#article\",\"isPartOf\":{\"@id\":\"https:\\\/\\\/radiolitoral.com\\\/2026\\\/03\\\/galiana-le-dio-el-triunfo-a-la-ud-calpe-en-mutxamel\\\/\"},\"author\":{\"name\":\"Javier Zamora\",\"@id\":\"https:\\\/\\\/radiolitoral.com\\\/#\\\/schema\\\/person\\\/7b1480b5caeb5acdd4ec6379caf62b22\"},\"headline\":\"Galiana le dio el triunfo a la UD Calpe en Mutxamel\",\"datePublished\":\"2026-03-16T18:05:03+00:00\",\"mainEntityOfPage\":{\"@id\":\"https:\\\/\\\/radiolitoral.com\\\/2026\\\/03\\\/galiana-le-dio-el-triunfo-a-la-ud-calpe-en-mutxamel\\\/\"},\"wordCount\":254,\"commentCount\":0,\"publisher\":{\"@id\":\"https:\\\/\\\/radiolitoral.com\\\/#organization\"},\"image\":{\"@id\":\"https:\\\/\\\/radiolitoral.com\\\/2026\\\/03\\\/galiana-le-dio-el-triunfo-a-la-ud-calpe-en-mutxamel\\\/#primaryimage\"},\"thumbnailUrl\":\"https:\\\/\\\/media.radiolitoral.com\\\/wp-content\\\/uploads\\\/2026\\\/03\\\/16190413\\\/527453853_18158046433373693_4141525388001382172_n.jpg\",\"keywords\":[\"deportes\",\"Lliga Comunitat\",\"Mutxamel\u00a0CF\",\"Pedro Perles\",\"UD Calpe\"],\"articleSection\":[\"Deportes\"],\"inLanguage\":\"ca\",\"potentialAction\":[{\"@type\":\"CommentAction\",\"name\":\"Comment\",\"target\":[\"https:\\\/\\\/radiolitoral.com\\\/2026\\\/03\\\/galiana-le-dio-el-triunfo-a-la-ud-calpe-en-mutxamel\\\/#respond\"]}]},{\"@type\":[\"WebPage\",\"ItemPage\"],\"@id\":\"https:\\\/\\\/radiolitoral.com\\\/2026\\\/03\\\/galiana-le-dio-el-triunfo-a-la-ud-calpe-en-mutxamel\\\/\",\"url\":\"https:\\\/\\\/radiolitoral.com\\\/2026\\\/03\\\/galiana-le-dio-el-triunfo-a-la-ud-calpe-en-mutxamel\\\/\",\"name\":\"Galiana le dio el triunfo a la UD Calpe en Mutxamel | R\u00e0dio Litoral\",\"isPartOf\":{\"@id\":\"https:\\\/\\\/radiolitoral.com\\\/#website\"},\"primaryImageOfPage\":{\"@id\":\"https:\\\/\\\/radiolitoral.com\\\/2026\\\/03\\\/galiana-le-dio-el-triunfo-a-la-ud-calpe-en-mutxamel\\\/#primaryimage\"},\"image\":{\"@id\":\"https:\\\/\\\/radiolitoral.com\\\/2026\\\/03\\\/galiana-le-dio-el-triunfo-a-la-ud-calpe-en-mutxamel\\\/#primaryimage\"},\"thumbnailUrl\":\"https:\\\/\\\/media.radiolitoral.com\\\/wp-content\\\/uploads\\\/2026\\\/03\\\/16190413\\\/527453853_18158046433373693_4141525388001382172_n.jpg\",\"datePublished\":\"2026-03-16T18:05:03+00:00\",\"description\":\"El conjunto calpino venci\u00f3 por 0 a 1 en un partido donde sus jugadores se pusieron el mono de trabajoEl conjunto calpino venci\u00f3 por 0 a 1 en un partido donde sus jugadores se pusieron el mono de trabajo\",\"breadcrumb\":{\"@id\":\"https:\\\/\\\/radiolitoral.com\\\/2026\\\/03\\\/galiana-le-dio-el-triunfo-a-la-ud-calpe-en-mutxamel\\\/#breadcrumb\"},\"inLanguage\":\"ca\",\"potentialAction\":[{\"@type\":\"ReadAction\",\"target\":[\"https:\\\/\\\/radiolitoral.com\\\/2026\\\/03\\\/galiana-le-dio-el-triunfo-a-la-ud-calpe-en-mutxamel\\\/\"]}]},{\"@type\":\"ImageObject\",\"inLanguage\":\"ca\",\"@id\":\"https:\\\/\\\/radiolitoral.com\\\/2026\\\/03\\\/galiana-le-dio-el-triunfo-a-la-ud-calpe-en-mutxamel\\\/#primaryimage\",\"url\":\"https:\\\/\\\/media.radiolitoral.com\\\/wp-content\\\/uploads\\\/2026\\\/03\\\/16190413\\\/527453853_18158046433373693_4141525388001382172_n.jpg\",\"contentUrl\":\"https:\\\/\\\/media.radiolitoral.com\\\/wp-content\\\/uploads\\\/2026\\\/03\\\/16190413\\\/527453853_18158046433373693_4141525388001382172_n.jpg\",\"width\":1200,\"height\":900},{\"@type\":\"BreadcrumbList\",\"@id\":\"https:\\\/\\\/radiolitoral.com\\\/2026\\\/03\\\/galiana-le-dio-el-triunfo-a-la-ud-calpe-en-mutxamel\\\/#breadcrumb\",\"itemListElement\":[{\"@type\":\"ListItem\",\"position\":1,\"name\":\"Portada\",\"item\":\"https:\\\/\\\/radiolitoral.com\\\/\"},{\"@type\":\"ListItem\",\"position\":2,\"name\":\"Galiana le dio el triunfo a la UD Calpe en Mutxamel\"}]},{\"@type\":\"WebSite\",\"@id\":\"https:\\\/\\\/radiolitoral.com\\\/#website\",\"url\":\"https:\\\/\\\/radiolitoral.com\\\/\",\"name\":\"Radio Litoral\",\"description\":\"La radio local de la Marina Alta\",\"publisher\":{\"@id\":\"https:\\\/\\\/radiolitoral.com\\\/#organization\"},\"alternateName\":\"Litoral FM\",\"potentialAction\":[{\"@type\":\"SearchAction\",\"target\":{\"@type\":\"EntryPoint\",\"urlTemplate\":\"https:\\\/\\\/radiolitoral.com\\\/?s={search_term_string}\"},\"query-input\":{\"@type\":\"PropertyValueSpecification\",\"valueRequired\":true,\"valueName\":\"search_term_string\"}}],\"inLanguage\":\"ca\"},{\"@type\":\"Organization\",\"@id\":\"https:\\\/\\\/radiolitoral.com\\\/#organization\",\"name\":\"Radio Litoral\",\"url\":\"https:\\\/\\\/radiolitoral.com\\\/\",\"logo\":{\"@type\":\"ImageObject\",\"inLanguage\":\"ca\",\"@id\":\"https:\\\/\\\/radiolitoral.com\\\/#\\\/schema\\\/logo\\\/image\\\/\",\"url\":\"https:\\\/\\\/media.radiolitoral.com\\\/wp-content\\\/uploads\\\/2023\\\/02\\\/24143238\\\/CL-V-RadioLitoral696.png\",\"contentUrl\":\"https:\\\/\\\/media.radiolitoral.com\\\/wp-content\\\/uploads\\\/2023\\\/02\\\/24143238\\\/CL-V-RadioLitoral696.png\",\"width\":696,\"height\":696,\"caption\":\"Radio Litoral\"},\"image\":{\"@id\":\"https:\\\/\\\/radiolitoral.com\\\/#\\\/schema\\\/logo\\\/image\\\/\"},\"sameAs\":[\"https:\\\/\\\/www.facebook.com\\\/Laradiolitoral\\\/\"]},{\"@type\":\"Person\",\"@id\":\"https:\\\/\\\/radiolitoral.com\\\/#\\\/schema\\\/person\\\/7b1480b5caeb5acdd4ec6379caf62b22\",\"name\":\"Javier Zamora\",\"image\":{\"@type\":\"ImageObject\",\"inLanguage\":\"ca\",\"@id\":\"https:\\\/\\\/secure.gravatar.com\\\/avatar\\\/467a11f6918c7d619c4043fc6fa2d3853053107973f05b6e9c04ea6c4e3a7b3f?s=96&d=mm&r=g\",\"url\":\"https:\\\/\\\/secure.gravatar.com\\\/avatar\\\/467a11f6918c7d619c4043fc6fa2d3853053107973f05b6e9c04ea6c4e3a7b3f?s=96&d=mm&r=g\",\"contentUrl\":\"https:\\\/\\\/secure.gravatar.com\\\/avatar\\\/467a11f6918c7d619c4043fc6fa2d3853053107973f05b6e9c04ea6c4e3a7b3f?s=96&d=mm&r=g\",\"caption\":\"Javier Zamora\"},\"url\":\"https:\\\/\\\/radiolitoral.com\\\/ca\\\/author\\\/javier-zamora\\\/\"}]}<\/script>\n<!-- \/ Yoast SEO plugin. -->","yoast_head_json":{"title":"Galiana va donar el triomf a la UD Calp a Mutxamel | R\u00e0dio Litoral","description":"El conjunt calp\u00ed va v\u00e8ncer per 0 a 1 en un partit on els seus jugadors es van posar el mico de treballEl conjunt calp\u00ed va v\u00e8ncer per 0 a 1 en un partit on els seus jugadors es van posar el mico de treball","robots":{"index":"index","follow":"follow","max-snippet":"max-snippet:-1","max-image-preview":"max-image-preview:large","max-video-preview":"max-video-preview:-1"},"canonical":"https:\/\/radiolitoral.com\/ca\/2026\/03\/galiana-li-va-donar-el-triomf-a-la-ut-calp-a-mutxamel\/","og_locale":"ca_ES","og_type":"article","og_title":"Galiana le dio el triunfo a la UD Calpe en Mutxamel | R\u00e0dio Litoral","og_description":"El conjunto calpino venci\u00f3 por 0 a 1 en un partido donde sus jugadores se pusieron el mono de trabajoEl conjunto calpino venci\u00f3 por 0 a 1 en un partido donde sus jugadores se pusieron el mono de trabajo","og_url":"https:\/\/radiolitoral.com\/ca\/2026\/03\/galiana-li-va-donar-el-triomf-a-la-ut-calp-a-mutxamel\/","og_site_name":"R\u00e0dio Litoral","article_publisher":"https:\/\/www.facebook.com\/Laradiolitoral\/","article_published_time":"2026-03-16T18:05:03+00:00","og_image":[{"width":1200,"height":900,"url":"https:\/\/media.radiolitoral.com\/wp-content\/uploads\/2026\/03\/16190413\/527453853_18158046433373693_4141525388001382172_n.jpg","type":"image\/jpeg"}],"author":"Javier Zamora","twitter_card":"summary_large_image","twitter_misc":{"Escrit per":"Javier Zamora","Temps estimat de lectura":"2 minuts"},"schema":{"@context":"https:\/\/schema.org","@graph":[{"@type":"NewsArticle","@id":"https:\/\/radiolitoral.com\/2026\/03\/galiana-le-dio-el-triunfo-a-la-ud-calpe-en-mutxamel\/#article","isPartOf":{"@id":"https:\/\/radiolitoral.com\/2026\/03\/galiana-le-dio-el-triunfo-a-la-ud-calpe-en-mutxamel\/"},"author":{"name":"Javier Zamora","@id":"https:\/\/radiolitoral.com\/#\/schema\/person\/7b1480b5caeb5acdd4ec6379caf62b22"},"headline":"Galiana le dio el triunfo a la UD Calpe en Mutxamel","datePublished":"2026-03-16T18:05:03+00:00","mainEntityOfPage":{"@id":"https:\/\/radiolitoral.com\/2026\/03\/galiana-le-dio-el-triunfo-a-la-ud-calpe-en-mutxamel\/"},"wordCount":254,"commentCount":0,"publisher":{"@id":"https:\/\/radiolitoral.com\/#organization"},"image":{"@id":"https:\/\/radiolitoral.com\/2026\/03\/galiana-le-dio-el-triunfo-a-la-ud-calpe-en-mutxamel\/#primaryimage"},"thumbnailUrl":"https:\/\/media.radiolitoral.com\/wp-content\/uploads\/2026\/03\/16190413\/527453853_18158046433373693_4141525388001382172_n.jpg","keywords":["deportes","Lliga Comunitat","Mutxamel\u00a0CF","Pedro Perles","UD Calpe"],"articleSection":["Deportes"],"inLanguage":"ca","potentialAction":[{"@type":"CommentAction","name":"Comment","target":["https:\/\/radiolitoral.com\/2026\/03\/galiana-le-dio-el-triunfo-a-la-ud-calpe-en-mutxamel\/#respond"]}]},{"@type":["WebPage","ItemPage"],"@id":"https:\/\/radiolitoral.com\/2026\/03\/galiana-le-dio-el-triunfo-a-la-ud-calpe-en-mutxamel\/","url":"https:\/\/radiolitoral.com\/2026\/03\/galiana-le-dio-el-triunfo-a-la-ud-calpe-en-mutxamel\/","name":"Galiana va donar el triomf a la UD Calp a Mutxamel | R\u00e0dio Litoral","isPartOf":{"@id":"https:\/\/radiolitoral.com\/#website"},"primaryImageOfPage":{"@id":"https:\/\/radiolitoral.com\/2026\/03\/galiana-le-dio-el-triunfo-a-la-ud-calpe-en-mutxamel\/#primaryimage"},"image":{"@id":"https:\/\/radiolitoral.com\/2026\/03\/galiana-le-dio-el-triunfo-a-la-ud-calpe-en-mutxamel\/#primaryimage"},"thumbnailUrl":"https:\/\/media.radiolitoral.com\/wp-content\/uploads\/2026\/03\/16190413\/527453853_18158046433373693_4141525388001382172_n.jpg","datePublished":"2026-03-16T18:05:03+00:00","description":"El conjunt calp\u00ed va v\u00e8ncer per 0 a 1 en un partit on els seus jugadors es van posar el mico de treballEl conjunt calp\u00ed va v\u00e8ncer per 0 a 1 en un partit on els seus jugadors es van posar el mico de treball","breadcrumb":{"@id":"https:\/\/radiolitoral.com\/2026\/03\/galiana-le-dio-el-triunfo-a-la-ud-calpe-en-mutxamel\/#breadcrumb"},"inLanguage":"ca","potentialAction":[{"@type":"ReadAction","target":["https:\/\/radiolitoral.com\/2026\/03\/galiana-le-dio-el-triunfo-a-la-ud-calpe-en-mutxamel\/"]}]},{"@type":"ImageObject","inLanguage":"ca","@id":"https:\/\/radiolitoral.com\/2026\/03\/galiana-le-dio-el-triunfo-a-la-ud-calpe-en-mutxamel\/#primaryimage","url":"https:\/\/media.radiolitoral.com\/wp-content\/uploads\/2026\/03\/16190413\/527453853_18158046433373693_4141525388001382172_n.jpg","contentUrl":"https:\/\/media.radiolitoral.com\/wp-content\/uploads\/2026\/03\/16190413\/527453853_18158046433373693_4141525388001382172_n.jpg","width":1200,"height":900},{"@type":"BreadcrumbList","@id":"https:\/\/radiolitoral.com\/2026\/03\/galiana-le-dio-el-triunfo-a-la-ud-calpe-en-mutxamel\/#breadcrumb","itemListElement":[{"@type":"ListItem","position":1,"name":"Portada","item":"https:\/\/radiolitoral.com\/"},{"@type":"ListItem","position":2,"name":"Galiana le dio el triunfo a la UD Calpe en Mutxamel"}]},{"@type":"WebSite","@id":"https:\/\/radiolitoral.com\/#website","url":"https:\/\/radiolitoral.com\/","name":"R\u00e0dio Litoral","description":"La r\u00e0dio local de la Marina Alta","publisher":{"@id":"https:\/\/radiolitoral.com\/#organization"},"alternateName":"Litoral FM","potentialAction":[{"@type":"SearchAction","target":{"@type":"EntryPoint","urlTemplate":"https:\/\/radiolitoral.com\/?s={search_term_string}"},"query-input":{"@type":"PropertyValueSpecification","valueRequired":true,"valueName":"search_term_string"}}],"inLanguage":"ca"},{"@type":"Organization","@id":"https:\/\/radiolitoral.com\/#organization","name":"R\u00e0dio Litoral","url":"https:\/\/radiolitoral.com\/","logo":{"@type":"ImageObject","inLanguage":"ca","@id":"https:\/\/radiolitoral.com\/#\/schema\/logo\/image\/","url":"https:\/\/media.radiolitoral.com\/wp-content\/uploads\/2023\/02\/24143238\/CL-V-RadioLitoral696.png","contentUrl":"https:\/\/media.radiolitoral.com\/wp-content\/uploads\/2023\/02\/24143238\/CL-V-RadioLitoral696.png","width":696,"height":696,"caption":"Radio Litoral"},"image":{"@id":"https:\/\/radiolitoral.com\/#\/schema\/logo\/image\/"},"sameAs":["https:\/\/www.facebook.com\/Laradiolitoral\/"]},{"@type":"Person","@id":"https:\/\/radiolitoral.com\/#\/schema\/person\/7b1480b5caeb5acdd4ec6379caf62b22","name":"Javier Zamora","image":{"@type":"ImageObject","inLanguage":"ca","@id":"https:\/\/secure.gravatar.com\/avatar\/467a11f6918c7d619c4043fc6fa2d3853053107973f05b6e9c04ea6c4e3a7b3f?s=96&d=mm&r=g","url":"https:\/\/secure.gravatar.com\/avatar\/467a11f6918c7d619c4043fc6fa2d3853053107973f05b6e9c04ea6c4e3a7b3f?s=96&d=mm&r=g","contentUrl":"https:\/\/secure.gravatar.com\/avatar\/467a11f6918c7d619c4043fc6fa2d3853053107973f05b6e9c04ea6c4e3a7b3f?s=96&d=mm&r=g","caption":"Javier Zamora"},"url":"https:\/\/radiolitoral.com\/ca\/author\/javier-zamora\/"}]}},"_links":{"self":[{"href":"https:\/\/radiolitoral.com\/ca\/wp-json\/wp\/v2\/posts\/20060","targetHints":{"allow":["GET"]}}],"collection":[{"href":"https:\/\/radiolitoral.com\/ca\/wp-json\/wp\/v2\/posts"}],"about":[{"href":"https:\/\/radiolitoral.com\/ca\/wp-json\/wp\/v2\/types\/post"}],"author":[{"embeddable":true,"href":"https:\/\/radiolitoral.com\/ca\/wp-json\/wp\/v2\/users\/12"}],"replies":[{"embeddable":true,"href":"https:\/\/radiolitoral.com\/ca\/wp-json\/wp\/v2\/comments?post=20060"}],"version-history":[{"count":2,"href":"https:\/\/radiolitoral.com\/ca\/wp-json\/wp\/v2\/posts\/20060\/revisions"}],"predecessor-version":[{"id":20063,"href":"https:\/\/radiolitoral.com\/ca\/wp-json\/wp\/v2\/posts\/20060\/revisions\/20063"}],"wp:featuredmedia":[{"embeddable":true,"href":"https:\/\/radiolitoral.com\/ca\/wp-json\/wp\/v2\/media\/20061"}],"wp:attachment":[{"href":"https:\/\/radiolitoral.com\/ca\/wp-json\/wp\/v2\/media?parent=20060"}],"wp:term":[{"taxonomy":"category","embeddable":true,"href":"https:\/\/radiolitoral.com\/ca\/wp-json\/wp\/v2\/categories?post=20060"},{"taxonomy":"post_tag","embeddable":true,"href":"https:\/\/radiolitoral.com\/ca\/wp-json\/wp\/v2\/tags?post=20060"}],"curies":[{"name":"wp","href":"https:\/\/api.w.org\/{rel}","templated":true}]}}