{"id":20056,"date":"2026-03-13T11:11:19","date_gmt":"2026-03-13T10:11:19","guid":{"rendered":"https:\/\/radiolitoral.com\/?p=20056"},"modified":"2026-03-13T11:11:19","modified_gmt":"2026-03-13T10:11:19","slug":"el-fb-teulada-rep-el-lider-novel%c2%b7la-cf","status":"publish","type":"post","link":"https:\/\/radiolitoral.com\/ca\/2026\/03\/el-fb-teulada-recibe-al-lider-novelda-cf\/","title":{"rendered":"L&#039;FB Teulada rep el l\u00edder Novelda CF"},"content":{"rendered":"<p>La <strong data-start=\"143\" data-end=\"177\">23a jornada de la Primera FFCV<\/strong> arriba amb partits crucials per als equips de la <strong data-start=\"230\" data-end=\"245\">Marina Alta<\/strong>. El <strong data-start=\"250\" data-end=\"262\">CD D\u00e9nia<\/strong>, despr\u00e9s de perdre el liderat, busca recuperar el cam\u00ed del triomf davant el <strong>CF<\/strong> <strong data-start=\"334\" data-end=\"346\">Llutxent<\/strong>, mentre que el <strong data-start=\"364\" data-end=\"375\">Pego CF<\/strong> visita a <strong data-start=\"385\" data-end=\"396\">La Font<\/strong> amb la intenci\u00f3 de sumar tres punts importants i el <strong data-start=\"452\" data-end=\"466\">FB Teulada<\/strong> rep el l\u00edder del grup quart, <strong data-start=\"501\" data-end=\"512\">Novelda<\/strong>, en un matx que es preveu molt complicat.<\/p>\n<h4 data-start=\"2057\" data-end=\"2347\">FB Teulada \u2013 Novelda CF (Diumenge 18:30 H)<\/h4>\n<p data-start=\"2392\" data-end=\"2763\">El <strong data-start=\"2395\" data-end=\"2409\">FB Teulada<\/strong> jugar\u00e0 aquest <strong data-start=\"2422\" data-end=\"2451\">diumenge a les 18:30 hores<\/strong> al seu camp <strong data-start=\"2464\" data-end=\"2483\">\u201cBernardo Font\u201d<\/strong> contra el <strong data-start=\"2494\" data-end=\"2505\">Novelda<\/strong>, l\u00edder del <strong data-start=\"2517\" data-end=\"2533\">grup quart<\/strong>, en un partit que ser\u00e0 dirigit per <strong data-start=\"2571\" data-end=\"2588\">Vallejo Ferr\u00e9<\/strong>. Els locals, dirigits per <strong data-start=\"2617\" data-end=\"2631\">Juan Ribes<\/strong>, s&#039;enfronten a un rival molt potent que nom\u00e9s ha perdut un partit aquesta temporada i ha demostrat la seva gran qualitat a la plantilla.<\/p>\n<p data-start=\"2765\" data-end=\"3146\">El <strong>FB<\/strong> <strong data-start=\"2768\" data-end=\"2779\">Teulada<\/strong> afronta aquesta dif\u00edcil trobada amb la <strong data-start=\"2818\" data-end=\"2832\">motivaci\u00f3<\/strong> de mesurar-se a un dels millors equips del grup, per\u00f2 amb la confian\u00e7a que, despr\u00e9s de les darreres vict\u00f2ries, poden competir igual a igual. <strong data-start=\"2976\" data-end=\"2985\">Ribes<\/strong> recupera a <strong data-start=\"2997\" data-end=\"3007\">Ismael<\/strong>, qui torna despr\u00e9s de complir sanci\u00f3, i l&#039;equip buscar\u00e0 fer front al l\u00edder amb intensitat i concentraci\u00f3 per treure&#039;n un bon resultat.<\/p>\n<h4>CF Llutxent \u2013 CD D\u00e9nia (Dissabte 17 H)<\/h4>\n<p data-start=\"614\" data-end=\"984\">El <strong data-start=\"617\" data-end=\"629\">CD D\u00e9nia<\/strong> es mesura aquest <strong data-start=\"643\" data-end=\"671\">dissabte a les 17:00 hores<\/strong> al <strong data-start=\"675\" data-end=\"687\">Llutxent<\/strong>, en un duel clau per recuperar el <strong data-start=\"725\" data-end=\"755\">lideratge del grup tercer<\/strong>. Aquest partit ser\u00e0 dirigit pel col\u00b7legiat <strong data-start=\"801\" data-end=\"819\">Pomars Murphy<\/strong>. Despr\u00e9s de la derrota soferta davant el <strong data-start=\"853\" data-end=\"868\">Algemes\u00ed CF<\/strong>, els dianencs s&#039;han conjurat per sumar els tres punts a <strong data-start=\"931\" data-end=\"943\">Llutxent<\/strong> i continuar lluitant pel primer lloc.<\/p>\n<p data-start=\"986\" data-end=\"1509\">L&#039;equip dirigit per <strong data-start=\"1009\" data-end=\"1022\">Jos\u00e9 Cabe<\/strong> sap de la dificultat de guanyar a <strong data-start=\"1057\" data-end=\"1069\">Llutxent<\/strong>, un camp complicat on l&#039;equip local ha patit sol <strong data-start=\"1129\" data-end=\"1143\">4 derrotes<\/strong> en tota la temporada, mentre que com a visitant, el <strong data-start=\"1198\" data-end=\"1207\">D\u00e9nia<\/strong> ha aconseguit <strong data-start=\"1222\" data-end=\"1237\">6 vict\u00f2ries<\/strong>. <strong data-start=\"1239\" data-end=\"1247\">Cap<\/strong> afronta el partit amb les baixes del sancionat <strong data-start=\"1296\" data-end=\"1305\">\u00d3scar<\/strong> i el lesionat <strong data-start=\"1321\" data-end=\"1330\">Tom\u00e0s<\/strong>, mentre que <strong data-start=\"1345\" data-end=\"1355\">Arthur<\/strong> \u00e9s dubte degut a unes mol\u00e8sties f\u00edsiques. Tot i les abs\u00e8ncies, el <strong data-start=\"1426\" data-end=\"1435\">D\u00e9nia<\/strong> est\u00e0 decidit a emportar-se la vict\u00f2ria i continuar en la lluita per l&#039;ascens.<\/p>\n<h4 data-start=\"986\" data-end=\"1509\">La Font \u2013 Pego CF (Dissabte 16:30 H)<\/h4>\n<p data-start=\"1575\" data-end=\"2055\">El <strong data-start=\"1578\" data-end=\"1589\">Pego CF<\/strong> s&#039;enfrontar\u00e0 aquest <strong data-start=\"1609\" data-end=\"1637\">dissabte a les 16:30 hores<\/strong> a <strong data-start=\"1640\" data-end=\"1651\">La Font<\/strong>, al camp de <strong data-start=\"1668\" data-end=\"1682\">\u00abLa Plana\u00bb<\/strong>, en una trobada que ser\u00e0 arbitrada per <strong data-start=\"1723\" data-end=\"1743\">Corgnolo Torrent<\/strong>. L&#039;equip de <strong data-start=\"1758\" data-end=\"1773\">Javi Signes<\/strong> arriba a aquest partit amb <strong data-start=\"1799\" data-end=\"1820\">importants baixes<\/strong>, com les de <strong data-start=\"1834\" data-end=\"1846\">Fran\u00e7esc<\/strong>, <strong data-start=\"1848\" data-end=\"1856\">Paco<\/strong> i <strong data-start=\"1859\" data-end=\"1868\">Curro<\/strong>, els qui estan lesionats, a m\u00e9s de la sanci\u00f3 de <strong data-start=\"1920\" data-end=\"1934\">Pedro Cots<\/strong>. La plantilla, redu\u00efda en nombre, haur\u00e0 de comptar amb <strong data-start=\"1992\" data-end=\"2023\">jugadors de l&#039;equip filial<\/strong> per completar la convocat\u00f2ria.<\/p>\n<p data-start=\"2057\" data-end=\"2347\">Tot i les baixes, l&#039;equip <strong data-start=\"2089\" data-end=\"2100\">vermell<\/strong> afronta el partit amb optimisme, sabent que <strong data-start=\"2148\" data-end=\"2159\">La Font<\/strong> est\u00e0 sota pressi\u00f3, ja que necessita guanyar per allunyar-se dels llocs de <strong data-start=\"2233\" data-end=\"2245\">descens<\/strong>. El <strong data-start=\"2250\" data-end=\"2258\">Pego<\/strong> vol aprofitar la situaci\u00f3 i sumar tres punts per millorar la seva posici\u00f3 a la taula.<\/p>\n<p><script src=\"chrome-extension:\/\/flbolonkboilcbnohjlchlfgdalomdpl\/iFrame.js\" type=\"text\/javascript\"><\/script><\/p>","protected":false},"excerpt":{"rendered":"<p>La 23\u00aa jornada de la Primera FFCV llega con partidos cruciales para los equipos de la Marina Alta. El CD D\u00e9nia, tras perder el liderato, busca recuperar la senda del triunfo ante el CF Llutxent, mientras que el Pego CF visita a La Font con la intenci\u00f3n de sumar tres puntos importantes y el FB [&#8230;]<\/p>\n<p><a class=\"btn btn-secondary understrap-read-more-link\" href=\"https:\/\/radiolitoral.com\/ca\/2026\/03\/el-fb-teulada-recibe-al-lider-novelda-cf\/\">Continua llegint&#8230;<span class=\"screen-reader-text\"> from El FB Teulada recibe al l\u00edder Novelda CF<\/span><\/a><\/p>\n","protected":false},"author":12,"featured_media":20057,"comment_status":"open","ping_status":"closed","sticky":false,"template":"","format":"standard","meta":{"_acf_changed":false,"inline_featured_image":false,"footnotes":""},"categories":[5],"tags":[893,5249,6,3338,1035,4417,4959,5250,5005,1984,1915],"class_list":["post-20056","post","type-post","status-publish","format-standard","has-post-thumbnail","hentry","category-deportes","tag-cd-denia","tag-cf-llutxent","tag-deportes","tag-fb-teulada","tag-javi-signes","tag-jose-cabe","tag-juan-ribes-coca","tag-la-font","tag-novelda-cf","tag-pego-cf","tag-primera-ffcv","cobertura-denia","cobertura-pego","cobertura-teulada-moraira"],"acf":[],"yoast_head":"<!-- This site is optimized with the Yoast SEO plugin v27.5 - https:\/\/yoast.com\/product\/yoast-seo-wordpress\/ -->\n<title>El FB Teulada recibe al l\u00edder Novelda CF | R\u00e0dio Litoral<\/title>\n<meta name=\"description\" content=\"El CD D\u00e9nia visita el campo del CF Llutxent y el Pego CF buscar\u00e1 el triunfo en La FontEl CD D\u00e9nia visita el campo del CF Llutxent y el Pego CF buscar\u00e1 el triunfo en La Font\" \/>\n<meta name=\"robots\" content=\"index, follow, max-snippet:-1, max-image-preview:large, max-video-preview:-1\" \/>\n<link rel=\"canonical\" href=\"https:\/\/radiolitoral.com\/ca\/2026\/03\/el-fb-teulada-rep-el-lider-novel\u00b7la-cf\/\" \/>\n<meta property=\"og:locale\" content=\"ca_ES\" \/>\n<meta property=\"og:type\" content=\"article\" \/>\n<meta property=\"og:title\" content=\"El FB Teulada recibe al l\u00edder Novelda CF | R\u00e0dio Litoral\" \/>\n<meta property=\"og:description\" content=\"El CD D\u00e9nia visita el campo del CF Llutxent y el Pego CF buscar\u00e1 el triunfo en La FontEl CD D\u00e9nia visita el campo del CF Llutxent y el Pego CF buscar\u00e1 el triunfo en La Font\" \/>\n<meta property=\"og:url\" content=\"https:\/\/radiolitoral.com\/ca\/2026\/03\/el-fb-teulada-rep-el-lider-novel\u00b7la-cf\/\" \/>\n<meta property=\"og:site_name\" content=\"R\u00e0dio Litoral\" \/>\n<meta property=\"article:publisher\" content=\"https:\/\/www.facebook.com\/Laradiolitoral\/\" \/>\n<meta property=\"article:published_time\" content=\"2026-03-13T10:11:19+00:00\" \/>\n<meta property=\"og:image\" content=\"https:\/\/media.radiolitoral.com\/wp-content\/uploads\/2026\/03\/13110914\/649317482_10232081811603344_3244837066997344007_n.jpg\" \/>\n\t<meta property=\"og:image:width\" content=\"2048\" \/>\n\t<meta property=\"og:image:height\" content=\"1542\" \/>\n\t<meta property=\"og:image:type\" content=\"image\/jpeg\" \/>\n<meta name=\"author\" content=\"Javier Zamora\" \/>\n<meta name=\"twitter:card\" content=\"summary_large_image\" \/>\n<meta name=\"twitter:label1\" content=\"Escrit per\" \/>\n\t<meta name=\"twitter:data1\" content=\"Javier Zamora\" \/>\n\t<meta name=\"twitter:label2\" content=\"Temps estimat de lectura\" \/>\n\t<meta name=\"twitter:data2\" content=\"3 minuts\" \/>\n<script type=\"application\/ld+json\" class=\"yoast-schema-graph\">{\"@context\":\"https:\\\/\\\/schema.org\",\"@graph\":[{\"@type\":\"NewsArticle\",\"@id\":\"https:\\\/\\\/radiolitoral.com\\\/2026\\\/03\\\/el-fb-teulada-recibe-al-lider-novelda-cf\\\/#article\",\"isPartOf\":{\"@id\":\"https:\\\/\\\/radiolitoral.com\\\/2026\\\/03\\\/el-fb-teulada-recibe-al-lider-novelda-cf\\\/\"},\"author\":{\"name\":\"Javier Zamora\",\"@id\":\"https:\\\/\\\/radiolitoral.com\\\/#\\\/schema\\\/person\\\/7b1480b5caeb5acdd4ec6379caf62b22\"},\"headline\":\"El FB Teulada recibe al l\u00edder Novelda CF\",\"datePublished\":\"2026-03-13T10:11:19+00:00\",\"mainEntityOfPage\":{\"@id\":\"https:\\\/\\\/radiolitoral.com\\\/2026\\\/03\\\/el-fb-teulada-recibe-al-lider-novelda-cf\\\/\"},\"wordCount\":513,\"commentCount\":0,\"publisher\":{\"@id\":\"https:\\\/\\\/radiolitoral.com\\\/#organization\"},\"image\":{\"@id\":\"https:\\\/\\\/radiolitoral.com\\\/2026\\\/03\\\/el-fb-teulada-recibe-al-lider-novelda-cf\\\/#primaryimage\"},\"thumbnailUrl\":\"https:\\\/\\\/media.radiolitoral.com\\\/wp-content\\\/uploads\\\/2026\\\/03\\\/13110914\\\/649317482_10232081811603344_3244837066997344007_n.jpg\",\"keywords\":[\"CD D\u00e9nia\",\"CF Llutxent\",\"deportes\",\"FB Teulada\",\"Javi Signes\",\"Jos\u00e9 Cabe\",\"Juan Ribes \\\"Coca\\\"\",\"La Font\",\"Novelda CF\",\"Pego CF\",\"Primera\u00a0FFCV\"],\"articleSection\":[\"Deportes\"],\"inLanguage\":\"ca\",\"potentialAction\":[{\"@type\":\"CommentAction\",\"name\":\"Comment\",\"target\":[\"https:\\\/\\\/radiolitoral.com\\\/2026\\\/03\\\/el-fb-teulada-recibe-al-lider-novelda-cf\\\/#respond\"]}]},{\"@type\":[\"WebPage\",\"ItemPage\"],\"@id\":\"https:\\\/\\\/radiolitoral.com\\\/2026\\\/03\\\/el-fb-teulada-recibe-al-lider-novelda-cf\\\/\",\"url\":\"https:\\\/\\\/radiolitoral.com\\\/2026\\\/03\\\/el-fb-teulada-recibe-al-lider-novelda-cf\\\/\",\"name\":\"El FB Teulada recibe al l\u00edder Novelda CF | R\u00e0dio Litoral\",\"isPartOf\":{\"@id\":\"https:\\\/\\\/radiolitoral.com\\\/#website\"},\"primaryImageOfPage\":{\"@id\":\"https:\\\/\\\/radiolitoral.com\\\/2026\\\/03\\\/el-fb-teulada-recibe-al-lider-novelda-cf\\\/#primaryimage\"},\"image\":{\"@id\":\"https:\\\/\\\/radiolitoral.com\\\/2026\\\/03\\\/el-fb-teulada-recibe-al-lider-novelda-cf\\\/#primaryimage\"},\"thumbnailUrl\":\"https:\\\/\\\/media.radiolitoral.com\\\/wp-content\\\/uploads\\\/2026\\\/03\\\/13110914\\\/649317482_10232081811603344_3244837066997344007_n.jpg\",\"datePublished\":\"2026-03-13T10:11:19+00:00\",\"description\":\"El CD D\u00e9nia visita el campo del CF Llutxent y el Pego CF buscar\u00e1 el triunfo en La FontEl CD D\u00e9nia visita el campo del CF Llutxent y el Pego CF buscar\u00e1 el triunfo en La Font\",\"breadcrumb\":{\"@id\":\"https:\\\/\\\/radiolitoral.com\\\/2026\\\/03\\\/el-fb-teulada-recibe-al-lider-novelda-cf\\\/#breadcrumb\"},\"inLanguage\":\"ca\",\"potentialAction\":[{\"@type\":\"ReadAction\",\"target\":[\"https:\\\/\\\/radiolitoral.com\\\/2026\\\/03\\\/el-fb-teulada-recibe-al-lider-novelda-cf\\\/\"]}]},{\"@type\":\"ImageObject\",\"inLanguage\":\"ca\",\"@id\":\"https:\\\/\\\/radiolitoral.com\\\/2026\\\/03\\\/el-fb-teulada-recibe-al-lider-novelda-cf\\\/#primaryimage\",\"url\":\"https:\\\/\\\/media.radiolitoral.com\\\/wp-content\\\/uploads\\\/2026\\\/03\\\/13110914\\\/649317482_10232081811603344_3244837066997344007_n.jpg\",\"contentUrl\":\"https:\\\/\\\/media.radiolitoral.com\\\/wp-content\\\/uploads\\\/2026\\\/03\\\/13110914\\\/649317482_10232081811603344_3244837066997344007_n.jpg\",\"width\":2048,\"height\":1542},{\"@type\":\"BreadcrumbList\",\"@id\":\"https:\\\/\\\/radiolitoral.com\\\/2026\\\/03\\\/el-fb-teulada-recibe-al-lider-novelda-cf\\\/#breadcrumb\",\"itemListElement\":[{\"@type\":\"ListItem\",\"position\":1,\"name\":\"Portada\",\"item\":\"https:\\\/\\\/radiolitoral.com\\\/\"},{\"@type\":\"ListItem\",\"position\":2,\"name\":\"El FB Teulada recibe al l\u00edder Novelda CF\"}]},{\"@type\":\"WebSite\",\"@id\":\"https:\\\/\\\/radiolitoral.com\\\/#website\",\"url\":\"https:\\\/\\\/radiolitoral.com\\\/\",\"name\":\"Radio Litoral\",\"description\":\"La radio local de la Marina Alta\",\"publisher\":{\"@id\":\"https:\\\/\\\/radiolitoral.com\\\/#organization\"},\"alternateName\":\"Litoral FM\",\"potentialAction\":[{\"@type\":\"SearchAction\",\"target\":{\"@type\":\"EntryPoint\",\"urlTemplate\":\"https:\\\/\\\/radiolitoral.com\\\/?s={search_term_string}\"},\"query-input\":{\"@type\":\"PropertyValueSpecification\",\"valueRequired\":true,\"valueName\":\"search_term_string\"}}],\"inLanguage\":\"ca\"},{\"@type\":\"Organization\",\"@id\":\"https:\\\/\\\/radiolitoral.com\\\/#organization\",\"name\":\"Radio Litoral\",\"url\":\"https:\\\/\\\/radiolitoral.com\\\/\",\"logo\":{\"@type\":\"ImageObject\",\"inLanguage\":\"ca\",\"@id\":\"https:\\\/\\\/radiolitoral.com\\\/#\\\/schema\\\/logo\\\/image\\\/\",\"url\":\"https:\\\/\\\/media.radiolitoral.com\\\/wp-content\\\/uploads\\\/2023\\\/02\\\/24143238\\\/CL-V-RadioLitoral696.png\",\"contentUrl\":\"https:\\\/\\\/media.radiolitoral.com\\\/wp-content\\\/uploads\\\/2023\\\/02\\\/24143238\\\/CL-V-RadioLitoral696.png\",\"width\":696,\"height\":696,\"caption\":\"Radio Litoral\"},\"image\":{\"@id\":\"https:\\\/\\\/radiolitoral.com\\\/#\\\/schema\\\/logo\\\/image\\\/\"},\"sameAs\":[\"https:\\\/\\\/www.facebook.com\\\/Laradiolitoral\\\/\"]},{\"@type\":\"Person\",\"@id\":\"https:\\\/\\\/radiolitoral.com\\\/#\\\/schema\\\/person\\\/7b1480b5caeb5acdd4ec6379caf62b22\",\"name\":\"Javier Zamora\",\"image\":{\"@type\":\"ImageObject\",\"inLanguage\":\"ca\",\"@id\":\"https:\\\/\\\/secure.gravatar.com\\\/avatar\\\/467a11f6918c7d619c4043fc6fa2d3853053107973f05b6e9c04ea6c4e3a7b3f?s=96&d=mm&r=g\",\"url\":\"https:\\\/\\\/secure.gravatar.com\\\/avatar\\\/467a11f6918c7d619c4043fc6fa2d3853053107973f05b6e9c04ea6c4e3a7b3f?s=96&d=mm&r=g\",\"contentUrl\":\"https:\\\/\\\/secure.gravatar.com\\\/avatar\\\/467a11f6918c7d619c4043fc6fa2d3853053107973f05b6e9c04ea6c4e3a7b3f?s=96&d=mm&r=g\",\"caption\":\"Javier Zamora\"},\"url\":\"https:\\\/\\\/radiolitoral.com\\\/ca\\\/author\\\/javier-zamora\\\/\"}]}<\/script>\n<!-- \/ Yoast SEO plugin. -->","yoast_head_json":{"title":"L&#039;FB Teulada rep el l\u00edder Novelda CF | R\u00e0dio Litoral","description":"El CD D\u00e9nia visita el camp del CF Llutxent i el Pego CF buscar\u00e0 el triomf a La FontEl CD D\u00e9nia visita el camp del CF Llutxent i el Pego CF buscar\u00e0 el triomf a La Font","robots":{"index":"index","follow":"follow","max-snippet":"max-snippet:-1","max-image-preview":"max-image-preview:large","max-video-preview":"max-video-preview:-1"},"canonical":"https:\/\/radiolitoral.com\/ca\/2026\/03\/el-fb-teulada-rep-el-lider-novel\u00b7la-cf\/","og_locale":"ca_ES","og_type":"article","og_title":"El FB Teulada recibe al l\u00edder Novelda CF | R\u00e0dio Litoral","og_description":"El CD D\u00e9nia visita el campo del CF Llutxent y el Pego CF buscar\u00e1 el triunfo en La FontEl CD D\u00e9nia visita el campo del CF Llutxent y el Pego CF buscar\u00e1 el triunfo en La Font","og_url":"https:\/\/radiolitoral.com\/ca\/2026\/03\/el-fb-teulada-rep-el-lider-novel\u00b7la-cf\/","og_site_name":"R\u00e0dio Litoral","article_publisher":"https:\/\/www.facebook.com\/Laradiolitoral\/","article_published_time":"2026-03-13T10:11:19+00:00","og_image":[{"width":2048,"height":1542,"url":"https:\/\/media.radiolitoral.com\/wp-content\/uploads\/2026\/03\/13110914\/649317482_10232081811603344_3244837066997344007_n.jpg","type":"image\/jpeg"}],"author":"Javier Zamora","twitter_card":"summary_large_image","twitter_misc":{"Escrit per":"Javier Zamora","Temps estimat de lectura":"3 minuts"},"schema":{"@context":"https:\/\/schema.org","@graph":[{"@type":"NewsArticle","@id":"https:\/\/radiolitoral.com\/2026\/03\/el-fb-teulada-recibe-al-lider-novelda-cf\/#article","isPartOf":{"@id":"https:\/\/radiolitoral.com\/2026\/03\/el-fb-teulada-recibe-al-lider-novelda-cf\/"},"author":{"name":"Javier Zamora","@id":"https:\/\/radiolitoral.com\/#\/schema\/person\/7b1480b5caeb5acdd4ec6379caf62b22"},"headline":"El FB Teulada recibe al l\u00edder Novelda CF","datePublished":"2026-03-13T10:11:19+00:00","mainEntityOfPage":{"@id":"https:\/\/radiolitoral.com\/2026\/03\/el-fb-teulada-recibe-al-lider-novelda-cf\/"},"wordCount":513,"commentCount":0,"publisher":{"@id":"https:\/\/radiolitoral.com\/#organization"},"image":{"@id":"https:\/\/radiolitoral.com\/2026\/03\/el-fb-teulada-recibe-al-lider-novelda-cf\/#primaryimage"},"thumbnailUrl":"https:\/\/media.radiolitoral.com\/wp-content\/uploads\/2026\/03\/13110914\/649317482_10232081811603344_3244837066997344007_n.jpg","keywords":["CD D\u00e9nia","CF Llutxent","deportes","FB Teulada","Javi Signes","Jos\u00e9 Cabe","Juan Ribes \"Coca\"","La Font","Novelda CF","Pego CF","Primera\u00a0FFCV"],"articleSection":["Deportes"],"inLanguage":"ca","potentialAction":[{"@type":"CommentAction","name":"Comment","target":["https:\/\/radiolitoral.com\/2026\/03\/el-fb-teulada-recibe-al-lider-novelda-cf\/#respond"]}]},{"@type":["WebPage","ItemPage"],"@id":"https:\/\/radiolitoral.com\/2026\/03\/el-fb-teulada-recibe-al-lider-novelda-cf\/","url":"https:\/\/radiolitoral.com\/2026\/03\/el-fb-teulada-recibe-al-lider-novelda-cf\/","name":"L&#039;FB Teulada rep el l\u00edder Novelda CF | R\u00e0dio Litoral","isPartOf":{"@id":"https:\/\/radiolitoral.com\/#website"},"primaryImageOfPage":{"@id":"https:\/\/radiolitoral.com\/2026\/03\/el-fb-teulada-recibe-al-lider-novelda-cf\/#primaryimage"},"image":{"@id":"https:\/\/radiolitoral.com\/2026\/03\/el-fb-teulada-recibe-al-lider-novelda-cf\/#primaryimage"},"thumbnailUrl":"https:\/\/media.radiolitoral.com\/wp-content\/uploads\/2026\/03\/13110914\/649317482_10232081811603344_3244837066997344007_n.jpg","datePublished":"2026-03-13T10:11:19+00:00","description":"El CD D\u00e9nia visita el camp del CF Llutxent i el Pego CF buscar\u00e0 el triomf a La FontEl CD D\u00e9nia visita el camp del CF Llutxent i el Pego CF buscar\u00e0 el triomf a La Font","breadcrumb":{"@id":"https:\/\/radiolitoral.com\/2026\/03\/el-fb-teulada-recibe-al-lider-novelda-cf\/#breadcrumb"},"inLanguage":"ca","potentialAction":[{"@type":"ReadAction","target":["https:\/\/radiolitoral.com\/2026\/03\/el-fb-teulada-recibe-al-lider-novelda-cf\/"]}]},{"@type":"ImageObject","inLanguage":"ca","@id":"https:\/\/radiolitoral.com\/2026\/03\/el-fb-teulada-recibe-al-lider-novelda-cf\/#primaryimage","url":"https:\/\/media.radiolitoral.com\/wp-content\/uploads\/2026\/03\/13110914\/649317482_10232081811603344_3244837066997344007_n.jpg","contentUrl":"https:\/\/media.radiolitoral.com\/wp-content\/uploads\/2026\/03\/13110914\/649317482_10232081811603344_3244837066997344007_n.jpg","width":2048,"height":1542},{"@type":"BreadcrumbList","@id":"https:\/\/radiolitoral.com\/2026\/03\/el-fb-teulada-recibe-al-lider-novelda-cf\/#breadcrumb","itemListElement":[{"@type":"ListItem","position":1,"name":"Portada","item":"https:\/\/radiolitoral.com\/"},{"@type":"ListItem","position":2,"name":"El FB Teulada recibe al l\u00edder Novelda CF"}]},{"@type":"WebSite","@id":"https:\/\/radiolitoral.com\/#website","url":"https:\/\/radiolitoral.com\/","name":"R\u00e0dio Litoral","description":"La r\u00e0dio local de la Marina Alta","publisher":{"@id":"https:\/\/radiolitoral.com\/#organization"},"alternateName":"Litoral FM","potentialAction":[{"@type":"SearchAction","target":{"@type":"EntryPoint","urlTemplate":"https:\/\/radiolitoral.com\/?s={search_term_string}"},"query-input":{"@type":"PropertyValueSpecification","valueRequired":true,"valueName":"search_term_string"}}],"inLanguage":"ca"},{"@type":"Organization","@id":"https:\/\/radiolitoral.com\/#organization","name":"R\u00e0dio Litoral","url":"https:\/\/radiolitoral.com\/","logo":{"@type":"ImageObject","inLanguage":"ca","@id":"https:\/\/radiolitoral.com\/#\/schema\/logo\/image\/","url":"https:\/\/media.radiolitoral.com\/wp-content\/uploads\/2023\/02\/24143238\/CL-V-RadioLitoral696.png","contentUrl":"https:\/\/media.radiolitoral.com\/wp-content\/uploads\/2023\/02\/24143238\/CL-V-RadioLitoral696.png","width":696,"height":696,"caption":"Radio Litoral"},"image":{"@id":"https:\/\/radiolitoral.com\/#\/schema\/logo\/image\/"},"sameAs":["https:\/\/www.facebook.com\/Laradiolitoral\/"]},{"@type":"Person","@id":"https:\/\/radiolitoral.com\/#\/schema\/person\/7b1480b5caeb5acdd4ec6379caf62b22","name":"Javier Zamora","image":{"@type":"ImageObject","inLanguage":"ca","@id":"https:\/\/secure.gravatar.com\/avatar\/467a11f6918c7d619c4043fc6fa2d3853053107973f05b6e9c04ea6c4e3a7b3f?s=96&d=mm&r=g","url":"https:\/\/secure.gravatar.com\/avatar\/467a11f6918c7d619c4043fc6fa2d3853053107973f05b6e9c04ea6c4e3a7b3f?s=96&d=mm&r=g","contentUrl":"https:\/\/secure.gravatar.com\/avatar\/467a11f6918c7d619c4043fc6fa2d3853053107973f05b6e9c04ea6c4e3a7b3f?s=96&d=mm&r=g","caption":"Javier Zamora"},"url":"https:\/\/radiolitoral.com\/ca\/author\/javier-zamora\/"}]}},"_links":{"self":[{"href":"https:\/\/radiolitoral.com\/ca\/wp-json\/wp\/v2\/posts\/20056","targetHints":{"allow":["GET"]}}],"collection":[{"href":"https:\/\/radiolitoral.com\/ca\/wp-json\/wp\/v2\/posts"}],"about":[{"href":"https:\/\/radiolitoral.com\/ca\/wp-json\/wp\/v2\/types\/post"}],"author":[{"embeddable":true,"href":"https:\/\/radiolitoral.com\/ca\/wp-json\/wp\/v2\/users\/12"}],"replies":[{"embeddable":true,"href":"https:\/\/radiolitoral.com\/ca\/wp-json\/wp\/v2\/comments?post=20056"}],"version-history":[{"count":1,"href":"https:\/\/radiolitoral.com\/ca\/wp-json\/wp\/v2\/posts\/20056\/revisions"}],"predecessor-version":[{"id":20058,"href":"https:\/\/radiolitoral.com\/ca\/wp-json\/wp\/v2\/posts\/20056\/revisions\/20058"}],"wp:featuredmedia":[{"embeddable":true,"href":"https:\/\/radiolitoral.com\/ca\/wp-json\/wp\/v2\/media\/20057"}],"wp:attachment":[{"href":"https:\/\/radiolitoral.com\/ca\/wp-json\/wp\/v2\/media?parent=20056"}],"wp:term":[{"taxonomy":"category","embeddable":true,"href":"https:\/\/radiolitoral.com\/ca\/wp-json\/wp\/v2\/categories?post=20056"},{"taxonomy":"post_tag","embeddable":true,"href":"https:\/\/radiolitoral.com\/ca\/wp-json\/wp\/v2\/tags?post=20056"}],"curies":[{"name":"wp","href":"https:\/\/api.w.org\/{rel}","templated":true}]}}