{"id":20051,"date":"2026-03-13T11:04:47","date_gmt":"2026-03-13T10:04:47","guid":{"rendered":"https:\/\/radiolitoral.com\/?p=20051"},"modified":"2026-03-13T11:04:47","modified_gmt":"2026-03-13T10:04:47","slug":"la-ut-calp-a-la-recerca-del-triomf-a-mutxamel","status":"publish","type":"post","link":"https:\/\/radiolitoral.com\/ca\/2026\/03\/la-ud-calpe-en-busca-del-triunfo-en-mutxamel\/","title":{"rendered":"La UD Calp a la recerca del triomf a Mutxamel"},"content":{"rendered":"<p>La <strong data-start=\"168\" data-end=\"195\">vint-i-cinquena jornada<\/strong> de la <strong data-start=\"202\" data-end=\"221\">Lliga Comunitat<\/strong> al <strong data-start=\"228\" data-end=\"241\">grup sud<\/strong> porta dos partits decisius per als equips de la <strong data-start=\"293\" data-end=\"308\">Marina Alta<\/strong>, amb el <strong data-start=\"317\" data-end=\"329\">CD X\u00e0bia<\/strong> i la <strong data-start=\"335\" data-end=\"347\">UD Calp<\/strong> lluitant per <strong data-start=\"361\" data-end=\"387\">sumar punts crucials<\/strong> per <strong data-start=\"393\" data-end=\"432\">allunyar-se dels llocs de descens<\/strong>.<\/p>\n<h4 data-start=\"1388\" data-end=\"1657\">Mutxamel CF \u2013 UD Calp (Diumenge 17:30 H)<\/h4>\n<p data-start=\"1739\" data-end=\"2159\">La <strong data-start=\"1756\" data-end=\"1768\">UD Calp<\/strong> jugar\u00e0 el <strong data-start=\"1779\" data-end=\"1808\">diumenge a les 17:30 hores<\/strong> al camp de <strong data-start=\"1824\" data-end=\"1837\">Els Olmos<\/strong> a <strong data-start=\"1841\" data-end=\"1853\">Mutxamel<\/strong>, davant l&#039;equip local, un partit que estar\u00e0 arbitrat per <strong data-start=\"1913\" data-end=\"1932\">Navarro Navarro<\/strong>. Els <strong data-start=\"1938\" data-end=\"1950\">calpins<\/strong>, despr\u00e9s d&#039;un bon triomf davant la <strong data-start=\"1981\" data-end=\"1998\">UD Carcaixent<\/strong>, afronten aquest xoc amb la moral pels n\u00favols, sabent que sumar dues vict\u00f2ries consecutives seria un gran impuls per allunyar-se dels llocs de descens.<\/p>\n<p data-start=\"2161\" data-end=\"2407\">La <strong data-start=\"2164\" data-end=\"2188\">igualtat al grup<\/strong> \u00e9s m\u00e0xima i no hi ha marge per a la relaxaci\u00f3. Una derrota podria col\u00b7locar els <strong data-start=\"2268\" data-end=\"2280\">calpins<\/strong> prop de la zona perillosa, mentre que una nova vict\u00f2ria els permetria situar-se a una zona m\u00e9s c\u00f2moda, lluny del perill.<\/p>\n<p data-start=\"2409\" data-end=\"2699\">L&#039;entrenador <strong data-start=\"2423\" data-end=\"2439\">Pedro Perles<\/strong> no podr\u00e0 comptar amb <strong data-start=\"2460\" data-end=\"2475\">Pau Terol<\/strong>, qui est\u00e0 sancionat, per\u00f2 s&#039;espera que el t\u00e8cnic no faci moltes modificacions a l&#039;onze inicial, ja que l&#039;equip va mostrar un bon nivell a l&#039;\u00faltim matx i buscar\u00e0 repetir aquest rendiment en aquest partit crucial.<\/p>\n<h4>CD X\u00e0bia \u2013 Torrevella CF (Dissabte 17 H)<\/h4>\n<p data-start=\"486\" data-end=\"1044\">El <strong data-start=\"489\" data-end=\"501\">CD X\u00e0bia<\/strong> jugar\u00e0 aquest <strong data-start=\"514\" data-end=\"542\">dissabte a les 17:00 hores<\/strong> al seu camp municipal contra el <strong data-start=\"575\" data-end=\"592\">Torrevella CF<\/strong>, un partit que ser\u00e0 arbitrat per <strong data-start=\"628\" data-end=\"649\">Torregrosa Talens<\/strong>. Els blanc-i-vermells, dirigits per <strong data-start=\"682\" data-end=\"698\">Juliol Ivorra<\/strong>, s&#039;enfronten a un rival directe en la lluita per la perman\u00e8ncia i necessiten sumar els tres punts per evitar que l&#039;equip visitant els retalli dist\u00e0ncies. En les darreres jornades, el <strong data-start=\"885\" data-end=\"894\">X\u00e0bia<\/strong> ha sumat sol <strong data-start=\"910\" data-end=\"935\">1 punt de 9 possibles<\/strong>, de manera que aquesta trobada es presenta com una <strong data-start=\"984\" data-end=\"993\">final<\/strong> per mantenir la tranquil\u00b7litat a la classificaci\u00f3.<\/p>\n<p data-start=\"1046\" data-end=\"1386\">El t\u00e8cnic <strong data-start=\"1057\" data-end=\"1067\">Ivorra<\/strong> sap de la import\u00e0ncia d&#039;aquest partit, que requereix que el vostre equip jugui a <strong data-start=\"1144\" data-end=\"1163\">alta intensitat<\/strong> i eviteu els errors propis que li han costat punts les \u00faltimes setmanes. El rival, el <strong data-start=\"1255\" data-end=\"1269\">Torrevella<\/strong>, est\u00e0 lluitant per entrar als llocs de promoci\u00f3 i aprofitar\u00e0 qualsevol desajust en el joc dels locals.<\/p>\n<p data-start=\"1388\" data-end=\"1657\"><strong data-start=\"1388\" data-end=\"1435\">Ivorra no podr\u00e0 comptar amb Edu, Nico i Omar<\/strong>, per\u00f2 la resta de la plantilla estar\u00e0 disponible. A m\u00e9s, des de la directiva s&#039;ha sol\u00b7licitat el <strong data-start=\"1533\" data-end=\"1563\">m\u00e0xim suport de l&#039;afici\u00f3<\/strong>, de manera que el partit ser\u00e0 <strong data-start=\"1592\" data-end=\"1615\">de portes obertes<\/strong> i el p\u00fablic no haur\u00e0 de pagar entrada.<\/p>\n<p><script src=\"chrome-extension:\/\/flbolonkboilcbnohjlchlfgdalomdpl\/iFrame.js\" type=\"text\/javascript\"><\/script><\/p>","protected":false},"excerpt":{"rendered":"<p>La vig\u00e9sima quinta jornada de la Lliga Comunitat en el grupo sur trae dos partidos decisivos para los equipos de la Marina Alta, con el CD J\u00e1vea y la UD Calpe luchando por sumar puntos cruciales para alejarse de los puestos de descenso. Mutxamel CF &#8211; UD Calpe (Domingo 17:30 H) La UD Calpe jugar\u00e1 [&#8230;]<\/p>\n<p><a class=\"btn btn-secondary understrap-read-more-link\" href=\"https:\/\/radiolitoral.com\/ca\/2026\/03\/la-ud-calpe-en-busca-del-triunfo-en-mutxamel\/\">Continua llegint&#8230;<span class=\"screen-reader-text\"> from La UD Calpe en busca del triunfo en Mutxamel<\/span><\/a><\/p>\n","protected":false},"author":12,"featured_media":20052,"comment_status":"open","ping_status":"closed","sticky":false,"template":"","format":"standard","meta":{"_acf_changed":false,"inline_featured_image":false,"footnotes":""},"categories":[5],"tags":[1332,6,1503,1071,5089,1871,2202,889],"class_list":["post-20051","post","type-post","status-publish","format-standard","has-post-thumbnail","hentry","category-deportes","tag-cd-javea","tag-deportes","tag-julio-ivorra","tag-lliga-comunitat","tag-mutxamel","tag-pedro-perles","tag-torrevieja-cf","tag-ud-calpe","cobertura-calp","cobertura-xabia"],"acf":[],"yoast_head":"<!-- This site is optimized with the Yoast SEO plugin v27.4 - https:\/\/yoast.com\/product\/yoast-seo-wordpress\/ -->\n<title>La UD Calpe en busca del triunfo en Mutxamel | R\u00e0dio Litoral<\/title>\n<meta name=\"description\" content=\"El CD J\u00e1vea recibe la visita del Torrevieja en un partido de puertas abiertas para sus aficionadosEl CD J\u00e1vea recibe la visita del Torrevieja en un partido de puertas abiertas para sus aficionados\" \/>\n<meta name=\"robots\" content=\"index, follow, max-snippet:-1, max-image-preview:large, max-video-preview:-1\" \/>\n<link rel=\"canonical\" href=\"https:\/\/radiolitoral.com\/ca\/2026\/03\/la-ut-calp-a-la-recerca-del-triomf-a-mutxamel\/\" \/>\n<meta property=\"og:locale\" content=\"ca_ES\" \/>\n<meta property=\"og:type\" content=\"article\" \/>\n<meta property=\"og:title\" content=\"La UD Calpe en busca del triunfo en Mutxamel | R\u00e0dio Litoral\" \/>\n<meta property=\"og:description\" content=\"El CD J\u00e1vea recibe la visita del Torrevieja en un partido de puertas abiertas para sus aficionadosEl CD J\u00e1vea recibe la visita del Torrevieja en un partido de puertas abiertas para sus aficionados\" \/>\n<meta property=\"og:url\" content=\"https:\/\/radiolitoral.com\/ca\/2026\/03\/la-ut-calp-a-la-recerca-del-triomf-a-mutxamel\/\" \/>\n<meta property=\"og:site_name\" content=\"R\u00e0dio Litoral\" \/>\n<meta property=\"article:publisher\" content=\"https:\/\/www.facebook.com\/Laradiolitoral\/\" \/>\n<meta property=\"article:published_time\" content=\"2026-03-13T10:04:47+00:00\" \/>\n<meta property=\"og:image\" content=\"https:\/\/media.radiolitoral.com\/wp-content\/uploads\/2026\/03\/13110329\/Michael-con-el-balon.jpg\" \/>\n\t<meta property=\"og:image:width\" content=\"1440\" \/>\n\t<meta property=\"og:image:height\" content=\"967\" \/>\n\t<meta property=\"og:image:type\" content=\"image\/jpeg\" \/>\n<meta name=\"author\" content=\"Javier Zamora\" \/>\n<meta name=\"twitter:card\" content=\"summary_large_image\" \/>\n<meta name=\"twitter:label1\" content=\"Escrit per\" \/>\n\t<meta name=\"twitter:data1\" content=\"Javier Zamora\" \/>\n\t<meta name=\"twitter:label2\" content=\"Temps estimat de lectura\" \/>\n\t<meta name=\"twitter:data2\" content=\"3 minuts\" \/>\n<script type=\"application\/ld+json\" class=\"yoast-schema-graph\">{\"@context\":\"https:\\\/\\\/schema.org\",\"@graph\":[{\"@type\":\"NewsArticle\",\"@id\":\"https:\\\/\\\/radiolitoral.com\\\/2026\\\/03\\\/la-ud-calpe-en-busca-del-triunfo-en-mutxamel\\\/#article\",\"isPartOf\":{\"@id\":\"https:\\\/\\\/radiolitoral.com\\\/2026\\\/03\\\/la-ud-calpe-en-busca-del-triunfo-en-mutxamel\\\/\"},\"author\":{\"name\":\"Javier Zamora\",\"@id\":\"https:\\\/\\\/radiolitoral.com\\\/#\\\/schema\\\/person\\\/7b1480b5caeb5acdd4ec6379caf62b22\"},\"headline\":\"La UD Calpe en busca del triunfo en Mutxamel\",\"datePublished\":\"2026-03-13T10:04:47+00:00\",\"mainEntityOfPage\":{\"@id\":\"https:\\\/\\\/radiolitoral.com\\\/2026\\\/03\\\/la-ud-calpe-en-busca-del-triunfo-en-mutxamel\\\/\"},\"wordCount\":433,\"commentCount\":0,\"publisher\":{\"@id\":\"https:\\\/\\\/radiolitoral.com\\\/#organization\"},\"image\":{\"@id\":\"https:\\\/\\\/radiolitoral.com\\\/2026\\\/03\\\/la-ud-calpe-en-busca-del-triunfo-en-mutxamel\\\/#primaryimage\"},\"thumbnailUrl\":\"https:\\\/\\\/media.radiolitoral.com\\\/wp-content\\\/uploads\\\/2026\\\/03\\\/13110329\\\/Michael-con-el-balon.jpg\",\"keywords\":[\"CD J\u00e1vea\",\"deportes\",\"Julio Ivorra\",\"Lliga Comunitat\",\"Mutxamel\",\"Pedro Perles\",\"Torrevieja CF\",\"UD Calpe\"],\"articleSection\":[\"Deportes\"],\"inLanguage\":\"ca\",\"potentialAction\":[{\"@type\":\"CommentAction\",\"name\":\"Comment\",\"target\":[\"https:\\\/\\\/radiolitoral.com\\\/2026\\\/03\\\/la-ud-calpe-en-busca-del-triunfo-en-mutxamel\\\/#respond\"]}]},{\"@type\":[\"WebPage\",\"ItemPage\"],\"@id\":\"https:\\\/\\\/radiolitoral.com\\\/2026\\\/03\\\/la-ud-calpe-en-busca-del-triunfo-en-mutxamel\\\/\",\"url\":\"https:\\\/\\\/radiolitoral.com\\\/2026\\\/03\\\/la-ud-calpe-en-busca-del-triunfo-en-mutxamel\\\/\",\"name\":\"La UD Calpe en busca del triunfo en Mutxamel | R\u00e0dio Litoral\",\"isPartOf\":{\"@id\":\"https:\\\/\\\/radiolitoral.com\\\/#website\"},\"primaryImageOfPage\":{\"@id\":\"https:\\\/\\\/radiolitoral.com\\\/2026\\\/03\\\/la-ud-calpe-en-busca-del-triunfo-en-mutxamel\\\/#primaryimage\"},\"image\":{\"@id\":\"https:\\\/\\\/radiolitoral.com\\\/2026\\\/03\\\/la-ud-calpe-en-busca-del-triunfo-en-mutxamel\\\/#primaryimage\"},\"thumbnailUrl\":\"https:\\\/\\\/media.radiolitoral.com\\\/wp-content\\\/uploads\\\/2026\\\/03\\\/13110329\\\/Michael-con-el-balon.jpg\",\"datePublished\":\"2026-03-13T10:04:47+00:00\",\"description\":\"El CD J\u00e1vea recibe la visita del Torrevieja en un partido de puertas abiertas para sus aficionadosEl CD J\u00e1vea recibe la visita del Torrevieja en un partido de puertas abiertas para sus aficionados\",\"breadcrumb\":{\"@id\":\"https:\\\/\\\/radiolitoral.com\\\/2026\\\/03\\\/la-ud-calpe-en-busca-del-triunfo-en-mutxamel\\\/#breadcrumb\"},\"inLanguage\":\"ca\",\"potentialAction\":[{\"@type\":\"ReadAction\",\"target\":[\"https:\\\/\\\/radiolitoral.com\\\/2026\\\/03\\\/la-ud-calpe-en-busca-del-triunfo-en-mutxamel\\\/\"]}]},{\"@type\":\"ImageObject\",\"inLanguage\":\"ca\",\"@id\":\"https:\\\/\\\/radiolitoral.com\\\/2026\\\/03\\\/la-ud-calpe-en-busca-del-triunfo-en-mutxamel\\\/#primaryimage\",\"url\":\"https:\\\/\\\/media.radiolitoral.com\\\/wp-content\\\/uploads\\\/2026\\\/03\\\/13110329\\\/Michael-con-el-balon.jpg\",\"contentUrl\":\"https:\\\/\\\/media.radiolitoral.com\\\/wp-content\\\/uploads\\\/2026\\\/03\\\/13110329\\\/Michael-con-el-balon.jpg\",\"width\":1440,\"height\":967},{\"@type\":\"BreadcrumbList\",\"@id\":\"https:\\\/\\\/radiolitoral.com\\\/2026\\\/03\\\/la-ud-calpe-en-busca-del-triunfo-en-mutxamel\\\/#breadcrumb\",\"itemListElement\":[{\"@type\":\"ListItem\",\"position\":1,\"name\":\"Portada\",\"item\":\"https:\\\/\\\/radiolitoral.com\\\/\"},{\"@type\":\"ListItem\",\"position\":2,\"name\":\"La UD Calpe en busca del triunfo en Mutxamel\"}]},{\"@type\":\"WebSite\",\"@id\":\"https:\\\/\\\/radiolitoral.com\\\/#website\",\"url\":\"https:\\\/\\\/radiolitoral.com\\\/\",\"name\":\"Radio Litoral\",\"description\":\"La radio local de la Marina Alta\",\"publisher\":{\"@id\":\"https:\\\/\\\/radiolitoral.com\\\/#organization\"},\"alternateName\":\"Litoral FM\",\"potentialAction\":[{\"@type\":\"SearchAction\",\"target\":{\"@type\":\"EntryPoint\",\"urlTemplate\":\"https:\\\/\\\/radiolitoral.com\\\/?s={search_term_string}\"},\"query-input\":{\"@type\":\"PropertyValueSpecification\",\"valueRequired\":true,\"valueName\":\"search_term_string\"}}],\"inLanguage\":\"ca\"},{\"@type\":\"Organization\",\"@id\":\"https:\\\/\\\/radiolitoral.com\\\/#organization\",\"name\":\"Radio Litoral\",\"url\":\"https:\\\/\\\/radiolitoral.com\\\/\",\"logo\":{\"@type\":\"ImageObject\",\"inLanguage\":\"ca\",\"@id\":\"https:\\\/\\\/radiolitoral.com\\\/#\\\/schema\\\/logo\\\/image\\\/\",\"url\":\"https:\\\/\\\/media.radiolitoral.com\\\/wp-content\\\/uploads\\\/2023\\\/02\\\/24143238\\\/CL-V-RadioLitoral696.png\",\"contentUrl\":\"https:\\\/\\\/media.radiolitoral.com\\\/wp-content\\\/uploads\\\/2023\\\/02\\\/24143238\\\/CL-V-RadioLitoral696.png\",\"width\":696,\"height\":696,\"caption\":\"Radio Litoral\"},\"image\":{\"@id\":\"https:\\\/\\\/radiolitoral.com\\\/#\\\/schema\\\/logo\\\/image\\\/\"},\"sameAs\":[\"https:\\\/\\\/www.facebook.com\\\/Laradiolitoral\\\/\"]},{\"@type\":\"Person\",\"@id\":\"https:\\\/\\\/radiolitoral.com\\\/#\\\/schema\\\/person\\\/7b1480b5caeb5acdd4ec6379caf62b22\",\"name\":\"Javier Zamora\",\"image\":{\"@type\":\"ImageObject\",\"inLanguage\":\"ca\",\"@id\":\"https:\\\/\\\/secure.gravatar.com\\\/avatar\\\/467a11f6918c7d619c4043fc6fa2d3853053107973f05b6e9c04ea6c4e3a7b3f?s=96&d=mm&r=g\",\"url\":\"https:\\\/\\\/secure.gravatar.com\\\/avatar\\\/467a11f6918c7d619c4043fc6fa2d3853053107973f05b6e9c04ea6c4e3a7b3f?s=96&d=mm&r=g\",\"contentUrl\":\"https:\\\/\\\/secure.gravatar.com\\\/avatar\\\/467a11f6918c7d619c4043fc6fa2d3853053107973f05b6e9c04ea6c4e3a7b3f?s=96&d=mm&r=g\",\"caption\":\"Javier Zamora\"},\"url\":\"https:\\\/\\\/radiolitoral.com\\\/ca\\\/author\\\/javier-zamora\\\/\"}]}<\/script>\n<!-- \/ Yoast SEO plugin. -->","yoast_head_json":{"title":"La UD Calp a la recerca del triomf a Mutxamel | R\u00e0dio Litoral","description":"El CD X\u00e0bia rep la visita del Torrevella en un partit de portes obertes per als seus aficionatsEl CD X\u00e0bia rep la visita del Torrevella en un partit de portes obertes per als seus aficionats","robots":{"index":"index","follow":"follow","max-snippet":"max-snippet:-1","max-image-preview":"max-image-preview:large","max-video-preview":"max-video-preview:-1"},"canonical":"https:\/\/radiolitoral.com\/ca\/2026\/03\/la-ut-calp-a-la-recerca-del-triomf-a-mutxamel\/","og_locale":"ca_ES","og_type":"article","og_title":"La UD Calpe en busca del triunfo en Mutxamel | R\u00e0dio Litoral","og_description":"El CD J\u00e1vea recibe la visita del Torrevieja en un partido de puertas abiertas para sus aficionadosEl CD J\u00e1vea recibe la visita del Torrevieja en un partido de puertas abiertas para sus aficionados","og_url":"https:\/\/radiolitoral.com\/ca\/2026\/03\/la-ut-calp-a-la-recerca-del-triomf-a-mutxamel\/","og_site_name":"R\u00e0dio Litoral","article_publisher":"https:\/\/www.facebook.com\/Laradiolitoral\/","article_published_time":"2026-03-13T10:04:47+00:00","og_image":[{"width":1440,"height":967,"url":"https:\/\/media.radiolitoral.com\/wp-content\/uploads\/2026\/03\/13110329\/Michael-con-el-balon.jpg","type":"image\/jpeg"}],"author":"Javier Zamora","twitter_card":"summary_large_image","twitter_misc":{"Escrit per":"Javier Zamora","Temps estimat de lectura":"3 minuts"},"schema":{"@context":"https:\/\/schema.org","@graph":[{"@type":"NewsArticle","@id":"https:\/\/radiolitoral.com\/2026\/03\/la-ud-calpe-en-busca-del-triunfo-en-mutxamel\/#article","isPartOf":{"@id":"https:\/\/radiolitoral.com\/2026\/03\/la-ud-calpe-en-busca-del-triunfo-en-mutxamel\/"},"author":{"name":"Javier Zamora","@id":"https:\/\/radiolitoral.com\/#\/schema\/person\/7b1480b5caeb5acdd4ec6379caf62b22"},"headline":"La UD Calpe en busca del triunfo en Mutxamel","datePublished":"2026-03-13T10:04:47+00:00","mainEntityOfPage":{"@id":"https:\/\/radiolitoral.com\/2026\/03\/la-ud-calpe-en-busca-del-triunfo-en-mutxamel\/"},"wordCount":433,"commentCount":0,"publisher":{"@id":"https:\/\/radiolitoral.com\/#organization"},"image":{"@id":"https:\/\/radiolitoral.com\/2026\/03\/la-ud-calpe-en-busca-del-triunfo-en-mutxamel\/#primaryimage"},"thumbnailUrl":"https:\/\/media.radiolitoral.com\/wp-content\/uploads\/2026\/03\/13110329\/Michael-con-el-balon.jpg","keywords":["CD J\u00e1vea","deportes","Julio Ivorra","Lliga Comunitat","Mutxamel","Pedro Perles","Torrevieja CF","UD Calpe"],"articleSection":["Deportes"],"inLanguage":"ca","potentialAction":[{"@type":"CommentAction","name":"Comment","target":["https:\/\/radiolitoral.com\/2026\/03\/la-ud-calpe-en-busca-del-triunfo-en-mutxamel\/#respond"]}]},{"@type":["WebPage","ItemPage"],"@id":"https:\/\/radiolitoral.com\/2026\/03\/la-ud-calpe-en-busca-del-triunfo-en-mutxamel\/","url":"https:\/\/radiolitoral.com\/2026\/03\/la-ud-calpe-en-busca-del-triunfo-en-mutxamel\/","name":"La UD Calp a la recerca del triomf a Mutxamel | R\u00e0dio Litoral","isPartOf":{"@id":"https:\/\/radiolitoral.com\/#website"},"primaryImageOfPage":{"@id":"https:\/\/radiolitoral.com\/2026\/03\/la-ud-calpe-en-busca-del-triunfo-en-mutxamel\/#primaryimage"},"image":{"@id":"https:\/\/radiolitoral.com\/2026\/03\/la-ud-calpe-en-busca-del-triunfo-en-mutxamel\/#primaryimage"},"thumbnailUrl":"https:\/\/media.radiolitoral.com\/wp-content\/uploads\/2026\/03\/13110329\/Michael-con-el-balon.jpg","datePublished":"2026-03-13T10:04:47+00:00","description":"El CD X\u00e0bia rep la visita del Torrevella en un partit de portes obertes per als seus aficionatsEl CD X\u00e0bia rep la visita del Torrevella en un partit de portes obertes per als seus aficionats","breadcrumb":{"@id":"https:\/\/radiolitoral.com\/2026\/03\/la-ud-calpe-en-busca-del-triunfo-en-mutxamel\/#breadcrumb"},"inLanguage":"ca","potentialAction":[{"@type":"ReadAction","target":["https:\/\/radiolitoral.com\/2026\/03\/la-ud-calpe-en-busca-del-triunfo-en-mutxamel\/"]}]},{"@type":"ImageObject","inLanguage":"ca","@id":"https:\/\/radiolitoral.com\/2026\/03\/la-ud-calpe-en-busca-del-triunfo-en-mutxamel\/#primaryimage","url":"https:\/\/media.radiolitoral.com\/wp-content\/uploads\/2026\/03\/13110329\/Michael-con-el-balon.jpg","contentUrl":"https:\/\/media.radiolitoral.com\/wp-content\/uploads\/2026\/03\/13110329\/Michael-con-el-balon.jpg","width":1440,"height":967},{"@type":"BreadcrumbList","@id":"https:\/\/radiolitoral.com\/2026\/03\/la-ud-calpe-en-busca-del-triunfo-en-mutxamel\/#breadcrumb","itemListElement":[{"@type":"ListItem","position":1,"name":"Portada","item":"https:\/\/radiolitoral.com\/"},{"@type":"ListItem","position":2,"name":"La UD Calpe en busca del triunfo en Mutxamel"}]},{"@type":"WebSite","@id":"https:\/\/radiolitoral.com\/#website","url":"https:\/\/radiolitoral.com\/","name":"R\u00e0dio Litoral","description":"La r\u00e0dio local de la Marina Alta","publisher":{"@id":"https:\/\/radiolitoral.com\/#organization"},"alternateName":"Litoral FM","potentialAction":[{"@type":"SearchAction","target":{"@type":"EntryPoint","urlTemplate":"https:\/\/radiolitoral.com\/?s={search_term_string}"},"query-input":{"@type":"PropertyValueSpecification","valueRequired":true,"valueName":"search_term_string"}}],"inLanguage":"ca"},{"@type":"Organization","@id":"https:\/\/radiolitoral.com\/#organization","name":"R\u00e0dio Litoral","url":"https:\/\/radiolitoral.com\/","logo":{"@type":"ImageObject","inLanguage":"ca","@id":"https:\/\/radiolitoral.com\/#\/schema\/logo\/image\/","url":"https:\/\/media.radiolitoral.com\/wp-content\/uploads\/2023\/02\/24143238\/CL-V-RadioLitoral696.png","contentUrl":"https:\/\/media.radiolitoral.com\/wp-content\/uploads\/2023\/02\/24143238\/CL-V-RadioLitoral696.png","width":696,"height":696,"caption":"Radio Litoral"},"image":{"@id":"https:\/\/radiolitoral.com\/#\/schema\/logo\/image\/"},"sameAs":["https:\/\/www.facebook.com\/Laradiolitoral\/"]},{"@type":"Person","@id":"https:\/\/radiolitoral.com\/#\/schema\/person\/7b1480b5caeb5acdd4ec6379caf62b22","name":"Javier Zamora","image":{"@type":"ImageObject","inLanguage":"ca","@id":"https:\/\/secure.gravatar.com\/avatar\/467a11f6918c7d619c4043fc6fa2d3853053107973f05b6e9c04ea6c4e3a7b3f?s=96&d=mm&r=g","url":"https:\/\/secure.gravatar.com\/avatar\/467a11f6918c7d619c4043fc6fa2d3853053107973f05b6e9c04ea6c4e3a7b3f?s=96&d=mm&r=g","contentUrl":"https:\/\/secure.gravatar.com\/avatar\/467a11f6918c7d619c4043fc6fa2d3853053107973f05b6e9c04ea6c4e3a7b3f?s=96&d=mm&r=g","caption":"Javier Zamora"},"url":"https:\/\/radiolitoral.com\/ca\/author\/javier-zamora\/"}]}},"_links":{"self":[{"href":"https:\/\/radiolitoral.com\/ca\/wp-json\/wp\/v2\/posts\/20051","targetHints":{"allow":["GET"]}}],"collection":[{"href":"https:\/\/radiolitoral.com\/ca\/wp-json\/wp\/v2\/posts"}],"about":[{"href":"https:\/\/radiolitoral.com\/ca\/wp-json\/wp\/v2\/types\/post"}],"author":[{"embeddable":true,"href":"https:\/\/radiolitoral.com\/ca\/wp-json\/wp\/v2\/users\/12"}],"replies":[{"embeddable":true,"href":"https:\/\/radiolitoral.com\/ca\/wp-json\/wp\/v2\/comments?post=20051"}],"version-history":[{"count":2,"href":"https:\/\/radiolitoral.com\/ca\/wp-json\/wp\/v2\/posts\/20051\/revisions"}],"predecessor-version":[{"id":20054,"href":"https:\/\/radiolitoral.com\/ca\/wp-json\/wp\/v2\/posts\/20051\/revisions\/20054"}],"wp:featuredmedia":[{"embeddable":true,"href":"https:\/\/radiolitoral.com\/ca\/wp-json\/wp\/v2\/media\/20052"}],"wp:attachment":[{"href":"https:\/\/radiolitoral.com\/ca\/wp-json\/wp\/v2\/media?parent=20051"}],"wp:term":[{"taxonomy":"category","embeddable":true,"href":"https:\/\/radiolitoral.com\/ca\/wp-json\/wp\/v2\/categories?post=20051"},{"taxonomy":"post_tag","embeddable":true,"href":"https:\/\/radiolitoral.com\/ca\/wp-json\/wp\/v2\/tags?post=20051"}],"curies":[{"name":"wp","href":"https:\/\/api.w.org\/{rel}","templated":true}]}}