{"id":20043,"date":"2026-03-12T09:59:08","date_gmt":"2026-03-12T08:59:08","guid":{"rendered":"https:\/\/radiolitoral.com\/?p=20043"},"modified":"2026-03-12T09:59:08","modified_gmt":"2026-03-12T08:59:08","slug":"arranca-la-copa-diputaci-dalacant-de-pilota-professional-2026","status":"publish","type":"post","link":"https:\/\/radiolitoral.com\/ca\/2026\/03\/arranca-la-copa-diputacio-dalacant-de-pilota-professional-2026\/","title":{"rendered":"Arrenca la Copa Diputaci\u00f3 d&#039;Alacant de Pilota Professional 2026"},"content":{"rendered":"<p>La <strong>Copa Diputaci\u00f3 d&#039;Alacant de Pilota Professional 2026<\/strong> arrenca amb grans expectatives. En una roda de premsa celebrada aquest mat\u00ed, el <strong>diputat dEsports<\/strong>, <strong>Bernab\u00e9 Cano<\/strong>, va presentar els detalls d&#039;aquest important campionat, que se celebrar\u00e0 entre <strong>el 19 de mar\u00e7 i el 26 d&#039;abril<\/strong> i comptar\u00e0 amb les modalitats de <strong>escala i corda<\/strong> i <strong>raspall femen\u00ed<\/strong>.<\/p>\n<h4>Un esdeveniment de gran rellev\u00e0ncia per a l&#039;esport aut\u00f2cton<\/h4>\n<p><strong>Bernab\u00e9 Cano<\/strong> va destacar el comprom\u00eds de la Diputaci\u00f3 d&#039;Alacant amb aquest esdeveniment, que constitueix una gran oportunitat per a <strong>promoure i difondre<\/strong> la <strong>pilota<\/strong>, una de les disciplines amb <strong>m\u00e9s arrelament<\/strong> a la comunitat valenciana. Cano va estar acompanyat pel <strong>president de la Federaci\u00f3 de Pilota Valenciana<\/strong>, <strong>Vicent Molines<\/strong>, qui tamb\u00e9 va expressar el seu suport i felicitacions per l&#039;organitzaci\u00f3 d&#039;aquest torneig.<\/p>\n<h4>El torneig recorrer\u00e0 la prov\u00edncia<\/h4>\n<p>La <strong>Copa Diputaci\u00f3 d&#039;Alacant<\/strong> recorrer\u00e0 deu trinquets de la prov\u00edncia, visitant localitats com <strong>L&#039;Alqueria d&#039;Asnar<\/strong>, <strong>Benidorm<\/strong>, <strong>Benissa<\/strong>, <strong>D\u00e9nia<\/strong>, <strong>Murla<\/strong>, <strong>Ondara<\/strong>, <strong>Orba<\/strong>, <strong>Pedreguer<\/strong>, <strong>Petrer<\/strong> i <strong>X\u00e0bia<\/strong>. <strong>D\u00e9nia<\/strong> ser\u00e0 la seu de les <strong>finals masculina i femenina<\/strong>, que se celebraran el <strong>diumenge 26 d&#039;abril<\/strong>.<\/p>\n<p>El <strong>19 de mar\u00e7<\/strong>, <strong>Dia de Sant Josep<\/strong>, comen\u00e7ar\u00e0 la <strong>primera partida de quarts de final<\/strong> de la <strong>Copa d&#039;Escala i Corda<\/strong>. Entre el <strong>16 i 21 d&#039;abril<\/strong>, es jugaran les <strong>semifinals<\/strong> als trinquets de <strong>Benissa<\/strong>, <strong>Orba<\/strong>, <strong>Ondara<\/strong> i <strong>Pedreguer<\/strong>. A m\u00e9s, les <strong>semifinals de la Copa de Raspall Femen\u00ed<\/strong> es jugaran el <strong>dissabte 28 de mar\u00e7 a l&#039;Alqueria d&#039;Asnar<\/strong> i el <strong>diumenge 29 a Benissa<\/strong>.<\/p>\n<h4>Els jugadors m\u00e9s destacats<\/h4>\n<p>La <strong>Copa Diputaci\u00f3 d&#039;Alacant<\/strong> comptar\u00e0 amb la participaci\u00f3 dels <strong>millors pilotaris<\/strong> de la prov\u00edncia, tant a <strong>escala i corda<\/strong> com a <strong>raspall femen\u00ed<\/strong>. Entre els <strong>jugadors masculins<\/strong> destaquen <strong>Giner<\/strong> (Murla), <strong>Pere Roc II<\/strong> (Benidorm), <strong>H\u00e8ctor<\/strong> (La Vall de Laguar), <strong>Franc\u00e8s<\/strong> (Petrer) i <strong>Conillet<\/strong> (Orba). A la <strong>modalitat femenina de raspall<\/strong>, les principals representants seran <strong>Erika<\/strong> i <strong>Myriam<\/strong> (l&#039;Alqueria d&#039;Asnar), aix\u00ed com <strong>Fanni<\/strong> i <strong>Maria<\/strong> (Beniarbeig).<\/p>\n<h4>Promoci\u00f3 i difusi\u00f3 de l&#039;esport<\/h4>\n<p>L&#039;acte tamb\u00e9 va comptar amb la pres\u00e8ncia de diversos dels <strong>pilotaris<\/strong> que participaran a la competici\u00f3, com <strong>Maria Enguix<\/strong>, <strong>Myriam Vidal<\/strong>, <strong>\u00c1lvaro Franc\u00e8s<\/strong> i <strong>Rodrigo Sebasti\u00e0 (Pere Roc II)<\/strong>. Tots ells van animar a la <strong>ciutadania a gaudir d&#039;aquest esdeveniment<\/strong> esportiu i van destacar la <strong>import\u00e0ncia del torneig<\/strong> com una plataforma per promocionar <strong>la pilota<\/strong> i <strong>fomentar l&#039;afici\u00f3<\/strong> a la prov\u00edncia.<\/p>\n<p>&nbsp;<\/p>\n<p><script src=\"chrome-extension:\/\/flbolonkboilcbnohjlchlfgdalomdpl\/iFrame.js\" type=\"text\/javascript\"><\/script><\/p>","protected":false},"excerpt":{"rendered":"<p>La Copa Diputaci\u00f3 d&#8217;Alacant de Pilota Professional 2026 arranca con grandes expectativas. En una rueda de prensa celebrada esta ma\u00f1ana, el diputado de Deportes, Bernab\u00e9 Cano, present\u00f3 los detalles de este importante campeonato, que se celebrar\u00e1 entre el 19 de marzo y el 26 de abril y contar\u00e1 con las modalidades de escala i corda [&#8230;]<\/p>\n<p><a class=\"btn btn-secondary understrap-read-more-link\" href=\"https:\/\/radiolitoral.com\/ca\/2026\/03\/arranca-la-copa-diputacio-dalacant-de-pilota-professional-2026\/\">Continua llegint&#8230;<span class=\"screen-reader-text\"> from Arranca la Copa Diputaci\u00f3 d&#8217;Alacant de Pilota Professional 2026<\/span><\/a><\/p>\n","protected":false},"author":12,"featured_media":20044,"comment_status":"open","ping_status":"closed","sticky":false,"template":"","format":"standard","meta":{"_acf_changed":false,"inline_featured_image":false,"footnotes":""},"categories":[1],"tags":[5247,5244,6,5245,5246,5248],"class_list":["post-20043","post","type-post","status-publish","format-standard","has-post-thumbnail","hentry","category-uncategorized","tag-alvaro-frances","tag-copa-diputacio-dalacant","tag-deportes","tag-maria-enguix","tag-myriam-vidal","tag-rodrigo-sebastia","cobertura-denia"],"acf":[],"yoast_head":"<!-- This site is optimized with the Yoast SEO plugin v27.5 - https:\/\/yoast.com\/product\/yoast-seo-wordpress\/ -->\n<title>Arranca la Copa Diputaci\u00f3 d&#039;Alacant de Pilota Professional 2026 | R\u00e0dio Litoral<\/title>\n<meta name=\"description\" content=\"La competici\u00f3n se disputar\u00e1 del 19 de marzo al 26 de abril con la participaci\u00f3n de los mejores pilotaris de la provinciaLa competici\u00f3n se disputar\u00e1 del 19 de marzo al 26 de abril con la participaci\u00f3n de los mejores pilotaris de la provincia\" \/>\n<meta name=\"robots\" content=\"index, follow, max-snippet:-1, max-image-preview:large, max-video-preview:-1\" \/>\n<link rel=\"canonical\" href=\"https:\/\/radiolitoral.com\/ca\/2026\/03\/arranca-la-copa-diputaci-dalacant-de-pilota-professional-2026\/\" \/>\n<meta property=\"og:locale\" content=\"ca_ES\" \/>\n<meta property=\"og:type\" content=\"article\" \/>\n<meta property=\"og:title\" content=\"Arranca la Copa Diputaci\u00f3 d&#039;Alacant de Pilota Professional 2026 | R\u00e0dio Litoral\" \/>\n<meta property=\"og:description\" content=\"La competici\u00f3n se disputar\u00e1 del 19 de marzo al 26 de abril con la participaci\u00f3n de los mejores pilotaris de la provinciaLa competici\u00f3n se disputar\u00e1 del 19 de marzo al 26 de abril con la participaci\u00f3n de los mejores pilotaris de la provincia\" \/>\n<meta property=\"og:url\" content=\"https:\/\/radiolitoral.com\/ca\/2026\/03\/arranca-la-copa-diputaci-dalacant-de-pilota-professional-2026\/\" \/>\n<meta property=\"og:site_name\" content=\"R\u00e0dio Litoral\" \/>\n<meta property=\"article:publisher\" content=\"https:\/\/www.facebook.com\/Laradiolitoral\/\" \/>\n<meta property=\"article:published_time\" content=\"2026-03-12T08:59:08+00:00\" \/>\n<meta property=\"og:image\" content=\"https:\/\/media.radiolitoral.com\/wp-content\/uploads\/2026\/03\/12095855\/031126-Copa-Diputacio-PIlota.jpg\" \/>\n\t<meta property=\"og:image:width\" content=\"1600\" \/>\n\t<meta property=\"og:image:height\" content=\"1200\" \/>\n\t<meta property=\"og:image:type\" content=\"image\/jpeg\" \/>\n<meta name=\"author\" content=\"Javier Zamora\" \/>\n<meta name=\"twitter:card\" content=\"summary_large_image\" \/>\n<meta name=\"twitter:label1\" content=\"Escrit per\" \/>\n\t<meta name=\"twitter:data1\" content=\"Javier Zamora\" \/>\n\t<meta name=\"twitter:label2\" content=\"Temps estimat de lectura\" \/>\n\t<meta name=\"twitter:data2\" content=\"3 minuts\" \/>\n<script type=\"application\/ld+json\" class=\"yoast-schema-graph\">{\"@context\":\"https:\\\/\\\/schema.org\",\"@graph\":[{\"@type\":\"NewsArticle\",\"@id\":\"https:\\\/\\\/radiolitoral.com\\\/2026\\\/03\\\/arranca-la-copa-diputacio-dalacant-de-pilota-professional-2026\\\/#article\",\"isPartOf\":{\"@id\":\"https:\\\/\\\/radiolitoral.com\\\/2026\\\/03\\\/arranca-la-copa-diputacio-dalacant-de-pilota-professional-2026\\\/\"},\"author\":{\"name\":\"Javier Zamora\",\"@id\":\"https:\\\/\\\/radiolitoral.com\\\/#\\\/schema\\\/person\\\/7b1480b5caeb5acdd4ec6379caf62b22\"},\"headline\":\"Arranca la Copa Diputaci\u00f3 d&#8217;Alacant de Pilota Professional 2026\",\"datePublished\":\"2026-03-12T08:59:08+00:00\",\"mainEntityOfPage\":{\"@id\":\"https:\\\/\\\/radiolitoral.com\\\/2026\\\/03\\\/arranca-la-copa-diputacio-dalacant-de-pilota-professional-2026\\\/\"},\"wordCount\":424,\"commentCount\":0,\"publisher\":{\"@id\":\"https:\\\/\\\/radiolitoral.com\\\/#organization\"},\"image\":{\"@id\":\"https:\\\/\\\/radiolitoral.com\\\/2026\\\/03\\\/arranca-la-copa-diputacio-dalacant-de-pilota-professional-2026\\\/#primaryimage\"},\"thumbnailUrl\":\"https:\\\/\\\/media.radiolitoral.com\\\/wp-content\\\/uploads\\\/2026\\\/03\\\/12095855\\\/031126-Copa-Diputacio-PIlota.jpg\",\"keywords\":[\"\u00c1lvaro Franc\u00e9s\",\"Copa Diputaci\u00f3 d'Alacant\",\"deportes\",\"Mar\u00eda Enguix\",\"Myriam Vidal\",\"Rodrigo Sebasti\u00e0\"],\"articleSection\":[\"Uncategorized\"],\"inLanguage\":\"ca\",\"potentialAction\":[{\"@type\":\"CommentAction\",\"name\":\"Comment\",\"target\":[\"https:\\\/\\\/radiolitoral.com\\\/2026\\\/03\\\/arranca-la-copa-diputacio-dalacant-de-pilota-professional-2026\\\/#respond\"]}]},{\"@type\":[\"WebPage\",\"ItemPage\"],\"@id\":\"https:\\\/\\\/radiolitoral.com\\\/2026\\\/03\\\/arranca-la-copa-diputacio-dalacant-de-pilota-professional-2026\\\/\",\"url\":\"https:\\\/\\\/radiolitoral.com\\\/2026\\\/03\\\/arranca-la-copa-diputacio-dalacant-de-pilota-professional-2026\\\/\",\"name\":\"Arranca la Copa Diputaci\u00f3 d'Alacant de Pilota Professional 2026 | R\u00e0dio Litoral\",\"isPartOf\":{\"@id\":\"https:\\\/\\\/radiolitoral.com\\\/#website\"},\"primaryImageOfPage\":{\"@id\":\"https:\\\/\\\/radiolitoral.com\\\/2026\\\/03\\\/arranca-la-copa-diputacio-dalacant-de-pilota-professional-2026\\\/#primaryimage\"},\"image\":{\"@id\":\"https:\\\/\\\/radiolitoral.com\\\/2026\\\/03\\\/arranca-la-copa-diputacio-dalacant-de-pilota-professional-2026\\\/#primaryimage\"},\"thumbnailUrl\":\"https:\\\/\\\/media.radiolitoral.com\\\/wp-content\\\/uploads\\\/2026\\\/03\\\/12095855\\\/031126-Copa-Diputacio-PIlota.jpg\",\"datePublished\":\"2026-03-12T08:59:08+00:00\",\"description\":\"La competici\u00f3n se disputar\u00e1 del 19 de marzo al 26 de abril con la participaci\u00f3n de los mejores pilotaris de la provinciaLa competici\u00f3n se disputar\u00e1 del 19 de marzo al 26 de abril con la participaci\u00f3n de los mejores pilotaris de la provincia\",\"breadcrumb\":{\"@id\":\"https:\\\/\\\/radiolitoral.com\\\/2026\\\/03\\\/arranca-la-copa-diputacio-dalacant-de-pilota-professional-2026\\\/#breadcrumb\"},\"inLanguage\":\"ca\",\"potentialAction\":[{\"@type\":\"ReadAction\",\"target\":[\"https:\\\/\\\/radiolitoral.com\\\/2026\\\/03\\\/arranca-la-copa-diputacio-dalacant-de-pilota-professional-2026\\\/\"]}]},{\"@type\":\"ImageObject\",\"inLanguage\":\"ca\",\"@id\":\"https:\\\/\\\/radiolitoral.com\\\/2026\\\/03\\\/arranca-la-copa-diputacio-dalacant-de-pilota-professional-2026\\\/#primaryimage\",\"url\":\"https:\\\/\\\/media.radiolitoral.com\\\/wp-content\\\/uploads\\\/2026\\\/03\\\/12095855\\\/031126-Copa-Diputacio-PIlota.jpg\",\"contentUrl\":\"https:\\\/\\\/media.radiolitoral.com\\\/wp-content\\\/uploads\\\/2026\\\/03\\\/12095855\\\/031126-Copa-Diputacio-PIlota.jpg\",\"width\":1600,\"height\":1200},{\"@type\":\"BreadcrumbList\",\"@id\":\"https:\\\/\\\/radiolitoral.com\\\/2026\\\/03\\\/arranca-la-copa-diputacio-dalacant-de-pilota-professional-2026\\\/#breadcrumb\",\"itemListElement\":[{\"@type\":\"ListItem\",\"position\":1,\"name\":\"Portada\",\"item\":\"https:\\\/\\\/radiolitoral.com\\\/\"},{\"@type\":\"ListItem\",\"position\":2,\"name\":\"Arranca la Copa Diputaci\u00f3 d&#8217;Alacant de Pilota Professional 2026\"}]},{\"@type\":\"WebSite\",\"@id\":\"https:\\\/\\\/radiolitoral.com\\\/#website\",\"url\":\"https:\\\/\\\/radiolitoral.com\\\/\",\"name\":\"Radio Litoral\",\"description\":\"La radio local de la Marina Alta\",\"publisher\":{\"@id\":\"https:\\\/\\\/radiolitoral.com\\\/#organization\"},\"alternateName\":\"Litoral FM\",\"potentialAction\":[{\"@type\":\"SearchAction\",\"target\":{\"@type\":\"EntryPoint\",\"urlTemplate\":\"https:\\\/\\\/radiolitoral.com\\\/?s={search_term_string}\"},\"query-input\":{\"@type\":\"PropertyValueSpecification\",\"valueRequired\":true,\"valueName\":\"search_term_string\"}}],\"inLanguage\":\"ca\"},{\"@type\":\"Organization\",\"@id\":\"https:\\\/\\\/radiolitoral.com\\\/#organization\",\"name\":\"Radio Litoral\",\"url\":\"https:\\\/\\\/radiolitoral.com\\\/\",\"logo\":{\"@type\":\"ImageObject\",\"inLanguage\":\"ca\",\"@id\":\"https:\\\/\\\/radiolitoral.com\\\/#\\\/schema\\\/logo\\\/image\\\/\",\"url\":\"https:\\\/\\\/media.radiolitoral.com\\\/wp-content\\\/uploads\\\/2023\\\/02\\\/24143238\\\/CL-V-RadioLitoral696.png\",\"contentUrl\":\"https:\\\/\\\/media.radiolitoral.com\\\/wp-content\\\/uploads\\\/2023\\\/02\\\/24143238\\\/CL-V-RadioLitoral696.png\",\"width\":696,\"height\":696,\"caption\":\"Radio Litoral\"},\"image\":{\"@id\":\"https:\\\/\\\/radiolitoral.com\\\/#\\\/schema\\\/logo\\\/image\\\/\"},\"sameAs\":[\"https:\\\/\\\/www.facebook.com\\\/Laradiolitoral\\\/\"]},{\"@type\":\"Person\",\"@id\":\"https:\\\/\\\/radiolitoral.com\\\/#\\\/schema\\\/person\\\/7b1480b5caeb5acdd4ec6379caf62b22\",\"name\":\"Javier Zamora\",\"image\":{\"@type\":\"ImageObject\",\"inLanguage\":\"ca\",\"@id\":\"https:\\\/\\\/secure.gravatar.com\\\/avatar\\\/467a11f6918c7d619c4043fc6fa2d3853053107973f05b6e9c04ea6c4e3a7b3f?s=96&d=mm&r=g\",\"url\":\"https:\\\/\\\/secure.gravatar.com\\\/avatar\\\/467a11f6918c7d619c4043fc6fa2d3853053107973f05b6e9c04ea6c4e3a7b3f?s=96&d=mm&r=g\",\"contentUrl\":\"https:\\\/\\\/secure.gravatar.com\\\/avatar\\\/467a11f6918c7d619c4043fc6fa2d3853053107973f05b6e9c04ea6c4e3a7b3f?s=96&d=mm&r=g\",\"caption\":\"Javier Zamora\"},\"url\":\"https:\\\/\\\/radiolitoral.com\\\/ca\\\/author\\\/javier-zamora\\\/\"}]}<\/script>\n<!-- \/ Yoast SEO plugin. -->","yoast_head_json":{"title":"Comen\u00e7a la Copa Diputaci\u00f3 d&#039;Alacant de Pilota Professional 2026 | R\u00e0dio Litoral","description":"La competici\u00f3 es disputar\u00e0 del 19 de mar\u00e7 al 26 d&#039;abril amb la participaci\u00f3 dels millors pilotaris de la prov\u00edncia La competici\u00f3 es disputar\u00e0 del 19 de mar\u00e7 al 26 d&#039;abril amb la participaci\u00f3 dels millors pilotaris de la prov\u00edncia","robots":{"index":"index","follow":"follow","max-snippet":"max-snippet:-1","max-image-preview":"max-image-preview:large","max-video-preview":"max-video-preview:-1"},"canonical":"https:\/\/radiolitoral.com\/ca\/2026\/03\/arranca-la-copa-diputaci-dalacant-de-pilota-professional-2026\/","og_locale":"ca_ES","og_type":"article","og_title":"Arranca la Copa Diputaci\u00f3 d'Alacant de Pilota Professional 2026 | R\u00e0dio Litoral","og_description":"La competici\u00f3n se disputar\u00e1 del 19 de marzo al 26 de abril con la participaci\u00f3n de los mejores pilotaris de la provinciaLa competici\u00f3n se disputar\u00e1 del 19 de marzo al 26 de abril con la participaci\u00f3n de los mejores pilotaris de la provincia","og_url":"https:\/\/radiolitoral.com\/ca\/2026\/03\/arranca-la-copa-diputaci-dalacant-de-pilota-professional-2026\/","og_site_name":"R\u00e0dio Litoral","article_publisher":"https:\/\/www.facebook.com\/Laradiolitoral\/","article_published_time":"2026-03-12T08:59:08+00:00","og_image":[{"width":1600,"height":1200,"url":"https:\/\/media.radiolitoral.com\/wp-content\/uploads\/2026\/03\/12095855\/031126-Copa-Diputacio-PIlota.jpg","type":"image\/jpeg"}],"author":"Javier Zamora","twitter_card":"summary_large_image","twitter_misc":{"Escrit per":"Javier Zamora","Temps estimat de lectura":"3 minuts"},"schema":{"@context":"https:\/\/schema.org","@graph":[{"@type":"NewsArticle","@id":"https:\/\/radiolitoral.com\/2026\/03\/arranca-la-copa-diputacio-dalacant-de-pilota-professional-2026\/#article","isPartOf":{"@id":"https:\/\/radiolitoral.com\/2026\/03\/arranca-la-copa-diputacio-dalacant-de-pilota-professional-2026\/"},"author":{"name":"Javier Zamora","@id":"https:\/\/radiolitoral.com\/#\/schema\/person\/7b1480b5caeb5acdd4ec6379caf62b22"},"headline":"Arranca la Copa Diputaci\u00f3 d&#8217;Alacant de Pilota Professional 2026","datePublished":"2026-03-12T08:59:08+00:00","mainEntityOfPage":{"@id":"https:\/\/radiolitoral.com\/2026\/03\/arranca-la-copa-diputacio-dalacant-de-pilota-professional-2026\/"},"wordCount":424,"commentCount":0,"publisher":{"@id":"https:\/\/radiolitoral.com\/#organization"},"image":{"@id":"https:\/\/radiolitoral.com\/2026\/03\/arranca-la-copa-diputacio-dalacant-de-pilota-professional-2026\/#primaryimage"},"thumbnailUrl":"https:\/\/media.radiolitoral.com\/wp-content\/uploads\/2026\/03\/12095855\/031126-Copa-Diputacio-PIlota.jpg","keywords":["\u00c1lvaro Franc\u00e9s","Copa Diputaci\u00f3 d'Alacant","deportes","Mar\u00eda Enguix","Myriam Vidal","Rodrigo Sebasti\u00e0"],"articleSection":["Uncategorized"],"inLanguage":"ca","potentialAction":[{"@type":"CommentAction","name":"Comment","target":["https:\/\/radiolitoral.com\/2026\/03\/arranca-la-copa-diputacio-dalacant-de-pilota-professional-2026\/#respond"]}]},{"@type":["WebPage","ItemPage"],"@id":"https:\/\/radiolitoral.com\/2026\/03\/arranca-la-copa-diputacio-dalacant-de-pilota-professional-2026\/","url":"https:\/\/radiolitoral.com\/2026\/03\/arranca-la-copa-diputacio-dalacant-de-pilota-professional-2026\/","name":"Comen\u00e7a la Copa Diputaci\u00f3 d&#039;Alacant de Pilota Professional 2026 | R\u00e0dio Litoral","isPartOf":{"@id":"https:\/\/radiolitoral.com\/#website"},"primaryImageOfPage":{"@id":"https:\/\/radiolitoral.com\/2026\/03\/arranca-la-copa-diputacio-dalacant-de-pilota-professional-2026\/#primaryimage"},"image":{"@id":"https:\/\/radiolitoral.com\/2026\/03\/arranca-la-copa-diputacio-dalacant-de-pilota-professional-2026\/#primaryimage"},"thumbnailUrl":"https:\/\/media.radiolitoral.com\/wp-content\/uploads\/2026\/03\/12095855\/031126-Copa-Diputacio-PIlota.jpg","datePublished":"2026-03-12T08:59:08+00:00","description":"La competici\u00f3 es disputar\u00e0 del 19 de mar\u00e7 al 26 d&#039;abril amb la participaci\u00f3 dels millors pilotaris de la prov\u00edncia La competici\u00f3 es disputar\u00e0 del 19 de mar\u00e7 al 26 d&#039;abril amb la participaci\u00f3 dels millors pilotaris de la prov\u00edncia","breadcrumb":{"@id":"https:\/\/radiolitoral.com\/2026\/03\/arranca-la-copa-diputacio-dalacant-de-pilota-professional-2026\/#breadcrumb"},"inLanguage":"ca","potentialAction":[{"@type":"ReadAction","target":["https:\/\/radiolitoral.com\/2026\/03\/arranca-la-copa-diputacio-dalacant-de-pilota-professional-2026\/"]}]},{"@type":"ImageObject","inLanguage":"ca","@id":"https:\/\/radiolitoral.com\/2026\/03\/arranca-la-copa-diputacio-dalacant-de-pilota-professional-2026\/#primaryimage","url":"https:\/\/media.radiolitoral.com\/wp-content\/uploads\/2026\/03\/12095855\/031126-Copa-Diputacio-PIlota.jpg","contentUrl":"https:\/\/media.radiolitoral.com\/wp-content\/uploads\/2026\/03\/12095855\/031126-Copa-Diputacio-PIlota.jpg","width":1600,"height":1200},{"@type":"BreadcrumbList","@id":"https:\/\/radiolitoral.com\/2026\/03\/arranca-la-copa-diputacio-dalacant-de-pilota-professional-2026\/#breadcrumb","itemListElement":[{"@type":"ListItem","position":1,"name":"Portada","item":"https:\/\/radiolitoral.com\/"},{"@type":"ListItem","position":2,"name":"Arranca la Copa Diputaci\u00f3 d&#8217;Alacant de Pilota Professional 2026"}]},{"@type":"WebSite","@id":"https:\/\/radiolitoral.com\/#website","url":"https:\/\/radiolitoral.com\/","name":"R\u00e0dio Litoral","description":"La r\u00e0dio local de la Marina Alta","publisher":{"@id":"https:\/\/radiolitoral.com\/#organization"},"alternateName":"Litoral FM","potentialAction":[{"@type":"SearchAction","target":{"@type":"EntryPoint","urlTemplate":"https:\/\/radiolitoral.com\/?s={search_term_string}"},"query-input":{"@type":"PropertyValueSpecification","valueRequired":true,"valueName":"search_term_string"}}],"inLanguage":"ca"},{"@type":"Organization","@id":"https:\/\/radiolitoral.com\/#organization","name":"R\u00e0dio Litoral","url":"https:\/\/radiolitoral.com\/","logo":{"@type":"ImageObject","inLanguage":"ca","@id":"https:\/\/radiolitoral.com\/#\/schema\/logo\/image\/","url":"https:\/\/media.radiolitoral.com\/wp-content\/uploads\/2023\/02\/24143238\/CL-V-RadioLitoral696.png","contentUrl":"https:\/\/media.radiolitoral.com\/wp-content\/uploads\/2023\/02\/24143238\/CL-V-RadioLitoral696.png","width":696,"height":696,"caption":"Radio Litoral"},"image":{"@id":"https:\/\/radiolitoral.com\/#\/schema\/logo\/image\/"},"sameAs":["https:\/\/www.facebook.com\/Laradiolitoral\/"]},{"@type":"Person","@id":"https:\/\/radiolitoral.com\/#\/schema\/person\/7b1480b5caeb5acdd4ec6379caf62b22","name":"Javier Zamora","image":{"@type":"ImageObject","inLanguage":"ca","@id":"https:\/\/secure.gravatar.com\/avatar\/467a11f6918c7d619c4043fc6fa2d3853053107973f05b6e9c04ea6c4e3a7b3f?s=96&d=mm&r=g","url":"https:\/\/secure.gravatar.com\/avatar\/467a11f6918c7d619c4043fc6fa2d3853053107973f05b6e9c04ea6c4e3a7b3f?s=96&d=mm&r=g","contentUrl":"https:\/\/secure.gravatar.com\/avatar\/467a11f6918c7d619c4043fc6fa2d3853053107973f05b6e9c04ea6c4e3a7b3f?s=96&d=mm&r=g","caption":"Javier Zamora"},"url":"https:\/\/radiolitoral.com\/ca\/author\/javier-zamora\/"}]}},"_links":{"self":[{"href":"https:\/\/radiolitoral.com\/ca\/wp-json\/wp\/v2\/posts\/20043","targetHints":{"allow":["GET"]}}],"collection":[{"href":"https:\/\/radiolitoral.com\/ca\/wp-json\/wp\/v2\/posts"}],"about":[{"href":"https:\/\/radiolitoral.com\/ca\/wp-json\/wp\/v2\/types\/post"}],"author":[{"embeddable":true,"href":"https:\/\/radiolitoral.com\/ca\/wp-json\/wp\/v2\/users\/12"}],"replies":[{"embeddable":true,"href":"https:\/\/radiolitoral.com\/ca\/wp-json\/wp\/v2\/comments?post=20043"}],"version-history":[{"count":1,"href":"https:\/\/radiolitoral.com\/ca\/wp-json\/wp\/v2\/posts\/20043\/revisions"}],"predecessor-version":[{"id":20045,"href":"https:\/\/radiolitoral.com\/ca\/wp-json\/wp\/v2\/posts\/20043\/revisions\/20045"}],"wp:featuredmedia":[{"embeddable":true,"href":"https:\/\/radiolitoral.com\/ca\/wp-json\/wp\/v2\/media\/20044"}],"wp:attachment":[{"href":"https:\/\/radiolitoral.com\/ca\/wp-json\/wp\/v2\/media?parent=20043"}],"wp:term":[{"taxonomy":"category","embeddable":true,"href":"https:\/\/radiolitoral.com\/ca\/wp-json\/wp\/v2\/categories?post=20043"},{"taxonomy":"post_tag","embeddable":true,"href":"https:\/\/radiolitoral.com\/ca\/wp-json\/wp\/v2\/tags?post=20043"}],"curies":[{"name":"wp","href":"https:\/\/api.w.org\/{rel}","templated":true}]}}