{"id":20036,"date":"2026-03-11T12:32:51","date_gmt":"2026-03-11T11:32:51","guid":{"rendered":"https:\/\/radiolitoral.com\/?p=20036"},"modified":"2026-03-11T12:32:51","modified_gmt":"2026-03-11T11:32:51","slug":"benissa-posa-en-marxa-la-campana-dia-del-pare","status":"publish","type":"post","link":"https:\/\/radiolitoral.com\/ca\/2026\/03\/benissa-pone-en-marcha-la-campana-dia-del-padre\/","title":{"rendered":"Benissa posa en marxa la campanya Dia del Pare"},"content":{"rendered":"<p>El <strong>Ajuntament de Benissa<\/strong>, a trav\u00e9s de <strong>AFIC-Creama<\/strong> i en col\u00b7laboraci\u00f3 amb la <strong>ACEB<\/strong>, ha posat en marxa una nova campanya de sensibilitzaci\u00f3 amb motiu del <strong>Dia del Pare<\/strong>, amb l&#039;objectiu de <strong>fomentar les compres al comer\u00e7 local<\/strong> durant les dates pr\u00e8vies a la festivitat.<\/p>\n<p>La campanya es materialitza en la col\u00b7locaci\u00f3 d&#039;una s\u00e8rie de <strong>cartells<\/strong> visibles a <strong>diferents punts del municipi<\/strong> ia <strong>establiments comercials<\/strong>, que recorden a la ciutadania la import\u00e0ncia de donar suport als negocis de proximitat, no nom\u00e9s en dates assenyalades com el <strong>Dia del Pare<\/strong>, sin\u00f3 durant tot l&#039;any.<\/p>\n<p>Des del <strong>Ajuntament de Benissa<\/strong> s&#039;anima els ve\u00efns i ve\u00efnes a <strong>aprofitar els dies previs a la celebraci\u00f3<\/strong> per adquirir els regals als comer\u00e7os locals, contribuint d&#039;aquesta manera a <strong>dinamitzar l&#039;economia local<\/strong> i <strong>enfortir el teixit comercial<\/strong> del municipi. La campanya posa de manifest el paper crucial que exerceixen els comer\u00e7os de proximitat a la <strong>generaci\u00f3 d&#039;ocupaci\u00f3<\/strong>, a la <strong>oferta d&#039;atenci\u00f3 personalitzada<\/strong> i al <strong>manteniment de la vida als carrers i barris<\/strong>.<\/p>\n<figure id=\"attachment_20038\" aria-describedby=\"caption-attachment-20038\" style=\"width: 1080px\" class=\"wp-caption alignnone\"><img loading=\"lazy\" decoding=\"async\" class=\"wp-image-20038 size-full\" src=\"https:\/\/media.radiolitoral.com\/wp-content\/uploads\/2026\/03\/11123025\/Cartel.jpg\" alt=\"\" width=\"1080\" height=\"1350\" srcset=\"https:\/\/media.radiolitoral.com\/wp-content\/uploads\/2026\/03\/11123025\/Cartel.jpg 1080w, https:\/\/media.radiolitoral.com\/wp-content\/uploads\/2026\/03\/11123025\/Cartel-240x300.jpg 240w, https:\/\/media.radiolitoral.com\/wp-content\/uploads\/2026\/03\/11123025\/Cartel-819x1024.jpg 819w, https:\/\/media.radiolitoral.com\/wp-content\/uploads\/2026\/03\/11123025\/Cartel-768x960.jpg 768w, https:\/\/media.radiolitoral.com\/wp-content\/uploads\/2026\/03\/11123025\/Cartel-10x12.jpg 10w, https:\/\/media.radiolitoral.com\/wp-content\/uploads\/2026\/03\/11123025\/Cartel-800x1000.jpg 800w, https:\/\/media.radiolitoral.com\/wp-content\/uploads\/2026\/03\/11123025\/Cartel-80x100.jpg 80w, https:\/\/media.radiolitoral.com\/wp-content\/uploads\/2026\/03\/11123025\/Cartel-160x200.jpg 160w\" sizes=\"auto, (max-width: 1080px) 100vw, 1080px\" \/><figcaption id=\"caption-attachment-20038\" class=\"wp-caption-text\">Cartell de la campanya<\/figcaption><\/figure>\n<h4>Una crida a h\u00e0bits de consum responsables<\/h4>\n<p>La campanya, recolzada per <strong>AFIC-Creama<\/strong> i la <strong>ACEB<\/strong>, subratlla la import\u00e0ncia de <strong>mantenir h\u00e0bits de consum responsables<\/strong> que prioritzin les compres als comer\u00e7os propers, impulsant l&#039;economia local i fomentant la vitalitat de les zones comercials.<\/p>\n<p>&nbsp;<\/p>\n<p><script src=\"chrome-extension:\/\/flbolonkboilcbnohjlchlfgdalomdpl\/iFrame.js\" type=\"text\/javascript\"><\/script><\/p>","protected":false},"excerpt":{"rendered":"<p>El Ayuntamiento de Benissa, a trav\u00e9s de AFIC-Creama y en colaboraci\u00f3n con la ACEB, ha puesto en marcha una nueva campa\u00f1a de sensibilizaci\u00f3n con motivo del D\u00eda del Padre, con el objetivo de fomentar las compras en el comercio local durante las fechas previas a la festividad. La campa\u00f1a se materializa en la colocaci\u00f3n de [&#8230;]<\/p>\n<p><a class=\"btn btn-secondary understrap-read-more-link\" href=\"https:\/\/radiolitoral.com\/ca\/2026\/03\/benissa-pone-en-marcha-la-campana-dia-del-padre\/\">Continua llegint&#8230;<span class=\"screen-reader-text\"> from Benissa pone en marcha la campa\u00f1a D\u00eda del Padre<\/span><\/a><\/p>\n","protected":false},"author":12,"featured_media":20037,"comment_status":"open","ping_status":"closed","sticky":false,"template":"","format":"standard","meta":{"_acf_changed":false,"inline_featured_image":false,"footnotes":""},"categories":[230],"tags":[969,5242,882,2983,5243,455],"class_list":["post-20036","post","type-post","status-publish","format-standard","has-post-thumbnail","hentry","category-comercio","tag-aceb","tag-afic-creama","tag-ayuntamiento-de-benissa","tag-campana-comercio","tag-campana-comercio-dia-del-padre-benissa","tag-comercio","cobertura-benissa"],"acf":[],"yoast_head":"<!-- This site is optimized with the Yoast SEO plugin v27.5 - https:\/\/yoast.com\/product\/yoast-seo-wordpress\/ -->\n<title>Benissa pone en marcha la campa\u00f1a D\u00eda del Padre | R\u00e0dio Litoral<\/title>\n<meta name=\"description\" content=\"La iniciativa para fomentar las compras en el comercio local busca impulsar la econom\u00eda y fortalecer el tejido comercial del municipioLa iniciativa para fomentar las compras en el comercio local busca impulsar la econom\u00eda local y fortalecer el tejido comercial del municipio\" \/>\n<meta name=\"robots\" content=\"index, follow, max-snippet:-1, max-image-preview:large, max-video-preview:-1\" \/>\n<link rel=\"canonical\" href=\"https:\/\/radiolitoral.com\/ca\/2026\/03\/benissa-posa-en-marxa-la-campana-dia-del-pare\/\" \/>\n<meta property=\"og:locale\" content=\"ca_ES\" \/>\n<meta property=\"og:type\" content=\"article\" \/>\n<meta property=\"og:title\" content=\"Benissa pone en marcha la campa\u00f1a D\u00eda del Padre | R\u00e0dio Litoral\" \/>\n<meta property=\"og:description\" content=\"La iniciativa para fomentar las compras en el comercio local busca impulsar la econom\u00eda y fortalecer el tejido comercial del municipioLa iniciativa para fomentar las compras en el comercio local busca impulsar la econom\u00eda local y fortalecer el tejido comercial del municipio\" \/>\n<meta property=\"og:url\" content=\"https:\/\/radiolitoral.com\/ca\/2026\/03\/benissa-posa-en-marxa-la-campana-dia-del-pare\/\" \/>\n<meta property=\"og:site_name\" content=\"R\u00e0dio Litoral\" \/>\n<meta property=\"article:publisher\" content=\"https:\/\/www.facebook.com\/Laradiolitoral\/\" \/>\n<meta property=\"article:published_time\" content=\"2026-03-11T11:32:51+00:00\" \/>\n<meta property=\"og:image\" content=\"https:\/\/media.radiolitoral.com\/wp-content\/uploads\/2026\/03\/11123005\/649853674_1465448112033779_6689006006226791916_n.jpg\" \/>\n\t<meta property=\"og:image:width\" content=\"1080\" \/>\n\t<meta property=\"og:image:height\" content=\"795\" \/>\n\t<meta property=\"og:image:type\" content=\"image\/jpeg\" \/>\n<meta name=\"author\" content=\"Javier Zamora\" \/>\n<meta name=\"twitter:card\" content=\"summary_large_image\" \/>\n<meta name=\"twitter:label1\" content=\"Escrit per\" \/>\n\t<meta name=\"twitter:data1\" content=\"Javier Zamora\" \/>\n\t<meta name=\"twitter:label2\" content=\"Temps estimat de lectura\" \/>\n\t<meta name=\"twitter:data2\" content=\"2 minuts\" \/>\n<script type=\"application\/ld+json\" class=\"yoast-schema-graph\">{\"@context\":\"https:\\\/\\\/schema.org\",\"@graph\":[{\"@type\":\"NewsArticle\",\"@id\":\"https:\\\/\\\/radiolitoral.com\\\/2026\\\/03\\\/benissa-pone-en-marcha-la-campana-dia-del-padre\\\/#article\",\"isPartOf\":{\"@id\":\"https:\\\/\\\/radiolitoral.com\\\/2026\\\/03\\\/benissa-pone-en-marcha-la-campana-dia-del-padre\\\/\"},\"author\":{\"name\":\"Javier Zamora\",\"@id\":\"https:\\\/\\\/radiolitoral.com\\\/#\\\/schema\\\/person\\\/7b1480b5caeb5acdd4ec6379caf62b22\"},\"headline\":\"Benissa pone en marcha la campa\u00f1a D\u00eda del Padre\",\"datePublished\":\"2026-03-11T11:32:51+00:00\",\"mainEntityOfPage\":{\"@id\":\"https:\\\/\\\/radiolitoral.com\\\/2026\\\/03\\\/benissa-pone-en-marcha-la-campana-dia-del-padre\\\/\"},\"wordCount\":269,\"commentCount\":0,\"publisher\":{\"@id\":\"https:\\\/\\\/radiolitoral.com\\\/#organization\"},\"image\":{\"@id\":\"https:\\\/\\\/radiolitoral.com\\\/2026\\\/03\\\/benissa-pone-en-marcha-la-campana-dia-del-padre\\\/#primaryimage\"},\"thumbnailUrl\":\"https:\\\/\\\/media.radiolitoral.com\\\/wp-content\\\/uploads\\\/2026\\\/03\\\/11123005\\\/649853674_1465448112033779_6689006006226791916_n.jpg\",\"keywords\":[\"ACEB\",\"AFIC-Creama\",\"Ayuntamiento de Benissa\",\"campa\u00f1a comercio\",\"campa\u00f1a comercio D\u00eda del Padre Benissa\",\"comercio\"],\"articleSection\":[\"Comercio\"],\"inLanguage\":\"ca\",\"potentialAction\":[{\"@type\":\"CommentAction\",\"name\":\"Comment\",\"target\":[\"https:\\\/\\\/radiolitoral.com\\\/2026\\\/03\\\/benissa-pone-en-marcha-la-campana-dia-del-padre\\\/#respond\"]}]},{\"@type\":[\"WebPage\",\"ItemPage\"],\"@id\":\"https:\\\/\\\/radiolitoral.com\\\/2026\\\/03\\\/benissa-pone-en-marcha-la-campana-dia-del-padre\\\/\",\"url\":\"https:\\\/\\\/radiolitoral.com\\\/2026\\\/03\\\/benissa-pone-en-marcha-la-campana-dia-del-padre\\\/\",\"name\":\"Benissa pone en marcha la campa\u00f1a D\u00eda del Padre | R\u00e0dio Litoral\",\"isPartOf\":{\"@id\":\"https:\\\/\\\/radiolitoral.com\\\/#website\"},\"primaryImageOfPage\":{\"@id\":\"https:\\\/\\\/radiolitoral.com\\\/2026\\\/03\\\/benissa-pone-en-marcha-la-campana-dia-del-padre\\\/#primaryimage\"},\"image\":{\"@id\":\"https:\\\/\\\/radiolitoral.com\\\/2026\\\/03\\\/benissa-pone-en-marcha-la-campana-dia-del-padre\\\/#primaryimage\"},\"thumbnailUrl\":\"https:\\\/\\\/media.radiolitoral.com\\\/wp-content\\\/uploads\\\/2026\\\/03\\\/11123005\\\/649853674_1465448112033779_6689006006226791916_n.jpg\",\"datePublished\":\"2026-03-11T11:32:51+00:00\",\"description\":\"La iniciativa para fomentar las compras en el comercio local busca impulsar la econom\u00eda y fortalecer el tejido comercial del municipioLa iniciativa para fomentar las compras en el comercio local busca impulsar la econom\u00eda local y fortalecer el tejido comercial del municipio\",\"breadcrumb\":{\"@id\":\"https:\\\/\\\/radiolitoral.com\\\/2026\\\/03\\\/benissa-pone-en-marcha-la-campana-dia-del-padre\\\/#breadcrumb\"},\"inLanguage\":\"ca\",\"potentialAction\":[{\"@type\":\"ReadAction\",\"target\":[\"https:\\\/\\\/radiolitoral.com\\\/2026\\\/03\\\/benissa-pone-en-marcha-la-campana-dia-del-padre\\\/\"]}]},{\"@type\":\"ImageObject\",\"inLanguage\":\"ca\",\"@id\":\"https:\\\/\\\/radiolitoral.com\\\/2026\\\/03\\\/benissa-pone-en-marcha-la-campana-dia-del-padre\\\/#primaryimage\",\"url\":\"https:\\\/\\\/media.radiolitoral.com\\\/wp-content\\\/uploads\\\/2026\\\/03\\\/11123005\\\/649853674_1465448112033779_6689006006226791916_n.jpg\",\"contentUrl\":\"https:\\\/\\\/media.radiolitoral.com\\\/wp-content\\\/uploads\\\/2026\\\/03\\\/11123005\\\/649853674_1465448112033779_6689006006226791916_n.jpg\",\"width\":1080,\"height\":795},{\"@type\":\"BreadcrumbList\",\"@id\":\"https:\\\/\\\/radiolitoral.com\\\/2026\\\/03\\\/benissa-pone-en-marcha-la-campana-dia-del-padre\\\/#breadcrumb\",\"itemListElement\":[{\"@type\":\"ListItem\",\"position\":1,\"name\":\"Portada\",\"item\":\"https:\\\/\\\/radiolitoral.com\\\/\"},{\"@type\":\"ListItem\",\"position\":2,\"name\":\"Benissa pone en marcha la campa\u00f1a D\u00eda del Padre\"}]},{\"@type\":\"WebSite\",\"@id\":\"https:\\\/\\\/radiolitoral.com\\\/#website\",\"url\":\"https:\\\/\\\/radiolitoral.com\\\/\",\"name\":\"Radio Litoral\",\"description\":\"La radio local de la Marina Alta\",\"publisher\":{\"@id\":\"https:\\\/\\\/radiolitoral.com\\\/#organization\"},\"alternateName\":\"Litoral FM\",\"potentialAction\":[{\"@type\":\"SearchAction\",\"target\":{\"@type\":\"EntryPoint\",\"urlTemplate\":\"https:\\\/\\\/radiolitoral.com\\\/?s={search_term_string}\"},\"query-input\":{\"@type\":\"PropertyValueSpecification\",\"valueRequired\":true,\"valueName\":\"search_term_string\"}}],\"inLanguage\":\"ca\"},{\"@type\":\"Organization\",\"@id\":\"https:\\\/\\\/radiolitoral.com\\\/#organization\",\"name\":\"Radio Litoral\",\"url\":\"https:\\\/\\\/radiolitoral.com\\\/\",\"logo\":{\"@type\":\"ImageObject\",\"inLanguage\":\"ca\",\"@id\":\"https:\\\/\\\/radiolitoral.com\\\/#\\\/schema\\\/logo\\\/image\\\/\",\"url\":\"https:\\\/\\\/media.radiolitoral.com\\\/wp-content\\\/uploads\\\/2023\\\/02\\\/24143238\\\/CL-V-RadioLitoral696.png\",\"contentUrl\":\"https:\\\/\\\/media.radiolitoral.com\\\/wp-content\\\/uploads\\\/2023\\\/02\\\/24143238\\\/CL-V-RadioLitoral696.png\",\"width\":696,\"height\":696,\"caption\":\"Radio Litoral\"},\"image\":{\"@id\":\"https:\\\/\\\/radiolitoral.com\\\/#\\\/schema\\\/logo\\\/image\\\/\"},\"sameAs\":[\"https:\\\/\\\/www.facebook.com\\\/Laradiolitoral\\\/\"]},{\"@type\":\"Person\",\"@id\":\"https:\\\/\\\/radiolitoral.com\\\/#\\\/schema\\\/person\\\/7b1480b5caeb5acdd4ec6379caf62b22\",\"name\":\"Javier Zamora\",\"image\":{\"@type\":\"ImageObject\",\"inLanguage\":\"ca\",\"@id\":\"https:\\\/\\\/secure.gravatar.com\\\/avatar\\\/467a11f6918c7d619c4043fc6fa2d3853053107973f05b6e9c04ea6c4e3a7b3f?s=96&d=mm&r=g\",\"url\":\"https:\\\/\\\/secure.gravatar.com\\\/avatar\\\/467a11f6918c7d619c4043fc6fa2d3853053107973f05b6e9c04ea6c4e3a7b3f?s=96&d=mm&r=g\",\"contentUrl\":\"https:\\\/\\\/secure.gravatar.com\\\/avatar\\\/467a11f6918c7d619c4043fc6fa2d3853053107973f05b6e9c04ea6c4e3a7b3f?s=96&d=mm&r=g\",\"caption\":\"Javier Zamora\"},\"url\":\"https:\\\/\\\/radiolitoral.com\\\/ca\\\/author\\\/javier-zamora\\\/\"}]}<\/script>\n<!-- \/ Yoast SEO plugin. -->","yoast_head_json":{"title":"Benissa posa en marxa la campanya Dia del Pare | R\u00e0dio Litoral","description":"La iniciativa per fomentar les compres al comer\u00e7 local busca impulsar l&#039;economia i enfortir el teixit comercial del municipiLa iniciativa per fomentar les compres al comer\u00e7 local busca impulsar l&#039;economia local i enfortir el teixit comercial del municipi","robots":{"index":"index","follow":"follow","max-snippet":"max-snippet:-1","max-image-preview":"max-image-preview:large","max-video-preview":"max-video-preview:-1"},"canonical":"https:\/\/radiolitoral.com\/ca\/2026\/03\/benissa-posa-en-marxa-la-campana-dia-del-pare\/","og_locale":"ca_ES","og_type":"article","og_title":"Benissa pone en marcha la campa\u00f1a D\u00eda del Padre | R\u00e0dio Litoral","og_description":"La iniciativa para fomentar las compras en el comercio local busca impulsar la econom\u00eda y fortalecer el tejido comercial del municipioLa iniciativa para fomentar las compras en el comercio local busca impulsar la econom\u00eda local y fortalecer el tejido comercial del municipio","og_url":"https:\/\/radiolitoral.com\/ca\/2026\/03\/benissa-posa-en-marxa-la-campana-dia-del-pare\/","og_site_name":"R\u00e0dio Litoral","article_publisher":"https:\/\/www.facebook.com\/Laradiolitoral\/","article_published_time":"2026-03-11T11:32:51+00:00","og_image":[{"width":1080,"height":795,"url":"https:\/\/media.radiolitoral.com\/wp-content\/uploads\/2026\/03\/11123005\/649853674_1465448112033779_6689006006226791916_n.jpg","type":"image\/jpeg"}],"author":"Javier Zamora","twitter_card":"summary_large_image","twitter_misc":{"Escrit per":"Javier Zamora","Temps estimat de lectura":"2 minuts"},"schema":{"@context":"https:\/\/schema.org","@graph":[{"@type":"NewsArticle","@id":"https:\/\/radiolitoral.com\/2026\/03\/benissa-pone-en-marcha-la-campana-dia-del-padre\/#article","isPartOf":{"@id":"https:\/\/radiolitoral.com\/2026\/03\/benissa-pone-en-marcha-la-campana-dia-del-padre\/"},"author":{"name":"Javier Zamora","@id":"https:\/\/radiolitoral.com\/#\/schema\/person\/7b1480b5caeb5acdd4ec6379caf62b22"},"headline":"Benissa pone en marcha la campa\u00f1a D\u00eda del Padre","datePublished":"2026-03-11T11:32:51+00:00","mainEntityOfPage":{"@id":"https:\/\/radiolitoral.com\/2026\/03\/benissa-pone-en-marcha-la-campana-dia-del-padre\/"},"wordCount":269,"commentCount":0,"publisher":{"@id":"https:\/\/radiolitoral.com\/#organization"},"image":{"@id":"https:\/\/radiolitoral.com\/2026\/03\/benissa-pone-en-marcha-la-campana-dia-del-padre\/#primaryimage"},"thumbnailUrl":"https:\/\/media.radiolitoral.com\/wp-content\/uploads\/2026\/03\/11123005\/649853674_1465448112033779_6689006006226791916_n.jpg","keywords":["ACEB","AFIC-Creama","Ayuntamiento de Benissa","campa\u00f1a comercio","campa\u00f1a comercio D\u00eda del Padre Benissa","comercio"],"articleSection":["Comercio"],"inLanguage":"ca","potentialAction":[{"@type":"CommentAction","name":"Comment","target":["https:\/\/radiolitoral.com\/2026\/03\/benissa-pone-en-marcha-la-campana-dia-del-padre\/#respond"]}]},{"@type":["WebPage","ItemPage"],"@id":"https:\/\/radiolitoral.com\/2026\/03\/benissa-pone-en-marcha-la-campana-dia-del-padre\/","url":"https:\/\/radiolitoral.com\/2026\/03\/benissa-pone-en-marcha-la-campana-dia-del-padre\/","name":"Benissa posa en marxa la campanya Dia del Pare | R\u00e0dio Litoral","isPartOf":{"@id":"https:\/\/radiolitoral.com\/#website"},"primaryImageOfPage":{"@id":"https:\/\/radiolitoral.com\/2026\/03\/benissa-pone-en-marcha-la-campana-dia-del-padre\/#primaryimage"},"image":{"@id":"https:\/\/radiolitoral.com\/2026\/03\/benissa-pone-en-marcha-la-campana-dia-del-padre\/#primaryimage"},"thumbnailUrl":"https:\/\/media.radiolitoral.com\/wp-content\/uploads\/2026\/03\/11123005\/649853674_1465448112033779_6689006006226791916_n.jpg","datePublished":"2026-03-11T11:32:51+00:00","description":"La iniciativa per fomentar les compres al comer\u00e7 local busca impulsar l&#039;economia i enfortir el teixit comercial del municipiLa iniciativa per fomentar les compres al comer\u00e7 local busca impulsar l&#039;economia local i enfortir el teixit comercial del municipi","breadcrumb":{"@id":"https:\/\/radiolitoral.com\/2026\/03\/benissa-pone-en-marcha-la-campana-dia-del-padre\/#breadcrumb"},"inLanguage":"ca","potentialAction":[{"@type":"ReadAction","target":["https:\/\/radiolitoral.com\/2026\/03\/benissa-pone-en-marcha-la-campana-dia-del-padre\/"]}]},{"@type":"ImageObject","inLanguage":"ca","@id":"https:\/\/radiolitoral.com\/2026\/03\/benissa-pone-en-marcha-la-campana-dia-del-padre\/#primaryimage","url":"https:\/\/media.radiolitoral.com\/wp-content\/uploads\/2026\/03\/11123005\/649853674_1465448112033779_6689006006226791916_n.jpg","contentUrl":"https:\/\/media.radiolitoral.com\/wp-content\/uploads\/2026\/03\/11123005\/649853674_1465448112033779_6689006006226791916_n.jpg","width":1080,"height":795},{"@type":"BreadcrumbList","@id":"https:\/\/radiolitoral.com\/2026\/03\/benissa-pone-en-marcha-la-campana-dia-del-padre\/#breadcrumb","itemListElement":[{"@type":"ListItem","position":1,"name":"Portada","item":"https:\/\/radiolitoral.com\/"},{"@type":"ListItem","position":2,"name":"Benissa pone en marcha la campa\u00f1a D\u00eda del Padre"}]},{"@type":"WebSite","@id":"https:\/\/radiolitoral.com\/#website","url":"https:\/\/radiolitoral.com\/","name":"R\u00e0dio Litoral","description":"La r\u00e0dio local de la Marina Alta","publisher":{"@id":"https:\/\/radiolitoral.com\/#organization"},"alternateName":"Litoral FM","potentialAction":[{"@type":"SearchAction","target":{"@type":"EntryPoint","urlTemplate":"https:\/\/radiolitoral.com\/?s={search_term_string}"},"query-input":{"@type":"PropertyValueSpecification","valueRequired":true,"valueName":"search_term_string"}}],"inLanguage":"ca"},{"@type":"Organization","@id":"https:\/\/radiolitoral.com\/#organization","name":"R\u00e0dio Litoral","url":"https:\/\/radiolitoral.com\/","logo":{"@type":"ImageObject","inLanguage":"ca","@id":"https:\/\/radiolitoral.com\/#\/schema\/logo\/image\/","url":"https:\/\/media.radiolitoral.com\/wp-content\/uploads\/2023\/02\/24143238\/CL-V-RadioLitoral696.png","contentUrl":"https:\/\/media.radiolitoral.com\/wp-content\/uploads\/2023\/02\/24143238\/CL-V-RadioLitoral696.png","width":696,"height":696,"caption":"Radio Litoral"},"image":{"@id":"https:\/\/radiolitoral.com\/#\/schema\/logo\/image\/"},"sameAs":["https:\/\/www.facebook.com\/Laradiolitoral\/"]},{"@type":"Person","@id":"https:\/\/radiolitoral.com\/#\/schema\/person\/7b1480b5caeb5acdd4ec6379caf62b22","name":"Javier Zamora","image":{"@type":"ImageObject","inLanguage":"ca","@id":"https:\/\/secure.gravatar.com\/avatar\/467a11f6918c7d619c4043fc6fa2d3853053107973f05b6e9c04ea6c4e3a7b3f?s=96&d=mm&r=g","url":"https:\/\/secure.gravatar.com\/avatar\/467a11f6918c7d619c4043fc6fa2d3853053107973f05b6e9c04ea6c4e3a7b3f?s=96&d=mm&r=g","contentUrl":"https:\/\/secure.gravatar.com\/avatar\/467a11f6918c7d619c4043fc6fa2d3853053107973f05b6e9c04ea6c4e3a7b3f?s=96&d=mm&r=g","caption":"Javier Zamora"},"url":"https:\/\/radiolitoral.com\/ca\/author\/javier-zamora\/"}]}},"_links":{"self":[{"href":"https:\/\/radiolitoral.com\/ca\/wp-json\/wp\/v2\/posts\/20036","targetHints":{"allow":["GET"]}}],"collection":[{"href":"https:\/\/radiolitoral.com\/ca\/wp-json\/wp\/v2\/posts"}],"about":[{"href":"https:\/\/radiolitoral.com\/ca\/wp-json\/wp\/v2\/types\/post"}],"author":[{"embeddable":true,"href":"https:\/\/radiolitoral.com\/ca\/wp-json\/wp\/v2\/users\/12"}],"replies":[{"embeddable":true,"href":"https:\/\/radiolitoral.com\/ca\/wp-json\/wp\/v2\/comments?post=20036"}],"version-history":[{"count":2,"href":"https:\/\/radiolitoral.com\/ca\/wp-json\/wp\/v2\/posts\/20036\/revisions"}],"predecessor-version":[{"id":20040,"href":"https:\/\/radiolitoral.com\/ca\/wp-json\/wp\/v2\/posts\/20036\/revisions\/20040"}],"wp:featuredmedia":[{"embeddable":true,"href":"https:\/\/radiolitoral.com\/ca\/wp-json\/wp\/v2\/media\/20037"}],"wp:attachment":[{"href":"https:\/\/radiolitoral.com\/ca\/wp-json\/wp\/v2\/media?parent=20036"}],"wp:term":[{"taxonomy":"category","embeddable":true,"href":"https:\/\/radiolitoral.com\/ca\/wp-json\/wp\/v2\/categories?post=20036"},{"taxonomy":"post_tag","embeddable":true,"href":"https:\/\/radiolitoral.com\/ca\/wp-json\/wp\/v2\/tags?post=20036"}],"curies":[{"name":"wp","href":"https:\/\/api.w.org\/{rel}","templated":true}]}}