{"id":20000,"date":"2026-03-10T09:01:09","date_gmt":"2026-03-10T08:01:09","guid":{"rendered":"https:\/\/radiolitoral.com\/?p=20000"},"modified":"2026-03-10T09:01:09","modified_gmt":"2026-03-10T08:01:09","slug":"tres-alumnes-de-lies-josep-borra-de-xalo-manen-un-pictograma-a-lespai-a-la-recerca-de-vida-extraterrestre","status":"publish","type":"post","link":"https:\/\/radiolitoral.com\/ca\/2026\/03\/tres-alumnas-del-ies-josep-iborra-de-xalo-mandan-un-pictograma-al-espacio-en-busca-de-vida-extraterrestre\/","title":{"rendered":"Tres alumnes de l&#039;IES Josep Iborra de Xal\u00f3 envien un pictograma a l&#039;espai a la recerca de vida extraterrestre"},"content":{"rendered":"<p data-start=\"0\" data-end=\"488\">Al <strong>IES Josep Iborra<\/strong> de <strong>Xal\u00f3<\/strong>, es respira un ambient d&#039;orgull despr\u00e9s del reconeixement a les alumnes <strong>Carla P\u00e9rez Monserrat<\/strong>, <strong>Aina Galera Femenia<\/strong> e <strong>In\u00e9s Sendra Vinal<\/strong>, de 2n d&#039;ESO, per la seva vict\u00f2ria al concurs nacional \u00abTelegrama en un planeta\u00bb. Aquest certamen, impulsat per l&#039;Observatori Astron\u00f2mic de la Universitat de Val\u00e8ncia i l&#039;Ag\u00e8ncia Espacial Europea, desafia els estudiants a dissenyar un <strong>pictograma<\/strong> que representi la humanitat per a possibles civilitzacions extraterrestres.<\/p>\n<p data-start=\"0\" data-end=\"488\"><a href=\"https:\/\/media.radiolitoral.com\/wp-content\/uploads\/2026\/03\/10085209\/A66-290x300-1.png\"><img loading=\"lazy\" decoding=\"async\" class=\"size-full wp-image-20001 aligncenter\" src=\"https:\/\/media.radiolitoral.com\/wp-content\/uploads\/2026\/03\/10085209\/A66-290x300-1.png\" alt=\"\" width=\"290\" height=\"300\" srcset=\"https:\/\/media.radiolitoral.com\/wp-content\/uploads\/2026\/03\/10085209\/A66-290x300-1.png 290w, https:\/\/media.radiolitoral.com\/wp-content\/uploads\/2026\/03\/10085209\/A66-290x300-1-12x12.png 12w, https:\/\/media.radiolitoral.com\/wp-content\/uploads\/2026\/03\/10085209\/A66-290x300-1-97x100.png 97w, https:\/\/media.radiolitoral.com\/wp-content\/uploads\/2026\/03\/10085209\/A66-290x300-1-193x200.png 193w\" sizes=\"auto, (max-width: 290px) 100vw, 290px\" \/><\/a><\/p>\n<p data-start=\"490\" data-end=\"804\">El projecte, guiat pel professor <strong>Miquel Asunci\u00f3n<\/strong>, va destacar per la seva creativitat, reflexi\u00f3 i enfocament en valors com la sostenibilitat i la conviv\u00e8ncia. Les estudiants van viatjar al Centre d&#039;Astronomia Espacial de l&#039;ESA a Madrid per enviar el missatge a l&#039;exoplaneta GJ 1002b, situat a 16 anys llum de la Terra.<\/p>\n<p data-start=\"806\" data-end=\"1062\" data-is-last-node=\"\" data-is-only-node=\"\">Aquest \u00e8xit ressalta la import\u00e0ncia de fomentar les vocacions cient\u00edfiques des d&#039;edats primerenques i, en especial, l&#039;apoderament de les dones a la ci\u00e8ncia. A Radio Litoral, vam tenir l&#039;oportunitat de parlar amb elles per con\u00e8ixer m\u00e9s sobre el projecte. Pots escoltar la <strong>entrevista<\/strong> al seg\u00fcent p\u00f2dcast.<\/p>\n<audio class=\"wp-audio-shortcode\" id=\"audio-20000-1\" preload=\"none\" style=\"width: 100%;\" controls=\"controls\"><source type=\"audio\/mpeg\" src=\"https:\/\/media.radiolitoral.com\/wp-content\/uploads\/2026\/03\/10085630\/ENTREVISTA-IES-JOSEP-IBORRA-XALO-1.mp3?_=1\" \/><a href=\"https:\/\/media.radiolitoral.com\/wp-content\/uploads\/2026\/03\/10085630\/ENTREVISTA-IES-JOSEP-IBORRA-XALO-1.mp3\">https:\/\/media.radiolitoral.com\/wp-content\/uploads\/2026\/03\/10085630\/ENTREVISTA-IES-JOSEP-IBORRA-XALO-1.mp3<\/a><\/audio>","protected":false},"excerpt":{"rendered":"<p>En el IES Josep Iborra de Xal\u00f3, se respira un ambiente de orgullo tras el reconocimiento a las alumnas Carla P\u00e9rez Monserrat, Aina Galera Femenia e In\u00e9s Sendra Vinal, de 2\u00ba de ESO, por su victoria en el concurso nacional \u00abTelegrama en un planeta\u00bb. Este certamen, impulsado por el Observatorio Astron\u00f3mico de la Universidad de [&#8230;]<\/p>\n<p><a class=\"btn btn-secondary understrap-read-more-link\" href=\"https:\/\/radiolitoral.com\/ca\/2026\/03\/tres-alumnas-del-ies-josep-iborra-de-xalo-mandan-un-pictograma-al-espacio-en-busca-de-vida-extraterrestre\/\">Continua llegint&#8230;<span class=\"screen-reader-text\"> from Tres alumnas del IES Josep Iborra de Xal\u00f3 mandan un pictograma al espacio en busca de vida extraterrestre<\/span><\/a><\/p>\n","protected":false},"author":14,"featured_media":20003,"comment_status":"open","ping_status":"closed","sticky":false,"template":"","format":"standard","meta":{"_acf_changed":false,"inline_featured_image":false,"footnotes":""},"categories":[2753],"tags":[5236,5235,1523,5237,5234,1160,133],"class_list":["post-20000","post","type-post","status-publish","format-standard","has-post-thumbnail","hentry","category-entrevistas","tag-aina-galera-femenia","tag-carla-perez-monserrat","tag-ies-josep-iborra","tag-ines-sendra-vinal","tag-pictograma","tag-sociedad","tag-xalo","cobertura-xalo"],"acf":[],"yoast_head":"<!-- This site is optimized with the Yoast SEO plugin v27.5 - https:\/\/yoast.com\/product\/yoast-seo-wordpress\/ -->\n<title>Tres alumnas del IES Josep Iborra de Xal\u00f3 mandan un pictograma al espacio en busca de vida extraterrestre | R\u00e0dio Litoral<\/title>\n<meta name=\"description\" content=\"Carla P\u00e9rez Monserrat, Aina Galera Femenia e In\u00e9s Sendra Vinal ganaron el concurso nacional \u00abTelegrama en un planeta\u00bb\" \/>\n<meta name=\"robots\" content=\"index, follow, max-snippet:-1, max-image-preview:large, max-video-preview:-1\" \/>\n<link rel=\"canonical\" href=\"https:\/\/radiolitoral.com\/ca\/2026\/03\/tres-alumnes-de-lies-josep-borra-de-xalo-manen-un-pictograma-a-lespai-a-la-recerca-de-vida-extraterrestre\/\" \/>\n<meta property=\"og:locale\" content=\"ca_ES\" \/>\n<meta property=\"og:type\" content=\"article\" \/>\n<meta property=\"og:title\" content=\"Tres alumnas del IES Josep Iborra de Xal\u00f3 mandan un pictograma al espacio en busca de vida extraterrestre | R\u00e0dio Litoral\" \/>\n<meta property=\"og:description\" content=\"Carla P\u00e9rez Monserrat, Aina Galera Femenia e In\u00e9s Sendra Vinal ganaron el concurso nacional \u00abTelegrama en un planeta\u00bb\" \/>\n<meta property=\"og:url\" content=\"https:\/\/radiolitoral.com\/ca\/2026\/03\/tres-alumnes-de-lies-josep-borra-de-xalo-manen-un-pictograma-a-lespai-a-la-recerca-de-vida-extraterrestre\/\" \/>\n<meta property=\"og:site_name\" content=\"R\u00e0dio Litoral\" \/>\n<meta property=\"article:publisher\" content=\"https:\/\/www.facebook.com\/Laradiolitoral\/\" \/>\n<meta property=\"article:published_time\" content=\"2026-03-10T08:01:09+00:00\" \/>\n<meta property=\"og:image\" content=\"https:\/\/media.radiolitoral.com\/wp-content\/uploads\/2026\/03\/10090054\/DESTACADA-WEB-72.png\" \/>\n\t<meta property=\"og:image:width\" content=\"1920\" \/>\n\t<meta property=\"og:image:height\" content=\"1166\" \/>\n\t<meta property=\"og:image:type\" content=\"image\/png\" \/>\n<meta name=\"author\" content=\"Redacci\u00f3n\" \/>\n<meta name=\"twitter:card\" content=\"summary_large_image\" \/>\n<meta name=\"twitter:label1\" content=\"Escrit per\" \/>\n\t<meta name=\"twitter:data1\" content=\"Redacci\u00f3n\" \/>\n\t<meta name=\"twitter:label2\" content=\"Temps estimat de lectura\" \/>\n\t<meta name=\"twitter:data2\" content=\"2 minuts\" \/>\n<script type=\"application\/ld+json\" class=\"yoast-schema-graph\">{\"@context\":\"https:\\\/\\\/schema.org\",\"@graph\":[{\"@type\":\"NewsArticle\",\"@id\":\"https:\\\/\\\/radiolitoral.com\\\/2026\\\/03\\\/tres-alumnas-del-ies-josep-iborra-de-xalo-mandan-un-pictograma-al-espacio-en-busca-de-vida-extraterrestre\\\/#article\",\"isPartOf\":{\"@id\":\"https:\\\/\\\/radiolitoral.com\\\/2026\\\/03\\\/tres-alumnas-del-ies-josep-iborra-de-xalo-mandan-un-pictograma-al-espacio-en-busca-de-vida-extraterrestre\\\/\"},\"author\":{\"name\":\"Redacci\u00f3n\",\"@id\":\"https:\\\/\\\/radiolitoral.com\\\/#\\\/schema\\\/person\\\/96b739642eb3bedb532aac3812d23307\"},\"headline\":\"Tres alumnas del IES Josep Iborra de Xal\u00f3 mandan un pictograma al espacio en busca de vida extraterrestre\",\"datePublished\":\"2026-03-10T08:01:09+00:00\",\"mainEntityOfPage\":{\"@id\":\"https:\\\/\\\/radiolitoral.com\\\/2026\\\/03\\\/tres-alumnas-del-ies-josep-iborra-de-xalo-mandan-un-pictograma-al-espacio-en-busca-de-vida-extraterrestre\\\/\"},\"wordCount\":215,\"commentCount\":0,\"publisher\":{\"@id\":\"https:\\\/\\\/radiolitoral.com\\\/#organization\"},\"image\":{\"@id\":\"https:\\\/\\\/radiolitoral.com\\\/2026\\\/03\\\/tres-alumnas-del-ies-josep-iborra-de-xalo-mandan-un-pictograma-al-espacio-en-busca-de-vida-extraterrestre\\\/#primaryimage\"},\"thumbnailUrl\":\"https:\\\/\\\/media.radiolitoral.com\\\/wp-content\\\/uploads\\\/2026\\\/03\\\/10090054\\\/DESTACADA-WEB-72.png\",\"keywords\":[\"Aina Galera Femenia\",\"Carla P\u00e9rez Monserrat\",\"IES Josep Iborra\",\"In\u00e9s Sendra Vinal\",\"pictograma\",\"sociedad\",\"Xal\u00f3\"],\"articleSection\":[\"Entrevistas\"],\"inLanguage\":\"ca\",\"potentialAction\":[{\"@type\":\"CommentAction\",\"name\":\"Comment\",\"target\":[\"https:\\\/\\\/radiolitoral.com\\\/2026\\\/03\\\/tres-alumnas-del-ies-josep-iborra-de-xalo-mandan-un-pictograma-al-espacio-en-busca-de-vida-extraterrestre\\\/#respond\"]}]},{\"@type\":[\"WebPage\",\"ItemPage\"],\"@id\":\"https:\\\/\\\/radiolitoral.com\\\/2026\\\/03\\\/tres-alumnas-del-ies-josep-iborra-de-xalo-mandan-un-pictograma-al-espacio-en-busca-de-vida-extraterrestre\\\/\",\"url\":\"https:\\\/\\\/radiolitoral.com\\\/2026\\\/03\\\/tres-alumnas-del-ies-josep-iborra-de-xalo-mandan-un-pictograma-al-espacio-en-busca-de-vida-extraterrestre\\\/\",\"name\":\"Tres alumnas del IES Josep Iborra de Xal\u00f3 mandan un pictograma al espacio en busca de vida extraterrestre | R\u00e0dio Litoral\",\"isPartOf\":{\"@id\":\"https:\\\/\\\/radiolitoral.com\\\/#website\"},\"primaryImageOfPage\":{\"@id\":\"https:\\\/\\\/radiolitoral.com\\\/2026\\\/03\\\/tres-alumnas-del-ies-josep-iborra-de-xalo-mandan-un-pictograma-al-espacio-en-busca-de-vida-extraterrestre\\\/#primaryimage\"},\"image\":{\"@id\":\"https:\\\/\\\/radiolitoral.com\\\/2026\\\/03\\\/tres-alumnas-del-ies-josep-iborra-de-xalo-mandan-un-pictograma-al-espacio-en-busca-de-vida-extraterrestre\\\/#primaryimage\"},\"thumbnailUrl\":\"https:\\\/\\\/media.radiolitoral.com\\\/wp-content\\\/uploads\\\/2026\\\/03\\\/10090054\\\/DESTACADA-WEB-72.png\",\"datePublished\":\"2026-03-10T08:01:09+00:00\",\"description\":\"Carla P\u00e9rez Monserrat, Aina Galera Femenia e In\u00e9s Sendra Vinal ganaron el concurso nacional \u00abTelegrama en un planeta\u00bb\",\"breadcrumb\":{\"@id\":\"https:\\\/\\\/radiolitoral.com\\\/2026\\\/03\\\/tres-alumnas-del-ies-josep-iborra-de-xalo-mandan-un-pictograma-al-espacio-en-busca-de-vida-extraterrestre\\\/#breadcrumb\"},\"inLanguage\":\"ca\",\"potentialAction\":[{\"@type\":\"ReadAction\",\"target\":[\"https:\\\/\\\/radiolitoral.com\\\/2026\\\/03\\\/tres-alumnas-del-ies-josep-iborra-de-xalo-mandan-un-pictograma-al-espacio-en-busca-de-vida-extraterrestre\\\/\"]}]},{\"@type\":\"ImageObject\",\"inLanguage\":\"ca\",\"@id\":\"https:\\\/\\\/radiolitoral.com\\\/2026\\\/03\\\/tres-alumnas-del-ies-josep-iborra-de-xalo-mandan-un-pictograma-al-espacio-en-busca-de-vida-extraterrestre\\\/#primaryimage\",\"url\":\"https:\\\/\\\/media.radiolitoral.com\\\/wp-content\\\/uploads\\\/2026\\\/03\\\/10090054\\\/DESTACADA-WEB-72.png\",\"contentUrl\":\"https:\\\/\\\/media.radiolitoral.com\\\/wp-content\\\/uploads\\\/2026\\\/03\\\/10090054\\\/DESTACADA-WEB-72.png\",\"width\":1920,\"height\":1166},{\"@type\":\"BreadcrumbList\",\"@id\":\"https:\\\/\\\/radiolitoral.com\\\/2026\\\/03\\\/tres-alumnas-del-ies-josep-iborra-de-xalo-mandan-un-pictograma-al-espacio-en-busca-de-vida-extraterrestre\\\/#breadcrumb\",\"itemListElement\":[{\"@type\":\"ListItem\",\"position\":1,\"name\":\"Portada\",\"item\":\"https:\\\/\\\/radiolitoral.com\\\/\"},{\"@type\":\"ListItem\",\"position\":2,\"name\":\"Tres alumnas del IES Josep Iborra de Xal\u00f3 mandan un pictograma al espacio en busca de vida extraterrestre\"}]},{\"@type\":\"WebSite\",\"@id\":\"https:\\\/\\\/radiolitoral.com\\\/#website\",\"url\":\"https:\\\/\\\/radiolitoral.com\\\/\",\"name\":\"Radio Litoral\",\"description\":\"La radio local de la Marina Alta\",\"publisher\":{\"@id\":\"https:\\\/\\\/radiolitoral.com\\\/#organization\"},\"alternateName\":\"Litoral FM\",\"potentialAction\":[{\"@type\":\"SearchAction\",\"target\":{\"@type\":\"EntryPoint\",\"urlTemplate\":\"https:\\\/\\\/radiolitoral.com\\\/?s={search_term_string}\"},\"query-input\":{\"@type\":\"PropertyValueSpecification\",\"valueRequired\":true,\"valueName\":\"search_term_string\"}}],\"inLanguage\":\"ca\"},{\"@type\":\"Organization\",\"@id\":\"https:\\\/\\\/radiolitoral.com\\\/#organization\",\"name\":\"Radio Litoral\",\"url\":\"https:\\\/\\\/radiolitoral.com\\\/\",\"logo\":{\"@type\":\"ImageObject\",\"inLanguage\":\"ca\",\"@id\":\"https:\\\/\\\/radiolitoral.com\\\/#\\\/schema\\\/logo\\\/image\\\/\",\"url\":\"https:\\\/\\\/media.radiolitoral.com\\\/wp-content\\\/uploads\\\/2023\\\/02\\\/24143238\\\/CL-V-RadioLitoral696.png\",\"contentUrl\":\"https:\\\/\\\/media.radiolitoral.com\\\/wp-content\\\/uploads\\\/2023\\\/02\\\/24143238\\\/CL-V-RadioLitoral696.png\",\"width\":696,\"height\":696,\"caption\":\"Radio Litoral\"},\"image\":{\"@id\":\"https:\\\/\\\/radiolitoral.com\\\/#\\\/schema\\\/logo\\\/image\\\/\"},\"sameAs\":[\"https:\\\/\\\/www.facebook.com\\\/Laradiolitoral\\\/\"]},{\"@type\":\"Person\",\"@id\":\"https:\\\/\\\/radiolitoral.com\\\/#\\\/schema\\\/person\\\/96b739642eb3bedb532aac3812d23307\",\"name\":\"Redacci\u00f3n\",\"image\":{\"@type\":\"ImageObject\",\"inLanguage\":\"ca\",\"@id\":\"https:\\\/\\\/secure.gravatar.com\\\/avatar\\\/30cd06129ee90411dd9c7cbdcf17464181d1a3c7b072e92070ea75a25cf0097e?s=96&d=mm&r=g\",\"url\":\"https:\\\/\\\/secure.gravatar.com\\\/avatar\\\/30cd06129ee90411dd9c7cbdcf17464181d1a3c7b072e92070ea75a25cf0097e?s=96&d=mm&r=g\",\"contentUrl\":\"https:\\\/\\\/secure.gravatar.com\\\/avatar\\\/30cd06129ee90411dd9c7cbdcf17464181d1a3c7b072e92070ea75a25cf0097e?s=96&d=mm&r=g\",\"caption\":\"Redacci\u00f3n\"},\"url\":\"https:\\\/\\\/radiolitoral.com\\\/ca\\\/author\\\/kevin-carrio\\\/\"}]}<\/script>\n<!-- \/ Yoast SEO plugin. -->","yoast_head_json":{"title":"Tres alumnes de l&#039;IES Josep Iborra de Xal\u00f3 envien un pictograma a l&#039;espai per buscar vida extraterrestre | R\u00e0dio Litoral","description":"Carla P\u00e9rez Monserrat, Aina Galera Femenia i In\u00e9s Sendra Vinal van guanyar el concurs nacional Telegrama en un planeta\u00ab","robots":{"index":"index","follow":"follow","max-snippet":"max-snippet:-1","max-image-preview":"max-image-preview:large","max-video-preview":"max-video-preview:-1"},"canonical":"https:\/\/radiolitoral.com\/ca\/2026\/03\/tres-alumnes-de-lies-josep-borra-de-xalo-manen-un-pictograma-a-lespai-a-la-recerca-de-vida-extraterrestre\/","og_locale":"ca_ES","og_type":"article","og_title":"Tres alumnas del IES Josep Iborra de Xal\u00f3 mandan un pictograma al espacio en busca de vida extraterrestre | R\u00e0dio Litoral","og_description":"Carla P\u00e9rez Monserrat, Aina Galera Femenia e In\u00e9s Sendra Vinal ganaron el concurso nacional \u00abTelegrama en un planeta\u00bb","og_url":"https:\/\/radiolitoral.com\/ca\/2026\/03\/tres-alumnes-de-lies-josep-borra-de-xalo-manen-un-pictograma-a-lespai-a-la-recerca-de-vida-extraterrestre\/","og_site_name":"R\u00e0dio Litoral","article_publisher":"https:\/\/www.facebook.com\/Laradiolitoral\/","article_published_time":"2026-03-10T08:01:09+00:00","og_image":[{"width":1920,"height":1166,"url":"https:\/\/media.radiolitoral.com\/wp-content\/uploads\/2026\/03\/10090054\/DESTACADA-WEB-72.png","type":"image\/png"}],"author":"Redacci\u00f3n","twitter_card":"summary_large_image","twitter_misc":{"Escrit per":"Redacci\u00f3n","Temps estimat de lectura":"2 minuts"},"schema":{"@context":"https:\/\/schema.org","@graph":[{"@type":"NewsArticle","@id":"https:\/\/radiolitoral.com\/2026\/03\/tres-alumnas-del-ies-josep-iborra-de-xalo-mandan-un-pictograma-al-espacio-en-busca-de-vida-extraterrestre\/#article","isPartOf":{"@id":"https:\/\/radiolitoral.com\/2026\/03\/tres-alumnas-del-ies-josep-iborra-de-xalo-mandan-un-pictograma-al-espacio-en-busca-de-vida-extraterrestre\/"},"author":{"name":"Redacci\u00f3n","@id":"https:\/\/radiolitoral.com\/#\/schema\/person\/96b739642eb3bedb532aac3812d23307"},"headline":"Tres alumnas del IES Josep Iborra de Xal\u00f3 mandan un pictograma al espacio en busca de vida extraterrestre","datePublished":"2026-03-10T08:01:09+00:00","mainEntityOfPage":{"@id":"https:\/\/radiolitoral.com\/2026\/03\/tres-alumnas-del-ies-josep-iborra-de-xalo-mandan-un-pictograma-al-espacio-en-busca-de-vida-extraterrestre\/"},"wordCount":215,"commentCount":0,"publisher":{"@id":"https:\/\/radiolitoral.com\/#organization"},"image":{"@id":"https:\/\/radiolitoral.com\/2026\/03\/tres-alumnas-del-ies-josep-iborra-de-xalo-mandan-un-pictograma-al-espacio-en-busca-de-vida-extraterrestre\/#primaryimage"},"thumbnailUrl":"https:\/\/media.radiolitoral.com\/wp-content\/uploads\/2026\/03\/10090054\/DESTACADA-WEB-72.png","keywords":["Aina Galera Femenia","Carla P\u00e9rez Monserrat","IES Josep Iborra","In\u00e9s Sendra Vinal","pictograma","sociedad","Xal\u00f3"],"articleSection":["Entrevistas"],"inLanguage":"ca","potentialAction":[{"@type":"CommentAction","name":"Comment","target":["https:\/\/radiolitoral.com\/2026\/03\/tres-alumnas-del-ies-josep-iborra-de-xalo-mandan-un-pictograma-al-espacio-en-busca-de-vida-extraterrestre\/#respond"]}]},{"@type":["WebPage","ItemPage"],"@id":"https:\/\/radiolitoral.com\/2026\/03\/tres-alumnas-del-ies-josep-iborra-de-xalo-mandan-un-pictograma-al-espacio-en-busca-de-vida-extraterrestre\/","url":"https:\/\/radiolitoral.com\/2026\/03\/tres-alumnas-del-ies-josep-iborra-de-xalo-mandan-un-pictograma-al-espacio-en-busca-de-vida-extraterrestre\/","name":"Tres alumnes de l&#039;IES Josep Iborra de Xal\u00f3 envien un pictograma a l&#039;espai per buscar vida extraterrestre | R\u00e0dio Litoral","isPartOf":{"@id":"https:\/\/radiolitoral.com\/#website"},"primaryImageOfPage":{"@id":"https:\/\/radiolitoral.com\/2026\/03\/tres-alumnas-del-ies-josep-iborra-de-xalo-mandan-un-pictograma-al-espacio-en-busca-de-vida-extraterrestre\/#primaryimage"},"image":{"@id":"https:\/\/radiolitoral.com\/2026\/03\/tres-alumnas-del-ies-josep-iborra-de-xalo-mandan-un-pictograma-al-espacio-en-busca-de-vida-extraterrestre\/#primaryimage"},"thumbnailUrl":"https:\/\/media.radiolitoral.com\/wp-content\/uploads\/2026\/03\/10090054\/DESTACADA-WEB-72.png","datePublished":"2026-03-10T08:01:09+00:00","description":"Carla P\u00e9rez Monserrat, Aina Galera Femenia i In\u00e9s Sendra Vinal van guanyar el concurs nacional Telegrama en un planeta\u00ab","breadcrumb":{"@id":"https:\/\/radiolitoral.com\/2026\/03\/tres-alumnas-del-ies-josep-iborra-de-xalo-mandan-un-pictograma-al-espacio-en-busca-de-vida-extraterrestre\/#breadcrumb"},"inLanguage":"ca","potentialAction":[{"@type":"ReadAction","target":["https:\/\/radiolitoral.com\/2026\/03\/tres-alumnas-del-ies-josep-iborra-de-xalo-mandan-un-pictograma-al-espacio-en-busca-de-vida-extraterrestre\/"]}]},{"@type":"ImageObject","inLanguage":"ca","@id":"https:\/\/radiolitoral.com\/2026\/03\/tres-alumnas-del-ies-josep-iborra-de-xalo-mandan-un-pictograma-al-espacio-en-busca-de-vida-extraterrestre\/#primaryimage","url":"https:\/\/media.radiolitoral.com\/wp-content\/uploads\/2026\/03\/10090054\/DESTACADA-WEB-72.png","contentUrl":"https:\/\/media.radiolitoral.com\/wp-content\/uploads\/2026\/03\/10090054\/DESTACADA-WEB-72.png","width":1920,"height":1166},{"@type":"BreadcrumbList","@id":"https:\/\/radiolitoral.com\/2026\/03\/tres-alumnas-del-ies-josep-iborra-de-xalo-mandan-un-pictograma-al-espacio-en-busca-de-vida-extraterrestre\/#breadcrumb","itemListElement":[{"@type":"ListItem","position":1,"name":"Portada","item":"https:\/\/radiolitoral.com\/"},{"@type":"ListItem","position":2,"name":"Tres alumnas del IES Josep Iborra de Xal\u00f3 mandan un pictograma al espacio en busca de vida extraterrestre"}]},{"@type":"WebSite","@id":"https:\/\/radiolitoral.com\/#website","url":"https:\/\/radiolitoral.com\/","name":"R\u00e0dio Litoral","description":"La r\u00e0dio local de la Marina Alta","publisher":{"@id":"https:\/\/radiolitoral.com\/#organization"},"alternateName":"Litoral FM","potentialAction":[{"@type":"SearchAction","target":{"@type":"EntryPoint","urlTemplate":"https:\/\/radiolitoral.com\/?s={search_term_string}"},"query-input":{"@type":"PropertyValueSpecification","valueRequired":true,"valueName":"search_term_string"}}],"inLanguage":"ca"},{"@type":"Organization","@id":"https:\/\/radiolitoral.com\/#organization","name":"R\u00e0dio Litoral","url":"https:\/\/radiolitoral.com\/","logo":{"@type":"ImageObject","inLanguage":"ca","@id":"https:\/\/radiolitoral.com\/#\/schema\/logo\/image\/","url":"https:\/\/media.radiolitoral.com\/wp-content\/uploads\/2023\/02\/24143238\/CL-V-RadioLitoral696.png","contentUrl":"https:\/\/media.radiolitoral.com\/wp-content\/uploads\/2023\/02\/24143238\/CL-V-RadioLitoral696.png","width":696,"height":696,"caption":"Radio Litoral"},"image":{"@id":"https:\/\/radiolitoral.com\/#\/schema\/logo\/image\/"},"sameAs":["https:\/\/www.facebook.com\/Laradiolitoral\/"]},{"@type":"Person","@id":"https:\/\/radiolitoral.com\/#\/schema\/person\/96b739642eb3bedb532aac3812d23307","name":"Redacci\u00f3","image":{"@type":"ImageObject","inLanguage":"ca","@id":"https:\/\/secure.gravatar.com\/avatar\/30cd06129ee90411dd9c7cbdcf17464181d1a3c7b072e92070ea75a25cf0097e?s=96&d=mm&r=g","url":"https:\/\/secure.gravatar.com\/avatar\/30cd06129ee90411dd9c7cbdcf17464181d1a3c7b072e92070ea75a25cf0097e?s=96&d=mm&r=g","contentUrl":"https:\/\/secure.gravatar.com\/avatar\/30cd06129ee90411dd9c7cbdcf17464181d1a3c7b072e92070ea75a25cf0097e?s=96&d=mm&r=g","caption":"Redacci\u00f3n"},"url":"https:\/\/radiolitoral.com\/ca\/author\/kevin-carrio\/"}]}},"_links":{"self":[{"href":"https:\/\/radiolitoral.com\/ca\/wp-json\/wp\/v2\/posts\/20000","targetHints":{"allow":["GET"]}}],"collection":[{"href":"https:\/\/radiolitoral.com\/ca\/wp-json\/wp\/v2\/posts"}],"about":[{"href":"https:\/\/radiolitoral.com\/ca\/wp-json\/wp\/v2\/types\/post"}],"author":[{"embeddable":true,"href":"https:\/\/radiolitoral.com\/ca\/wp-json\/wp\/v2\/users\/14"}],"replies":[{"embeddable":true,"href":"https:\/\/radiolitoral.com\/ca\/wp-json\/wp\/v2\/comments?post=20000"}],"version-history":[{"count":1,"href":"https:\/\/radiolitoral.com\/ca\/wp-json\/wp\/v2\/posts\/20000\/revisions"}],"predecessor-version":[{"id":20004,"href":"https:\/\/radiolitoral.com\/ca\/wp-json\/wp\/v2\/posts\/20000\/revisions\/20004"}],"wp:featuredmedia":[{"embeddable":true,"href":"https:\/\/radiolitoral.com\/ca\/wp-json\/wp\/v2\/media\/20003"}],"wp:attachment":[{"href":"https:\/\/radiolitoral.com\/ca\/wp-json\/wp\/v2\/media?parent=20000"}],"wp:term":[{"taxonomy":"category","embeddable":true,"href":"https:\/\/radiolitoral.com\/ca\/wp-json\/wp\/v2\/categories?post=20000"},{"taxonomy":"post_tag","embeddable":true,"href":"https:\/\/radiolitoral.com\/ca\/wp-json\/wp\/v2\/tags?post=20000"}],"curies":[{"name":"wp","href":"https:\/\/api.w.org\/{rel}","templated":true}]}}