{"id":19995,"date":"2026-03-09T11:11:14","date_gmt":"2026-03-09T10:11:14","guid":{"rendered":"https:\/\/radiolitoral.com\/?p=19995"},"modified":"2026-03-09T11:11:14","modified_gmt":"2026-03-09T10:11:14","slug":"triomfs-del-fb-teulada-i-enganxo-cf-a-primera-ffcv","status":"publish","type":"post","link":"https:\/\/radiolitoral.com\/ca\/2026\/03\/triunfos-del-fb-teulada-y-pego-cf-en-primera-ffcv\/","title":{"rendered":"Triomfs de l&#039;FB Teulada i Pego CF a Primera FFCV"},"content":{"rendered":"<p>La jornada a <strong data-start=\"168\" data-end=\"184\">Primera FFCV<\/strong> va deixar resultats dispars per als equips de la <strong data-start=\"233\" data-end=\"248\">Marina Alta<\/strong>. El <strong data-start=\"253\" data-end=\"265\">CD D\u00e9nia<\/strong> va patir una inesperada derrota a casa davant el <strong data-start=\"312\" data-end=\"327\">Algemes\u00ed CF<\/strong> (0-1), mentre que el <strong data-start=\"351\" data-end=\"362\">Pego CF<\/strong> va tornar al cam\u00ed de la vict\u00f2ria davant <strong data-start=\"406\" data-end=\"419\">L&#039;Alc\u00fadia<\/strong> (2-0) i el <strong data-start=\"431\" data-end=\"445\">FB Teulada<\/strong> va aconseguir un important triomf a domicili davant del <strong data-start=\"494\" data-end=\"508\">Algorfa CF<\/strong> (1-2).<\/p>\n<h4>Algorfa CF 1 FB Teulada 2<\/h4>\n<p data-start=\"2765\" data-end=\"3036\">Al <strong data-start=\"2771\" data-end=\"2783\">grup IV<\/strong>, el <strong data-start=\"2788\" data-end=\"2802\">FB Teulada<\/strong> va aconseguir una valuosa vict\u00f2ria a domicili en imposar-se per <strong data-start=\"2859\" data-end=\"2866\">1-2<\/strong> al <strong data-start=\"2870\" data-end=\"2884\">Algorfa CF<\/strong>. El partit va comen\u00e7ar amb domini local i l&#039;Algorfa va aconseguir avan\u00e7ar-se al marcador, cosa que va deixar tocats els visitants durant la primera meitat.<\/p>\n<p data-start=\"3038\" data-end=\"3346\">Despr\u00e9s del descans, el Teulada va reaccionar i va aconseguir empatar gr\u00e0cies a un <strong data-start=\"3106\" data-end=\"3138\">autogol d&#039;un defensor local<\/strong>. Quan el partit semblava encaminat a l&#039;empat, va apar\u00e8ixer <strong data-start=\"3197\" data-end=\"3206\">Tormo<\/strong>, que mancant <strong data-start=\"3223\" data-end=\"3239\">vuit minuts<\/strong> per al final va marcar el gol de la vict\u00f2ria i va donar tres punts molt importants al conjunt de la Marina Alta.<\/p>\n<h4>CD D\u00e9nia 0 \u2013 Algemes\u00ed CF 1<\/h4>\n<p data-start=\"574\" data-end=\"921\">El <strong data-start=\"577\" data-end=\"589\">CD D\u00e9nia<\/strong> va signar una de les seves jornades m\u00e9s discretes del campionat en caure per <strong data-start=\"657\" data-end=\"664\">0-1<\/strong> davant el <strong data-start=\"673\" data-end=\"688\">Algemes\u00ed CF<\/strong> al <strong data-start=\"695\" data-end=\"715\">camp Diego Mena<\/strong>. El matx va comen\u00e7ar amb un ritme molt baix, marcat per constants interrupcions i les lesions del porter visitant i del central denier <strong data-start=\"859\" data-end=\"869\">Arthur<\/strong>, cosa que va impedir que el partit tingu\u00e9s continu\u00eftat.<\/p>\n<p data-start=\"923\" data-end=\"1204\">Les primeres ocasions van ser per als visitants, encara que sense encert en les rematades. La millor oportunitat del D\u00e9nia va arribar en un xut ras de <strong data-start=\"1068\" data-end=\"1076\">Izan<\/strong>, que va superar el porter rival per\u00f2 va acabar estavellant-se al pal despr\u00e9s de rec\u00f3rrer la l\u00ednia de gol sense arribar a entrar.<\/p>\n<p data-start=\"1206\" data-end=\"1503\">Despr\u00e9s del descans, l&#039;equip dirigit per <strong data-start=\"1247\" data-end=\"1260\">Jos\u00e9 Cabe<\/strong> va continuar mostrant dificultats per trobar el gol davant un rival que va tallar el ritme del joc amb nombroses faltes. El moment clau del partit va arribar amb el <strong data-start=\"1420\" data-end=\"1451\">penal fallat per Panucci<\/strong>, el llan\u00e7ament del qual es va marxar fora fregant el pal.<\/p>\n<p data-start=\"1505\" data-end=\"1824\">A partir d&#039;aqu\u00ed, les presses es van apoderar dels locals i la situaci\u00f3 es va complicar encara m\u00e9s amb la <strong data-start=\"1604\" data-end=\"1626\">expulsi\u00f3 d&#039;\u00d3scar<\/strong> per doble groga. Als minuts finals, l&#039;Algemes\u00ed va mostrar m\u00e9s ambici\u00f3 ofensiva. Despr\u00e9s d&#039;un gol anul\u00b7lat pr\u00e8viament, <strong data-start=\"1748\" data-end=\"1759\">Cervera<\/strong> va encertar en la seg\u00fcent jugada per marcar el <strong data-start=\"1805\" data-end=\"1812\">0-1<\/strong> definitiu.<\/p>\n<p data-start=\"1505\" data-end=\"1824\">Al temps afegit el D\u00e9nia va buscar l&#039;empat amb m\u00e9s cor que ordre, per\u00f2 sense \u00e8xit. Aquesta derrota, sumada a altres resultats de la jornada, deixa el conjunt denier <strong data-start=\"1996\" data-end=\"2027\">segon a la classificaci\u00f3<\/strong>, empatat a punts amb el nou l\u00edder, el <strong data-start=\"2070\" data-end=\"2083\">CF Gandia<\/strong>.<\/p>\n<h4 data-start=\"1505\" data-end=\"1824\">Pego CF 2 \u2013 UD L&#039;Alc\u00fadia 0<\/h4>\n<p data-start=\"2119\" data-end=\"2396\">Qui s\u00ed que va aconseguir una vict\u00f2ria convincent va ser el <strong data-start=\"2166\" data-end=\"2177\">Pego CF<\/strong>, que va superar amb claredat a <strong data-start=\"2205\" data-end=\"2218\">L&#039;Alc\u00fadia<\/strong> per <strong data-start=\"2223\" data-end=\"2230\">2-0<\/strong>. Els de <strong data-start=\"2239\" data-end=\"2254\">Javi Signes<\/strong> van sortir molt intensos i aviat van encarrilar el partit. Al <strong data-start=\"2317\" data-end=\"2330\">minut 15<\/strong>, <strong data-start=\"2332\" data-end=\"2341\">Arnau<\/strong> va obrir el marcador i va deixar tocat el conjunt visitant.<\/p>\n<p data-start=\"2398\" data-end=\"2715\">Poc despr\u00e9s va arribar el <strong data-start=\"2420\" data-end=\"2427\">2-0<\/strong>, obra de <strong data-start=\"2437\" data-end=\"2450\">Pere Cots<\/strong>, que pr\u00e0cticament va sentenciar el matx abans del descans. A la segona meitat, el t\u00e8cnic visitant va intentar reaccionar amb canvis per donar m\u00e9s dinamisme al seu equip, per\u00f2 el <strong data-start=\"2630\" data-end=\"2638\">Pego<\/strong> va mantenir el control del joc i no va passar problemes per assegurar els tres punts.<\/p>\n<p>&nbsp;<\/p>\n<p><script src=\"chrome-extension:\/\/flbolonkboilcbnohjlchlfgdalomdpl\/iFrame.js\" type=\"text\/javascript\"><\/script><\/p>","protected":false},"excerpt":{"rendered":"<p>La jornada en Primera FFCV dej\u00f3 resultados dispares para los equipos de la Marina Alta. El CD D\u00e9nia sufri\u00f3 una inesperada derrota en casa ante el Algemes\u00ed CF (0-1), mientras que el Pego CF regres\u00f3 a la senda de la victoria frente a L\u2019Alcudia (2-0) y el FB Teulada logr\u00f3 un importante triunfo a domicilio [&#8230;]<\/p>\n<p><a class=\"btn btn-secondary understrap-read-more-link\" href=\"https:\/\/radiolitoral.com\/ca\/2026\/03\/triunfos-del-fb-teulada-y-pego-cf-en-primera-ffcv\/\">Continua llegint&#8230;<span class=\"screen-reader-text\"> from Triunfos del FB Teulada y Pego CF en Primera FFCV<\/span><\/a><\/p>\n","protected":false},"author":12,"featured_media":19996,"comment_status":"open","ping_status":"closed","sticky":false,"template":"","format":"standard","meta":{"_acf_changed":false,"inline_featured_image":false,"footnotes":""},"categories":[1],"tags":[],"class_list":["post-19995","post","type-post","status-publish","format-standard","has-post-thumbnail","hentry","category-uncategorized","cobertura-denia","cobertura-pego","cobertura-teulada-moraira"],"acf":[],"yoast_head":"<!-- This site is optimized with the Yoast SEO plugin v27.5 - https:\/\/yoast.com\/product\/yoast-seo-wordpress\/ -->\n<title>Triunfos del FB Teulada y Pego CF en Primera FFCV | R\u00e0dio Litoral<\/title>\n<meta name=\"description\" content=\"Lo peor de la jornada fue la derrota en casa del CD D\u00e9nia que deja a los dianenses sin lideratoLo peor de la jornada fue la derrota en casa del CD D\u00e9nia que deja a los dianenses sin liderato\" \/>\n<meta name=\"robots\" content=\"index, follow, max-snippet:-1, max-image-preview:large, max-video-preview:-1\" \/>\n<link rel=\"canonical\" href=\"https:\/\/radiolitoral.com\/ca\/2026\/03\/triomfs-del-fb-teulada-i-enganxo-cf-a-primera-ffcv\/\" \/>\n<meta property=\"og:locale\" content=\"ca_ES\" \/>\n<meta property=\"og:type\" content=\"article\" \/>\n<meta property=\"og:title\" content=\"Triunfos del FB Teulada y Pego CF en Primera FFCV | R\u00e0dio Litoral\" \/>\n<meta property=\"og:description\" content=\"Lo peor de la jornada fue la derrota en casa del CD D\u00e9nia que deja a los dianenses sin lideratoLo peor de la jornada fue la derrota en casa del CD D\u00e9nia que deja a los dianenses sin liderato\" \/>\n<meta property=\"og:url\" content=\"https:\/\/radiolitoral.com\/ca\/2026\/03\/triomfs-del-fb-teulada-i-enganxo-cf-a-primera-ffcv\/\" \/>\n<meta property=\"og:site_name\" content=\"R\u00e0dio Litoral\" \/>\n<meta property=\"article:publisher\" content=\"https:\/\/www.facebook.com\/Laradiolitoral\/\" \/>\n<meta property=\"article:published_time\" content=\"2026-03-09T10:11:14+00:00\" \/>\n<meta property=\"og:image\" content=\"https:\/\/media.radiolitoral.com\/wp-content\/uploads\/2026\/03\/09111022\/Un-partido-del-FB-Teulada.jpg\" \/>\n\t<meta property=\"og:image:width\" content=\"2048\" \/>\n\t<meta property=\"og:image:height\" content=\"1366\" \/>\n\t<meta property=\"og:image:type\" content=\"image\/jpeg\" \/>\n<meta name=\"author\" content=\"Javier Zamora\" \/>\n<meta name=\"twitter:card\" content=\"summary_large_image\" \/>\n<meta name=\"twitter:label1\" content=\"Escrit per\" \/>\n\t<meta name=\"twitter:data1\" content=\"Javier Zamora\" \/>\n\t<meta name=\"twitter:label2\" content=\"Temps estimat de lectura\" \/>\n\t<meta name=\"twitter:data2\" content=\"3 minuts\" \/>\n<script type=\"application\/ld+json\" class=\"yoast-schema-graph\">{\"@context\":\"https:\\\/\\\/schema.org\",\"@graph\":[{\"@type\":\"NewsArticle\",\"@id\":\"https:\\\/\\\/radiolitoral.com\\\/2026\\\/03\\\/triunfos-del-fb-teulada-y-pego-cf-en-primera-ffcv\\\/#article\",\"isPartOf\":{\"@id\":\"https:\\\/\\\/radiolitoral.com\\\/2026\\\/03\\\/triunfos-del-fb-teulada-y-pego-cf-en-primera-ffcv\\\/\"},\"author\":{\"name\":\"Javier Zamora\",\"@id\":\"https:\\\/\\\/radiolitoral.com\\\/#\\\/schema\\\/person\\\/7b1480b5caeb5acdd4ec6379caf62b22\"},\"headline\":\"Triunfos del FB Teulada y Pego CF en Primera FFCV\",\"datePublished\":\"2026-03-09T10:11:14+00:00\",\"mainEntityOfPage\":{\"@id\":\"https:\\\/\\\/radiolitoral.com\\\/2026\\\/03\\\/triunfos-del-fb-teulada-y-pego-cf-en-primera-ffcv\\\/\"},\"wordCount\":554,\"commentCount\":0,\"publisher\":{\"@id\":\"https:\\\/\\\/radiolitoral.com\\\/#organization\"},\"image\":{\"@id\":\"https:\\\/\\\/radiolitoral.com\\\/2026\\\/03\\\/triunfos-del-fb-teulada-y-pego-cf-en-primera-ffcv\\\/#primaryimage\"},\"thumbnailUrl\":\"https:\\\/\\\/media.radiolitoral.com\\\/wp-content\\\/uploads\\\/2026\\\/03\\\/09111022\\\/Un-partido-del-FB-Teulada.jpg\",\"articleSection\":[\"Uncategorized\"],\"inLanguage\":\"ca\",\"potentialAction\":[{\"@type\":\"CommentAction\",\"name\":\"Comment\",\"target\":[\"https:\\\/\\\/radiolitoral.com\\\/2026\\\/03\\\/triunfos-del-fb-teulada-y-pego-cf-en-primera-ffcv\\\/#respond\"]}]},{\"@type\":[\"WebPage\",\"ItemPage\"],\"@id\":\"https:\\\/\\\/radiolitoral.com\\\/2026\\\/03\\\/triunfos-del-fb-teulada-y-pego-cf-en-primera-ffcv\\\/\",\"url\":\"https:\\\/\\\/radiolitoral.com\\\/2026\\\/03\\\/triunfos-del-fb-teulada-y-pego-cf-en-primera-ffcv\\\/\",\"name\":\"Triunfos del FB Teulada y Pego CF en Primera FFCV | R\u00e0dio Litoral\",\"isPartOf\":{\"@id\":\"https:\\\/\\\/radiolitoral.com\\\/#website\"},\"primaryImageOfPage\":{\"@id\":\"https:\\\/\\\/radiolitoral.com\\\/2026\\\/03\\\/triunfos-del-fb-teulada-y-pego-cf-en-primera-ffcv\\\/#primaryimage\"},\"image\":{\"@id\":\"https:\\\/\\\/radiolitoral.com\\\/2026\\\/03\\\/triunfos-del-fb-teulada-y-pego-cf-en-primera-ffcv\\\/#primaryimage\"},\"thumbnailUrl\":\"https:\\\/\\\/media.radiolitoral.com\\\/wp-content\\\/uploads\\\/2026\\\/03\\\/09111022\\\/Un-partido-del-FB-Teulada.jpg\",\"datePublished\":\"2026-03-09T10:11:14+00:00\",\"description\":\"Lo peor de la jornada fue la derrota en casa del CD D\u00e9nia que deja a los dianenses sin lideratoLo peor de la jornada fue la derrota en casa del CD D\u00e9nia que deja a los dianenses sin liderato\",\"breadcrumb\":{\"@id\":\"https:\\\/\\\/radiolitoral.com\\\/2026\\\/03\\\/triunfos-del-fb-teulada-y-pego-cf-en-primera-ffcv\\\/#breadcrumb\"},\"inLanguage\":\"ca\",\"potentialAction\":[{\"@type\":\"ReadAction\",\"target\":[\"https:\\\/\\\/radiolitoral.com\\\/2026\\\/03\\\/triunfos-del-fb-teulada-y-pego-cf-en-primera-ffcv\\\/\"]}]},{\"@type\":\"ImageObject\",\"inLanguage\":\"ca\",\"@id\":\"https:\\\/\\\/radiolitoral.com\\\/2026\\\/03\\\/triunfos-del-fb-teulada-y-pego-cf-en-primera-ffcv\\\/#primaryimage\",\"url\":\"https:\\\/\\\/media.radiolitoral.com\\\/wp-content\\\/uploads\\\/2026\\\/03\\\/09111022\\\/Un-partido-del-FB-Teulada.jpg\",\"contentUrl\":\"https:\\\/\\\/media.radiolitoral.com\\\/wp-content\\\/uploads\\\/2026\\\/03\\\/09111022\\\/Un-partido-del-FB-Teulada.jpg\",\"width\":2048,\"height\":1366},{\"@type\":\"BreadcrumbList\",\"@id\":\"https:\\\/\\\/radiolitoral.com\\\/2026\\\/03\\\/triunfos-del-fb-teulada-y-pego-cf-en-primera-ffcv\\\/#breadcrumb\",\"itemListElement\":[{\"@type\":\"ListItem\",\"position\":1,\"name\":\"Portada\",\"item\":\"https:\\\/\\\/radiolitoral.com\\\/\"},{\"@type\":\"ListItem\",\"position\":2,\"name\":\"Triunfos del FB Teulada y Pego CF en Primera FFCV\"}]},{\"@type\":\"WebSite\",\"@id\":\"https:\\\/\\\/radiolitoral.com\\\/#website\",\"url\":\"https:\\\/\\\/radiolitoral.com\\\/\",\"name\":\"Radio Litoral\",\"description\":\"La radio local de la Marina Alta\",\"publisher\":{\"@id\":\"https:\\\/\\\/radiolitoral.com\\\/#organization\"},\"alternateName\":\"Litoral FM\",\"potentialAction\":[{\"@type\":\"SearchAction\",\"target\":{\"@type\":\"EntryPoint\",\"urlTemplate\":\"https:\\\/\\\/radiolitoral.com\\\/?s={search_term_string}\"},\"query-input\":{\"@type\":\"PropertyValueSpecification\",\"valueRequired\":true,\"valueName\":\"search_term_string\"}}],\"inLanguage\":\"ca\"},{\"@type\":\"Organization\",\"@id\":\"https:\\\/\\\/radiolitoral.com\\\/#organization\",\"name\":\"Radio Litoral\",\"url\":\"https:\\\/\\\/radiolitoral.com\\\/\",\"logo\":{\"@type\":\"ImageObject\",\"inLanguage\":\"ca\",\"@id\":\"https:\\\/\\\/radiolitoral.com\\\/#\\\/schema\\\/logo\\\/image\\\/\",\"url\":\"https:\\\/\\\/media.radiolitoral.com\\\/wp-content\\\/uploads\\\/2023\\\/02\\\/24143238\\\/CL-V-RadioLitoral696.png\",\"contentUrl\":\"https:\\\/\\\/media.radiolitoral.com\\\/wp-content\\\/uploads\\\/2023\\\/02\\\/24143238\\\/CL-V-RadioLitoral696.png\",\"width\":696,\"height\":696,\"caption\":\"Radio Litoral\"},\"image\":{\"@id\":\"https:\\\/\\\/radiolitoral.com\\\/#\\\/schema\\\/logo\\\/image\\\/\"},\"sameAs\":[\"https:\\\/\\\/www.facebook.com\\\/Laradiolitoral\\\/\"]},{\"@type\":\"Person\",\"@id\":\"https:\\\/\\\/radiolitoral.com\\\/#\\\/schema\\\/person\\\/7b1480b5caeb5acdd4ec6379caf62b22\",\"name\":\"Javier Zamora\",\"image\":{\"@type\":\"ImageObject\",\"inLanguage\":\"ca\",\"@id\":\"https:\\\/\\\/secure.gravatar.com\\\/avatar\\\/467a11f6918c7d619c4043fc6fa2d3853053107973f05b6e9c04ea6c4e3a7b3f?s=96&d=mm&r=g\",\"url\":\"https:\\\/\\\/secure.gravatar.com\\\/avatar\\\/467a11f6918c7d619c4043fc6fa2d3853053107973f05b6e9c04ea6c4e3a7b3f?s=96&d=mm&r=g\",\"contentUrl\":\"https:\\\/\\\/secure.gravatar.com\\\/avatar\\\/467a11f6918c7d619c4043fc6fa2d3853053107973f05b6e9c04ea6c4e3a7b3f?s=96&d=mm&r=g\",\"caption\":\"Javier Zamora\"},\"url\":\"https:\\\/\\\/radiolitoral.com\\\/ca\\\/author\\\/javier-zamora\\\/\"}]}<\/script>\n<!-- \/ Yoast SEO plugin. -->","yoast_head_json":{"title":"Triomfs de l&#039;FB Teulada i Pego CF a Primera FFCV | R\u00e0dio Litoral","description":"El pitjor de la jornada va ser la derrota a casa del CD D\u00e9nia que deixa els dianencs sense lideratgeEl pitjor de la jornada va ser la derrota a casa del CD D\u00e9nia que deixa els dianencs sense lideratge","robots":{"index":"index","follow":"follow","max-snippet":"max-snippet:-1","max-image-preview":"max-image-preview:large","max-video-preview":"max-video-preview:-1"},"canonical":"https:\/\/radiolitoral.com\/ca\/2026\/03\/triomfs-del-fb-teulada-i-enganxo-cf-a-primera-ffcv\/","og_locale":"ca_ES","og_type":"article","og_title":"Triunfos del FB Teulada y Pego CF en Primera FFCV | R\u00e0dio Litoral","og_description":"Lo peor de la jornada fue la derrota en casa del CD D\u00e9nia que deja a los dianenses sin lideratoLo peor de la jornada fue la derrota en casa del CD D\u00e9nia que deja a los dianenses sin liderato","og_url":"https:\/\/radiolitoral.com\/ca\/2026\/03\/triomfs-del-fb-teulada-i-enganxo-cf-a-primera-ffcv\/","og_site_name":"R\u00e0dio Litoral","article_publisher":"https:\/\/www.facebook.com\/Laradiolitoral\/","article_published_time":"2026-03-09T10:11:14+00:00","og_image":[{"width":2048,"height":1366,"url":"https:\/\/media.radiolitoral.com\/wp-content\/uploads\/2026\/03\/09111022\/Un-partido-del-FB-Teulada.jpg","type":"image\/jpeg"}],"author":"Javier Zamora","twitter_card":"summary_large_image","twitter_misc":{"Escrit per":"Javier Zamora","Temps estimat de lectura":"3 minuts"},"schema":{"@context":"https:\/\/schema.org","@graph":[{"@type":"NewsArticle","@id":"https:\/\/radiolitoral.com\/2026\/03\/triunfos-del-fb-teulada-y-pego-cf-en-primera-ffcv\/#article","isPartOf":{"@id":"https:\/\/radiolitoral.com\/2026\/03\/triunfos-del-fb-teulada-y-pego-cf-en-primera-ffcv\/"},"author":{"name":"Javier Zamora","@id":"https:\/\/radiolitoral.com\/#\/schema\/person\/7b1480b5caeb5acdd4ec6379caf62b22"},"headline":"Triunfos del FB Teulada y Pego CF en Primera FFCV","datePublished":"2026-03-09T10:11:14+00:00","mainEntityOfPage":{"@id":"https:\/\/radiolitoral.com\/2026\/03\/triunfos-del-fb-teulada-y-pego-cf-en-primera-ffcv\/"},"wordCount":554,"commentCount":0,"publisher":{"@id":"https:\/\/radiolitoral.com\/#organization"},"image":{"@id":"https:\/\/radiolitoral.com\/2026\/03\/triunfos-del-fb-teulada-y-pego-cf-en-primera-ffcv\/#primaryimage"},"thumbnailUrl":"https:\/\/media.radiolitoral.com\/wp-content\/uploads\/2026\/03\/09111022\/Un-partido-del-FB-Teulada.jpg","articleSection":["Uncategorized"],"inLanguage":"ca","potentialAction":[{"@type":"CommentAction","name":"Comment","target":["https:\/\/radiolitoral.com\/2026\/03\/triunfos-del-fb-teulada-y-pego-cf-en-primera-ffcv\/#respond"]}]},{"@type":["WebPage","ItemPage"],"@id":"https:\/\/radiolitoral.com\/2026\/03\/triunfos-del-fb-teulada-y-pego-cf-en-primera-ffcv\/","url":"https:\/\/radiolitoral.com\/2026\/03\/triunfos-del-fb-teulada-y-pego-cf-en-primera-ffcv\/","name":"Triomfs de l&#039;FB Teulada i Pego CF a Primera FFCV | R\u00e0dio Litoral","isPartOf":{"@id":"https:\/\/radiolitoral.com\/#website"},"primaryImageOfPage":{"@id":"https:\/\/radiolitoral.com\/2026\/03\/triunfos-del-fb-teulada-y-pego-cf-en-primera-ffcv\/#primaryimage"},"image":{"@id":"https:\/\/radiolitoral.com\/2026\/03\/triunfos-del-fb-teulada-y-pego-cf-en-primera-ffcv\/#primaryimage"},"thumbnailUrl":"https:\/\/media.radiolitoral.com\/wp-content\/uploads\/2026\/03\/09111022\/Un-partido-del-FB-Teulada.jpg","datePublished":"2026-03-09T10:11:14+00:00","description":"El pitjor de la jornada va ser la derrota a casa del CD D\u00e9nia que deixa els dianencs sense lideratgeEl pitjor de la jornada va ser la derrota a casa del CD D\u00e9nia que deixa els dianencs sense lideratge","breadcrumb":{"@id":"https:\/\/radiolitoral.com\/2026\/03\/triunfos-del-fb-teulada-y-pego-cf-en-primera-ffcv\/#breadcrumb"},"inLanguage":"ca","potentialAction":[{"@type":"ReadAction","target":["https:\/\/radiolitoral.com\/2026\/03\/triunfos-del-fb-teulada-y-pego-cf-en-primera-ffcv\/"]}]},{"@type":"ImageObject","inLanguage":"ca","@id":"https:\/\/radiolitoral.com\/2026\/03\/triunfos-del-fb-teulada-y-pego-cf-en-primera-ffcv\/#primaryimage","url":"https:\/\/media.radiolitoral.com\/wp-content\/uploads\/2026\/03\/09111022\/Un-partido-del-FB-Teulada.jpg","contentUrl":"https:\/\/media.radiolitoral.com\/wp-content\/uploads\/2026\/03\/09111022\/Un-partido-del-FB-Teulada.jpg","width":2048,"height":1366},{"@type":"BreadcrumbList","@id":"https:\/\/radiolitoral.com\/2026\/03\/triunfos-del-fb-teulada-y-pego-cf-en-primera-ffcv\/#breadcrumb","itemListElement":[{"@type":"ListItem","position":1,"name":"Portada","item":"https:\/\/radiolitoral.com\/"},{"@type":"ListItem","position":2,"name":"Triunfos del FB Teulada y Pego CF en Primera FFCV"}]},{"@type":"WebSite","@id":"https:\/\/radiolitoral.com\/#website","url":"https:\/\/radiolitoral.com\/","name":"R\u00e0dio Litoral","description":"La r\u00e0dio local de la Marina Alta","publisher":{"@id":"https:\/\/radiolitoral.com\/#organization"},"alternateName":"Litoral FM","potentialAction":[{"@type":"SearchAction","target":{"@type":"EntryPoint","urlTemplate":"https:\/\/radiolitoral.com\/?s={search_term_string}"},"query-input":{"@type":"PropertyValueSpecification","valueRequired":true,"valueName":"search_term_string"}}],"inLanguage":"ca"},{"@type":"Organization","@id":"https:\/\/radiolitoral.com\/#organization","name":"R\u00e0dio Litoral","url":"https:\/\/radiolitoral.com\/","logo":{"@type":"ImageObject","inLanguage":"ca","@id":"https:\/\/radiolitoral.com\/#\/schema\/logo\/image\/","url":"https:\/\/media.radiolitoral.com\/wp-content\/uploads\/2023\/02\/24143238\/CL-V-RadioLitoral696.png","contentUrl":"https:\/\/media.radiolitoral.com\/wp-content\/uploads\/2023\/02\/24143238\/CL-V-RadioLitoral696.png","width":696,"height":696,"caption":"Radio Litoral"},"image":{"@id":"https:\/\/radiolitoral.com\/#\/schema\/logo\/image\/"},"sameAs":["https:\/\/www.facebook.com\/Laradiolitoral\/"]},{"@type":"Person","@id":"https:\/\/radiolitoral.com\/#\/schema\/person\/7b1480b5caeb5acdd4ec6379caf62b22","name":"Javier Zamora","image":{"@type":"ImageObject","inLanguage":"ca","@id":"https:\/\/secure.gravatar.com\/avatar\/467a11f6918c7d619c4043fc6fa2d3853053107973f05b6e9c04ea6c4e3a7b3f?s=96&d=mm&r=g","url":"https:\/\/secure.gravatar.com\/avatar\/467a11f6918c7d619c4043fc6fa2d3853053107973f05b6e9c04ea6c4e3a7b3f?s=96&d=mm&r=g","contentUrl":"https:\/\/secure.gravatar.com\/avatar\/467a11f6918c7d619c4043fc6fa2d3853053107973f05b6e9c04ea6c4e3a7b3f?s=96&d=mm&r=g","caption":"Javier Zamora"},"url":"https:\/\/radiolitoral.com\/ca\/author\/javier-zamora\/"}]}},"_links":{"self":[{"href":"https:\/\/radiolitoral.com\/ca\/wp-json\/wp\/v2\/posts\/19995","targetHints":{"allow":["GET"]}}],"collection":[{"href":"https:\/\/radiolitoral.com\/ca\/wp-json\/wp\/v2\/posts"}],"about":[{"href":"https:\/\/radiolitoral.com\/ca\/wp-json\/wp\/v2\/types\/post"}],"author":[{"embeddable":true,"href":"https:\/\/radiolitoral.com\/ca\/wp-json\/wp\/v2\/users\/12"}],"replies":[{"embeddable":true,"href":"https:\/\/radiolitoral.com\/ca\/wp-json\/wp\/v2\/comments?post=19995"}],"version-history":[{"count":2,"href":"https:\/\/radiolitoral.com\/ca\/wp-json\/wp\/v2\/posts\/19995\/revisions"}],"predecessor-version":[{"id":19998,"href":"https:\/\/radiolitoral.com\/ca\/wp-json\/wp\/v2\/posts\/19995\/revisions\/19998"}],"wp:featuredmedia":[{"embeddable":true,"href":"https:\/\/radiolitoral.com\/ca\/wp-json\/wp\/v2\/media\/19996"}],"wp:attachment":[{"href":"https:\/\/radiolitoral.com\/ca\/wp-json\/wp\/v2\/media?parent=19995"}],"wp:term":[{"taxonomy":"category","embeddable":true,"href":"https:\/\/radiolitoral.com\/ca\/wp-json\/wp\/v2\/categories?post=19995"},{"taxonomy":"post_tag","embeddable":true,"href":"https:\/\/radiolitoral.com\/ca\/wp-json\/wp\/v2\/tags?post=19995"}],"curies":[{"name":"wp","href":"https:\/\/api.w.org\/{rel}","templated":true}]}}