{"id":1999,"date":"2023-04-05T15:52:01","date_gmt":"2023-04-05T13:52:01","guid":{"rendered":"https:\/\/radiolitoral.com\/?p=1999"},"modified":"2023-04-05T15:53:55","modified_gmt":"2023-04-05T13:53:55","slug":"benitatxell-compta-amb-9-milions-per-a-subvencions-de-noves-infraestructures","status":"publish","type":"post","link":"https:\/\/radiolitoral.com\/ca\/2023\/04\/benitatxell-cuenta-con-9-millones-para-subvenciones-de-nuevas-infraestructuras\/","title":{"rendered":"Benitatxell compta amb 9 milions per a subvencions de noves infraestructures"},"content":{"rendered":"<p><strong>El Poble Nou de Benitatxell acumula 9,1 milions d&#039;euros en subvencions per a noves infraestructures, quantitat que suposa 1,5 milions m\u00e9s que el pressupost anual<\/strong>, segons indiquen fonts municipals.<\/p>\n<p>Des de l&#039;ajuntament expliquen que amb aquest finan\u00e7ament, arribada a trav\u00e9s de fons europeus del Govern, la Generalitat o la Diputaci\u00f3, es duran a terme projectes com ara <strong>Pla de Sostenibilitat Tur\u00edstica, la rehabilitaci\u00f3 del Mercat Municipal, la pla\u00e7a de les Pesqueres o la renovaci\u00f3 de l&#039;enllumenat<\/strong>, entre altres actuacions.<\/p>\n<p>Des de l&#039;executiu local, el <strong>alcalde, Miguel \u00c1ngel Garc\u00eda<\/strong>, remarca que es tracta d&#039;una quantiosa quantitat tenint en compte la mida de la localitat, de menys de 5.000 habitants, i els seus recursos humans limitats. I destaca que s&#039;ha fet un gran esfor\u00e7 per intentar buscar finan\u00e7ament extra i acabar amb el d\u00e8ficit hist\u00f2ric d&#039;infraestructures que t\u00e9 la localitat.<\/p>\n<audio class=\"wp-audio-shortcode\" id=\"audio-1999-1\" preload=\"none\" style=\"width: 100%;\" controls=\"controls\"><source type=\"audio\/mpeg\" src=\"https:\/\/media.radiolitoral.com\/wp-content\/uploads\/2023\/04\/05154656\/Miguel-Angel-1.mp3?_=1\" \/><a href=\"https:\/\/media.radiolitoral.com\/wp-content\/uploads\/2023\/04\/05154656\/Miguel-Angel-1.mp3\">https:\/\/media.radiolitoral.com\/wp-content\/uploads\/2023\/04\/05154656\/Miguel-Angel-1.mp3<\/a><\/audio>\n<p>Cal destacar, entre totes les subvencions, la m\u00e9s quantiosa. L&#039;Ajuntament ha rebut la confirmaci\u00f3 de m\u00e9s de 2,4 milions d&#039;euros procedents de la segona convocat\u00f2ria del programa de Plans de Sostenibilitat Tur\u00edstica a Destinacions. En concret, el projecte contempla un total de <strong>25 actuacions, entre les quals destaquen una via ferrada, la muse\u00eftzaci\u00f3 de la Cova de les Morretes, la recuperaci\u00f3 d&#039;una pesquera, la instal\u00b7laci\u00f3 de boies de fondeig ecol\u00f2gic o una nova l\u00ednia d&#039;autob\u00fas el\u00e8ctric que connecti Cimera del Sol amb el centre urb\u00e0<\/strong>.<\/p>","protected":false},"excerpt":{"rendered":"<p>El Poble Nou de Benitatxell acumula 9,1 millones de euros en subvenciones para nuevas infraestructuras, cantidad que supone 1,5 millones m\u00e1s que su presupuesto anual, seg\u00fan indican fuentes municipales. Desde el ayuntamiento explican que con esta financiaci\u00f3n, llegada a trav\u00e9s de fondos europeos del Gobierno, la Generalitat o la Diputaci\u00f3n, se llevar\u00e1n a cabo proyectos [&#8230;]<\/p>\n<p><a class=\"btn btn-secondary understrap-read-more-link\" href=\"https:\/\/radiolitoral.com\/ca\/2023\/04\/benitatxell-cuenta-con-9-millones-para-subvenciones-de-nuevas-infraestructuras\/\">Continua llegint&#8230;<span class=\"screen-reader-text\"> from Benitatxell cuenta con 9 millones para subvenciones de nuevas infraestructuras<\/span><\/a><\/p>\n","protected":false},"author":21,"featured_media":2001,"comment_status":"open","ping_status":"closed","sticky":false,"template":"","format":"standard","meta":{"_acf_changed":false,"inline_featured_image":false,"footnotes":""},"categories":[100],"tags":[184,161,453],"class_list":["post-1999","post","type-post","status-publish","format-standard","has-post-thumbnail","hentry","category-obras","tag-benitatxell","tag-elecciones-2023","tag-proyectos-benitatxell","cobertura-poble-nou-de-benitatxell"],"acf":[],"yoast_head":"<!-- This site is optimized with the Yoast SEO plugin v27.5 - https:\/\/yoast.com\/product\/yoast-seo-wordpress\/ -->\n<title>Benitatxell cuenta con 9 millones para subvenciones de nuevas infraestructuras | R\u00e0dio Litoral<\/title>\n<meta name=\"description\" content=\"Proyectos como el Plan de Sostenibilidad Tur\u00edstica, la rehabilitaci\u00f3n del Mercado Municipal o la plaza de les Pesqueres Proyectos como el Plan de Sostenibilidad Tur\u00edstica, la rehabilitaci\u00f3n del Mercado Municipal o la plaza de les Pesqueres\" \/>\n<meta name=\"robots\" content=\"index, follow, max-snippet:-1, max-image-preview:large, max-video-preview:-1\" \/>\n<link rel=\"canonical\" href=\"https:\/\/radiolitoral.com\/ca\/2023\/04\/benitatxell-compta-amb-9-milions-per-a-subvencions-de-noves-infraestructures\/\" \/>\n<meta property=\"og:locale\" content=\"ca_ES\" \/>\n<meta property=\"og:type\" content=\"article\" \/>\n<meta property=\"og:title\" content=\"Benitatxell cuenta con 9 millones para subvenciones de nuevas infraestructuras | R\u00e0dio Litoral\" \/>\n<meta property=\"og:description\" content=\"Proyectos como el Plan de Sostenibilidad Tur\u00edstica, la rehabilitaci\u00f3n del Mercado Municipal o la plaza de les Pesqueres Proyectos como el Plan de Sostenibilidad Tur\u00edstica, la rehabilitaci\u00f3n del Mercado Municipal o la plaza de les Pesqueres\" \/>\n<meta property=\"og:url\" content=\"https:\/\/radiolitoral.com\/ca\/2023\/04\/benitatxell-compta-amb-9-milions-per-a-subvencions-de-noves-infraestructures\/\" \/>\n<meta property=\"og:site_name\" content=\"R\u00e0dio Litoral\" \/>\n<meta property=\"article:publisher\" content=\"https:\/\/www.facebook.com\/Laradiolitoral\/\" \/>\n<meta property=\"article:published_time\" content=\"2023-04-05T13:52:01+00:00\" \/>\n<meta property=\"article:modified_time\" content=\"2023-04-05T13:53:55+00:00\" \/>\n<meta property=\"og:image\" content=\"https:\/\/media.radiolitoral.com\/wp-content\/uploads\/2023\/04\/05155151\/El_Poble_Nou-scaled.jpg\" \/>\n\t<meta property=\"og:image:width\" content=\"2560\" \/>\n\t<meta property=\"og:image:height\" content=\"1661\" \/>\n\t<meta property=\"og:image:type\" content=\"image\/jpeg\" \/>\n<meta name=\"author\" content=\"Mel Pescuezo\" \/>\n<meta name=\"twitter:card\" content=\"summary_large_image\" \/>\n<meta name=\"twitter:label1\" content=\"Escrit per\" \/>\n\t<meta name=\"twitter:data1\" content=\"Mel Pescuezo\" \/>\n\t<meta name=\"twitter:label2\" content=\"Temps estimat de lectura\" \/>\n\t<meta name=\"twitter:data2\" content=\"2 minuts\" \/>\n<script type=\"application\/ld+json\" class=\"yoast-schema-graph\">{\"@context\":\"https:\\\/\\\/schema.org\",\"@graph\":[{\"@type\":\"NewsArticle\",\"@id\":\"https:\\\/\\\/radiolitoral.com\\\/2023\\\/04\\\/benitatxell-cuenta-con-9-millones-para-subvenciones-de-nuevas-infraestructuras\\\/#article\",\"isPartOf\":{\"@id\":\"https:\\\/\\\/radiolitoral.com\\\/2023\\\/04\\\/benitatxell-cuenta-con-9-millones-para-subvenciones-de-nuevas-infraestructuras\\\/\"},\"author\":{\"name\":\"Mel Pescuezo\",\"@id\":\"https:\\\/\\\/radiolitoral.com\\\/#\\\/schema\\\/person\\\/aad4f72efa404f85b68e832d24cac059\"},\"headline\":\"Benitatxell cuenta con 9 millones para subvenciones de nuevas infraestructuras\",\"datePublished\":\"2023-04-05T13:52:01+00:00\",\"dateModified\":\"2023-04-05T13:53:55+00:00\",\"mainEntityOfPage\":{\"@id\":\"https:\\\/\\\/radiolitoral.com\\\/2023\\\/04\\\/benitatxell-cuenta-con-9-millones-para-subvenciones-de-nuevas-infraestructuras\\\/\"},\"wordCount\":269,\"commentCount\":0,\"publisher\":{\"@id\":\"https:\\\/\\\/radiolitoral.com\\\/#organization\"},\"image\":{\"@id\":\"https:\\\/\\\/radiolitoral.com\\\/2023\\\/04\\\/benitatxell-cuenta-con-9-millones-para-subvenciones-de-nuevas-infraestructuras\\\/#primaryimage\"},\"thumbnailUrl\":\"https:\\\/\\\/media.radiolitoral.com\\\/wp-content\\\/uploads\\\/2023\\\/04\\\/05155151\\\/El_Poble_Nou-scaled.jpg\",\"keywords\":[\"Benitatxell\",\"elecciones 2023\",\"proyectos Benitatxell\"],\"articleSection\":[\"Obras\"],\"inLanguage\":\"ca\",\"potentialAction\":[{\"@type\":\"CommentAction\",\"name\":\"Comment\",\"target\":[\"https:\\\/\\\/radiolitoral.com\\\/2023\\\/04\\\/benitatxell-cuenta-con-9-millones-para-subvenciones-de-nuevas-infraestructuras\\\/#respond\"]}]},{\"@type\":[\"WebPage\",\"ItemPage\"],\"@id\":\"https:\\\/\\\/radiolitoral.com\\\/2023\\\/04\\\/benitatxell-cuenta-con-9-millones-para-subvenciones-de-nuevas-infraestructuras\\\/\",\"url\":\"https:\\\/\\\/radiolitoral.com\\\/2023\\\/04\\\/benitatxell-cuenta-con-9-millones-para-subvenciones-de-nuevas-infraestructuras\\\/\",\"name\":\"Benitatxell cuenta con 9 millones para subvenciones de nuevas infraestructuras | R\u00e0dio Litoral\",\"isPartOf\":{\"@id\":\"https:\\\/\\\/radiolitoral.com\\\/#website\"},\"primaryImageOfPage\":{\"@id\":\"https:\\\/\\\/radiolitoral.com\\\/2023\\\/04\\\/benitatxell-cuenta-con-9-millones-para-subvenciones-de-nuevas-infraestructuras\\\/#primaryimage\"},\"image\":{\"@id\":\"https:\\\/\\\/radiolitoral.com\\\/2023\\\/04\\\/benitatxell-cuenta-con-9-millones-para-subvenciones-de-nuevas-infraestructuras\\\/#primaryimage\"},\"thumbnailUrl\":\"https:\\\/\\\/media.radiolitoral.com\\\/wp-content\\\/uploads\\\/2023\\\/04\\\/05155151\\\/El_Poble_Nou-scaled.jpg\",\"datePublished\":\"2023-04-05T13:52:01+00:00\",\"dateModified\":\"2023-04-05T13:53:55+00:00\",\"description\":\"Proyectos como el Plan de Sostenibilidad Tur\u00edstica, la rehabilitaci\u00f3n del Mercado Municipal o la plaza de les Pesqueres Proyectos como el Plan de Sostenibilidad Tur\u00edstica, la rehabilitaci\u00f3n del Mercado Municipal o la plaza de les Pesqueres\",\"breadcrumb\":{\"@id\":\"https:\\\/\\\/radiolitoral.com\\\/2023\\\/04\\\/benitatxell-cuenta-con-9-millones-para-subvenciones-de-nuevas-infraestructuras\\\/#breadcrumb\"},\"inLanguage\":\"ca\",\"potentialAction\":[{\"@type\":\"ReadAction\",\"target\":[\"https:\\\/\\\/radiolitoral.com\\\/2023\\\/04\\\/benitatxell-cuenta-con-9-millones-para-subvenciones-de-nuevas-infraestructuras\\\/\"]}]},{\"@type\":\"ImageObject\",\"inLanguage\":\"ca\",\"@id\":\"https:\\\/\\\/radiolitoral.com\\\/2023\\\/04\\\/benitatxell-cuenta-con-9-millones-para-subvenciones-de-nuevas-infraestructuras\\\/#primaryimage\",\"url\":\"https:\\\/\\\/media.radiolitoral.com\\\/wp-content\\\/uploads\\\/2023\\\/04\\\/05155151\\\/El_Poble_Nou-scaled.jpg\",\"contentUrl\":\"https:\\\/\\\/media.radiolitoral.com\\\/wp-content\\\/uploads\\\/2023\\\/04\\\/05155151\\\/El_Poble_Nou-scaled.jpg\",\"width\":2560,\"height\":1661},{\"@type\":\"BreadcrumbList\",\"@id\":\"https:\\\/\\\/radiolitoral.com\\\/2023\\\/04\\\/benitatxell-cuenta-con-9-millones-para-subvenciones-de-nuevas-infraestructuras\\\/#breadcrumb\",\"itemListElement\":[{\"@type\":\"ListItem\",\"position\":1,\"name\":\"Portada\",\"item\":\"https:\\\/\\\/radiolitoral.com\\\/\"},{\"@type\":\"ListItem\",\"position\":2,\"name\":\"Benitatxell cuenta con 9 millones para subvenciones de nuevas infraestructuras\"}]},{\"@type\":\"WebSite\",\"@id\":\"https:\\\/\\\/radiolitoral.com\\\/#website\",\"url\":\"https:\\\/\\\/radiolitoral.com\\\/\",\"name\":\"Radio Litoral\",\"description\":\"La radio local de la Marina Alta\",\"publisher\":{\"@id\":\"https:\\\/\\\/radiolitoral.com\\\/#organization\"},\"alternateName\":\"Litoral FM\",\"potentialAction\":[{\"@type\":\"SearchAction\",\"target\":{\"@type\":\"EntryPoint\",\"urlTemplate\":\"https:\\\/\\\/radiolitoral.com\\\/?s={search_term_string}\"},\"query-input\":{\"@type\":\"PropertyValueSpecification\",\"valueRequired\":true,\"valueName\":\"search_term_string\"}}],\"inLanguage\":\"ca\"},{\"@type\":\"Organization\",\"@id\":\"https:\\\/\\\/radiolitoral.com\\\/#organization\",\"name\":\"Radio Litoral\",\"url\":\"https:\\\/\\\/radiolitoral.com\\\/\",\"logo\":{\"@type\":\"ImageObject\",\"inLanguage\":\"ca\",\"@id\":\"https:\\\/\\\/radiolitoral.com\\\/#\\\/schema\\\/logo\\\/image\\\/\",\"url\":\"https:\\\/\\\/media.radiolitoral.com\\\/wp-content\\\/uploads\\\/2023\\\/02\\\/24143238\\\/CL-V-RadioLitoral696.png\",\"contentUrl\":\"https:\\\/\\\/media.radiolitoral.com\\\/wp-content\\\/uploads\\\/2023\\\/02\\\/24143238\\\/CL-V-RadioLitoral696.png\",\"width\":696,\"height\":696,\"caption\":\"Radio Litoral\"},\"image\":{\"@id\":\"https:\\\/\\\/radiolitoral.com\\\/#\\\/schema\\\/logo\\\/image\\\/\"},\"sameAs\":[\"https:\\\/\\\/www.facebook.com\\\/Laradiolitoral\\\/\"]},{\"@type\":\"Person\",\"@id\":\"https:\\\/\\\/radiolitoral.com\\\/#\\\/schema\\\/person\\\/aad4f72efa404f85b68e832d24cac059\",\"name\":\"Mel Pescuezo\",\"image\":{\"@type\":\"ImageObject\",\"inLanguage\":\"ca\",\"@id\":\"https:\\\/\\\/secure.gravatar.com\\\/avatar\\\/993975ae489c70cb0dd9bfa9413a082f0bd276582dac13661af7b33f161e7eea?s=96&d=mm&r=g\",\"url\":\"https:\\\/\\\/secure.gravatar.com\\\/avatar\\\/993975ae489c70cb0dd9bfa9413a082f0bd276582dac13661af7b33f161e7eea?s=96&d=mm&r=g\",\"contentUrl\":\"https:\\\/\\\/secure.gravatar.com\\\/avatar\\\/993975ae489c70cb0dd9bfa9413a082f0bd276582dac13661af7b33f161e7eea?s=96&d=mm&r=g\",\"caption\":\"Mel Pescuezo\"},\"url\":\"https:\\\/\\\/radiolitoral.com\\\/ca\\\/author\\\/serviciospararadios\\\/\"}]}<\/script>\n<!-- \/ Yoast SEO plugin. -->","yoast_head_json":{"title":"Benitatxell compta amb 9 milions per a subvencions de noves infraestructures | R\u00e0dio Litoral","description":"Projectes com el Pla de Sostenibilitat Tur\u00edstica, la rehabilitaci\u00f3 del Mercat Municipal o la pla\u00e7a de les Pesqueres Projectes com el Pla de Sostenibilitat Tur\u00edstica, la rehabilitaci\u00f3 del Mercat Municipal o la pla\u00e7a de les Pesqueres","robots":{"index":"index","follow":"follow","max-snippet":"max-snippet:-1","max-image-preview":"max-image-preview:large","max-video-preview":"max-video-preview:-1"},"canonical":"https:\/\/radiolitoral.com\/ca\/2023\/04\/benitatxell-compta-amb-9-milions-per-a-subvencions-de-noves-infraestructures\/","og_locale":"ca_ES","og_type":"article","og_title":"Benitatxell cuenta con 9 millones para subvenciones de nuevas infraestructuras | R\u00e0dio Litoral","og_description":"Proyectos como el Plan de Sostenibilidad Tur\u00edstica, la rehabilitaci\u00f3n del Mercado Municipal o la plaza de les Pesqueres Proyectos como el Plan de Sostenibilidad Tur\u00edstica, la rehabilitaci\u00f3n del Mercado Municipal o la plaza de les Pesqueres","og_url":"https:\/\/radiolitoral.com\/ca\/2023\/04\/benitatxell-compta-amb-9-milions-per-a-subvencions-de-noves-infraestructures\/","og_site_name":"R\u00e0dio Litoral","article_publisher":"https:\/\/www.facebook.com\/Laradiolitoral\/","article_published_time":"2023-04-05T13:52:01+00:00","article_modified_time":"2023-04-05T13:53:55+00:00","og_image":[{"width":2560,"height":1661,"url":"https:\/\/media.radiolitoral.com\/wp-content\/uploads\/2023\/04\/05155151\/El_Poble_Nou-scaled.jpg","type":"image\/jpeg"}],"author":"Mel Pescuezo","twitter_card":"summary_large_image","twitter_misc":{"Escrit per":"Mel Pescuezo","Temps estimat de lectura":"2 minuts"},"schema":{"@context":"https:\/\/schema.org","@graph":[{"@type":"NewsArticle","@id":"https:\/\/radiolitoral.com\/2023\/04\/benitatxell-cuenta-con-9-millones-para-subvenciones-de-nuevas-infraestructuras\/#article","isPartOf":{"@id":"https:\/\/radiolitoral.com\/2023\/04\/benitatxell-cuenta-con-9-millones-para-subvenciones-de-nuevas-infraestructuras\/"},"author":{"name":"Mel Pescuezo","@id":"https:\/\/radiolitoral.com\/#\/schema\/person\/aad4f72efa404f85b68e832d24cac059"},"headline":"Benitatxell cuenta con 9 millones para subvenciones de nuevas infraestructuras","datePublished":"2023-04-05T13:52:01+00:00","dateModified":"2023-04-05T13:53:55+00:00","mainEntityOfPage":{"@id":"https:\/\/radiolitoral.com\/2023\/04\/benitatxell-cuenta-con-9-millones-para-subvenciones-de-nuevas-infraestructuras\/"},"wordCount":269,"commentCount":0,"publisher":{"@id":"https:\/\/radiolitoral.com\/#organization"},"image":{"@id":"https:\/\/radiolitoral.com\/2023\/04\/benitatxell-cuenta-con-9-millones-para-subvenciones-de-nuevas-infraestructuras\/#primaryimage"},"thumbnailUrl":"https:\/\/media.radiolitoral.com\/wp-content\/uploads\/2023\/04\/05155151\/El_Poble_Nou-scaled.jpg","keywords":["Benitatxell","elecciones 2023","proyectos Benitatxell"],"articleSection":["Obras"],"inLanguage":"ca","potentialAction":[{"@type":"CommentAction","name":"Comment","target":["https:\/\/radiolitoral.com\/2023\/04\/benitatxell-cuenta-con-9-millones-para-subvenciones-de-nuevas-infraestructuras\/#respond"]}]},{"@type":["WebPage","ItemPage"],"@id":"https:\/\/radiolitoral.com\/2023\/04\/benitatxell-cuenta-con-9-millones-para-subvenciones-de-nuevas-infraestructuras\/","url":"https:\/\/radiolitoral.com\/2023\/04\/benitatxell-cuenta-con-9-millones-para-subvenciones-de-nuevas-infraestructuras\/","name":"Benitatxell compta amb 9 milions per a subvencions de noves infraestructures | R\u00e0dio Litoral","isPartOf":{"@id":"https:\/\/radiolitoral.com\/#website"},"primaryImageOfPage":{"@id":"https:\/\/radiolitoral.com\/2023\/04\/benitatxell-cuenta-con-9-millones-para-subvenciones-de-nuevas-infraestructuras\/#primaryimage"},"image":{"@id":"https:\/\/radiolitoral.com\/2023\/04\/benitatxell-cuenta-con-9-millones-para-subvenciones-de-nuevas-infraestructuras\/#primaryimage"},"thumbnailUrl":"https:\/\/media.radiolitoral.com\/wp-content\/uploads\/2023\/04\/05155151\/El_Poble_Nou-scaled.jpg","datePublished":"2023-04-05T13:52:01+00:00","dateModified":"2023-04-05T13:53:55+00:00","description":"Projectes com el Pla de Sostenibilitat Tur\u00edstica, la rehabilitaci\u00f3 del Mercat Municipal o la pla\u00e7a de les Pesqueres Projectes com el Pla de Sostenibilitat Tur\u00edstica, la rehabilitaci\u00f3 del Mercat Municipal o la pla\u00e7a de les Pesqueres","breadcrumb":{"@id":"https:\/\/radiolitoral.com\/2023\/04\/benitatxell-cuenta-con-9-millones-para-subvenciones-de-nuevas-infraestructuras\/#breadcrumb"},"inLanguage":"ca","potentialAction":[{"@type":"ReadAction","target":["https:\/\/radiolitoral.com\/2023\/04\/benitatxell-cuenta-con-9-millones-para-subvenciones-de-nuevas-infraestructuras\/"]}]},{"@type":"ImageObject","inLanguage":"ca","@id":"https:\/\/radiolitoral.com\/2023\/04\/benitatxell-cuenta-con-9-millones-para-subvenciones-de-nuevas-infraestructuras\/#primaryimage","url":"https:\/\/media.radiolitoral.com\/wp-content\/uploads\/2023\/04\/05155151\/El_Poble_Nou-scaled.jpg","contentUrl":"https:\/\/media.radiolitoral.com\/wp-content\/uploads\/2023\/04\/05155151\/El_Poble_Nou-scaled.jpg","width":2560,"height":1661},{"@type":"BreadcrumbList","@id":"https:\/\/radiolitoral.com\/2023\/04\/benitatxell-cuenta-con-9-millones-para-subvenciones-de-nuevas-infraestructuras\/#breadcrumb","itemListElement":[{"@type":"ListItem","position":1,"name":"Portada","item":"https:\/\/radiolitoral.com\/"},{"@type":"ListItem","position":2,"name":"Benitatxell cuenta con 9 millones para subvenciones de nuevas infraestructuras"}]},{"@type":"WebSite","@id":"https:\/\/radiolitoral.com\/#website","url":"https:\/\/radiolitoral.com\/","name":"R\u00e0dio Litoral","description":"La r\u00e0dio local de la Marina Alta","publisher":{"@id":"https:\/\/radiolitoral.com\/#organization"},"alternateName":"Litoral FM","potentialAction":[{"@type":"SearchAction","target":{"@type":"EntryPoint","urlTemplate":"https:\/\/radiolitoral.com\/?s={search_term_string}"},"query-input":{"@type":"PropertyValueSpecification","valueRequired":true,"valueName":"search_term_string"}}],"inLanguage":"ca"},{"@type":"Organization","@id":"https:\/\/radiolitoral.com\/#organization","name":"R\u00e0dio Litoral","url":"https:\/\/radiolitoral.com\/","logo":{"@type":"ImageObject","inLanguage":"ca","@id":"https:\/\/radiolitoral.com\/#\/schema\/logo\/image\/","url":"https:\/\/media.radiolitoral.com\/wp-content\/uploads\/2023\/02\/24143238\/CL-V-RadioLitoral696.png","contentUrl":"https:\/\/media.radiolitoral.com\/wp-content\/uploads\/2023\/02\/24143238\/CL-V-RadioLitoral696.png","width":696,"height":696,"caption":"Radio Litoral"},"image":{"@id":"https:\/\/radiolitoral.com\/#\/schema\/logo\/image\/"},"sameAs":["https:\/\/www.facebook.com\/Laradiolitoral\/"]},{"@type":"Person","@id":"https:\/\/radiolitoral.com\/#\/schema\/person\/aad4f72efa404f85b68e832d24cac059","name":"Mel Pescuezo","image":{"@type":"ImageObject","inLanguage":"ca","@id":"https:\/\/secure.gravatar.com\/avatar\/993975ae489c70cb0dd9bfa9413a082f0bd276582dac13661af7b33f161e7eea?s=96&d=mm&r=g","url":"https:\/\/secure.gravatar.com\/avatar\/993975ae489c70cb0dd9bfa9413a082f0bd276582dac13661af7b33f161e7eea?s=96&d=mm&r=g","contentUrl":"https:\/\/secure.gravatar.com\/avatar\/993975ae489c70cb0dd9bfa9413a082f0bd276582dac13661af7b33f161e7eea?s=96&d=mm&r=g","caption":"Mel Pescuezo"},"url":"https:\/\/radiolitoral.com\/ca\/author\/serviciospararadios\/"}]}},"_links":{"self":[{"href":"https:\/\/radiolitoral.com\/ca\/wp-json\/wp\/v2\/posts\/1999","targetHints":{"allow":["GET"]}}],"collection":[{"href":"https:\/\/radiolitoral.com\/ca\/wp-json\/wp\/v2\/posts"}],"about":[{"href":"https:\/\/radiolitoral.com\/ca\/wp-json\/wp\/v2\/types\/post"}],"author":[{"embeddable":true,"href":"https:\/\/radiolitoral.com\/ca\/wp-json\/wp\/v2\/users\/21"}],"replies":[{"embeddable":true,"href":"https:\/\/radiolitoral.com\/ca\/wp-json\/wp\/v2\/comments?post=1999"}],"version-history":[{"count":1,"href":"https:\/\/radiolitoral.com\/ca\/wp-json\/wp\/v2\/posts\/1999\/revisions"}],"predecessor-version":[{"id":2002,"href":"https:\/\/radiolitoral.com\/ca\/wp-json\/wp\/v2\/posts\/1999\/revisions\/2002"}],"wp:featuredmedia":[{"embeddable":true,"href":"https:\/\/radiolitoral.com\/ca\/wp-json\/wp\/v2\/media\/2001"}],"wp:attachment":[{"href":"https:\/\/radiolitoral.com\/ca\/wp-json\/wp\/v2\/media?parent=1999"}],"wp:term":[{"taxonomy":"category","embeddable":true,"href":"https:\/\/radiolitoral.com\/ca\/wp-json\/wp\/v2\/categories?post=1999"},{"taxonomy":"post_tag","embeddable":true,"href":"https:\/\/radiolitoral.com\/ca\/wp-json\/wp\/v2\/tags?post=1999"}],"curies":[{"name":"wp","href":"https:\/\/api.w.org\/{rel}","templated":true}]}}