{"id":19984,"date":"2026-03-06T11:14:05","date_gmt":"2026-03-06T10:14:05","guid":{"rendered":"https:\/\/radiolitoral.com\/?p=19984"},"modified":"2026-03-06T11:14:05","modified_gmt":"2026-03-06T10:14:05","slug":"primera-ffcv-el-fb-teulada-juga-davant-el-cuer","status":"publish","type":"post","link":"https:\/\/radiolitoral.com\/ca\/2026\/03\/primera-ffcv-el-fb-teulada-juega-ante-el-colista\/","title":{"rendered":"Primera FFCV: L&#039;FB Teulada juga davant el cuer"},"content":{"rendered":"<p>La <strong data-start=\"224\" data-end=\"240\">Primera FFCV<\/strong> s&#039;aproxima a la seva <strong data-start=\"258\" data-end=\"275\">jornada clau<\/strong>, on equips de la <strong data-start=\"297\" data-end=\"312\">Marina Alta<\/strong> com el <strong data-start=\"321\" data-end=\"333\">CD D\u00e9nia<\/strong>, <strong data-start=\"335\" data-end=\"346\">Pego CF<\/strong> i <strong data-start=\"349\" data-end=\"363\">FB Teulada<\/strong> afronten partits importants que podrien definir el seu futur a la lliga. Amb el CD D\u00e9nia a dalt de tot de la classificaci\u00f3, el Pego CF lluitant per allunyar-se del mig de la taula, i l&#039;FB Teulada buscant sumar tres punts vitals, la jornada d&#039;aquest cap de setmana ser\u00e0 fonamental.<\/p>\n<h4 data-start=\"2093\" data-end=\"2441\">Algorfa CF \u2013 FB Teulada (Diumenge 17 H.)<\/h4>\n<p data-start=\"2505\" data-end=\"2869\">Al <strong data-start=\"2511\" data-end=\"2527\">grup quart<\/strong>, el FB Teulada viatja aquest <strong data-start=\"2558\" data-end=\"2587\">diumenge a les 17:00 hores<\/strong> a <strong data-start=\"2590\" data-end=\"2601\">Algorfa<\/strong>, on s&#039;enfrontar\u00e0 al <strong data-start=\"2626\" data-end=\"2642\">equip local<\/strong> en un partit que ser\u00e0 arbitrat per <strong data-start=\"2680\" data-end=\"2700\">Ram\u00edrez Mart\u00ednez<\/strong>. Els de <strong data-start=\"2709\" data-end=\"2728\">Juan Ribes Coca<\/strong> tenen com a objectiu clar sumar els tres punts en aquest duel davant el cuer, amb l&#039;esperan\u00e7a de millorar la seva posici\u00f3 a la taula.<\/p>\n<p data-start=\"2871\" data-end=\"3139\">L&#039;FB Teulada arriba a la trobada amb la baixa de <strong data-start=\"2912\" data-end=\"2930\">Ismael<\/strong>, sancionat, per\u00f2 amb la moral intacta despr\u00e9s d?una bona setmana d?entrenaments. L&#039;equip sap que guanyar en aquest tipus de partits \u00e9s fonamental per mantenir les opcions de lluitar pels llocs de dalt.<\/p>\n<h4>CD D\u00e9nia \u2013 Algemes\u00ed CF (Diumenge 12 H.)<\/h4>\n<p data-start=\"712\" data-end=\"1056\">El CD D\u00e9nia, l\u00edder del <strong data-start=\"739\" data-end=\"756\">grup tercer<\/strong>, s&#039;enfronta aquest <strong data-start=\"775\" data-end=\"804\">diumenge a les 12:00 hores<\/strong> al <strong data-start=\"811\" data-end=\"831\">camp Diego Mena<\/strong> al <strong data-start=\"835\" data-end=\"850\">Algemes\u00ed CF<\/strong>, en un partit que ser\u00e0 arbitrat per <strong data-start=\"889\" data-end=\"905\">De Lara Orts<\/strong>. Els dianencs, dirigits per <strong data-start=\"936\" data-end=\"949\">Jos\u00e9 Cabe<\/strong>, tenen com a objectiu mantenir el seu lideratge i allunyar un rival directe en la lluita per l&#039;ascens.<\/p>\n<p data-start=\"1058\" data-end=\"1594\">L&#039;equip afronta el partit amb l&#039;\u00fanica baixa de<strong data-start=\"1094\" data-end=\"1129\"> Juan A. Benavente<\/strong>, qui compleix sanci\u00f3 per acumulaci\u00f3 d&#039;amonestacions. Tot i aix\u00f2, les baixes que van marcar setmanes anteriors ja s&#039;estan resolent, amb jugadors com <strong data-start=\"1294\" data-end=\"1304\">Arthur<\/strong>, <strong data-start=\"1306\" data-end=\"1321\">Pau Segu\u00ed<\/strong>, <strong data-start=\"1323\" data-end=\"1332\">Renzo<\/strong> i <strong data-start=\"1335\" data-end=\"1344\">Bruno<\/strong> ja recuperats i amb l&#039;alta m\u00e8dica, a m\u00e9s de <strong data-start=\"1392\" data-end=\"1401\">Eli\u00e1n<\/strong>, qui torna despr\u00e9s de complir sanci\u00f3. La plantilla, pr\u00e0cticament al complet, afronta aquest crucial xoc amb molta m\u00e9s confian\u00e7a i amb les millors expectatives per al que resta de temporada.<\/p>\n<h4 data-start=\"1058\" data-end=\"1594\">Pego CF \u2013 UD L&#039;Alc\u00fadia (Diumenge 17 H.)<\/h4>\n<p data-start=\"1659\" data-end=\"2091\">El Pego CF s&#039;enfronta aquest <strong data-start=\"1705\" data-end=\"1734\">diumenge a les 17:00 hores<\/strong> al <strong data-start=\"1741\" data-end=\"1764\">camp del Cervantes<\/strong> a la <strong data-start=\"1770\" data-end=\"1786\">UD L&#039;Alc\u00fadia<\/strong>, en un partit que ser\u00e0 dirigit per <strong data-start=\"1824\" data-end=\"1839\">Lid\u00f3n L\u00f3pez<\/strong>. Aquesta trobada es presenta com a molt competida, ja que ambd\u00f3s equips es troben molt a prop a la classificaci\u00f3. El Pego CF ocupa la <strong data-start=\"1982\" data-end=\"1998\">novena pla\u00e7a<\/strong> amb <strong data-start=\"2003\" data-end=\"2016\">29 punts<\/strong>, mentre que <strong data-start=\"2031\" data-end=\"2044\">L&#039;Alc\u00fadia<\/strong> est\u00e0 a <strong data-start=\"2053\" data-end=\"2072\">desena posici\u00f3<\/strong> amb <strong data-start=\"2077\" data-end=\"2090\">25 punts<\/strong>.<\/p>\n<p data-start=\"2093\" data-end=\"2441\">L&#039;equip dirigit per <strong data-start=\"2116\" data-end=\"2131\">Javi Signes<\/strong> t\u00e9 com a objectiu tornar al cam\u00ed de la vict\u00f2ria despr\u00e9s d&#039;una ratxa de resultats irregulars. La plantilla est\u00e0 entrenant amb intensitat i amb ganes de sumar tres punts que els permetin allunyar-se de la zona mitjana de la taula. L&#039;\u00fanica baixa per a aquesta trobada \u00e9s la de <strong data-start=\"2413\" data-end=\"2428\">Josep Piera<\/strong>, sancionat.<\/p>\n<p><script src=\"chrome-extension:\/\/flbolonkboilcbnohjlchlfgdalomdpl\/iFrame.js\" type=\"text\/javascript\"><\/script><\/p>","protected":false},"excerpt":{"rendered":"<p>La Primera FFCV se aproxima a su jornada clave, donde equipos de la Marina Alta como el CD D\u00e9nia, Pego CF y FB Teulada afrontan partidos importantes que podr\u00edan definir su futuro en la liga. Con el CD D\u00e9nia en lo m\u00e1s alto de la clasificaci\u00f3n, el Pego CF luchando por alejarse del medio de [&#8230;]<\/p>\n<p><a class=\"btn btn-secondary understrap-read-more-link\" href=\"https:\/\/radiolitoral.com\/ca\/2026\/03\/primera-ffcv-el-fb-teulada-juega-ante-el-colista\/\">Continua llegint&#8230;<span class=\"screen-reader-text\"> from Primera FFCV: El FB Teulada juega ante el colista<\/span><\/a><\/p>\n","protected":false},"author":12,"featured_media":19985,"comment_status":"open","ping_status":"closed","sticky":false,"template":"","format":"standard","meta":{"_acf_changed":false,"inline_featured_image":false,"footnotes":""},"categories":[5],"tags":[5076,893,6,3338,1035,4417,4959,1984,1915,5233],"class_list":["post-19984","post","type-post","status-publish","format-standard","has-post-thumbnail","hentry","category-deportes","tag-algorfa","tag-cd-denia","tag-deportes","tag-fb-teulada","tag-javi-signes","tag-jose-cabe","tag-juan-ribes-coca","tag-pego-cf","tag-primera-ffcv","tag-ud-lalcudia","cobertura-denia","cobertura-pego","cobertura-teulada-moraira"],"acf":[],"yoast_head":"<!-- This site is optimized with the Yoast SEO plugin v27.5 - https:\/\/yoast.com\/product\/yoast-seo-wordpress\/ -->\n<title>Primera FFCV: El FB Teulada juega ante el colista | R\u00e0dio Litoral<\/title>\n<meta name=\"description\" content=\"Los teuladinos se miden al Algorfa a domicilio, el CD D\u00e9nia recibe al Algemes\u00ed CF y el Pego CF a L&#039;AlcudiaLos teuladinos se miden al Algorfa a domicilio, el CD D\u00e9nia recibe al Algemes\u00ed CF y el Pego CF a L&#039;Alcudia\" \/>\n<meta name=\"robots\" content=\"index, follow, max-snippet:-1, max-image-preview:large, max-video-preview:-1\" \/>\n<link rel=\"canonical\" href=\"https:\/\/radiolitoral.com\/ca\/2026\/03\/primera-ffcv-el-fb-teulada-juga-davant-el-cuer\/\" \/>\n<meta property=\"og:locale\" content=\"ca_ES\" \/>\n<meta property=\"og:type\" content=\"article\" \/>\n<meta property=\"og:title\" content=\"Primera FFCV: El FB Teulada juega ante el colista | R\u00e0dio Litoral\" \/>\n<meta property=\"og:description\" content=\"Los teuladinos se miden al Algorfa a domicilio, el CD D\u00e9nia recibe al Algemes\u00ed CF y el Pego CF a L&#039;AlcudiaLos teuladinos se miden al Algorfa a domicilio, el CD D\u00e9nia recibe al Algemes\u00ed CF y el Pego CF a L&#039;Alcudia\" \/>\n<meta property=\"og:url\" content=\"https:\/\/radiolitoral.com\/ca\/2026\/03\/primera-ffcv-el-fb-teulada-juga-davant-el-cuer\/\" \/>\n<meta property=\"og:site_name\" content=\"R\u00e0dio Litoral\" \/>\n<meta property=\"article:publisher\" content=\"https:\/\/www.facebook.com\/Laradiolitoral\/\" \/>\n<meta property=\"article:published_time\" content=\"2026-03-06T10:14:05+00:00\" \/>\n<meta property=\"og:image\" content=\"https:\/\/media.radiolitoral.com\/wp-content\/uploads\/2026\/03\/06111128\/Partido-del-Teulada.jpg\" \/>\n\t<meta property=\"og:image:width\" content=\"2048\" \/>\n\t<meta property=\"og:image:height\" content=\"1366\" \/>\n\t<meta property=\"og:image:type\" content=\"image\/jpeg\" \/>\n<meta name=\"author\" content=\"Javier Zamora\" \/>\n<meta name=\"twitter:card\" content=\"summary_large_image\" \/>\n<meta name=\"twitter:label1\" content=\"Escrit per\" \/>\n\t<meta name=\"twitter:data1\" content=\"Javier Zamora\" \/>\n\t<meta name=\"twitter:label2\" content=\"Temps estimat de lectura\" \/>\n\t<meta name=\"twitter:data2\" content=\"3 minuts\" \/>\n<script type=\"application\/ld+json\" class=\"yoast-schema-graph\">{\"@context\":\"https:\\\/\\\/schema.org\",\"@graph\":[{\"@type\":\"NewsArticle\",\"@id\":\"https:\\\/\\\/radiolitoral.com\\\/2026\\\/03\\\/primera-ffcv-el-fb-teulada-juega-ante-el-colista\\\/#article\",\"isPartOf\":{\"@id\":\"https:\\\/\\\/radiolitoral.com\\\/2026\\\/03\\\/primera-ffcv-el-fb-teulada-juega-ante-el-colista\\\/\"},\"author\":{\"name\":\"Javier Zamora\",\"@id\":\"https:\\\/\\\/radiolitoral.com\\\/#\\\/schema\\\/person\\\/7b1480b5caeb5acdd4ec6379caf62b22\"},\"headline\":\"Primera FFCV: El FB Teulada juega ante el colista\",\"datePublished\":\"2026-03-06T10:14:05+00:00\",\"mainEntityOfPage\":{\"@id\":\"https:\\\/\\\/radiolitoral.com\\\/2026\\\/03\\\/primera-ffcv-el-fb-teulada-juega-ante-el-colista\\\/\"},\"wordCount\":500,\"commentCount\":0,\"publisher\":{\"@id\":\"https:\\\/\\\/radiolitoral.com\\\/#organization\"},\"image\":{\"@id\":\"https:\\\/\\\/radiolitoral.com\\\/2026\\\/03\\\/primera-ffcv-el-fb-teulada-juega-ante-el-colista\\\/#primaryimage\"},\"thumbnailUrl\":\"https:\\\/\\\/media.radiolitoral.com\\\/wp-content\\\/uploads\\\/2026\\\/03\\\/06111128\\\/Partido-del-Teulada.jpg\",\"keywords\":[\"Algorfa\",\"CD D\u00e9nia\",\"deportes\",\"FB Teulada\",\"Javi Signes\",\"Jos\u00e9 Cabe\",\"Juan Ribes \\\"Coca\\\"\",\"Pego CF\",\"Primera\u00a0FFCV\",\"UD L'Alcudia\"],\"articleSection\":[\"Deportes\"],\"inLanguage\":\"ca\",\"potentialAction\":[{\"@type\":\"CommentAction\",\"name\":\"Comment\",\"target\":[\"https:\\\/\\\/radiolitoral.com\\\/2026\\\/03\\\/primera-ffcv-el-fb-teulada-juega-ante-el-colista\\\/#respond\"]}]},{\"@type\":[\"WebPage\",\"ItemPage\"],\"@id\":\"https:\\\/\\\/radiolitoral.com\\\/2026\\\/03\\\/primera-ffcv-el-fb-teulada-juega-ante-el-colista\\\/\",\"url\":\"https:\\\/\\\/radiolitoral.com\\\/2026\\\/03\\\/primera-ffcv-el-fb-teulada-juega-ante-el-colista\\\/\",\"name\":\"Primera FFCV: El FB Teulada juega ante el colista | R\u00e0dio Litoral\",\"isPartOf\":{\"@id\":\"https:\\\/\\\/radiolitoral.com\\\/#website\"},\"primaryImageOfPage\":{\"@id\":\"https:\\\/\\\/radiolitoral.com\\\/2026\\\/03\\\/primera-ffcv-el-fb-teulada-juega-ante-el-colista\\\/#primaryimage\"},\"image\":{\"@id\":\"https:\\\/\\\/radiolitoral.com\\\/2026\\\/03\\\/primera-ffcv-el-fb-teulada-juega-ante-el-colista\\\/#primaryimage\"},\"thumbnailUrl\":\"https:\\\/\\\/media.radiolitoral.com\\\/wp-content\\\/uploads\\\/2026\\\/03\\\/06111128\\\/Partido-del-Teulada.jpg\",\"datePublished\":\"2026-03-06T10:14:05+00:00\",\"description\":\"Los teuladinos se miden al Algorfa a domicilio, el CD D\u00e9nia recibe al Algemes\u00ed CF y el Pego CF a L'AlcudiaLos teuladinos se miden al Algorfa a domicilio, el CD D\u00e9nia recibe al Algemes\u00ed CF y el Pego CF a L'Alcudia\",\"breadcrumb\":{\"@id\":\"https:\\\/\\\/radiolitoral.com\\\/2026\\\/03\\\/primera-ffcv-el-fb-teulada-juega-ante-el-colista\\\/#breadcrumb\"},\"inLanguage\":\"ca\",\"potentialAction\":[{\"@type\":\"ReadAction\",\"target\":[\"https:\\\/\\\/radiolitoral.com\\\/2026\\\/03\\\/primera-ffcv-el-fb-teulada-juega-ante-el-colista\\\/\"]}]},{\"@type\":\"ImageObject\",\"inLanguage\":\"ca\",\"@id\":\"https:\\\/\\\/radiolitoral.com\\\/2026\\\/03\\\/primera-ffcv-el-fb-teulada-juega-ante-el-colista\\\/#primaryimage\",\"url\":\"https:\\\/\\\/media.radiolitoral.com\\\/wp-content\\\/uploads\\\/2026\\\/03\\\/06111128\\\/Partido-del-Teulada.jpg\",\"contentUrl\":\"https:\\\/\\\/media.radiolitoral.com\\\/wp-content\\\/uploads\\\/2026\\\/03\\\/06111128\\\/Partido-del-Teulada.jpg\",\"width\":2048,\"height\":1366},{\"@type\":\"BreadcrumbList\",\"@id\":\"https:\\\/\\\/radiolitoral.com\\\/2026\\\/03\\\/primera-ffcv-el-fb-teulada-juega-ante-el-colista\\\/#breadcrumb\",\"itemListElement\":[{\"@type\":\"ListItem\",\"position\":1,\"name\":\"Portada\",\"item\":\"https:\\\/\\\/radiolitoral.com\\\/\"},{\"@type\":\"ListItem\",\"position\":2,\"name\":\"Primera FFCV: El FB Teulada juega ante el colista\"}]},{\"@type\":\"WebSite\",\"@id\":\"https:\\\/\\\/radiolitoral.com\\\/#website\",\"url\":\"https:\\\/\\\/radiolitoral.com\\\/\",\"name\":\"Radio Litoral\",\"description\":\"La radio local de la Marina Alta\",\"publisher\":{\"@id\":\"https:\\\/\\\/radiolitoral.com\\\/#organization\"},\"alternateName\":\"Litoral FM\",\"potentialAction\":[{\"@type\":\"SearchAction\",\"target\":{\"@type\":\"EntryPoint\",\"urlTemplate\":\"https:\\\/\\\/radiolitoral.com\\\/?s={search_term_string}\"},\"query-input\":{\"@type\":\"PropertyValueSpecification\",\"valueRequired\":true,\"valueName\":\"search_term_string\"}}],\"inLanguage\":\"ca\"},{\"@type\":\"Organization\",\"@id\":\"https:\\\/\\\/radiolitoral.com\\\/#organization\",\"name\":\"Radio Litoral\",\"url\":\"https:\\\/\\\/radiolitoral.com\\\/\",\"logo\":{\"@type\":\"ImageObject\",\"inLanguage\":\"ca\",\"@id\":\"https:\\\/\\\/radiolitoral.com\\\/#\\\/schema\\\/logo\\\/image\\\/\",\"url\":\"https:\\\/\\\/media.radiolitoral.com\\\/wp-content\\\/uploads\\\/2023\\\/02\\\/24143238\\\/CL-V-RadioLitoral696.png\",\"contentUrl\":\"https:\\\/\\\/media.radiolitoral.com\\\/wp-content\\\/uploads\\\/2023\\\/02\\\/24143238\\\/CL-V-RadioLitoral696.png\",\"width\":696,\"height\":696,\"caption\":\"Radio Litoral\"},\"image\":{\"@id\":\"https:\\\/\\\/radiolitoral.com\\\/#\\\/schema\\\/logo\\\/image\\\/\"},\"sameAs\":[\"https:\\\/\\\/www.facebook.com\\\/Laradiolitoral\\\/\"]},{\"@type\":\"Person\",\"@id\":\"https:\\\/\\\/radiolitoral.com\\\/#\\\/schema\\\/person\\\/7b1480b5caeb5acdd4ec6379caf62b22\",\"name\":\"Javier Zamora\",\"image\":{\"@type\":\"ImageObject\",\"inLanguage\":\"ca\",\"@id\":\"https:\\\/\\\/secure.gravatar.com\\\/avatar\\\/467a11f6918c7d619c4043fc6fa2d3853053107973f05b6e9c04ea6c4e3a7b3f?s=96&d=mm&r=g\",\"url\":\"https:\\\/\\\/secure.gravatar.com\\\/avatar\\\/467a11f6918c7d619c4043fc6fa2d3853053107973f05b6e9c04ea6c4e3a7b3f?s=96&d=mm&r=g\",\"contentUrl\":\"https:\\\/\\\/secure.gravatar.com\\\/avatar\\\/467a11f6918c7d619c4043fc6fa2d3853053107973f05b6e9c04ea6c4e3a7b3f?s=96&d=mm&r=g\",\"caption\":\"Javier Zamora\"},\"url\":\"https:\\\/\\\/radiolitoral.com\\\/ca\\\/author\\\/javier-zamora\\\/\"}]}<\/script>\n<!-- \/ Yoast SEO plugin. -->","yoast_head_json":{"title":"Primera FFCV: L&#039;FB Teulada juga davant el cuer | R\u00e0dio Litoral","description":"Els teuladins es mesuren a l&#039;Algorfa a domicili, el CD D\u00e9nia rep l&#039;Algemes\u00ed CF i el Pego CF a l&#039;AlcudiaEls teuladins es mesuren a l&#039;Algorfa a domicili, el CD D\u00e9nia rep l&#039;Algemes\u00ed CF i el Pego CF a L&#039;Alcudia","robots":{"index":"index","follow":"follow","max-snippet":"max-snippet:-1","max-image-preview":"max-image-preview:large","max-video-preview":"max-video-preview:-1"},"canonical":"https:\/\/radiolitoral.com\/ca\/2026\/03\/primera-ffcv-el-fb-teulada-juga-davant-el-cuer\/","og_locale":"ca_ES","og_type":"article","og_title":"Primera FFCV: El FB Teulada juega ante el colista | R\u00e0dio Litoral","og_description":"Los teuladinos se miden al Algorfa a domicilio, el CD D\u00e9nia recibe al Algemes\u00ed CF y el Pego CF a L'AlcudiaLos teuladinos se miden al Algorfa a domicilio, el CD D\u00e9nia recibe al Algemes\u00ed CF y el Pego CF a L'Alcudia","og_url":"https:\/\/radiolitoral.com\/ca\/2026\/03\/primera-ffcv-el-fb-teulada-juga-davant-el-cuer\/","og_site_name":"R\u00e0dio Litoral","article_publisher":"https:\/\/www.facebook.com\/Laradiolitoral\/","article_published_time":"2026-03-06T10:14:05+00:00","og_image":[{"width":2048,"height":1366,"url":"https:\/\/media.radiolitoral.com\/wp-content\/uploads\/2026\/03\/06111128\/Partido-del-Teulada.jpg","type":"image\/jpeg"}],"author":"Javier Zamora","twitter_card":"summary_large_image","twitter_misc":{"Escrit per":"Javier Zamora","Temps estimat de lectura":"3 minuts"},"schema":{"@context":"https:\/\/schema.org","@graph":[{"@type":"NewsArticle","@id":"https:\/\/radiolitoral.com\/2026\/03\/primera-ffcv-el-fb-teulada-juega-ante-el-colista\/#article","isPartOf":{"@id":"https:\/\/radiolitoral.com\/2026\/03\/primera-ffcv-el-fb-teulada-juega-ante-el-colista\/"},"author":{"name":"Javier Zamora","@id":"https:\/\/radiolitoral.com\/#\/schema\/person\/7b1480b5caeb5acdd4ec6379caf62b22"},"headline":"Primera FFCV: El FB Teulada juega ante el colista","datePublished":"2026-03-06T10:14:05+00:00","mainEntityOfPage":{"@id":"https:\/\/radiolitoral.com\/2026\/03\/primera-ffcv-el-fb-teulada-juega-ante-el-colista\/"},"wordCount":500,"commentCount":0,"publisher":{"@id":"https:\/\/radiolitoral.com\/#organization"},"image":{"@id":"https:\/\/radiolitoral.com\/2026\/03\/primera-ffcv-el-fb-teulada-juega-ante-el-colista\/#primaryimage"},"thumbnailUrl":"https:\/\/media.radiolitoral.com\/wp-content\/uploads\/2026\/03\/06111128\/Partido-del-Teulada.jpg","keywords":["Algorfa","CD D\u00e9nia","deportes","FB Teulada","Javi Signes","Jos\u00e9 Cabe","Juan Ribes \"Coca\"","Pego CF","Primera\u00a0FFCV","UD L'Alcudia"],"articleSection":["Deportes"],"inLanguage":"ca","potentialAction":[{"@type":"CommentAction","name":"Comment","target":["https:\/\/radiolitoral.com\/2026\/03\/primera-ffcv-el-fb-teulada-juega-ante-el-colista\/#respond"]}]},{"@type":["WebPage","ItemPage"],"@id":"https:\/\/radiolitoral.com\/2026\/03\/primera-ffcv-el-fb-teulada-juega-ante-el-colista\/","url":"https:\/\/radiolitoral.com\/2026\/03\/primera-ffcv-el-fb-teulada-juega-ante-el-colista\/","name":"Primera FFCV: L&#039;FB Teulada juga davant el cuer | R\u00e0dio Litoral","isPartOf":{"@id":"https:\/\/radiolitoral.com\/#website"},"primaryImageOfPage":{"@id":"https:\/\/radiolitoral.com\/2026\/03\/primera-ffcv-el-fb-teulada-juega-ante-el-colista\/#primaryimage"},"image":{"@id":"https:\/\/radiolitoral.com\/2026\/03\/primera-ffcv-el-fb-teulada-juega-ante-el-colista\/#primaryimage"},"thumbnailUrl":"https:\/\/media.radiolitoral.com\/wp-content\/uploads\/2026\/03\/06111128\/Partido-del-Teulada.jpg","datePublished":"2026-03-06T10:14:05+00:00","description":"Els teuladins es mesuren a l&#039;Algorfa a domicili, el CD D\u00e9nia rep l&#039;Algemes\u00ed CF i el Pego CF a l&#039;AlcudiaEls teuladins es mesuren a l&#039;Algorfa a domicili, el CD D\u00e9nia rep l&#039;Algemes\u00ed CF i el Pego CF a L&#039;Alcudia","breadcrumb":{"@id":"https:\/\/radiolitoral.com\/2026\/03\/primera-ffcv-el-fb-teulada-juega-ante-el-colista\/#breadcrumb"},"inLanguage":"ca","potentialAction":[{"@type":"ReadAction","target":["https:\/\/radiolitoral.com\/2026\/03\/primera-ffcv-el-fb-teulada-juega-ante-el-colista\/"]}]},{"@type":"ImageObject","inLanguage":"ca","@id":"https:\/\/radiolitoral.com\/2026\/03\/primera-ffcv-el-fb-teulada-juega-ante-el-colista\/#primaryimage","url":"https:\/\/media.radiolitoral.com\/wp-content\/uploads\/2026\/03\/06111128\/Partido-del-Teulada.jpg","contentUrl":"https:\/\/media.radiolitoral.com\/wp-content\/uploads\/2026\/03\/06111128\/Partido-del-Teulada.jpg","width":2048,"height":1366},{"@type":"BreadcrumbList","@id":"https:\/\/radiolitoral.com\/2026\/03\/primera-ffcv-el-fb-teulada-juega-ante-el-colista\/#breadcrumb","itemListElement":[{"@type":"ListItem","position":1,"name":"Portada","item":"https:\/\/radiolitoral.com\/"},{"@type":"ListItem","position":2,"name":"Primera FFCV: El FB Teulada juega ante el colista"}]},{"@type":"WebSite","@id":"https:\/\/radiolitoral.com\/#website","url":"https:\/\/radiolitoral.com\/","name":"R\u00e0dio Litoral","description":"La r\u00e0dio local de la Marina Alta","publisher":{"@id":"https:\/\/radiolitoral.com\/#organization"},"alternateName":"Litoral FM","potentialAction":[{"@type":"SearchAction","target":{"@type":"EntryPoint","urlTemplate":"https:\/\/radiolitoral.com\/?s={search_term_string}"},"query-input":{"@type":"PropertyValueSpecification","valueRequired":true,"valueName":"search_term_string"}}],"inLanguage":"ca"},{"@type":"Organization","@id":"https:\/\/radiolitoral.com\/#organization","name":"R\u00e0dio Litoral","url":"https:\/\/radiolitoral.com\/","logo":{"@type":"ImageObject","inLanguage":"ca","@id":"https:\/\/radiolitoral.com\/#\/schema\/logo\/image\/","url":"https:\/\/media.radiolitoral.com\/wp-content\/uploads\/2023\/02\/24143238\/CL-V-RadioLitoral696.png","contentUrl":"https:\/\/media.radiolitoral.com\/wp-content\/uploads\/2023\/02\/24143238\/CL-V-RadioLitoral696.png","width":696,"height":696,"caption":"Radio Litoral"},"image":{"@id":"https:\/\/radiolitoral.com\/#\/schema\/logo\/image\/"},"sameAs":["https:\/\/www.facebook.com\/Laradiolitoral\/"]},{"@type":"Person","@id":"https:\/\/radiolitoral.com\/#\/schema\/person\/7b1480b5caeb5acdd4ec6379caf62b22","name":"Javier Zamora","image":{"@type":"ImageObject","inLanguage":"ca","@id":"https:\/\/secure.gravatar.com\/avatar\/467a11f6918c7d619c4043fc6fa2d3853053107973f05b6e9c04ea6c4e3a7b3f?s=96&d=mm&r=g","url":"https:\/\/secure.gravatar.com\/avatar\/467a11f6918c7d619c4043fc6fa2d3853053107973f05b6e9c04ea6c4e3a7b3f?s=96&d=mm&r=g","contentUrl":"https:\/\/secure.gravatar.com\/avatar\/467a11f6918c7d619c4043fc6fa2d3853053107973f05b6e9c04ea6c4e3a7b3f?s=96&d=mm&r=g","caption":"Javier Zamora"},"url":"https:\/\/radiolitoral.com\/ca\/author\/javier-zamora\/"}]}},"_links":{"self":[{"href":"https:\/\/radiolitoral.com\/ca\/wp-json\/wp\/v2\/posts\/19984","targetHints":{"allow":["GET"]}}],"collection":[{"href":"https:\/\/radiolitoral.com\/ca\/wp-json\/wp\/v2\/posts"}],"about":[{"href":"https:\/\/radiolitoral.com\/ca\/wp-json\/wp\/v2\/types\/post"}],"author":[{"embeddable":true,"href":"https:\/\/radiolitoral.com\/ca\/wp-json\/wp\/v2\/users\/12"}],"replies":[{"embeddable":true,"href":"https:\/\/radiolitoral.com\/ca\/wp-json\/wp\/v2\/comments?post=19984"}],"version-history":[{"count":2,"href":"https:\/\/radiolitoral.com\/ca\/wp-json\/wp\/v2\/posts\/19984\/revisions"}],"predecessor-version":[{"id":19987,"href":"https:\/\/radiolitoral.com\/ca\/wp-json\/wp\/v2\/posts\/19984\/revisions\/19987"}],"wp:featuredmedia":[{"embeddable":true,"href":"https:\/\/radiolitoral.com\/ca\/wp-json\/wp\/v2\/media\/19985"}],"wp:attachment":[{"href":"https:\/\/radiolitoral.com\/ca\/wp-json\/wp\/v2\/media?parent=19984"}],"wp:term":[{"taxonomy":"category","embeddable":true,"href":"https:\/\/radiolitoral.com\/ca\/wp-json\/wp\/v2\/categories?post=19984"},{"taxonomy":"post_tag","embeddable":true,"href":"https:\/\/radiolitoral.com\/ca\/wp-json\/wp\/v2\/tags?post=19984"}],"curies":[{"name":"wp","href":"https:\/\/api.w.org\/{rel}","templated":true}]}}