{"id":19977,"date":"2026-03-01T10:57:05","date_gmt":"2026-03-01T09:57:05","guid":{"rendered":"https:\/\/radiolitoral.com\/?p=19977"},"modified":"2026-03-06T10:57:19","modified_gmt":"2026-03-06T09:57:19","slug":"programacio-8m-teulada-moraira-actes-homenatges-i-dates","status":"publish","type":"post","link":"https:\/\/radiolitoral.com\/ca\/2026\/03\/programacion-8m-teulada-moraira-actos-homenajes-y-fechas\/","title":{"rendered":"Programaci\u00f3 8M Teulada Moraira: actes, homenatges i dates"},"content":{"rendered":"<p data-start=\"0\" data-end=\"598\"><strong>Teulada Moraira<\/strong>\u00a0ha organitzat un extens i variat programa d&#039;activitats per commemorar el\u00a0<strong>Dia Internacional de la Dona<\/strong>, que se celebrar\u00e0 el\u00a0<strong>8 de mar\u00e7<\/strong>. Sota el lema \u00ab<strong>Avui i sempre, celebrem la for\u00e7a de ser dona<\/strong>\u00ab, es duran a terme exposicions, xerrades, activitats esportives i culturals, totes centrades en la igualtat de g\u00e8nere i en la visibilitzaci\u00f3 de la dona en diferents \u00e0mbits. Les activitats estaran obertes a la participaci\u00f3 de tota la ciutadania i compten amb la col\u00b7laboraci\u00f3 de diverses entitats locals, com la Creu Roja i l&#039;Associaci\u00f3 Amas de Casa.<\/p>\n<p data-start=\"600\" data-end=\"1172\">Entre les activitats m\u00e9s destacades hi ha una exposici\u00f3 titulada \u00abNens del m\u00f3n. Coeduca en igualtat\u00bb, que es podr\u00e0 gaudir del 2 al 13 de mar\u00e7 al Hall del Sal\u00f3 d&#039;Actes de l&#039;Ajuntament de Teulada. A m\u00e9s, es realitzar\u00e0 una s\u00e8rie de\u00a0<strong>tallers<\/strong>,\u00a0<strong>marxes<\/strong>\u00a0<strong>solid\u00e0ries<\/strong>\u00a0i\u00a0<strong>representacions<\/strong>\u00a0<strong>teatrals<\/strong>\u00a0que cercaran conscienciar sobre temes d&#039;igualtat i empoderament femen\u00ed.<\/p>\n<p data-start=\"600\" data-end=\"1172\"><a href=\"https:\/\/media.marinaalta.es\/wp-content\/uploads\/2026\/02\/19121259\/CARTEL-8M-TEULADA-MORAIRA-2026.jpg\"><img loading=\"lazy\" decoding=\"async\" class=\"size-large wp-image-95500 aligncenter\" src=\"https:\/\/media.marinaalta.es\/wp-content\/uploads\/2026\/02\/19121259\/CARTEL-8M-TEULADA-MORAIRA-2026-819x1024.jpg\" sizes=\"auto, (max-width: 640px) 100vw, 640px\" srcset=\"https:\/\/media.marinaalta.es\/wp-content\/uploads\/2026\/02\/19121259\/CARTEL-8M-TEULADA-MORAIRA-2026-819x1024.jpg 819w, https:\/\/media.marinaalta.es\/wp-content\/uploads\/2026\/02\/19121259\/CARTEL-8M-TEULADA-MORAIRA-2026-240x300.jpg 240w, https:\/\/media.marinaalta.es\/wp-content\/uploads\/2026\/02\/19121259\/CARTEL-8M-TEULADA-MORAIRA-2026-768x960.jpg 768w, https:\/\/media.marinaalta.es\/wp-content\/uploads\/2026\/02\/19121259\/CARTEL-8M-TEULADA-MORAIRA-2026-392x490.jpg 392w, https:\/\/media.marinaalta.es\/wp-content\/uploads\/2026\/02\/19121259\/CARTEL-8M-TEULADA-MORAIRA-2026.jpg 1080w\" alt=\"\" width=\"640\" height=\"800\" \/><\/a><\/p>\n<h2 data-start=\"251\" data-end=\"293\"><strong data-start=\"255\" data-end=\"293\">Programaci\u00f3 8M a Teulada Moraira<\/strong><\/h2>\n<h3 data-start=\"295\" data-end=\"317\"><strong data-start=\"300\" data-end=\"317\">Exposicions<\/strong><\/h3>\n<ul>\n<li data-start=\"320\" data-end=\"347\"><strong data-start=\"320\" data-end=\"345\">Del 2 al 13 de mar\u00e7:\u00a0<\/strong><em data-start=\"352\" data-end=\"403\">Exposici\u00f3 \u00abNens del m\u00f3n. Coeduca en igualtat\u00bb<\/em>, organitzada per Creu Roja Teulada. Ubicaci\u00f3: Hall del Sal\u00f3 d\u00b4Actes de l\u00b4Ajuntament de Teulada.<\/li>\n<li data-start=\"514\" data-end=\"541\"><strong data-start=\"514\" data-end=\"539\">Del 6 al 13 de mar\u00e7:\u00a0<\/strong><em data-start=\"546\" data-end=\"575\">Mural amb frases de dones<\/em>, organitzat per Creu Roja Teulada. Ubicaci\u00f3: Pla\u00e7a de la Constituci\u00f3.<\/li>\n<li data-start=\"657\" data-end=\"684\"><strong data-start=\"657\" data-end=\"682\">Del 2 al 31 de mar\u00e7:\u00a0<\/strong><em data-start=\"689\" data-end=\"762\">Exposici\u00f3 de llibres infantils, juvenils i adults sobre igualtat.\u00a0<\/em>Ubicaci\u00f3: Biblioteca Municipal de Teulada ia l&#039;Ag\u00e8ncia de Lectura de Moraira.<\/li>\n<li data-start=\"854\" data-end=\"881\"><strong data-start=\"854\" data-end=\"879\">Del 2 al 31 de mar\u00e7:\u00a0<\/strong><em data-start=\"886\" data-end=\"943\">Exposici\u00f3 &quot;Costes i Paisatges de la Marina d&#039;Alacant&quot;\u00ab<\/em>, escrit per Narc\u00eds del Prado. Ubicaci\u00f3: Biblioteca Municipal de Teulada.<\/li>\n<\/ul>\n<h3 data-start=\"1282\" data-end=\"1303\"><strong data-start=\"1287\" data-end=\"1303\">Activitats<\/strong><\/h3>\n<ul>\n<li data-start=\"1306\" data-end=\"1331\"><strong data-start=\"1306\" data-end=\"1329\">19 i 20 de febrer:\u00a0<\/strong><em data-start=\"1336\" data-end=\"1389\">Obra de teatre interactiva \u00abHypatia i l&#039;hidrogen\u00bb<\/em>, dirigida als escolars de Teulada. Hi haur\u00e0 sessi\u00f3 el\u00a0<b>dijous a les<\/b>\u00a010:00 hores i\u00a0<strong>divendres a les<\/strong>\u00a010.00 hores. Ubicaci\u00f3: Sal\u00f3 d&#039;Actes de l&#039;Ajuntament de Teulada ia l&#039;Espai La Senieta.<\/li>\n<li><strong data-start=\"1052\" data-end=\"1067\">5 de mar\u00e7:\u00a0<\/strong><em data-start=\"1074\" data-end=\"1116\">\u00abLa import\u00e0ncia de l&#039;esport en la dona\u00bb<\/em>, organitzada per l&#039;Associaci\u00f3 d&#039;Mestresses de Casa i Consumidors de Teulada. Hora: 19.30 hores. Ubicaci\u00f3: Sal\u00f3 d\u00b4Actes de l\u00b4Ajuntament de Teulada.<\/li>\n<li data-start=\"1653\" data-end=\"1670\"><strong data-start=\"1653\" data-end=\"1668\">6 de mar\u00e7:\u00a0<\/strong><em data-start=\"1675\" data-end=\"1698\">Taller de risoter\u00e0pia<\/em>, organitzat per l&#039;Associaci\u00f3 d&#039;Mestresses de Casa i Consumidors de Teulada. Hora: 19.00 hores. Ubicaci\u00f3: Sal\u00f3 d\u00b4Actes de l\u00b4Ajuntament de Teulada.\u00a0<em data-start=\"1883\" data-end=\"1901\">Marxa solid\u00e0ria<\/em>\u00a0a favor de l\u00b4Associaci\u00f3 de Familiars de Malalts d\u00b4Alzheimer. Hora: 09.00 hores. Sortida: Pla\u00e7a de la Constituci\u00f3.<\/li>\n<li data-start=\"2035\" data-end=\"2052\"><strong data-start=\"2035\" data-end=\"2050\">8 de mar\u00e7:\u00a0<\/strong><em data-start=\"2057\" data-end=\"2082\">Performance \u00abSurrendre\u00bb<\/em>. Hora: 11.30 hores. Ubicaci\u00f3: Pla\u00e7a de la Constituci\u00f3.<\/li>\n<li data-start=\"2155\" data-end=\"2173\"><strong data-start=\"2155\" data-end=\"2171\">10 de mar\u00e7:\u00a0<\/strong><em data-start=\"2178\" data-end=\"2208\">Taller d&#039;iniciaci\u00f3 al ioga<\/em>, organitzat per la Creu Roja Teulada. Hora: 17.00 hores. Ubicaci\u00f3: Seu de Creu Roja Teulada.<\/li>\n<li data-start=\"2319\" data-end=\"2337\"><strong data-start=\"2319\" data-end=\"2335\">14 de mar\u00e7:\u00a0<\/strong><em data-start=\"2342\" data-end=\"2378\">Torneig de p\u00e0del americ\u00e0 femen\u00ed<\/em>, organitzat pel Club de P\u00e0del Teulada Moraira. Inscripcions a trav\u00e9s del correu electr\u00f2nic:\u00a0<a class=\"decorated-link cursor-pointer\" rel=\"noopener\" data-start=\"2482\" data-end=\"2521\">participacionudadana@teuladamoraira.org<\/a>.<\/li>\n<\/ul>\n<p><a href=\"https:\/\/media.marinaalta.es\/wp-content\/uploads\/2026\/02\/19121302\/PROGRAMACION-8M-TEULADA-MORAIRA-2026.jpg\"><img loading=\"lazy\" decoding=\"async\" class=\"size-large wp-image-95501 aligncenter\" src=\"https:\/\/media.marinaalta.es\/wp-content\/uploads\/2026\/02\/19121302\/PROGRAMACION-8M-TEULADA-MORAIRA-2026-819x1024.jpg\" sizes=\"auto, (max-width: 640px) 100vw, 640px\" srcset=\"https:\/\/media.marinaalta.es\/wp-content\/uploads\/2026\/02\/19121302\/PROGRAMACION-8M-TEULADA-MORAIRA-2026-819x1024.jpg 819w, https:\/\/media.marinaalta.es\/wp-content\/uploads\/2026\/02\/19121302\/PROGRAMACION-8M-TEULADA-MORAIRA-2026-240x300.jpg 240w, https:\/\/media.marinaalta.es\/wp-content\/uploads\/2026\/02\/19121302\/PROGRAMACION-8M-TEULADA-MORAIRA-2026-768x960.jpg 768w, https:\/\/media.marinaalta.es\/wp-content\/uploads\/2026\/02\/19121302\/PROGRAMACION-8M-TEULADA-MORAIRA-2026-392x490.jpg 392w, https:\/\/media.marinaalta.es\/wp-content\/uploads\/2026\/02\/19121302\/PROGRAMACION-8M-TEULADA-MORAIRA-2026.jpg 1080w\" alt=\"\" width=\"640\" height=\"800\" \/><\/a><\/p>","protected":false},"excerpt":{"rendered":"<p>Teulada Moraira\u00a0ha organizado un extenso y variado programa de actividades para conmemorar el\u00a0D\u00eda Internacional de la Mujer, que se celebrar\u00e1 el\u00a08 de marzo. Bajo el lema \u00abHoy y siempre, celebramos la fuerza de ser mujer\u00ab, se llevar\u00e1n a cabo exposiciones, charlas, actividades deportivas y culturales, todas ellas centradas en la igualdad de g\u00e9nero y en [&#8230;]<\/p>\n<p><a class=\"btn btn-secondary understrap-read-more-link\" href=\"https:\/\/radiolitoral.com\/ca\/2026\/03\/programacion-8m-teulada-moraira-actos-homenajes-y-fechas\/\">Continua llegint&#8230;<span class=\"screen-reader-text\"> from Programaci\u00f3n 8M Teulada Moraira: actos, homenajes y fechas<\/span><\/a><\/p>\n","protected":false},"author":14,"featured_media":19978,"comment_status":"open","ping_status":"closed","sticky":false,"template":"","format":"standard","meta":{"_acf_changed":false,"inline_featured_image":false,"footnotes":""},"categories":[3764],"tags":[115,195],"class_list":["post-19977","post","type-post","status-publish","format-standard","has-post-thumbnail","hentry","category-dia-internacional-de-la-mujer-8m","tag-8m","tag-teulada-moraira","cobertura-teulada-moraira"],"acf":[],"yoast_head":"<!-- This site is optimized with the Yoast SEO plugin v27.5 - https:\/\/yoast.com\/product\/yoast-seo-wordpress\/ -->\n<title>Programaci\u00f3n 8M Teulada Moraira: actos, homenajes y fechas | R\u00e0dio Litoral<\/title>\n<meta name=\"description\" content=\"Bajo el lema &quot;Hoy y siempre, celebramos la fuerza de ser mujer&quot;, se llevar\u00e1n a cabo exposiciones, charlas y actividades deportivas\" \/>\n<meta name=\"robots\" content=\"index, follow, max-snippet:-1, max-image-preview:large, max-video-preview:-1\" \/>\n<link rel=\"canonical\" href=\"https:\/\/radiolitoral.com\/ca\/2026\/03\/programacio-8m-teulada-moraira-actes-homenatges-i-dates\/\" \/>\n<meta property=\"og:locale\" content=\"ca_ES\" \/>\n<meta property=\"og:type\" content=\"article\" \/>\n<meta property=\"og:title\" content=\"Programaci\u00f3n 8M Teulada Moraira: actos, homenajes y fechas | R\u00e0dio Litoral\" \/>\n<meta property=\"og:description\" content=\"Bajo el lema &quot;Hoy y siempre, celebramos la fuerza de ser mujer&quot;, se llevar\u00e1n a cabo exposiciones, charlas y actividades deportivas\" \/>\n<meta property=\"og:url\" content=\"https:\/\/radiolitoral.com\/ca\/2026\/03\/programacio-8m-teulada-moraira-actes-homenatges-i-dates\/\" \/>\n<meta property=\"og:site_name\" content=\"R\u00e0dio Litoral\" \/>\n<meta property=\"article:publisher\" content=\"https:\/\/www.facebook.com\/Laradiolitoral\/\" \/>\n<meta property=\"article:published_time\" content=\"2026-03-01T09:57:05+00:00\" \/>\n<meta property=\"article:modified_time\" content=\"2026-03-06T09:57:19+00:00\" \/>\n<meta property=\"og:image\" content=\"https:\/\/media.radiolitoral.com\/wp-content\/uploads\/2026\/03\/06105654\/489683128_1079607424203436_932089999568980404_n.jpg\" \/>\n\t<meta property=\"og:image:width\" content=\"2047\" \/>\n\t<meta property=\"og:image:height\" content=\"1535\" \/>\n\t<meta property=\"og:image:type\" content=\"image\/jpeg\" \/>\n<meta name=\"author\" content=\"Redacci\u00f3n\" \/>\n<meta name=\"twitter:card\" content=\"summary_large_image\" \/>\n<meta name=\"twitter:label1\" content=\"Escrit per\" \/>\n\t<meta name=\"twitter:data1\" content=\"Redacci\u00f3n\" \/>\n\t<meta name=\"twitter:label2\" content=\"Temps estimat de lectura\" \/>\n\t<meta name=\"twitter:data2\" content=\"3 minuts\" \/>\n<script type=\"application\/ld+json\" class=\"yoast-schema-graph\">{\"@context\":\"https:\\\/\\\/schema.org\",\"@graph\":[{\"@type\":\"NewsArticle\",\"@id\":\"https:\\\/\\\/radiolitoral.com\\\/2026\\\/03\\\/programacion-8m-teulada-moraira-actos-homenajes-y-fechas\\\/#article\",\"isPartOf\":{\"@id\":\"https:\\\/\\\/radiolitoral.com\\\/2026\\\/03\\\/programacion-8m-teulada-moraira-actos-homenajes-y-fechas\\\/\"},\"author\":{\"name\":\"Redacci\u00f3n\",\"@id\":\"https:\\\/\\\/radiolitoral.com\\\/#\\\/schema\\\/person\\\/96b739642eb3bedb532aac3812d23307\"},\"headline\":\"Programaci\u00f3n 8M Teulada Moraira: actos, homenajes y fechas\",\"datePublished\":\"2026-03-01T09:57:05+00:00\",\"dateModified\":\"2026-03-06T09:57:19+00:00\",\"mainEntityOfPage\":{\"@id\":\"https:\\\/\\\/radiolitoral.com\\\/2026\\\/03\\\/programacion-8m-teulada-moraira-actos-homenajes-y-fechas\\\/\"},\"wordCount\":485,\"commentCount\":0,\"publisher\":{\"@id\":\"https:\\\/\\\/radiolitoral.com\\\/#organization\"},\"image\":{\"@id\":\"https:\\\/\\\/radiolitoral.com\\\/2026\\\/03\\\/programacion-8m-teulada-moraira-actos-homenajes-y-fechas\\\/#primaryimage\"},\"thumbnailUrl\":\"https:\\\/\\\/media.radiolitoral.com\\\/wp-content\\\/uploads\\\/2026\\\/03\\\/06105654\\\/489683128_1079607424203436_932089999568980404_n.jpg\",\"keywords\":[\"8M\",\"Teulada-Moraira\"],\"articleSection\":[\"D\u00eda Internacional de la Mujer - 8M\"],\"inLanguage\":\"ca\",\"potentialAction\":[{\"@type\":\"CommentAction\",\"name\":\"Comment\",\"target\":[\"https:\\\/\\\/radiolitoral.com\\\/2026\\\/03\\\/programacion-8m-teulada-moraira-actos-homenajes-y-fechas\\\/#respond\"]}]},{\"@type\":[\"WebPage\",\"ItemPage\"],\"@id\":\"https:\\\/\\\/radiolitoral.com\\\/2026\\\/03\\\/programacion-8m-teulada-moraira-actos-homenajes-y-fechas\\\/\",\"url\":\"https:\\\/\\\/radiolitoral.com\\\/2026\\\/03\\\/programacion-8m-teulada-moraira-actos-homenajes-y-fechas\\\/\",\"name\":\"Programaci\u00f3n 8M Teulada Moraira: actos, homenajes y fechas | R\u00e0dio Litoral\",\"isPartOf\":{\"@id\":\"https:\\\/\\\/radiolitoral.com\\\/#website\"},\"primaryImageOfPage\":{\"@id\":\"https:\\\/\\\/radiolitoral.com\\\/2026\\\/03\\\/programacion-8m-teulada-moraira-actos-homenajes-y-fechas\\\/#primaryimage\"},\"image\":{\"@id\":\"https:\\\/\\\/radiolitoral.com\\\/2026\\\/03\\\/programacion-8m-teulada-moraira-actos-homenajes-y-fechas\\\/#primaryimage\"},\"thumbnailUrl\":\"https:\\\/\\\/media.radiolitoral.com\\\/wp-content\\\/uploads\\\/2026\\\/03\\\/06105654\\\/489683128_1079607424203436_932089999568980404_n.jpg\",\"datePublished\":\"2026-03-01T09:57:05+00:00\",\"dateModified\":\"2026-03-06T09:57:19+00:00\",\"description\":\"Bajo el lema \\\"Hoy y siempre, celebramos la fuerza de ser mujer\\\", se llevar\u00e1n a cabo exposiciones, charlas y actividades deportivas\",\"breadcrumb\":{\"@id\":\"https:\\\/\\\/radiolitoral.com\\\/2026\\\/03\\\/programacion-8m-teulada-moraira-actos-homenajes-y-fechas\\\/#breadcrumb\"},\"inLanguage\":\"ca\",\"potentialAction\":[{\"@type\":\"ReadAction\",\"target\":[\"https:\\\/\\\/radiolitoral.com\\\/2026\\\/03\\\/programacion-8m-teulada-moraira-actos-homenajes-y-fechas\\\/\"]}]},{\"@type\":\"ImageObject\",\"inLanguage\":\"ca\",\"@id\":\"https:\\\/\\\/radiolitoral.com\\\/2026\\\/03\\\/programacion-8m-teulada-moraira-actos-homenajes-y-fechas\\\/#primaryimage\",\"url\":\"https:\\\/\\\/media.radiolitoral.com\\\/wp-content\\\/uploads\\\/2026\\\/03\\\/06105654\\\/489683128_1079607424203436_932089999568980404_n.jpg\",\"contentUrl\":\"https:\\\/\\\/media.radiolitoral.com\\\/wp-content\\\/uploads\\\/2026\\\/03\\\/06105654\\\/489683128_1079607424203436_932089999568980404_n.jpg\",\"width\":2047,\"height\":1535},{\"@type\":\"BreadcrumbList\",\"@id\":\"https:\\\/\\\/radiolitoral.com\\\/2026\\\/03\\\/programacion-8m-teulada-moraira-actos-homenajes-y-fechas\\\/#breadcrumb\",\"itemListElement\":[{\"@type\":\"ListItem\",\"position\":1,\"name\":\"Portada\",\"item\":\"https:\\\/\\\/radiolitoral.com\\\/\"},{\"@type\":\"ListItem\",\"position\":2,\"name\":\"Programaci\u00f3n 8M Teulada Moraira: actos, homenajes y fechas\"}]},{\"@type\":\"WebSite\",\"@id\":\"https:\\\/\\\/radiolitoral.com\\\/#website\",\"url\":\"https:\\\/\\\/radiolitoral.com\\\/\",\"name\":\"Radio Litoral\",\"description\":\"La radio local de la Marina Alta\",\"publisher\":{\"@id\":\"https:\\\/\\\/radiolitoral.com\\\/#organization\"},\"alternateName\":\"Litoral FM\",\"potentialAction\":[{\"@type\":\"SearchAction\",\"target\":{\"@type\":\"EntryPoint\",\"urlTemplate\":\"https:\\\/\\\/radiolitoral.com\\\/?s={search_term_string}\"},\"query-input\":{\"@type\":\"PropertyValueSpecification\",\"valueRequired\":true,\"valueName\":\"search_term_string\"}}],\"inLanguage\":\"ca\"},{\"@type\":\"Organization\",\"@id\":\"https:\\\/\\\/radiolitoral.com\\\/#organization\",\"name\":\"Radio Litoral\",\"url\":\"https:\\\/\\\/radiolitoral.com\\\/\",\"logo\":{\"@type\":\"ImageObject\",\"inLanguage\":\"ca\",\"@id\":\"https:\\\/\\\/radiolitoral.com\\\/#\\\/schema\\\/logo\\\/image\\\/\",\"url\":\"https:\\\/\\\/media.radiolitoral.com\\\/wp-content\\\/uploads\\\/2023\\\/02\\\/24143238\\\/CL-V-RadioLitoral696.png\",\"contentUrl\":\"https:\\\/\\\/media.radiolitoral.com\\\/wp-content\\\/uploads\\\/2023\\\/02\\\/24143238\\\/CL-V-RadioLitoral696.png\",\"width\":696,\"height\":696,\"caption\":\"Radio Litoral\"},\"image\":{\"@id\":\"https:\\\/\\\/radiolitoral.com\\\/#\\\/schema\\\/logo\\\/image\\\/\"},\"sameAs\":[\"https:\\\/\\\/www.facebook.com\\\/Laradiolitoral\\\/\"]},{\"@type\":\"Person\",\"@id\":\"https:\\\/\\\/radiolitoral.com\\\/#\\\/schema\\\/person\\\/96b739642eb3bedb532aac3812d23307\",\"name\":\"Redacci\u00f3n\",\"image\":{\"@type\":\"ImageObject\",\"inLanguage\":\"ca\",\"@id\":\"https:\\\/\\\/secure.gravatar.com\\\/avatar\\\/30cd06129ee90411dd9c7cbdcf17464181d1a3c7b072e92070ea75a25cf0097e?s=96&d=mm&r=g\",\"url\":\"https:\\\/\\\/secure.gravatar.com\\\/avatar\\\/30cd06129ee90411dd9c7cbdcf17464181d1a3c7b072e92070ea75a25cf0097e?s=96&d=mm&r=g\",\"contentUrl\":\"https:\\\/\\\/secure.gravatar.com\\\/avatar\\\/30cd06129ee90411dd9c7cbdcf17464181d1a3c7b072e92070ea75a25cf0097e?s=96&d=mm&r=g\",\"caption\":\"Redacci\u00f3n\"},\"url\":\"https:\\\/\\\/radiolitoral.com\\\/ca\\\/author\\\/kevin-carrio\\\/\"}]}<\/script>\n<!-- \/ Yoast SEO plugin. -->","yoast_head_json":{"title":"Programaci\u00f3 8M Teulada Moraira: actes, homenatges i dates | R\u00e0dio Litoral","description":"Sota el lema &quot;Avui i sempre, celebrem la for\u00e7a de ser dona&quot;, es duran a terme exposicions, xerrades i activitats esportives","robots":{"index":"index","follow":"follow","max-snippet":"max-snippet:-1","max-image-preview":"max-image-preview:large","max-video-preview":"max-video-preview:-1"},"canonical":"https:\/\/radiolitoral.com\/ca\/2026\/03\/programacio-8m-teulada-moraira-actes-homenatges-i-dates\/","og_locale":"ca_ES","og_type":"article","og_title":"Programaci\u00f3n 8M Teulada Moraira: actos, homenajes y fechas | R\u00e0dio Litoral","og_description":"Bajo el lema \"Hoy y siempre, celebramos la fuerza de ser mujer\", se llevar\u00e1n a cabo exposiciones, charlas y actividades deportivas","og_url":"https:\/\/radiolitoral.com\/ca\/2026\/03\/programacio-8m-teulada-moraira-actes-homenatges-i-dates\/","og_site_name":"R\u00e0dio Litoral","article_publisher":"https:\/\/www.facebook.com\/Laradiolitoral\/","article_published_time":"2026-03-01T09:57:05+00:00","article_modified_time":"2026-03-06T09:57:19+00:00","og_image":[{"width":2047,"height":1535,"url":"https:\/\/media.radiolitoral.com\/wp-content\/uploads\/2026\/03\/06105654\/489683128_1079607424203436_932089999568980404_n.jpg","type":"image\/jpeg"}],"author":"Redacci\u00f3n","twitter_card":"summary_large_image","twitter_misc":{"Escrit per":"Redacci\u00f3n","Temps estimat de lectura":"3 minuts"},"schema":{"@context":"https:\/\/schema.org","@graph":[{"@type":"NewsArticle","@id":"https:\/\/radiolitoral.com\/2026\/03\/programacion-8m-teulada-moraira-actos-homenajes-y-fechas\/#article","isPartOf":{"@id":"https:\/\/radiolitoral.com\/2026\/03\/programacion-8m-teulada-moraira-actos-homenajes-y-fechas\/"},"author":{"name":"Redacci\u00f3n","@id":"https:\/\/radiolitoral.com\/#\/schema\/person\/96b739642eb3bedb532aac3812d23307"},"headline":"Programaci\u00f3n 8M Teulada Moraira: actos, homenajes y fechas","datePublished":"2026-03-01T09:57:05+00:00","dateModified":"2026-03-06T09:57:19+00:00","mainEntityOfPage":{"@id":"https:\/\/radiolitoral.com\/2026\/03\/programacion-8m-teulada-moraira-actos-homenajes-y-fechas\/"},"wordCount":485,"commentCount":0,"publisher":{"@id":"https:\/\/radiolitoral.com\/#organization"},"image":{"@id":"https:\/\/radiolitoral.com\/2026\/03\/programacion-8m-teulada-moraira-actos-homenajes-y-fechas\/#primaryimage"},"thumbnailUrl":"https:\/\/media.radiolitoral.com\/wp-content\/uploads\/2026\/03\/06105654\/489683128_1079607424203436_932089999568980404_n.jpg","keywords":["8M","Teulada-Moraira"],"articleSection":["D\u00eda Internacional de la Mujer - 8M"],"inLanguage":"ca","potentialAction":[{"@type":"CommentAction","name":"Comment","target":["https:\/\/radiolitoral.com\/2026\/03\/programacion-8m-teulada-moraira-actos-homenajes-y-fechas\/#respond"]}]},{"@type":["WebPage","ItemPage"],"@id":"https:\/\/radiolitoral.com\/2026\/03\/programacion-8m-teulada-moraira-actos-homenajes-y-fechas\/","url":"https:\/\/radiolitoral.com\/2026\/03\/programacion-8m-teulada-moraira-actos-homenajes-y-fechas\/","name":"Programaci\u00f3 8M Teulada Moraira: actes, homenatges i dates | R\u00e0dio Litoral","isPartOf":{"@id":"https:\/\/radiolitoral.com\/#website"},"primaryImageOfPage":{"@id":"https:\/\/radiolitoral.com\/2026\/03\/programacion-8m-teulada-moraira-actos-homenajes-y-fechas\/#primaryimage"},"image":{"@id":"https:\/\/radiolitoral.com\/2026\/03\/programacion-8m-teulada-moraira-actos-homenajes-y-fechas\/#primaryimage"},"thumbnailUrl":"https:\/\/media.radiolitoral.com\/wp-content\/uploads\/2026\/03\/06105654\/489683128_1079607424203436_932089999568980404_n.jpg","datePublished":"2026-03-01T09:57:05+00:00","dateModified":"2026-03-06T09:57:19+00:00","description":"Sota el lema &quot;Avui i sempre, celebrem la for\u00e7a de ser dona&quot;, es duran a terme exposicions, xerrades i activitats esportives","breadcrumb":{"@id":"https:\/\/radiolitoral.com\/2026\/03\/programacion-8m-teulada-moraira-actos-homenajes-y-fechas\/#breadcrumb"},"inLanguage":"ca","potentialAction":[{"@type":"ReadAction","target":["https:\/\/radiolitoral.com\/2026\/03\/programacion-8m-teulada-moraira-actos-homenajes-y-fechas\/"]}]},{"@type":"ImageObject","inLanguage":"ca","@id":"https:\/\/radiolitoral.com\/2026\/03\/programacion-8m-teulada-moraira-actos-homenajes-y-fechas\/#primaryimage","url":"https:\/\/media.radiolitoral.com\/wp-content\/uploads\/2026\/03\/06105654\/489683128_1079607424203436_932089999568980404_n.jpg","contentUrl":"https:\/\/media.radiolitoral.com\/wp-content\/uploads\/2026\/03\/06105654\/489683128_1079607424203436_932089999568980404_n.jpg","width":2047,"height":1535},{"@type":"BreadcrumbList","@id":"https:\/\/radiolitoral.com\/2026\/03\/programacion-8m-teulada-moraira-actos-homenajes-y-fechas\/#breadcrumb","itemListElement":[{"@type":"ListItem","position":1,"name":"Portada","item":"https:\/\/radiolitoral.com\/"},{"@type":"ListItem","position":2,"name":"Programaci\u00f3n 8M Teulada Moraira: actos, homenajes y fechas"}]},{"@type":"WebSite","@id":"https:\/\/radiolitoral.com\/#website","url":"https:\/\/radiolitoral.com\/","name":"R\u00e0dio Litoral","description":"La r\u00e0dio local de la Marina Alta","publisher":{"@id":"https:\/\/radiolitoral.com\/#organization"},"alternateName":"Litoral FM","potentialAction":[{"@type":"SearchAction","target":{"@type":"EntryPoint","urlTemplate":"https:\/\/radiolitoral.com\/?s={search_term_string}"},"query-input":{"@type":"PropertyValueSpecification","valueRequired":true,"valueName":"search_term_string"}}],"inLanguage":"ca"},{"@type":"Organization","@id":"https:\/\/radiolitoral.com\/#organization","name":"R\u00e0dio Litoral","url":"https:\/\/radiolitoral.com\/","logo":{"@type":"ImageObject","inLanguage":"ca","@id":"https:\/\/radiolitoral.com\/#\/schema\/logo\/image\/","url":"https:\/\/media.radiolitoral.com\/wp-content\/uploads\/2023\/02\/24143238\/CL-V-RadioLitoral696.png","contentUrl":"https:\/\/media.radiolitoral.com\/wp-content\/uploads\/2023\/02\/24143238\/CL-V-RadioLitoral696.png","width":696,"height":696,"caption":"Radio Litoral"},"image":{"@id":"https:\/\/radiolitoral.com\/#\/schema\/logo\/image\/"},"sameAs":["https:\/\/www.facebook.com\/Laradiolitoral\/"]},{"@type":"Person","@id":"https:\/\/radiolitoral.com\/#\/schema\/person\/96b739642eb3bedb532aac3812d23307","name":"Redacci\u00f3","image":{"@type":"ImageObject","inLanguage":"ca","@id":"https:\/\/secure.gravatar.com\/avatar\/30cd06129ee90411dd9c7cbdcf17464181d1a3c7b072e92070ea75a25cf0097e?s=96&d=mm&r=g","url":"https:\/\/secure.gravatar.com\/avatar\/30cd06129ee90411dd9c7cbdcf17464181d1a3c7b072e92070ea75a25cf0097e?s=96&d=mm&r=g","contentUrl":"https:\/\/secure.gravatar.com\/avatar\/30cd06129ee90411dd9c7cbdcf17464181d1a3c7b072e92070ea75a25cf0097e?s=96&d=mm&r=g","caption":"Redacci\u00f3n"},"url":"https:\/\/radiolitoral.com\/ca\/author\/kevin-carrio\/"}]}},"_links":{"self":[{"href":"https:\/\/radiolitoral.com\/ca\/wp-json\/wp\/v2\/posts\/19977","targetHints":{"allow":["GET"]}}],"collection":[{"href":"https:\/\/radiolitoral.com\/ca\/wp-json\/wp\/v2\/posts"}],"about":[{"href":"https:\/\/radiolitoral.com\/ca\/wp-json\/wp\/v2\/types\/post"}],"author":[{"embeddable":true,"href":"https:\/\/radiolitoral.com\/ca\/wp-json\/wp\/v2\/users\/14"}],"replies":[{"embeddable":true,"href":"https:\/\/radiolitoral.com\/ca\/wp-json\/wp\/v2\/comments?post=19977"}],"version-history":[{"count":1,"href":"https:\/\/radiolitoral.com\/ca\/wp-json\/wp\/v2\/posts\/19977\/revisions"}],"predecessor-version":[{"id":19979,"href":"https:\/\/radiolitoral.com\/ca\/wp-json\/wp\/v2\/posts\/19977\/revisions\/19979"}],"wp:featuredmedia":[{"embeddable":true,"href":"https:\/\/radiolitoral.com\/ca\/wp-json\/wp\/v2\/media\/19978"}],"wp:attachment":[{"href":"https:\/\/radiolitoral.com\/ca\/wp-json\/wp\/v2\/media?parent=19977"}],"wp:term":[{"taxonomy":"category","embeddable":true,"href":"https:\/\/radiolitoral.com\/ca\/wp-json\/wp\/v2\/categories?post=19977"},{"taxonomy":"post_tag","embeddable":true,"href":"https:\/\/radiolitoral.com\/ca\/wp-json\/wp\/v2\/tags?post=19977"}],"curies":[{"name":"wp","href":"https:\/\/api.w.org\/{rel}","templated":true}]}}