{"id":19958,"date":"2026-03-04T07:35:49","date_gmt":"2026-03-04T06:35:49","guid":{"rendered":"https:\/\/radiolitoral.com\/?p=19958"},"modified":"2026-03-04T07:35:49","modified_gmt":"2026-03-04T06:35:49","slug":"benissa-presenta-els-seus-contenidors-intel%c2%b7ligents-per-millorar-lindex-de-reciclatge","status":"publish","type":"post","link":"https:\/\/radiolitoral.com\/ca\/2026\/03\/benissa-presenta-sus-contenedores-inteligentes-para-mejorar-el-indice-de-reciclaje\/","title":{"rendered":"Benissa presenta els seus contenidors intel\u00b7ligents per millorar l&#039;\u00edndex de reciclatge"},"content":{"rendered":"<p data-start=\"269\" data-end=\"609\">L&#039;Ajuntament de\u00a0<strong>Benissa<\/strong>\u00a0ha donat a con\u00e8ixer aquest mat\u00ed una nova iniciativa adre\u00e7ada a millorar els \u00edndexs de reciclatge a la localitat. La campanya, titulada\u00a0<strong data-start=\"429\" data-end=\"455\">\u201cSeguim Intel\u00b7ligents\u201d<\/strong>, t\u00e9 com a objectiu la instal\u00b7laci\u00f3 progressiva de\u00a0<strong data-start=\"506\" data-end=\"535\">contenidors intel\u00b7ligents<\/strong>\u00a0que permetran mesurar la quantitat de residus reciclats per cada ve\u00ed.<\/p>\n<p data-start=\"611\" data-end=\"933\">El sistema proposat busca premiar els que realitzin un esfor\u00e7 per reciclar correctament, ajustant la\u00a0<strong data-start=\"718\" data-end=\"736\">taxa d&#039;escombraries<\/strong>\u00a0en funci\u00f3 del comportament individual dels ciutadans. D&#039;aquesta manera, els que contribueixin de manera m\u00e9s activa al reciclatge es podran beneficiar d&#039;una reducci\u00f3 del cost de l&#039;impost.<\/p>\n<figure id=\"attachment_19960\" aria-describedby=\"caption-attachment-19960\" style=\"width: 2560px\" class=\"wp-caption aligncenter\"><a href=\"https:\/\/media.radiolitoral.com\/wp-content\/uploads\/2026\/03\/04073458\/WhatsApp-Image-2026-03-03-at-10.37.36-scaled.jpeg\"><img loading=\"lazy\" decoding=\"async\" class=\"wp-image-19960 size-full\" src=\"https:\/\/media.radiolitoral.com\/wp-content\/uploads\/2026\/03\/04073458\/WhatsApp-Image-2026-03-03-at-10.37.36-scaled.jpeg\" alt=\"\" width=\"2560\" height=\"1440\" srcset=\"https:\/\/media.radiolitoral.com\/wp-content\/uploads\/2026\/03\/04073458\/WhatsApp-Image-2026-03-03-at-10.37.36-scaled.jpeg 2560w, https:\/\/media.radiolitoral.com\/wp-content\/uploads\/2026\/03\/04073458\/WhatsApp-Image-2026-03-03-at-10.37.36-300x169.jpeg 300w, https:\/\/media.radiolitoral.com\/wp-content\/uploads\/2026\/03\/04073458\/WhatsApp-Image-2026-03-03-at-10.37.36-1024x576.jpeg 1024w, https:\/\/media.radiolitoral.com\/wp-content\/uploads\/2026\/03\/04073458\/WhatsApp-Image-2026-03-03-at-10.37.36-768x432.jpeg 768w, https:\/\/media.radiolitoral.com\/wp-content\/uploads\/2026\/03\/04073458\/WhatsApp-Image-2026-03-03-at-10.37.36-1536x864.jpeg 1536w, https:\/\/media.radiolitoral.com\/wp-content\/uploads\/2026\/03\/04073458\/WhatsApp-Image-2026-03-03-at-10.37.36-2048x1152.jpeg 2048w, https:\/\/media.radiolitoral.com\/wp-content\/uploads\/2026\/03\/04073458\/WhatsApp-Image-2026-03-03-at-10.37.36-18x10.jpeg 18w, https:\/\/media.radiolitoral.com\/wp-content\/uploads\/2026\/03\/04073458\/WhatsApp-Image-2026-03-03-at-10.37.36-1000x563.jpeg 1000w, https:\/\/media.radiolitoral.com\/wp-content\/uploads\/2026\/03\/04073458\/WhatsApp-Image-2026-03-03-at-10.37.36-100x56.jpeg 100w, https:\/\/media.radiolitoral.com\/wp-content\/uploads\/2026\/03\/04073458\/WhatsApp-Image-2026-03-03-at-10.37.36-200x113.jpeg 200w\" sizes=\"auto, (max-width: 2560px) 100vw, 2560px\" \/><\/a><figcaption id=\"caption-attachment-19960\" class=\"wp-caption-text\">Presentaci\u00f3 dels contenidors intel\u00b7ligents a Benissa | Alba Alborch<\/figcaption><\/figure>\n<figure id=\"attachment_96779\" class=\"wp-caption aligncenter\" aria-describedby=\"caption-attachment-96779\"><figcaption id=\"caption-attachment-96779\" class=\"wp-caption-text\"><\/figcaption><\/figure>\n<h2 data-start=\"935\" data-end=\"985\"><strong data-start=\"935\" data-end=\"985\">Fases del projecte i adaptaci\u00f3 dels ve\u00efns<\/strong><\/h2>\n<p data-start=\"987\" data-end=\"1071\">Segons el que s&#039;ha explicat a la roda de premsa, el projecte s&#039;implementar\u00e0 en tres fases:<\/p>\n<ul>\n<li data-start=\"987\" data-end=\"1071\"><strong>Primera fase<\/strong>: Al mes de mar\u00e7 es procedir\u00e0 a la instal\u00b7laci\u00f3 dels nous contenidors intel\u00b7ligents en diverses ubicacions del municipi.<\/li>\n<li data-start=\"987\" data-end=\"1071\"><strong>Segona fase<\/strong>: Es distribuiran targetes personalitzades als ciutadans, que els permetran ser identificats al moment de dipositar-ne els residus, registrant-se aix\u00ed el volum reciclat per cada usuari.<\/li>\n<li data-start=\"987\" data-end=\"1071\"><strong>Tercera fase<\/strong>: En aquesta etapa es dur\u00e0 a terme una \u00e0mplia campanya informativa a trav\u00e9s de xarxes socials i altres canals, detallant el funcionament del sistema i oferint refor\u00e7 educatiu sobre la import\u00e0ncia del reciclatge.<\/li>\n<\/ul>\n<p data-start=\"987\" data-end=\"1071\">Durant l&#039;arrencada del sistema, els\u00a0<strong data-start=\"1712\" data-end=\"1728\">contenidors<\/strong>\u00a0estaran oberts per facilitar la transici\u00f3 dels ve\u00efns. M\u00e9s endavant, caldr\u00e0 utilitzar la targeta personal per poder accedir-hi i dipositar-hi els residus.<\/p>\n<h2 data-start=\"1903\" data-end=\"1961\"><strong data-start=\"1903\" data-end=\"1961\">Comprom\u00eds amb el medi ambient i la Uni\u00f3 Europea<\/strong><\/h2>\n<p data-start=\"1963\" data-end=\"2361\">A la roda de premsa, el\u00a0<strong data-start=\"1989\" data-end=\"2014\">alcalde Arturo Poquet<\/strong>\u00a0va destacar que els objectius de la\u00a0<strong data-start=\"2047\" data-end=\"2064\">Uni\u00f3 Europea<\/strong>\u00a0quant a la\u00a0<strong data-start=\"2080\" data-end=\"2114\">recollida selectiva de residus<\/strong>\u00a0s\u00f3n ambiciosos: assolir un 60% de reciclatge per al 2030 i un 65% per al 2035. Aquests objectius, segons Poquet, no nom\u00e9s s\u00f3n una obligaci\u00f3 per als municipis, sin\u00f3 que tamb\u00e9 requereixen el comprom\u00eds actiu dels ciutadans per poder ser aconseguits.<\/p>\n<p data-start=\"2363\" data-end=\"2555\">D&#039;altra banda, s&#039;ha informat que l&#039;Ajuntament de Benissa treballa en la modificaci\u00f3 de la\u00a0<strong data-start=\"2458\" data-end=\"2481\">ordenan\u00e7a municipal<\/strong>\u00a0per adaptar la normativa local al nou sistema de gesti\u00f3 de residus.<\/p>\n<p data-start=\"2616\" data-end=\"3071\">Rub\u00e9n Moncho, gerent de\u00a0<strong data-start=\"2641\" data-end=\"2659\">Benissa Impuls<\/strong>, i Ram\u00f3n P\u00e9rez, educador ambiental de\u00a0<strong data-start=\"2698\" data-end=\"2715\">Sembra Natura<\/strong>, tamb\u00e9 van participar en la presentaci\u00f3, subratllant la import\u00e0ncia de la implicaci\u00f3 ciutadana. La campanya de conscienciaci\u00f3 ser\u00e0 fonamental perqu\u00e8 els ve\u00efns comprenguin no nom\u00e9s el funcionament t\u00e8cnic dels\u00a0<strong data-start=\"2932\" data-end=\"2961\">contenidors intel\u00b7ligents<\/strong>, sin\u00f3 tamb\u00e9 el benefici ambiental i econ\u00f2mic que comporta un comportament responsable amb els residus.<\/p>","protected":false},"excerpt":{"rendered":"<p>El Ayuntamiento de\u00a0Benissa\u00a0ha dado a conocer esta ma\u00f1ana una nueva iniciativa dirigida a mejorar los \u00edndices de reciclaje en la localidad. La campa\u00f1a, titulada\u00a0\u201cSiguem Intel\u00b7ligents\u201d, tiene como objetivo la instalaci\u00f3n progresiva de\u00a0contenedores inteligentes\u00a0que permitir\u00e1n medir la cantidad de residuos reciclados por cada vecino. El sistema propuesto busca premiar a quienes realicen un esfuerzo por reciclar [&#8230;]<\/p>\n<p><a class=\"btn btn-secondary understrap-read-more-link\" href=\"https:\/\/radiolitoral.com\/ca\/2026\/03\/benissa-presenta-sus-contenedores-inteligentes-para-mejorar-el-indice-de-reciclaje\/\">Continua llegint&#8230;<span class=\"screen-reader-text\"> from Benissa presenta sus contenedores inteligentes para mejorar el \u00edndice de reciclaje<\/span><\/a><\/p>\n","protected":false},"author":14,"featured_media":19959,"comment_status":"open","ping_status":"closed","sticky":false,"template":"","format":"standard","meta":{"_acf_changed":false,"inline_featured_image":false,"footnotes":""},"categories":[85],"tags":[126,1381,5229,5230],"class_list":["post-19958","post","type-post","status-publish","format-standard","has-post-thumbnail","hentry","category-servicios-publicos","tag-benissa","tag-benissa-impuls","tag-contenedores-inteligentes","tag-reciclaje","cobertura-benissa"],"acf":[],"yoast_head":"<!-- This site is optimized with the Yoast SEO plugin v27.5 - https:\/\/yoast.com\/product\/yoast-seo-wordpress\/ -->\n<title>Benissa presenta sus contenedores inteligentes para mejorar el \u00edndice de reciclaje | R\u00e0dio Litoral<\/title>\n<meta name=\"description\" content=\"La campa\u00f1a, titulada \u201cSiguem Intel\u00b7ligents\u201d, tiene como objetivo la instalaci\u00f3n progresiva en tres fases\" \/>\n<meta name=\"robots\" content=\"index, follow, max-snippet:-1, max-image-preview:large, max-video-preview:-1\" \/>\n<link rel=\"canonical\" href=\"https:\/\/radiolitoral.com\/ca\/2026\/03\/benissa-presenta-els-seus-contenidors-intel\u00b7ligents-per-millorar-lindex-de-reciclatge\/\" \/>\n<meta property=\"og:locale\" content=\"ca_ES\" \/>\n<meta property=\"og:type\" content=\"article\" \/>\n<meta property=\"og:title\" content=\"Benissa presenta sus contenedores inteligentes para mejorar el \u00edndice de reciclaje | R\u00e0dio Litoral\" \/>\n<meta property=\"og:description\" content=\"La campa\u00f1a, titulada \u201cSiguem Intel\u00b7ligents\u201d, tiene como objetivo la instalaci\u00f3n progresiva en tres fases\" \/>\n<meta property=\"og:url\" content=\"https:\/\/radiolitoral.com\/ca\/2026\/03\/benissa-presenta-els-seus-contenidors-intel\u00b7ligents-per-millorar-lindex-de-reciclatge\/\" \/>\n<meta property=\"og:site_name\" content=\"R\u00e0dio Litoral\" \/>\n<meta property=\"article:publisher\" content=\"https:\/\/www.facebook.com\/Laradiolitoral\/\" \/>\n<meta property=\"article:published_time\" content=\"2026-03-04T06:35:49+00:00\" \/>\n<meta property=\"og:image\" content=\"https:\/\/media.radiolitoral.com\/wp-content\/uploads\/2026\/03\/04073451\/WhatsApp-Image-2026-03-03-at-11.10.43-scaled.jpeg\" \/>\n\t<meta property=\"og:image:width\" content=\"2560\" \/>\n\t<meta property=\"og:image:height\" content=\"1440\" \/>\n\t<meta property=\"og:image:type\" content=\"image\/jpeg\" \/>\n<meta name=\"author\" content=\"Redacci\u00f3n\" \/>\n<meta name=\"twitter:card\" content=\"summary_large_image\" \/>\n<meta name=\"twitter:label1\" content=\"Escrit per\" \/>\n\t<meta name=\"twitter:data1\" content=\"Redacci\u00f3n\" \/>\n\t<meta name=\"twitter:label2\" content=\"Temps estimat de lectura\" \/>\n\t<meta name=\"twitter:data2\" content=\"3 minuts\" \/>\n<script type=\"application\/ld+json\" class=\"yoast-schema-graph\">{\"@context\":\"https:\\\/\\\/schema.org\",\"@graph\":[{\"@type\":\"NewsArticle\",\"@id\":\"https:\\\/\\\/radiolitoral.com\\\/2026\\\/03\\\/benissa-presenta-sus-contenedores-inteligentes-para-mejorar-el-indice-de-reciclaje\\\/#article\",\"isPartOf\":{\"@id\":\"https:\\\/\\\/radiolitoral.com\\\/2026\\\/03\\\/benissa-presenta-sus-contenedores-inteligentes-para-mejorar-el-indice-de-reciclaje\\\/\"},\"author\":{\"name\":\"Redacci\u00f3n\",\"@id\":\"https:\\\/\\\/radiolitoral.com\\\/#\\\/schema\\\/person\\\/96b739642eb3bedb532aac3812d23307\"},\"headline\":\"Benissa presenta sus contenedores inteligentes para mejorar el \u00edndice de reciclaje\",\"datePublished\":\"2026-03-04T06:35:49+00:00\",\"mainEntityOfPage\":{\"@id\":\"https:\\\/\\\/radiolitoral.com\\\/2026\\\/03\\\/benissa-presenta-sus-contenedores-inteligentes-para-mejorar-el-indice-de-reciclaje\\\/\"},\"wordCount\":465,\"commentCount\":0,\"publisher\":{\"@id\":\"https:\\\/\\\/radiolitoral.com\\\/#organization\"},\"image\":{\"@id\":\"https:\\\/\\\/radiolitoral.com\\\/2026\\\/03\\\/benissa-presenta-sus-contenedores-inteligentes-para-mejorar-el-indice-de-reciclaje\\\/#primaryimage\"},\"thumbnailUrl\":\"https:\\\/\\\/media.radiolitoral.com\\\/wp-content\\\/uploads\\\/2026\\\/03\\\/04073451\\\/WhatsApp-Image-2026-03-03-at-11.10.43-scaled.jpeg\",\"keywords\":[\"Benissa\",\"Benissa Impuls\",\"contenedores inteligentes\",\"reciclaje\"],\"articleSection\":[\"Servicios P\u00fablicos\"],\"inLanguage\":\"ca\",\"potentialAction\":[{\"@type\":\"CommentAction\",\"name\":\"Comment\",\"target\":[\"https:\\\/\\\/radiolitoral.com\\\/2026\\\/03\\\/benissa-presenta-sus-contenedores-inteligentes-para-mejorar-el-indice-de-reciclaje\\\/#respond\"]}]},{\"@type\":[\"WebPage\",\"ItemPage\"],\"@id\":\"https:\\\/\\\/radiolitoral.com\\\/2026\\\/03\\\/benissa-presenta-sus-contenedores-inteligentes-para-mejorar-el-indice-de-reciclaje\\\/\",\"url\":\"https:\\\/\\\/radiolitoral.com\\\/2026\\\/03\\\/benissa-presenta-sus-contenedores-inteligentes-para-mejorar-el-indice-de-reciclaje\\\/\",\"name\":\"Benissa presenta sus contenedores inteligentes para mejorar el \u00edndice de reciclaje | R\u00e0dio Litoral\",\"isPartOf\":{\"@id\":\"https:\\\/\\\/radiolitoral.com\\\/#website\"},\"primaryImageOfPage\":{\"@id\":\"https:\\\/\\\/radiolitoral.com\\\/2026\\\/03\\\/benissa-presenta-sus-contenedores-inteligentes-para-mejorar-el-indice-de-reciclaje\\\/#primaryimage\"},\"image\":{\"@id\":\"https:\\\/\\\/radiolitoral.com\\\/2026\\\/03\\\/benissa-presenta-sus-contenedores-inteligentes-para-mejorar-el-indice-de-reciclaje\\\/#primaryimage\"},\"thumbnailUrl\":\"https:\\\/\\\/media.radiolitoral.com\\\/wp-content\\\/uploads\\\/2026\\\/03\\\/04073451\\\/WhatsApp-Image-2026-03-03-at-11.10.43-scaled.jpeg\",\"datePublished\":\"2026-03-04T06:35:49+00:00\",\"description\":\"La campa\u00f1a, titulada \u201cSiguem Intel\u00b7ligents\u201d, tiene como objetivo la instalaci\u00f3n progresiva en tres fases\",\"breadcrumb\":{\"@id\":\"https:\\\/\\\/radiolitoral.com\\\/2026\\\/03\\\/benissa-presenta-sus-contenedores-inteligentes-para-mejorar-el-indice-de-reciclaje\\\/#breadcrumb\"},\"inLanguage\":\"ca\",\"potentialAction\":[{\"@type\":\"ReadAction\",\"target\":[\"https:\\\/\\\/radiolitoral.com\\\/2026\\\/03\\\/benissa-presenta-sus-contenedores-inteligentes-para-mejorar-el-indice-de-reciclaje\\\/\"]}]},{\"@type\":\"ImageObject\",\"inLanguage\":\"ca\",\"@id\":\"https:\\\/\\\/radiolitoral.com\\\/2026\\\/03\\\/benissa-presenta-sus-contenedores-inteligentes-para-mejorar-el-indice-de-reciclaje\\\/#primaryimage\",\"url\":\"https:\\\/\\\/media.radiolitoral.com\\\/wp-content\\\/uploads\\\/2026\\\/03\\\/04073451\\\/WhatsApp-Image-2026-03-03-at-11.10.43-scaled.jpeg\",\"contentUrl\":\"https:\\\/\\\/media.radiolitoral.com\\\/wp-content\\\/uploads\\\/2026\\\/03\\\/04073451\\\/WhatsApp-Image-2026-03-03-at-11.10.43-scaled.jpeg\",\"width\":2560,\"height\":1440},{\"@type\":\"BreadcrumbList\",\"@id\":\"https:\\\/\\\/radiolitoral.com\\\/2026\\\/03\\\/benissa-presenta-sus-contenedores-inteligentes-para-mejorar-el-indice-de-reciclaje\\\/#breadcrumb\",\"itemListElement\":[{\"@type\":\"ListItem\",\"position\":1,\"name\":\"Portada\",\"item\":\"https:\\\/\\\/radiolitoral.com\\\/\"},{\"@type\":\"ListItem\",\"position\":2,\"name\":\"Benissa presenta sus contenedores inteligentes para mejorar el \u00edndice de reciclaje\"}]},{\"@type\":\"WebSite\",\"@id\":\"https:\\\/\\\/radiolitoral.com\\\/#website\",\"url\":\"https:\\\/\\\/radiolitoral.com\\\/\",\"name\":\"Radio Litoral\",\"description\":\"La radio local de la Marina Alta\",\"publisher\":{\"@id\":\"https:\\\/\\\/radiolitoral.com\\\/#organization\"},\"alternateName\":\"Litoral FM\",\"potentialAction\":[{\"@type\":\"SearchAction\",\"target\":{\"@type\":\"EntryPoint\",\"urlTemplate\":\"https:\\\/\\\/radiolitoral.com\\\/?s={search_term_string}\"},\"query-input\":{\"@type\":\"PropertyValueSpecification\",\"valueRequired\":true,\"valueName\":\"search_term_string\"}}],\"inLanguage\":\"ca\"},{\"@type\":\"Organization\",\"@id\":\"https:\\\/\\\/radiolitoral.com\\\/#organization\",\"name\":\"Radio Litoral\",\"url\":\"https:\\\/\\\/radiolitoral.com\\\/\",\"logo\":{\"@type\":\"ImageObject\",\"inLanguage\":\"ca\",\"@id\":\"https:\\\/\\\/radiolitoral.com\\\/#\\\/schema\\\/logo\\\/image\\\/\",\"url\":\"https:\\\/\\\/media.radiolitoral.com\\\/wp-content\\\/uploads\\\/2023\\\/02\\\/24143238\\\/CL-V-RadioLitoral696.png\",\"contentUrl\":\"https:\\\/\\\/media.radiolitoral.com\\\/wp-content\\\/uploads\\\/2023\\\/02\\\/24143238\\\/CL-V-RadioLitoral696.png\",\"width\":696,\"height\":696,\"caption\":\"Radio Litoral\"},\"image\":{\"@id\":\"https:\\\/\\\/radiolitoral.com\\\/#\\\/schema\\\/logo\\\/image\\\/\"},\"sameAs\":[\"https:\\\/\\\/www.facebook.com\\\/Laradiolitoral\\\/\"]},{\"@type\":\"Person\",\"@id\":\"https:\\\/\\\/radiolitoral.com\\\/#\\\/schema\\\/person\\\/96b739642eb3bedb532aac3812d23307\",\"name\":\"Redacci\u00f3n\",\"image\":{\"@type\":\"ImageObject\",\"inLanguage\":\"ca\",\"@id\":\"https:\\\/\\\/secure.gravatar.com\\\/avatar\\\/30cd06129ee90411dd9c7cbdcf17464181d1a3c7b072e92070ea75a25cf0097e?s=96&d=mm&r=g\",\"url\":\"https:\\\/\\\/secure.gravatar.com\\\/avatar\\\/30cd06129ee90411dd9c7cbdcf17464181d1a3c7b072e92070ea75a25cf0097e?s=96&d=mm&r=g\",\"contentUrl\":\"https:\\\/\\\/secure.gravatar.com\\\/avatar\\\/30cd06129ee90411dd9c7cbdcf17464181d1a3c7b072e92070ea75a25cf0097e?s=96&d=mm&r=g\",\"caption\":\"Redacci\u00f3n\"},\"url\":\"https:\\\/\\\/radiolitoral.com\\\/ca\\\/author\\\/kevin-carrio\\\/\"}]}<\/script>\n<!-- \/ Yoast SEO plugin. -->","yoast_head_json":{"title":"Benissa presenta els contenidors intel\u00b7ligents per millorar l&#039;\u00edndex de reciclatge | R\u00e0dio Litoral","description":"La campanya, titulada \u201cSeguem Intel\u00b7ligents\u201d, t\u00e9 com a objectiu la instal\u00b7laci\u00f3 progressiva en tres fases","robots":{"index":"index","follow":"follow","max-snippet":"max-snippet:-1","max-image-preview":"max-image-preview:large","max-video-preview":"max-video-preview:-1"},"canonical":"https:\/\/radiolitoral.com\/ca\/2026\/03\/benissa-presenta-els-seus-contenidors-intel\u00b7ligents-per-millorar-lindex-de-reciclatge\/","og_locale":"ca_ES","og_type":"article","og_title":"Benissa presenta sus contenedores inteligentes para mejorar el \u00edndice de reciclaje | R\u00e0dio Litoral","og_description":"La campa\u00f1a, titulada \u201cSiguem Intel\u00b7ligents\u201d, tiene como objetivo la instalaci\u00f3n progresiva en tres fases","og_url":"https:\/\/radiolitoral.com\/ca\/2026\/03\/benissa-presenta-els-seus-contenidors-intel\u00b7ligents-per-millorar-lindex-de-reciclatge\/","og_site_name":"R\u00e0dio Litoral","article_publisher":"https:\/\/www.facebook.com\/Laradiolitoral\/","article_published_time":"2026-03-04T06:35:49+00:00","og_image":[{"width":2560,"height":1440,"url":"https:\/\/media.radiolitoral.com\/wp-content\/uploads\/2026\/03\/04073451\/WhatsApp-Image-2026-03-03-at-11.10.43-scaled.jpeg","type":"image\/jpeg"}],"author":"Redacci\u00f3n","twitter_card":"summary_large_image","twitter_misc":{"Escrit per":"Redacci\u00f3n","Temps estimat de lectura":"3 minuts"},"schema":{"@context":"https:\/\/schema.org","@graph":[{"@type":"NewsArticle","@id":"https:\/\/radiolitoral.com\/2026\/03\/benissa-presenta-sus-contenedores-inteligentes-para-mejorar-el-indice-de-reciclaje\/#article","isPartOf":{"@id":"https:\/\/radiolitoral.com\/2026\/03\/benissa-presenta-sus-contenedores-inteligentes-para-mejorar-el-indice-de-reciclaje\/"},"author":{"name":"Redacci\u00f3n","@id":"https:\/\/radiolitoral.com\/#\/schema\/person\/96b739642eb3bedb532aac3812d23307"},"headline":"Benissa presenta sus contenedores inteligentes para mejorar el \u00edndice de reciclaje","datePublished":"2026-03-04T06:35:49+00:00","mainEntityOfPage":{"@id":"https:\/\/radiolitoral.com\/2026\/03\/benissa-presenta-sus-contenedores-inteligentes-para-mejorar-el-indice-de-reciclaje\/"},"wordCount":465,"commentCount":0,"publisher":{"@id":"https:\/\/radiolitoral.com\/#organization"},"image":{"@id":"https:\/\/radiolitoral.com\/2026\/03\/benissa-presenta-sus-contenedores-inteligentes-para-mejorar-el-indice-de-reciclaje\/#primaryimage"},"thumbnailUrl":"https:\/\/media.radiolitoral.com\/wp-content\/uploads\/2026\/03\/04073451\/WhatsApp-Image-2026-03-03-at-11.10.43-scaled.jpeg","keywords":["Benissa","Benissa Impuls","contenedores inteligentes","reciclaje"],"articleSection":["Servicios P\u00fablicos"],"inLanguage":"ca","potentialAction":[{"@type":"CommentAction","name":"Comment","target":["https:\/\/radiolitoral.com\/2026\/03\/benissa-presenta-sus-contenedores-inteligentes-para-mejorar-el-indice-de-reciclaje\/#respond"]}]},{"@type":["WebPage","ItemPage"],"@id":"https:\/\/radiolitoral.com\/2026\/03\/benissa-presenta-sus-contenedores-inteligentes-para-mejorar-el-indice-de-reciclaje\/","url":"https:\/\/radiolitoral.com\/2026\/03\/benissa-presenta-sus-contenedores-inteligentes-para-mejorar-el-indice-de-reciclaje\/","name":"Benissa presenta els contenidors intel\u00b7ligents per millorar l&#039;\u00edndex de reciclatge | R\u00e0dio Litoral","isPartOf":{"@id":"https:\/\/radiolitoral.com\/#website"},"primaryImageOfPage":{"@id":"https:\/\/radiolitoral.com\/2026\/03\/benissa-presenta-sus-contenedores-inteligentes-para-mejorar-el-indice-de-reciclaje\/#primaryimage"},"image":{"@id":"https:\/\/radiolitoral.com\/2026\/03\/benissa-presenta-sus-contenedores-inteligentes-para-mejorar-el-indice-de-reciclaje\/#primaryimage"},"thumbnailUrl":"https:\/\/media.radiolitoral.com\/wp-content\/uploads\/2026\/03\/04073451\/WhatsApp-Image-2026-03-03-at-11.10.43-scaled.jpeg","datePublished":"2026-03-04T06:35:49+00:00","description":"La campanya, titulada \u201cSeguem Intel\u00b7ligents\u201d, t\u00e9 com a objectiu la instal\u00b7laci\u00f3 progressiva en tres fases","breadcrumb":{"@id":"https:\/\/radiolitoral.com\/2026\/03\/benissa-presenta-sus-contenedores-inteligentes-para-mejorar-el-indice-de-reciclaje\/#breadcrumb"},"inLanguage":"ca","potentialAction":[{"@type":"ReadAction","target":["https:\/\/radiolitoral.com\/2026\/03\/benissa-presenta-sus-contenedores-inteligentes-para-mejorar-el-indice-de-reciclaje\/"]}]},{"@type":"ImageObject","inLanguage":"ca","@id":"https:\/\/radiolitoral.com\/2026\/03\/benissa-presenta-sus-contenedores-inteligentes-para-mejorar-el-indice-de-reciclaje\/#primaryimage","url":"https:\/\/media.radiolitoral.com\/wp-content\/uploads\/2026\/03\/04073451\/WhatsApp-Image-2026-03-03-at-11.10.43-scaled.jpeg","contentUrl":"https:\/\/media.radiolitoral.com\/wp-content\/uploads\/2026\/03\/04073451\/WhatsApp-Image-2026-03-03-at-11.10.43-scaled.jpeg","width":2560,"height":1440},{"@type":"BreadcrumbList","@id":"https:\/\/radiolitoral.com\/2026\/03\/benissa-presenta-sus-contenedores-inteligentes-para-mejorar-el-indice-de-reciclaje\/#breadcrumb","itemListElement":[{"@type":"ListItem","position":1,"name":"Portada","item":"https:\/\/radiolitoral.com\/"},{"@type":"ListItem","position":2,"name":"Benissa presenta sus contenedores inteligentes para mejorar el \u00edndice de reciclaje"}]},{"@type":"WebSite","@id":"https:\/\/radiolitoral.com\/#website","url":"https:\/\/radiolitoral.com\/","name":"R\u00e0dio Litoral","description":"La r\u00e0dio local de la Marina Alta","publisher":{"@id":"https:\/\/radiolitoral.com\/#organization"},"alternateName":"Litoral FM","potentialAction":[{"@type":"SearchAction","target":{"@type":"EntryPoint","urlTemplate":"https:\/\/radiolitoral.com\/?s={search_term_string}"},"query-input":{"@type":"PropertyValueSpecification","valueRequired":true,"valueName":"search_term_string"}}],"inLanguage":"ca"},{"@type":"Organization","@id":"https:\/\/radiolitoral.com\/#organization","name":"R\u00e0dio Litoral","url":"https:\/\/radiolitoral.com\/","logo":{"@type":"ImageObject","inLanguage":"ca","@id":"https:\/\/radiolitoral.com\/#\/schema\/logo\/image\/","url":"https:\/\/media.radiolitoral.com\/wp-content\/uploads\/2023\/02\/24143238\/CL-V-RadioLitoral696.png","contentUrl":"https:\/\/media.radiolitoral.com\/wp-content\/uploads\/2023\/02\/24143238\/CL-V-RadioLitoral696.png","width":696,"height":696,"caption":"Radio Litoral"},"image":{"@id":"https:\/\/radiolitoral.com\/#\/schema\/logo\/image\/"},"sameAs":["https:\/\/www.facebook.com\/Laradiolitoral\/"]},{"@type":"Person","@id":"https:\/\/radiolitoral.com\/#\/schema\/person\/96b739642eb3bedb532aac3812d23307","name":"Redacci\u00f3","image":{"@type":"ImageObject","inLanguage":"ca","@id":"https:\/\/secure.gravatar.com\/avatar\/30cd06129ee90411dd9c7cbdcf17464181d1a3c7b072e92070ea75a25cf0097e?s=96&d=mm&r=g","url":"https:\/\/secure.gravatar.com\/avatar\/30cd06129ee90411dd9c7cbdcf17464181d1a3c7b072e92070ea75a25cf0097e?s=96&d=mm&r=g","contentUrl":"https:\/\/secure.gravatar.com\/avatar\/30cd06129ee90411dd9c7cbdcf17464181d1a3c7b072e92070ea75a25cf0097e?s=96&d=mm&r=g","caption":"Redacci\u00f3n"},"url":"https:\/\/radiolitoral.com\/ca\/author\/kevin-carrio\/"}]}},"_links":{"self":[{"href":"https:\/\/radiolitoral.com\/ca\/wp-json\/wp\/v2\/posts\/19958","targetHints":{"allow":["GET"]}}],"collection":[{"href":"https:\/\/radiolitoral.com\/ca\/wp-json\/wp\/v2\/posts"}],"about":[{"href":"https:\/\/radiolitoral.com\/ca\/wp-json\/wp\/v2\/types\/post"}],"author":[{"embeddable":true,"href":"https:\/\/radiolitoral.com\/ca\/wp-json\/wp\/v2\/users\/14"}],"replies":[{"embeddable":true,"href":"https:\/\/radiolitoral.com\/ca\/wp-json\/wp\/v2\/comments?post=19958"}],"version-history":[{"count":1,"href":"https:\/\/radiolitoral.com\/ca\/wp-json\/wp\/v2\/posts\/19958\/revisions"}],"predecessor-version":[{"id":19961,"href":"https:\/\/radiolitoral.com\/ca\/wp-json\/wp\/v2\/posts\/19958\/revisions\/19961"}],"wp:featuredmedia":[{"embeddable":true,"href":"https:\/\/radiolitoral.com\/ca\/wp-json\/wp\/v2\/media\/19959"}],"wp:attachment":[{"href":"https:\/\/radiolitoral.com\/ca\/wp-json\/wp\/v2\/media?parent=19958"}],"wp:term":[{"taxonomy":"category","embeddable":true,"href":"https:\/\/radiolitoral.com\/ca\/wp-json\/wp\/v2\/categories?post=19958"},{"taxonomy":"post_tag","embeddable":true,"href":"https:\/\/radiolitoral.com\/ca\/wp-json\/wp\/v2\/tags?post=19958"}],"curies":[{"name":"wp","href":"https:\/\/api.w.org\/{rel}","templated":true}]}}