{"id":1992,"date":"2023-04-05T15:36:38","date_gmt":"2023-04-05T13:36:38","guid":{"rendered":"https:\/\/radiolitoral.com\/?p=1992"},"modified":"2023-04-05T15:41:19","modified_gmt":"2023-04-05T13:41:19","slug":"1992","status":"publish","type":"post","link":"https:\/\/radiolitoral.com\/ca\/2023\/04\/1992\/","title":{"rendered":"Carlos Mart\u00ednez, Vicen Ferrando i Aitor Llobell repeteixen a Comprom\u00eds Teulada"},"content":{"rendered":"<p><strong>Carlos Mart\u00ednez, Vicen Ferrando i Aitor Llobell<\/strong>, ells tamb\u00e9 repetiran en els primers llocs de la llista de <strong>Comprom\u00eds per Teulada i Moraira juntament amb l&#039;alcaldable Rosa Vila<\/strong>. Aix\u00ed ho han fet p\u00fablic des de la formaci\u00f3 valencianista, que acaba de llan\u00e7ar un v\u00eddeo per presentar les persones que formen part d&#039;aquest projecte pol\u00edtic de cara a la cita amb les urnes del proper 28 de maig.<\/p>\n<p>Aquesta \u00e9s una campanya, amb el lema <strong>\u201cDescobreix-nos\u201d<\/strong>, amb qu\u00e8 Comprom\u00eds pret\u00e9n donar a con\u00e8ixer la gent que formar\u00e0 part de la llista electoral. S&#039;ha editat un v\u00eddeo, que es difondr\u00e0 per entregues, en qu\u00e8 es dibuixen 16 somriures al voltant de Rosa Vila la candidata a l&#039;alcaldia de Teulada i amb l&#039;objectiu de \u00abTornar el somriure\u00bb, apunten des de la formaci\u00f3 valencianista, al ve\u00efnat del municipi.<\/p>\n<p>Els primers somriures que han donat la cara han estat els actuals regidors de l&#039;Ajuntament de Teulada Carlos Mart\u00ednez, Vicen Ferrando i Aitor Llobell que repetiran a la llista amb la posici\u00f3 de les passades eleccions sent el 2,3 i 4 respectivament.<\/p>\n<p>Aix\u00ed sona el v\u00eddeo:<\/p>\n<audio class=\"wp-audio-shortcode\" id=\"audio-1992-1\" preload=\"none\" style=\"width: 100%;\" controls=\"controls\"><source type=\"audio\/mpeg\" src=\"https:\/\/media.radiolitoral.com\/wp-content\/uploads\/2023\/04\/05153149\/Compromis.mp3?_=1\" \/><a href=\"https:\/\/media.radiolitoral.com\/wp-content\/uploads\/2023\/04\/05153149\/Compromis.mp3\">https:\/\/media.radiolitoral.com\/wp-content\/uploads\/2023\/04\/05153149\/Compromis.mp3<\/a><\/audio>\n<p>&nbsp;<\/p>\n<p>&nbsp;<\/p>\n<p>Des de Comprom\u00eds apunten que tenen una llista amb cares noves, ja que dels 17 components 6 mai no han participat de cap llista electoral, dels quals 4 es troben entre els 9 primers llocs. Un projecte que ha pogut aglutinar, insisteixen els valencianistes, persones molt diverses amb perfils professionals, socials i personals molt diferents i que representen la realitat del municipi. Destaquen que s\u00f3n un equip jove i plural, format i preparat per recuperar el govern de Teulada i tirar endavant la transformaci\u00f3 que el municipi necessita.<\/p>\n<p>&nbsp;<\/p>","protected":false},"excerpt":{"rendered":"<p>Carlos Mart\u00ednez, Vicen Ferrando y Aitor Llobell, ellos tambi\u00e9n repetir\u00e1n en los primeros puestos de la lista de Comprom\u00eds per Teulada i Moraira junto con la alcaldable Rosa Vila. As\u00ed lo han hecho p\u00fablico desde la formaci\u00f3n valencianista, que acaba de lanzar un video para presentar a las personas que forman parte de este proyecto [&#8230;]<\/p>\n<p><a class=\"btn btn-secondary understrap-read-more-link\" href=\"https:\/\/radiolitoral.com\/ca\/2023\/04\/1992\/\">Continua llegint&#8230;<span class=\"screen-reader-text\"> from Carlos Mart\u00ednez, Vicen Ferrando y Aitor Llobell repiten en Comprom\u00eds Teulada<\/span><\/a><\/p>\n","protected":false},"author":13,"featured_media":1998,"comment_status":"open","ping_status":"closed","sticky":false,"template":"","format":"standard","meta":{"_acf_changed":false,"inline_featured_image":false,"footnotes":""},"categories":[13],"tags":[43,452,161,145],"class_list":["post-1992","post","type-post","status-publish","format-standard","has-post-thumbnail","hentry","category-politica","tag-compromis","tag-compromis-teulada","tag-elecciones-2023","tag-turismo-teulada-moraira","cobertura-teulada-moraira"],"acf":[],"yoast_head":"<!-- This site is optimized with the Yoast SEO plugin v27.5 - https:\/\/yoast.com\/product\/yoast-seo-wordpress\/ -->\n<title>Carlos Mart\u00ednez, Vicen Ferrando y Aitor Llobell repiten en Comprom\u00eds Teulada | R\u00e0dio Litoral<\/title>\n<meta name=\"description\" content=\"Rosa Vila encabeza la lista\" \/>\n<meta name=\"robots\" content=\"index, follow, max-snippet:-1, max-image-preview:large, max-video-preview:-1\" \/>\n<link rel=\"canonical\" href=\"https:\/\/radiolitoral.com\/ca\/2023\/04\/1992\/\" \/>\n<meta property=\"og:locale\" content=\"ca_ES\" \/>\n<meta property=\"og:type\" content=\"article\" \/>\n<meta property=\"og:title\" content=\"Carlos Mart\u00ednez, Vicen Ferrando y Aitor Llobell repiten en Comprom\u00eds Teulada | R\u00e0dio Litoral\" \/>\n<meta property=\"og:description\" content=\"Rosa Vila encabeza la lista\" \/>\n<meta property=\"og:url\" content=\"https:\/\/radiolitoral.com\/ca\/2023\/04\/1992\/\" \/>\n<meta property=\"og:site_name\" content=\"R\u00e0dio Litoral\" \/>\n<meta property=\"article:publisher\" content=\"https:\/\/www.facebook.com\/Laradiolitoral\/\" \/>\n<meta property=\"article:published_time\" content=\"2023-04-05T13:36:38+00:00\" \/>\n<meta property=\"article:modified_time\" content=\"2023-04-05T13:41:19+00:00\" \/>\n<meta property=\"og:image\" content=\"https:\/\/media.radiolitoral.com\/wp-content\/uploads\/2023\/04\/05154113\/compromis.jpeg\" \/>\n\t<meta property=\"og:image:width\" content=\"1280\" \/>\n\t<meta property=\"og:image:height\" content=\"809\" \/>\n\t<meta property=\"og:image:type\" content=\"image\/jpeg\" \/>\n<meta name=\"author\" content=\"Redacci\u00f3n\" \/>\n<meta name=\"twitter:card\" content=\"summary_large_image\" \/>\n<meta name=\"twitter:label1\" content=\"Escrit per\" \/>\n\t<meta name=\"twitter:data1\" content=\"Redacci\u00f3n\" \/>\n\t<meta name=\"twitter:label2\" content=\"Temps estimat de lectura\" \/>\n\t<meta name=\"twitter:data2\" content=\"2 minuts\" \/>\n<script type=\"application\/ld+json\" class=\"yoast-schema-graph\">{\"@context\":\"https:\\\/\\\/schema.org\",\"@graph\":[{\"@type\":\"NewsArticle\",\"@id\":\"https:\\\/\\\/radiolitoral.com\\\/2023\\\/04\\\/1992\\\/#article\",\"isPartOf\":{\"@id\":\"https:\\\/\\\/radiolitoral.com\\\/2023\\\/04\\\/1992\\\/\"},\"author\":{\"name\":\"Redacci\u00f3n\",\"@id\":\"https:\\\/\\\/radiolitoral.com\\\/#\\\/schema\\\/person\\\/f2b2343c49b5d721857cc1002bfdb151\"},\"headline\":\"Carlos Mart\u00ednez, Vicen Ferrando y Aitor Llobell repiten en Comprom\u00eds Teulada\",\"datePublished\":\"2023-04-05T13:36:38+00:00\",\"dateModified\":\"2023-04-05T13:41:19+00:00\",\"mainEntityOfPage\":{\"@id\":\"https:\\\/\\\/radiolitoral.com\\\/2023\\\/04\\\/1992\\\/\"},\"wordCount\":311,\"commentCount\":0,\"publisher\":{\"@id\":\"https:\\\/\\\/radiolitoral.com\\\/#organization\"},\"image\":{\"@id\":\"https:\\\/\\\/radiolitoral.com\\\/2023\\\/04\\\/1992\\\/#primaryimage\"},\"thumbnailUrl\":\"https:\\\/\\\/media.radiolitoral.com\\\/wp-content\\\/uploads\\\/2023\\\/04\\\/05154113\\\/compromis.jpeg\",\"keywords\":[\"Comprom\u00eds\",\"Comprom\u00eds Teulada\",\"elecciones 2023\",\"turismo Teulada Moraira\"],\"articleSection\":[\"Pol\u00edtica\"],\"inLanguage\":\"ca\",\"potentialAction\":[{\"@type\":\"CommentAction\",\"name\":\"Comment\",\"target\":[\"https:\\\/\\\/radiolitoral.com\\\/2023\\\/04\\\/1992\\\/#respond\"]}]},{\"@type\":[\"WebPage\",\"ItemPage\"],\"@id\":\"https:\\\/\\\/radiolitoral.com\\\/2023\\\/04\\\/1992\\\/\",\"url\":\"https:\\\/\\\/radiolitoral.com\\\/2023\\\/04\\\/1992\\\/\",\"name\":\"Carlos Mart\u00ednez, Vicen Ferrando y Aitor Llobell repiten en Comprom\u00eds Teulada | R\u00e0dio Litoral\",\"isPartOf\":{\"@id\":\"https:\\\/\\\/radiolitoral.com\\\/#website\"},\"primaryImageOfPage\":{\"@id\":\"https:\\\/\\\/radiolitoral.com\\\/2023\\\/04\\\/1992\\\/#primaryimage\"},\"image\":{\"@id\":\"https:\\\/\\\/radiolitoral.com\\\/2023\\\/04\\\/1992\\\/#primaryimage\"},\"thumbnailUrl\":\"https:\\\/\\\/media.radiolitoral.com\\\/wp-content\\\/uploads\\\/2023\\\/04\\\/05154113\\\/compromis.jpeg\",\"datePublished\":\"2023-04-05T13:36:38+00:00\",\"dateModified\":\"2023-04-05T13:41:19+00:00\",\"description\":\"Rosa Vila encabeza la lista\",\"breadcrumb\":{\"@id\":\"https:\\\/\\\/radiolitoral.com\\\/2023\\\/04\\\/1992\\\/#breadcrumb\"},\"inLanguage\":\"ca\",\"potentialAction\":[{\"@type\":\"ReadAction\",\"target\":[\"https:\\\/\\\/radiolitoral.com\\\/2023\\\/04\\\/1992\\\/\"]}]},{\"@type\":\"ImageObject\",\"inLanguage\":\"ca\",\"@id\":\"https:\\\/\\\/radiolitoral.com\\\/2023\\\/04\\\/1992\\\/#primaryimage\",\"url\":\"https:\\\/\\\/media.radiolitoral.com\\\/wp-content\\\/uploads\\\/2023\\\/04\\\/05154113\\\/compromis.jpeg\",\"contentUrl\":\"https:\\\/\\\/media.radiolitoral.com\\\/wp-content\\\/uploads\\\/2023\\\/04\\\/05154113\\\/compromis.jpeg\",\"width\":1280,\"height\":809},{\"@type\":\"BreadcrumbList\",\"@id\":\"https:\\\/\\\/radiolitoral.com\\\/2023\\\/04\\\/1992\\\/#breadcrumb\",\"itemListElement\":[{\"@type\":\"ListItem\",\"position\":1,\"name\":\"Portada\",\"item\":\"https:\\\/\\\/radiolitoral.com\\\/\"},{\"@type\":\"ListItem\",\"position\":2,\"name\":\"Carlos Mart\u00ednez, Vicen Ferrando y Aitor Llobell repiten en Comprom\u00eds Teulada\"}]},{\"@type\":\"WebSite\",\"@id\":\"https:\\\/\\\/radiolitoral.com\\\/#website\",\"url\":\"https:\\\/\\\/radiolitoral.com\\\/\",\"name\":\"Radio Litoral\",\"description\":\"La radio local de la Marina Alta\",\"publisher\":{\"@id\":\"https:\\\/\\\/radiolitoral.com\\\/#organization\"},\"alternateName\":\"Litoral FM\",\"potentialAction\":[{\"@type\":\"SearchAction\",\"target\":{\"@type\":\"EntryPoint\",\"urlTemplate\":\"https:\\\/\\\/radiolitoral.com\\\/?s={search_term_string}\"},\"query-input\":{\"@type\":\"PropertyValueSpecification\",\"valueRequired\":true,\"valueName\":\"search_term_string\"}}],\"inLanguage\":\"ca\"},{\"@type\":\"Organization\",\"@id\":\"https:\\\/\\\/radiolitoral.com\\\/#organization\",\"name\":\"Radio Litoral\",\"url\":\"https:\\\/\\\/radiolitoral.com\\\/\",\"logo\":{\"@type\":\"ImageObject\",\"inLanguage\":\"ca\",\"@id\":\"https:\\\/\\\/radiolitoral.com\\\/#\\\/schema\\\/logo\\\/image\\\/\",\"url\":\"https:\\\/\\\/media.radiolitoral.com\\\/wp-content\\\/uploads\\\/2023\\\/02\\\/24143238\\\/CL-V-RadioLitoral696.png\",\"contentUrl\":\"https:\\\/\\\/media.radiolitoral.com\\\/wp-content\\\/uploads\\\/2023\\\/02\\\/24143238\\\/CL-V-RadioLitoral696.png\",\"width\":696,\"height\":696,\"caption\":\"Radio Litoral\"},\"image\":{\"@id\":\"https:\\\/\\\/radiolitoral.com\\\/#\\\/schema\\\/logo\\\/image\\\/\"},\"sameAs\":[\"https:\\\/\\\/www.facebook.com\\\/Laradiolitoral\\\/\"]},{\"@type\":\"Person\",\"@id\":\"https:\\\/\\\/radiolitoral.com\\\/#\\\/schema\\\/person\\\/f2b2343c49b5d721857cc1002bfdb151\",\"name\":\"Redacci\u00f3n\",\"image\":{\"@type\":\"ImageObject\",\"inLanguage\":\"ca\",\"@id\":\"https:\\\/\\\/secure.gravatar.com\\\/avatar\\\/f771d896c203ad8b3382d7905cfcce5a5c9b008b84b3cd9114e9b9f4cb63f789?s=96&d=mm&r=g\",\"url\":\"https:\\\/\\\/secure.gravatar.com\\\/avatar\\\/f771d896c203ad8b3382d7905cfcce5a5c9b008b84b3cd9114e9b9f4cb63f789?s=96&d=mm&r=g\",\"contentUrl\":\"https:\\\/\\\/secure.gravatar.com\\\/avatar\\\/f771d896c203ad8b3382d7905cfcce5a5c9b008b84b3cd9114e9b9f4cb63f789?s=96&d=mm&r=g\",\"caption\":\"Redacci\u00f3n\"},\"url\":\"https:\\\/\\\/radiolitoral.com\\\/ca\\\/author\\\/miriam-pagan\\\/\"}]}<\/script>\n<!-- \/ Yoast SEO plugin. -->","yoast_head_json":{"title":"Carlos Mart\u00ednez, Vicen Ferrando i Aitor Llobell repeteixen a Comprom\u00eds Teulada | R\u00e0dio Litoral","description":"Rosa Vila encap\u00e7ala la llista","robots":{"index":"index","follow":"follow","max-snippet":"max-snippet:-1","max-image-preview":"max-image-preview:large","max-video-preview":"max-video-preview:-1"},"canonical":"https:\/\/radiolitoral.com\/ca\/2023\/04\/1992\/","og_locale":"ca_ES","og_type":"article","og_title":"Carlos Mart\u00ednez, Vicen Ferrando y Aitor Llobell repiten en Comprom\u00eds Teulada | R\u00e0dio Litoral","og_description":"Rosa Vila encabeza la lista","og_url":"https:\/\/radiolitoral.com\/ca\/2023\/04\/1992\/","og_site_name":"R\u00e0dio Litoral","article_publisher":"https:\/\/www.facebook.com\/Laradiolitoral\/","article_published_time":"2023-04-05T13:36:38+00:00","article_modified_time":"2023-04-05T13:41:19+00:00","og_image":[{"width":1280,"height":809,"url":"https:\/\/media.radiolitoral.com\/wp-content\/uploads\/2023\/04\/05154113\/compromis.jpeg","type":"image\/jpeg"}],"author":"Redacci\u00f3n","twitter_card":"summary_large_image","twitter_misc":{"Escrit per":"Redacci\u00f3n","Temps estimat de lectura":"2 minuts"},"schema":{"@context":"https:\/\/schema.org","@graph":[{"@type":"NewsArticle","@id":"https:\/\/radiolitoral.com\/2023\/04\/1992\/#article","isPartOf":{"@id":"https:\/\/radiolitoral.com\/2023\/04\/1992\/"},"author":{"name":"Redacci\u00f3n","@id":"https:\/\/radiolitoral.com\/#\/schema\/person\/f2b2343c49b5d721857cc1002bfdb151"},"headline":"Carlos Mart\u00ednez, Vicen Ferrando y Aitor Llobell repiten en Comprom\u00eds Teulada","datePublished":"2023-04-05T13:36:38+00:00","dateModified":"2023-04-05T13:41:19+00:00","mainEntityOfPage":{"@id":"https:\/\/radiolitoral.com\/2023\/04\/1992\/"},"wordCount":311,"commentCount":0,"publisher":{"@id":"https:\/\/radiolitoral.com\/#organization"},"image":{"@id":"https:\/\/radiolitoral.com\/2023\/04\/1992\/#primaryimage"},"thumbnailUrl":"https:\/\/media.radiolitoral.com\/wp-content\/uploads\/2023\/04\/05154113\/compromis.jpeg","keywords":["Comprom\u00eds","Comprom\u00eds Teulada","elecciones 2023","turismo Teulada Moraira"],"articleSection":["Pol\u00edtica"],"inLanguage":"ca","potentialAction":[{"@type":"CommentAction","name":"Comment","target":["https:\/\/radiolitoral.com\/2023\/04\/1992\/#respond"]}]},{"@type":["WebPage","ItemPage"],"@id":"https:\/\/radiolitoral.com\/2023\/04\/1992\/","url":"https:\/\/radiolitoral.com\/2023\/04\/1992\/","name":"Carlos Mart\u00ednez, Vicen Ferrando i Aitor Llobell repeteixen a Comprom\u00eds Teulada | R\u00e0dio Litoral","isPartOf":{"@id":"https:\/\/radiolitoral.com\/#website"},"primaryImageOfPage":{"@id":"https:\/\/radiolitoral.com\/2023\/04\/1992\/#primaryimage"},"image":{"@id":"https:\/\/radiolitoral.com\/2023\/04\/1992\/#primaryimage"},"thumbnailUrl":"https:\/\/media.radiolitoral.com\/wp-content\/uploads\/2023\/04\/05154113\/compromis.jpeg","datePublished":"2023-04-05T13:36:38+00:00","dateModified":"2023-04-05T13:41:19+00:00","description":"Rosa Vila encap\u00e7ala la llista","breadcrumb":{"@id":"https:\/\/radiolitoral.com\/2023\/04\/1992\/#breadcrumb"},"inLanguage":"ca","potentialAction":[{"@type":"ReadAction","target":["https:\/\/radiolitoral.com\/2023\/04\/1992\/"]}]},{"@type":"ImageObject","inLanguage":"ca","@id":"https:\/\/radiolitoral.com\/2023\/04\/1992\/#primaryimage","url":"https:\/\/media.radiolitoral.com\/wp-content\/uploads\/2023\/04\/05154113\/compromis.jpeg","contentUrl":"https:\/\/media.radiolitoral.com\/wp-content\/uploads\/2023\/04\/05154113\/compromis.jpeg","width":1280,"height":809},{"@type":"BreadcrumbList","@id":"https:\/\/radiolitoral.com\/2023\/04\/1992\/#breadcrumb","itemListElement":[{"@type":"ListItem","position":1,"name":"Portada","item":"https:\/\/radiolitoral.com\/"},{"@type":"ListItem","position":2,"name":"Carlos Mart\u00ednez, Vicen Ferrando y Aitor Llobell repiten en Comprom\u00eds Teulada"}]},{"@type":"WebSite","@id":"https:\/\/radiolitoral.com\/#website","url":"https:\/\/radiolitoral.com\/","name":"R\u00e0dio Litoral","description":"La r\u00e0dio local de la Marina Alta","publisher":{"@id":"https:\/\/radiolitoral.com\/#organization"},"alternateName":"Litoral FM","potentialAction":[{"@type":"SearchAction","target":{"@type":"EntryPoint","urlTemplate":"https:\/\/radiolitoral.com\/?s={search_term_string}"},"query-input":{"@type":"PropertyValueSpecification","valueRequired":true,"valueName":"search_term_string"}}],"inLanguage":"ca"},{"@type":"Organization","@id":"https:\/\/radiolitoral.com\/#organization","name":"R\u00e0dio Litoral","url":"https:\/\/radiolitoral.com\/","logo":{"@type":"ImageObject","inLanguage":"ca","@id":"https:\/\/radiolitoral.com\/#\/schema\/logo\/image\/","url":"https:\/\/media.radiolitoral.com\/wp-content\/uploads\/2023\/02\/24143238\/CL-V-RadioLitoral696.png","contentUrl":"https:\/\/media.radiolitoral.com\/wp-content\/uploads\/2023\/02\/24143238\/CL-V-RadioLitoral696.png","width":696,"height":696,"caption":"Radio Litoral"},"image":{"@id":"https:\/\/radiolitoral.com\/#\/schema\/logo\/image\/"},"sameAs":["https:\/\/www.facebook.com\/Laradiolitoral\/"]},{"@type":"Person","@id":"https:\/\/radiolitoral.com\/#\/schema\/person\/f2b2343c49b5d721857cc1002bfdb151","name":"Redacci\u00f3","image":{"@type":"ImageObject","inLanguage":"ca","@id":"https:\/\/secure.gravatar.com\/avatar\/f771d896c203ad8b3382d7905cfcce5a5c9b008b84b3cd9114e9b9f4cb63f789?s=96&d=mm&r=g","url":"https:\/\/secure.gravatar.com\/avatar\/f771d896c203ad8b3382d7905cfcce5a5c9b008b84b3cd9114e9b9f4cb63f789?s=96&d=mm&r=g","contentUrl":"https:\/\/secure.gravatar.com\/avatar\/f771d896c203ad8b3382d7905cfcce5a5c9b008b84b3cd9114e9b9f4cb63f789?s=96&d=mm&r=g","caption":"Redacci\u00f3n"},"url":"https:\/\/radiolitoral.com\/ca\/author\/miriam-pagan\/"}]}},"_links":{"self":[{"href":"https:\/\/radiolitoral.com\/ca\/wp-json\/wp\/v2\/posts\/1992","targetHints":{"allow":["GET"]}}],"collection":[{"href":"https:\/\/radiolitoral.com\/ca\/wp-json\/wp\/v2\/posts"}],"about":[{"href":"https:\/\/radiolitoral.com\/ca\/wp-json\/wp\/v2\/types\/post"}],"author":[{"embeddable":true,"href":"https:\/\/radiolitoral.com\/ca\/wp-json\/wp\/v2\/users\/13"}],"replies":[{"embeddable":true,"href":"https:\/\/radiolitoral.com\/ca\/wp-json\/wp\/v2\/comments?post=1992"}],"version-history":[{"count":2,"href":"https:\/\/radiolitoral.com\/ca\/wp-json\/wp\/v2\/posts\/1992\/revisions"}],"predecessor-version":[{"id":1996,"href":"https:\/\/radiolitoral.com\/ca\/wp-json\/wp\/v2\/posts\/1992\/revisions\/1996"}],"wp:featuredmedia":[{"embeddable":true,"href":"https:\/\/radiolitoral.com\/ca\/wp-json\/wp\/v2\/media\/1998"}],"wp:attachment":[{"href":"https:\/\/radiolitoral.com\/ca\/wp-json\/wp\/v2\/media?parent=1992"}],"wp:term":[{"taxonomy":"category","embeddable":true,"href":"https:\/\/radiolitoral.com\/ca\/wp-json\/wp\/v2\/categories?post=1992"},{"taxonomy":"post_tag","embeddable":true,"href":"https:\/\/radiolitoral.com\/ca\/wp-json\/wp\/v2\/tags?post=1992"}],"curies":[{"name":"wp","href":"https:\/\/api.w.org\/{rel}","templated":true}]}}