{"id":1981,"date":"2023-04-04T15:53:43","date_gmt":"2023-04-04T13:53:43","guid":{"rendered":"https:\/\/radiolitoral.com\/?p=1981"},"modified":"2023-04-04T15:56:40","modified_gmt":"2023-04-04T13:56:40","slug":"camela-protagonista-del-calp-pop-festival-que-se-celebres-a-lagost","status":"publish","type":"post","link":"https:\/\/radiolitoral.com\/ca\/2023\/04\/camela-protagonista-del-calpe-pop-festival-que-se-celebrara-en-agosto\/","title":{"rendered":"Camela protagonitza el Calp Pop Festival que se celebrar\u00e0 a l&#039;agost"},"content":{"rendered":"<p>Calp ja ha donat a con\u00e8ixer alguns dels detalls del proper <strong>Calp Pop Festival<\/strong> a celebrar <strong>a l&#039;estiu<\/strong>. Des de l&#039;organitzaci\u00f3 s&#039;ha avan\u00e7at que <strong>Camela ser\u00e0 el grup estrella<\/strong> <strong>de la tercera edici\u00f3<\/strong> d&#039;aquest festival que t\u00e9 marcat al calendari els dies <strong>14 i 15 d&#039;agost<\/strong> per a la celebraci\u00f3.<\/p>\n<p>L&#039;alcaldessa Ana Sala, acompanyada pel regidor de Festes Paco Avargues, la presidenta de la comissi\u00f3 de festes 2023, Aroa Pineda, de la comissi\u00f3 de festes 2024, Saray Ortiz, i la de l&#039;Associaci\u00f3 de Moros i Cristians Sant\u00edssim Crist de la Suor, M.\u00aa \u00c1ngeles Penella, aix\u00ed com pel gerent de l&#039;empresa Excelsior, promotora de l&#039;esdeveniment, Jos\u00e9 Ruano, han presentat aquest festival que se celebra al pont de l&#039;Ascensi\u00f3 aprofitant que Calp es troba en plena temporada tur\u00edstica.<\/p>\n<p>\u201cEl Calpe Pop Festival se celebra en un pont molt potent, potser \u00e9s el cap de setmana de l&#039;any en qu\u00e8 m\u00e9s gent hi ha a Calp, i aquest festival t\u00e9 com a finalitat allargar les festes patronals del municipi a m\u00e9s d&#039;oferir una alternativa d&#039;oci a gent jove\u201d, ha assenyalat l&#039;alcaldessa.<\/p>\n<p>Despr\u00e9s dels Secrets el 2021, i Marta S\u00e1nchez el 2022 aquest any el plat fort del festival ser\u00e0 el grup musical Camela. La seva actuaci\u00f3 est\u00e0 prevista el <strong>dilluns 14 d&#039;agost<\/strong> i despr\u00e9s del concert tindr\u00e0 lloc una <strong>nit <em>remember a c\u00e0rrec del <\/em>DJ Vicente Buitr\u00f3n<\/strong><em>. <\/em>\u201cCamela \u00e9s un grup que abasta unes generacions molt \u00e0mplies, de 30, 40, 50 i fins i tot gent de 20 anys que avui tamb\u00e9 escolta la seva m\u00fasica; a continuaci\u00f3 podran gaudir d&#039;un DJ de m\u00e0xima popularitat com a Vicente Buitr\u00f3n \u00e9s el DJ dels Djs del remember\u201d, ha assenyalat Jos\u00e9 Ruano, gerent d&#039;Excelsior.<\/p>\n<p>El<strong> dia 15<\/strong> les actuacions musicals estaran dirigides a un p\u00fablic m\u00e9s jove i el cartell previst est\u00e0 conformat pels <strong>Djs David Casado, Pedro Sendra, Brenda Serna i el grup tecno Space Elephants<\/strong>.<\/p>\n<p>El festival, les <strong>actuacions s\u00f3n gratu\u00eftes, tindr\u00e0 lloc al Parc de la Creativitat<\/strong>.<\/p>","protected":false},"excerpt":{"rendered":"<p>Calp ya ha dado a conocer algunos de los detalles del pr\u00f3ximo Calpe Pop Festival a celebrar en verano. Desde la organizaci\u00f3n se ha avanzado que Camela ser\u00e1 el grupo estrella de la tercera edici\u00f3n de este festival que tiene marcado en el calendario los d\u00edas 14 y 15 de agosto para su celebraci\u00f3n. La [&#8230;]<\/p>\n<p><a class=\"btn btn-secondary understrap-read-more-link\" href=\"https:\/\/radiolitoral.com\/ca\/2023\/04\/camela-protagonista-del-calpe-pop-festival-que-se-celebrara-en-agosto\/\">Continua llegint&#8230;<span class=\"screen-reader-text\"> from Camela protagoniza el Calpe Pop Festival que se celebrar\u00e1 en agosto<\/span><\/a><\/p>\n","protected":false},"author":21,"featured_media":1982,"comment_status":"open","ping_status":"closed","sticky":false,"template":"","format":"standard","meta":{"_acf_changed":false,"inline_featured_image":false,"footnotes":""},"categories":[60],"tags":[444,449,446,443,445,447,448,450,451],"class_list":["post-1981","post","type-post","status-publish","format-standard","has-post-thumbnail","hentry","category-ocio","tag-agenda-calp","tag-brenda-serna","tag-calpe-pop-festival","tag-camela","tag-conciertos-calp","tag-david-casado","tag-pedro-sendra","tag-space-elephants","tag-vicente-buitron","cobertura-calp"],"acf":[],"yoast_head":"<!-- This site is optimized with the Yoast SEO plugin v27.5 - https:\/\/yoast.com\/product\/yoast-seo-wordpress\/ -->\n<title>Camela protagoniza el Calpe Pop Festival que se celebrar\u00e1 en agosto | R\u00e0dio Litoral<\/title>\n<meta name=\"description\" content=\"Actuar\u00e1n los DJ Vicente Buitr\u00f3n, David Casado, Pedro Sendra, Brenda Serna y el grupo tecno Space Elephants Actuar\u00e1n los DJ Vicente Buitr\u00f3n, David Casado, Pedro Sendra, Brenda Serna y el grupo tecno Space Elephants\" \/>\n<meta name=\"robots\" content=\"index, follow, max-snippet:-1, max-image-preview:large, max-video-preview:-1\" \/>\n<link rel=\"canonical\" href=\"https:\/\/radiolitoral.com\/ca\/2023\/04\/camela-protagonista-del-calp-pop-festival-que-se-celebres-a-lagost\/\" \/>\n<meta property=\"og:locale\" content=\"ca_ES\" \/>\n<meta property=\"og:type\" content=\"article\" \/>\n<meta property=\"og:title\" content=\"Camela protagoniza el Calpe Pop Festival que se celebrar\u00e1 en agosto | R\u00e0dio Litoral\" \/>\n<meta property=\"og:description\" content=\"Actuar\u00e1n los DJ Vicente Buitr\u00f3n, David Casado, Pedro Sendra, Brenda Serna y el grupo tecno Space Elephants Actuar\u00e1n los DJ Vicente Buitr\u00f3n, David Casado, Pedro Sendra, Brenda Serna y el grupo tecno Space Elephants\" \/>\n<meta property=\"og:url\" content=\"https:\/\/radiolitoral.com\/ca\/2023\/04\/camela-protagonista-del-calp-pop-festival-que-se-celebres-a-lagost\/\" \/>\n<meta property=\"og:site_name\" content=\"R\u00e0dio Litoral\" \/>\n<meta property=\"article:publisher\" content=\"https:\/\/www.facebook.com\/Laradiolitoral\/\" \/>\n<meta property=\"article:published_time\" content=\"2023-04-04T13:53:43+00:00\" \/>\n<meta property=\"article:modified_time\" content=\"2023-04-04T13:56:40+00:00\" \/>\n<meta property=\"og:image\" content=\"https:\/\/media.radiolitoral.com\/wp-content\/uploads\/2023\/04\/04155335\/cartel.jpg\" \/>\n\t<meta property=\"og:image:width\" content=\"766\" \/>\n\t<meta property=\"og:image:height\" content=\"438\" \/>\n\t<meta property=\"og:image:type\" content=\"image\/jpeg\" \/>\n<meta name=\"author\" content=\"Mel Pescuezo\" \/>\n<meta name=\"twitter:card\" content=\"summary_large_image\" \/>\n<meta name=\"twitter:label1\" content=\"Escrit per\" \/>\n\t<meta name=\"twitter:data1\" content=\"Mel Pescuezo\" \/>\n\t<meta name=\"twitter:label2\" content=\"Temps estimat de lectura\" \/>\n\t<meta name=\"twitter:data2\" content=\"2 minuts\" \/>\n<script type=\"application\/ld+json\" class=\"yoast-schema-graph\">{\"@context\":\"https:\\\/\\\/schema.org\",\"@graph\":[{\"@type\":\"NewsArticle\",\"@id\":\"https:\\\/\\\/radiolitoral.com\\\/2023\\\/04\\\/camela-protagonista-del-calpe-pop-festival-que-se-celebrara-en-agosto\\\/#article\",\"isPartOf\":{\"@id\":\"https:\\\/\\\/radiolitoral.com\\\/2023\\\/04\\\/camela-protagonista-del-calpe-pop-festival-que-se-celebrara-en-agosto\\\/\"},\"author\":{\"name\":\"Mel Pescuezo\",\"@id\":\"https:\\\/\\\/radiolitoral.com\\\/#\\\/schema\\\/person\\\/aad4f72efa404f85b68e832d24cac059\"},\"headline\":\"Camela protagoniza el Calpe Pop Festival que se celebrar\u00e1 en agosto\",\"datePublished\":\"2023-04-04T13:53:43+00:00\",\"dateModified\":\"2023-04-04T13:56:40+00:00\",\"mainEntityOfPage\":{\"@id\":\"https:\\\/\\\/radiolitoral.com\\\/2023\\\/04\\\/camela-protagonista-del-calpe-pop-festival-que-se-celebrara-en-agosto\\\/\"},\"wordCount\":371,\"commentCount\":0,\"publisher\":{\"@id\":\"https:\\\/\\\/radiolitoral.com\\\/#organization\"},\"image\":{\"@id\":\"https:\\\/\\\/radiolitoral.com\\\/2023\\\/04\\\/camela-protagonista-del-calpe-pop-festival-que-se-celebrara-en-agosto\\\/#primaryimage\"},\"thumbnailUrl\":\"https:\\\/\\\/media.radiolitoral.com\\\/wp-content\\\/uploads\\\/2023\\\/04\\\/04155335\\\/cartel.jpg\",\"keywords\":[\"agenda Calp\",\"Brenda Serna\",\"Calpe Pop Festival\",\"Camela\",\"conciertos Calp\",\"David Casado\",\"Pedro Sendra\",\"Space Elephants\",\"Vicente Buitr\u00f3n\"],\"articleSection\":[\"Ocio\"],\"inLanguage\":\"ca\",\"potentialAction\":[{\"@type\":\"CommentAction\",\"name\":\"Comment\",\"target\":[\"https:\\\/\\\/radiolitoral.com\\\/2023\\\/04\\\/camela-protagonista-del-calpe-pop-festival-que-se-celebrara-en-agosto\\\/#respond\"]}]},{\"@type\":[\"WebPage\",\"ItemPage\"],\"@id\":\"https:\\\/\\\/radiolitoral.com\\\/2023\\\/04\\\/camela-protagonista-del-calpe-pop-festival-que-se-celebrara-en-agosto\\\/\",\"url\":\"https:\\\/\\\/radiolitoral.com\\\/2023\\\/04\\\/camela-protagonista-del-calpe-pop-festival-que-se-celebrara-en-agosto\\\/\",\"name\":\"Camela protagoniza el Calpe Pop Festival que se celebrar\u00e1 en agosto | R\u00e0dio Litoral\",\"isPartOf\":{\"@id\":\"https:\\\/\\\/radiolitoral.com\\\/#website\"},\"primaryImageOfPage\":{\"@id\":\"https:\\\/\\\/radiolitoral.com\\\/2023\\\/04\\\/camela-protagonista-del-calpe-pop-festival-que-se-celebrara-en-agosto\\\/#primaryimage\"},\"image\":{\"@id\":\"https:\\\/\\\/radiolitoral.com\\\/2023\\\/04\\\/camela-protagonista-del-calpe-pop-festival-que-se-celebrara-en-agosto\\\/#primaryimage\"},\"thumbnailUrl\":\"https:\\\/\\\/media.radiolitoral.com\\\/wp-content\\\/uploads\\\/2023\\\/04\\\/04155335\\\/cartel.jpg\",\"datePublished\":\"2023-04-04T13:53:43+00:00\",\"dateModified\":\"2023-04-04T13:56:40+00:00\",\"description\":\"Actuar\u00e1n los DJ Vicente Buitr\u00f3n, David Casado, Pedro Sendra, Brenda Serna y el grupo tecno Space Elephants Actuar\u00e1n los DJ Vicente Buitr\u00f3n, David Casado, Pedro Sendra, Brenda Serna y el grupo tecno Space Elephants\",\"breadcrumb\":{\"@id\":\"https:\\\/\\\/radiolitoral.com\\\/2023\\\/04\\\/camela-protagonista-del-calpe-pop-festival-que-se-celebrara-en-agosto\\\/#breadcrumb\"},\"inLanguage\":\"ca\",\"potentialAction\":[{\"@type\":\"ReadAction\",\"target\":[\"https:\\\/\\\/radiolitoral.com\\\/2023\\\/04\\\/camela-protagonista-del-calpe-pop-festival-que-se-celebrara-en-agosto\\\/\"]}]},{\"@type\":\"ImageObject\",\"inLanguage\":\"ca\",\"@id\":\"https:\\\/\\\/radiolitoral.com\\\/2023\\\/04\\\/camela-protagonista-del-calpe-pop-festival-que-se-celebrara-en-agosto\\\/#primaryimage\",\"url\":\"https:\\\/\\\/media.radiolitoral.com\\\/wp-content\\\/uploads\\\/2023\\\/04\\\/04155335\\\/cartel.jpg\",\"contentUrl\":\"https:\\\/\\\/media.radiolitoral.com\\\/wp-content\\\/uploads\\\/2023\\\/04\\\/04155335\\\/cartel.jpg\",\"width\":766,\"height\":438},{\"@type\":\"BreadcrumbList\",\"@id\":\"https:\\\/\\\/radiolitoral.com\\\/2023\\\/04\\\/camela-protagonista-del-calpe-pop-festival-que-se-celebrara-en-agosto\\\/#breadcrumb\",\"itemListElement\":[{\"@type\":\"ListItem\",\"position\":1,\"name\":\"Portada\",\"item\":\"https:\\\/\\\/radiolitoral.com\\\/\"},{\"@type\":\"ListItem\",\"position\":2,\"name\":\"Camela protagoniza el Calpe Pop Festival que se celebrar\u00e1 en agosto\"}]},{\"@type\":\"WebSite\",\"@id\":\"https:\\\/\\\/radiolitoral.com\\\/#website\",\"url\":\"https:\\\/\\\/radiolitoral.com\\\/\",\"name\":\"Radio Litoral\",\"description\":\"La radio local de la Marina Alta\",\"publisher\":{\"@id\":\"https:\\\/\\\/radiolitoral.com\\\/#organization\"},\"alternateName\":\"Litoral FM\",\"potentialAction\":[{\"@type\":\"SearchAction\",\"target\":{\"@type\":\"EntryPoint\",\"urlTemplate\":\"https:\\\/\\\/radiolitoral.com\\\/?s={search_term_string}\"},\"query-input\":{\"@type\":\"PropertyValueSpecification\",\"valueRequired\":true,\"valueName\":\"search_term_string\"}}],\"inLanguage\":\"ca\"},{\"@type\":\"Organization\",\"@id\":\"https:\\\/\\\/radiolitoral.com\\\/#organization\",\"name\":\"Radio Litoral\",\"url\":\"https:\\\/\\\/radiolitoral.com\\\/\",\"logo\":{\"@type\":\"ImageObject\",\"inLanguage\":\"ca\",\"@id\":\"https:\\\/\\\/radiolitoral.com\\\/#\\\/schema\\\/logo\\\/image\\\/\",\"url\":\"https:\\\/\\\/media.radiolitoral.com\\\/wp-content\\\/uploads\\\/2023\\\/02\\\/24143238\\\/CL-V-RadioLitoral696.png\",\"contentUrl\":\"https:\\\/\\\/media.radiolitoral.com\\\/wp-content\\\/uploads\\\/2023\\\/02\\\/24143238\\\/CL-V-RadioLitoral696.png\",\"width\":696,\"height\":696,\"caption\":\"Radio Litoral\"},\"image\":{\"@id\":\"https:\\\/\\\/radiolitoral.com\\\/#\\\/schema\\\/logo\\\/image\\\/\"},\"sameAs\":[\"https:\\\/\\\/www.facebook.com\\\/Laradiolitoral\\\/\"]},{\"@type\":\"Person\",\"@id\":\"https:\\\/\\\/radiolitoral.com\\\/#\\\/schema\\\/person\\\/aad4f72efa404f85b68e832d24cac059\",\"name\":\"Mel Pescuezo\",\"image\":{\"@type\":\"ImageObject\",\"inLanguage\":\"ca\",\"@id\":\"https:\\\/\\\/secure.gravatar.com\\\/avatar\\\/993975ae489c70cb0dd9bfa9413a082f0bd276582dac13661af7b33f161e7eea?s=96&d=mm&r=g\",\"url\":\"https:\\\/\\\/secure.gravatar.com\\\/avatar\\\/993975ae489c70cb0dd9bfa9413a082f0bd276582dac13661af7b33f161e7eea?s=96&d=mm&r=g\",\"contentUrl\":\"https:\\\/\\\/secure.gravatar.com\\\/avatar\\\/993975ae489c70cb0dd9bfa9413a082f0bd276582dac13661af7b33f161e7eea?s=96&d=mm&r=g\",\"caption\":\"Mel Pescuezo\"},\"url\":\"https:\\\/\\\/radiolitoral.com\\\/ca\\\/author\\\/serviciospararadios\\\/\"}]}<\/script>\n<!-- \/ Yoast SEO plugin. -->","yoast_head_json":{"title":"Camela protagonitza el Calp Pop Festival que se celebrar\u00e0 a l&#039;agost | R\u00e0dio Litoral","description":"Actuaran els DJ Vicente Buitr\u00f3n, David Casado, Pedro Sendra, Brenda Serna i el grup tecno Space Elephants Actuaran els DJ Vicente Buitr\u00f3n, David Casado, Pedro Sendra, Brenda Serna i el grup tecno Space Elephants","robots":{"index":"index","follow":"follow","max-snippet":"max-snippet:-1","max-image-preview":"max-image-preview:large","max-video-preview":"max-video-preview:-1"},"canonical":"https:\/\/radiolitoral.com\/ca\/2023\/04\/camela-protagonista-del-calp-pop-festival-que-se-celebres-a-lagost\/","og_locale":"ca_ES","og_type":"article","og_title":"Camela protagoniza el Calpe Pop Festival que se celebrar\u00e1 en agosto | R\u00e0dio Litoral","og_description":"Actuar\u00e1n los DJ Vicente Buitr\u00f3n, David Casado, Pedro Sendra, Brenda Serna y el grupo tecno Space Elephants Actuar\u00e1n los DJ Vicente Buitr\u00f3n, David Casado, Pedro Sendra, Brenda Serna y el grupo tecno Space Elephants","og_url":"https:\/\/radiolitoral.com\/ca\/2023\/04\/camela-protagonista-del-calp-pop-festival-que-se-celebres-a-lagost\/","og_site_name":"R\u00e0dio Litoral","article_publisher":"https:\/\/www.facebook.com\/Laradiolitoral\/","article_published_time":"2023-04-04T13:53:43+00:00","article_modified_time":"2023-04-04T13:56:40+00:00","og_image":[{"width":766,"height":438,"url":"https:\/\/media.radiolitoral.com\/wp-content\/uploads\/2023\/04\/04155335\/cartel.jpg","type":"image\/jpeg"}],"author":"Mel Pescuezo","twitter_card":"summary_large_image","twitter_misc":{"Escrit per":"Mel Pescuezo","Temps estimat de lectura":"2 minuts"},"schema":{"@context":"https:\/\/schema.org","@graph":[{"@type":"NewsArticle","@id":"https:\/\/radiolitoral.com\/2023\/04\/camela-protagonista-del-calpe-pop-festival-que-se-celebrara-en-agosto\/#article","isPartOf":{"@id":"https:\/\/radiolitoral.com\/2023\/04\/camela-protagonista-del-calpe-pop-festival-que-se-celebrara-en-agosto\/"},"author":{"name":"Mel Pescuezo","@id":"https:\/\/radiolitoral.com\/#\/schema\/person\/aad4f72efa404f85b68e832d24cac059"},"headline":"Camela protagoniza el Calpe Pop Festival que se celebrar\u00e1 en agosto","datePublished":"2023-04-04T13:53:43+00:00","dateModified":"2023-04-04T13:56:40+00:00","mainEntityOfPage":{"@id":"https:\/\/radiolitoral.com\/2023\/04\/camela-protagonista-del-calpe-pop-festival-que-se-celebrara-en-agosto\/"},"wordCount":371,"commentCount":0,"publisher":{"@id":"https:\/\/radiolitoral.com\/#organization"},"image":{"@id":"https:\/\/radiolitoral.com\/2023\/04\/camela-protagonista-del-calpe-pop-festival-que-se-celebrara-en-agosto\/#primaryimage"},"thumbnailUrl":"https:\/\/media.radiolitoral.com\/wp-content\/uploads\/2023\/04\/04155335\/cartel.jpg","keywords":["agenda Calp","Brenda Serna","Calpe Pop Festival","Camela","conciertos Calp","David Casado","Pedro Sendra","Space Elephants","Vicente Buitr\u00f3n"],"articleSection":["Ocio"],"inLanguage":"ca","potentialAction":[{"@type":"CommentAction","name":"Comment","target":["https:\/\/radiolitoral.com\/2023\/04\/camela-protagonista-del-calpe-pop-festival-que-se-celebrara-en-agosto\/#respond"]}]},{"@type":["WebPage","ItemPage"],"@id":"https:\/\/radiolitoral.com\/2023\/04\/camela-protagonista-del-calpe-pop-festival-que-se-celebrara-en-agosto\/","url":"https:\/\/radiolitoral.com\/2023\/04\/camela-protagonista-del-calpe-pop-festival-que-se-celebrara-en-agosto\/","name":"Camela protagonitza el Calp Pop Festival que se celebrar\u00e0 a l&#039;agost | R\u00e0dio Litoral","isPartOf":{"@id":"https:\/\/radiolitoral.com\/#website"},"primaryImageOfPage":{"@id":"https:\/\/radiolitoral.com\/2023\/04\/camela-protagonista-del-calpe-pop-festival-que-se-celebrara-en-agosto\/#primaryimage"},"image":{"@id":"https:\/\/radiolitoral.com\/2023\/04\/camela-protagonista-del-calpe-pop-festival-que-se-celebrara-en-agosto\/#primaryimage"},"thumbnailUrl":"https:\/\/media.radiolitoral.com\/wp-content\/uploads\/2023\/04\/04155335\/cartel.jpg","datePublished":"2023-04-04T13:53:43+00:00","dateModified":"2023-04-04T13:56:40+00:00","description":"Actuaran els DJ Vicente Buitr\u00f3n, David Casado, Pedro Sendra, Brenda Serna i el grup tecno Space Elephants Actuaran els DJ Vicente Buitr\u00f3n, David Casado, Pedro Sendra, Brenda Serna i el grup tecno Space Elephants","breadcrumb":{"@id":"https:\/\/radiolitoral.com\/2023\/04\/camela-protagonista-del-calpe-pop-festival-que-se-celebrara-en-agosto\/#breadcrumb"},"inLanguage":"ca","potentialAction":[{"@type":"ReadAction","target":["https:\/\/radiolitoral.com\/2023\/04\/camela-protagonista-del-calpe-pop-festival-que-se-celebrara-en-agosto\/"]}]},{"@type":"ImageObject","inLanguage":"ca","@id":"https:\/\/radiolitoral.com\/2023\/04\/camela-protagonista-del-calpe-pop-festival-que-se-celebrara-en-agosto\/#primaryimage","url":"https:\/\/media.radiolitoral.com\/wp-content\/uploads\/2023\/04\/04155335\/cartel.jpg","contentUrl":"https:\/\/media.radiolitoral.com\/wp-content\/uploads\/2023\/04\/04155335\/cartel.jpg","width":766,"height":438},{"@type":"BreadcrumbList","@id":"https:\/\/radiolitoral.com\/2023\/04\/camela-protagonista-del-calpe-pop-festival-que-se-celebrara-en-agosto\/#breadcrumb","itemListElement":[{"@type":"ListItem","position":1,"name":"Portada","item":"https:\/\/radiolitoral.com\/"},{"@type":"ListItem","position":2,"name":"Camela protagoniza el Calpe Pop Festival que se celebrar\u00e1 en agosto"}]},{"@type":"WebSite","@id":"https:\/\/radiolitoral.com\/#website","url":"https:\/\/radiolitoral.com\/","name":"R\u00e0dio Litoral","description":"La r\u00e0dio local de la Marina Alta","publisher":{"@id":"https:\/\/radiolitoral.com\/#organization"},"alternateName":"Litoral FM","potentialAction":[{"@type":"SearchAction","target":{"@type":"EntryPoint","urlTemplate":"https:\/\/radiolitoral.com\/?s={search_term_string}"},"query-input":{"@type":"PropertyValueSpecification","valueRequired":true,"valueName":"search_term_string"}}],"inLanguage":"ca"},{"@type":"Organization","@id":"https:\/\/radiolitoral.com\/#organization","name":"R\u00e0dio Litoral","url":"https:\/\/radiolitoral.com\/","logo":{"@type":"ImageObject","inLanguage":"ca","@id":"https:\/\/radiolitoral.com\/#\/schema\/logo\/image\/","url":"https:\/\/media.radiolitoral.com\/wp-content\/uploads\/2023\/02\/24143238\/CL-V-RadioLitoral696.png","contentUrl":"https:\/\/media.radiolitoral.com\/wp-content\/uploads\/2023\/02\/24143238\/CL-V-RadioLitoral696.png","width":696,"height":696,"caption":"Radio Litoral"},"image":{"@id":"https:\/\/radiolitoral.com\/#\/schema\/logo\/image\/"},"sameAs":["https:\/\/www.facebook.com\/Laradiolitoral\/"]},{"@type":"Person","@id":"https:\/\/radiolitoral.com\/#\/schema\/person\/aad4f72efa404f85b68e832d24cac059","name":"Mel Pescuezo","image":{"@type":"ImageObject","inLanguage":"ca","@id":"https:\/\/secure.gravatar.com\/avatar\/993975ae489c70cb0dd9bfa9413a082f0bd276582dac13661af7b33f161e7eea?s=96&d=mm&r=g","url":"https:\/\/secure.gravatar.com\/avatar\/993975ae489c70cb0dd9bfa9413a082f0bd276582dac13661af7b33f161e7eea?s=96&d=mm&r=g","contentUrl":"https:\/\/secure.gravatar.com\/avatar\/993975ae489c70cb0dd9bfa9413a082f0bd276582dac13661af7b33f161e7eea?s=96&d=mm&r=g","caption":"Mel Pescuezo"},"url":"https:\/\/radiolitoral.com\/ca\/author\/serviciospararadios\/"}]}},"_links":{"self":[{"href":"https:\/\/radiolitoral.com\/ca\/wp-json\/wp\/v2\/posts\/1981","targetHints":{"allow":["GET"]}}],"collection":[{"href":"https:\/\/radiolitoral.com\/ca\/wp-json\/wp\/v2\/posts"}],"about":[{"href":"https:\/\/radiolitoral.com\/ca\/wp-json\/wp\/v2\/types\/post"}],"author":[{"embeddable":true,"href":"https:\/\/radiolitoral.com\/ca\/wp-json\/wp\/v2\/users\/21"}],"replies":[{"embeddable":true,"href":"https:\/\/radiolitoral.com\/ca\/wp-json\/wp\/v2\/comments?post=1981"}],"version-history":[{"count":2,"href":"https:\/\/radiolitoral.com\/ca\/wp-json\/wp\/v2\/posts\/1981\/revisions"}],"predecessor-version":[{"id":1985,"href":"https:\/\/radiolitoral.com\/ca\/wp-json\/wp\/v2\/posts\/1981\/revisions\/1985"}],"wp:featuredmedia":[{"embeddable":true,"href":"https:\/\/radiolitoral.com\/ca\/wp-json\/wp\/v2\/media\/1982"}],"wp:attachment":[{"href":"https:\/\/radiolitoral.com\/ca\/wp-json\/wp\/v2\/media?parent=1981"}],"wp:term":[{"taxonomy":"category","embeddable":true,"href":"https:\/\/radiolitoral.com\/ca\/wp-json\/wp\/v2\/categories?post=1981"},{"taxonomy":"post_tag","embeddable":true,"href":"https:\/\/radiolitoral.com\/ca\/wp-json\/wp\/v2\/tags?post=1981"}],"curies":[{"name":"wp","href":"https:\/\/api.w.org\/{rel}","templated":true}]}}