{"id":19793,"date":"2026-02-12T09:27:16","date_gmt":"2026-02-12T08:27:16","guid":{"rendered":"https:\/\/radiolitoral.com\/?p=19793"},"modified":"2026-02-12T09:27:30","modified_gmt":"2026-02-12T08:27:30","slug":"benissa-porta-la-seva-oferta-de-turisme-actiu-i-esportiu-a-la-fiets-a-wandelbeurs-dutrecht","status":"publish","type":"post","link":"https:\/\/radiolitoral.com\/ca\/2026\/02\/benissa-lleva-su-oferta-de-turismo-activo-y-deportivo-a-la-fiets-en-wandelbeurs-de-utrecht\/","title":{"rendered":"Benissa porta la seva oferta de turisme actiu i esportiu a la Fiets a Wandelbeurs d&#039;Utrecht"},"content":{"rendered":"<p data-start=\"193\" data-end=\"603\">Del 13 al 15 de febrer, <strong>Benissa<\/strong> participar\u00e0 a la <strong>Fiets a Wandelbeurs<\/strong>, la fira m\u00e9s rellevant d&#039;Europa especialitzada en <strong>cicloturisme <\/strong>i<strong> senderisme<\/strong>. L&#039;esdeveniment se celebrar\u00e0 al recinte Jaarbeurs d&#039;Utrecht, Pa\u00efsos Baixos, i atraur\u00e0 un p\u00fablic apassionat per les rutes amb bicicleta i el senderisme, aix\u00ed com professionals del sector tur\u00edstic.<\/p>\n<p data-start=\"605\" data-end=\"1238\">La fira, que cada any atrau milers de visitants i expositors de tot el m\u00f3n, es fa en el marc de l&#039;E-bike Challenge, un esdeveniment que promou l&#039;\u00fas de bicicletes el\u00e8ctriques. En la seva \u00faltima edici\u00f3, la Fiets a Wandelbeurs en va rebre uns <strong>24.000 visitants<\/strong> i m\u00e9s de <strong>300 expositors internacionals<\/strong>, entre els quals es troben destinacions tur\u00edstiques, marques especialitzades, ag\u00e8ncies de viatges i associacions del sector.<\/p>\n<p data-start=\"605\" data-end=\"1238\">A m\u00e9s dels expositors, la fira compta amb m\u00e9s d&#039;un centenar de confer\u00e8ncies, tallers i zones de prova, que converteixen aquest esdeveniment en un punt de trobada per als entusiastes del turisme actiu.<\/p>\n<p data-start=\"605\" data-end=\"1238\"><a href=\"https:\/\/media.radiolitoral.com\/wp-content\/uploads\/2026\/02\/12092519\/Fiets-en-Wandelbeurs-2025.jpg\"><img loading=\"lazy\" decoding=\"async\" class=\"size-full wp-image-19794 aligncenter\" src=\"https:\/\/media.radiolitoral.com\/wp-content\/uploads\/2026\/02\/12092519\/Fiets-en-Wandelbeurs-2025.jpg\" alt=\"\" width=\"2048\" height=\"1536\" srcset=\"https:\/\/media.radiolitoral.com\/wp-content\/uploads\/2026\/02\/12092519\/Fiets-en-Wandelbeurs-2025.jpg 2048w, https:\/\/media.radiolitoral.com\/wp-content\/uploads\/2026\/02\/12092519\/Fiets-en-Wandelbeurs-2025-300x225.jpg 300w, https:\/\/media.radiolitoral.com\/wp-content\/uploads\/2026\/02\/12092519\/Fiets-en-Wandelbeurs-2025-1024x768.jpg 1024w, https:\/\/media.radiolitoral.com\/wp-content\/uploads\/2026\/02\/12092519\/Fiets-en-Wandelbeurs-2025-768x576.jpg 768w, https:\/\/media.radiolitoral.com\/wp-content\/uploads\/2026\/02\/12092519\/Fiets-en-Wandelbeurs-2025-1536x1152.jpg 1536w, https:\/\/media.radiolitoral.com\/wp-content\/uploads\/2026\/02\/12092519\/Fiets-en-Wandelbeurs-2025-16x12.jpg 16w, https:\/\/media.radiolitoral.com\/wp-content\/uploads\/2026\/02\/12092519\/Fiets-en-Wandelbeurs-2025-1000x750.jpg 1000w, https:\/\/media.radiolitoral.com\/wp-content\/uploads\/2026\/02\/12092519\/Fiets-en-Wandelbeurs-2025-100x75.jpg 100w, https:\/\/media.radiolitoral.com\/wp-content\/uploads\/2026\/02\/12092519\/Fiets-en-Wandelbeurs-2025-200x150.jpg 200w\" sizes=\"auto, (max-width: 2048px) 100vw, 2048px\" \/><\/a><\/p>\n<h2 data-start=\"1240\" data-end=\"1986\"><strong data-start=\"1240\" data-end=\"1315\">Benissa aposta pel cicloturisme i el senderisme<\/strong><\/h2>\n<p data-start=\"1240\" data-end=\"1986\">La participaci\u00f3 de Benissa a la fira t\u00e9 com a objectiu <strong>refor\u00e7ar el seu posicionament al mercat neerland\u00e8s<\/strong> com una destinaci\u00f3 ideal per al cicloturisme i el senderisme al llarg de l&#039;any, sota la seva marca <strong>BenissaNaturSport<\/strong>.<\/p>\n<p data-start=\"1240\" data-end=\"1986\">La localitat aprofitar\u00e0 l&#039;oportunitat per presentar el nou cat\u00e0leg, que inclou una variada oferta de rutes BTT i de carretera, senders homologats i activitats complement\u00e0ries com el running i l&#039;h\u00edpica. Amb la seva singular combinaci\u00f3 de mar i muntanya, Benissa es presenta com a lloc idoni per als amants de les activitats a l&#039;aire lliure, especialment per als neerlandesos, que estan molt vinculats a la cultura de la bicicleta.<\/p>\n<p data-start=\"1988\" data-end=\"2576\">El municipi de Benissa destaca no nom\u00e9s pel seu entorn natural, sin\u00f3 tamb\u00e9 per la seva infraestructura d&#039;allotjament, <strong>gastronomia local<\/strong> i <strong>serveis especialitzats per a ciclistes<\/strong> i senderistes. El clima suau durant gran part de l&#039;any i els paisatges mediterranis, com ara el passeig ecol\u00f2gic del litoral, fan que la destinaci\u00f3 sigui encara m\u00e9s atractiva per al p\u00fablic neerland\u00e8s. A m\u00e9s, l&#039;estrat\u00e8gia de sostenibilitat i desestacionalitzaci\u00f3 tur\u00edstica de Benissa cerca que els visitants gaudeixin de la regi\u00f3 fora de la temporada alta.<\/p>\n<p data-start=\"2578\" data-end=\"3178\"><strong data-start=\"2578\" data-end=\"2620\">Consolidaci\u00f3 al mercat neerland\u00e8s<\/strong><\/p>\n<p data-start=\"2578\" data-end=\"3178\">La participaci\u00f3 a la Fiets a Wandelbeurs ofereix a Benissa l&#039;oportunitat de connectar amb un p\u00fablic altament especialitzat, establir relacions amb operadors tur\u00edstics i professionals del sector, i refor\u00e7ar la seva imatge com a destinaci\u00f3 tur\u00edstica sostenible i activa.<\/p>\n<p data-start=\"2578\" data-end=\"3178\">La pres\u00e8ncia a Utrecht tamb\u00e9 respon a l&#039;estrat\u00e8gia de desestacionalitzaci\u00f3 del municipi, ja que el mercat neerland\u00e8s representa una de les principals prioritats de Benissa, atesa la forta cultura ciclista i la demanda creixent de destinacions amb bon clima, seguretat i qualitat natural.<\/p>","protected":false},"excerpt":{"rendered":"<p>Del 13 al 15 de febrero, Benissa participar\u00e1 en la Fiets en Wandelbeurs, la feria m\u00e1s relevante de Europa especializada en cicloturismo y senderismo. El evento se celebrar\u00e1 en el recinto Jaarbeurs de Utrecht, Pa\u00edses Bajos, y atraer\u00e1 a un p\u00fablico apasionado por las rutas en bicicleta y el senderismo, as\u00ed como a profesionales del [&#8230;]<\/p>\n<p><a class=\"btn btn-secondary understrap-read-more-link\" href=\"https:\/\/radiolitoral.com\/ca\/2026\/02\/benissa-lleva-su-oferta-de-turismo-activo-y-deportivo-a-la-fiets-en-wandelbeurs-de-utrecht\/\">Continua llegint&#8230;<span class=\"screen-reader-text\"> from Benissa lleva su oferta de turismo activo y deportivo a la Fiets en Wandelbeurs de Utrecht<\/span><\/a><\/p>\n","protected":false},"author":14,"featured_media":19795,"comment_status":"open","ping_status":"closed","sticky":false,"template":"","format":"standard","meta":{"_acf_changed":false,"inline_featured_image":false,"footnotes":""},"categories":[144],"tags":[126,5191,711,5190,163,5189],"class_list":["post-19793","post","type-post","status-publish","format-standard","has-post-thumbnail","hentry","category-turismo","tag-benissa","tag-cicloturismo","tag-deporte","tag-fira","tag-turismo","tag-utrecht","cobertura-benissa"],"acf":[],"yoast_head":"<!-- This site is optimized with the Yoast SEO plugin v27.5 - https:\/\/yoast.com\/product\/yoast-seo-wordpress\/ -->\n<title>Benissa lleva su oferta de turismo activo y deportivo a la Fiets en Wandelbeurs de Utrecht | R\u00e0dio Litoral<\/title>\n<meta name=\"description\" content=\"La feria neerlandesa re\u00fane a miles de visitantes interesados en el cicloturismo y senderismo\" \/>\n<meta name=\"robots\" content=\"index, follow, max-snippet:-1, max-image-preview:large, max-video-preview:-1\" \/>\n<link rel=\"canonical\" href=\"https:\/\/radiolitoral.com\/ca\/2026\/02\/benissa-porta-la-seva-oferta-de-turisme-actiu-i-esportiu-a-la-fiets-a-wandelbeurs-dutrecht\/\" \/>\n<meta property=\"og:locale\" content=\"ca_ES\" \/>\n<meta property=\"og:type\" content=\"article\" \/>\n<meta property=\"og:title\" content=\"Benissa lleva su oferta de turismo activo y deportivo a la Fiets en Wandelbeurs de Utrecht | R\u00e0dio Litoral\" \/>\n<meta property=\"og:description\" content=\"La feria neerlandesa re\u00fane a miles de visitantes interesados en el cicloturismo y senderismo\" \/>\n<meta property=\"og:url\" content=\"https:\/\/radiolitoral.com\/ca\/2026\/02\/benissa-porta-la-seva-oferta-de-turisme-actiu-i-esportiu-a-la-fiets-a-wandelbeurs-dutrecht\/\" \/>\n<meta property=\"og:site_name\" content=\"R\u00e0dio Litoral\" \/>\n<meta property=\"article:publisher\" content=\"https:\/\/www.facebook.com\/Laradiolitoral\/\" \/>\n<meta property=\"article:published_time\" content=\"2026-02-12T08:27:16+00:00\" \/>\n<meta property=\"article:modified_time\" content=\"2026-02-12T08:27:30+00:00\" \/>\n<meta property=\"og:image\" content=\"https:\/\/media.radiolitoral.com\/wp-content\/uploads\/2026\/02\/12092523\/Image1-e1770884738799.jpeg\" \/>\n\t<meta property=\"og:image:width\" content=\"1200\" \/>\n\t<meta property=\"og:image:height\" content=\"763\" \/>\n\t<meta property=\"og:image:type\" content=\"image\/jpeg\" \/>\n<meta name=\"author\" content=\"Redacci\u00f3n\" \/>\n<meta name=\"twitter:card\" content=\"summary_large_image\" \/>\n<meta name=\"twitter:label1\" content=\"Escrit per\" \/>\n\t<meta name=\"twitter:data1\" content=\"Redacci\u00f3n\" \/>\n\t<meta name=\"twitter:label2\" content=\"Temps estimat de lectura\" \/>\n\t<meta name=\"twitter:data2\" content=\"3 minuts\" \/>\n<script type=\"application\/ld+json\" class=\"yoast-schema-graph\">{\"@context\":\"https:\\\/\\\/schema.org\",\"@graph\":[{\"@type\":\"NewsArticle\",\"@id\":\"https:\\\/\\\/radiolitoral.com\\\/2026\\\/02\\\/benissa-lleva-su-oferta-de-turismo-activo-y-deportivo-a-la-fiets-en-wandelbeurs-de-utrecht\\\/#article\",\"isPartOf\":{\"@id\":\"https:\\\/\\\/radiolitoral.com\\\/2026\\\/02\\\/benissa-lleva-su-oferta-de-turismo-activo-y-deportivo-a-la-fiets-en-wandelbeurs-de-utrecht\\\/\"},\"author\":{\"name\":\"Redacci\u00f3n\",\"@id\":\"https:\\\/\\\/radiolitoral.com\\\/#\\\/schema\\\/person\\\/96b739642eb3bedb532aac3812d23307\"},\"headline\":\"Benissa lleva su oferta de turismo activo y deportivo a la Fiets en Wandelbeurs de Utrecht\",\"datePublished\":\"2026-02-12T08:27:16+00:00\",\"dateModified\":\"2026-02-12T08:27:30+00:00\",\"mainEntityOfPage\":{\"@id\":\"https:\\\/\\\/radiolitoral.com\\\/2026\\\/02\\\/benissa-lleva-su-oferta-de-turismo-activo-y-deportivo-a-la-fiets-en-wandelbeurs-de-utrecht\\\/\"},\"wordCount\":495,\"commentCount\":0,\"publisher\":{\"@id\":\"https:\\\/\\\/radiolitoral.com\\\/#organization\"},\"image\":{\"@id\":\"https:\\\/\\\/radiolitoral.com\\\/2026\\\/02\\\/benissa-lleva-su-oferta-de-turismo-activo-y-deportivo-a-la-fiets-en-wandelbeurs-de-utrecht\\\/#primaryimage\"},\"thumbnailUrl\":\"https:\\\/\\\/media.radiolitoral.com\\\/wp-content\\\/uploads\\\/2026\\\/02\\\/12092523\\\/Image1-e1770884738799.jpeg\",\"keywords\":[\"Benissa\",\"cicloturismo\",\"Deporte\",\"fira\",\"turismo\",\"Utrecht\"],\"articleSection\":[\"Turismo\"],\"inLanguage\":\"ca\",\"potentialAction\":[{\"@type\":\"CommentAction\",\"name\":\"Comment\",\"target\":[\"https:\\\/\\\/radiolitoral.com\\\/2026\\\/02\\\/benissa-lleva-su-oferta-de-turismo-activo-y-deportivo-a-la-fiets-en-wandelbeurs-de-utrecht\\\/#respond\"]}]},{\"@type\":[\"WebPage\",\"ItemPage\"],\"@id\":\"https:\\\/\\\/radiolitoral.com\\\/2026\\\/02\\\/benissa-lleva-su-oferta-de-turismo-activo-y-deportivo-a-la-fiets-en-wandelbeurs-de-utrecht\\\/\",\"url\":\"https:\\\/\\\/radiolitoral.com\\\/2026\\\/02\\\/benissa-lleva-su-oferta-de-turismo-activo-y-deportivo-a-la-fiets-en-wandelbeurs-de-utrecht\\\/\",\"name\":\"Benissa lleva su oferta de turismo activo y deportivo a la Fiets en Wandelbeurs de Utrecht | R\u00e0dio Litoral\",\"isPartOf\":{\"@id\":\"https:\\\/\\\/radiolitoral.com\\\/#website\"},\"primaryImageOfPage\":{\"@id\":\"https:\\\/\\\/radiolitoral.com\\\/2026\\\/02\\\/benissa-lleva-su-oferta-de-turismo-activo-y-deportivo-a-la-fiets-en-wandelbeurs-de-utrecht\\\/#primaryimage\"},\"image\":{\"@id\":\"https:\\\/\\\/radiolitoral.com\\\/2026\\\/02\\\/benissa-lleva-su-oferta-de-turismo-activo-y-deportivo-a-la-fiets-en-wandelbeurs-de-utrecht\\\/#primaryimage\"},\"thumbnailUrl\":\"https:\\\/\\\/media.radiolitoral.com\\\/wp-content\\\/uploads\\\/2026\\\/02\\\/12092523\\\/Image1-e1770884738799.jpeg\",\"datePublished\":\"2026-02-12T08:27:16+00:00\",\"dateModified\":\"2026-02-12T08:27:30+00:00\",\"description\":\"La feria neerlandesa re\u00fane a miles de visitantes interesados en el cicloturismo y senderismo\",\"breadcrumb\":{\"@id\":\"https:\\\/\\\/radiolitoral.com\\\/2026\\\/02\\\/benissa-lleva-su-oferta-de-turismo-activo-y-deportivo-a-la-fiets-en-wandelbeurs-de-utrecht\\\/#breadcrumb\"},\"inLanguage\":\"ca\",\"potentialAction\":[{\"@type\":\"ReadAction\",\"target\":[\"https:\\\/\\\/radiolitoral.com\\\/2026\\\/02\\\/benissa-lleva-su-oferta-de-turismo-activo-y-deportivo-a-la-fiets-en-wandelbeurs-de-utrecht\\\/\"]}]},{\"@type\":\"ImageObject\",\"inLanguage\":\"ca\",\"@id\":\"https:\\\/\\\/radiolitoral.com\\\/2026\\\/02\\\/benissa-lleva-su-oferta-de-turismo-activo-y-deportivo-a-la-fiets-en-wandelbeurs-de-utrecht\\\/#primaryimage\",\"url\":\"https:\\\/\\\/media.radiolitoral.com\\\/wp-content\\\/uploads\\\/2026\\\/02\\\/12092523\\\/Image1-e1770884738799.jpeg\",\"contentUrl\":\"https:\\\/\\\/media.radiolitoral.com\\\/wp-content\\\/uploads\\\/2026\\\/02\\\/12092523\\\/Image1-e1770884738799.jpeg\",\"width\":1200,\"height\":763},{\"@type\":\"BreadcrumbList\",\"@id\":\"https:\\\/\\\/radiolitoral.com\\\/2026\\\/02\\\/benissa-lleva-su-oferta-de-turismo-activo-y-deportivo-a-la-fiets-en-wandelbeurs-de-utrecht\\\/#breadcrumb\",\"itemListElement\":[{\"@type\":\"ListItem\",\"position\":1,\"name\":\"Portada\",\"item\":\"https:\\\/\\\/radiolitoral.com\\\/\"},{\"@type\":\"ListItem\",\"position\":2,\"name\":\"Benissa lleva su oferta de turismo activo y deportivo a la Fiets en Wandelbeurs de Utrecht\"}]},{\"@type\":\"WebSite\",\"@id\":\"https:\\\/\\\/radiolitoral.com\\\/#website\",\"url\":\"https:\\\/\\\/radiolitoral.com\\\/\",\"name\":\"Radio Litoral\",\"description\":\"La radio local de la Marina Alta\",\"publisher\":{\"@id\":\"https:\\\/\\\/radiolitoral.com\\\/#organization\"},\"alternateName\":\"Litoral FM\",\"potentialAction\":[{\"@type\":\"SearchAction\",\"target\":{\"@type\":\"EntryPoint\",\"urlTemplate\":\"https:\\\/\\\/radiolitoral.com\\\/?s={search_term_string}\"},\"query-input\":{\"@type\":\"PropertyValueSpecification\",\"valueRequired\":true,\"valueName\":\"search_term_string\"}}],\"inLanguage\":\"ca\"},{\"@type\":\"Organization\",\"@id\":\"https:\\\/\\\/radiolitoral.com\\\/#organization\",\"name\":\"Radio Litoral\",\"url\":\"https:\\\/\\\/radiolitoral.com\\\/\",\"logo\":{\"@type\":\"ImageObject\",\"inLanguage\":\"ca\",\"@id\":\"https:\\\/\\\/radiolitoral.com\\\/#\\\/schema\\\/logo\\\/image\\\/\",\"url\":\"https:\\\/\\\/media.radiolitoral.com\\\/wp-content\\\/uploads\\\/2023\\\/02\\\/24143238\\\/CL-V-RadioLitoral696.png\",\"contentUrl\":\"https:\\\/\\\/media.radiolitoral.com\\\/wp-content\\\/uploads\\\/2023\\\/02\\\/24143238\\\/CL-V-RadioLitoral696.png\",\"width\":696,\"height\":696,\"caption\":\"Radio Litoral\"},\"image\":{\"@id\":\"https:\\\/\\\/radiolitoral.com\\\/#\\\/schema\\\/logo\\\/image\\\/\"},\"sameAs\":[\"https:\\\/\\\/www.facebook.com\\\/Laradiolitoral\\\/\"]},{\"@type\":\"Person\",\"@id\":\"https:\\\/\\\/radiolitoral.com\\\/#\\\/schema\\\/person\\\/96b739642eb3bedb532aac3812d23307\",\"name\":\"Redacci\u00f3n\",\"image\":{\"@type\":\"ImageObject\",\"inLanguage\":\"ca\",\"@id\":\"https:\\\/\\\/secure.gravatar.com\\\/avatar\\\/30cd06129ee90411dd9c7cbdcf17464181d1a3c7b072e92070ea75a25cf0097e?s=96&d=mm&r=g\",\"url\":\"https:\\\/\\\/secure.gravatar.com\\\/avatar\\\/30cd06129ee90411dd9c7cbdcf17464181d1a3c7b072e92070ea75a25cf0097e?s=96&d=mm&r=g\",\"contentUrl\":\"https:\\\/\\\/secure.gravatar.com\\\/avatar\\\/30cd06129ee90411dd9c7cbdcf17464181d1a3c7b072e92070ea75a25cf0097e?s=96&d=mm&r=g\",\"caption\":\"Redacci\u00f3n\"},\"url\":\"https:\\\/\\\/radiolitoral.com\\\/ca\\\/author\\\/kevin-carrio\\\/\"}]}<\/script>\n<!-- \/ Yoast SEO plugin. -->","yoast_head_json":{"title":"Benissa porta la seva oferta de turisme actiu i esportiu a la Fiets a Wandelbeurs d&#039;Utrecht | R\u00e0dio Litoral","description":"La fira neerlandesa reuneix milers de visitants interessats en el cicloturisme i senderisme","robots":{"index":"index","follow":"follow","max-snippet":"max-snippet:-1","max-image-preview":"max-image-preview:large","max-video-preview":"max-video-preview:-1"},"canonical":"https:\/\/radiolitoral.com\/ca\/2026\/02\/benissa-porta-la-seva-oferta-de-turisme-actiu-i-esportiu-a-la-fiets-a-wandelbeurs-dutrecht\/","og_locale":"ca_ES","og_type":"article","og_title":"Benissa lleva su oferta de turismo activo y deportivo a la Fiets en Wandelbeurs de Utrecht | R\u00e0dio Litoral","og_description":"La feria neerlandesa re\u00fane a miles de visitantes interesados en el cicloturismo y senderismo","og_url":"https:\/\/radiolitoral.com\/ca\/2026\/02\/benissa-porta-la-seva-oferta-de-turisme-actiu-i-esportiu-a-la-fiets-a-wandelbeurs-dutrecht\/","og_site_name":"R\u00e0dio Litoral","article_publisher":"https:\/\/www.facebook.com\/Laradiolitoral\/","article_published_time":"2026-02-12T08:27:16+00:00","article_modified_time":"2026-02-12T08:27:30+00:00","og_image":[{"width":1200,"height":763,"url":"https:\/\/media.radiolitoral.com\/wp-content\/uploads\/2026\/02\/12092523\/Image1-e1770884738799.jpeg","type":"image\/jpeg"}],"author":"Redacci\u00f3n","twitter_card":"summary_large_image","twitter_misc":{"Escrit per":"Redacci\u00f3n","Temps estimat de lectura":"3 minuts"},"schema":{"@context":"https:\/\/schema.org","@graph":[{"@type":"NewsArticle","@id":"https:\/\/radiolitoral.com\/2026\/02\/benissa-lleva-su-oferta-de-turismo-activo-y-deportivo-a-la-fiets-en-wandelbeurs-de-utrecht\/#article","isPartOf":{"@id":"https:\/\/radiolitoral.com\/2026\/02\/benissa-lleva-su-oferta-de-turismo-activo-y-deportivo-a-la-fiets-en-wandelbeurs-de-utrecht\/"},"author":{"name":"Redacci\u00f3n","@id":"https:\/\/radiolitoral.com\/#\/schema\/person\/96b739642eb3bedb532aac3812d23307"},"headline":"Benissa lleva su oferta de turismo activo y deportivo a la Fiets en Wandelbeurs de Utrecht","datePublished":"2026-02-12T08:27:16+00:00","dateModified":"2026-02-12T08:27:30+00:00","mainEntityOfPage":{"@id":"https:\/\/radiolitoral.com\/2026\/02\/benissa-lleva-su-oferta-de-turismo-activo-y-deportivo-a-la-fiets-en-wandelbeurs-de-utrecht\/"},"wordCount":495,"commentCount":0,"publisher":{"@id":"https:\/\/radiolitoral.com\/#organization"},"image":{"@id":"https:\/\/radiolitoral.com\/2026\/02\/benissa-lleva-su-oferta-de-turismo-activo-y-deportivo-a-la-fiets-en-wandelbeurs-de-utrecht\/#primaryimage"},"thumbnailUrl":"https:\/\/media.radiolitoral.com\/wp-content\/uploads\/2026\/02\/12092523\/Image1-e1770884738799.jpeg","keywords":["Benissa","cicloturismo","Deporte","fira","turismo","Utrecht"],"articleSection":["Turismo"],"inLanguage":"ca","potentialAction":[{"@type":"CommentAction","name":"Comment","target":["https:\/\/radiolitoral.com\/2026\/02\/benissa-lleva-su-oferta-de-turismo-activo-y-deportivo-a-la-fiets-en-wandelbeurs-de-utrecht\/#respond"]}]},{"@type":["WebPage","ItemPage"],"@id":"https:\/\/radiolitoral.com\/2026\/02\/benissa-lleva-su-oferta-de-turismo-activo-y-deportivo-a-la-fiets-en-wandelbeurs-de-utrecht\/","url":"https:\/\/radiolitoral.com\/2026\/02\/benissa-lleva-su-oferta-de-turismo-activo-y-deportivo-a-la-fiets-en-wandelbeurs-de-utrecht\/","name":"Benissa porta la seva oferta de turisme actiu i esportiu a la Fiets a Wandelbeurs d&#039;Utrecht | R\u00e0dio Litoral","isPartOf":{"@id":"https:\/\/radiolitoral.com\/#website"},"primaryImageOfPage":{"@id":"https:\/\/radiolitoral.com\/2026\/02\/benissa-lleva-su-oferta-de-turismo-activo-y-deportivo-a-la-fiets-en-wandelbeurs-de-utrecht\/#primaryimage"},"image":{"@id":"https:\/\/radiolitoral.com\/2026\/02\/benissa-lleva-su-oferta-de-turismo-activo-y-deportivo-a-la-fiets-en-wandelbeurs-de-utrecht\/#primaryimage"},"thumbnailUrl":"https:\/\/media.radiolitoral.com\/wp-content\/uploads\/2026\/02\/12092523\/Image1-e1770884738799.jpeg","datePublished":"2026-02-12T08:27:16+00:00","dateModified":"2026-02-12T08:27:30+00:00","description":"La fira neerlandesa reuneix milers de visitants interessats en el cicloturisme i senderisme","breadcrumb":{"@id":"https:\/\/radiolitoral.com\/2026\/02\/benissa-lleva-su-oferta-de-turismo-activo-y-deportivo-a-la-fiets-en-wandelbeurs-de-utrecht\/#breadcrumb"},"inLanguage":"ca","potentialAction":[{"@type":"ReadAction","target":["https:\/\/radiolitoral.com\/2026\/02\/benissa-lleva-su-oferta-de-turismo-activo-y-deportivo-a-la-fiets-en-wandelbeurs-de-utrecht\/"]}]},{"@type":"ImageObject","inLanguage":"ca","@id":"https:\/\/radiolitoral.com\/2026\/02\/benissa-lleva-su-oferta-de-turismo-activo-y-deportivo-a-la-fiets-en-wandelbeurs-de-utrecht\/#primaryimage","url":"https:\/\/media.radiolitoral.com\/wp-content\/uploads\/2026\/02\/12092523\/Image1-e1770884738799.jpeg","contentUrl":"https:\/\/media.radiolitoral.com\/wp-content\/uploads\/2026\/02\/12092523\/Image1-e1770884738799.jpeg","width":1200,"height":763},{"@type":"BreadcrumbList","@id":"https:\/\/radiolitoral.com\/2026\/02\/benissa-lleva-su-oferta-de-turismo-activo-y-deportivo-a-la-fiets-en-wandelbeurs-de-utrecht\/#breadcrumb","itemListElement":[{"@type":"ListItem","position":1,"name":"Portada","item":"https:\/\/radiolitoral.com\/"},{"@type":"ListItem","position":2,"name":"Benissa lleva su oferta de turismo activo y deportivo a la Fiets en Wandelbeurs de Utrecht"}]},{"@type":"WebSite","@id":"https:\/\/radiolitoral.com\/#website","url":"https:\/\/radiolitoral.com\/","name":"R\u00e0dio Litoral","description":"La r\u00e0dio local de la Marina Alta","publisher":{"@id":"https:\/\/radiolitoral.com\/#organization"},"alternateName":"Litoral FM","potentialAction":[{"@type":"SearchAction","target":{"@type":"EntryPoint","urlTemplate":"https:\/\/radiolitoral.com\/?s={search_term_string}"},"query-input":{"@type":"PropertyValueSpecification","valueRequired":true,"valueName":"search_term_string"}}],"inLanguage":"ca"},{"@type":"Organization","@id":"https:\/\/radiolitoral.com\/#organization","name":"R\u00e0dio Litoral","url":"https:\/\/radiolitoral.com\/","logo":{"@type":"ImageObject","inLanguage":"ca","@id":"https:\/\/radiolitoral.com\/#\/schema\/logo\/image\/","url":"https:\/\/media.radiolitoral.com\/wp-content\/uploads\/2023\/02\/24143238\/CL-V-RadioLitoral696.png","contentUrl":"https:\/\/media.radiolitoral.com\/wp-content\/uploads\/2023\/02\/24143238\/CL-V-RadioLitoral696.png","width":696,"height":696,"caption":"Radio Litoral"},"image":{"@id":"https:\/\/radiolitoral.com\/#\/schema\/logo\/image\/"},"sameAs":["https:\/\/www.facebook.com\/Laradiolitoral\/"]},{"@type":"Person","@id":"https:\/\/radiolitoral.com\/#\/schema\/person\/96b739642eb3bedb532aac3812d23307","name":"Redacci\u00f3","image":{"@type":"ImageObject","inLanguage":"ca","@id":"https:\/\/secure.gravatar.com\/avatar\/30cd06129ee90411dd9c7cbdcf17464181d1a3c7b072e92070ea75a25cf0097e?s=96&d=mm&r=g","url":"https:\/\/secure.gravatar.com\/avatar\/30cd06129ee90411dd9c7cbdcf17464181d1a3c7b072e92070ea75a25cf0097e?s=96&d=mm&r=g","contentUrl":"https:\/\/secure.gravatar.com\/avatar\/30cd06129ee90411dd9c7cbdcf17464181d1a3c7b072e92070ea75a25cf0097e?s=96&d=mm&r=g","caption":"Redacci\u00f3n"},"url":"https:\/\/radiolitoral.com\/ca\/author\/kevin-carrio\/"}]}},"_links":{"self":[{"href":"https:\/\/radiolitoral.com\/ca\/wp-json\/wp\/v2\/posts\/19793","targetHints":{"allow":["GET"]}}],"collection":[{"href":"https:\/\/radiolitoral.com\/ca\/wp-json\/wp\/v2\/posts"}],"about":[{"href":"https:\/\/radiolitoral.com\/ca\/wp-json\/wp\/v2\/types\/post"}],"author":[{"embeddable":true,"href":"https:\/\/radiolitoral.com\/ca\/wp-json\/wp\/v2\/users\/14"}],"replies":[{"embeddable":true,"href":"https:\/\/radiolitoral.com\/ca\/wp-json\/wp\/v2\/comments?post=19793"}],"version-history":[{"count":2,"href":"https:\/\/radiolitoral.com\/ca\/wp-json\/wp\/v2\/posts\/19793\/revisions"}],"predecessor-version":[{"id":19797,"href":"https:\/\/radiolitoral.com\/ca\/wp-json\/wp\/v2\/posts\/19793\/revisions\/19797"}],"wp:featuredmedia":[{"embeddable":true,"href":"https:\/\/radiolitoral.com\/ca\/wp-json\/wp\/v2\/media\/19795"}],"wp:attachment":[{"href":"https:\/\/radiolitoral.com\/ca\/wp-json\/wp\/v2\/media?parent=19793"}],"wp:term":[{"taxonomy":"category","embeddable":true,"href":"https:\/\/radiolitoral.com\/ca\/wp-json\/wp\/v2\/categories?post=19793"},{"taxonomy":"post_tag","embeddable":true,"href":"https:\/\/radiolitoral.com\/ca\/wp-json\/wp\/v2\/tags?post=19793"}],"curies":[{"name":"wp","href":"https:\/\/api.w.org\/{rel}","templated":true}]}}