{"id":1971,"date":"2023-04-04T15:30:49","date_gmt":"2023-04-04T13:30:49","guid":{"rendered":"https:\/\/radiolitoral.com\/?p=1971"},"modified":"2023-04-04T15:32:15","modified_gmt":"2023-04-04T13:32:15","slug":"xalo-inverteix-en-instal%c2%b7lacions-esportives-municipals","status":"publish","type":"post","link":"https:\/\/radiolitoral.com\/ca\/2023\/04\/xalo-invierte-en-instalaciones-deportivas-municipales\/","title":{"rendered":"Xal\u00f3 inverteix en instal\u00b7lacions esportives municipals"},"content":{"rendered":"<p><strong>Xal\u00f3 supera els 400.000\u20ac en inversions esportives<\/strong>. Aix\u00ed ho afirmen fonts municipals. Des de l?ajuntament s?explica que la localitat <strong>comptar\u00e0 amb una nova pista poliesportiva i una nova sala multi\u00fas que complementaran les instal\u00b7lacions<\/strong> en mat\u00e8ria esportiva. A m\u00e9s, en aquest llistat d&#039;inversions tamb\u00e9 es t\u00e9 en compte que <strong>la piscina municipal passar\u00e0 a ser tractada amb electr\u00f2lisi salina<\/strong>. Unes instal\u00b7lacions que <strong>s&#039;obriran al p\u00fablic els propers mesos<\/strong>.<\/p>\n<p>L\u00b4edil responsable, Sara Tro, destaca entre totes elles la nova pista poliesportiva, que estar\u00e0 ubicada darrere de l\u00b4actual Centre Social \u2013 Biblioteca Municipal.<\/p>\n<p><strong>L&#039;obra ja est\u00e0 licitada, per valor de 75.999,99\u20ac, s&#039;emmarca dins del Pla+prop 2022 de la Diputaci\u00f3<\/strong> dAlacant i est\u00e0 pendent dadjudicaci\u00f3. Fonts municipals indiquen que l&#039;inici de <strong>les obres arrencaran durant la segona quinzena d&#039;aquest mes d&#039;abril i duraran tres mesos<\/strong>.<\/p>\n<p>Una altra dotaci\u00f3 esportiva, segons comenta Tro, ser\u00e0 la <strong>nova sala multi\u00fas al poliesportiu<\/strong> municipal. Projecte que es troba <strong>en proc\u00e9s de licitaci\u00f3 per un preu de 70.000 \u20ac<\/strong>. L&#039;executiu local espera disposar d&#039;aquest espai per <strong>abans de novembre<\/strong> aquest any.<\/p>\n<p>Finalment, l&#039;edil d&#039;esports fa refer\u00e8ncia a les millores a aplicar a les instal\u00b7lacions de la piscina municipal amb electr\u00f2lisi salina. Cosa que aportar\u00e0 beneficis per a la salut dels usuaris i el medi ambient, segons indiquen des del mateix ajuntament.<\/p>\n<p><strong>Sara Tro, \u00e9s la regidora d&#039;Esports:<\/strong><\/p>\n<audio class=\"wp-audio-shortcode\" id=\"audio-1971-1\" preload=\"none\" style=\"width: 100%;\" controls=\"controls\"><source type=\"audio\/mpeg\" src=\"https:\/\/media.radiolitoral.com\/wp-content\/uploads\/2023\/04\/04152516\/Sara-Tro.mp3?_=1\" \/><a href=\"https:\/\/media.radiolitoral.com\/wp-content\/uploads\/2023\/04\/04152516\/Sara-Tro.mp3\">https:\/\/media.radiolitoral.com\/wp-content\/uploads\/2023\/04\/04152516\/Sara-Tro.mp3<\/a><\/audio>\n<p>&nbsp;<\/p>\n<p>&nbsp;<\/p>","protected":false},"excerpt":{"rendered":"<p>Xal\u00f3 supera los 400.000\u20ac en inversiones deportivas. As\u00ed lo afirman fuentes municipales. Desde el ayuntamiento se explica que la localidad contar\u00e1 con una nueva pista polideportiva y una nueva sala multiuso que complementar\u00e1n las instalaciones en materia deportiva. Adem\u00e1s, en este listado de inversiones, tambi\u00e9n se tiene en cuenta que la piscina municipal pasar\u00e1 a [&#8230;]<\/p>\n<p><a class=\"btn btn-secondary understrap-read-more-link\" href=\"https:\/\/radiolitoral.com\/ca\/2023\/04\/xalo-invierte-en-instalaciones-deportivas-municipales\/\">Continua llegint&#8230;<span class=\"screen-reader-text\"> from Xal\u00f3 invierte en instalaciones deportivas municipales<\/span><\/a><\/p>\n","protected":false},"author":21,"featured_media":1973,"comment_status":"open","ping_status":"closed","sticky":false,"template":"","format":"standard","meta":{"_acf_changed":false,"inline_featured_image":false,"footnotes":""},"categories":[100],"tags":[438,133],"class_list":["post-1971","post","type-post","status-publish","format-standard","has-post-thumbnail","hentry","category-obras","tag-instalaciones-deportivas","tag-xalo","cobertura-xalo"],"acf":[],"yoast_head":"<!-- This site is optimized with the Yoast SEO plugin v27.5 - https:\/\/yoast.com\/product\/yoast-seo-wordpress\/ -->\n<title>Xal\u00f3 invierte en instalaciones deportivas municipales | R\u00e0dio Litoral<\/title>\n<meta name=\"description\" content=\"Contar\u00e1 con una nueva pista polideportiva y una sala multiuso Contar\u00e1 con una nueva pista polideportiva y una sala multiuso\" \/>\n<meta name=\"robots\" content=\"index, follow, max-snippet:-1, max-image-preview:large, max-video-preview:-1\" \/>\n<link rel=\"canonical\" href=\"https:\/\/radiolitoral.com\/ca\/2023\/04\/xalo-inverteix-en-instal\u00b7lacions-esportives-municipals\/\" \/>\n<meta property=\"og:locale\" content=\"ca_ES\" \/>\n<meta property=\"og:type\" content=\"article\" \/>\n<meta property=\"og:title\" content=\"Xal\u00f3 invierte en instalaciones deportivas municipales | R\u00e0dio Litoral\" \/>\n<meta property=\"og:description\" content=\"Contar\u00e1 con una nueva pista polideportiva y una sala multiuso Contar\u00e1 con una nueva pista polideportiva y una sala multiuso\" \/>\n<meta property=\"og:url\" content=\"https:\/\/radiolitoral.com\/ca\/2023\/04\/xalo-inverteix-en-instal\u00b7lacions-esportives-municipals\/\" \/>\n<meta property=\"og:site_name\" content=\"R\u00e0dio Litoral\" \/>\n<meta property=\"article:publisher\" content=\"https:\/\/www.facebook.com\/Laradiolitoral\/\" \/>\n<meta property=\"article:published_time\" content=\"2023-04-04T13:30:49+00:00\" \/>\n<meta property=\"article:modified_time\" content=\"2023-04-04T13:32:15+00:00\" \/>\n<meta property=\"og:image\" content=\"https:\/\/media.radiolitoral.com\/wp-content\/uploads\/2023\/04\/04153023\/Nova-pista-esportiva-Xalo-964x675-1.jpg\" \/>\n\t<meta property=\"og:image:width\" content=\"964\" \/>\n\t<meta property=\"og:image:height\" content=\"675\" \/>\n\t<meta property=\"og:image:type\" content=\"image\/jpeg\" \/>\n<meta name=\"author\" content=\"Mel Pescuezo\" \/>\n<meta name=\"twitter:card\" content=\"summary_large_image\" \/>\n<meta name=\"twitter:label1\" content=\"Escrit per\" \/>\n\t<meta name=\"twitter:data1\" content=\"Mel Pescuezo\" \/>\n\t<meta name=\"twitter:label2\" content=\"Temps estimat de lectura\" \/>\n\t<meta name=\"twitter:data2\" content=\"2 minuts\" \/>\n<script type=\"application\/ld+json\" class=\"yoast-schema-graph\">{\"@context\":\"https:\\\/\\\/schema.org\",\"@graph\":[{\"@type\":\"NewsArticle\",\"@id\":\"https:\\\/\\\/radiolitoral.com\\\/2023\\\/04\\\/xalo-invierte-en-instalaciones-deportivas-municipales\\\/#article\",\"isPartOf\":{\"@id\":\"https:\\\/\\\/radiolitoral.com\\\/2023\\\/04\\\/xalo-invierte-en-instalaciones-deportivas-municipales\\\/\"},\"author\":{\"name\":\"Mel Pescuezo\",\"@id\":\"https:\\\/\\\/radiolitoral.com\\\/#\\\/schema\\\/person\\\/aad4f72efa404f85b68e832d24cac059\"},\"headline\":\"Xal\u00f3 invierte en instalaciones deportivas municipales\",\"datePublished\":\"2023-04-04T13:30:49+00:00\",\"dateModified\":\"2023-04-04T13:32:15+00:00\",\"mainEntityOfPage\":{\"@id\":\"https:\\\/\\\/radiolitoral.com\\\/2023\\\/04\\\/xalo-invierte-en-instalaciones-deportivas-municipales\\\/\"},\"wordCount\":269,\"commentCount\":0,\"publisher\":{\"@id\":\"https:\\\/\\\/radiolitoral.com\\\/#organization\"},\"image\":{\"@id\":\"https:\\\/\\\/radiolitoral.com\\\/2023\\\/04\\\/xalo-invierte-en-instalaciones-deportivas-municipales\\\/#primaryimage\"},\"thumbnailUrl\":\"https:\\\/\\\/media.radiolitoral.com\\\/wp-content\\\/uploads\\\/2023\\\/04\\\/04153023\\\/Nova-pista-esportiva-Xalo-964x675-1.jpg\",\"keywords\":[\"instalaciones deportivas\",\"Xal\u00f3\"],\"articleSection\":[\"Obras\"],\"inLanguage\":\"ca\",\"potentialAction\":[{\"@type\":\"CommentAction\",\"name\":\"Comment\",\"target\":[\"https:\\\/\\\/radiolitoral.com\\\/2023\\\/04\\\/xalo-invierte-en-instalaciones-deportivas-municipales\\\/#respond\"]}]},{\"@type\":[\"WebPage\",\"ItemPage\"],\"@id\":\"https:\\\/\\\/radiolitoral.com\\\/2023\\\/04\\\/xalo-invierte-en-instalaciones-deportivas-municipales\\\/\",\"url\":\"https:\\\/\\\/radiolitoral.com\\\/2023\\\/04\\\/xalo-invierte-en-instalaciones-deportivas-municipales\\\/\",\"name\":\"Xal\u00f3 invierte en instalaciones deportivas municipales | R\u00e0dio Litoral\",\"isPartOf\":{\"@id\":\"https:\\\/\\\/radiolitoral.com\\\/#website\"},\"primaryImageOfPage\":{\"@id\":\"https:\\\/\\\/radiolitoral.com\\\/2023\\\/04\\\/xalo-invierte-en-instalaciones-deportivas-municipales\\\/#primaryimage\"},\"image\":{\"@id\":\"https:\\\/\\\/radiolitoral.com\\\/2023\\\/04\\\/xalo-invierte-en-instalaciones-deportivas-municipales\\\/#primaryimage\"},\"thumbnailUrl\":\"https:\\\/\\\/media.radiolitoral.com\\\/wp-content\\\/uploads\\\/2023\\\/04\\\/04153023\\\/Nova-pista-esportiva-Xalo-964x675-1.jpg\",\"datePublished\":\"2023-04-04T13:30:49+00:00\",\"dateModified\":\"2023-04-04T13:32:15+00:00\",\"description\":\"Contar\u00e1 con una nueva pista polideportiva y una sala multiuso Contar\u00e1 con una nueva pista polideportiva y una sala multiuso\",\"breadcrumb\":{\"@id\":\"https:\\\/\\\/radiolitoral.com\\\/2023\\\/04\\\/xalo-invierte-en-instalaciones-deportivas-municipales\\\/#breadcrumb\"},\"inLanguage\":\"ca\",\"potentialAction\":[{\"@type\":\"ReadAction\",\"target\":[\"https:\\\/\\\/radiolitoral.com\\\/2023\\\/04\\\/xalo-invierte-en-instalaciones-deportivas-municipales\\\/\"]}]},{\"@type\":\"ImageObject\",\"inLanguage\":\"ca\",\"@id\":\"https:\\\/\\\/radiolitoral.com\\\/2023\\\/04\\\/xalo-invierte-en-instalaciones-deportivas-municipales\\\/#primaryimage\",\"url\":\"https:\\\/\\\/media.radiolitoral.com\\\/wp-content\\\/uploads\\\/2023\\\/04\\\/04153023\\\/Nova-pista-esportiva-Xalo-964x675-1.jpg\",\"contentUrl\":\"https:\\\/\\\/media.radiolitoral.com\\\/wp-content\\\/uploads\\\/2023\\\/04\\\/04153023\\\/Nova-pista-esportiva-Xalo-964x675-1.jpg\",\"width\":964,\"height\":675},{\"@type\":\"BreadcrumbList\",\"@id\":\"https:\\\/\\\/radiolitoral.com\\\/2023\\\/04\\\/xalo-invierte-en-instalaciones-deportivas-municipales\\\/#breadcrumb\",\"itemListElement\":[{\"@type\":\"ListItem\",\"position\":1,\"name\":\"Portada\",\"item\":\"https:\\\/\\\/radiolitoral.com\\\/\"},{\"@type\":\"ListItem\",\"position\":2,\"name\":\"Xal\u00f3 invierte en instalaciones deportivas municipales\"}]},{\"@type\":\"WebSite\",\"@id\":\"https:\\\/\\\/radiolitoral.com\\\/#website\",\"url\":\"https:\\\/\\\/radiolitoral.com\\\/\",\"name\":\"Radio Litoral\",\"description\":\"La radio local de la Marina Alta\",\"publisher\":{\"@id\":\"https:\\\/\\\/radiolitoral.com\\\/#organization\"},\"alternateName\":\"Litoral FM\",\"potentialAction\":[{\"@type\":\"SearchAction\",\"target\":{\"@type\":\"EntryPoint\",\"urlTemplate\":\"https:\\\/\\\/radiolitoral.com\\\/?s={search_term_string}\"},\"query-input\":{\"@type\":\"PropertyValueSpecification\",\"valueRequired\":true,\"valueName\":\"search_term_string\"}}],\"inLanguage\":\"ca\"},{\"@type\":\"Organization\",\"@id\":\"https:\\\/\\\/radiolitoral.com\\\/#organization\",\"name\":\"Radio Litoral\",\"url\":\"https:\\\/\\\/radiolitoral.com\\\/\",\"logo\":{\"@type\":\"ImageObject\",\"inLanguage\":\"ca\",\"@id\":\"https:\\\/\\\/radiolitoral.com\\\/#\\\/schema\\\/logo\\\/image\\\/\",\"url\":\"https:\\\/\\\/media.radiolitoral.com\\\/wp-content\\\/uploads\\\/2023\\\/02\\\/24143238\\\/CL-V-RadioLitoral696.png\",\"contentUrl\":\"https:\\\/\\\/media.radiolitoral.com\\\/wp-content\\\/uploads\\\/2023\\\/02\\\/24143238\\\/CL-V-RadioLitoral696.png\",\"width\":696,\"height\":696,\"caption\":\"Radio Litoral\"},\"image\":{\"@id\":\"https:\\\/\\\/radiolitoral.com\\\/#\\\/schema\\\/logo\\\/image\\\/\"},\"sameAs\":[\"https:\\\/\\\/www.facebook.com\\\/Laradiolitoral\\\/\"]},{\"@type\":\"Person\",\"@id\":\"https:\\\/\\\/radiolitoral.com\\\/#\\\/schema\\\/person\\\/aad4f72efa404f85b68e832d24cac059\",\"name\":\"Mel Pescuezo\",\"image\":{\"@type\":\"ImageObject\",\"inLanguage\":\"ca\",\"@id\":\"https:\\\/\\\/secure.gravatar.com\\\/avatar\\\/993975ae489c70cb0dd9bfa9413a082f0bd276582dac13661af7b33f161e7eea?s=96&d=mm&r=g\",\"url\":\"https:\\\/\\\/secure.gravatar.com\\\/avatar\\\/993975ae489c70cb0dd9bfa9413a082f0bd276582dac13661af7b33f161e7eea?s=96&d=mm&r=g\",\"contentUrl\":\"https:\\\/\\\/secure.gravatar.com\\\/avatar\\\/993975ae489c70cb0dd9bfa9413a082f0bd276582dac13661af7b33f161e7eea?s=96&d=mm&r=g\",\"caption\":\"Mel Pescuezo\"},\"url\":\"https:\\\/\\\/radiolitoral.com\\\/ca\\\/author\\\/serviciospararadios\\\/\"}]}<\/script>\n<!-- \/ Yoast SEO plugin. -->","yoast_head_json":{"title":"Xal\u00f3 inverteix en instal\u00b7lacions esportives municipals | R\u00e0dio Litoral","description":"Comptar\u00e0 amb una nova pista poliesportiva i una sala multi\u00fas Comptar\u00e0 amb una nova pista poliesportiva i una sala multi\u00fas","robots":{"index":"index","follow":"follow","max-snippet":"max-snippet:-1","max-image-preview":"max-image-preview:large","max-video-preview":"max-video-preview:-1"},"canonical":"https:\/\/radiolitoral.com\/ca\/2023\/04\/xalo-inverteix-en-instal\u00b7lacions-esportives-municipals\/","og_locale":"ca_ES","og_type":"article","og_title":"Xal\u00f3 invierte en instalaciones deportivas municipales | R\u00e0dio Litoral","og_description":"Contar\u00e1 con una nueva pista polideportiva y una sala multiuso Contar\u00e1 con una nueva pista polideportiva y una sala multiuso","og_url":"https:\/\/radiolitoral.com\/ca\/2023\/04\/xalo-inverteix-en-instal\u00b7lacions-esportives-municipals\/","og_site_name":"R\u00e0dio Litoral","article_publisher":"https:\/\/www.facebook.com\/Laradiolitoral\/","article_published_time":"2023-04-04T13:30:49+00:00","article_modified_time":"2023-04-04T13:32:15+00:00","og_image":[{"width":964,"height":675,"url":"https:\/\/media.radiolitoral.com\/wp-content\/uploads\/2023\/04\/04153023\/Nova-pista-esportiva-Xalo-964x675-1.jpg","type":"image\/jpeg"}],"author":"Mel Pescuezo","twitter_card":"summary_large_image","twitter_misc":{"Escrit per":"Mel Pescuezo","Temps estimat de lectura":"2 minuts"},"schema":{"@context":"https:\/\/schema.org","@graph":[{"@type":"NewsArticle","@id":"https:\/\/radiolitoral.com\/2023\/04\/xalo-invierte-en-instalaciones-deportivas-municipales\/#article","isPartOf":{"@id":"https:\/\/radiolitoral.com\/2023\/04\/xalo-invierte-en-instalaciones-deportivas-municipales\/"},"author":{"name":"Mel Pescuezo","@id":"https:\/\/radiolitoral.com\/#\/schema\/person\/aad4f72efa404f85b68e832d24cac059"},"headline":"Xal\u00f3 invierte en instalaciones deportivas municipales","datePublished":"2023-04-04T13:30:49+00:00","dateModified":"2023-04-04T13:32:15+00:00","mainEntityOfPage":{"@id":"https:\/\/radiolitoral.com\/2023\/04\/xalo-invierte-en-instalaciones-deportivas-municipales\/"},"wordCount":269,"commentCount":0,"publisher":{"@id":"https:\/\/radiolitoral.com\/#organization"},"image":{"@id":"https:\/\/radiolitoral.com\/2023\/04\/xalo-invierte-en-instalaciones-deportivas-municipales\/#primaryimage"},"thumbnailUrl":"https:\/\/media.radiolitoral.com\/wp-content\/uploads\/2023\/04\/04153023\/Nova-pista-esportiva-Xalo-964x675-1.jpg","keywords":["instalaciones deportivas","Xal\u00f3"],"articleSection":["Obras"],"inLanguage":"ca","potentialAction":[{"@type":"CommentAction","name":"Comment","target":["https:\/\/radiolitoral.com\/2023\/04\/xalo-invierte-en-instalaciones-deportivas-municipales\/#respond"]}]},{"@type":["WebPage","ItemPage"],"@id":"https:\/\/radiolitoral.com\/2023\/04\/xalo-invierte-en-instalaciones-deportivas-municipales\/","url":"https:\/\/radiolitoral.com\/2023\/04\/xalo-invierte-en-instalaciones-deportivas-municipales\/","name":"Xal\u00f3 inverteix en instal\u00b7lacions esportives municipals | R\u00e0dio Litoral","isPartOf":{"@id":"https:\/\/radiolitoral.com\/#website"},"primaryImageOfPage":{"@id":"https:\/\/radiolitoral.com\/2023\/04\/xalo-invierte-en-instalaciones-deportivas-municipales\/#primaryimage"},"image":{"@id":"https:\/\/radiolitoral.com\/2023\/04\/xalo-invierte-en-instalaciones-deportivas-municipales\/#primaryimage"},"thumbnailUrl":"https:\/\/media.radiolitoral.com\/wp-content\/uploads\/2023\/04\/04153023\/Nova-pista-esportiva-Xalo-964x675-1.jpg","datePublished":"2023-04-04T13:30:49+00:00","dateModified":"2023-04-04T13:32:15+00:00","description":"Comptar\u00e0 amb una nova pista poliesportiva i una sala multi\u00fas Comptar\u00e0 amb una nova pista poliesportiva i una sala multi\u00fas","breadcrumb":{"@id":"https:\/\/radiolitoral.com\/2023\/04\/xalo-invierte-en-instalaciones-deportivas-municipales\/#breadcrumb"},"inLanguage":"ca","potentialAction":[{"@type":"ReadAction","target":["https:\/\/radiolitoral.com\/2023\/04\/xalo-invierte-en-instalaciones-deportivas-municipales\/"]}]},{"@type":"ImageObject","inLanguage":"ca","@id":"https:\/\/radiolitoral.com\/2023\/04\/xalo-invierte-en-instalaciones-deportivas-municipales\/#primaryimage","url":"https:\/\/media.radiolitoral.com\/wp-content\/uploads\/2023\/04\/04153023\/Nova-pista-esportiva-Xalo-964x675-1.jpg","contentUrl":"https:\/\/media.radiolitoral.com\/wp-content\/uploads\/2023\/04\/04153023\/Nova-pista-esportiva-Xalo-964x675-1.jpg","width":964,"height":675},{"@type":"BreadcrumbList","@id":"https:\/\/radiolitoral.com\/2023\/04\/xalo-invierte-en-instalaciones-deportivas-municipales\/#breadcrumb","itemListElement":[{"@type":"ListItem","position":1,"name":"Portada","item":"https:\/\/radiolitoral.com\/"},{"@type":"ListItem","position":2,"name":"Xal\u00f3 invierte en instalaciones deportivas municipales"}]},{"@type":"WebSite","@id":"https:\/\/radiolitoral.com\/#website","url":"https:\/\/radiolitoral.com\/","name":"R\u00e0dio Litoral","description":"La r\u00e0dio local de la Marina Alta","publisher":{"@id":"https:\/\/radiolitoral.com\/#organization"},"alternateName":"Litoral FM","potentialAction":[{"@type":"SearchAction","target":{"@type":"EntryPoint","urlTemplate":"https:\/\/radiolitoral.com\/?s={search_term_string}"},"query-input":{"@type":"PropertyValueSpecification","valueRequired":true,"valueName":"search_term_string"}}],"inLanguage":"ca"},{"@type":"Organization","@id":"https:\/\/radiolitoral.com\/#organization","name":"R\u00e0dio Litoral","url":"https:\/\/radiolitoral.com\/","logo":{"@type":"ImageObject","inLanguage":"ca","@id":"https:\/\/radiolitoral.com\/#\/schema\/logo\/image\/","url":"https:\/\/media.radiolitoral.com\/wp-content\/uploads\/2023\/02\/24143238\/CL-V-RadioLitoral696.png","contentUrl":"https:\/\/media.radiolitoral.com\/wp-content\/uploads\/2023\/02\/24143238\/CL-V-RadioLitoral696.png","width":696,"height":696,"caption":"Radio Litoral"},"image":{"@id":"https:\/\/radiolitoral.com\/#\/schema\/logo\/image\/"},"sameAs":["https:\/\/www.facebook.com\/Laradiolitoral\/"]},{"@type":"Person","@id":"https:\/\/radiolitoral.com\/#\/schema\/person\/aad4f72efa404f85b68e832d24cac059","name":"Mel Pescuezo","image":{"@type":"ImageObject","inLanguage":"ca","@id":"https:\/\/secure.gravatar.com\/avatar\/993975ae489c70cb0dd9bfa9413a082f0bd276582dac13661af7b33f161e7eea?s=96&d=mm&r=g","url":"https:\/\/secure.gravatar.com\/avatar\/993975ae489c70cb0dd9bfa9413a082f0bd276582dac13661af7b33f161e7eea?s=96&d=mm&r=g","contentUrl":"https:\/\/secure.gravatar.com\/avatar\/993975ae489c70cb0dd9bfa9413a082f0bd276582dac13661af7b33f161e7eea?s=96&d=mm&r=g","caption":"Mel Pescuezo"},"url":"https:\/\/radiolitoral.com\/ca\/author\/serviciospararadios\/"}]}},"_links":{"self":[{"href":"https:\/\/radiolitoral.com\/ca\/wp-json\/wp\/v2\/posts\/1971","targetHints":{"allow":["GET"]}}],"collection":[{"href":"https:\/\/radiolitoral.com\/ca\/wp-json\/wp\/v2\/posts"}],"about":[{"href":"https:\/\/radiolitoral.com\/ca\/wp-json\/wp\/v2\/types\/post"}],"author":[{"embeddable":true,"href":"https:\/\/radiolitoral.com\/ca\/wp-json\/wp\/v2\/users\/21"}],"replies":[{"embeddable":true,"href":"https:\/\/radiolitoral.com\/ca\/wp-json\/wp\/v2\/comments?post=1971"}],"version-history":[{"count":1,"href":"https:\/\/radiolitoral.com\/ca\/wp-json\/wp\/v2\/posts\/1971\/revisions"}],"predecessor-version":[{"id":1974,"href":"https:\/\/radiolitoral.com\/ca\/wp-json\/wp\/v2\/posts\/1971\/revisions\/1974"}],"wp:featuredmedia":[{"embeddable":true,"href":"https:\/\/radiolitoral.com\/ca\/wp-json\/wp\/v2\/media\/1973"}],"wp:attachment":[{"href":"https:\/\/radiolitoral.com\/ca\/wp-json\/wp\/v2\/media?parent=1971"}],"wp:term":[{"taxonomy":"category","embeddable":true,"href":"https:\/\/radiolitoral.com\/ca\/wp-json\/wp\/v2\/categories?post=1971"},{"taxonomy":"post_tag","embeddable":true,"href":"https:\/\/radiolitoral.com\/ca\/wp-json\/wp\/v2\/tags?post=1971"}],"curies":[{"name":"wp","href":"https:\/\/api.w.org\/{rel}","templated":true}]}}