{"id":19673,"date":"2026-01-26T12:52:01","date_gmt":"2026-01-26T11:52:01","guid":{"rendered":"https:\/\/radiolitoral.com\/?p=19673"},"modified":"2026-01-26T12:52:01","modified_gmt":"2026-01-26T11:52:01","slug":"la-ut-calp-frenada-pel-novel%c2%b7la-unio","status":"publish","type":"post","link":"https:\/\/radiolitoral.com\/ca\/2026\/01\/la-ud-calpe-frenada-por-el-novelda-union\/","title":{"rendered":"La UD Calp frenada pel Novelda Uni\u00f3"},"content":{"rendered":"<p>La <span class=\"whitespace-normal\"><b>UD Calp<\/b><\/span> va oferir una imatge seriosa i competitiva en la seva visita al <span class=\"whitespace-normal\"><b>Novelda Uni\u00f3<\/b><\/span>, encara que va acabar caient per <strong data-start=\"353\" data-end=\"360\">1-0<\/strong> en una trobada molt equilibrada que es va resoldre per petits detalls.<\/p>\n<p data-start=\"441\" data-end=\"901\">L&#039;\u00fanic gol del partit va arribar a mitjan la primera meitat, en una acci\u00f3 que va trencar la igualtat que fins aquell moment havia presidit el joc. A partir d&#039;aqu\u00ed, el conjunt dirigit per <span class=\"whitespace-normal\"><b>Pedro Perles<\/b><\/span> no va perdre ni l&#039;ordre ni la intensitat, mantenint el pols amb possessions llargues i diversos acostaments a l&#039;\u00e0rea rival. Va faltar, aix\u00f2 s\u00ed, claredat als metres finals per convertir aquesta empenta en el gol de l&#039;empat.<\/p>\n<p data-start=\"903\" data-end=\"1226\">Tot i el resultat advers, la UD Calp va competir a bon nivell durant tot el matx i va mostrar personalitat davant un rival exigent. La derrota posa fi a una ratxa de vict\u00f2ries que havia perm\u00e8s a l&#039;equip assentar-se en una zona c\u00f2moda de la classificaci\u00f3, per\u00f2 no entela la l\u00ednia competitiva mostrada.<\/p>\n<p data-start=\"1228\" data-end=\"1634\" data-is-last-node=\"\" data-is-only-node=\"\">Ara toca reaccionar amb rapidesa, especialment en els propers compromisos com a local, on ser\u00e0 clau no deixar escapar punts. La igualtat en el grup \u00e9s m\u00e0xima i encadenar dues ensopegades podria provocar una caiguda cap a posicions de qu\u00e8 l&#039;equip havia aconseguit escapar amb molt d&#039;esfor\u00e7.<\/p>\n<p><script src=\"chrome-extension:\/\/flbolonkboilcbnohjlchlfgdalomdpl\/iFrame.js\" type=\"text\/javascript\"><\/script><\/p>","protected":false},"excerpt":{"rendered":"<p>La UD Calpe ofreci\u00f3 una imagen seria y competitiva en su visita al Novelda Uni\u00f3n, aunque termin\u00f3 cayendo por 1-0 en un encuentro muy equilibrado que se resolvi\u00f3 por peque\u00f1os detalles. El \u00fanico gol del partido lleg\u00f3 mediada la primera mitad, en una acci\u00f3n que rompi\u00f3 la igualdad que hasta ese momento hab\u00eda presidido el [&#8230;]<\/p>\n<p><a class=\"btn btn-secondary understrap-read-more-link\" href=\"https:\/\/radiolitoral.com\/ca\/2026\/01\/la-ud-calpe-frenada-por-el-novelda-union\/\">Continua llegint&#8230;<span class=\"screen-reader-text\"> from La UD Calpe frenada por el Novelda Uni\u00f3n<\/span><\/a><\/p>\n","protected":false},"author":12,"featured_media":19674,"comment_status":"open","ping_status":"closed","sticky":false,"template":"","format":"standard","meta":{"_acf_changed":false,"inline_featured_image":false,"footnotes":""},"categories":[5],"tags":[6,2145,1871,889],"class_list":["post-19673","post","type-post","status-publish","format-standard","has-post-thumbnail","hentry","category-deportes","tag-deportes","tag-novelda-union","tag-pedro-perles","tag-ud-calpe","cobertura-calp"],"acf":[],"yoast_head":"<!-- This site is optimized with the Yoast SEO plugin v27.5 - https:\/\/yoast.com\/product\/yoast-seo-wordpress\/ -->\n<title>La UD Calpe frenada por el Novelda Uni\u00f3n | R\u00e0dio Litoral<\/title>\n<meta name=\"description\" content=\"No pudo el equipo de Pedro Perles seguir con su buena racha al caer por 1 a 0No pudo el equipo de Pedro Perles seguir con su buena racha al caer por 1 a 0\" \/>\n<meta name=\"robots\" content=\"index, follow, max-snippet:-1, max-image-preview:large, max-video-preview:-1\" \/>\n<link rel=\"canonical\" href=\"https:\/\/radiolitoral.com\/ca\/2026\/01\/la-ut-calp-frenada-pel-novel\u00b7la-unio\/\" \/>\n<meta property=\"og:locale\" content=\"ca_ES\" \/>\n<meta property=\"og:type\" content=\"article\" \/>\n<meta property=\"og:title\" content=\"La UD Calpe frenada por el Novelda Uni\u00f3n | R\u00e0dio Litoral\" \/>\n<meta property=\"og:description\" content=\"No pudo el equipo de Pedro Perles seguir con su buena racha al caer por 1 a 0No pudo el equipo de Pedro Perles seguir con su buena racha al caer por 1 a 0\" \/>\n<meta property=\"og:url\" content=\"https:\/\/radiolitoral.com\/ca\/2026\/01\/la-ut-calp-frenada-pel-novel\u00b7la-unio\/\" \/>\n<meta property=\"og:site_name\" content=\"R\u00e0dio Litoral\" \/>\n<meta property=\"article:publisher\" content=\"https:\/\/www.facebook.com\/Laradiolitoral\/\" \/>\n<meta property=\"article:published_time\" content=\"2026-01-26T11:52:01+00:00\" \/>\n<meta property=\"og:image\" content=\"https:\/\/media.radiolitoral.com\/wp-content\/uploads\/2026\/01\/26125150\/619513653_17907645579321519_7192014390306706674_n.jpg\" \/>\n\t<meta property=\"og:image:width\" content=\"1440\" \/>\n\t<meta property=\"og:image:height\" content=\"1080\" \/>\n\t<meta property=\"og:image:type\" content=\"image\/jpeg\" \/>\n<meta name=\"author\" content=\"Javier Zamora\" \/>\n<meta name=\"twitter:card\" content=\"summary_large_image\" \/>\n<meta name=\"twitter:label1\" content=\"Escrit per\" \/>\n\t<meta name=\"twitter:data1\" content=\"Javier Zamora\" \/>\n\t<meta name=\"twitter:label2\" content=\"Temps estimat de lectura\" \/>\n\t<meta name=\"twitter:data2\" content=\"2 minuts\" \/>\n<script type=\"application\/ld+json\" class=\"yoast-schema-graph\">{\"@context\":\"https:\\\/\\\/schema.org\",\"@graph\":[{\"@type\":\"NewsArticle\",\"@id\":\"https:\\\/\\\/radiolitoral.com\\\/2026\\\/01\\\/la-ud-calpe-frenada-por-el-novelda-union\\\/#article\",\"isPartOf\":{\"@id\":\"https:\\\/\\\/radiolitoral.com\\\/2026\\\/01\\\/la-ud-calpe-frenada-por-el-novelda-union\\\/\"},\"author\":{\"name\":\"Javier Zamora\",\"@id\":\"https:\\\/\\\/radiolitoral.com\\\/#\\\/schema\\\/person\\\/7b1480b5caeb5acdd4ec6379caf62b22\"},\"headline\":\"La UD Calpe frenada por el Novelda Uni\u00f3n\",\"datePublished\":\"2026-01-26T11:52:01+00:00\",\"mainEntityOfPage\":{\"@id\":\"https:\\\/\\\/radiolitoral.com\\\/2026\\\/01\\\/la-ud-calpe-frenada-por-el-novelda-union\\\/\"},\"wordCount\":224,\"commentCount\":0,\"publisher\":{\"@id\":\"https:\\\/\\\/radiolitoral.com\\\/#organization\"},\"image\":{\"@id\":\"https:\\\/\\\/radiolitoral.com\\\/2026\\\/01\\\/la-ud-calpe-frenada-por-el-novelda-union\\\/#primaryimage\"},\"thumbnailUrl\":\"https:\\\/\\\/media.radiolitoral.com\\\/wp-content\\\/uploads\\\/2026\\\/01\\\/26125150\\\/619513653_17907645579321519_7192014390306706674_n.jpg\",\"keywords\":[\"deportes\",\"Novelda-Uni\u00f3n\",\"Pedro Perles\",\"UD Calpe\"],\"articleSection\":[\"Deportes\"],\"inLanguage\":\"ca\",\"potentialAction\":[{\"@type\":\"CommentAction\",\"name\":\"Comment\",\"target\":[\"https:\\\/\\\/radiolitoral.com\\\/2026\\\/01\\\/la-ud-calpe-frenada-por-el-novelda-union\\\/#respond\"]}]},{\"@type\":[\"WebPage\",\"ItemPage\"],\"@id\":\"https:\\\/\\\/radiolitoral.com\\\/2026\\\/01\\\/la-ud-calpe-frenada-por-el-novelda-union\\\/\",\"url\":\"https:\\\/\\\/radiolitoral.com\\\/2026\\\/01\\\/la-ud-calpe-frenada-por-el-novelda-union\\\/\",\"name\":\"La UD Calpe frenada por el Novelda Uni\u00f3n | R\u00e0dio Litoral\",\"isPartOf\":{\"@id\":\"https:\\\/\\\/radiolitoral.com\\\/#website\"},\"primaryImageOfPage\":{\"@id\":\"https:\\\/\\\/radiolitoral.com\\\/2026\\\/01\\\/la-ud-calpe-frenada-por-el-novelda-union\\\/#primaryimage\"},\"image\":{\"@id\":\"https:\\\/\\\/radiolitoral.com\\\/2026\\\/01\\\/la-ud-calpe-frenada-por-el-novelda-union\\\/#primaryimage\"},\"thumbnailUrl\":\"https:\\\/\\\/media.radiolitoral.com\\\/wp-content\\\/uploads\\\/2026\\\/01\\\/26125150\\\/619513653_17907645579321519_7192014390306706674_n.jpg\",\"datePublished\":\"2026-01-26T11:52:01+00:00\",\"description\":\"No pudo el equipo de Pedro Perles seguir con su buena racha al caer por 1 a 0No pudo el equipo de Pedro Perles seguir con su buena racha al caer por 1 a 0\",\"breadcrumb\":{\"@id\":\"https:\\\/\\\/radiolitoral.com\\\/2026\\\/01\\\/la-ud-calpe-frenada-por-el-novelda-union\\\/#breadcrumb\"},\"inLanguage\":\"ca\",\"potentialAction\":[{\"@type\":\"ReadAction\",\"target\":[\"https:\\\/\\\/radiolitoral.com\\\/2026\\\/01\\\/la-ud-calpe-frenada-por-el-novelda-union\\\/\"]}]},{\"@type\":\"ImageObject\",\"inLanguage\":\"ca\",\"@id\":\"https:\\\/\\\/radiolitoral.com\\\/2026\\\/01\\\/la-ud-calpe-frenada-por-el-novelda-union\\\/#primaryimage\",\"url\":\"https:\\\/\\\/media.radiolitoral.com\\\/wp-content\\\/uploads\\\/2026\\\/01\\\/26125150\\\/619513653_17907645579321519_7192014390306706674_n.jpg\",\"contentUrl\":\"https:\\\/\\\/media.radiolitoral.com\\\/wp-content\\\/uploads\\\/2026\\\/01\\\/26125150\\\/619513653_17907645579321519_7192014390306706674_n.jpg\",\"width\":1440,\"height\":1080},{\"@type\":\"BreadcrumbList\",\"@id\":\"https:\\\/\\\/radiolitoral.com\\\/2026\\\/01\\\/la-ud-calpe-frenada-por-el-novelda-union\\\/#breadcrumb\",\"itemListElement\":[{\"@type\":\"ListItem\",\"position\":1,\"name\":\"Portada\",\"item\":\"https:\\\/\\\/radiolitoral.com\\\/\"},{\"@type\":\"ListItem\",\"position\":2,\"name\":\"La UD Calpe frenada por el Novelda Uni\u00f3n\"}]},{\"@type\":\"WebSite\",\"@id\":\"https:\\\/\\\/radiolitoral.com\\\/#website\",\"url\":\"https:\\\/\\\/radiolitoral.com\\\/\",\"name\":\"Radio Litoral\",\"description\":\"La radio local de la Marina Alta\",\"publisher\":{\"@id\":\"https:\\\/\\\/radiolitoral.com\\\/#organization\"},\"alternateName\":\"Litoral FM\",\"potentialAction\":[{\"@type\":\"SearchAction\",\"target\":{\"@type\":\"EntryPoint\",\"urlTemplate\":\"https:\\\/\\\/radiolitoral.com\\\/?s={search_term_string}\"},\"query-input\":{\"@type\":\"PropertyValueSpecification\",\"valueRequired\":true,\"valueName\":\"search_term_string\"}}],\"inLanguage\":\"ca\"},{\"@type\":\"Organization\",\"@id\":\"https:\\\/\\\/radiolitoral.com\\\/#organization\",\"name\":\"Radio Litoral\",\"url\":\"https:\\\/\\\/radiolitoral.com\\\/\",\"logo\":{\"@type\":\"ImageObject\",\"inLanguage\":\"ca\",\"@id\":\"https:\\\/\\\/radiolitoral.com\\\/#\\\/schema\\\/logo\\\/image\\\/\",\"url\":\"https:\\\/\\\/media.radiolitoral.com\\\/wp-content\\\/uploads\\\/2023\\\/02\\\/24143238\\\/CL-V-RadioLitoral696.png\",\"contentUrl\":\"https:\\\/\\\/media.radiolitoral.com\\\/wp-content\\\/uploads\\\/2023\\\/02\\\/24143238\\\/CL-V-RadioLitoral696.png\",\"width\":696,\"height\":696,\"caption\":\"Radio Litoral\"},\"image\":{\"@id\":\"https:\\\/\\\/radiolitoral.com\\\/#\\\/schema\\\/logo\\\/image\\\/\"},\"sameAs\":[\"https:\\\/\\\/www.facebook.com\\\/Laradiolitoral\\\/\"]},{\"@type\":\"Person\",\"@id\":\"https:\\\/\\\/radiolitoral.com\\\/#\\\/schema\\\/person\\\/7b1480b5caeb5acdd4ec6379caf62b22\",\"name\":\"Javier Zamora\",\"image\":{\"@type\":\"ImageObject\",\"inLanguage\":\"ca\",\"@id\":\"https:\\\/\\\/secure.gravatar.com\\\/avatar\\\/467a11f6918c7d619c4043fc6fa2d3853053107973f05b6e9c04ea6c4e3a7b3f?s=96&d=mm&r=g\",\"url\":\"https:\\\/\\\/secure.gravatar.com\\\/avatar\\\/467a11f6918c7d619c4043fc6fa2d3853053107973f05b6e9c04ea6c4e3a7b3f?s=96&d=mm&r=g\",\"contentUrl\":\"https:\\\/\\\/secure.gravatar.com\\\/avatar\\\/467a11f6918c7d619c4043fc6fa2d3853053107973f05b6e9c04ea6c4e3a7b3f?s=96&d=mm&r=g\",\"caption\":\"Javier Zamora\"},\"url\":\"https:\\\/\\\/radiolitoral.com\\\/ca\\\/author\\\/javier-zamora\\\/\"}]}<\/script>\n<!-- \/ Yoast SEO plugin. -->","yoast_head_json":{"title":"La UD Calp frenada pel Novelda Uni\u00f3 | R\u00e0dio Litoral","description":"L&#039;equip de Pedro Perles no va poder seguir amb la seva bona ratxa en caure per 1 a 0L&#039;equip de Pedro Perles no va poder seguir amb la seva bona ratxa en caure per 1 a 0","robots":{"index":"index","follow":"follow","max-snippet":"max-snippet:-1","max-image-preview":"max-image-preview:large","max-video-preview":"max-video-preview:-1"},"canonical":"https:\/\/radiolitoral.com\/ca\/2026\/01\/la-ut-calp-frenada-pel-novel\u00b7la-unio\/","og_locale":"ca_ES","og_type":"article","og_title":"La UD Calpe frenada por el Novelda Uni\u00f3n | R\u00e0dio Litoral","og_description":"No pudo el equipo de Pedro Perles seguir con su buena racha al caer por 1 a 0No pudo el equipo de Pedro Perles seguir con su buena racha al caer por 1 a 0","og_url":"https:\/\/radiolitoral.com\/ca\/2026\/01\/la-ut-calp-frenada-pel-novel\u00b7la-unio\/","og_site_name":"R\u00e0dio Litoral","article_publisher":"https:\/\/www.facebook.com\/Laradiolitoral\/","article_published_time":"2026-01-26T11:52:01+00:00","og_image":[{"width":1440,"height":1080,"url":"https:\/\/media.radiolitoral.com\/wp-content\/uploads\/2026\/01\/26125150\/619513653_17907645579321519_7192014390306706674_n.jpg","type":"image\/jpeg"}],"author":"Javier Zamora","twitter_card":"summary_large_image","twitter_misc":{"Escrit per":"Javier Zamora","Temps estimat de lectura":"2 minuts"},"schema":{"@context":"https:\/\/schema.org","@graph":[{"@type":"NewsArticle","@id":"https:\/\/radiolitoral.com\/2026\/01\/la-ud-calpe-frenada-por-el-novelda-union\/#article","isPartOf":{"@id":"https:\/\/radiolitoral.com\/2026\/01\/la-ud-calpe-frenada-por-el-novelda-union\/"},"author":{"name":"Javier Zamora","@id":"https:\/\/radiolitoral.com\/#\/schema\/person\/7b1480b5caeb5acdd4ec6379caf62b22"},"headline":"La UD Calpe frenada por el Novelda Uni\u00f3n","datePublished":"2026-01-26T11:52:01+00:00","mainEntityOfPage":{"@id":"https:\/\/radiolitoral.com\/2026\/01\/la-ud-calpe-frenada-por-el-novelda-union\/"},"wordCount":224,"commentCount":0,"publisher":{"@id":"https:\/\/radiolitoral.com\/#organization"},"image":{"@id":"https:\/\/radiolitoral.com\/2026\/01\/la-ud-calpe-frenada-por-el-novelda-union\/#primaryimage"},"thumbnailUrl":"https:\/\/media.radiolitoral.com\/wp-content\/uploads\/2026\/01\/26125150\/619513653_17907645579321519_7192014390306706674_n.jpg","keywords":["deportes","Novelda-Uni\u00f3n","Pedro Perles","UD Calpe"],"articleSection":["Deportes"],"inLanguage":"ca","potentialAction":[{"@type":"CommentAction","name":"Comment","target":["https:\/\/radiolitoral.com\/2026\/01\/la-ud-calpe-frenada-por-el-novelda-union\/#respond"]}]},{"@type":["WebPage","ItemPage"],"@id":"https:\/\/radiolitoral.com\/2026\/01\/la-ud-calpe-frenada-por-el-novelda-union\/","url":"https:\/\/radiolitoral.com\/2026\/01\/la-ud-calpe-frenada-por-el-novelda-union\/","name":"La UD Calp frenada pel Novelda Uni\u00f3 | R\u00e0dio Litoral","isPartOf":{"@id":"https:\/\/radiolitoral.com\/#website"},"primaryImageOfPage":{"@id":"https:\/\/radiolitoral.com\/2026\/01\/la-ud-calpe-frenada-por-el-novelda-union\/#primaryimage"},"image":{"@id":"https:\/\/radiolitoral.com\/2026\/01\/la-ud-calpe-frenada-por-el-novelda-union\/#primaryimage"},"thumbnailUrl":"https:\/\/media.radiolitoral.com\/wp-content\/uploads\/2026\/01\/26125150\/619513653_17907645579321519_7192014390306706674_n.jpg","datePublished":"2026-01-26T11:52:01+00:00","description":"L&#039;equip de Pedro Perles no va poder seguir amb la seva bona ratxa en caure per 1 a 0L&#039;equip de Pedro Perles no va poder seguir amb la seva bona ratxa en caure per 1 a 0","breadcrumb":{"@id":"https:\/\/radiolitoral.com\/2026\/01\/la-ud-calpe-frenada-por-el-novelda-union\/#breadcrumb"},"inLanguage":"ca","potentialAction":[{"@type":"ReadAction","target":["https:\/\/radiolitoral.com\/2026\/01\/la-ud-calpe-frenada-por-el-novelda-union\/"]}]},{"@type":"ImageObject","inLanguage":"ca","@id":"https:\/\/radiolitoral.com\/2026\/01\/la-ud-calpe-frenada-por-el-novelda-union\/#primaryimage","url":"https:\/\/media.radiolitoral.com\/wp-content\/uploads\/2026\/01\/26125150\/619513653_17907645579321519_7192014390306706674_n.jpg","contentUrl":"https:\/\/media.radiolitoral.com\/wp-content\/uploads\/2026\/01\/26125150\/619513653_17907645579321519_7192014390306706674_n.jpg","width":1440,"height":1080},{"@type":"BreadcrumbList","@id":"https:\/\/radiolitoral.com\/2026\/01\/la-ud-calpe-frenada-por-el-novelda-union\/#breadcrumb","itemListElement":[{"@type":"ListItem","position":1,"name":"Portada","item":"https:\/\/radiolitoral.com\/"},{"@type":"ListItem","position":2,"name":"La UD Calpe frenada por el Novelda Uni\u00f3n"}]},{"@type":"WebSite","@id":"https:\/\/radiolitoral.com\/#website","url":"https:\/\/radiolitoral.com\/","name":"R\u00e0dio Litoral","description":"La r\u00e0dio local de la Marina Alta","publisher":{"@id":"https:\/\/radiolitoral.com\/#organization"},"alternateName":"Litoral FM","potentialAction":[{"@type":"SearchAction","target":{"@type":"EntryPoint","urlTemplate":"https:\/\/radiolitoral.com\/?s={search_term_string}"},"query-input":{"@type":"PropertyValueSpecification","valueRequired":true,"valueName":"search_term_string"}}],"inLanguage":"ca"},{"@type":"Organization","@id":"https:\/\/radiolitoral.com\/#organization","name":"R\u00e0dio Litoral","url":"https:\/\/radiolitoral.com\/","logo":{"@type":"ImageObject","inLanguage":"ca","@id":"https:\/\/radiolitoral.com\/#\/schema\/logo\/image\/","url":"https:\/\/media.radiolitoral.com\/wp-content\/uploads\/2023\/02\/24143238\/CL-V-RadioLitoral696.png","contentUrl":"https:\/\/media.radiolitoral.com\/wp-content\/uploads\/2023\/02\/24143238\/CL-V-RadioLitoral696.png","width":696,"height":696,"caption":"Radio Litoral"},"image":{"@id":"https:\/\/radiolitoral.com\/#\/schema\/logo\/image\/"},"sameAs":["https:\/\/www.facebook.com\/Laradiolitoral\/"]},{"@type":"Person","@id":"https:\/\/radiolitoral.com\/#\/schema\/person\/7b1480b5caeb5acdd4ec6379caf62b22","name":"Javier Zamora","image":{"@type":"ImageObject","inLanguage":"ca","@id":"https:\/\/secure.gravatar.com\/avatar\/467a11f6918c7d619c4043fc6fa2d3853053107973f05b6e9c04ea6c4e3a7b3f?s=96&d=mm&r=g","url":"https:\/\/secure.gravatar.com\/avatar\/467a11f6918c7d619c4043fc6fa2d3853053107973f05b6e9c04ea6c4e3a7b3f?s=96&d=mm&r=g","contentUrl":"https:\/\/secure.gravatar.com\/avatar\/467a11f6918c7d619c4043fc6fa2d3853053107973f05b6e9c04ea6c4e3a7b3f?s=96&d=mm&r=g","caption":"Javier Zamora"},"url":"https:\/\/radiolitoral.com\/ca\/author\/javier-zamora\/"}]}},"_links":{"self":[{"href":"https:\/\/radiolitoral.com\/ca\/wp-json\/wp\/v2\/posts\/19673","targetHints":{"allow":["GET"]}}],"collection":[{"href":"https:\/\/radiolitoral.com\/ca\/wp-json\/wp\/v2\/posts"}],"about":[{"href":"https:\/\/radiolitoral.com\/ca\/wp-json\/wp\/v2\/types\/post"}],"author":[{"embeddable":true,"href":"https:\/\/radiolitoral.com\/ca\/wp-json\/wp\/v2\/users\/12"}],"replies":[{"embeddable":true,"href":"https:\/\/radiolitoral.com\/ca\/wp-json\/wp\/v2\/comments?post=19673"}],"version-history":[{"count":1,"href":"https:\/\/radiolitoral.com\/ca\/wp-json\/wp\/v2\/posts\/19673\/revisions"}],"predecessor-version":[{"id":19675,"href":"https:\/\/radiolitoral.com\/ca\/wp-json\/wp\/v2\/posts\/19673\/revisions\/19675"}],"wp:featuredmedia":[{"embeddable":true,"href":"https:\/\/radiolitoral.com\/ca\/wp-json\/wp\/v2\/media\/19674"}],"wp:attachment":[{"href":"https:\/\/radiolitoral.com\/ca\/wp-json\/wp\/v2\/media?parent=19673"}],"wp:term":[{"taxonomy":"category","embeddable":true,"href":"https:\/\/radiolitoral.com\/ca\/wp-json\/wp\/v2\/categories?post=19673"},{"taxonomy":"post_tag","embeddable":true,"href":"https:\/\/radiolitoral.com\/ca\/wp-json\/wp\/v2\/tags?post=19673"}],"curies":[{"name":"wp","href":"https:\/\/api.w.org\/{rel}","templated":true}]}}